{"id":332118,"date":"2025-01-10T15:37:41","date_gmt":"2025-01-10T14:37:41","guid":{"rendered":"https:\/\/villarrealcf.es\/denis-suarez-ojala-repitamos-victoria-en-anoeta\/"},"modified":"2025-01-10T16:32:44","modified_gmt":"2025-01-10T15:32:44","slug":"denis-suarez-ojala-repitamos-victoria-en-anoeta","status":"publish","type":"post","link":"https:\/\/villarrealcf.es\/val\/denis-suarez-ojala-repitamos-victoria-en-anoeta\/","title":{"rendered":"Denis Su\u00e1rez: \u201cTant de bo repetim vict\u00f2ria a san Sebasti\u00e1n\u201d"},"content":{"protected":false,"blocks":[{"type":"heading","level":2,"text":"El migcampista del Villarreal adverteix de la dificultat del partit davant la Real Sociedad i rememora els millors moments del Submar\u00ed a San Sebasti\u00e1n"},{"type":"paragraph","text":"Denis Su\u00e1rez t\u00e9 grans records vestit de groc a San Sebasti\u00e1n. Un d\u2019ells, un doblet golejador en la jornada 16 de la temporada 2015-2016 (20 de desembre del 2015). Aix\u00f2 s\u00ed, el migcampista adverteix que el xoc d\u2019aquest dilluns davant la Real Sociedad ser\u00e0 molt complicat (21.00 hores)."},{"type":"paragraph","text":"An\u00e0lisi del rival"},{"type":"paragraph","text":"\u201cLa Real \u00e9s un rival molt complicat. No li fiquen molts gols, encara que tampoc marca molts. Els seus partits s\u00f3n de resultats curts. \u00c9s un equip que talla molt el joc i que estreny molt. L\u2019any passat ens va anar molt b\u00e9 all\u00ed. Ara arriben en un molt bon moment despr\u00e9s de guanyar en Copa. \u00c9s un partit clau per a nosaltres perqu\u00e8 si els guanyem els traur\u00edem huit punts, que ja \u00e9s una dist\u00e0ncia considerable. Tenim moltes ganes que arribe el partit del dilluns perqu\u00e8 ja volem competir. \u00c9s una pena que no tingu\u00e9rem partit de Copa, per\u00f2 estem centrats en fer un gran paper en LaLiga i barallar pel quart lloc\u201d."},{"type":"paragraph","text":"Record del doblet"},{"type":"paragraph","text":"\u201cAquell partit \u00e9s un dels m\u00e9s especials de la meua primera etapa al Villarreal CF. Tant de bo es donara el mateix resultat i amb doblet meu, per\u00f2 em val un 0-1 amb gol de qui siga. El m\u00e9s important \u00e9s que tornem a guanyar i que enllacem dues vict\u00f2ries consecutives. Intentarem no encaixar gols\u201d."},{"type":"paragraph","text":"Sensacions i desig per a 2025"},{"type":"paragraph","text":"\u201cEm vaig trobant cada vegada millor. La idea era eixa, enlla\u00e7ar dos o tres mesos sense problemes i tindre continu\u00eftat. L\u2019aturada de Nadal va vindre b\u00e9 per a descansar i tornar a connectar. El del dilluns \u00e9s un molt bon partit per a jugar. Esperem que el 2025 siga un gran any. Li demane al 2025 que no hi haja m\u00e9s lesions greus dins de l\u2019equip. Si tenim a tota la plantilla disponible ser\u00edem un equip que barallaria per estar molt a dalt\u201d."},{"type":"video","kind":"iframe","url":"https:\/\/www.youtube.com\/embed\/7i9Tn5DEWhw?feature=oembed","poster":""}],"structured":{"summary":{"text":"El migcampista del Villarreal adverteix de la dificultat del partit davant la Real Sociedad i rememora els millors moments del Submar\u00ed a San Sebasti\u00e1n Denis Su\u00e1rez t\u00e9 grans records vestit de groc a San Sebasti\u00e1n. Un d\u2019ells, un doblet golejador en la jornada 16 de la temporada 2015-2016 (20 de desembre del 2015). Aix\u00f2 s\u00ed, el migcampista adverteix que el xoc d\u2019aquest dilluns davant la Real Sociedad ser\u00e0 molt complicat (21.00 hores). An\u00e0lisi del rival \u201cLa Real \u00e9s un rival molt complicat. No li fiquen molts gols, encara que tampoc marca molts. Els seus partits s\u00f3n de resultats curts. \u00c9s un equip que talla molt el joc i que estreny molt. L\u2019any passat ens va anar molt b\u00e9 all\u00ed. Ara arriben en un molt bon moment despr\u00e9s de guanyar en Copa. \u00c9s un partit clau per a nosaltres perqu\u00e8 si els guanyem els traur\u00edem huit punts, que ja \u00e9s una dist\u00e0ncia considerable. Tenim moltes ganes que arribe el partit del dilluns perqu\u00e8 ja volem competir. \u00c9s una pena que no tingu\u00e9rem partit de Copa, per\u00f2 estem centrats en fer un gran paper en LaLiga i barallar pel quart lloc\u201d. Record del doblet \u201cAquell partit \u00e9s un dels m\u00e9s especials de la meua primera etapa al Villarreal CF. Tant de bo es donara el mateix resultat i amb doblet meu, per\u00f2 em val un 0-1 amb gol de qui siga. El m\u00e9s important \u00e9s que tornem a guanyar i que enllacem dues vict\u00f2ries consecutives. Intentarem no encaixar gols\u201d. Sensacions i desig per a 2025 \u201cEm vaig trobant cada vegada millor. La idea era eixa, enlla\u00e7ar dos o tres mesos sense problemes i tindre continu\u00eftat. L\u2019aturada de Nadal va vindre b\u00e9 per a descansar i tornar a connectar. El del dilluns \u00e9s un molt bon partit per a jugar. Esperem que el 2025 siga un gran any. Li demane al 2025 que no hi haja m\u00e9s lesions greus dins de l\u2019equip. Si tenim a tota la plantilla disponible ser\u00edem un equip que barallaria per estar molt a dalt\u201d.","headings":[{"type":"heading","level":2,"text":"El migcampista del Villarreal adverteix de la dificultat del partit davant la Real Sociedad i rememora els millors moments del Submar\u00ed a San Sebasti\u00e1n"}],"buttons":[],"images":[],"counts":{"blocks":9,"headings":1,"texts":7,"buttons":0,"images":0}},"sections":[{"id":"section-1","title":"El migcampista del Villarreal adverteix de la dificultat del partit davant la Real Sociedad i rememora els millors moments del Submar\u00ed a San Sebasti\u00e1n","text":"El migcampista del Villarreal adverteix de la dificultat del partit davant la Real Sociedad i rememora els millors moments del Submar\u00ed a San Sebasti\u00e1n Denis Su\u00e1rez t\u00e9 grans records vestit de groc a San Sebasti\u00e1n. Un d\u2019ells, un doblet golejador en la jornada 16 de la temporada 2015-2016 (20 de desembre del 2015). Aix\u00f2 s\u00ed, el migcampista adverteix que el xoc d\u2019aquest dilluns davant la Real Sociedad ser\u00e0 molt complicat (21.00 hores). An\u00e0lisi del rival \u201cLa Real \u00e9s un rival molt complicat. No li fiquen molts gols, encara que tampoc marca molts. Els seus partits s\u00f3n de resultats curts. \u00c9s un equip que talla molt el joc i que estreny molt. L\u2019any passat ens va anar molt b\u00e9 all\u00ed. Ara arriben en un molt bon moment despr\u00e9s de guanyar en Copa. \u00c9s un partit clau per a nosaltres perqu\u00e8 si els guanyem els traur\u00edem huit punts, que ja \u00e9s una dist\u00e0ncia considerable. Tenim moltes ganes que arribe el partit del dilluns perqu\u00e8 ja volem competir. \u00c9s una pena que no tingu\u00e9rem partit de Copa, per\u00f2 estem centrats en fer un gran paper en LaLiga i barallar pel quart lloc\u201d. Record del doblet \u201cAquell partit \u00e9s un dels m\u00e9s especials de la meua primera etapa al Villarreal CF. Tant de bo es donara el mateix resultat i amb doblet meu, per\u00f2 em val un 0-1 amb gol de qui siga. El m\u00e9s important \u00e9s que tornem a guanyar i que enllacem dues vict\u00f2ries consecutives. Intentarem no encaixar gols\u201d. Sensacions i desig per a 2025 \u201cEm vaig trobant cada vegada millor. La idea era eixa, enlla\u00e7ar dos o tres mesos sense problemes i tindre continu\u00eftat. L\u2019aturada de Nadal va vindre b\u00e9 per a descansar i tornar a connectar. El del dilluns \u00e9s un molt bon partit per a jugar. Esperem que el 2025 siga un gran any. Li demane al 2025 que no hi haja m\u00e9s lesions greus dins de l\u2019equip. Si tenim a tota la plantilla disponible ser\u00edem un equip que barallaria per estar molt a dalt\u201d.","headings":[{"type":"heading","level":2,"text":"El migcampista del Villarreal adverteix de la dificultat del partit davant la Real Sociedad i rememora els millors moments del Submar\u00ed a San Sebasti\u00e1n"}],"texts":[{"type":"paragraph","text":"Denis Su\u00e1rez t\u00e9 grans records vestit de groc a San Sebasti\u00e1n. Un d\u2019ells, un doblet golejador en la jornada 16 de la temporada 2015-2016 (20 de desembre del 2015). Aix\u00f2 s\u00ed, el migcampista adverteix que el xoc d\u2019aquest dilluns davant la Real Sociedad ser\u00e0 molt complicat (21.00 hores)."},{"type":"paragraph","text":"An\u00e0lisi del rival"},{"type":"paragraph","text":"\u201cLa Real \u00e9s un rival molt complicat. No li fiquen molts gols, encara que tampoc marca molts. Els seus partits s\u00f3n de resultats curts. \u00c9s un equip que talla molt el joc i que estreny molt. L\u2019any passat ens va anar molt b\u00e9 all\u00ed. Ara arriben en un molt bon moment despr\u00e9s de guanyar en Copa. \u00c9s un partit clau per a nosaltres perqu\u00e8 si els guanyem els traur\u00edem huit punts, que ja \u00e9s una dist\u00e0ncia considerable. Tenim moltes ganes que arribe el partit del dilluns perqu\u00e8 ja volem competir. \u00c9s una pena que no tingu\u00e9rem partit de Copa, per\u00f2 estem centrats en fer un gran paper en LaLiga i barallar pel quart lloc\u201d."},{"type":"paragraph","text":"Record del doblet"},{"type":"paragraph","text":"\u201cAquell partit \u00e9s un dels m\u00e9s especials de la meua primera etapa al Villarreal CF. Tant de bo es donara el mateix resultat i amb doblet meu, per\u00f2 em val un 0-1 amb gol de qui siga. El m\u00e9s important \u00e9s que tornem a guanyar i que enllacem dues vict\u00f2ries consecutives. Intentarem no encaixar gols\u201d."},{"type":"paragraph","text":"Sensacions i desig per a 2025"},{"type":"paragraph","text":"\u201cEm vaig trobant cada vegada millor. La idea era eixa, enlla\u00e7ar dos o tres mesos sense problemes i tindre continu\u00eftat. L\u2019aturada de Nadal va vindre b\u00e9 per a descansar i tornar a connectar. El del dilluns \u00e9s un molt bon partit per a jugar. Esperem que el 2025 siga un gran any. Li demane al 2025 que no hi haja m\u00e9s lesions greus dins de l\u2019equip. Si tenim a tota la plantilla disponible ser\u00edem un equip que barallaria per estar molt a dalt\u201d."}],"buttons":[],"images":[],"widgets":[],"blocks":[{"type":"heading","level":2,"text":"El migcampista del Villarreal adverteix de la dificultat del partit davant la Real Sociedad i rememora els millors moments del Submar\u00ed a San Sebasti\u00e1n"},{"type":"paragraph","text":"Denis Su\u00e1rez t\u00e9 grans records vestit de groc a San Sebasti\u00e1n. Un d\u2019ells, un doblet golejador en la jornada 16 de la temporada 2015-2016 (20 de desembre del 2015). Aix\u00f2 s\u00ed, el migcampista adverteix que el xoc d\u2019aquest dilluns davant la Real Sociedad ser\u00e0 molt complicat (21.00 hores)."},{"type":"paragraph","text":"An\u00e0lisi del rival"},{"type":"paragraph","text":"\u201cLa Real \u00e9s un rival molt complicat. No li fiquen molts gols, encara que tampoc marca molts. Els seus partits s\u00f3n de resultats curts. \u00c9s un equip que talla molt el joc i que estreny molt. L\u2019any passat ens va anar molt b\u00e9 all\u00ed. Ara arriben en un molt bon moment despr\u00e9s de guanyar en Copa. \u00c9s un partit clau per a nosaltres perqu\u00e8 si els guanyem els traur\u00edem huit punts, que ja \u00e9s una dist\u00e0ncia considerable. Tenim moltes ganes que arribe el partit del dilluns perqu\u00e8 ja volem competir. \u00c9s una pena que no tingu\u00e9rem partit de Copa, per\u00f2 estem centrats en fer un gran paper en LaLiga i barallar pel quart lloc\u201d."},{"type":"paragraph","text":"Record del doblet"},{"type":"paragraph","text":"\u201cAquell partit \u00e9s un dels m\u00e9s especials de la meua primera etapa al Villarreal CF. Tant de bo es donara el mateix resultat i amb doblet meu, per\u00f2 em val un 0-1 amb gol de qui siga. El m\u00e9s important \u00e9s que tornem a guanyar i que enllacem dues vict\u00f2ries consecutives. Intentarem no encaixar gols\u201d."},{"type":"paragraph","text":"Sensacions i desig per a 2025"},{"type":"paragraph","text":"\u201cEm vaig trobant cada vegada millor. La idea era eixa, enlla\u00e7ar dos o tres mesos sense problemes i tindre continu\u00eftat. L\u2019aturada de Nadal va vindre b\u00e9 per a descansar i tornar a connectar. El del dilluns \u00e9s un molt bon partit per a jugar. Esperem que el 2025 siga un gran any. Li demane al 2025 que no hi haja m\u00e9s lesions greus dins de l\u2019equip. Si tenim a tota la plantilla disponible ser\u00edem un equip que barallaria per estar molt a dalt\u201d."},{"type":"video","kind":"iframe","url":"https:\/\/www.youtube.com\/embed\/7i9Tn5DEWhw?feature=oembed","poster":""}]}],"hero":{"id":"section-1","title":"El migcampista del Villarreal adverteix de la dificultat del partit davant la Real Sociedad i rememora els millors moments del Submar\u00ed a San Sebasti\u00e1n","text":"El migcampista del Villarreal adverteix de la dificultat del partit davant la Real Sociedad i rememora els millors moments del Submar\u00ed a San Sebasti\u00e1n Denis Su\u00e1rez t\u00e9 grans records vestit de groc a San Sebasti\u00e1n. Un d\u2019ells, un doblet golejador en la jornada 16 de la temporada 2015-2016 (20 de desembre del 2015). Aix\u00f2 s\u00ed, el migcampista adverteix que el xoc d\u2019aquest dilluns davant la Real Sociedad ser\u00e0 molt complicat (21.00 hores). An\u00e0lisi del rival \u201cLa Real \u00e9s un rival molt complicat. No li fiquen molts gols, encara que tampoc marca molts. Els seus partits s\u00f3n de resultats curts. \u00c9s un equip que talla molt el joc i que estreny molt. L\u2019any passat ens va anar molt b\u00e9 all\u00ed. Ara arriben en un molt bon moment despr\u00e9s de guanyar en Copa. \u00c9s un partit clau per a nosaltres perqu\u00e8 si els guanyem els traur\u00edem huit punts, que ja \u00e9s una dist\u00e0ncia considerable. Tenim moltes ganes que arribe el partit del dilluns perqu\u00e8 ja volem competir. \u00c9s una pena que no tingu\u00e9rem partit de Copa, per\u00f2 estem centrats en fer un gran paper en LaLiga i barallar pel quart lloc\u201d. Record del doblet \u201cAquell partit \u00e9s un dels m\u00e9s especials de la meua primera etapa al Villarreal CF. Tant de bo es donara el mateix resultat i amb doblet meu, per\u00f2 em val un 0-1 amb gol de qui siga. El m\u00e9s important \u00e9s que tornem a guanyar i que enllacem dues vict\u00f2ries consecutives. Intentarem no encaixar gols\u201d. Sensacions i desig per a 2025 \u201cEm vaig trobant cada vegada millor. La idea era eixa, enlla\u00e7ar dos o tres mesos sense problemes i tindre continu\u00eftat. L\u2019aturada de Nadal va vindre b\u00e9 per a descansar i tornar a connectar. El del dilluns \u00e9s un molt bon partit per a jugar. Esperem que el 2025 siga un gran any. Li demane al 2025 que no hi haja m\u00e9s lesions greus dins de l\u2019equip. Si tenim a tota la plantilla disponible ser\u00edem un equip que barallaria per estar molt a dalt\u201d.","headings":[{"type":"heading","level":2,"text":"El migcampista del Villarreal adverteix de la dificultat del partit davant la Real Sociedad i rememora els millors moments del Submar\u00ed a San Sebasti\u00e1n"}],"texts":[{"type":"paragraph","text":"Denis Su\u00e1rez t\u00e9 grans records vestit de groc a San Sebasti\u00e1n. Un d\u2019ells, un doblet golejador en la jornada 16 de la temporada 2015-2016 (20 de desembre del 2015). Aix\u00f2 s\u00ed, el migcampista adverteix que el xoc d\u2019aquest dilluns davant la Real Sociedad ser\u00e0 molt complicat (21.00 hores)."},{"type":"paragraph","text":"An\u00e0lisi del rival"},{"type":"paragraph","text":"\u201cLa Real \u00e9s un rival molt complicat. No li fiquen molts gols, encara que tampoc marca molts. Els seus partits s\u00f3n de resultats curts. \u00c9s un equip que talla molt el joc i que estreny molt. L\u2019any passat ens va anar molt b\u00e9 all\u00ed. Ara arriben en un molt bon moment despr\u00e9s de guanyar en Copa. \u00c9s un partit clau per a nosaltres perqu\u00e8 si els guanyem els traur\u00edem huit punts, que ja \u00e9s una dist\u00e0ncia considerable. Tenim moltes ganes que arribe el partit del dilluns perqu\u00e8 ja volem competir. \u00c9s una pena que no tingu\u00e9rem partit de Copa, per\u00f2 estem centrats en fer un gran paper en LaLiga i barallar pel quart lloc\u201d."},{"type":"paragraph","text":"Record del doblet"},{"type":"paragraph","text":"\u201cAquell partit \u00e9s un dels m\u00e9s especials de la meua primera etapa al Villarreal CF. Tant de bo es donara el mateix resultat i amb doblet meu, per\u00f2 em val un 0-1 amb gol de qui siga. El m\u00e9s important \u00e9s que tornem a guanyar i que enllacem dues vict\u00f2ries consecutives. Intentarem no encaixar gols\u201d."},{"type":"paragraph","text":"Sensacions i desig per a 2025"},{"type":"paragraph","text":"\u201cEm vaig trobant cada vegada millor. La idea era eixa, enlla\u00e7ar dos o tres mesos sense problemes i tindre continu\u00eftat. L\u2019aturada de Nadal va vindre b\u00e9 per a descansar i tornar a connectar. El del dilluns \u00e9s un molt bon partit per a jugar. Esperem que el 2025 siga un gran any. Li demane al 2025 que no hi haja m\u00e9s lesions greus dins de l\u2019equip. Si tenim a tota la plantilla disponible ser\u00edem un equip que barallaria per estar molt a dalt\u201d."}],"buttons":[],"images":[],"widgets":[],"blocks":[{"type":"heading","level":2,"text":"El migcampista del Villarreal adverteix de la dificultat del partit davant la Real Sociedad i rememora els millors moments del Submar\u00ed a San Sebasti\u00e1n"},{"type":"paragraph","text":"Denis Su\u00e1rez t\u00e9 grans records vestit de groc a San Sebasti\u00e1n. Un d\u2019ells, un doblet golejador en la jornada 16 de la temporada 2015-2016 (20 de desembre del 2015). Aix\u00f2 s\u00ed, el migcampista adverteix que el xoc d\u2019aquest dilluns davant la Real Sociedad ser\u00e0 molt complicat (21.00 hores)."},{"type":"paragraph","text":"An\u00e0lisi del rival"},{"type":"paragraph","text":"\u201cLa Real \u00e9s un rival molt complicat. No li fiquen molts gols, encara que tampoc marca molts. Els seus partits s\u00f3n de resultats curts. \u00c9s un equip que talla molt el joc i que estreny molt. L\u2019any passat ens va anar molt b\u00e9 all\u00ed. Ara arriben en un molt bon moment despr\u00e9s de guanyar en Copa. \u00c9s un partit clau per a nosaltres perqu\u00e8 si els guanyem els traur\u00edem huit punts, que ja \u00e9s una dist\u00e0ncia considerable. Tenim moltes ganes que arribe el partit del dilluns perqu\u00e8 ja volem competir. \u00c9s una pena que no tingu\u00e9rem partit de Copa, per\u00f2 estem centrats en fer un gran paper en LaLiga i barallar pel quart lloc\u201d."},{"type":"paragraph","text":"Record del doblet"},{"type":"paragraph","text":"\u201cAquell partit \u00e9s un dels m\u00e9s especials de la meua primera etapa al Villarreal CF. Tant de bo es donara el mateix resultat i amb doblet meu, per\u00f2 em val un 0-1 amb gol de qui siga. El m\u00e9s important \u00e9s que tornem a guanyar i que enllacem dues vict\u00f2ries consecutives. Intentarem no encaixar gols\u201d."},{"type":"paragraph","text":"Sensacions i desig per a 2025"},{"type":"paragraph","text":"\u201cEm vaig trobant cada vegada millor. La idea era eixa, enlla\u00e7ar dos o tres mesos sense problemes i tindre continu\u00eftat. L\u2019aturada de Nadal va vindre b\u00e9 per a descansar i tornar a connectar. El del dilluns \u00e9s un molt bon partit per a jugar. Esperem que el 2025 siga un gran any. Li demane al 2025 que no hi haja m\u00e9s lesions greus dins de l\u2019equip. Si tenim a tota la plantilla disponible ser\u00edem un equip que barallaria per estar molt a dalt\u201d."},{"type":"video","kind":"iframe","url":"https:\/\/www.youtube.com\/embed\/7i9Tn5DEWhw?feature=oembed","poster":""}]}},"sections":[{"id":"section-1","title":"El migcampista del Villarreal adverteix de la dificultat del partit davant la Real Sociedad i rememora els millors moments del Submar\u00ed a San Sebasti\u00e1n","text":"El migcampista del Villarreal adverteix de la dificultat del partit davant la Real Sociedad i rememora els millors moments del Submar\u00ed a San Sebasti\u00e1n Denis Su\u00e1rez t\u00e9 grans records vestit de groc a San Sebasti\u00e1n. Un d\u2019ells, un doblet golejador en la jornada 16 de la temporada 2015-2016 (20 de desembre del 2015). Aix\u00f2 s\u00ed, el migcampista adverteix que el xoc d\u2019aquest dilluns davant la Real Sociedad ser\u00e0 molt complicat (21.00 hores). An\u00e0lisi del rival \u201cLa Real \u00e9s un rival molt complicat. No li fiquen molts gols, encara que tampoc marca molts. Els seus partits s\u00f3n de resultats curts. \u00c9s un equip que talla molt el joc i que estreny molt. L\u2019any passat ens va anar molt b\u00e9 all\u00ed. Ara arriben en un molt bon moment despr\u00e9s de guanyar en Copa. \u00c9s un partit clau per a nosaltres perqu\u00e8 si els guanyem els traur\u00edem huit punts, que ja \u00e9s una dist\u00e0ncia considerable. Tenim moltes ganes que arribe el partit del dilluns perqu\u00e8 ja volem competir. \u00c9s una pena que no tingu\u00e9rem partit de Copa, per\u00f2 estem centrats en fer un gran paper en LaLiga i barallar pel quart lloc\u201d. Record del doblet \u201cAquell partit \u00e9s un dels m\u00e9s especials de la meua primera etapa al Villarreal CF. Tant de bo es donara el mateix resultat i amb doblet meu, per\u00f2 em val un 0-1 amb gol de qui siga. El m\u00e9s important \u00e9s que tornem a guanyar i que enllacem dues vict\u00f2ries consecutives. Intentarem no encaixar gols\u201d. Sensacions i desig per a 2025 \u201cEm vaig trobant cada vegada millor. La idea era eixa, enlla\u00e7ar dos o tres mesos sense problemes i tindre continu\u00eftat. L\u2019aturada de Nadal va vindre b\u00e9 per a descansar i tornar a connectar. El del dilluns \u00e9s un molt bon partit per a jugar. Esperem que el 2025 siga un gran any. Li demane al 2025 que no hi haja m\u00e9s lesions greus dins de l\u2019equip. Si tenim a tota la plantilla disponible ser\u00edem un equip que barallaria per estar molt a dalt\u201d.","url":"","background_image":"","images":[],"videos":[{"type":"video","kind":"iframe","url":"https:\/\/www.youtube.com\/embed\/7i9Tn5DEWhw?feature=oembed","poster":""}],"links":[]}]},"excerpt":{"rendered":"El migcampista del Villarreal adverteix de la dificultat del partit davant la Real Sociedad i rememora els millors moments del Submar\u00ed a San Sebasti\u00e1n","protected":false},"author":23,"featured_media":332115,"comment_status":"closed","ping_status":"closed","sticky":false,"template":"","format":"standard","meta":{"_acf_changed":false,"footnotes":""},"categories":[13493],"tags":[10722,717,9270,9278,9240,716,9205,9627,9203],"acf":null,"lang":"val","translations":{"es":332108,"val":332118,"en":332124},"essential_grid":{"has_grid":false},"formatted_date":"January 10, 2025","modified_date":"January 10, 2025","permalink":"https:\/\/villarrealcf.es\/val\/denis-suarez-ojala-repitamos-victoria-en-anoeta\/","reading_time":2,"featured_media_data":{"id":332115,"title":"DENIS SUAREZ","caption":"DENIS SUAREZ","alt_text":"","description":"","mime_type":"image\/jpeg","source_url":"https:\/\/villarrealcf.es\/wp-content\/uploads\/2025\/01\/20241122-Entrenamiento-004-1.jpg","sizes":{"thumbnail":{"url":"https:\/\/villarrealcf.es\/wp-content\/uploads\/2025\/01\/20241122-Entrenamiento-004-1-1920x1080.jpg","width":1920,"height":1080},"medium":{"url":"https:\/\/villarrealcf.es\/wp-content\/uploads\/2025\/01\/20241122-Entrenamiento-004-1-1920x1080.jpg","width":1920,"height":1080},"medium_large":{"url":"https:\/\/villarrealcf.es\/wp-content\/uploads\/2025\/01\/20241122-Entrenamiento-004-1-768x432.jpg","width":768,"height":432},"large":{"url":"https:\/\/villarrealcf.es\/wp-content\/uploads\/2025\/01\/20241122-Entrenamiento-004-1-1920x1080.jpg","width":788,"height":443},"1536x1536":{"url":"https:\/\/villarrealcf.es\/wp-content\/uploads\/2025\/01\/20241122-Entrenamiento-004-1-1536x864.jpg","width":1536,"height":864},"2048x2048":{"url":"https:\/\/villarrealcf.es\/wp-content\/uploads\/2025\/01\/20241122-Entrenamiento-004-1-2048x1152.jpg","width":2048,"height":1152},"tp-image-grid":{"url":"https:\/\/villarrealcf.es\/wp-content\/uploads\/2025\/01\/20241122-Entrenamiento-004-1-700x700.jpg","width":700,"height":700},"size-bunyad-medium":{"url":"https:\/\/villarrealcf.es\/wp-content\/uploads\/2025\/01\/20241122-Entrenamiento-004-1-1920x1080.jpg","width":1920,"height":1080},"sportspress-crop-medium":{"url":"https:\/\/villarrealcf.es\/wp-content\/uploads\/2025\/01\/20241122-Entrenamiento-004-1-300x300.jpg","width":300,"height":300},"sportspress-fit-medium":{"url":"https:\/\/villarrealcf.es\/wp-content\/uploads\/2025\/01\/20241122-Entrenamiento-004-1-300x169.jpg","width":300,"height":169},"sportspress-fit-icon":{"url":"https:\/\/villarrealcf.es\/wp-content\/uploads\/2025\/01\/20241122-Entrenamiento-004-1-128x72.jpg","width":128,"height":72},"sportspress-fit-mini":{"url":"https:\/\/villarrealcf.es\/wp-content\/uploads\/2025\/01\/20241122-Entrenamiento-004-1-32x18.jpg","width":32,"height":18},"bunyad-small":{"url":"https:\/\/villarrealcf.es\/wp-content\/uploads\/2025\/01\/20241122-Entrenamiento-004-1-150x84.jpg","width":150,"height":84},"bunyad-medium":{"url":"https:\/\/villarrealcf.es\/wp-content\/uploads\/2025\/01\/20241122-Entrenamiento-004-1-450x253.jpg","width":450,"height":253},"bunyad-full":{"url":"https:\/\/villarrealcf.es\/wp-content\/uploads\/2025\/01\/20241122-Entrenamiento-004-1-1200x675.jpg","width":1200,"height":675},"bunyad-viewport":{"url":"https:\/\/villarrealcf.es\/wp-content\/uploads\/2025\/01\/20241122-Entrenamiento-004-1-2048x1152.jpg","width":2048,"height":1152},"bunyad-768":{"url":"https:\/\/villarrealcf.es\/wp-content\/uploads\/2025\/01\/20241122-Entrenamiento-004-1-768x432.jpg","width":768,"height":432},"full":{"url":"https:\/\/villarrealcf.es\/wp-content\/uploads\/2025\/01\/20241122-Entrenamiento-004-1.jpg","width":2415,"height":1359}}},"author_data":{"id":"23","name":"Fran Segovia","first_name":"Fran","last_name":"Segovia","description":"","avatar_url":"https:\/\/secure.gravatar.com\/avatar\/9ec849b3b9cb451091f0a96d7943b1c6be26a8d6fd3b94d5b5bfd496b2536c42?s=96&d=mm&r=g","acf":null},"taxonomies_data":{"category":[{"id":13493,"name":"Primer equip","slug":"primer-equip","acf":null}],"post_tag":[{"id":10722,"name":"Denis Su\u00e1rez","slug":"denis-suarez-val","acf":null},{"id":717,"name":"Football","slug":"football-d34","acf":null},{"id":9270,"name":"Futbol","slug":"futbol-val","acf":null},{"id":9278,"name":"primera division","slug":"primera-division-val","acf":null},{"id":9240,"name":"Real Sociedad","slug":"real-sociedad-val","acf":null},{"id":716,"name":"Soccer","slug":"soccer-d105","acf":null},{"id":9205,"name":"Submarino","slug":"submarino-val","acf":null},{"id":9627,"name":"Submarino Amarillo","slug":"submarino-amarillo-val","acf":null},{"id":9203,"name":"Villarreal CF","slug":"villarreal-cf-val","acf":null}],"translation_priority":[{"id":735,"name":"Optional","slug":"optional-val","acf":null}]},"seo_full":{"native":{"title":"Denis Su\u00e1rez: \u201cTant de bo repetim vict\u00f2ria a san Sebasti\u00e1n\u201d - Web Oficial del Villarreal CF","description":"El migcampista del Villarreal adverteix de la dificultat del partit davant la Real Sociedad i rememora els millors moments del Submar\u00ed a San Sebasti\u00e1n","canonical":"https:\/\/villarrealcf.es\/val\/denis-suarez-ojala-repitamos-victoria-en-anoeta\/"}},"_links":{"self":[{"href":"https:\/\/villarrealcf.es\/val\/wp-json\/wp\/v2\/posts\/332118","targetHints":{"allow":["GET"]}}],"collection":[{"href":"https:\/\/villarrealcf.es\/val\/wp-json\/wp\/v2\/posts"}],"about":[{"href":"https:\/\/villarrealcf.es\/val\/wp-json\/wp\/v2\/types\/post"}],"author":[{"embeddable":true,"href":"https:\/\/villarrealcf.es\/val\/wp-json\/wp\/v2\/users\/23"}],"replies":[{"embeddable":true,"href":"https:\/\/villarrealcf.es\/val\/wp-json\/wp\/v2\/comments?post=332118"}],"version-history":[{"count":0,"href":"https:\/\/villarrealcf.es\/val\/wp-json\/wp\/v2\/posts\/332118\/revisions"}],"wp:featuredmedia":[{"embeddable":true,"href":"https:\/\/villarrealcf.es\/val\/wp-json\/wp\/v2\/media\/332115"}],"wp:attachment":[{"href":"https:\/\/villarrealcf.es\/val\/wp-json\/wp\/v2\/media?parent=332118"}],"wp:term":[{"taxonomy":"category","embeddable":true,"href":"https:\/\/villarrealcf.es\/val\/wp-json\/wp\/v2\/categories?post=332118"},{"taxonomy":"post_tag","embeddable":true,"href":"https:\/\/villarrealcf.es\/val\/wp-json\/wp\/v2\/tags?post=332118"}],"curies":[{"name":"wp","href":"https:\/\/api.w.org\/{rel}","templated":true}]}}