{"id":329308,"date":"2024-12-11T17:48:57","date_gmt":"2024-12-11T16:48:57","guid":{"rendered":"https:\/\/villarrealcf.es\/huracan-romantica-actuara-este-domingo-en-groc-talent\/"},"modified":"2024-12-13T11:44:44","modified_gmt":"2024-12-13T10:44:44","slug":"huracan-romantica-actuara-aquest-diumenge-en-groc-talent","status":"publish","type":"post","link":"https:\/\/villarrealcf.es\/val\/huracan-romantica-actuara-aquest-diumenge-en-groc-talent\/","title":{"rendered":"Hurac\u00e1n Rom\u00e1ntica actuar\u00e0 aquest diumenge en Groc Talent"},"content":{"protected":false,"blocks":[{"type":"heading","level":2,"text":"La banda de rock amenitzar\u00e0 la pr\u00e8via del partit davant el Real Betis a partir de les 17.15 hores"},{"type":"paragraph","text":"Hurac\u00e1n Rom\u00e1ntica \u00e9s el grup protagonista de la setmana en Groc Talent. La banda de rock actuar\u00e0 a partir de les 17.15 hores en la Fan Zone del Villarreal -Real Betis, instal\u00b7lada com sempre en la Pla\u00e7a de l\u2019Estadio de la Cer\u00e1mica."},{"type":"paragraph","text":"La banda, integrada per Gerardo Sanz, Dani Moreno, Carlos Zanetti, Ana Chamorro, i V\u00edctor Monteagudo, ho donar\u00e0 tot de si en el concurs del Villarreal CF, en col\u00b7laboraci\u00f3 amb el SanSan Festival i el Ajuntament de Vila-real."},{"type":"paragraph","text":"Aquesta banda de rock latent es caracteritza per unes can\u00e7ons que despleguen lletres amables, ir\u00f2niques, esmolades, feridores i ferides, en una direcci\u00f3 emocional a cor obert. S\u00f3n temes que \u201ccompten coses i les expliquen b\u00e9\u201d. A m\u00e9s, les seues composicions passen de melodies subtils a concordes potents recorrent sense complexos el degradat que els separa."},{"type":"paragraph","text":"La votaci\u00f3 s\u2019obrir\u00e0 el dilluns a les 12.00 hores"},{"type":"paragraph","text":"Els aficionats groguets podran valorar l\u2019actuaci\u00f3 d\u2019Hurac\u00e1n Rom\u00e1ntica el dilluns 16 de desembre, a partir de les 12.00 hores en la web oficial del Villarreal CF. Els tres grups m\u00e9s votats actuaran en la gran final, que se celebrar\u00e0 el 5 o 6 d\u2019abril (lloc per confirmar). I, despr\u00e9s de la votaci\u00f3 d\u2019un jurat professional, es donar\u00e0 a con\u00e9ixer el guanyador, que tindr\u00e0 la fant\u00e0stica oportunitat de formar part del cartell del SanSan Festival 2025."}],"structured":{"summary":{"text":"La banda de rock amenitzar\u00e0 la pr\u00e8via del partit davant el Real Betis a partir de les 17.15 hores Hurac\u00e1n Rom\u00e1ntica \u00e9s el grup protagonista de la setmana en Groc Talent. La banda de rock actuar\u00e0 a partir de les 17.15 hores en la Fan Zone del Villarreal -Real Betis, instal\u00b7lada com sempre en la Pla\u00e7a de l\u2019Estadio de la Cer\u00e1mica. La banda, integrada per Gerardo Sanz, Dani Moreno, Carlos Zanetti, Ana Chamorro, i V\u00edctor Monteagudo, ho donar\u00e0 tot de si en el concurs del Villarreal CF, en col\u00b7laboraci\u00f3 amb el SanSan Festival i el Ajuntament de Vila-real. Aquesta banda de rock latent es caracteritza per unes can\u00e7ons que despleguen lletres amables, ir\u00f2niques, esmolades, feridores i ferides, en una direcci\u00f3 emocional a cor obert. S\u00f3n temes que \u201ccompten coses i les expliquen b\u00e9\u201d. A m\u00e9s, les seues composicions passen de melodies subtils a concordes potents recorrent sense complexos el degradat que els separa. La votaci\u00f3 s\u2019obrir\u00e0 el dilluns a les 12.00 hores Els aficionats groguets podran valorar l\u2019actuaci\u00f3 d\u2019Hurac\u00e1n Rom\u00e1ntica el dilluns 16 de desembre, a partir de les 12.00 hores en la web oficial del Villarreal CF. Els tres grups m\u00e9s votats actuaran en la gran final, que se celebrar\u00e0 el 5 o 6 d\u2019abril (lloc per confirmar). I, despr\u00e9s de la votaci\u00f3 d\u2019un jurat professional, es donar\u00e0 a con\u00e9ixer el guanyador, que tindr\u00e0 la fant\u00e0stica oportunitat de formar part del cartell del SanSan Festival 2025.","headings":[{"type":"heading","level":2,"text":"La banda de rock amenitzar\u00e0 la pr\u00e8via del partit davant el Real Betis a partir de les 17.15 hores"}],"buttons":[],"images":[],"counts":{"blocks":6,"headings":1,"texts":5,"buttons":0,"images":0}},"sections":[{"id":"section-1","title":"La banda de rock amenitzar\u00e0 la pr\u00e8via del partit davant el Real Betis a partir de les 17.15 hores","text":"La banda de rock amenitzar\u00e0 la pr\u00e8via del partit davant el Real Betis a partir de les 17.15 hores Hurac\u00e1n Rom\u00e1ntica \u00e9s el grup protagonista de la setmana en Groc Talent. La banda de rock actuar\u00e0 a partir de les 17.15 hores en la Fan Zone del Villarreal -Real Betis, instal\u00b7lada com sempre en la Pla\u00e7a de l\u2019Estadio de la Cer\u00e1mica. La banda, integrada per Gerardo Sanz, Dani Moreno, Carlos Zanetti, Ana Chamorro, i V\u00edctor Monteagudo, ho donar\u00e0 tot de si en el concurs del Villarreal CF, en col\u00b7laboraci\u00f3 amb el SanSan Festival i el Ajuntament de Vila-real. Aquesta banda de rock latent es caracteritza per unes can\u00e7ons que despleguen lletres amables, ir\u00f2niques, esmolades, feridores i ferides, en una direcci\u00f3 emocional a cor obert. S\u00f3n temes que \u201ccompten coses i les expliquen b\u00e9\u201d. A m\u00e9s, les seues composicions passen de melodies subtils a concordes potents recorrent sense complexos el degradat que els separa. La votaci\u00f3 s\u2019obrir\u00e0 el dilluns a les 12.00 hores Els aficionats groguets podran valorar l\u2019actuaci\u00f3 d\u2019Hurac\u00e1n Rom\u00e1ntica el dilluns 16 de desembre, a partir de les 12.00 hores en la web oficial del Villarreal CF. Els tres grups m\u00e9s votats actuaran en la gran final, que se celebrar\u00e0 el 5 o 6 d\u2019abril (lloc per confirmar). I, despr\u00e9s de la votaci\u00f3 d\u2019un jurat professional, es donar\u00e0 a con\u00e9ixer el guanyador, que tindr\u00e0 la fant\u00e0stica oportunitat de formar part del cartell del SanSan Festival 2025.","headings":[{"type":"heading","level":2,"text":"La banda de rock amenitzar\u00e0 la pr\u00e8via del partit davant el Real Betis a partir de les 17.15 hores"}],"texts":[{"type":"paragraph","text":"Hurac\u00e1n Rom\u00e1ntica \u00e9s el grup protagonista de la setmana en Groc Talent. La banda de rock actuar\u00e0 a partir de les 17.15 hores en la Fan Zone del Villarreal -Real Betis, instal\u00b7lada com sempre en la Pla\u00e7a de l\u2019Estadio de la Cer\u00e1mica."},{"type":"paragraph","text":"La banda, integrada per Gerardo Sanz, Dani Moreno, Carlos Zanetti, Ana Chamorro, i V\u00edctor Monteagudo, ho donar\u00e0 tot de si en el concurs del Villarreal CF, en col\u00b7laboraci\u00f3 amb el SanSan Festival i el Ajuntament de Vila-real."},{"type":"paragraph","text":"Aquesta banda de rock latent es caracteritza per unes can\u00e7ons que despleguen lletres amables, ir\u00f2niques, esmolades, feridores i ferides, en una direcci\u00f3 emocional a cor obert. S\u00f3n temes que \u201ccompten coses i les expliquen b\u00e9\u201d. A m\u00e9s, les seues composicions passen de melodies subtils a concordes potents recorrent sense complexos el degradat que els separa."},{"type":"paragraph","text":"La votaci\u00f3 s\u2019obrir\u00e0 el dilluns a les 12.00 hores"},{"type":"paragraph","text":"Els aficionats groguets podran valorar l\u2019actuaci\u00f3 d\u2019Hurac\u00e1n Rom\u00e1ntica el dilluns 16 de desembre, a partir de les 12.00 hores en la web oficial del Villarreal CF. Els tres grups m\u00e9s votats actuaran en la gran final, que se celebrar\u00e0 el 5 o 6 d\u2019abril (lloc per confirmar). I, despr\u00e9s de la votaci\u00f3 d\u2019un jurat professional, es donar\u00e0 a con\u00e9ixer el guanyador, que tindr\u00e0 la fant\u00e0stica oportunitat de formar part del cartell del SanSan Festival 2025."}],"buttons":[],"images":[],"widgets":[],"blocks":[{"type":"heading","level":2,"text":"La banda de rock amenitzar\u00e0 la pr\u00e8via del partit davant el Real Betis a partir de les 17.15 hores"},{"type":"paragraph","text":"Hurac\u00e1n Rom\u00e1ntica \u00e9s el grup protagonista de la setmana en Groc Talent. La banda de rock actuar\u00e0 a partir de les 17.15 hores en la Fan Zone del Villarreal -Real Betis, instal\u00b7lada com sempre en la Pla\u00e7a de l\u2019Estadio de la Cer\u00e1mica."},{"type":"paragraph","text":"La banda, integrada per Gerardo Sanz, Dani Moreno, Carlos Zanetti, Ana Chamorro, i V\u00edctor Monteagudo, ho donar\u00e0 tot de si en el concurs del Villarreal CF, en col\u00b7laboraci\u00f3 amb el SanSan Festival i el Ajuntament de Vila-real."},{"type":"paragraph","text":"Aquesta banda de rock latent es caracteritza per unes can\u00e7ons que despleguen lletres amables, ir\u00f2niques, esmolades, feridores i ferides, en una direcci\u00f3 emocional a cor obert. S\u00f3n temes que \u201ccompten coses i les expliquen b\u00e9\u201d. A m\u00e9s, les seues composicions passen de melodies subtils a concordes potents recorrent sense complexos el degradat que els separa."},{"type":"paragraph","text":"La votaci\u00f3 s\u2019obrir\u00e0 el dilluns a les 12.00 hores"},{"type":"paragraph","text":"Els aficionats groguets podran valorar l\u2019actuaci\u00f3 d\u2019Hurac\u00e1n Rom\u00e1ntica el dilluns 16 de desembre, a partir de les 12.00 hores en la web oficial del Villarreal CF. Els tres grups m\u00e9s votats actuaran en la gran final, que se celebrar\u00e0 el 5 o 6 d\u2019abril (lloc per confirmar). I, despr\u00e9s de la votaci\u00f3 d\u2019un jurat professional, es donar\u00e0 a con\u00e9ixer el guanyador, que tindr\u00e0 la fant\u00e0stica oportunitat de formar part del cartell del SanSan Festival 2025."}]}],"hero":{"id":"section-1","title":"La banda de rock amenitzar\u00e0 la pr\u00e8via del partit davant el Real Betis a partir de les 17.15 hores","text":"La banda de rock amenitzar\u00e0 la pr\u00e8via del partit davant el Real Betis a partir de les 17.15 hores Hurac\u00e1n Rom\u00e1ntica \u00e9s el grup protagonista de la setmana en Groc Talent. La banda de rock actuar\u00e0 a partir de les 17.15 hores en la Fan Zone del Villarreal -Real Betis, instal\u00b7lada com sempre en la Pla\u00e7a de l\u2019Estadio de la Cer\u00e1mica. La banda, integrada per Gerardo Sanz, Dani Moreno, Carlos Zanetti, Ana Chamorro, i V\u00edctor Monteagudo, ho donar\u00e0 tot de si en el concurs del Villarreal CF, en col\u00b7laboraci\u00f3 amb el SanSan Festival i el Ajuntament de Vila-real. Aquesta banda de rock latent es caracteritza per unes can\u00e7ons que despleguen lletres amables, ir\u00f2niques, esmolades, feridores i ferides, en una direcci\u00f3 emocional a cor obert. S\u00f3n temes que \u201ccompten coses i les expliquen b\u00e9\u201d. A m\u00e9s, les seues composicions passen de melodies subtils a concordes potents recorrent sense complexos el degradat que els separa. La votaci\u00f3 s\u2019obrir\u00e0 el dilluns a les 12.00 hores Els aficionats groguets podran valorar l\u2019actuaci\u00f3 d\u2019Hurac\u00e1n Rom\u00e1ntica el dilluns 16 de desembre, a partir de les 12.00 hores en la web oficial del Villarreal CF. Els tres grups m\u00e9s votats actuaran en la gran final, que se celebrar\u00e0 el 5 o 6 d\u2019abril (lloc per confirmar). I, despr\u00e9s de la votaci\u00f3 d\u2019un jurat professional, es donar\u00e0 a con\u00e9ixer el guanyador, que tindr\u00e0 la fant\u00e0stica oportunitat de formar part del cartell del SanSan Festival 2025.","headings":[{"type":"heading","level":2,"text":"La banda de rock amenitzar\u00e0 la pr\u00e8via del partit davant el Real Betis a partir de les 17.15 hores"}],"texts":[{"type":"paragraph","text":"Hurac\u00e1n Rom\u00e1ntica \u00e9s el grup protagonista de la setmana en Groc Talent. La banda de rock actuar\u00e0 a partir de les 17.15 hores en la Fan Zone del Villarreal -Real Betis, instal\u00b7lada com sempre en la Pla\u00e7a de l\u2019Estadio de la Cer\u00e1mica."},{"type":"paragraph","text":"La banda, integrada per Gerardo Sanz, Dani Moreno, Carlos Zanetti, Ana Chamorro, i V\u00edctor Monteagudo, ho donar\u00e0 tot de si en el concurs del Villarreal CF, en col\u00b7laboraci\u00f3 amb el SanSan Festival i el Ajuntament de Vila-real."},{"type":"paragraph","text":"Aquesta banda de rock latent es caracteritza per unes can\u00e7ons que despleguen lletres amables, ir\u00f2niques, esmolades, feridores i ferides, en una direcci\u00f3 emocional a cor obert. S\u00f3n temes que \u201ccompten coses i les expliquen b\u00e9\u201d. A m\u00e9s, les seues composicions passen de melodies subtils a concordes potents recorrent sense complexos el degradat que els separa."},{"type":"paragraph","text":"La votaci\u00f3 s\u2019obrir\u00e0 el dilluns a les 12.00 hores"},{"type":"paragraph","text":"Els aficionats groguets podran valorar l\u2019actuaci\u00f3 d\u2019Hurac\u00e1n Rom\u00e1ntica el dilluns 16 de desembre, a partir de les 12.00 hores en la web oficial del Villarreal CF. Els tres grups m\u00e9s votats actuaran en la gran final, que se celebrar\u00e0 el 5 o 6 d\u2019abril (lloc per confirmar). I, despr\u00e9s de la votaci\u00f3 d\u2019un jurat professional, es donar\u00e0 a con\u00e9ixer el guanyador, que tindr\u00e0 la fant\u00e0stica oportunitat de formar part del cartell del SanSan Festival 2025."}],"buttons":[],"images":[],"widgets":[],"blocks":[{"type":"heading","level":2,"text":"La banda de rock amenitzar\u00e0 la pr\u00e8via del partit davant el Real Betis a partir de les 17.15 hores"},{"type":"paragraph","text":"Hurac\u00e1n Rom\u00e1ntica \u00e9s el grup protagonista de la setmana en Groc Talent. La banda de rock actuar\u00e0 a partir de les 17.15 hores en la Fan Zone del Villarreal -Real Betis, instal\u00b7lada com sempre en la Pla\u00e7a de l\u2019Estadio de la Cer\u00e1mica."},{"type":"paragraph","text":"La banda, integrada per Gerardo Sanz, Dani Moreno, Carlos Zanetti, Ana Chamorro, i V\u00edctor Monteagudo, ho donar\u00e0 tot de si en el concurs del Villarreal CF, en col\u00b7laboraci\u00f3 amb el SanSan Festival i el Ajuntament de Vila-real."},{"type":"paragraph","text":"Aquesta banda de rock latent es caracteritza per unes can\u00e7ons que despleguen lletres amables, ir\u00f2niques, esmolades, feridores i ferides, en una direcci\u00f3 emocional a cor obert. S\u00f3n temes que \u201ccompten coses i les expliquen b\u00e9\u201d. A m\u00e9s, les seues composicions passen de melodies subtils a concordes potents recorrent sense complexos el degradat que els separa."},{"type":"paragraph","text":"La votaci\u00f3 s\u2019obrir\u00e0 el dilluns a les 12.00 hores"},{"type":"paragraph","text":"Els aficionats groguets podran valorar l\u2019actuaci\u00f3 d\u2019Hurac\u00e1n Rom\u00e1ntica el dilluns 16 de desembre, a partir de les 12.00 hores en la web oficial del Villarreal CF. Els tres grups m\u00e9s votats actuaran en la gran final, que se celebrar\u00e0 el 5 o 6 d\u2019abril (lloc per confirmar). I, despr\u00e9s de la votaci\u00f3 d\u2019un jurat professional, es donar\u00e0 a con\u00e9ixer el guanyador, que tindr\u00e0 la fant\u00e0stica oportunitat de formar part del cartell del SanSan Festival 2025."}]}},"sections":[{"id":"section-1","title":"La banda de rock amenitzar\u00e0 la pr\u00e8via del partit davant el Real Betis a partir de les 17.15 hores","text":"La banda de rock amenitzar\u00e0 la pr\u00e8via del partit davant el Real Betis a partir de les 17.15 hores Hurac\u00e1n Rom\u00e1ntica \u00e9s el grup protagonista de la setmana en Groc Talent. La banda de rock actuar\u00e0 a partir de les 17.15 hores en la Fan Zone del Villarreal -Real Betis, instal\u00b7lada com sempre en la Pla\u00e7a de l\u2019Estadio de la Cer\u00e1mica. La banda, integrada per Gerardo Sanz, Dani Moreno, Carlos Zanetti, Ana Chamorro, i V\u00edctor Monteagudo, ho donar\u00e0 tot de si en el concurs del Villarreal CF, en col\u00b7laboraci\u00f3 amb el SanSan Festival i el Ajuntament de Vila-real. Aquesta banda de rock latent es caracteritza per unes can\u00e7ons que despleguen lletres amables, ir\u00f2niques, esmolades, feridores i ferides, en una direcci\u00f3 emocional a cor obert. S\u00f3n temes que \u201ccompten coses i les expliquen b\u00e9\u201d. A m\u00e9s, les seues composicions passen de melodies subtils a concordes potents recorrent sense complexos el degradat que els separa. La votaci\u00f3 s\u2019obrir\u00e0 el dilluns a les 12.00 hores Els aficionats groguets podran valorar l\u2019actuaci\u00f3 d\u2019Hurac\u00e1n Rom\u00e1ntica el dilluns 16 de desembre, a partir de les 12.00 hores en la web oficial del Villarreal CF. Els tres grups m\u00e9s votats actuaran en la gran final, que se celebrar\u00e0 el 5 o 6 d\u2019abril (lloc per confirmar). I, despr\u00e9s de la votaci\u00f3 d\u2019un jurat professional, es donar\u00e0 a con\u00e9ixer el guanyador, que tindr\u00e0 la fant\u00e0stica oportunitat de formar part del cartell del SanSan Festival 2025.","url":"","background_image":"","images":[],"videos":[],"links":[]}]},"excerpt":{"rendered":"La banda de rock amenitzar\u00e0 la pr\u00e8via del partit davant el Real Betis a partir de les 17.15 hores","protected":false},"author":29,"featured_media":329306,"comment_status":"closed","ping_status":"closed","sticky":false,"template":"","format":"standard","meta":{"_acf_changed":false,"footnotes":""},"categories":[13509],"tags":[11054,11429,717,9278,11338,716,9205,13556,13557],"acf":null,"lang":"val","translations":{"es":329303,"val":329308,"en":329504},"essential_grid":{"has_grid":false},"formatted_date":"December 11, 2024","modified_date":"December 13, 2024","permalink":"https:\/\/villarrealcf.es\/val\/huracan-romantica-actuara-aquest-diumenge-en-groc-talent\/","reading_time":2,"featured_media_data":{"id":329306,"title":"Screenshot_20240830_180538_Drive-ce52c23c0111c343532245e27f66f6de web","caption":"","alt_text":"","description":"","mime_type":"image\/jpeg","source_url":"https:\/\/villarrealcf.es\/wp-content\/uploads\/2024\/12\/Screenshot_20240830_180538_Drive-ce52c23c0111c343532245e27f66f6de-web.jpg","sizes":{"thumbnail":{"url":"https:\/\/villarrealcf.es\/wp-content\/uploads\/2024\/12\/Screenshot_20240830_180538_Drive-ce52c23c0111c343532245e27f66f6de-web.jpg","width":1920,"height":1080},"medium":{"url":"https:\/\/villarrealcf.es\/wp-content\/uploads\/2024\/12\/Screenshot_20240830_180538_Drive-ce52c23c0111c343532245e27f66f6de-web.jpg","width":1920,"height":1080},"medium_large":{"url":"https:\/\/villarrealcf.es\/wp-content\/uploads\/2024\/12\/Screenshot_20240830_180538_Drive-ce52c23c0111c343532245e27f66f6de-web-768x432.jpg","width":768,"height":432},"large":{"url":"https:\/\/villarrealcf.es\/wp-content\/uploads\/2024\/12\/Screenshot_20240830_180538_Drive-ce52c23c0111c343532245e27f66f6de-web.jpg","width":788,"height":443},"1536x1536":{"url":"https:\/\/villarrealcf.es\/wp-content\/uploads\/2024\/12\/Screenshot_20240830_180538_Drive-ce52c23c0111c343532245e27f66f6de-web-1536x864.jpg","width":1536,"height":864},"2048x2048":{"url":"https:\/\/villarrealcf.es\/wp-content\/uploads\/2024\/12\/Screenshot_20240830_180538_Drive-ce52c23c0111c343532245e27f66f6de-web.jpg","width":1920,"height":1080},"tp-image-grid":{"url":"https:\/\/villarrealcf.es\/wp-content\/uploads\/2024\/12\/Screenshot_20240830_180538_Drive-ce52c23c0111c343532245e27f66f6de-web-700x700.jpg","width":700,"height":700},"size-bunyad-medium":{"url":"https:\/\/villarrealcf.es\/wp-content\/uploads\/2024\/12\/Screenshot_20240830_180538_Drive-ce52c23c0111c343532245e27f66f6de-web.jpg","width":1920,"height":1080},"sportspress-crop-medium":{"url":"https:\/\/villarrealcf.es\/wp-content\/uploads\/2024\/12\/Screenshot_20240830_180538_Drive-ce52c23c0111c343532245e27f66f6de-web-300x300.jpg","width":300,"height":300},"sportspress-fit-medium":{"url":"https:\/\/villarrealcf.es\/wp-content\/uploads\/2024\/12\/Screenshot_20240830_180538_Drive-ce52c23c0111c343532245e27f66f6de-web-300x169.jpg","width":300,"height":169},"sportspress-fit-icon":{"url":"https:\/\/villarrealcf.es\/wp-content\/uploads\/2024\/12\/Screenshot_20240830_180538_Drive-ce52c23c0111c343532245e27f66f6de-web-128x72.jpg","width":128,"height":72},"sportspress-fit-mini":{"url":"https:\/\/villarrealcf.es\/wp-content\/uploads\/2024\/12\/Screenshot_20240830_180538_Drive-ce52c23c0111c343532245e27f66f6de-web-32x18.jpg","width":32,"height":18},"bunyad-small":{"url":"https:\/\/villarrealcf.es\/wp-content\/uploads\/2024\/12\/Screenshot_20240830_180538_Drive-ce52c23c0111c343532245e27f66f6de-web-150x84.jpg","width":150,"height":84},"bunyad-medium":{"url":"https:\/\/villarrealcf.es\/wp-content\/uploads\/2024\/12\/Screenshot_20240830_180538_Drive-ce52c23c0111c343532245e27f66f6de-web-450x253.jpg","width":450,"height":253},"bunyad-full":{"url":"https:\/\/villarrealcf.es\/wp-content\/uploads\/2024\/12\/Screenshot_20240830_180538_Drive-ce52c23c0111c343532245e27f66f6de-web-1200x675.jpg","width":1200,"height":675},"bunyad-viewport":{"url":"https:\/\/villarrealcf.es\/wp-content\/uploads\/2024\/12\/Screenshot_20240830_180538_Drive-ce52c23c0111c343532245e27f66f6de-web.jpg","width":1920,"height":1080},"bunyad-768":{"url":"https:\/\/villarrealcf.es\/wp-content\/uploads\/2024\/12\/Screenshot_20240830_180538_Drive-ce52c23c0111c343532245e27f66f6de-web-768x432.jpg","width":768,"height":432},"full":{"url":"https:\/\/villarrealcf.es\/wp-content\/uploads\/2024\/12\/Screenshot_20240830_180538_Drive-ce52c23c0111c343532245e27f66f6de-web.jpg","width":1920,"height":1080}}},"author_data":{"id":"29","name":"Azahara Beroy","first_name":"Azahara","last_name":"Beroy","description":"","avatar_url":"https:\/\/secure.gravatar.com\/avatar\/91b979a91a1925e60814719244bbf7824af58ced5a6e2130c2611bde24439aa7?s=96&d=mm&r=g","acf":null},"taxonomies_data":{"category":[{"id":13509,"name":"Endavant","slug":"endavant-val","acf":null}],"post_tag":[{"id":11054,"name":"Endavant Cultura","slug":"endavant-cultura-val-2","acf":null},{"id":11429,"name":"Estadio de la Cer\u00e1mica","slug":"estadio-de-la-ceramica-val","acf":null},{"id":717,"name":"Football","slug":"football-d34","acf":null},{"id":9278,"name":"primera division","slug":"primera-division-val","acf":null},{"id":11338,"name":"Real Betis","slug":"real-betis-val","acf":null},{"id":716,"name":"Soccer","slug":"soccer-d105","acf":null},{"id":9205,"name":"Submarino","slug":"submarino-val","acf":null},{"id":13556,"name":"Submarino Amarillo","slug":"submarino-amarillo-val-2","acf":null},{"id":13557,"name":"Villarreal CF","slug":"villarreal-cf-val-2","acf":null}],"translation_priority":[{"id":735,"name":"Optional","slug":"optional-val","acf":null}]},"seo_full":{"native":{"title":"Hurac\u00e1n Rom\u00e1ntica actuar\u00e0 aquest diumenge en Groc Talent - Web Oficial del Villarreal CF","description":"La banda de rock amenitzar\u00e0 la pr\u00e8via del partit davant el Real Betis a partir de les 17.15 hores","canonical":"https:\/\/villarrealcf.es\/val\/huracan-romantica-actuara-aquest-diumenge-en-groc-talent\/"}},"_links":{"self":[{"href":"https:\/\/villarrealcf.es\/val\/wp-json\/wp\/v2\/posts\/329308","targetHints":{"allow":["GET"]}}],"collection":[{"href":"https:\/\/villarrealcf.es\/val\/wp-json\/wp\/v2\/posts"}],"about":[{"href":"https:\/\/villarrealcf.es\/val\/wp-json\/wp\/v2\/types\/post"}],"author":[{"embeddable":true,"href":"https:\/\/villarrealcf.es\/val\/wp-json\/wp\/v2\/users\/29"}],"replies":[{"embeddable":true,"href":"https:\/\/villarrealcf.es\/val\/wp-json\/wp\/v2\/comments?post=329308"}],"version-history":[{"count":0,"href":"https:\/\/villarrealcf.es\/val\/wp-json\/wp\/v2\/posts\/329308\/revisions"}],"wp:featuredmedia":[{"embeddable":true,"href":"https:\/\/villarrealcf.es\/val\/wp-json\/wp\/v2\/media\/329306"}],"wp:attachment":[{"href":"https:\/\/villarrealcf.es\/val\/wp-json\/wp\/v2\/media?parent=329308"}],"wp:term":[{"taxonomy":"category","embeddable":true,"href":"https:\/\/villarrealcf.es\/val\/wp-json\/wp\/v2\/categories?post=329308"},{"taxonomy":"post_tag","embeddable":true,"href":"https:\/\/villarrealcf.es\/val\/wp-json\/wp\/v2\/tags?post=329308"}],"curies":[{"name":"wp","href":"https:\/\/api.w.org\/{rel}","templated":true}]}}