{"id":328423,"date":"2024-11-29T11:18:36","date_gmt":"2024-11-29T10:18:36","guid":{"rendered":"https:\/\/villarrealcf.es\/plan-de-actividades-contra-el-girona-fc\/"},"modified":"2024-11-28T12:20:59","modified_gmt":"2024-11-28T11:20:59","slug":"pla-dactivitats-contra-el-contra-el-girona-fc","status":"publish","type":"post","link":"https:\/\/villarrealcf.es\/val\/pla-dactivitats-contra-el-contra-el-girona-fc\/","title":{"rendered":"Pla d&#8217;activitats contra el contra el Girona FC"},"content":{"protected":false,"blocks":[{"type":"heading","level":2,"text":"Les bandes de pop Edgar Allan Pop i de ska-rock La Pelona amenitzaran la pr\u00e8via en la pla\u00e7a de l\u2019Estadio de la Cer\u00e1mica amb les seues actuacions en la cinquena edici\u00f3 del Groc Talent"},{"type":"paragraph","text":"El Villarreal CF ha organitzat una s\u00e8rie d\u2019activitats per a amenitzar la pr\u00e8via del partit del pr\u00f2xim diumenge davant el Girona FC (14.00 hores), corresponent a la jornada 15 de LALIGA EA Sports, que es jugar\u00e0 en l\u2019Estadio de la Cer\u00e1mica."},{"type":"paragraph","text":"La Fan Zone comen\u00e7ar\u00e0 dues hores abans del partit amb la disputa d\u2019una nova jornada del Torneig 3\u00d73 Groguet, que es jugar\u00e0 en els camps inflables que s\u2019instal\u00b7len habitualment en la Pla\u00e7a de l\u2019Estadio de la Cer\u00e1mica."},{"type":"paragraph","text":"Al mateix temps, a partir de les 12.00 hores, comen\u00e7ar\u00e0 tamb\u00e9 la diversi\u00f3 en la resta dels tallers i activitats de la Fan Zone: Play zone, pinta cares i un taller de Yellow Balloons."},{"type":"paragraph","text":"Aix\u00ed mateix, a la mateixa hora, La Pelona tindr\u00e0 el seu gran moment. I, a continuaci\u00f3, a partir de les 12.45 hores, ser\u00e0 el torn d\u2019Edgar Allan Pop. Totes dues bandes participen en la cinquena edici\u00f3 del Groc Talent, el concurs musical impulsat pel Villarreal CF en col\u00b7laboraci\u00f3 amb el SanSan Festival i l\u2019Ajuntament de Vila-real."},{"type":"paragraph","text":"La solidaritat tamb\u00e9 tindr\u00e0 cabuda en el Villarreal-Girona FC. A.V.A.F. (Associaci\u00f3 de Voluntaris d\u2019Acolliment Familiar) ser\u00e0 l\u2019associaci\u00f3 protagonista de la Graderia Solid\u00e0ria; una entitat que promou i fomenta l\u2019acolliment familiar a la prov\u00edncia de Castell\u00f3 com a dret fonamental per a tots els xiquets i adolescents que viuen en centres residencials, garantint el seu dret a viure en familiar. Aix\u00ed mateix, aquesta entitat comptar\u00e0 amb un espai en la pr\u00f2pia Fan Zone, visibilitzant aix\u00ed la seua labor."},{"type":"paragraph","text":"Immersi\u00f3n Villarreal obrir\u00e0 les seues portes amb motiu de la celebraci\u00f3 del partit davant el Girona FC. L\u2019horari d\u2019obertura ser\u00e0 d\u201911.00 a 12.00 hores i de 17.00 a 19.00 hores, tots dos torns \u00fanicament amb visita al Museu."},{"type":"paragraph","text":"Finalment, el Ofert\u00f3n del Partit ser\u00e0 un 25% en la jaqueta prematch, que es podr\u00e0 adquirir eixe mateix dia a la Tenda de l\u2019Estadio per tan sols 37,42\u20ac."}],"structured":{"summary":{"text":"Les bandes de pop Edgar Allan Pop i de ska-rock La Pelona amenitzaran la pr\u00e8via en la pla\u00e7a de l\u2019Estadio de la Cer\u00e1mica amb les seues actuacions en la cinquena edici\u00f3 del Groc Talent El Villarreal CF ha organitzat una s\u00e8rie d\u2019activitats per a amenitzar la pr\u00e8via del partit del pr\u00f2xim diumenge davant el Girona FC (14.00 hores), corresponent a la jornada 15 de LALIGA EA Sports, que es jugar\u00e0 en l\u2019Estadio de la Cer\u00e1mica. La Fan Zone comen\u00e7ar\u00e0 dues hores abans del partit amb la disputa d\u2019una nova jornada del Torneig 3\u00d73 Groguet, que es jugar\u00e0 en els camps inflables que s\u2019instal\u00b7len habitualment en la Pla\u00e7a de l\u2019Estadio de la Cer\u00e1mica. Al mateix temps, a partir de les 12.00 hores, comen\u00e7ar\u00e0 tamb\u00e9 la diversi\u00f3 en la resta dels tallers i activitats de la Fan Zone: Play zone, pinta cares i un taller de Yellow Balloons. Aix\u00ed mateix, a la mateixa hora, La Pelona tindr\u00e0 el seu gran moment. I, a continuaci\u00f3, a partir de les 12.45 hores, ser\u00e0 el torn d\u2019Edgar Allan Pop. Totes dues bandes participen en la cinquena edici\u00f3 del Groc Talent, el concurs musical impulsat pel Villarreal CF en col\u00b7laboraci\u00f3 amb el SanSan Festival i l\u2019Ajuntament de Vila-real. La solidaritat tamb\u00e9 tindr\u00e0 cabuda en el Villarreal-Girona FC. A.V.A.F. (Associaci\u00f3 de Voluntaris d\u2019Acolliment Familiar) ser\u00e0 l\u2019associaci\u00f3 protagonista de la Graderia Solid\u00e0ria; una entitat que promou i fomenta l\u2019acolliment familiar a la prov\u00edncia de Castell\u00f3 com a dret fonamental per a tots els xiquets i adolescents que viuen en centres residencials, garantint el seu dret a viure en familiar. Aix\u00ed mateix, aquesta entitat comptar\u00e0 amb un espai en la pr\u00f2pia Fan Zone, visibilitzant aix\u00ed la seua labor. Immersi\u00f3n Villarreal obrir\u00e0 les seues portes amb motiu de la celebraci\u00f3 del partit davant el Girona FC. L\u2019horari d\u2019obertura ser\u00e0 d\u201911.00 a 12.00 hores i de 17.00 a 19.00 hores, tots dos torns \u00fanicament amb visita al Museu. Finalment, el Ofert\u00f3n del Partit ser\u00e0 un 25% en la jaqueta prematch, que es podr\u00e0 adquirir eixe mateix dia a la Tenda de l\u2019Estadio per tan sols 37,42\u20ac.","headings":[{"type":"heading","level":2,"text":"Les bandes de pop Edgar Allan Pop i de ska-rock La Pelona amenitzaran la pr\u00e8via en la pla\u00e7a de l\u2019Estadio de la Cer\u00e1mica amb les seues actuacions en la cinquena edici\u00f3 del Groc Talent"}],"buttons":[],"images":[],"counts":{"blocks":8,"headings":1,"texts":7,"buttons":0,"images":0}},"sections":[{"id":"section-1","title":"Les bandes de pop Edgar Allan Pop i de ska-rock La Pelona amenitzaran la pr\u00e8via en la pla\u00e7a de l\u2019Estadio de la Cer\u00e1mica amb les seues actuacions en la cinquena edici\u00f3 del Groc Talent","text":"Les bandes de pop Edgar Allan Pop i de ska-rock La Pelona amenitzaran la pr\u00e8via en la pla\u00e7a de l\u2019Estadio de la Cer\u00e1mica amb les seues actuacions en la cinquena edici\u00f3 del Groc Talent El Villarreal CF ha organitzat una s\u00e8rie d\u2019activitats per a amenitzar la pr\u00e8via del partit del pr\u00f2xim diumenge davant el Girona FC (14.00 hores), corresponent a la jornada 15 de LALIGA EA Sports, que es jugar\u00e0 en l\u2019Estadio de la Cer\u00e1mica. La Fan Zone comen\u00e7ar\u00e0 dues hores abans del partit amb la disputa d\u2019una nova jornada del Torneig 3\u00d73 Groguet, que es jugar\u00e0 en els camps inflables que s\u2019instal\u00b7len habitualment en la Pla\u00e7a de l\u2019Estadio de la Cer\u00e1mica. Al mateix temps, a partir de les 12.00 hores, comen\u00e7ar\u00e0 tamb\u00e9 la diversi\u00f3 en la resta dels tallers i activitats de la Fan Zone: Play zone, pinta cares i un taller de Yellow Balloons. Aix\u00ed mateix, a la mateixa hora, La Pelona tindr\u00e0 el seu gran moment. I, a continuaci\u00f3, a partir de les 12.45 hores, ser\u00e0 el torn d\u2019Edgar Allan Pop. Totes dues bandes participen en la cinquena edici\u00f3 del Groc Talent, el concurs musical impulsat pel Villarreal CF en col\u00b7laboraci\u00f3 amb el SanSan Festival i l\u2019Ajuntament de Vila-real. La solidaritat tamb\u00e9 tindr\u00e0 cabuda en el Villarreal-Girona FC. A.V.A.F. (Associaci\u00f3 de Voluntaris d\u2019Acolliment Familiar) ser\u00e0 l\u2019associaci\u00f3 protagonista de la Graderia Solid\u00e0ria; una entitat que promou i fomenta l\u2019acolliment familiar a la prov\u00edncia de Castell\u00f3 com a dret fonamental per a tots els xiquets i adolescents que viuen en centres residencials, garantint el seu dret a viure en familiar. Aix\u00ed mateix, aquesta entitat comptar\u00e0 amb un espai en la pr\u00f2pia Fan Zone, visibilitzant aix\u00ed la seua labor. Immersi\u00f3n Villarreal obrir\u00e0 les seues portes amb motiu de la celebraci\u00f3 del partit davant el Girona FC. L\u2019horari d\u2019obertura ser\u00e0 d\u201911.00 a 12.00 hores i de 17.00 a 19.00 hores, tots dos torns \u00fanicament amb visita al Museu. Finalment, el Ofert\u00f3n del Partit ser\u00e0 un 25% en la jaqueta prematch, que es podr\u00e0 adquirir eixe mateix dia a la Tenda de l\u2019Estadio per tan sols 37,42\u20ac.","headings":[{"type":"heading","level":2,"text":"Les bandes de pop Edgar Allan Pop i de ska-rock La Pelona amenitzaran la pr\u00e8via en la pla\u00e7a de l\u2019Estadio de la Cer\u00e1mica amb les seues actuacions en la cinquena edici\u00f3 del Groc Talent"}],"texts":[{"type":"paragraph","text":"El Villarreal CF ha organitzat una s\u00e8rie d\u2019activitats per a amenitzar la pr\u00e8via del partit del pr\u00f2xim diumenge davant el Girona FC (14.00 hores), corresponent a la jornada 15 de LALIGA EA Sports, que es jugar\u00e0 en l\u2019Estadio de la Cer\u00e1mica."},{"type":"paragraph","text":"La Fan Zone comen\u00e7ar\u00e0 dues hores abans del partit amb la disputa d\u2019una nova jornada del Torneig 3\u00d73 Groguet, que es jugar\u00e0 en els camps inflables que s\u2019instal\u00b7len habitualment en la Pla\u00e7a de l\u2019Estadio de la Cer\u00e1mica."},{"type":"paragraph","text":"Al mateix temps, a partir de les 12.00 hores, comen\u00e7ar\u00e0 tamb\u00e9 la diversi\u00f3 en la resta dels tallers i activitats de la Fan Zone: Play zone, pinta cares i un taller de Yellow Balloons."},{"type":"paragraph","text":"Aix\u00ed mateix, a la mateixa hora, La Pelona tindr\u00e0 el seu gran moment. I, a continuaci\u00f3, a partir de les 12.45 hores, ser\u00e0 el torn d\u2019Edgar Allan Pop. Totes dues bandes participen en la cinquena edici\u00f3 del Groc Talent, el concurs musical impulsat pel Villarreal CF en col\u00b7laboraci\u00f3 amb el SanSan Festival i l\u2019Ajuntament de Vila-real."},{"type":"paragraph","text":"La solidaritat tamb\u00e9 tindr\u00e0 cabuda en el Villarreal-Girona FC. A.V.A.F. (Associaci\u00f3 de Voluntaris d\u2019Acolliment Familiar) ser\u00e0 l\u2019associaci\u00f3 protagonista de la Graderia Solid\u00e0ria; una entitat que promou i fomenta l\u2019acolliment familiar a la prov\u00edncia de Castell\u00f3 com a dret fonamental per a tots els xiquets i adolescents que viuen en centres residencials, garantint el seu dret a viure en familiar. Aix\u00ed mateix, aquesta entitat comptar\u00e0 amb un espai en la pr\u00f2pia Fan Zone, visibilitzant aix\u00ed la seua labor."},{"type":"paragraph","text":"Immersi\u00f3n Villarreal obrir\u00e0 les seues portes amb motiu de la celebraci\u00f3 del partit davant el Girona FC. L\u2019horari d\u2019obertura ser\u00e0 d\u201911.00 a 12.00 hores i de 17.00 a 19.00 hores, tots dos torns \u00fanicament amb visita al Museu."},{"type":"paragraph","text":"Finalment, el Ofert\u00f3n del Partit ser\u00e0 un 25% en la jaqueta prematch, que es podr\u00e0 adquirir eixe mateix dia a la Tenda de l\u2019Estadio per tan sols 37,42\u20ac."}],"buttons":[],"images":[],"widgets":[],"blocks":[{"type":"heading","level":2,"text":"Les bandes de pop Edgar Allan Pop i de ska-rock La Pelona amenitzaran la pr\u00e8via en la pla\u00e7a de l\u2019Estadio de la Cer\u00e1mica amb les seues actuacions en la cinquena edici\u00f3 del Groc Talent"},{"type":"paragraph","text":"El Villarreal CF ha organitzat una s\u00e8rie d\u2019activitats per a amenitzar la pr\u00e8via del partit del pr\u00f2xim diumenge davant el Girona FC (14.00 hores), corresponent a la jornada 15 de LALIGA EA Sports, que es jugar\u00e0 en l\u2019Estadio de la Cer\u00e1mica."},{"type":"paragraph","text":"La Fan Zone comen\u00e7ar\u00e0 dues hores abans del partit amb la disputa d\u2019una nova jornada del Torneig 3\u00d73 Groguet, que es jugar\u00e0 en els camps inflables que s\u2019instal\u00b7len habitualment en la Pla\u00e7a de l\u2019Estadio de la Cer\u00e1mica."},{"type":"paragraph","text":"Al mateix temps, a partir de les 12.00 hores, comen\u00e7ar\u00e0 tamb\u00e9 la diversi\u00f3 en la resta dels tallers i activitats de la Fan Zone: Play zone, pinta cares i un taller de Yellow Balloons."},{"type":"paragraph","text":"Aix\u00ed mateix, a la mateixa hora, La Pelona tindr\u00e0 el seu gran moment. I, a continuaci\u00f3, a partir de les 12.45 hores, ser\u00e0 el torn d\u2019Edgar Allan Pop. Totes dues bandes participen en la cinquena edici\u00f3 del Groc Talent, el concurs musical impulsat pel Villarreal CF en col\u00b7laboraci\u00f3 amb el SanSan Festival i l\u2019Ajuntament de Vila-real."},{"type":"paragraph","text":"La solidaritat tamb\u00e9 tindr\u00e0 cabuda en el Villarreal-Girona FC. A.V.A.F. (Associaci\u00f3 de Voluntaris d\u2019Acolliment Familiar) ser\u00e0 l\u2019associaci\u00f3 protagonista de la Graderia Solid\u00e0ria; una entitat que promou i fomenta l\u2019acolliment familiar a la prov\u00edncia de Castell\u00f3 com a dret fonamental per a tots els xiquets i adolescents que viuen en centres residencials, garantint el seu dret a viure en familiar. Aix\u00ed mateix, aquesta entitat comptar\u00e0 amb un espai en la pr\u00f2pia Fan Zone, visibilitzant aix\u00ed la seua labor."},{"type":"paragraph","text":"Immersi\u00f3n Villarreal obrir\u00e0 les seues portes amb motiu de la celebraci\u00f3 del partit davant el Girona FC. L\u2019horari d\u2019obertura ser\u00e0 d\u201911.00 a 12.00 hores i de 17.00 a 19.00 hores, tots dos torns \u00fanicament amb visita al Museu."},{"type":"paragraph","text":"Finalment, el Ofert\u00f3n del Partit ser\u00e0 un 25% en la jaqueta prematch, que es podr\u00e0 adquirir eixe mateix dia a la Tenda de l\u2019Estadio per tan sols 37,42\u20ac."}]}],"hero":{"id":"section-1","title":"Les bandes de pop Edgar Allan Pop i de ska-rock La Pelona amenitzaran la pr\u00e8via en la pla\u00e7a de l\u2019Estadio de la Cer\u00e1mica amb les seues actuacions en la cinquena edici\u00f3 del Groc Talent","text":"Les bandes de pop Edgar Allan Pop i de ska-rock La Pelona amenitzaran la pr\u00e8via en la pla\u00e7a de l\u2019Estadio de la Cer\u00e1mica amb les seues actuacions en la cinquena edici\u00f3 del Groc Talent El Villarreal CF ha organitzat una s\u00e8rie d\u2019activitats per a amenitzar la pr\u00e8via del partit del pr\u00f2xim diumenge davant el Girona FC (14.00 hores), corresponent a la jornada 15 de LALIGA EA Sports, que es jugar\u00e0 en l\u2019Estadio de la Cer\u00e1mica. La Fan Zone comen\u00e7ar\u00e0 dues hores abans del partit amb la disputa d\u2019una nova jornada del Torneig 3\u00d73 Groguet, que es jugar\u00e0 en els camps inflables que s\u2019instal\u00b7len habitualment en la Pla\u00e7a de l\u2019Estadio de la Cer\u00e1mica. Al mateix temps, a partir de les 12.00 hores, comen\u00e7ar\u00e0 tamb\u00e9 la diversi\u00f3 en la resta dels tallers i activitats de la Fan Zone: Play zone, pinta cares i un taller de Yellow Balloons. Aix\u00ed mateix, a la mateixa hora, La Pelona tindr\u00e0 el seu gran moment. I, a continuaci\u00f3, a partir de les 12.45 hores, ser\u00e0 el torn d\u2019Edgar Allan Pop. Totes dues bandes participen en la cinquena edici\u00f3 del Groc Talent, el concurs musical impulsat pel Villarreal CF en col\u00b7laboraci\u00f3 amb el SanSan Festival i l\u2019Ajuntament de Vila-real. La solidaritat tamb\u00e9 tindr\u00e0 cabuda en el Villarreal-Girona FC. A.V.A.F. (Associaci\u00f3 de Voluntaris d\u2019Acolliment Familiar) ser\u00e0 l\u2019associaci\u00f3 protagonista de la Graderia Solid\u00e0ria; una entitat que promou i fomenta l\u2019acolliment familiar a la prov\u00edncia de Castell\u00f3 com a dret fonamental per a tots els xiquets i adolescents que viuen en centres residencials, garantint el seu dret a viure en familiar. Aix\u00ed mateix, aquesta entitat comptar\u00e0 amb un espai en la pr\u00f2pia Fan Zone, visibilitzant aix\u00ed la seua labor. Immersi\u00f3n Villarreal obrir\u00e0 les seues portes amb motiu de la celebraci\u00f3 del partit davant el Girona FC. L\u2019horari d\u2019obertura ser\u00e0 d\u201911.00 a 12.00 hores i de 17.00 a 19.00 hores, tots dos torns \u00fanicament amb visita al Museu. Finalment, el Ofert\u00f3n del Partit ser\u00e0 un 25% en la jaqueta prematch, que es podr\u00e0 adquirir eixe mateix dia a la Tenda de l\u2019Estadio per tan sols 37,42\u20ac.","headings":[{"type":"heading","level":2,"text":"Les bandes de pop Edgar Allan Pop i de ska-rock La Pelona amenitzaran la pr\u00e8via en la pla\u00e7a de l\u2019Estadio de la Cer\u00e1mica amb les seues actuacions en la cinquena edici\u00f3 del Groc Talent"}],"texts":[{"type":"paragraph","text":"El Villarreal CF ha organitzat una s\u00e8rie d\u2019activitats per a amenitzar la pr\u00e8via del partit del pr\u00f2xim diumenge davant el Girona FC (14.00 hores), corresponent a la jornada 15 de LALIGA EA Sports, que es jugar\u00e0 en l\u2019Estadio de la Cer\u00e1mica."},{"type":"paragraph","text":"La Fan Zone comen\u00e7ar\u00e0 dues hores abans del partit amb la disputa d\u2019una nova jornada del Torneig 3\u00d73 Groguet, que es jugar\u00e0 en els camps inflables que s\u2019instal\u00b7len habitualment en la Pla\u00e7a de l\u2019Estadio de la Cer\u00e1mica."},{"type":"paragraph","text":"Al mateix temps, a partir de les 12.00 hores, comen\u00e7ar\u00e0 tamb\u00e9 la diversi\u00f3 en la resta dels tallers i activitats de la Fan Zone: Play zone, pinta cares i un taller de Yellow Balloons."},{"type":"paragraph","text":"Aix\u00ed mateix, a la mateixa hora, La Pelona tindr\u00e0 el seu gran moment. I, a continuaci\u00f3, a partir de les 12.45 hores, ser\u00e0 el torn d\u2019Edgar Allan Pop. Totes dues bandes participen en la cinquena edici\u00f3 del Groc Talent, el concurs musical impulsat pel Villarreal CF en col\u00b7laboraci\u00f3 amb el SanSan Festival i l\u2019Ajuntament de Vila-real."},{"type":"paragraph","text":"La solidaritat tamb\u00e9 tindr\u00e0 cabuda en el Villarreal-Girona FC. A.V.A.F. (Associaci\u00f3 de Voluntaris d\u2019Acolliment Familiar) ser\u00e0 l\u2019associaci\u00f3 protagonista de la Graderia Solid\u00e0ria; una entitat que promou i fomenta l\u2019acolliment familiar a la prov\u00edncia de Castell\u00f3 com a dret fonamental per a tots els xiquets i adolescents que viuen en centres residencials, garantint el seu dret a viure en familiar. Aix\u00ed mateix, aquesta entitat comptar\u00e0 amb un espai en la pr\u00f2pia Fan Zone, visibilitzant aix\u00ed la seua labor."},{"type":"paragraph","text":"Immersi\u00f3n Villarreal obrir\u00e0 les seues portes amb motiu de la celebraci\u00f3 del partit davant el Girona FC. L\u2019horari d\u2019obertura ser\u00e0 d\u201911.00 a 12.00 hores i de 17.00 a 19.00 hores, tots dos torns \u00fanicament amb visita al Museu."},{"type":"paragraph","text":"Finalment, el Ofert\u00f3n del Partit ser\u00e0 un 25% en la jaqueta prematch, que es podr\u00e0 adquirir eixe mateix dia a la Tenda de l\u2019Estadio per tan sols 37,42\u20ac."}],"buttons":[],"images":[],"widgets":[],"blocks":[{"type":"heading","level":2,"text":"Les bandes de pop Edgar Allan Pop i de ska-rock La Pelona amenitzaran la pr\u00e8via en la pla\u00e7a de l\u2019Estadio de la Cer\u00e1mica amb les seues actuacions en la cinquena edici\u00f3 del Groc Talent"},{"type":"paragraph","text":"El Villarreal CF ha organitzat una s\u00e8rie d\u2019activitats per a amenitzar la pr\u00e8via del partit del pr\u00f2xim diumenge davant el Girona FC (14.00 hores), corresponent a la jornada 15 de LALIGA EA Sports, que es jugar\u00e0 en l\u2019Estadio de la Cer\u00e1mica."},{"type":"paragraph","text":"La Fan Zone comen\u00e7ar\u00e0 dues hores abans del partit amb la disputa d\u2019una nova jornada del Torneig 3\u00d73 Groguet, que es jugar\u00e0 en els camps inflables que s\u2019instal\u00b7len habitualment en la Pla\u00e7a de l\u2019Estadio de la Cer\u00e1mica."},{"type":"paragraph","text":"Al mateix temps, a partir de les 12.00 hores, comen\u00e7ar\u00e0 tamb\u00e9 la diversi\u00f3 en la resta dels tallers i activitats de la Fan Zone: Play zone, pinta cares i un taller de Yellow Balloons."},{"type":"paragraph","text":"Aix\u00ed mateix, a la mateixa hora, La Pelona tindr\u00e0 el seu gran moment. I, a continuaci\u00f3, a partir de les 12.45 hores, ser\u00e0 el torn d\u2019Edgar Allan Pop. Totes dues bandes participen en la cinquena edici\u00f3 del Groc Talent, el concurs musical impulsat pel Villarreal CF en col\u00b7laboraci\u00f3 amb el SanSan Festival i l\u2019Ajuntament de Vila-real."},{"type":"paragraph","text":"La solidaritat tamb\u00e9 tindr\u00e0 cabuda en el Villarreal-Girona FC. A.V.A.F. (Associaci\u00f3 de Voluntaris d\u2019Acolliment Familiar) ser\u00e0 l\u2019associaci\u00f3 protagonista de la Graderia Solid\u00e0ria; una entitat que promou i fomenta l\u2019acolliment familiar a la prov\u00edncia de Castell\u00f3 com a dret fonamental per a tots els xiquets i adolescents que viuen en centres residencials, garantint el seu dret a viure en familiar. Aix\u00ed mateix, aquesta entitat comptar\u00e0 amb un espai en la pr\u00f2pia Fan Zone, visibilitzant aix\u00ed la seua labor."},{"type":"paragraph","text":"Immersi\u00f3n Villarreal obrir\u00e0 les seues portes amb motiu de la celebraci\u00f3 del partit davant el Girona FC. L\u2019horari d\u2019obertura ser\u00e0 d\u201911.00 a 12.00 hores i de 17.00 a 19.00 hores, tots dos torns \u00fanicament amb visita al Museu."},{"type":"paragraph","text":"Finalment, el Ofert\u00f3n del Partit ser\u00e0 un 25% en la jaqueta prematch, que es podr\u00e0 adquirir eixe mateix dia a la Tenda de l\u2019Estadio per tan sols 37,42\u20ac."}]}},"sections":[{"id":"section-1","title":"Les bandes de pop Edgar Allan Pop i de ska-rock La Pelona amenitzaran la pr\u00e8via en la pla\u00e7a de l\u2019Estadio de la Cer\u00e1mica amb les seues actuacions en la cinquena edici\u00f3 del Groc Talent","text":"Les bandes de pop Edgar Allan Pop i de ska-rock La Pelona amenitzaran la pr\u00e8via en la pla\u00e7a de l\u2019Estadio de la Cer\u00e1mica amb les seues actuacions en la cinquena edici\u00f3 del Groc Talent El Villarreal CF ha organitzat una s\u00e8rie d\u2019activitats per a amenitzar la pr\u00e8via del partit del pr\u00f2xim diumenge davant el Girona FC (14.00 hores), corresponent a la jornada 15 de LALIGA EA Sports, que es jugar\u00e0 en l\u2019Estadio de la Cer\u00e1mica. La Fan Zone comen\u00e7ar\u00e0 dues hores abans del partit amb la disputa d\u2019una nova jornada del Torneig 3\u00d73 Groguet, que es jugar\u00e0 en els camps inflables que s\u2019instal\u00b7len habitualment en la Pla\u00e7a de l\u2019Estadio de la Cer\u00e1mica. Al mateix temps, a partir de les 12.00 hores, comen\u00e7ar\u00e0 tamb\u00e9 la diversi\u00f3 en la resta dels tallers i activitats de la Fan Zone: Play zone, pinta cares i un taller de Yellow Balloons. Aix\u00ed mateix, a la mateixa hora, La Pelona tindr\u00e0 el seu gran moment. I, a continuaci\u00f3, a partir de les 12.45 hores, ser\u00e0 el torn d\u2019Edgar Allan Pop. Totes dues bandes participen en la cinquena edici\u00f3 del Groc Talent, el concurs musical impulsat pel Villarreal CF en col\u00b7laboraci\u00f3 amb el SanSan Festival i l\u2019Ajuntament de Vila-real. La solidaritat tamb\u00e9 tindr\u00e0 cabuda en el Villarreal-Girona FC. A.V.A.F. (Associaci\u00f3 de Voluntaris d\u2019Acolliment Familiar) ser\u00e0 l\u2019associaci\u00f3 protagonista de la Graderia Solid\u00e0ria; una entitat que promou i fomenta l\u2019acolliment familiar a la prov\u00edncia de Castell\u00f3 com a dret fonamental per a tots els xiquets i adolescents que viuen en centres residencials, garantint el seu dret a viure en familiar. Aix\u00ed mateix, aquesta entitat comptar\u00e0 amb un espai en la pr\u00f2pia Fan Zone, visibilitzant aix\u00ed la seua labor. Immersi\u00f3n Villarreal obrir\u00e0 les seues portes amb motiu de la celebraci\u00f3 del partit davant el Girona FC. L\u2019horari d\u2019obertura ser\u00e0 d\u201911.00 a 12.00 hores i de 17.00 a 19.00 hores, tots dos torns \u00fanicament amb visita al Museu. Finalment, el Ofert\u00f3n del Partit ser\u00e0 un 25% en la jaqueta prematch, que es podr\u00e0 adquirir eixe mateix dia a la Tenda de l\u2019Estadio per tan sols 37,42\u20ac.","url":"","background_image":"","images":[],"videos":[],"links":[]}]},"excerpt":{"rendered":"Les bandes de pop Edgar Allan Pop i de ska-rock La Pelona amenitzaran la pr\u00e8via en la pla\u00e7a de l&#8217;Estadio de la Cer\u00e1mica amb les seues actuacions en la cinquena edici\u00f3 del Groc Talent","protected":false},"author":29,"featured_media":328421,"comment_status":"closed","ping_status":"closed","sticky":false,"template":"","format":"standard","meta":{"_acf_changed":false,"footnotes":""},"categories":[13493],"tags":[11429,717,13555,9717,11635,14765,9283,9278,9205,13556,13557],"acf":null,"lang":"val","translations":{"es":328418,"val":328423,"en":328445},"essential_grid":{"has_grid":false},"formatted_date":"November 29, 2024","modified_date":"November 28, 2024","permalink":"https:\/\/villarrealcf.es\/val\/pla-dactivitats-contra-el-contra-el-girona-fc\/","reading_time":2,"featured_media_data":{"id":328421,"title":"VillarrealCF-GetafeCF-037 web","caption":"","alt_text":"","description":"","mime_type":"image\/jpeg","source_url":"https:\/\/villarrealcf.es\/wp-content\/uploads\/2024\/11\/VillarrealCF-GetafeCF-037-web.jpg","sizes":{"thumbnail":{"url":"https:\/\/villarrealcf.es\/wp-content\/uploads\/2024\/11\/VillarrealCF-GetafeCF-037-web.jpg","width":1920,"height":1080},"medium":{"url":"https:\/\/villarrealcf.es\/wp-content\/uploads\/2024\/11\/VillarrealCF-GetafeCF-037-web.jpg","width":1920,"height":1080},"medium_large":{"url":"https:\/\/villarrealcf.es\/wp-content\/uploads\/2024\/11\/VillarrealCF-GetafeCF-037-web-768x432.jpg","width":768,"height":432},"large":{"url":"https:\/\/villarrealcf.es\/wp-content\/uploads\/2024\/11\/VillarrealCF-GetafeCF-037-web.jpg","width":788,"height":443},"1536x1536":{"url":"https:\/\/villarrealcf.es\/wp-content\/uploads\/2024\/11\/VillarrealCF-GetafeCF-037-web-1536x864.jpg","width":1536,"height":864},"2048x2048":{"url":"https:\/\/villarrealcf.es\/wp-content\/uploads\/2024\/11\/VillarrealCF-GetafeCF-037-web.jpg","width":1920,"height":1080},"tp-image-grid":{"url":"https:\/\/villarrealcf.es\/wp-content\/uploads\/2024\/11\/VillarrealCF-GetafeCF-037-web-700x700.jpg","width":700,"height":700},"size-bunyad-medium":{"url":"https:\/\/villarrealcf.es\/wp-content\/uploads\/2024\/11\/VillarrealCF-GetafeCF-037-web.jpg","width":1920,"height":1080},"sportspress-crop-medium":{"url":"https:\/\/villarrealcf.es\/wp-content\/uploads\/2024\/11\/VillarrealCF-GetafeCF-037-web-300x300.jpg","width":300,"height":300},"sportspress-fit-medium":{"url":"https:\/\/villarrealcf.es\/wp-content\/uploads\/2024\/11\/VillarrealCF-GetafeCF-037-web-300x169.jpg","width":300,"height":169},"sportspress-fit-icon":{"url":"https:\/\/villarrealcf.es\/wp-content\/uploads\/2024\/11\/VillarrealCF-GetafeCF-037-web-128x72.jpg","width":128,"height":72},"sportspress-fit-mini":{"url":"https:\/\/villarrealcf.es\/wp-content\/uploads\/2024\/11\/VillarrealCF-GetafeCF-037-web-32x18.jpg","width":32,"height":18},"bunyad-small":{"url":"https:\/\/villarrealcf.es\/wp-content\/uploads\/2024\/11\/VillarrealCF-GetafeCF-037-web-150x84.jpg","width":150,"height":84},"bunyad-medium":{"url":"https:\/\/villarrealcf.es\/wp-content\/uploads\/2024\/11\/VillarrealCF-GetafeCF-037-web-450x253.jpg","width":450,"height":253},"bunyad-full":{"url":"https:\/\/villarrealcf.es\/wp-content\/uploads\/2024\/11\/VillarrealCF-GetafeCF-037-web-1200x675.jpg","width":1200,"height":675},"bunyad-viewport":{"url":"https:\/\/villarrealcf.es\/wp-content\/uploads\/2024\/11\/VillarrealCF-GetafeCF-037-web.jpg","width":1920,"height":1080},"bunyad-768":{"url":"https:\/\/villarrealcf.es\/wp-content\/uploads\/2024\/11\/VillarrealCF-GetafeCF-037-web-768x432.jpg","width":768,"height":432},"full":{"url":"https:\/\/villarrealcf.es\/wp-content\/uploads\/2024\/11\/VillarrealCF-GetafeCF-037-web.jpg","width":1920,"height":1080}}},"author_data":{"id":"29","name":"Azahara Beroy","first_name":"Azahara","last_name":"Beroy","description":"","avatar_url":"https:\/\/secure.gravatar.com\/avatar\/91b979a91a1925e60814719244bbf7824af58ced5a6e2130c2611bde24439aa7?s=96&d=mm&r=g","acf":null},"taxonomies_data":{"category":[{"id":13493,"name":"Primer equip","slug":"primer-equip","acf":null}],"post_tag":[{"id":11429,"name":"Estadio de la Cer\u00e1mica","slug":"estadio-de-la-ceramica-val","acf":null},{"id":717,"name":"Football","slug":"football-d34","acf":null},{"id":13555,"name":"Futbol","slug":"futbol-val-2","acf":null},{"id":9717,"name":"Getafe CF","slug":"getafe-cf-val","acf":null},{"id":11635,"name":"Girona FC","slug":"girona-fc-val","acf":null},{"id":14765,"name":"LaLiga EA Sports","slug":"laliga-ea-sports-val","acf":null},{"id":9283,"name":"previa","slug":"previa-val","acf":null},{"id":9278,"name":"primera division","slug":"primera-division-val","acf":null},{"id":9205,"name":"Submarino","slug":"submarino-val","acf":null},{"id":13556,"name":"Submarino Amarillo","slug":"submarino-amarillo-val-2","acf":null},{"id":13557,"name":"Villarreal CF","slug":"villarreal-cf-val-2","acf":null}],"translation_priority":[{"id":735,"name":"Optional","slug":"optional-val","acf":null}]},"seo_full":{"native":{"title":"Pla d&#8217;activitats contra el contra el Girona FC - Web Oficial del Villarreal CF","description":"Les bandes de pop Edgar Allan Pop i de ska-rock La Pelona amenitzaran la pr\u00e8via en la pla\u00e7a de l'Estadio de la Cer\u00e1mica amb les seues actuacions en la cinquena edici\u00f3 del Groc Talent","canonical":"https:\/\/villarrealcf.es\/val\/pla-dactivitats-contra-el-contra-el-girona-fc\/"}},"_links":{"self":[{"href":"https:\/\/villarrealcf.es\/val\/wp-json\/wp\/v2\/posts\/328423","targetHints":{"allow":["GET"]}}],"collection":[{"href":"https:\/\/villarrealcf.es\/val\/wp-json\/wp\/v2\/posts"}],"about":[{"href":"https:\/\/villarrealcf.es\/val\/wp-json\/wp\/v2\/types\/post"}],"author":[{"embeddable":true,"href":"https:\/\/villarrealcf.es\/val\/wp-json\/wp\/v2\/users\/29"}],"replies":[{"embeddable":true,"href":"https:\/\/villarrealcf.es\/val\/wp-json\/wp\/v2\/comments?post=328423"}],"version-history":[{"count":0,"href":"https:\/\/villarrealcf.es\/val\/wp-json\/wp\/v2\/posts\/328423\/revisions"}],"wp:featuredmedia":[{"embeddable":true,"href":"https:\/\/villarrealcf.es\/val\/wp-json\/wp\/v2\/media\/328421"}],"wp:attachment":[{"href":"https:\/\/villarrealcf.es\/val\/wp-json\/wp\/v2\/media?parent=328423"}],"wp:term":[{"taxonomy":"category","embeddable":true,"href":"https:\/\/villarrealcf.es\/val\/wp-json\/wp\/v2\/categories?post=328423"},{"taxonomy":"post_tag","embeddable":true,"href":"https:\/\/villarrealcf.es\/val\/wp-json\/wp\/v2\/tags?post=328423"}],"curies":[{"name":"wp","href":"https:\/\/api.w.org\/{rel}","templated":true}]}}