{"id":327681,"date":"2024-11-27T17:20:00","date_gmt":"2024-11-27T16:20:00","guid":{"rendered":"https:\/\/villarrealcf.es\/yeremy-pino-y-elena-gil-visitan-el-ceip-lleonard-mingarro\/"},"modified":"2024-11-28T12:38:04","modified_gmt":"2024-11-28T11:38:04","slug":"yeremy-pino-i-elena-gil-visiten-el-ceip-lleonard-mingarro","status":"publish","type":"post","link":"https:\/\/villarrealcf.es\/val\/yeremy-pino-i-elena-gil-visiten-el-ceip-lleonard-mingarro\/","title":{"rendered":"Yeremy Pino i Elena Gil visiten el CEIP Lleonard Mingarro"},"content":{"protected":false,"blocks":[{"type":"heading","level":2,"text":"Els futbolistes del Villarreal han dirigit un cl\u00ednic amb els alumnes del col\u00b7legi de La Vall d\u2019Uix\u00f3"},{"type":"paragraph","text":"Els futbolistes grocs Yeremy Pino i Elena Gil han visitat este dimecres als alumnes del CEIP Lleonard Mingarro de La Vall d\u2019Uix\u00f3 gr\u00e0cies a l\u2019activitat \u2018Una Estrela en El teu Col\u00b7le\u2019, emmarcada en la iniciativa Endavant Club Groguet."},{"type":"paragraph","text":"Els joves estudiants del centre p\u00fablic han gaudit d\u2019una jornada \u00fanica i irrepetible gr\u00e0cies al cl\u00ednic que han dirigit tots dos atacants groguets, amb ajuda dels t\u00e8cnics de la Cantera Grogueta. D\u2019esta manera, els estudiants del centre han rebut alguns consells i han pogut pelotear amb els cracks del Submar\u00ed, aix\u00ed com fotografiar-se amb ells i aconseguir les seues firmes."},{"type":"video","kind":"iframe","url":"https:\/\/www.youtube.com\/embed\/xTTSDUtoM64?feature=oembed","poster":""},{"type":"paragraph","text":"El Villarreal CF, amb la joventut gr\u00e0cies a Endavant Club Groguet"},{"type":"paragraph","text":"El Villarreal CF organitza i promou activitats amb els m\u00e9s xicotets de la prov\u00edncia de Castell\u00f3 a trav\u00e9s del programa Endavant Club Groguet. Amb l\u2019activitat \u2018Una Estrela en El teu Col\u00b7le\u2019, el Submar\u00ed ha portat desenes de futbolistes del primer equip i Villarreal Femen\u00ed als centres educatius de la nostra prov\u00edncia des de la temporada 2014-15."},{"type":"paragraph","text":"Esta temporada, a m\u00e9s de la visita de Yeremy Pino i Elena Gil al CEIP Lleonard Mingarro, Juan Bernat i Carmen Carbonell van acudir tamb\u00e9 al CEIP Luis Vives de Xilxes."}],"structured":{"summary":{"text":"Els futbolistes del Villarreal han dirigit un cl\u00ednic amb els alumnes del col\u00b7legi de La Vall d\u2019Uix\u00f3 Els futbolistes grocs Yeremy Pino i Elena Gil han visitat este dimecres als alumnes del CEIP Lleonard Mingarro de La Vall d\u2019Uix\u00f3 gr\u00e0cies a l\u2019activitat \u2018Una Estrela en El teu Col\u00b7le\u2019, emmarcada en la iniciativa Endavant Club Groguet. Els joves estudiants del centre p\u00fablic han gaudit d\u2019una jornada \u00fanica i irrepetible gr\u00e0cies al cl\u00ednic que han dirigit tots dos atacants groguets, amb ajuda dels t\u00e8cnics de la Cantera Grogueta. D\u2019esta manera, els estudiants del centre han rebut alguns consells i han pogut pelotear amb els cracks del Submar\u00ed, aix\u00ed com fotografiar-se amb ells i aconseguir les seues firmes. El Villarreal CF, amb la joventut gr\u00e0cies a Endavant Club Groguet El Villarreal CF organitza i promou activitats amb els m\u00e9s xicotets de la prov\u00edncia de Castell\u00f3 a trav\u00e9s del programa Endavant Club Groguet. Amb l\u2019activitat \u2018Una Estrela en El teu Col\u00b7le\u2019, el Submar\u00ed ha portat desenes de futbolistes del primer equip i Villarreal Femen\u00ed als centres educatius de la nostra prov\u00edncia des de la temporada 2014-15. Esta temporada, a m\u00e9s de la visita de Yeremy Pino i Elena Gil al CEIP Lleonard Mingarro, Juan Bernat i Carmen Carbonell van acudir tamb\u00e9 al CEIP Luis Vives de Xilxes.","headings":[{"type":"heading","level":2,"text":"Els futbolistes del Villarreal han dirigit un cl\u00ednic amb els alumnes del col\u00b7legi de La Vall d\u2019Uix\u00f3"}],"buttons":[],"images":[],"counts":{"blocks":7,"headings":1,"texts":5,"buttons":0,"images":0}},"sections":[{"id":"section-1","title":"Els futbolistes del Villarreal han dirigit un cl\u00ednic amb els alumnes del col\u00b7legi de La Vall d\u2019Uix\u00f3","text":"Els futbolistes del Villarreal han dirigit un cl\u00ednic amb els alumnes del col\u00b7legi de La Vall d\u2019Uix\u00f3 Els futbolistes grocs Yeremy Pino i Elena Gil han visitat este dimecres als alumnes del CEIP Lleonard Mingarro de La Vall d\u2019Uix\u00f3 gr\u00e0cies a l\u2019activitat \u2018Una Estrela en El teu Col\u00b7le\u2019, emmarcada en la iniciativa Endavant Club Groguet. Els joves estudiants del centre p\u00fablic han gaudit d\u2019una jornada \u00fanica i irrepetible gr\u00e0cies al cl\u00ednic que han dirigit tots dos atacants groguets, amb ajuda dels t\u00e8cnics de la Cantera Grogueta. D\u2019esta manera, els estudiants del centre han rebut alguns consells i han pogut pelotear amb els cracks del Submar\u00ed, aix\u00ed com fotografiar-se amb ells i aconseguir les seues firmes. El Villarreal CF, amb la joventut gr\u00e0cies a Endavant Club Groguet El Villarreal CF organitza i promou activitats amb els m\u00e9s xicotets de la prov\u00edncia de Castell\u00f3 a trav\u00e9s del programa Endavant Club Groguet. Amb l\u2019activitat \u2018Una Estrela en El teu Col\u00b7le\u2019, el Submar\u00ed ha portat desenes de futbolistes del primer equip i Villarreal Femen\u00ed als centres educatius de la nostra prov\u00edncia des de la temporada 2014-15. Esta temporada, a m\u00e9s de la visita de Yeremy Pino i Elena Gil al CEIP Lleonard Mingarro, Juan Bernat i Carmen Carbonell van acudir tamb\u00e9 al CEIP Luis Vives de Xilxes.","headings":[{"type":"heading","level":2,"text":"Els futbolistes del Villarreal han dirigit un cl\u00ednic amb els alumnes del col\u00b7legi de La Vall d\u2019Uix\u00f3"}],"texts":[{"type":"paragraph","text":"Els futbolistes grocs Yeremy Pino i Elena Gil han visitat este dimecres als alumnes del CEIP Lleonard Mingarro de La Vall d\u2019Uix\u00f3 gr\u00e0cies a l\u2019activitat \u2018Una Estrela en El teu Col\u00b7le\u2019, emmarcada en la iniciativa Endavant Club Groguet."},{"type":"paragraph","text":"Els joves estudiants del centre p\u00fablic han gaudit d\u2019una jornada \u00fanica i irrepetible gr\u00e0cies al cl\u00ednic que han dirigit tots dos atacants groguets, amb ajuda dels t\u00e8cnics de la Cantera Grogueta. D\u2019esta manera, els estudiants del centre han rebut alguns consells i han pogut pelotear amb els cracks del Submar\u00ed, aix\u00ed com fotografiar-se amb ells i aconseguir les seues firmes."},{"type":"paragraph","text":"El Villarreal CF, amb la joventut gr\u00e0cies a Endavant Club Groguet"},{"type":"paragraph","text":"El Villarreal CF organitza i promou activitats amb els m\u00e9s xicotets de la prov\u00edncia de Castell\u00f3 a trav\u00e9s del programa Endavant Club Groguet. Amb l\u2019activitat \u2018Una Estrela en El teu Col\u00b7le\u2019, el Submar\u00ed ha portat desenes de futbolistes del primer equip i Villarreal Femen\u00ed als centres educatius de la nostra prov\u00edncia des de la temporada 2014-15."},{"type":"paragraph","text":"Esta temporada, a m\u00e9s de la visita de Yeremy Pino i Elena Gil al CEIP Lleonard Mingarro, Juan Bernat i Carmen Carbonell van acudir tamb\u00e9 al CEIP Luis Vives de Xilxes."}],"buttons":[],"images":[],"widgets":[],"blocks":[{"type":"heading","level":2,"text":"Els futbolistes del Villarreal han dirigit un cl\u00ednic amb els alumnes del col\u00b7legi de La Vall d\u2019Uix\u00f3"},{"type":"paragraph","text":"Els futbolistes grocs Yeremy Pino i Elena Gil han visitat este dimecres als alumnes del CEIP Lleonard Mingarro de La Vall d\u2019Uix\u00f3 gr\u00e0cies a l\u2019activitat \u2018Una Estrela en El teu Col\u00b7le\u2019, emmarcada en la iniciativa Endavant Club Groguet."},{"type":"paragraph","text":"Els joves estudiants del centre p\u00fablic han gaudit d\u2019una jornada \u00fanica i irrepetible gr\u00e0cies al cl\u00ednic que han dirigit tots dos atacants groguets, amb ajuda dels t\u00e8cnics de la Cantera Grogueta. D\u2019esta manera, els estudiants del centre han rebut alguns consells i han pogut pelotear amb els cracks del Submar\u00ed, aix\u00ed com fotografiar-se amb ells i aconseguir les seues firmes."},{"type":"video","kind":"iframe","url":"https:\/\/www.youtube.com\/embed\/xTTSDUtoM64?feature=oembed","poster":""},{"type":"paragraph","text":"El Villarreal CF, amb la joventut gr\u00e0cies a Endavant Club Groguet"},{"type":"paragraph","text":"El Villarreal CF organitza i promou activitats amb els m\u00e9s xicotets de la prov\u00edncia de Castell\u00f3 a trav\u00e9s del programa Endavant Club Groguet. Amb l\u2019activitat \u2018Una Estrela en El teu Col\u00b7le\u2019, el Submar\u00ed ha portat desenes de futbolistes del primer equip i Villarreal Femen\u00ed als centres educatius de la nostra prov\u00edncia des de la temporada 2014-15."},{"type":"paragraph","text":"Esta temporada, a m\u00e9s de la visita de Yeremy Pino i Elena Gil al CEIP Lleonard Mingarro, Juan Bernat i Carmen Carbonell van acudir tamb\u00e9 al CEIP Luis Vives de Xilxes."}]}],"hero":{"id":"section-1","title":"Els futbolistes del Villarreal han dirigit un cl\u00ednic amb els alumnes del col\u00b7legi de La Vall d\u2019Uix\u00f3","text":"Els futbolistes del Villarreal han dirigit un cl\u00ednic amb els alumnes del col\u00b7legi de La Vall d\u2019Uix\u00f3 Els futbolistes grocs Yeremy Pino i Elena Gil han visitat este dimecres als alumnes del CEIP Lleonard Mingarro de La Vall d\u2019Uix\u00f3 gr\u00e0cies a l\u2019activitat \u2018Una Estrela en El teu Col\u00b7le\u2019, emmarcada en la iniciativa Endavant Club Groguet. Els joves estudiants del centre p\u00fablic han gaudit d\u2019una jornada \u00fanica i irrepetible gr\u00e0cies al cl\u00ednic que han dirigit tots dos atacants groguets, amb ajuda dels t\u00e8cnics de la Cantera Grogueta. D\u2019esta manera, els estudiants del centre han rebut alguns consells i han pogut pelotear amb els cracks del Submar\u00ed, aix\u00ed com fotografiar-se amb ells i aconseguir les seues firmes. El Villarreal CF, amb la joventut gr\u00e0cies a Endavant Club Groguet El Villarreal CF organitza i promou activitats amb els m\u00e9s xicotets de la prov\u00edncia de Castell\u00f3 a trav\u00e9s del programa Endavant Club Groguet. Amb l\u2019activitat \u2018Una Estrela en El teu Col\u00b7le\u2019, el Submar\u00ed ha portat desenes de futbolistes del primer equip i Villarreal Femen\u00ed als centres educatius de la nostra prov\u00edncia des de la temporada 2014-15. Esta temporada, a m\u00e9s de la visita de Yeremy Pino i Elena Gil al CEIP Lleonard Mingarro, Juan Bernat i Carmen Carbonell van acudir tamb\u00e9 al CEIP Luis Vives de Xilxes.","headings":[{"type":"heading","level":2,"text":"Els futbolistes del Villarreal han dirigit un cl\u00ednic amb els alumnes del col\u00b7legi de La Vall d\u2019Uix\u00f3"}],"texts":[{"type":"paragraph","text":"Els futbolistes grocs Yeremy Pino i Elena Gil han visitat este dimecres als alumnes del CEIP Lleonard Mingarro de La Vall d\u2019Uix\u00f3 gr\u00e0cies a l\u2019activitat \u2018Una Estrela en El teu Col\u00b7le\u2019, emmarcada en la iniciativa Endavant Club Groguet."},{"type":"paragraph","text":"Els joves estudiants del centre p\u00fablic han gaudit d\u2019una jornada \u00fanica i irrepetible gr\u00e0cies al cl\u00ednic que han dirigit tots dos atacants groguets, amb ajuda dels t\u00e8cnics de la Cantera Grogueta. D\u2019esta manera, els estudiants del centre han rebut alguns consells i han pogut pelotear amb els cracks del Submar\u00ed, aix\u00ed com fotografiar-se amb ells i aconseguir les seues firmes."},{"type":"paragraph","text":"El Villarreal CF, amb la joventut gr\u00e0cies a Endavant Club Groguet"},{"type":"paragraph","text":"El Villarreal CF organitza i promou activitats amb els m\u00e9s xicotets de la prov\u00edncia de Castell\u00f3 a trav\u00e9s del programa Endavant Club Groguet. Amb l\u2019activitat \u2018Una Estrela en El teu Col\u00b7le\u2019, el Submar\u00ed ha portat desenes de futbolistes del primer equip i Villarreal Femen\u00ed als centres educatius de la nostra prov\u00edncia des de la temporada 2014-15."},{"type":"paragraph","text":"Esta temporada, a m\u00e9s de la visita de Yeremy Pino i Elena Gil al CEIP Lleonard Mingarro, Juan Bernat i Carmen Carbonell van acudir tamb\u00e9 al CEIP Luis Vives de Xilxes."}],"buttons":[],"images":[],"widgets":[],"blocks":[{"type":"heading","level":2,"text":"Els futbolistes del Villarreal han dirigit un cl\u00ednic amb els alumnes del col\u00b7legi de La Vall d\u2019Uix\u00f3"},{"type":"paragraph","text":"Els futbolistes grocs Yeremy Pino i Elena Gil han visitat este dimecres als alumnes del CEIP Lleonard Mingarro de La Vall d\u2019Uix\u00f3 gr\u00e0cies a l\u2019activitat \u2018Una Estrela en El teu Col\u00b7le\u2019, emmarcada en la iniciativa Endavant Club Groguet."},{"type":"paragraph","text":"Els joves estudiants del centre p\u00fablic han gaudit d\u2019una jornada \u00fanica i irrepetible gr\u00e0cies al cl\u00ednic que han dirigit tots dos atacants groguets, amb ajuda dels t\u00e8cnics de la Cantera Grogueta. D\u2019esta manera, els estudiants del centre han rebut alguns consells i han pogut pelotear amb els cracks del Submar\u00ed, aix\u00ed com fotografiar-se amb ells i aconseguir les seues firmes."},{"type":"video","kind":"iframe","url":"https:\/\/www.youtube.com\/embed\/xTTSDUtoM64?feature=oembed","poster":""},{"type":"paragraph","text":"El Villarreal CF, amb la joventut gr\u00e0cies a Endavant Club Groguet"},{"type":"paragraph","text":"El Villarreal CF organitza i promou activitats amb els m\u00e9s xicotets de la prov\u00edncia de Castell\u00f3 a trav\u00e9s del programa Endavant Club Groguet. Amb l\u2019activitat \u2018Una Estrela en El teu Col\u00b7le\u2019, el Submar\u00ed ha portat desenes de futbolistes del primer equip i Villarreal Femen\u00ed als centres educatius de la nostra prov\u00edncia des de la temporada 2014-15."},{"type":"paragraph","text":"Esta temporada, a m\u00e9s de la visita de Yeremy Pino i Elena Gil al CEIP Lleonard Mingarro, Juan Bernat i Carmen Carbonell van acudir tamb\u00e9 al CEIP Luis Vives de Xilxes."}]}},"sections":[{"id":"section-1","title":"Els futbolistes del Villarreal han dirigit un cl\u00ednic amb els alumnes del col\u00b7legi de La Vall d\u2019Uix\u00f3","text":"Els futbolistes del Villarreal han dirigit un cl\u00ednic amb els alumnes del col\u00b7legi de La Vall d\u2019Uix\u00f3 Els futbolistes grocs Yeremy Pino i Elena Gil han visitat este dimecres als alumnes del CEIP Lleonard Mingarro de La Vall d\u2019Uix\u00f3 gr\u00e0cies a l\u2019activitat \u2018Una Estrela en El teu Col\u00b7le\u2019, emmarcada en la iniciativa Endavant Club Groguet. Els joves estudiants del centre p\u00fablic han gaudit d\u2019una jornada \u00fanica i irrepetible gr\u00e0cies al cl\u00ednic que han dirigit tots dos atacants groguets, amb ajuda dels t\u00e8cnics de la Cantera Grogueta. D\u2019esta manera, els estudiants del centre han rebut alguns consells i han pogut pelotear amb els cracks del Submar\u00ed, aix\u00ed com fotografiar-se amb ells i aconseguir les seues firmes. El Villarreal CF, amb la joventut gr\u00e0cies a Endavant Club Groguet El Villarreal CF organitza i promou activitats amb els m\u00e9s xicotets de la prov\u00edncia de Castell\u00f3 a trav\u00e9s del programa Endavant Club Groguet. Amb l\u2019activitat \u2018Una Estrela en El teu Col\u00b7le\u2019, el Submar\u00ed ha portat desenes de futbolistes del primer equip i Villarreal Femen\u00ed als centres educatius de la nostra prov\u00edncia des de la temporada 2014-15. Esta temporada, a m\u00e9s de la visita de Yeremy Pino i Elena Gil al CEIP Lleonard Mingarro, Juan Bernat i Carmen Carbonell van acudir tamb\u00e9 al CEIP Luis Vives de Xilxes.","url":"","background_image":"","images":[],"videos":[{"type":"video","kind":"iframe","url":"https:\/\/www.youtube.com\/embed\/xTTSDUtoM64?feature=oembed","poster":""}],"links":[]}]},"excerpt":{"rendered":"Els futbolistes del Villarreal han dirigit un cl\u00ednic amb els alumnes del col\u00b7legi de La Vall d&#8217;Uix\u00f3","protected":false},"author":25,"featured_media":328252,"comment_status":"closed","ping_status":"closed","sticky":false,"template":"","format":"standard","meta":{"_acf_changed":false,"footnotes":""},"categories":[13509],"tags":[15864,9242,9287,717,16198,716,9205,13556,10817,13557,12622],"acf":null,"lang":"val","translations":{"es":327674,"val":327681,"en":327939},"essential_grid":{"has_grid":false},"formatted_date":"November 27, 2024","modified_date":"November 28, 2024","permalink":"https:\/\/villarrealcf.es\/val\/yeremy-pino-i-elena-gil-visiten-el-ceip-lleonard-mingarro\/","reading_time":2,"featured_media_data":{"id":328252,"title":"YeremyPino+","caption":"","alt_text":"","description":"","mime_type":"image\/jpeg","source_url":"https:\/\/villarrealcf.es\/wp-content\/uploads\/2024\/11\/YeremyPino.jpg","sizes":{"thumbnail":{"url":"https:\/\/villarrealcf.es\/wp-content\/uploads\/2024\/11\/YeremyPino.jpg","width":1920,"height":1080},"medium":{"url":"https:\/\/villarrealcf.es\/wp-content\/uploads\/2024\/11\/YeremyPino.jpg","width":1920,"height":1080},"medium_large":{"url":"https:\/\/villarrealcf.es\/wp-content\/uploads\/2024\/11\/YeremyPino-768x432.jpg","width":768,"height":432},"large":{"url":"https:\/\/villarrealcf.es\/wp-content\/uploads\/2024\/11\/YeremyPino.jpg","width":788,"height":443},"1536x1536":{"url":"https:\/\/villarrealcf.es\/wp-content\/uploads\/2024\/11\/YeremyPino-1536x864.jpg","width":1536,"height":864},"2048x2048":{"url":"https:\/\/villarrealcf.es\/wp-content\/uploads\/2024\/11\/YeremyPino.jpg","width":1920,"height":1080},"tp-image-grid":{"url":"https:\/\/villarrealcf.es\/wp-content\/uploads\/2024\/11\/YeremyPino-700x700.jpg","width":700,"height":700},"size-bunyad-medium":{"url":"https:\/\/villarrealcf.es\/wp-content\/uploads\/2024\/11\/YeremyPino.jpg","width":1920,"height":1080},"sportspress-crop-medium":{"url":"https:\/\/villarrealcf.es\/wp-content\/uploads\/2024\/11\/YeremyPino-300x300.jpg","width":300,"height":300},"sportspress-fit-medium":{"url":"https:\/\/villarrealcf.es\/wp-content\/uploads\/2024\/11\/YeremyPino-300x169.jpg","width":300,"height":169},"sportspress-fit-icon":{"url":"https:\/\/villarrealcf.es\/wp-content\/uploads\/2024\/11\/YeremyPino-128x72.jpg","width":128,"height":72},"sportspress-fit-mini":{"url":"https:\/\/villarrealcf.es\/wp-content\/uploads\/2024\/11\/YeremyPino-32x18.jpg","width":32,"height":18},"bunyad-small":{"url":"https:\/\/villarrealcf.es\/wp-content\/uploads\/2024\/11\/YeremyPino-150x84.jpg","width":150,"height":84},"bunyad-medium":{"url":"https:\/\/villarrealcf.es\/wp-content\/uploads\/2024\/11\/YeremyPino-450x253.jpg","width":450,"height":253},"bunyad-full":{"url":"https:\/\/villarrealcf.es\/wp-content\/uploads\/2024\/11\/YeremyPino-1200x675.jpg","width":1200,"height":675},"bunyad-viewport":{"url":"https:\/\/villarrealcf.es\/wp-content\/uploads\/2024\/11\/YeremyPino.jpg","width":1920,"height":1080},"bunyad-768":{"url":"https:\/\/villarrealcf.es\/wp-content\/uploads\/2024\/11\/YeremyPino-768x432.jpg","width":768,"height":432},"full":{"url":"https:\/\/villarrealcf.es\/wp-content\/uploads\/2024\/11\/YeremyPino.jpg","width":1920,"height":1080}}},"author_data":{"id":"25","name":"Javier Ayuso","first_name":"Javier","last_name":"Ayuso","description":"","avatar_url":"https:\/\/secure.gravatar.com\/avatar\/fcf8894be45988fcce5bbff0efe1790d2a7f4ba57e2c7c898f5068154e696495?s=96&d=mm&r=g","acf":null},"taxonomies_data":{"category":[{"id":13509,"name":"Endavant","slug":"endavant-val","acf":null}],"post_tag":[{"id":15864,"name":"Elena Gil","slug":"elena-gil-val","acf":null},{"id":9242,"name":"Endavant","slug":"endavant-val-2","acf":null},{"id":9287,"name":"Endavant Club Groguet","slug":"endavant-club-groguet-val-2","acf":null},{"id":717,"name":"Football","slug":"football-d34","acf":null},{"id":16198,"name":"F\u00fatbol","slug":"futbol-3-val","acf":null},{"id":716,"name":"Soccer","slug":"soccer-d105","acf":null},{"id":9205,"name":"Submarino","slug":"submarino-val","acf":null},{"id":13556,"name":"Submarino Amarillo","slug":"submarino-amarillo-val-2","acf":null},{"id":10817,"name":"Una Estrella en tu Cole","slug":"una-estrella-en-tu-cole-val","acf":null},{"id":13557,"name":"Villarreal CF","slug":"villarreal-cf-val-2","acf":null},{"id":12622,"name":"Yeremy Pino","slug":"yeremy-pino-val","acf":null}],"translation_priority":[{"id":735,"name":"Optional","slug":"optional-val","acf":null}]},"seo_full":{"native":{"title":"Yeremy Pino i Elena Gil visiten el CEIP Lleonard Mingarro - Web Oficial del Villarreal CF","description":"Els futbolistes del Villarreal han dirigit un cl\u00ednic amb els alumnes del col\u00b7legi de La Vall d'Uix\u00f3","canonical":"https:\/\/villarrealcf.es\/val\/yeremy-pino-i-elena-gil-visiten-el-ceip-lleonard-mingarro\/"}},"_links":{"self":[{"href":"https:\/\/villarrealcf.es\/val\/wp-json\/wp\/v2\/posts\/327681","targetHints":{"allow":["GET"]}}],"collection":[{"href":"https:\/\/villarrealcf.es\/val\/wp-json\/wp\/v2\/posts"}],"about":[{"href":"https:\/\/villarrealcf.es\/val\/wp-json\/wp\/v2\/types\/post"}],"author":[{"embeddable":true,"href":"https:\/\/villarrealcf.es\/val\/wp-json\/wp\/v2\/users\/25"}],"replies":[{"embeddable":true,"href":"https:\/\/villarrealcf.es\/val\/wp-json\/wp\/v2\/comments?post=327681"}],"version-history":[{"count":0,"href":"https:\/\/villarrealcf.es\/val\/wp-json\/wp\/v2\/posts\/327681\/revisions"}],"wp:featuredmedia":[{"embeddable":true,"href":"https:\/\/villarrealcf.es\/val\/wp-json\/wp\/v2\/media\/328252"}],"wp:attachment":[{"href":"https:\/\/villarrealcf.es\/val\/wp-json\/wp\/v2\/media?parent=327681"}],"wp:term":[{"taxonomy":"category","embeddable":true,"href":"https:\/\/villarrealcf.es\/val\/wp-json\/wp\/v2\/categories?post=327681"},{"taxonomy":"post_tag","embeddable":true,"href":"https:\/\/villarrealcf.es\/val\/wp-json\/wp\/v2\/tags?post=327681"}],"curies":[{"name":"wp","href":"https:\/\/api.w.org\/{rel}","templated":true}]}}