{"id":327487,"date":"2024-11-26T14:01:47","date_gmt":"2024-11-26T13:01:47","guid":{"rendered":"https:\/\/villarrealcf.es\/los-alumnos-de-rrll-y-rrhh-de-la-uji-visitan-la-ceramica\/"},"modified":"2024-11-28T10:41:22","modified_gmt":"2024-11-28T09:41:22","slug":"els-alumnes-de-rl-i-rh-de-luji-visiten-la-ceramica","status":"publish","type":"post","link":"https:\/\/villarrealcf.es\/val\/els-alumnes-de-rl-i-rh-de-luji-visiten-la-ceramica\/","title":{"rendered":"Els alumnes de l&#8217;UJI visiten La Cer\u00e1mica"},"content":{"protected":false,"blocks":[{"type":"text","widget":"text-editor","text":"El departament de RH del Villarreal ha fet una xarrada als estudiants de RL i RH, Turisme i de un postgau de Direcci\u00f3 de Recursos Humans Els alumnes del del Grau de Relacions Laborals i Recursos Humans, Turisme i del Postgrau M\u00e0ster de Formaci\u00f3 Permanent en Direcci\u00f3 de Recursos Humans de la Universitat Jaume I han visitat este dimarts l\u2019Estadio de la Cer\u00e1mica per a assistir a una confer\u00e8ncia impartida pels membres del Departament de Recursos Humans del Villarreal CF. Els responsables de RH de la companyia han explicat als estudiants la forma de treball, particularitats i desafiaments de la seua activitat emmarcada en un club de futbol d\u2019elit. Despr\u00e9s de la confer\u00e8ncia, celebrada a la sala de premsa de l\u2019Estadio de la Cer\u00e1mica, els joves alumnes de l\u2019UJI van gaudir d\u2019una visita guiada pels llocs m\u00e9s exclusius del camp groguet. Esta especial visita forma part de l\u2019acord que mant\u00e9 el Villarreal CF amb la Universitat Jaume I, gr\u00e0cies al projecte Endavant Formaci\u00f3 del club groc.","paragraphs":["Els alumnes del del Grau de Relacions Laborals i Recursos Humans, Turisme i del Postgrau M\u00e0ster de Formaci\u00f3 Permanent en Direcci\u00f3 de Recursos Humans de la Universitat Jaume I han visitat este dimarts l\u2019Estadio de la Cer\u00e1mica per a assistir a una confer\u00e8ncia impartida pels membres del Departament de Recursos Humans del Villarreal CF.","Els responsables de RH de la companyia han explicat als estudiants la forma de treball, particularitats i desafiaments de la seua activitat emmarcada en un club de futbol d\u2019elit. Despr\u00e9s de la confer\u00e8ncia, celebrada a la sala de premsa de l\u2019Estadio de la Cer\u00e1mica, els joves alumnes de l\u2019UJI van gaudir d\u2019una visita guiada pels llocs m\u00e9s exclusius del camp groguet.","Esta especial visita forma part de l\u2019acord que mant\u00e9 el Villarreal CF amb la Universitat Jaume I, gr\u00e0cies al projecte Endavant Formaci\u00f3 del club groc."]},{"type":"gallery","widget":"gallery","items":[{"url":"https:\/\/villarrealcf.es\/wp-content\/uploads\/2024\/11\/20241126-VisitaEstudiantesUJIEstadio-001-scaled.jpg","title":"20241126-VisitaEstudiantesUJIEstadio-001","thumbnail":"https:\/\/villarrealcf.es\/wp-content\/uploads\/2024\/11\/20241126-VisitaEstudiantesUJIEstadio-001-1620x1080.jpg","width":1620,"height":1080},{"url":"https:\/\/villarrealcf.es\/wp-content\/uploads\/2024\/11\/20241126-VisitaEstudiantesUJIEstadio-002-scaled.jpg","title":"20241126-VisitaEstudiantesUJIEstadio-002","thumbnail":"https:\/\/villarrealcf.es\/wp-content\/uploads\/2024\/11\/20241126-VisitaEstudiantesUJIEstadio-002-1620x1080.jpg","width":1620,"height":1080},{"url":"https:\/\/villarrealcf.es\/wp-content\/uploads\/2024\/11\/20241126-VisitaEstudiantesUJIEstadio-003-scaled.jpg","title":"20241126-VisitaEstudiantesUJIEstadio-003","thumbnail":"https:\/\/villarrealcf.es\/wp-content\/uploads\/2024\/11\/20241126-VisitaEstudiantesUJIEstadio-003-1620x1080.jpg","width":1620,"height":1080},{"url":"https:\/\/villarrealcf.es\/wp-content\/uploads\/2024\/11\/20241126-VisitaEstudiantesUJIEstadio-004-scaled.jpg","title":"20241126-VisitaEstudiantesUJIEstadio-004","thumbnail":"https:\/\/villarrealcf.es\/wp-content\/uploads\/2024\/11\/20241126-VisitaEstudiantesUJIEstadio-004-1620x1080.jpg","width":1620,"height":1080},{"url":"https:\/\/villarrealcf.es\/wp-content\/uploads\/2024\/11\/20241126-VisitaEstudiantesUJIEstadio-005-scaled.jpg","title":"20241126-VisitaEstudiantesUJIEstadio-005","thumbnail":"https:\/\/villarrealcf.es\/wp-content\/uploads\/2024\/11\/20241126-VisitaEstudiantesUJIEstadio-005-1620x1080.jpg","width":1620,"height":1080},{"url":"https:\/\/villarrealcf.es\/wp-content\/uploads\/2024\/11\/20241126-VisitaEstudiantesUJIEstadio-006-scaled.jpg","title":"20241126-VisitaEstudiantesUJIEstadio-006","thumbnail":"https:\/\/villarrealcf.es\/wp-content\/uploads\/2024\/11\/20241126-VisitaEstudiantesUJIEstadio-006-1620x1080.jpg","width":1620,"height":1080},{"url":"https:\/\/villarrealcf.es\/wp-content\/uploads\/2024\/11\/20241126-VisitaEstudiantesUJIEstadio-007-scaled.jpg","title":"20241126-VisitaEstudiantesUJIEstadio-007","thumbnail":"https:\/\/villarrealcf.es\/wp-content\/uploads\/2024\/11\/20241126-VisitaEstudiantesUJIEstadio-007-1620x1080.jpg","width":1620,"height":1080},{"url":"https:\/\/villarrealcf.es\/wp-content\/uploads\/2024\/11\/20241126-VisitaEstudiantesUJIEstadio-008-scaled.jpg","title":"20241126-VisitaEstudiantesUJIEstadio-008","thumbnail":"https:\/\/villarrealcf.es\/wp-content\/uploads\/2024\/11\/20241126-VisitaEstudiantesUJIEstadio-008-1620x1080.jpg","width":1620,"height":1080},{"url":"https:\/\/villarrealcf.es\/wp-content\/uploads\/2024\/11\/20241126-VisitaEstudiantesUJIEstadio-009-scaled.jpg","title":"20241126-VisitaEstudiantesUJIEstadio-009","thumbnail":"https:\/\/villarrealcf.es\/wp-content\/uploads\/2024\/11\/20241126-VisitaEstudiantesUJIEstadio-009-1620x1080.jpg","width":1620,"height":1080},{"url":"https:\/\/villarrealcf.es\/wp-content\/uploads\/2024\/11\/20241126-VisitaEstudiantesUJIEstadio-018-scaled.jpg","title":"20241126-VisitaEstudiantesUJIEstadio-018","thumbnail":"https:\/\/villarrealcf.es\/wp-content\/uploads\/2024\/11\/20241126-VisitaEstudiantesUJIEstadio-018-1620x1080.jpg","width":1620,"height":1080},{"url":"https:\/\/villarrealcf.es\/wp-content\/uploads\/2024\/11\/20241126-VisitaEstudiantesUJIEstadio-017-scaled.jpg","title":"20241126-VisitaEstudiantesUJIEstadio-017","thumbnail":"https:\/\/villarrealcf.es\/wp-content\/uploads\/2024\/11\/20241126-VisitaEstudiantesUJIEstadio-017-1620x1080.jpg","width":1620,"height":1080},{"url":"https:\/\/villarrealcf.es\/wp-content\/uploads\/2024\/11\/20241126-VisitaEstudiantesUJIEstadio-016-scaled.jpg","title":"20241126-VisitaEstudiantesUJIEstadio-016","thumbnail":"https:\/\/villarrealcf.es\/wp-content\/uploads\/2024\/11\/20241126-VisitaEstudiantesUJIEstadio-016-1620x1080.jpg","width":1620,"height":1080},{"url":"https:\/\/villarrealcf.es\/wp-content\/uploads\/2024\/11\/20241126-VisitaEstudiantesUJIEstadio-015-scaled.jpg","title":"20241126-VisitaEstudiantesUJIEstadio-015","thumbnail":"https:\/\/villarrealcf.es\/wp-content\/uploads\/2024\/11\/20241126-VisitaEstudiantesUJIEstadio-015-1620x1080.jpg","width":1620,"height":1080},{"url":"https:\/\/villarrealcf.es\/wp-content\/uploads\/2024\/11\/20241126-VisitaEstudiantesUJIEstadio-014-scaled.jpg","title":"20241126-VisitaEstudiantesUJIEstadio-014","thumbnail":"https:\/\/villarrealcf.es\/wp-content\/uploads\/2024\/11\/20241126-VisitaEstudiantesUJIEstadio-014-1620x1080.jpg","width":1620,"height":1080},{"url":"https:\/\/villarrealcf.es\/wp-content\/uploads\/2024\/11\/20241126-VisitaEstudiantesUJIEstadio-013-scaled.jpg","title":"20241126-VisitaEstudiantesUJIEstadio-013","thumbnail":"https:\/\/villarrealcf.es\/wp-content\/uploads\/2024\/11\/20241126-VisitaEstudiantesUJIEstadio-013-1620x1080.jpg","width":1620,"height":1080},{"url":"https:\/\/villarrealcf.es\/wp-content\/uploads\/2024\/11\/20241126-VisitaEstudiantesUJIEstadio-012-scaled.jpg","title":"20241126-VisitaEstudiantesUJIEstadio-012","thumbnail":"https:\/\/villarrealcf.es\/wp-content\/uploads\/2024\/11\/20241126-VisitaEstudiantesUJIEstadio-012-1620x1080.jpg","width":1620,"height":1080},{"url":"https:\/\/villarrealcf.es\/wp-content\/uploads\/2024\/11\/20241126-VisitaEstudiantesUJIEstadio-011-scaled.jpg","title":"20241126-VisitaEstudiantesUJIEstadio-011","thumbnail":"https:\/\/villarrealcf.es\/wp-content\/uploads\/2024\/11\/20241126-VisitaEstudiantesUJIEstadio-011-1620x1080.jpg","width":1620,"height":1080},{"url":"https:\/\/villarrealcf.es\/wp-content\/uploads\/2024\/11\/20241126-VisitaEstudiantesUJIEstadio-010-scaled.jpg","title":"20241126-VisitaEstudiantesUJIEstadio-010","thumbnail":"https:\/\/villarrealcf.es\/wp-content\/uploads\/2024\/11\/20241126-VisitaEstudiantesUJIEstadio-010-1620x1080.jpg","width":1620,"height":1080},{"url":"https:\/\/villarrealcf.es\/wp-content\/uploads\/2024\/11\/20241126-VisitaEstudiantesUJIEstadio-019-scaled.jpg","title":"20241126-VisitaEstudiantesUJIEstadio-019","thumbnail":"https:\/\/villarrealcf.es\/wp-content\/uploads\/2024\/11\/20241126-VisitaEstudiantesUJIEstadio-019-1620x1080.jpg","width":1620,"height":1080},{"url":"https:\/\/villarrealcf.es\/wp-content\/uploads\/2024\/11\/20241126-VisitaEstudiantesUJIEstadio-020-scaled.jpg","title":"20241126-VisitaEstudiantesUJIEstadio-020","thumbnail":"https:\/\/villarrealcf.es\/wp-content\/uploads\/2024\/11\/20241126-VisitaEstudiantesUJIEstadio-020-1620x1080.jpg","width":1620,"height":1080},{"url":"https:\/\/villarrealcf.es\/wp-content\/uploads\/2024\/11\/20241126-VisitaEstudiantesUJIEstadio-021-scaled.jpg","title":"20241126-VisitaEstudiantesUJIEstadio-021","thumbnail":"https:\/\/villarrealcf.es\/wp-content\/uploads\/2024\/11\/20241126-VisitaEstudiantesUJIEstadio-021-1620x1080.jpg","width":1620,"height":1080},{"url":"https:\/\/villarrealcf.es\/wp-content\/uploads\/2024\/11\/20241126-VisitaEstudiantesUJIEstadio-022-scaled.jpg","title":"20241126-VisitaEstudiantesUJIEstadio-022","thumbnail":"https:\/\/villarrealcf.es\/wp-content\/uploads\/2024\/11\/20241126-VisitaEstudiantesUJIEstadio-022-1620x1080.jpg","width":1620,"height":1080},{"url":"https:\/\/villarrealcf.es\/wp-content\/uploads\/2024\/11\/20241126-VisitaEstudiantesUJIEstadio-023-scaled.jpg","title":"20241126-VisitaEstudiantesUJIEstadio-023","thumbnail":"https:\/\/villarrealcf.es\/wp-content\/uploads\/2024\/11\/20241126-VisitaEstudiantesUJIEstadio-023-1620x1080.jpg","width":1620,"height":1080},{"url":"https:\/\/villarrealcf.es\/wp-content\/uploads\/2024\/11\/20241126-VisitaEstudiantesUJIEstadio-024-scaled.jpg","title":"20241126-VisitaEstudiantesUJIEstadio-024","thumbnail":"https:\/\/villarrealcf.es\/wp-content\/uploads\/2024\/11\/20241126-VisitaEstudiantesUJIEstadio-024-1620x1080.jpg","width":1620,"height":1080},{"url":"https:\/\/villarrealcf.es\/wp-content\/uploads\/2024\/11\/20241126-VisitaEstudiantesUJIEstadio-025-scaled.jpg","title":"20241126-VisitaEstudiantesUJIEstadio-025","thumbnail":"https:\/\/villarrealcf.es\/wp-content\/uploads\/2024\/11\/20241126-VisitaEstudiantesUJIEstadio-025-1620x1080.jpg","width":1620,"height":1080},{"url":"https:\/\/villarrealcf.es\/wp-content\/uploads\/2024\/11\/20241126-VisitaEstudiantesUJIEstadio-026-scaled.jpg","title":"20241126-VisitaEstudiantesUJIEstadio-026","thumbnail":"https:\/\/villarrealcf.es\/wp-content\/uploads\/2024\/11\/20241126-VisitaEstudiantesUJIEstadio-026-1620x1080.jpg","width":1620,"height":1080},{"url":"https:\/\/villarrealcf.es\/wp-content\/uploads\/2024\/11\/20241126-VisitaEstudiantesUJIEstadio-027-scaled.jpg","title":"20241126-VisitaEstudiantesUJIEstadio-027","thumbnail":"https:\/\/villarrealcf.es\/wp-content\/uploads\/2024\/11\/20241126-VisitaEstudiantesUJIEstadio-027-1620x1080.jpg","width":1620,"height":1080},{"url":"https:\/\/villarrealcf.es\/wp-content\/uploads\/2024\/11\/estudiantesuji.jpg","title":"estudiantesuji","thumbnail":"https:\/\/villarrealcf.es\/wp-content\/uploads\/2024\/11\/estudiantesuji.jpg","width":1920,"height":1080},{"url":"https:\/\/villarrealcf.es\/wp-content\/uploads\/2024\/11\/20241126-VisitaEstudiantesUJIEstadio-035-scaled.jpg","title":"20241126-VisitaEstudiantesUJIEstadio-035","thumbnail":"https:\/\/villarrealcf.es\/wp-content\/uploads\/2024\/11\/20241126-VisitaEstudiantesUJIEstadio-035-1620x1080.jpg","width":1620,"height":1080},{"url":"https:\/\/villarrealcf.es\/wp-content\/uploads\/2024\/11\/20241126-VisitaEstudiantesUJIEstadio-034-scaled.jpg","title":"20241126-VisitaEstudiantesUJIEstadio-034","thumbnail":"https:\/\/villarrealcf.es\/wp-content\/uploads\/2024\/11\/20241126-VisitaEstudiantesUJIEstadio-034-1620x1080.jpg","width":1620,"height":1080},{"url":"https:\/\/villarrealcf.es\/wp-content\/uploads\/2024\/11\/20241126-VisitaEstudiantesUJIEstadio-033-scaled.jpg","title":"20241126-VisitaEstudiantesUJIEstadio-033","thumbnail":"https:\/\/villarrealcf.es\/wp-content\/uploads\/2024\/11\/20241126-VisitaEstudiantesUJIEstadio-033-1620x1080.jpg","width":1620,"height":1080},{"url":"https:\/\/villarrealcf.es\/wp-content\/uploads\/2024\/11\/20241126-VisitaEstudiantesUJIEstadio-032-scaled.jpg","title":"20241126-VisitaEstudiantesUJIEstadio-032","thumbnail":"https:\/\/villarrealcf.es\/wp-content\/uploads\/2024\/11\/20241126-VisitaEstudiantesUJIEstadio-032-1620x1080.jpg","width":1620,"height":1080},{"url":"https:\/\/villarrealcf.es\/wp-content\/uploads\/2024\/11\/20241126-VisitaEstudiantesUJIEstadio-031-scaled.jpg","title":"20241126-VisitaEstudiantesUJIEstadio-031","thumbnail":"https:\/\/villarrealcf.es\/wp-content\/uploads\/2024\/11\/20241126-VisitaEstudiantesUJIEstadio-031-1620x1080.jpg","width":1620,"height":1080},{"url":"https:\/\/villarrealcf.es\/wp-content\/uploads\/2024\/11\/20241126-VisitaEstudiantesUJIEstadio-030-scaled.jpg","title":"20241126-VisitaEstudiantesUJIEstadio-030","thumbnail":"https:\/\/villarrealcf.es\/wp-content\/uploads\/2024\/11\/20241126-VisitaEstudiantesUJIEstadio-030-1620x1080.jpg","width":1620,"height":1080},{"url":"https:\/\/villarrealcf.es\/wp-content\/uploads\/2024\/11\/20241126-VisitaEstudiantesUJIEstadio-029-scaled.jpg","title":"20241126-VisitaEstudiantesUJIEstadio-029","thumbnail":"https:\/\/villarrealcf.es\/wp-content\/uploads\/2024\/11\/20241126-VisitaEstudiantesUJIEstadio-029-1620x1080.jpg","width":1620,"height":1080},{"url":"https:\/\/villarrealcf.es\/wp-content\/uploads\/2024\/11\/20241126-VisitaEstudiantesUJIEstadio-028-scaled.jpg","title":"20241126-VisitaEstudiantesUJIEstadio-028","thumbnail":"https:\/\/villarrealcf.es\/wp-content\/uploads\/2024\/11\/20241126-VisitaEstudiantesUJIEstadio-028-1620x1080.jpg","width":1620,"height":1080}]}],"structured":{"summary":{"text":"El departament de RH del Villarreal ha fet una xarrada als estudiants de RL i RH, Turisme i de un postgau de Direcci\u00f3 de Recursos Humans Els alumnes del del Grau de Relacions Laborals i Recursos Humans, Turisme i del Postgrau M\u00e0ster de Formaci\u00f3 Permanent en Direcci\u00f3 de Recursos Humans de la Universitat Jaume I han visitat este dimarts l\u2019Estadio de la Cer\u00e1mica per a assistir a una confer\u00e8ncia impartida pels membres del Departament de Recursos Humans del Villarreal CF. Els responsables de RH de la companyia han explicat als estudiants la forma de treball, particularitats i desafiaments de la seua activitat emmarcada en un club de futbol d\u2019elit. Despr\u00e9s de la confer\u00e8ncia, celebrada a la sala de premsa de l\u2019Estadio de la Cer\u00e1mica, els joves alumnes de l\u2019UJI van gaudir d\u2019una visita guiada pels llocs m\u00e9s exclusius del camp groguet. Esta especial visita forma part de l\u2019acord que mant\u00e9 el Villarreal CF amb la Universitat Jaume I, gr\u00e0cies al projecte Endavant Formaci\u00f3 del club groc.","headings":[],"buttons":[],"images":[],"counts":{"blocks":2,"headings":0,"texts":1,"buttons":0,"images":0},"containers":2},"sections":[{"id":"75c2d84a","type":"container","classes":["elementor-section","elementor-top-section","elementor-element","elementor-element-75c2d84a","elementor-section-boxed","elementor-section-height-default"],"title":"","text":"El departament de RH del Villarreal ha fet una xarrada als estudiants de RL i RH, Turisme i de un postgau de Direcci\u00f3 de Recursos Humans Els alumnes del del Grau de Relacions Laborals i Recursos Humans, Turisme i del Postgrau M\u00e0ster de Formaci\u00f3 Permanent en Direcci\u00f3 de Recursos Humans de la Universitat Jaume I han visitat este dimarts l\u2019Estadio de la Cer\u00e1mica per a assistir a una confer\u00e8ncia impartida pels membres del Departament de Recursos Humans del Villarreal CF. Els responsables de RH de la companyia han explicat als estudiants la forma de treball, particularitats i desafiaments de la seua activitat emmarcada en un club de futbol d\u2019elit. Despr\u00e9s de la confer\u00e8ncia, celebrada a la sala de premsa de l\u2019Estadio de la Cer\u00e1mica, els joves alumnes de l\u2019UJI van gaudir d\u2019una visita guiada pels llocs m\u00e9s exclusius del camp groguet. Esta especial visita forma part de l\u2019acord que mant\u00e9 el Villarreal CF amb la Universitat Jaume I, gr\u00e0cies al projecte Endavant Formaci\u00f3 del club groc.","headings":[],"texts":[{"type":"text","widget":"text-editor","text":"El departament de RH del Villarreal ha fet una xarrada als estudiants de RL i RH, Turisme i de un postgau de Direcci\u00f3 de Recursos Humans Els alumnes del del Grau de Relacions Laborals i Recursos Humans, Turisme i del Postgrau M\u00e0ster de Formaci\u00f3 Permanent en Direcci\u00f3 de Recursos Humans de la Universitat Jaume I han visitat este dimarts l\u2019Estadio de la Cer\u00e1mica per a assistir a una confer\u00e8ncia impartida pels membres del Departament de Recursos Humans del Villarreal CF. Els responsables de RH de la companyia han explicat als estudiants la forma de treball, particularitats i desafiaments de la seua activitat emmarcada en un club de futbol d\u2019elit. Despr\u00e9s de la confer\u00e8ncia, celebrada a la sala de premsa de l\u2019Estadio de la Cer\u00e1mica, els joves alumnes de l\u2019UJI van gaudir d\u2019una visita guiada pels llocs m\u00e9s exclusius del camp groguet. Esta especial visita forma part de l\u2019acord que mant\u00e9 el Villarreal CF amb la Universitat Jaume I, gr\u00e0cies al projecte Endavant Formaci\u00f3 del club groc.","paragraphs":["Els alumnes del del Grau de Relacions Laborals i Recursos Humans, Turisme i del Postgrau M\u00e0ster de Formaci\u00f3 Permanent en Direcci\u00f3 de Recursos Humans de la Universitat Jaume I han visitat este dimarts l\u2019Estadio de la Cer\u00e1mica per a assistir a una confer\u00e8ncia impartida pels membres del Departament de Recursos Humans del Villarreal CF.","Els responsables de RH de la companyia han explicat als estudiants la forma de treball, particularitats i desafiaments de la seua activitat emmarcada en un club de futbol d\u2019elit. Despr\u00e9s de la confer\u00e8ncia, celebrada a la sala de premsa de l\u2019Estadio de la Cer\u00e1mica, els joves alumnes de l\u2019UJI van gaudir d\u2019una visita guiada pels llocs m\u00e9s exclusius del camp groguet.","Esta especial visita forma part de l\u2019acord que mant\u00e9 el Villarreal CF amb la Universitat Jaume I, gr\u00e0cies al projecte Endavant Formaci\u00f3 del club groc."]}],"buttons":[],"images":[],"widgets":["text-editor"],"blocks":[{"type":"text","widget":"text-editor","text":"El departament de RH del Villarreal ha fet una xarrada als estudiants de RL i RH, Turisme i de un postgau de Direcci\u00f3 de Recursos Humans Els alumnes del del Grau de Relacions Laborals i Recursos Humans, Turisme i del Postgrau M\u00e0ster de Formaci\u00f3 Permanent en Direcci\u00f3 de Recursos Humans de la Universitat Jaume I han visitat este dimarts l\u2019Estadio de la Cer\u00e1mica per a assistir a una confer\u00e8ncia impartida pels membres del Departament de Recursos Humans del Villarreal CF. Els responsables de RH de la companyia han explicat als estudiants la forma de treball, particularitats i desafiaments de la seua activitat emmarcada en un club de futbol d\u2019elit. Despr\u00e9s de la confer\u00e8ncia, celebrada a la sala de premsa de l\u2019Estadio de la Cer\u00e1mica, els joves alumnes de l\u2019UJI van gaudir d\u2019una visita guiada pels llocs m\u00e9s exclusius del camp groguet. Esta especial visita forma part de l\u2019acord que mant\u00e9 el Villarreal CF amb la Universitat Jaume I, gr\u00e0cies al projecte Endavant Formaci\u00f3 del club groc.","paragraphs":["Els alumnes del del Grau de Relacions Laborals i Recursos Humans, Turisme i del Postgrau M\u00e0ster de Formaci\u00f3 Permanent en Direcci\u00f3 de Recursos Humans de la Universitat Jaume I han visitat este dimarts l\u2019Estadio de la Cer\u00e1mica per a assistir a una confer\u00e8ncia impartida pels membres del Departament de Recursos Humans del Villarreal CF.","Els responsables de RH de la companyia han explicat als estudiants la forma de treball, particularitats i desafiaments de la seua activitat emmarcada en un club de futbol d\u2019elit. Despr\u00e9s de la confer\u00e8ncia, celebrada a la sala de premsa de l\u2019Estadio de la Cer\u00e1mica, els joves alumnes de l\u2019UJI van gaudir d\u2019una visita guiada pels llocs m\u00e9s exclusius del camp groguet.","Esta especial visita forma part de l\u2019acord que mant\u00e9 el Villarreal CF amb la Universitat Jaume I, gr\u00e0cies al projecte Endavant Formaci\u00f3 del club groc."]}],"children":[]},{"id":"16b3b5f","type":"container","classes":["has-el-gap","el-gap-default","elementor-section","elementor-top-section","elementor-element","elementor-element-16b3b5f","elementor-section-boxed","elementor-section-height-default"],"title":"","text":"","headings":[],"texts":[],"buttons":[],"images":[],"widgets":["gallery"],"blocks":[{"type":"gallery","widget":"gallery","items":[{"url":"https:\/\/villarrealcf.es\/wp-content\/uploads\/2024\/11\/20241126-VisitaEstudiantesUJIEstadio-001-scaled.jpg","title":"20241126-VisitaEstudiantesUJIEstadio-001","thumbnail":"https:\/\/villarrealcf.es\/wp-content\/uploads\/2024\/11\/20241126-VisitaEstudiantesUJIEstadio-001-1620x1080.jpg","width":1620,"height":1080},{"url":"https:\/\/villarrealcf.es\/wp-content\/uploads\/2024\/11\/20241126-VisitaEstudiantesUJIEstadio-002-scaled.jpg","title":"20241126-VisitaEstudiantesUJIEstadio-002","thumbnail":"https:\/\/villarrealcf.es\/wp-content\/uploads\/2024\/11\/20241126-VisitaEstudiantesUJIEstadio-002-1620x1080.jpg","width":1620,"height":1080},{"url":"https:\/\/villarrealcf.es\/wp-content\/uploads\/2024\/11\/20241126-VisitaEstudiantesUJIEstadio-003-scaled.jpg","title":"20241126-VisitaEstudiantesUJIEstadio-003","thumbnail":"https:\/\/villarrealcf.es\/wp-content\/uploads\/2024\/11\/20241126-VisitaEstudiantesUJIEstadio-003-1620x1080.jpg","width":1620,"height":1080},{"url":"https:\/\/villarrealcf.es\/wp-content\/uploads\/2024\/11\/20241126-VisitaEstudiantesUJIEstadio-004-scaled.jpg","title":"20241126-VisitaEstudiantesUJIEstadio-004","thumbnail":"https:\/\/villarrealcf.es\/wp-content\/uploads\/2024\/11\/20241126-VisitaEstudiantesUJIEstadio-004-1620x1080.jpg","width":1620,"height":1080},{"url":"https:\/\/villarrealcf.es\/wp-content\/uploads\/2024\/11\/20241126-VisitaEstudiantesUJIEstadio-005-scaled.jpg","title":"20241126-VisitaEstudiantesUJIEstadio-005","thumbnail":"https:\/\/villarrealcf.es\/wp-content\/uploads\/2024\/11\/20241126-VisitaEstudiantesUJIEstadio-005-1620x1080.jpg","width":1620,"height":1080},{"url":"https:\/\/villarrealcf.es\/wp-content\/uploads\/2024\/11\/20241126-VisitaEstudiantesUJIEstadio-006-scaled.jpg","title":"20241126-VisitaEstudiantesUJIEstadio-006","thumbnail":"https:\/\/villarrealcf.es\/wp-content\/uploads\/2024\/11\/20241126-VisitaEstudiantesUJIEstadio-006-1620x1080.jpg","width":1620,"height":1080},{"url":"https:\/\/villarrealcf.es\/wp-content\/uploads\/2024\/11\/20241126-VisitaEstudiantesUJIEstadio-007-scaled.jpg","title":"20241126-VisitaEstudiantesUJIEstadio-007","thumbnail":"https:\/\/villarrealcf.es\/wp-content\/uploads\/2024\/11\/20241126-VisitaEstudiantesUJIEstadio-007-1620x1080.jpg","width":1620,"height":1080},{"url":"https:\/\/villarrealcf.es\/wp-content\/uploads\/2024\/11\/20241126-VisitaEstudiantesUJIEstadio-008-scaled.jpg","title":"20241126-VisitaEstudiantesUJIEstadio-008","thumbnail":"https:\/\/villarrealcf.es\/wp-content\/uploads\/2024\/11\/20241126-VisitaEstudiantesUJIEstadio-008-1620x1080.jpg","width":1620,"height":1080},{"url":"https:\/\/villarrealcf.es\/wp-content\/uploads\/2024\/11\/20241126-VisitaEstudiantesUJIEstadio-009-scaled.jpg","title":"20241126-VisitaEstudiantesUJIEstadio-009","thumbnail":"https:\/\/villarrealcf.es\/wp-content\/uploads\/2024\/11\/20241126-VisitaEstudiantesUJIEstadio-009-1620x1080.jpg","width":1620,"height":1080},{"url":"https:\/\/villarrealcf.es\/wp-content\/uploads\/2024\/11\/20241126-VisitaEstudiantesUJIEstadio-018-scaled.jpg","title":"20241126-VisitaEstudiantesUJIEstadio-018","thumbnail":"https:\/\/villarrealcf.es\/wp-content\/uploads\/2024\/11\/20241126-VisitaEstudiantesUJIEstadio-018-1620x1080.jpg","width":1620,"height":1080},{"url":"https:\/\/villarrealcf.es\/wp-content\/uploads\/2024\/11\/20241126-VisitaEstudiantesUJIEstadio-017-scaled.jpg","title":"20241126-VisitaEstudiantesUJIEstadio-017","thumbnail":"https:\/\/villarrealcf.es\/wp-content\/uploads\/2024\/11\/20241126-VisitaEstudiantesUJIEstadio-017-1620x1080.jpg","width":1620,"height":1080},{"url":"https:\/\/villarrealcf.es\/wp-content\/uploads\/2024\/11\/20241126-VisitaEstudiantesUJIEstadio-016-scaled.jpg","title":"20241126-VisitaEstudiantesUJIEstadio-016","thumbnail":"https:\/\/villarrealcf.es\/wp-content\/uploads\/2024\/11\/20241126-VisitaEstudiantesUJIEstadio-016-1620x1080.jpg","width":1620,"height":1080},{"url":"https:\/\/villarrealcf.es\/wp-content\/uploads\/2024\/11\/20241126-VisitaEstudiantesUJIEstadio-015-scaled.jpg","title":"20241126-VisitaEstudiantesUJIEstadio-015","thumbnail":"https:\/\/villarrealcf.es\/wp-content\/uploads\/2024\/11\/20241126-VisitaEstudiantesUJIEstadio-015-1620x1080.jpg","width":1620,"height":1080},{"url":"https:\/\/villarrealcf.es\/wp-content\/uploads\/2024\/11\/20241126-VisitaEstudiantesUJIEstadio-014-scaled.jpg","title":"20241126-VisitaEstudiantesUJIEstadio-014","thumbnail":"https:\/\/villarrealcf.es\/wp-content\/uploads\/2024\/11\/20241126-VisitaEstudiantesUJIEstadio-014-1620x1080.jpg","width":1620,"height":1080},{"url":"https:\/\/villarrealcf.es\/wp-content\/uploads\/2024\/11\/20241126-VisitaEstudiantesUJIEstadio-013-scaled.jpg","title":"20241126-VisitaEstudiantesUJIEstadio-013","thumbnail":"https:\/\/villarrealcf.es\/wp-content\/uploads\/2024\/11\/20241126-VisitaEstudiantesUJIEstadio-013-1620x1080.jpg","width":1620,"height":1080},{"url":"https:\/\/villarrealcf.es\/wp-content\/uploads\/2024\/11\/20241126-VisitaEstudiantesUJIEstadio-012-scaled.jpg","title":"20241126-VisitaEstudiantesUJIEstadio-012","thumbnail":"https:\/\/villarrealcf.es\/wp-content\/uploads\/2024\/11\/20241126-VisitaEstudiantesUJIEstadio-012-1620x1080.jpg","width":1620,"height":1080},{"url":"https:\/\/villarrealcf.es\/wp-content\/uploads\/2024\/11\/20241126-VisitaEstudiantesUJIEstadio-011-scaled.jpg","title":"20241126-VisitaEstudiantesUJIEstadio-011","thumbnail":"https:\/\/villarrealcf.es\/wp-content\/uploads\/2024\/11\/20241126-VisitaEstudiantesUJIEstadio-011-1620x1080.jpg","width":1620,"height":1080},{"url":"https:\/\/villarrealcf.es\/wp-content\/uploads\/2024\/11\/20241126-VisitaEstudiantesUJIEstadio-010-scaled.jpg","title":"20241126-VisitaEstudiantesUJIEstadio-010","thumbnail":"https:\/\/villarrealcf.es\/wp-content\/uploads\/2024\/11\/20241126-VisitaEstudiantesUJIEstadio-010-1620x1080.jpg","width":1620,"height":1080},{"url":"https:\/\/villarrealcf.es\/wp-content\/uploads\/2024\/11\/20241126-VisitaEstudiantesUJIEstadio-019-scaled.jpg","title":"20241126-VisitaEstudiantesUJIEstadio-019","thumbnail":"https:\/\/villarrealcf.es\/wp-content\/uploads\/2024\/11\/20241126-VisitaEstudiantesUJIEstadio-019-1620x1080.jpg","width":1620,"height":1080},{"url":"https:\/\/villarrealcf.es\/wp-content\/uploads\/2024\/11\/20241126-VisitaEstudiantesUJIEstadio-020-scaled.jpg","title":"20241126-VisitaEstudiantesUJIEstadio-020","thumbnail":"https:\/\/villarrealcf.es\/wp-content\/uploads\/2024\/11\/20241126-VisitaEstudiantesUJIEstadio-020-1620x1080.jpg","width":1620,"height":1080},{"url":"https:\/\/villarrealcf.es\/wp-content\/uploads\/2024\/11\/20241126-VisitaEstudiantesUJIEstadio-021-scaled.jpg","title":"20241126-VisitaEstudiantesUJIEstadio-021","thumbnail":"https:\/\/villarrealcf.es\/wp-content\/uploads\/2024\/11\/20241126-VisitaEstudiantesUJIEstadio-021-1620x1080.jpg","width":1620,"height":1080},{"url":"https:\/\/villarrealcf.es\/wp-content\/uploads\/2024\/11\/20241126-VisitaEstudiantesUJIEstadio-022-scaled.jpg","title":"20241126-VisitaEstudiantesUJIEstadio-022","thumbnail":"https:\/\/villarrealcf.es\/wp-content\/uploads\/2024\/11\/20241126-VisitaEstudiantesUJIEstadio-022-1620x1080.jpg","width":1620,"height":1080},{"url":"https:\/\/villarrealcf.es\/wp-content\/uploads\/2024\/11\/20241126-VisitaEstudiantesUJIEstadio-023-scaled.jpg","title":"20241126-VisitaEstudiantesUJIEstadio-023","thumbnail":"https:\/\/villarrealcf.es\/wp-content\/uploads\/2024\/11\/20241126-VisitaEstudiantesUJIEstadio-023-1620x1080.jpg","width":1620,"height":1080},{"url":"https:\/\/villarrealcf.es\/wp-content\/uploads\/2024\/11\/20241126-VisitaEstudiantesUJIEstadio-024-scaled.jpg","title":"20241126-VisitaEstudiantesUJIEstadio-024","thumbnail":"https:\/\/villarrealcf.es\/wp-content\/uploads\/2024\/11\/20241126-VisitaEstudiantesUJIEstadio-024-1620x1080.jpg","width":1620,"height":1080},{"url":"https:\/\/villarrealcf.es\/wp-content\/uploads\/2024\/11\/20241126-VisitaEstudiantesUJIEstadio-025-scaled.jpg","title":"20241126-VisitaEstudiantesUJIEstadio-025","thumbnail":"https:\/\/villarrealcf.es\/wp-content\/uploads\/2024\/11\/20241126-VisitaEstudiantesUJIEstadio-025-1620x1080.jpg","width":1620,"height":1080},{"url":"https:\/\/villarrealcf.es\/wp-content\/uploads\/2024\/11\/20241126-VisitaEstudiantesUJIEstadio-026-scaled.jpg","title":"20241126-VisitaEstudiantesUJIEstadio-026","thumbnail":"https:\/\/villarrealcf.es\/wp-content\/uploads\/2024\/11\/20241126-VisitaEstudiantesUJIEstadio-026-1620x1080.jpg","width":1620,"height":1080},{"url":"https:\/\/villarrealcf.es\/wp-content\/uploads\/2024\/11\/20241126-VisitaEstudiantesUJIEstadio-027-scaled.jpg","title":"20241126-VisitaEstudiantesUJIEstadio-027","thumbnail":"https:\/\/villarrealcf.es\/wp-content\/uploads\/2024\/11\/20241126-VisitaEstudiantesUJIEstadio-027-1620x1080.jpg","width":1620,"height":1080},{"url":"https:\/\/villarrealcf.es\/wp-content\/uploads\/2024\/11\/estudiantesuji.jpg","title":"estudiantesuji","thumbnail":"https:\/\/villarrealcf.es\/wp-content\/uploads\/2024\/11\/estudiantesuji.jpg","width":1920,"height":1080},{"url":"https:\/\/villarrealcf.es\/wp-content\/uploads\/2024\/11\/20241126-VisitaEstudiantesUJIEstadio-035-scaled.jpg","title":"20241126-VisitaEstudiantesUJIEstadio-035","thumbnail":"https:\/\/villarrealcf.es\/wp-content\/uploads\/2024\/11\/20241126-VisitaEstudiantesUJIEstadio-035-1620x1080.jpg","width":1620,"height":1080},{"url":"https:\/\/villarrealcf.es\/wp-content\/uploads\/2024\/11\/20241126-VisitaEstudiantesUJIEstadio-034-scaled.jpg","title":"20241126-VisitaEstudiantesUJIEstadio-034","thumbnail":"https:\/\/villarrealcf.es\/wp-content\/uploads\/2024\/11\/20241126-VisitaEstudiantesUJIEstadio-034-1620x1080.jpg","width":1620,"height":1080},{"url":"https:\/\/villarrealcf.es\/wp-content\/uploads\/2024\/11\/20241126-VisitaEstudiantesUJIEstadio-033-scaled.jpg","title":"20241126-VisitaEstudiantesUJIEstadio-033","thumbnail":"https:\/\/villarrealcf.es\/wp-content\/uploads\/2024\/11\/20241126-VisitaEstudiantesUJIEstadio-033-1620x1080.jpg","width":1620,"height":1080},{"url":"https:\/\/villarrealcf.es\/wp-content\/uploads\/2024\/11\/20241126-VisitaEstudiantesUJIEstadio-032-scaled.jpg","title":"20241126-VisitaEstudiantesUJIEstadio-032","thumbnail":"https:\/\/villarrealcf.es\/wp-content\/uploads\/2024\/11\/20241126-VisitaEstudiantesUJIEstadio-032-1620x1080.jpg","width":1620,"height":1080},{"url":"https:\/\/villarrealcf.es\/wp-content\/uploads\/2024\/11\/20241126-VisitaEstudiantesUJIEstadio-031-scaled.jpg","title":"20241126-VisitaEstudiantesUJIEstadio-031","thumbnail":"https:\/\/villarrealcf.es\/wp-content\/uploads\/2024\/11\/20241126-VisitaEstudiantesUJIEstadio-031-1620x1080.jpg","width":1620,"height":1080},{"url":"https:\/\/villarrealcf.es\/wp-content\/uploads\/2024\/11\/20241126-VisitaEstudiantesUJIEstadio-030-scaled.jpg","title":"20241126-VisitaEstudiantesUJIEstadio-030","thumbnail":"https:\/\/villarrealcf.es\/wp-content\/uploads\/2024\/11\/20241126-VisitaEstudiantesUJIEstadio-030-1620x1080.jpg","width":1620,"height":1080},{"url":"https:\/\/villarrealcf.es\/wp-content\/uploads\/2024\/11\/20241126-VisitaEstudiantesUJIEstadio-029-scaled.jpg","title":"20241126-VisitaEstudiantesUJIEstadio-029","thumbnail":"https:\/\/villarrealcf.es\/wp-content\/uploads\/2024\/11\/20241126-VisitaEstudiantesUJIEstadio-029-1620x1080.jpg","width":1620,"height":1080},{"url":"https:\/\/villarrealcf.es\/wp-content\/uploads\/2024\/11\/20241126-VisitaEstudiantesUJIEstadio-028-scaled.jpg","title":"20241126-VisitaEstudiantesUJIEstadio-028","thumbnail":"https:\/\/villarrealcf.es\/wp-content\/uploads\/2024\/11\/20241126-VisitaEstudiantesUJIEstadio-028-1620x1080.jpg","width":1620,"height":1080}]}],"children":[]}],"hero":{"id":"75c2d84a","type":"container","classes":["elementor-section","elementor-top-section","elementor-element","elementor-element-75c2d84a","elementor-section-boxed","elementor-section-height-default"],"title":"","text":"El departament de RH del Villarreal ha fet una xarrada als estudiants de RL i RH, Turisme i de un postgau de Direcci\u00f3 de Recursos Humans Els alumnes del del Grau de Relacions Laborals i Recursos Humans, Turisme i del Postgrau M\u00e0ster de Formaci\u00f3 Permanent en Direcci\u00f3 de Recursos Humans de la Universitat Jaume I han visitat este dimarts l\u2019Estadio de la Cer\u00e1mica per a assistir a una confer\u00e8ncia impartida pels membres del Departament de Recursos Humans del Villarreal CF. Els responsables de RH de la companyia han explicat als estudiants la forma de treball, particularitats i desafiaments de la seua activitat emmarcada en un club de futbol d\u2019elit. Despr\u00e9s de la confer\u00e8ncia, celebrada a la sala de premsa de l\u2019Estadio de la Cer\u00e1mica, els joves alumnes de l\u2019UJI van gaudir d\u2019una visita guiada pels llocs m\u00e9s exclusius del camp groguet. Esta especial visita forma part de l\u2019acord que mant\u00e9 el Villarreal CF amb la Universitat Jaume I, gr\u00e0cies al projecte Endavant Formaci\u00f3 del club groc.","headings":[],"texts":[{"type":"text","widget":"text-editor","text":"El departament de RH del Villarreal ha fet una xarrada als estudiants de RL i RH, Turisme i de un postgau de Direcci\u00f3 de Recursos Humans Els alumnes del del Grau de Relacions Laborals i Recursos Humans, Turisme i del Postgrau M\u00e0ster de Formaci\u00f3 Permanent en Direcci\u00f3 de Recursos Humans de la Universitat Jaume I han visitat este dimarts l\u2019Estadio de la Cer\u00e1mica per a assistir a una confer\u00e8ncia impartida pels membres del Departament de Recursos Humans del Villarreal CF. Els responsables de RH de la companyia han explicat als estudiants la forma de treball, particularitats i desafiaments de la seua activitat emmarcada en un club de futbol d\u2019elit. Despr\u00e9s de la confer\u00e8ncia, celebrada a la sala de premsa de l\u2019Estadio de la Cer\u00e1mica, els joves alumnes de l\u2019UJI van gaudir d\u2019una visita guiada pels llocs m\u00e9s exclusius del camp groguet. Esta especial visita forma part de l\u2019acord que mant\u00e9 el Villarreal CF amb la Universitat Jaume I, gr\u00e0cies al projecte Endavant Formaci\u00f3 del club groc.","paragraphs":["Els alumnes del del Grau de Relacions Laborals i Recursos Humans, Turisme i del Postgrau M\u00e0ster de Formaci\u00f3 Permanent en Direcci\u00f3 de Recursos Humans de la Universitat Jaume I han visitat este dimarts l\u2019Estadio de la Cer\u00e1mica per a assistir a una confer\u00e8ncia impartida pels membres del Departament de Recursos Humans del Villarreal CF.","Els responsables de RH de la companyia han explicat als estudiants la forma de treball, particularitats i desafiaments de la seua activitat emmarcada en un club de futbol d\u2019elit. Despr\u00e9s de la confer\u00e8ncia, celebrada a la sala de premsa de l\u2019Estadio de la Cer\u00e1mica, els joves alumnes de l\u2019UJI van gaudir d\u2019una visita guiada pels llocs m\u00e9s exclusius del camp groguet.","Esta especial visita forma part de l\u2019acord que mant\u00e9 el Villarreal CF amb la Universitat Jaume I, gr\u00e0cies al projecte Endavant Formaci\u00f3 del club groc."]}],"buttons":[],"images":[],"widgets":["text-editor"],"blocks":[{"type":"text","widget":"text-editor","text":"El departament de RH del Villarreal ha fet una xarrada als estudiants de RL i RH, Turisme i de un postgau de Direcci\u00f3 de Recursos Humans Els alumnes del del Grau de Relacions Laborals i Recursos Humans, Turisme i del Postgrau M\u00e0ster de Formaci\u00f3 Permanent en Direcci\u00f3 de Recursos Humans de la Universitat Jaume I han visitat este dimarts l\u2019Estadio de la Cer\u00e1mica per a assistir a una confer\u00e8ncia impartida pels membres del Departament de Recursos Humans del Villarreal CF. Els responsables de RH de la companyia han explicat als estudiants la forma de treball, particularitats i desafiaments de la seua activitat emmarcada en un club de futbol d\u2019elit. Despr\u00e9s de la confer\u00e8ncia, celebrada a la sala de premsa de l\u2019Estadio de la Cer\u00e1mica, els joves alumnes de l\u2019UJI van gaudir d\u2019una visita guiada pels llocs m\u00e9s exclusius del camp groguet. Esta especial visita forma part de l\u2019acord que mant\u00e9 el Villarreal CF amb la Universitat Jaume I, gr\u00e0cies al projecte Endavant Formaci\u00f3 del club groc.","paragraphs":["Els alumnes del del Grau de Relacions Laborals i Recursos Humans, Turisme i del Postgrau M\u00e0ster de Formaci\u00f3 Permanent en Direcci\u00f3 de Recursos Humans de la Universitat Jaume I han visitat este dimarts l\u2019Estadio de la Cer\u00e1mica per a assistir a una confer\u00e8ncia impartida pels membres del Departament de Recursos Humans del Villarreal CF.","Els responsables de RH de la companyia han explicat als estudiants la forma de treball, particularitats i desafiaments de la seua activitat emmarcada en un club de futbol d\u2019elit. Despr\u00e9s de la confer\u00e8ncia, celebrada a la sala de premsa de l\u2019Estadio de la Cer\u00e1mica, els joves alumnes de l\u2019UJI van gaudir d\u2019una visita guiada pels llocs m\u00e9s exclusius del camp groguet.","Esta especial visita forma part de l\u2019acord que mant\u00e9 el Villarreal CF amb la Universitat Jaume I, gr\u00e0cies al projecte Endavant Formaci\u00f3 del club groc."]}],"children":[]}},"sections":[{"id":"75c2d84a","title":"El departament de RH del Villarreal ha fet una xarrada als estudiants de RL i RH, Turisme i de un postgau de Direcci\u00f3 de Recursos Humans Els alumnes del del Grau de Relacions Laborals i Recursos Humans, Turisme i del Postgrau M\u00e0ster de Formaci\u00f3 Permanent en Direcci\u00f3 de Recursos Humans de la Universitat Jaume I han visitat este dimarts l\u2019Estadio de la Cer\u00e1mica per a assistir a una confer\u00e8ncia impartida pels membres del Departament de Recursos Humans del Villarreal CF. Els responsables de RH de la companyia han explicat als estudiants la forma de treball, particularitats i desafiaments de la seua activitat emmarcada en un club de futbol d\u2019elit. Despr\u00e9s de la confer\u00e8ncia, celebrada a la sala de premsa de l\u2019Estadio de la Cer\u00e1mica, els joves alumnes de l\u2019UJI van gaudir d\u2019una visita guiada pels llocs m\u00e9s exclusius del camp groguet. Esta especial visita forma part de l\u2019acord que mant\u00e9 el Villarreal CF amb la Universitat Jaume I, gr\u00e0cies al projecte Endavant Formaci\u00f3 del club groc.","text":"El departament de RH del Villarreal ha fet una xarrada als estudiants de RL i RH, Turisme i de un postgau de Direcci\u00f3 de Recursos Humans Els alumnes del del Grau de Relacions Laborals i Recursos Humans, Turisme i del Postgrau M\u00e0ster de Formaci\u00f3 Permanent en Direcci\u00f3 de Recursos Humans de la Universitat Jaume I han visitat este dimarts l\u2019Estadio de la Cer\u00e1mica per a assistir a una confer\u00e8ncia impartida pels membres del Departament de Recursos Humans del Villarreal CF. Els responsables de RH de la companyia han explicat als estudiants la forma de treball, particularitats i desafiaments de la seua activitat emmarcada en un club de futbol d\u2019elit. Despr\u00e9s de la confer\u00e8ncia, celebrada a la sala de premsa de l\u2019Estadio de la Cer\u00e1mica, els joves alumnes de l\u2019UJI van gaudir d\u2019una visita guiada pels llocs m\u00e9s exclusius del camp groguet. Esta especial visita forma part de l\u2019acord que mant\u00e9 el Villarreal CF amb la Universitat Jaume I, gr\u00e0cies al projecte Endavant Formaci\u00f3 del club groc.","url":"","background_image":"","images":[],"videos":[],"links":[]},{"id":"16b3b5f","title":"","text":"","url":"https:\/\/villarrealcf.es\/wp-content\/uploads\/2024\/11\/20241126-VisitaEstudiantesUJIEstadio-001-scaled.jpg","background_image":"","images":[],"videos":[],"links":[{"url":"https:\/\/villarrealcf.es\/wp-content\/uploads\/2024\/11\/20241126-VisitaEstudiantesUJIEstadio-001-scaled.jpg","text":"","target":""},{"url":"https:\/\/villarrealcf.es\/wp-content\/uploads\/2024\/11\/20241126-VisitaEstudiantesUJIEstadio-002-scaled.jpg","text":"","target":""},{"url":"https:\/\/villarrealcf.es\/wp-content\/uploads\/2024\/11\/20241126-VisitaEstudiantesUJIEstadio-003-scaled.jpg","text":"","target":""},{"url":"https:\/\/villarrealcf.es\/wp-content\/uploads\/2024\/11\/20241126-VisitaEstudiantesUJIEstadio-004-scaled.jpg","text":"","target":""},{"url":"https:\/\/villarrealcf.es\/wp-content\/uploads\/2024\/11\/20241126-VisitaEstudiantesUJIEstadio-005-scaled.jpg","text":"","target":""},{"url":"https:\/\/villarrealcf.es\/wp-content\/uploads\/2024\/11\/20241126-VisitaEstudiantesUJIEstadio-006-scaled.jpg","text":"","target":""},{"url":"https:\/\/villarrealcf.es\/wp-content\/uploads\/2024\/11\/20241126-VisitaEstudiantesUJIEstadio-007-scaled.jpg","text":"","target":""},{"url":"https:\/\/villarrealcf.es\/wp-content\/uploads\/2024\/11\/20241126-VisitaEstudiantesUJIEstadio-008-scaled.jpg","text":"","target":""},{"url":"https:\/\/villarrealcf.es\/wp-content\/uploads\/2024\/11\/20241126-VisitaEstudiantesUJIEstadio-009-scaled.jpg","text":"","target":""},{"url":"https:\/\/villarrealcf.es\/wp-content\/uploads\/2024\/11\/20241126-VisitaEstudiantesUJIEstadio-018-scaled.jpg","text":"","target":""},{"url":"https:\/\/villarrealcf.es\/wp-content\/uploads\/2024\/11\/20241126-VisitaEstudiantesUJIEstadio-017-scaled.jpg","text":"","target":""},{"url":"https:\/\/villarrealcf.es\/wp-content\/uploads\/2024\/11\/20241126-VisitaEstudiantesUJIEstadio-016-scaled.jpg","text":"","target":""},{"url":"https:\/\/villarrealcf.es\/wp-content\/uploads\/2024\/11\/20241126-VisitaEstudiantesUJIEstadio-015-scaled.jpg","text":"","target":""},{"url":"https:\/\/villarrealcf.es\/wp-content\/uploads\/2024\/11\/20241126-VisitaEstudiantesUJIEstadio-014-scaled.jpg","text":"","target":""},{"url":"https:\/\/villarrealcf.es\/wp-content\/uploads\/2024\/11\/20241126-VisitaEstudiantesUJIEstadio-013-scaled.jpg","text":"","target":""},{"url":"https:\/\/villarrealcf.es\/wp-content\/uploads\/2024\/11\/20241126-VisitaEstudiantesUJIEstadio-012-scaled.jpg","text":"","target":""},{"url":"https:\/\/villarrealcf.es\/wp-content\/uploads\/2024\/11\/20241126-VisitaEstudiantesUJIEstadio-011-scaled.jpg","text":"","target":""},{"url":"https:\/\/villarrealcf.es\/wp-content\/uploads\/2024\/11\/20241126-VisitaEstudiantesUJIEstadio-010-scaled.jpg","text":"","target":""},{"url":"https:\/\/villarrealcf.es\/wp-content\/uploads\/2024\/11\/20241126-VisitaEstudiantesUJIEstadio-019-scaled.jpg","text":"","target":""},{"url":"https:\/\/villarrealcf.es\/wp-content\/uploads\/2024\/11\/20241126-VisitaEstudiantesUJIEstadio-020-scaled.jpg","text":"","target":""},{"url":"https:\/\/villarrealcf.es\/wp-content\/uploads\/2024\/11\/20241126-VisitaEstudiantesUJIEstadio-021-scaled.jpg","text":"","target":""},{"url":"https:\/\/villarrealcf.es\/wp-content\/uploads\/2024\/11\/20241126-VisitaEstudiantesUJIEstadio-022-scaled.jpg","text":"","target":""},{"url":"https:\/\/villarrealcf.es\/wp-content\/uploads\/2024\/11\/20241126-VisitaEstudiantesUJIEstadio-023-scaled.jpg","text":"","target":""},{"url":"https:\/\/villarrealcf.es\/wp-content\/uploads\/2024\/11\/20241126-VisitaEstudiantesUJIEstadio-024-scaled.jpg","text":"","target":""},{"url":"https:\/\/villarrealcf.es\/wp-content\/uploads\/2024\/11\/20241126-VisitaEstudiantesUJIEstadio-025-scaled.jpg","text":"","target":""},{"url":"https:\/\/villarrealcf.es\/wp-content\/uploads\/2024\/11\/20241126-VisitaEstudiantesUJIEstadio-026-scaled.jpg","text":"","target":""},{"url":"https:\/\/villarrealcf.es\/wp-content\/uploads\/2024\/11\/20241126-VisitaEstudiantesUJIEstadio-027-scaled.jpg","text":"","target":""},{"url":"https:\/\/villarrealcf.es\/wp-content\/uploads\/2024\/11\/estudiantesuji.jpg","text":"","target":""},{"url":"https:\/\/villarrealcf.es\/wp-content\/uploads\/2024\/11\/20241126-VisitaEstudiantesUJIEstadio-035-scaled.jpg","text":"","target":""},{"url":"https:\/\/villarrealcf.es\/wp-content\/uploads\/2024\/11\/20241126-VisitaEstudiantesUJIEstadio-034-scaled.jpg","text":"","target":""},{"url":"https:\/\/villarrealcf.es\/wp-content\/uploads\/2024\/11\/20241126-VisitaEstudiantesUJIEstadio-033-scaled.jpg","text":"","target":""},{"url":"https:\/\/villarrealcf.es\/wp-content\/uploads\/2024\/11\/20241126-VisitaEstudiantesUJIEstadio-032-scaled.jpg","text":"","target":""},{"url":"https:\/\/villarrealcf.es\/wp-content\/uploads\/2024\/11\/20241126-VisitaEstudiantesUJIEstadio-031-scaled.jpg","text":"","target":""},{"url":"https:\/\/villarrealcf.es\/wp-content\/uploads\/2024\/11\/20241126-VisitaEstudiantesUJIEstadio-030-scaled.jpg","text":"","target":""},{"url":"https:\/\/villarrealcf.es\/wp-content\/uploads\/2024\/11\/20241126-VisitaEstudiantesUJIEstadio-029-scaled.jpg","text":"","target":""},{"url":"https:\/\/villarrealcf.es\/wp-content\/uploads\/2024\/11\/20241126-VisitaEstudiantesUJIEstadio-028-scaled.jpg","text":"","target":""}]}]},"excerpt":{"rendered":"El departament de RH del Villarreal ha fet una xarrada als estudiants de RL i RH, Turisme i del M\u00e1ster de Direcci\u00f3 de Recursos Humans","protected":false},"author":25,"featured_media":327498,"comment_status":"closed","ping_status":"closed","sticky":false,"template":"","format":"standard","meta":{"_acf_changed":false,"footnotes":""},"categories":[13509,16370],"tags":[9242,11429,13555,13409,14521,716,9205,13556,13557],"acf":null,"lang":"val","translations":{"es":327484,"val":327487,"en":327620},"essential_grid":{"has_grid":false},"formatted_date":"November 26, 2024","modified_date":"November 28, 2024","permalink":"https:\/\/villarrealcf.es\/val\/els-alumnes-de-rl-i-rh-de-luji-visiten-la-ceramica\/","reading_time":1,"featured_media_data":{"id":327498,"title":"estudiantesuji","caption":"","alt_text":"","description":"","mime_type":"image\/jpeg","source_url":"https:\/\/villarrealcf.es\/wp-content\/uploads\/2024\/11\/estudiantesuji.jpg","sizes":{"thumbnail":{"url":"https:\/\/villarrealcf.es\/wp-content\/uploads\/2024\/11\/estudiantesuji.jpg","width":1920,"height":1080},"medium":{"url":"https:\/\/villarrealcf.es\/wp-content\/uploads\/2024\/11\/estudiantesuji.jpg","width":1920,"height":1080},"medium_large":{"url":"https:\/\/villarrealcf.es\/wp-content\/uploads\/2024\/11\/estudiantesuji-768x432.jpg","width":768,"height":432},"large":{"url":"https:\/\/villarrealcf.es\/wp-content\/uploads\/2024\/11\/estudiantesuji.jpg","width":788,"height":443},"1536x1536":{"url":"https:\/\/villarrealcf.es\/wp-content\/uploads\/2024\/11\/estudiantesuji-1536x864.jpg","width":1536,"height":864},"2048x2048":{"url":"https:\/\/villarrealcf.es\/wp-content\/uploads\/2024\/11\/estudiantesuji.jpg","width":1920,"height":1080},"tp-image-grid":{"url":"https:\/\/villarrealcf.es\/wp-content\/uploads\/2024\/11\/estudiantesuji-700x700.jpg","width":700,"height":700},"size-bunyad-medium":{"url":"https:\/\/villarrealcf.es\/wp-content\/uploads\/2024\/11\/estudiantesuji.jpg","width":1920,"height":1080},"sportspress-crop-medium":{"url":"https:\/\/villarrealcf.es\/wp-content\/uploads\/2024\/11\/estudiantesuji-300x300.jpg","width":300,"height":300},"sportspress-fit-medium":{"url":"https:\/\/villarrealcf.es\/wp-content\/uploads\/2024\/11\/estudiantesuji-300x169.jpg","width":300,"height":169},"sportspress-fit-icon":{"url":"https:\/\/villarrealcf.es\/wp-content\/uploads\/2024\/11\/estudiantesuji-128x72.jpg","width":128,"height":72},"sportspress-fit-mini":{"url":"https:\/\/villarrealcf.es\/wp-content\/uploads\/2024\/11\/estudiantesuji-32x18.jpg","width":32,"height":18},"bunyad-small":{"url":"https:\/\/villarrealcf.es\/wp-content\/uploads\/2024\/11\/estudiantesuji-150x84.jpg","width":150,"height":84},"bunyad-medium":{"url":"https:\/\/villarrealcf.es\/wp-content\/uploads\/2024\/11\/estudiantesuji-450x253.jpg","width":450,"height":253},"bunyad-full":{"url":"https:\/\/villarrealcf.es\/wp-content\/uploads\/2024\/11\/estudiantesuji-1200x675.jpg","width":1200,"height":675},"bunyad-viewport":{"url":"https:\/\/villarrealcf.es\/wp-content\/uploads\/2024\/11\/estudiantesuji.jpg","width":1920,"height":1080},"bunyad-768":{"url":"https:\/\/villarrealcf.es\/wp-content\/uploads\/2024\/11\/estudiantesuji-768x432.jpg","width":768,"height":432},"full":{"url":"https:\/\/villarrealcf.es\/wp-content\/uploads\/2024\/11\/estudiantesuji.jpg","width":1920,"height":1080}}},"author_data":{"id":"25","name":"Javier Ayuso","first_name":"Javier","last_name":"Ayuso","description":"","avatar_url":"https:\/\/secure.gravatar.com\/avatar\/fcf8894be45988fcce5bbff0efe1790d2a7f4ba57e2c7c898f5068154e696495?s=96&d=mm&r=g","acf":null},"taxonomies_data":{"category":[{"id":13509,"name":"Endavant","slug":"endavant-val","acf":null},{"id":16370,"name":"Estadio de la Cer\u00e1mica","slug":"estadio-de-la-ceramica-val","acf":null}],"post_tag":[{"id":9242,"name":"Endavant","slug":"endavant-val-2","acf":null},{"id":11429,"name":"Estadio de la Cer\u00e1mica","slug":"estadio-de-la-ceramica-val","acf":null},{"id":13555,"name":"Futbol","slug":"futbol-val-2","acf":null},{"id":13409,"name":"Galer\u00eda Club","slug":"galeria-club-val","acf":null},{"id":14521,"name":"Sin categorizar","slug":"sin-categorizar-val-8","acf":null},{"id":716,"name":"Soccer","slug":"soccer-d105","acf":null},{"id":9205,"name":"Submarino","slug":"submarino-val","acf":null},{"id":13556,"name":"Submarino Amarillo","slug":"submarino-amarillo-val-2","acf":null},{"id":13557,"name":"Villarreal CF","slug":"villarreal-cf-val-2","acf":null}],"translation_priority":[{"id":735,"name":"Optional","slug":"optional-val","acf":null}]},"seo_full":{"native":{"title":"Els alumnes de l&#8217;UJI visiten La Cer\u00e1mica - Web Oficial del Villarreal CF","description":"El departament de RH del Villarreal ha fet una xarrada als estudiants de RL i RH, Turisme i del M\u00e1ster de Direcci\u00f3 de Recursos Humans","canonical":"https:\/\/villarrealcf.es\/val\/els-alumnes-de-rl-i-rh-de-luji-visiten-la-ceramica\/"}},"_links":{"self":[{"href":"https:\/\/villarrealcf.es\/val\/wp-json\/wp\/v2\/posts\/327487","targetHints":{"allow":["GET"]}}],"collection":[{"href":"https:\/\/villarrealcf.es\/val\/wp-json\/wp\/v2\/posts"}],"about":[{"href":"https:\/\/villarrealcf.es\/val\/wp-json\/wp\/v2\/types\/post"}],"author":[{"embeddable":true,"href":"https:\/\/villarrealcf.es\/val\/wp-json\/wp\/v2\/users\/25"}],"replies":[{"embeddable":true,"href":"https:\/\/villarrealcf.es\/val\/wp-json\/wp\/v2\/comments?post=327487"}],"version-history":[{"count":0,"href":"https:\/\/villarrealcf.es\/val\/wp-json\/wp\/v2\/posts\/327487\/revisions"}],"wp:featuredmedia":[{"embeddable":true,"href":"https:\/\/villarrealcf.es\/val\/wp-json\/wp\/v2\/media\/327498"}],"wp:attachment":[{"href":"https:\/\/villarrealcf.es\/val\/wp-json\/wp\/v2\/media?parent=327487"}],"wp:term":[{"taxonomy":"category","embeddable":true,"href":"https:\/\/villarrealcf.es\/val\/wp-json\/wp\/v2\/categories?post=327487"},{"taxonomy":"post_tag","embeddable":true,"href":"https:\/\/villarrealcf.es\/val\/wp-json\/wp\/v2\/tags?post=327487"}],"curies":[{"name":"wp","href":"https:\/\/api.w.org\/{rel}","templated":true}]}}