{"id":326698,"date":"2024-11-22T10:04:00","date_gmt":"2024-11-22T09:04:00","guid":{"rendered":"https:\/\/villarrealcf.es\/ilusion-ante-un-nuevo-debut-en-laliga-genuine\/"},"modified":"2024-11-18T15:15:08","modified_gmt":"2024-11-18T14:15:08","slug":"illusio-davant-un-nou-debut-en-laliga-genuine","status":"publish","type":"post","link":"https:\/\/villarrealcf.es\/val\/illusio-davant-un-nou-debut-en-laliga-genuine\/","title":{"rendered":"Il\u00b7lusi\u00f3 davant un nou debut en LALIGA Genuine"},"content":{"protected":false,"blocks":[{"type":"heading","level":2,"text":"El Villarreal CF jugar\u00e0 la primera fase del prestigi\u00f3s torneig inclusiu a Tarragona (22, 23 i 24 de novembre)"},{"type":"paragraph","text":"LALIGA Genuine inaugurar\u00e0 a Tarragona este cap de setmana una nova edici\u00f3 del torneig m\u00e9s inclusiu d\u2019Espanya (22, 23 i 24 de novembre). L\u2019EDI del Villarreal CF viatjar\u00e0 a terres catalanes per a disputar els primers tres trobades de la temporada davant l\u2019SD Huesca, Fundaci\u00f3n M\u00e1laga CF i Real Sporting de Gij\u00f3n."},{"type":"paragraph","text":"Despr\u00e9s de l\u2019arribada dels 47 equips participants, la primera fase comen\u00e7ar\u00e0 amb l\u2019acte inaugural en el Nou Estadi Costa Daurada, llar del Gimn\u00e0stic de Tarragona, i un c\u00f2ctel institucional en un poliesportiu contigu al camp. Els partits donaran principi el dissabte i continuaran el diumenge al mat\u00ed en les instal\u00b7lacions del Futbol Salou Sports Center. Al migdia, es far\u00e0 lliurament de les medalles a tots els participants i es donar\u00e0 per conclosa la primera fase de la temporada 2024\/25."},{"type":"paragraph","text":"El calendari de partits dels groguets a Tarragona seran els seg\u00fcents:"},{"type":"list","style":"ul","items":["Villarreal CF vs SD Huesca: dissabte, a les 11.00 hores (camp 2).","Fundaci\u00f3 M\u00e1laga CF vs Villarreal CF: dissabte, a les 16.30 hores (camp 2).","Real Sporting de Gij\u00f3n vs Villarreal CF: diumenge, a les 11.00 hores (camp 2)."]},{"type":"paragraph","text":"La convocat\u00f2ria de futbolistes grocs per a esta important cita estar\u00e0 composta per Adri\u00e1n Centelles, Daniel Ortiz, Javier Ruiz, Eric Villegas, Jos\u00e9 Manuel Vicent, Marc Martos, Khalid Afia, Joan Goterris, Miguel \u00c1ngel Archela, Eduardo Hern\u00e1ndez, Francisco Pinel, Juan Ram\u00f3n Lara, David Velasco, \u00d3scar Conesa, Jordi Fuentes i Juan Mat\u00edas Vilafranca. El grup de jugadors estar\u00e0 dirigit pels t\u00e8cnics groguets Marta Cadis, Rafael Juli\u00e1n, Antonio Jim\u00e9nez i Sonia Alc\u00f3n."}],"structured":{"summary":{"text":"El Villarreal CF jugar\u00e0 la primera fase del prestigi\u00f3s torneig inclusiu a Tarragona (22, 23 i 24 de novembre) LALIGA Genuine inaugurar\u00e0 a Tarragona este cap de setmana una nova edici\u00f3 del torneig m\u00e9s inclusiu d\u2019Espanya (22, 23 i 24 de novembre). L\u2019EDI del Villarreal CF viatjar\u00e0 a terres catalanes per a disputar els primers tres trobades de la temporada davant l\u2019SD Huesca, Fundaci\u00f3n M\u00e1laga CF i Real Sporting de Gij\u00f3n. Despr\u00e9s de l\u2019arribada dels 47 equips participants, la primera fase comen\u00e7ar\u00e0 amb l\u2019acte inaugural en el Nou Estadi Costa Daurada, llar del Gimn\u00e0stic de Tarragona, i un c\u00f2ctel institucional en un poliesportiu contigu al camp. Els partits donaran principi el dissabte i continuaran el diumenge al mat\u00ed en les instal\u00b7lacions del Futbol Salou Sports Center. Al migdia, es far\u00e0 lliurament de les medalles a tots els participants i es donar\u00e0 per conclosa la primera fase de la temporada 2024\/25. El calendari de partits dels groguets a Tarragona seran els seg\u00fcents: Villarreal CF vs SD Huesca: dissabte, a les 11.00 hores (camp 2). Fundaci\u00f3 M\u00e1laga CF vs Villarreal CF: dissabte, a les 16.30 hores (camp 2). Real Sporting de Gij\u00f3n vs Villarreal CF: diumenge, a les 11.00 hores (camp 2). La convocat\u00f2ria de futbolistes grocs per a esta important cita estar\u00e0 composta per Adri\u00e1n Centelles, Daniel Ortiz, Javier Ruiz, Eric Villegas, Jos\u00e9 Manuel Vicent, Marc Martos, Khalid Afia, Joan Goterris, Miguel \u00c1ngel Archela, Eduardo Hern\u00e1ndez, Francisco Pinel, Juan Ram\u00f3n Lara, David Velasco, \u00d3scar Conesa, Jordi Fuentes i Juan Mat\u00edas Vilafranca. El grup de jugadors estar\u00e0 dirigit pels t\u00e8cnics groguets Marta Cadis, Rafael Juli\u00e1n, Antonio Jim\u00e9nez i Sonia Alc\u00f3n.","headings":[{"type":"heading","level":2,"text":"El Villarreal CF jugar\u00e0 la primera fase del prestigi\u00f3s torneig inclusiu a Tarragona (22, 23 i 24 de novembre)"}],"buttons":[],"images":[],"counts":{"blocks":6,"headings":1,"texts":4,"buttons":0,"images":0}},"sections":[{"id":"section-1","title":"El Villarreal CF jugar\u00e0 la primera fase del prestigi\u00f3s torneig inclusiu a Tarragona (22, 23 i 24 de novembre)","text":"El Villarreal CF jugar\u00e0 la primera fase del prestigi\u00f3s torneig inclusiu a Tarragona (22, 23 i 24 de novembre) LALIGA Genuine inaugurar\u00e0 a Tarragona este cap de setmana una nova edici\u00f3 del torneig m\u00e9s inclusiu d\u2019Espanya (22, 23 i 24 de novembre). L\u2019EDI del Villarreal CF viatjar\u00e0 a terres catalanes per a disputar els primers tres trobades de la temporada davant l\u2019SD Huesca, Fundaci\u00f3n M\u00e1laga CF i Real Sporting de Gij\u00f3n. Despr\u00e9s de l\u2019arribada dels 47 equips participants, la primera fase comen\u00e7ar\u00e0 amb l\u2019acte inaugural en el Nou Estadi Costa Daurada, llar del Gimn\u00e0stic de Tarragona, i un c\u00f2ctel institucional en un poliesportiu contigu al camp. Els partits donaran principi el dissabte i continuaran el diumenge al mat\u00ed en les instal\u00b7lacions del Futbol Salou Sports Center. Al migdia, es far\u00e0 lliurament de les medalles a tots els participants i es donar\u00e0 per conclosa la primera fase de la temporada 2024\/25. El calendari de partits dels groguets a Tarragona seran els seg\u00fcents: La convocat\u00f2ria de futbolistes grocs per a esta important cita estar\u00e0 composta per Adri\u00e1n Centelles, Daniel Ortiz, Javier Ruiz, Eric Villegas, Jos\u00e9 Manuel Vicent, Marc Martos, Khalid Afia, Joan Goterris, Miguel \u00c1ngel Archela, Eduardo Hern\u00e1ndez, Francisco Pinel, Juan Ram\u00f3n Lara, David Velasco, \u00d3scar Conesa, Jordi Fuentes i Juan Mat\u00edas Vilafranca. El grup de jugadors estar\u00e0 dirigit pels t\u00e8cnics groguets Marta Cadis, Rafael Juli\u00e1n, Antonio Jim\u00e9nez i Sonia Alc\u00f3n.","headings":[{"type":"heading","level":2,"text":"El Villarreal CF jugar\u00e0 la primera fase del prestigi\u00f3s torneig inclusiu a Tarragona (22, 23 i 24 de novembre)"}],"texts":[{"type":"paragraph","text":"LALIGA Genuine inaugurar\u00e0 a Tarragona este cap de setmana una nova edici\u00f3 del torneig m\u00e9s inclusiu d\u2019Espanya (22, 23 i 24 de novembre). L\u2019EDI del Villarreal CF viatjar\u00e0 a terres catalanes per a disputar els primers tres trobades de la temporada davant l\u2019SD Huesca, Fundaci\u00f3n M\u00e1laga CF i Real Sporting de Gij\u00f3n."},{"type":"paragraph","text":"Despr\u00e9s de l\u2019arribada dels 47 equips participants, la primera fase comen\u00e7ar\u00e0 amb l\u2019acte inaugural en el Nou Estadi Costa Daurada, llar del Gimn\u00e0stic de Tarragona, i un c\u00f2ctel institucional en un poliesportiu contigu al camp. Els partits donaran principi el dissabte i continuaran el diumenge al mat\u00ed en les instal\u00b7lacions del Futbol Salou Sports Center. Al migdia, es far\u00e0 lliurament de les medalles a tots els participants i es donar\u00e0 per conclosa la primera fase de la temporada 2024\/25."},{"type":"paragraph","text":"El calendari de partits dels groguets a Tarragona seran els seg\u00fcents:"},{"type":"paragraph","text":"La convocat\u00f2ria de futbolistes grocs per a esta important cita estar\u00e0 composta per Adri\u00e1n Centelles, Daniel Ortiz, Javier Ruiz, Eric Villegas, Jos\u00e9 Manuel Vicent, Marc Martos, Khalid Afia, Joan Goterris, Miguel \u00c1ngel Archela, Eduardo Hern\u00e1ndez, Francisco Pinel, Juan Ram\u00f3n Lara, David Velasco, \u00d3scar Conesa, Jordi Fuentes i Juan Mat\u00edas Vilafranca. El grup de jugadors estar\u00e0 dirigit pels t\u00e8cnics groguets Marta Cadis, Rafael Juli\u00e1n, Antonio Jim\u00e9nez i Sonia Alc\u00f3n."}],"buttons":[],"images":[],"widgets":[],"blocks":[{"type":"heading","level":2,"text":"El Villarreal CF jugar\u00e0 la primera fase del prestigi\u00f3s torneig inclusiu a Tarragona (22, 23 i 24 de novembre)"},{"type":"paragraph","text":"LALIGA Genuine inaugurar\u00e0 a Tarragona este cap de setmana una nova edici\u00f3 del torneig m\u00e9s inclusiu d\u2019Espanya (22, 23 i 24 de novembre). L\u2019EDI del Villarreal CF viatjar\u00e0 a terres catalanes per a disputar els primers tres trobades de la temporada davant l\u2019SD Huesca, Fundaci\u00f3n M\u00e1laga CF i Real Sporting de Gij\u00f3n."},{"type":"paragraph","text":"Despr\u00e9s de l\u2019arribada dels 47 equips participants, la primera fase comen\u00e7ar\u00e0 amb l\u2019acte inaugural en el Nou Estadi Costa Daurada, llar del Gimn\u00e0stic de Tarragona, i un c\u00f2ctel institucional en un poliesportiu contigu al camp. Els partits donaran principi el dissabte i continuaran el diumenge al mat\u00ed en les instal\u00b7lacions del Futbol Salou Sports Center. Al migdia, es far\u00e0 lliurament de les medalles a tots els participants i es donar\u00e0 per conclosa la primera fase de la temporada 2024\/25."},{"type":"paragraph","text":"El calendari de partits dels groguets a Tarragona seran els seg\u00fcents:"},{"type":"list","style":"ul","items":["Villarreal CF vs SD Huesca: dissabte, a les 11.00 hores (camp 2).","Fundaci\u00f3 M\u00e1laga CF vs Villarreal CF: dissabte, a les 16.30 hores (camp 2).","Real Sporting de Gij\u00f3n vs Villarreal CF: diumenge, a les 11.00 hores (camp 2)."]},{"type":"paragraph","text":"La convocat\u00f2ria de futbolistes grocs per a esta important cita estar\u00e0 composta per Adri\u00e1n Centelles, Daniel Ortiz, Javier Ruiz, Eric Villegas, Jos\u00e9 Manuel Vicent, Marc Martos, Khalid Afia, Joan Goterris, Miguel \u00c1ngel Archela, Eduardo Hern\u00e1ndez, Francisco Pinel, Juan Ram\u00f3n Lara, David Velasco, \u00d3scar Conesa, Jordi Fuentes i Juan Mat\u00edas Vilafranca. El grup de jugadors estar\u00e0 dirigit pels t\u00e8cnics groguets Marta Cadis, Rafael Juli\u00e1n, Antonio Jim\u00e9nez i Sonia Alc\u00f3n."}]}],"hero":{"id":"section-1","title":"El Villarreal CF jugar\u00e0 la primera fase del prestigi\u00f3s torneig inclusiu a Tarragona (22, 23 i 24 de novembre)","text":"El Villarreal CF jugar\u00e0 la primera fase del prestigi\u00f3s torneig inclusiu a Tarragona (22, 23 i 24 de novembre) LALIGA Genuine inaugurar\u00e0 a Tarragona este cap de setmana una nova edici\u00f3 del torneig m\u00e9s inclusiu d\u2019Espanya (22, 23 i 24 de novembre). L\u2019EDI del Villarreal CF viatjar\u00e0 a terres catalanes per a disputar els primers tres trobades de la temporada davant l\u2019SD Huesca, Fundaci\u00f3n M\u00e1laga CF i Real Sporting de Gij\u00f3n. Despr\u00e9s de l\u2019arribada dels 47 equips participants, la primera fase comen\u00e7ar\u00e0 amb l\u2019acte inaugural en el Nou Estadi Costa Daurada, llar del Gimn\u00e0stic de Tarragona, i un c\u00f2ctel institucional en un poliesportiu contigu al camp. Els partits donaran principi el dissabte i continuaran el diumenge al mat\u00ed en les instal\u00b7lacions del Futbol Salou Sports Center. Al migdia, es far\u00e0 lliurament de les medalles a tots els participants i es donar\u00e0 per conclosa la primera fase de la temporada 2024\/25. El calendari de partits dels groguets a Tarragona seran els seg\u00fcents: La convocat\u00f2ria de futbolistes grocs per a esta important cita estar\u00e0 composta per Adri\u00e1n Centelles, Daniel Ortiz, Javier Ruiz, Eric Villegas, Jos\u00e9 Manuel Vicent, Marc Martos, Khalid Afia, Joan Goterris, Miguel \u00c1ngel Archela, Eduardo Hern\u00e1ndez, Francisco Pinel, Juan Ram\u00f3n Lara, David Velasco, \u00d3scar Conesa, Jordi Fuentes i Juan Mat\u00edas Vilafranca. El grup de jugadors estar\u00e0 dirigit pels t\u00e8cnics groguets Marta Cadis, Rafael Juli\u00e1n, Antonio Jim\u00e9nez i Sonia Alc\u00f3n.","headings":[{"type":"heading","level":2,"text":"El Villarreal CF jugar\u00e0 la primera fase del prestigi\u00f3s torneig inclusiu a Tarragona (22, 23 i 24 de novembre)"}],"texts":[{"type":"paragraph","text":"LALIGA Genuine inaugurar\u00e0 a Tarragona este cap de setmana una nova edici\u00f3 del torneig m\u00e9s inclusiu d\u2019Espanya (22, 23 i 24 de novembre). L\u2019EDI del Villarreal CF viatjar\u00e0 a terres catalanes per a disputar els primers tres trobades de la temporada davant l\u2019SD Huesca, Fundaci\u00f3n M\u00e1laga CF i Real Sporting de Gij\u00f3n."},{"type":"paragraph","text":"Despr\u00e9s de l\u2019arribada dels 47 equips participants, la primera fase comen\u00e7ar\u00e0 amb l\u2019acte inaugural en el Nou Estadi Costa Daurada, llar del Gimn\u00e0stic de Tarragona, i un c\u00f2ctel institucional en un poliesportiu contigu al camp. Els partits donaran principi el dissabte i continuaran el diumenge al mat\u00ed en les instal\u00b7lacions del Futbol Salou Sports Center. Al migdia, es far\u00e0 lliurament de les medalles a tots els participants i es donar\u00e0 per conclosa la primera fase de la temporada 2024\/25."},{"type":"paragraph","text":"El calendari de partits dels groguets a Tarragona seran els seg\u00fcents:"},{"type":"paragraph","text":"La convocat\u00f2ria de futbolistes grocs per a esta important cita estar\u00e0 composta per Adri\u00e1n Centelles, Daniel Ortiz, Javier Ruiz, Eric Villegas, Jos\u00e9 Manuel Vicent, Marc Martos, Khalid Afia, Joan Goterris, Miguel \u00c1ngel Archela, Eduardo Hern\u00e1ndez, Francisco Pinel, Juan Ram\u00f3n Lara, David Velasco, \u00d3scar Conesa, Jordi Fuentes i Juan Mat\u00edas Vilafranca. El grup de jugadors estar\u00e0 dirigit pels t\u00e8cnics groguets Marta Cadis, Rafael Juli\u00e1n, Antonio Jim\u00e9nez i Sonia Alc\u00f3n."}],"buttons":[],"images":[],"widgets":[],"blocks":[{"type":"heading","level":2,"text":"El Villarreal CF jugar\u00e0 la primera fase del prestigi\u00f3s torneig inclusiu a Tarragona (22, 23 i 24 de novembre)"},{"type":"paragraph","text":"LALIGA Genuine inaugurar\u00e0 a Tarragona este cap de setmana una nova edici\u00f3 del torneig m\u00e9s inclusiu d\u2019Espanya (22, 23 i 24 de novembre). L\u2019EDI del Villarreal CF viatjar\u00e0 a terres catalanes per a disputar els primers tres trobades de la temporada davant l\u2019SD Huesca, Fundaci\u00f3n M\u00e1laga CF i Real Sporting de Gij\u00f3n."},{"type":"paragraph","text":"Despr\u00e9s de l\u2019arribada dels 47 equips participants, la primera fase comen\u00e7ar\u00e0 amb l\u2019acte inaugural en el Nou Estadi Costa Daurada, llar del Gimn\u00e0stic de Tarragona, i un c\u00f2ctel institucional en un poliesportiu contigu al camp. Els partits donaran principi el dissabte i continuaran el diumenge al mat\u00ed en les instal\u00b7lacions del Futbol Salou Sports Center. Al migdia, es far\u00e0 lliurament de les medalles a tots els participants i es donar\u00e0 per conclosa la primera fase de la temporada 2024\/25."},{"type":"paragraph","text":"El calendari de partits dels groguets a Tarragona seran els seg\u00fcents:"},{"type":"list","style":"ul","items":["Villarreal CF vs SD Huesca: dissabte, a les 11.00 hores (camp 2).","Fundaci\u00f3 M\u00e1laga CF vs Villarreal CF: dissabte, a les 16.30 hores (camp 2).","Real Sporting de Gij\u00f3n vs Villarreal CF: diumenge, a les 11.00 hores (camp 2)."]},{"type":"paragraph","text":"La convocat\u00f2ria de futbolistes grocs per a esta important cita estar\u00e0 composta per Adri\u00e1n Centelles, Daniel Ortiz, Javier Ruiz, Eric Villegas, Jos\u00e9 Manuel Vicent, Marc Martos, Khalid Afia, Joan Goterris, Miguel \u00c1ngel Archela, Eduardo Hern\u00e1ndez, Francisco Pinel, Juan Ram\u00f3n Lara, David Velasco, \u00d3scar Conesa, Jordi Fuentes i Juan Mat\u00edas Vilafranca. El grup de jugadors estar\u00e0 dirigit pels t\u00e8cnics groguets Marta Cadis, Rafael Juli\u00e1n, Antonio Jim\u00e9nez i Sonia Alc\u00f3n."}]}},"sections":[{"id":"section-1","title":"El Villarreal CF jugar\u00e0 la primera fase del prestigi\u00f3s torneig inclusiu a Tarragona (22, 23 i 24 de novembre)","text":"El Villarreal CF jugar\u00e0 la primera fase del prestigi\u00f3s torneig inclusiu a Tarragona (22, 23 i 24 de novembre) LALIGA Genuine inaugurar\u00e0 a Tarragona este cap de setmana una nova edici\u00f3 del torneig m\u00e9s inclusiu d\u2019Espanya (22, 23 i 24 de novembre). L\u2019EDI del Villarreal CF viatjar\u00e0 a terres catalanes per a disputar els primers tres trobades de la temporada davant l\u2019SD Huesca, Fundaci\u00f3n M\u00e1laga CF i Real Sporting de Gij\u00f3n. Despr\u00e9s de l\u2019arribada dels 47 equips participants, la primera fase comen\u00e7ar\u00e0 amb l\u2019acte inaugural en el Nou Estadi Costa Daurada, llar del Gimn\u00e0stic de Tarragona, i un c\u00f2ctel institucional en un poliesportiu contigu al camp. Els partits donaran principi el dissabte i continuaran el diumenge al mat\u00ed en les instal\u00b7lacions del Futbol Salou Sports Center. Al migdia, es far\u00e0 lliurament de les medalles a tots els participants i es donar\u00e0 per conclosa la primera fase de la temporada 2024\/25. El calendari de partits dels groguets a Tarragona seran els seg\u00fcents: La convocat\u00f2ria de futbolistes grocs per a esta important cita estar\u00e0 composta per Adri\u00e1n Centelles, Daniel Ortiz, Javier Ruiz, Eric Villegas, Jos\u00e9 Manuel Vicent, Marc Martos, Khalid Afia, Joan Goterris, Miguel \u00c1ngel Archela, Eduardo Hern\u00e1ndez, Francisco Pinel, Juan Ram\u00f3n Lara, David Velasco, \u00d3scar Conesa, Jordi Fuentes i Juan Mat\u00edas Vilafranca. El grup de jugadors estar\u00e0 dirigit pels t\u00e8cnics groguets Marta Cadis, Rafael Juli\u00e1n, Antonio Jim\u00e9nez i Sonia Alc\u00f3n.","url":"","background_image":"","images":[],"videos":[],"links":[]}]},"excerpt":{"rendered":"El Villarreal CF jugar\u00e0 la primera fase del prestigi\u00f3s torneig inclusiu a Tarragona (22, 23 i 24 de novembre)","protected":false},"author":25,"featured_media":326697,"comment_status":"closed","ping_status":"closed","sticky":false,"template":"","format":"standard","meta":{"_acf_changed":false,"footnotes":""},"categories":[13509],"tags":[9366,10325,11513,9242,9244,9270,9227,9912,716,9205,9203],"acf":null,"lang":"val","translations":{"es":326691,"val":326698,"en":326704},"essential_grid":{"has_grid":false},"formatted_date":"November 22, 2024","modified_date":"November 18, 2024","permalink":"https:\/\/villarrealcf.es\/val\/illusio-davant-un-nou-debut-en-laliga-genuine\/","reading_time":2,"featured_media_data":{"id":326697,"title":"EDI_Genuine","caption":"","alt_text":"","description":"","mime_type":"image\/jpeg","source_url":"https:\/\/villarrealcf.es\/wp-content\/uploads\/2024\/11\/EDI_Genuine.jpg","sizes":{"thumbnail":{"url":"https:\/\/villarrealcf.es\/wp-content\/uploads\/2024\/11\/EDI_Genuine.jpg","width":1920,"height":1080},"medium":{"url":"https:\/\/villarrealcf.es\/wp-content\/uploads\/2024\/11\/EDI_Genuine.jpg","width":1920,"height":1080},"medium_large":{"url":"https:\/\/villarrealcf.es\/wp-content\/uploads\/2024\/11\/EDI_Genuine-768x432.jpg","width":768,"height":432},"large":{"url":"https:\/\/villarrealcf.es\/wp-content\/uploads\/2024\/11\/EDI_Genuine.jpg","width":788,"height":443},"1536x1536":{"url":"https:\/\/villarrealcf.es\/wp-content\/uploads\/2024\/11\/EDI_Genuine-1536x864.jpg","width":1536,"height":864},"2048x2048":{"url":"https:\/\/villarrealcf.es\/wp-content\/uploads\/2024\/11\/EDI_Genuine.jpg","width":1920,"height":1080},"tp-image-grid":{"url":"https:\/\/villarrealcf.es\/wp-content\/uploads\/2024\/11\/EDI_Genuine-700x700.jpg","width":700,"height":700},"size-bunyad-medium":{"url":"https:\/\/villarrealcf.es\/wp-content\/uploads\/2024\/11\/EDI_Genuine.jpg","width":1920,"height":1080},"sportspress-crop-medium":{"url":"https:\/\/villarrealcf.es\/wp-content\/uploads\/2024\/11\/EDI_Genuine-300x300.jpg","width":300,"height":300},"sportspress-fit-medium":{"url":"https:\/\/villarrealcf.es\/wp-content\/uploads\/2024\/11\/EDI_Genuine-300x169.jpg","width":300,"height":169},"sportspress-fit-icon":{"url":"https:\/\/villarrealcf.es\/wp-content\/uploads\/2024\/11\/EDI_Genuine-128x72.jpg","width":128,"height":72},"sportspress-fit-mini":{"url":"https:\/\/villarrealcf.es\/wp-content\/uploads\/2024\/11\/EDI_Genuine-32x18.jpg","width":32,"height":18},"bunyad-small":{"url":"https:\/\/villarrealcf.es\/wp-content\/uploads\/2024\/11\/EDI_Genuine-150x84.jpg","width":150,"height":84},"bunyad-medium":{"url":"https:\/\/villarrealcf.es\/wp-content\/uploads\/2024\/11\/EDI_Genuine-450x253.jpg","width":450,"height":253},"bunyad-full":{"url":"https:\/\/villarrealcf.es\/wp-content\/uploads\/2024\/11\/EDI_Genuine-1200x675.jpg","width":1200,"height":675},"bunyad-viewport":{"url":"https:\/\/villarrealcf.es\/wp-content\/uploads\/2024\/11\/EDI_Genuine.jpg","width":1920,"height":1080},"bunyad-768":{"url":"https:\/\/villarrealcf.es\/wp-content\/uploads\/2024\/11\/EDI_Genuine-768x432.jpg","width":768,"height":432},"full":{"url":"https:\/\/villarrealcf.es\/wp-content\/uploads\/2024\/11\/EDI_Genuine.jpg","width":1920,"height":1080}}},"author_data":{"id":"25","name":"Javier Ayuso","first_name":"Javier","last_name":"Ayuso","description":"","avatar_url":"https:\/\/secure.gravatar.com\/avatar\/fcf8894be45988fcce5bbff0efe1790d2a7f4ba57e2c7c898f5068154e696495?s=96&d=mm&r=g","acf":null},"taxonomies_data":{"category":[{"id":13509,"name":"Endavant","slug":"endavant-val","acf":null}],"post_tag":[{"id":9366,"name":"Cantera","slug":"cantera-val","acf":null},{"id":10325,"name":"Cantera Grogueta","slug":"cantera-grogueta-val","acf":null},{"id":11513,"name":"EDI","slug":"edi-val","acf":null},{"id":9242,"name":"Endavant","slug":"endavant-val-2","acf":null},{"id":9244,"name":"Endavant Solidaritat","slug":"endavant-solidaritat-val-2","acf":null},{"id":9270,"name":"Futbol","slug":"futbol-val","acf":null},{"id":9227,"name":"F\u00fatbol Base","slug":"futbol-base-val","acf":null},{"id":9912,"name":"Gimn\u00e0stic de Tarragona","slug":"gimnastic-de-tarragona-val","acf":null},{"id":716,"name":"Soccer","slug":"soccer-d105","acf":null},{"id":9205,"name":"Submarino","slug":"submarino-val","acf":null},{"id":9203,"name":"Villarreal CF","slug":"villarreal-cf-val","acf":null}],"translation_priority":[{"id":735,"name":"Optional","slug":"optional-val","acf":null}]},"seo_full":{"native":{"title":"Il\u00b7lusi\u00f3 davant un nou debut en LALIGA Genuine - Web Oficial del Villarreal CF","description":"El Villarreal CF jugar\u00e0 la primera fase del prestigi\u00f3s torneig inclusiu a Tarragona (22, 23 i 24 de novembre)","canonical":"https:\/\/villarrealcf.es\/val\/illusio-davant-un-nou-debut-en-laliga-genuine\/"}},"_links":{"self":[{"href":"https:\/\/villarrealcf.es\/val\/wp-json\/wp\/v2\/posts\/326698","targetHints":{"allow":["GET"]}}],"collection":[{"href":"https:\/\/villarrealcf.es\/val\/wp-json\/wp\/v2\/posts"}],"about":[{"href":"https:\/\/villarrealcf.es\/val\/wp-json\/wp\/v2\/types\/post"}],"author":[{"embeddable":true,"href":"https:\/\/villarrealcf.es\/val\/wp-json\/wp\/v2\/users\/25"}],"replies":[{"embeddable":true,"href":"https:\/\/villarrealcf.es\/val\/wp-json\/wp\/v2\/comments?post=326698"}],"version-history":[{"count":0,"href":"https:\/\/villarrealcf.es\/val\/wp-json\/wp\/v2\/posts\/326698\/revisions"}],"wp:featuredmedia":[{"embeddable":true,"href":"https:\/\/villarrealcf.es\/val\/wp-json\/wp\/v2\/media\/326697"}],"wp:attachment":[{"href":"https:\/\/villarrealcf.es\/val\/wp-json\/wp\/v2\/media?parent=326698"}],"wp:term":[{"taxonomy":"category","embeddable":true,"href":"https:\/\/villarrealcf.es\/val\/wp-json\/wp\/v2\/categories?post=326698"},{"taxonomy":"post_tag","embeddable":true,"href":"https:\/\/villarrealcf.es\/val\/wp-json\/wp\/v2\/tags?post=326698"}],"curies":[{"name":"wp","href":"https:\/\/api.w.org\/{rel}","templated":true}]}}