{"id":326063,"date":"2024-11-09T16:36:00","date_gmt":"2024-11-09T15:36:00","guid":{"rendered":"https:\/\/villarrealcf.es\/la-victoria-ha-sido-merecida-y-nos-da-tranquilidad\/"},"modified":"2024-11-09T19:11:07","modified_gmt":"2024-11-09T18:11:07","slug":"la-victoria-ens-dona-tranquillitat-abans-de-laturada","status":"publish","type":"post","link":"https:\/\/villarrealcf.es\/val\/la-victoria-ens-dona-tranquillitat-abans-de-laturada\/","title":{"rendered":"\u201cLa vict\u00f2ria ens dona tranquil\u00b7litat abans de l&#8217;aturada\u201d"},"content":{"protected":false,"blocks":[{"type":"heading","level":2,"text":"Marcelino ha elogiat el treball de l\u2019equip en la segona mitat i ha celebrat la primera porteria a zero del curs"},{"type":"paragraph","text":"L\u2019entrenador del Villarreal, Marcelino Garc\u00eda Toral, ha comparegut davant els mitjans de comunicaci\u00f3 per a analitzar la vict\u00f2ria grogueta contra el Deportivo Alav\u00e9s (3-0). El t\u00e8cnic asturi\u00e0 s\u2019ha mostrat satisfet pel contundent triomf a casa: \u201cHem fet un primer temps molt dolent, lluny de la nostra capacitat. Per sort, canviem la din\u00e0mica en la segona part. Va ser molt bona i per aix\u00f2 hem aconseguit la vict\u00f2ria. \u00c9s merescuda, encara que potser un poc inflat\u201d."},{"type":"paragraph","text":"El t\u00e8cnic asturi\u00e0 ha celebrat que el Villarreal haja blindat la seua porteria per primera vegada esta temporada: \u201cNo hem encaixat. Hem treballat molt per a aconseguir-ho. Sab\u00edem que anava a arribar este moment, ja m\u00e9s prompte que tard. Tant de bo siguem capa\u00e7os de donar-li continu\u00eftat a esta din\u00e0mica. Hui ens anem molt satisfets per aconseguir el triomf. Ens dona confian\u00e7a i tranquil\u00b7litat de cara a l\u2019aturada\u201d."},{"type":"paragraph","text":"D\u2019altra banda, Marcelino ha subratllat la notable millora experimentada en la segona part: \u201cHem sigut nosaltres. Ho hem fet quasi tot b\u00e9, al contrari que en el primer temps, quan no hem sigut nosaltres. No hem estat encertats i hem fallat molt. Jugant aix\u00ed no an\u00e0vem a guanyar. Malgrat anar-nos al descans amb avantatge gr\u00e0cies a una genialitat d\u2019Ilias\u201d."},{"type":"paragraph","text":"Finalment, l\u2019entrenador de Villarreal CF s\u2019ha pronunciat sobre els lesionats Kiko Femen\u00eda i Ilias Akhomach: \u201cAix\u00f2 de Kiko \u00e9s muscular. Caldr\u00e0 esperar les proves per a determinar l\u2019abast de la lesi\u00f3. Amb Ilias estem bastant preocupats. Li estan fent proves en estos mateixos instants. Tant de bo el diagn\u00f2stic siga el m\u00e9s lleu possible i el tinguem prompte amb nosaltres\u201d."},{"type":"paragraph","text":"Escolta la roda de premsa completa de Marcelino Garc\u00eda Toral:"},{"type":"video","kind":"iframe","url":"https:\/\/www.youtube.com\/embed\/U0Gh7hyWNcE?feature=oembed","poster":""}],"structured":{"summary":{"text":"Marcelino ha elogiat el treball de l\u2019equip en la segona mitat i ha celebrat la primera porteria a zero del curs L\u2019entrenador del Villarreal, Marcelino Garc\u00eda Toral, ha comparegut davant els mitjans de comunicaci\u00f3 per a analitzar la vict\u00f2ria grogueta contra el Deportivo Alav\u00e9s (3-0). El t\u00e8cnic asturi\u00e0 s\u2019ha mostrat satisfet pel contundent triomf a casa: \u201cHem fet un primer temps molt dolent, lluny de la nostra capacitat. Per sort, canviem la din\u00e0mica en la segona part. Va ser molt bona i per aix\u00f2 hem aconseguit la vict\u00f2ria. \u00c9s merescuda, encara que potser un poc inflat\u201d. El t\u00e8cnic asturi\u00e0 ha celebrat que el Villarreal haja blindat la seua porteria per primera vegada esta temporada: \u201cNo hem encaixat. Hem treballat molt per a aconseguir-ho. Sab\u00edem que anava a arribar este moment, ja m\u00e9s prompte que tard. Tant de bo siguem capa\u00e7os de donar-li continu\u00eftat a esta din\u00e0mica. Hui ens anem molt satisfets per aconseguir el triomf. Ens dona confian\u00e7a i tranquil\u00b7litat de cara a l\u2019aturada\u201d. D\u2019altra banda, Marcelino ha subratllat la notable millora experimentada en la segona part: \u201cHem sigut nosaltres. Ho hem fet quasi tot b\u00e9, al contrari que en el primer temps, quan no hem sigut nosaltres. No hem estat encertats i hem fallat molt. Jugant aix\u00ed no an\u00e0vem a guanyar. Malgrat anar-nos al descans amb avantatge gr\u00e0cies a una genialitat d\u2019Ilias\u201d. Finalment, l\u2019entrenador de Villarreal CF s\u2019ha pronunciat sobre els lesionats Kiko Femen\u00eda i Ilias Akhomach: \u201cAix\u00f2 de Kiko \u00e9s muscular. Caldr\u00e0 esperar les proves per a determinar l\u2019abast de la lesi\u00f3. Amb Ilias estem bastant preocupats. Li estan fent proves en estos mateixos instants. Tant de bo el diagn\u00f2stic siga el m\u00e9s lleu possible i el tinguem prompte amb nosaltres\u201d. Escolta la roda de premsa completa de Marcelino Garc\u00eda Toral:","headings":[{"type":"heading","level":2,"text":"Marcelino ha elogiat el treball de l\u2019equip en la segona mitat i ha celebrat la primera porteria a zero del curs"}],"buttons":[],"images":[],"counts":{"blocks":7,"headings":1,"texts":5,"buttons":0,"images":0}},"sections":[{"id":"section-1","title":"Marcelino ha elogiat el treball de l\u2019equip en la segona mitat i ha celebrat la primera porteria a zero del curs","text":"Marcelino ha elogiat el treball de l\u2019equip en la segona mitat i ha celebrat la primera porteria a zero del curs L\u2019entrenador del Villarreal, Marcelino Garc\u00eda Toral, ha comparegut davant els mitjans de comunicaci\u00f3 per a analitzar la vict\u00f2ria grogueta contra el Deportivo Alav\u00e9s (3-0). El t\u00e8cnic asturi\u00e0 s\u2019ha mostrat satisfet pel contundent triomf a casa: \u201cHem fet un primer temps molt dolent, lluny de la nostra capacitat. Per sort, canviem la din\u00e0mica en la segona part. Va ser molt bona i per aix\u00f2 hem aconseguit la vict\u00f2ria. \u00c9s merescuda, encara que potser un poc inflat\u201d. El t\u00e8cnic asturi\u00e0 ha celebrat que el Villarreal haja blindat la seua porteria per primera vegada esta temporada: \u201cNo hem encaixat. Hem treballat molt per a aconseguir-ho. Sab\u00edem que anava a arribar este moment, ja m\u00e9s prompte que tard. Tant de bo siguem capa\u00e7os de donar-li continu\u00eftat a esta din\u00e0mica. Hui ens anem molt satisfets per aconseguir el triomf. Ens dona confian\u00e7a i tranquil\u00b7litat de cara a l\u2019aturada\u201d. D\u2019altra banda, Marcelino ha subratllat la notable millora experimentada en la segona part: \u201cHem sigut nosaltres. Ho hem fet quasi tot b\u00e9, al contrari que en el primer temps, quan no hem sigut nosaltres. No hem estat encertats i hem fallat molt. Jugant aix\u00ed no an\u00e0vem a guanyar. Malgrat anar-nos al descans amb avantatge gr\u00e0cies a una genialitat d\u2019Ilias\u201d. Finalment, l\u2019entrenador de Villarreal CF s\u2019ha pronunciat sobre els lesionats Kiko Femen\u00eda i Ilias Akhomach: \u201cAix\u00f2 de Kiko \u00e9s muscular. Caldr\u00e0 esperar les proves per a determinar l\u2019abast de la lesi\u00f3. Amb Ilias estem bastant preocupats. Li estan fent proves en estos mateixos instants. Tant de bo el diagn\u00f2stic siga el m\u00e9s lleu possible i el tinguem prompte amb nosaltres\u201d. Escolta la roda de premsa completa de Marcelino Garc\u00eda Toral:","headings":[{"type":"heading","level":2,"text":"Marcelino ha elogiat el treball de l\u2019equip en la segona mitat i ha celebrat la primera porteria a zero del curs"}],"texts":[{"type":"paragraph","text":"L\u2019entrenador del Villarreal, Marcelino Garc\u00eda Toral, ha comparegut davant els mitjans de comunicaci\u00f3 per a analitzar la vict\u00f2ria grogueta contra el Deportivo Alav\u00e9s (3-0). El t\u00e8cnic asturi\u00e0 s\u2019ha mostrat satisfet pel contundent triomf a casa: \u201cHem fet un primer temps molt dolent, lluny de la nostra capacitat. Per sort, canviem la din\u00e0mica en la segona part. Va ser molt bona i per aix\u00f2 hem aconseguit la vict\u00f2ria. \u00c9s merescuda, encara que potser un poc inflat\u201d."},{"type":"paragraph","text":"El t\u00e8cnic asturi\u00e0 ha celebrat que el Villarreal haja blindat la seua porteria per primera vegada esta temporada: \u201cNo hem encaixat. Hem treballat molt per a aconseguir-ho. Sab\u00edem que anava a arribar este moment, ja m\u00e9s prompte que tard. Tant de bo siguem capa\u00e7os de donar-li continu\u00eftat a esta din\u00e0mica. Hui ens anem molt satisfets per aconseguir el triomf. Ens dona confian\u00e7a i tranquil\u00b7litat de cara a l\u2019aturada\u201d."},{"type":"paragraph","text":"D\u2019altra banda, Marcelino ha subratllat la notable millora experimentada en la segona part: \u201cHem sigut nosaltres. Ho hem fet quasi tot b\u00e9, al contrari que en el primer temps, quan no hem sigut nosaltres. No hem estat encertats i hem fallat molt. Jugant aix\u00ed no an\u00e0vem a guanyar. Malgrat anar-nos al descans amb avantatge gr\u00e0cies a una genialitat d\u2019Ilias\u201d."},{"type":"paragraph","text":"Finalment, l\u2019entrenador de Villarreal CF s\u2019ha pronunciat sobre els lesionats Kiko Femen\u00eda i Ilias Akhomach: \u201cAix\u00f2 de Kiko \u00e9s muscular. Caldr\u00e0 esperar les proves per a determinar l\u2019abast de la lesi\u00f3. Amb Ilias estem bastant preocupats. Li estan fent proves en estos mateixos instants. Tant de bo el diagn\u00f2stic siga el m\u00e9s lleu possible i el tinguem prompte amb nosaltres\u201d."},{"type":"paragraph","text":"Escolta la roda de premsa completa de Marcelino Garc\u00eda Toral:"}],"buttons":[],"images":[],"widgets":[],"blocks":[{"type":"heading","level":2,"text":"Marcelino ha elogiat el treball de l\u2019equip en la segona mitat i ha celebrat la primera porteria a zero del curs"},{"type":"paragraph","text":"L\u2019entrenador del Villarreal, Marcelino Garc\u00eda Toral, ha comparegut davant els mitjans de comunicaci\u00f3 per a analitzar la vict\u00f2ria grogueta contra el Deportivo Alav\u00e9s (3-0). El t\u00e8cnic asturi\u00e0 s\u2019ha mostrat satisfet pel contundent triomf a casa: \u201cHem fet un primer temps molt dolent, lluny de la nostra capacitat. Per sort, canviem la din\u00e0mica en la segona part. Va ser molt bona i per aix\u00f2 hem aconseguit la vict\u00f2ria. \u00c9s merescuda, encara que potser un poc inflat\u201d."},{"type":"paragraph","text":"El t\u00e8cnic asturi\u00e0 ha celebrat que el Villarreal haja blindat la seua porteria per primera vegada esta temporada: \u201cNo hem encaixat. Hem treballat molt per a aconseguir-ho. Sab\u00edem que anava a arribar este moment, ja m\u00e9s prompte que tard. Tant de bo siguem capa\u00e7os de donar-li continu\u00eftat a esta din\u00e0mica. Hui ens anem molt satisfets per aconseguir el triomf. Ens dona confian\u00e7a i tranquil\u00b7litat de cara a l\u2019aturada\u201d."},{"type":"paragraph","text":"D\u2019altra banda, Marcelino ha subratllat la notable millora experimentada en la segona part: \u201cHem sigut nosaltres. Ho hem fet quasi tot b\u00e9, al contrari que en el primer temps, quan no hem sigut nosaltres. No hem estat encertats i hem fallat molt. Jugant aix\u00ed no an\u00e0vem a guanyar. Malgrat anar-nos al descans amb avantatge gr\u00e0cies a una genialitat d\u2019Ilias\u201d."},{"type":"paragraph","text":"Finalment, l\u2019entrenador de Villarreal CF s\u2019ha pronunciat sobre els lesionats Kiko Femen\u00eda i Ilias Akhomach: \u201cAix\u00f2 de Kiko \u00e9s muscular. Caldr\u00e0 esperar les proves per a determinar l\u2019abast de la lesi\u00f3. Amb Ilias estem bastant preocupats. Li estan fent proves en estos mateixos instants. Tant de bo el diagn\u00f2stic siga el m\u00e9s lleu possible i el tinguem prompte amb nosaltres\u201d."},{"type":"paragraph","text":"Escolta la roda de premsa completa de Marcelino Garc\u00eda Toral:"},{"type":"video","kind":"iframe","url":"https:\/\/www.youtube.com\/embed\/U0Gh7hyWNcE?feature=oembed","poster":""}]}],"hero":{"id":"section-1","title":"Marcelino ha elogiat el treball de l\u2019equip en la segona mitat i ha celebrat la primera porteria a zero del curs","text":"Marcelino ha elogiat el treball de l\u2019equip en la segona mitat i ha celebrat la primera porteria a zero del curs L\u2019entrenador del Villarreal, Marcelino Garc\u00eda Toral, ha comparegut davant els mitjans de comunicaci\u00f3 per a analitzar la vict\u00f2ria grogueta contra el Deportivo Alav\u00e9s (3-0). El t\u00e8cnic asturi\u00e0 s\u2019ha mostrat satisfet pel contundent triomf a casa: \u201cHem fet un primer temps molt dolent, lluny de la nostra capacitat. Per sort, canviem la din\u00e0mica en la segona part. Va ser molt bona i per aix\u00f2 hem aconseguit la vict\u00f2ria. \u00c9s merescuda, encara que potser un poc inflat\u201d. El t\u00e8cnic asturi\u00e0 ha celebrat que el Villarreal haja blindat la seua porteria per primera vegada esta temporada: \u201cNo hem encaixat. Hem treballat molt per a aconseguir-ho. Sab\u00edem que anava a arribar este moment, ja m\u00e9s prompte que tard. Tant de bo siguem capa\u00e7os de donar-li continu\u00eftat a esta din\u00e0mica. Hui ens anem molt satisfets per aconseguir el triomf. Ens dona confian\u00e7a i tranquil\u00b7litat de cara a l\u2019aturada\u201d. D\u2019altra banda, Marcelino ha subratllat la notable millora experimentada en la segona part: \u201cHem sigut nosaltres. Ho hem fet quasi tot b\u00e9, al contrari que en el primer temps, quan no hem sigut nosaltres. No hem estat encertats i hem fallat molt. Jugant aix\u00ed no an\u00e0vem a guanyar. Malgrat anar-nos al descans amb avantatge gr\u00e0cies a una genialitat d\u2019Ilias\u201d. Finalment, l\u2019entrenador de Villarreal CF s\u2019ha pronunciat sobre els lesionats Kiko Femen\u00eda i Ilias Akhomach: \u201cAix\u00f2 de Kiko \u00e9s muscular. Caldr\u00e0 esperar les proves per a determinar l\u2019abast de la lesi\u00f3. Amb Ilias estem bastant preocupats. Li estan fent proves en estos mateixos instants. Tant de bo el diagn\u00f2stic siga el m\u00e9s lleu possible i el tinguem prompte amb nosaltres\u201d. Escolta la roda de premsa completa de Marcelino Garc\u00eda Toral:","headings":[{"type":"heading","level":2,"text":"Marcelino ha elogiat el treball de l\u2019equip en la segona mitat i ha celebrat la primera porteria a zero del curs"}],"texts":[{"type":"paragraph","text":"L\u2019entrenador del Villarreal, Marcelino Garc\u00eda Toral, ha comparegut davant els mitjans de comunicaci\u00f3 per a analitzar la vict\u00f2ria grogueta contra el Deportivo Alav\u00e9s (3-0). El t\u00e8cnic asturi\u00e0 s\u2019ha mostrat satisfet pel contundent triomf a casa: \u201cHem fet un primer temps molt dolent, lluny de la nostra capacitat. Per sort, canviem la din\u00e0mica en la segona part. Va ser molt bona i per aix\u00f2 hem aconseguit la vict\u00f2ria. \u00c9s merescuda, encara que potser un poc inflat\u201d."},{"type":"paragraph","text":"El t\u00e8cnic asturi\u00e0 ha celebrat que el Villarreal haja blindat la seua porteria per primera vegada esta temporada: \u201cNo hem encaixat. Hem treballat molt per a aconseguir-ho. Sab\u00edem que anava a arribar este moment, ja m\u00e9s prompte que tard. Tant de bo siguem capa\u00e7os de donar-li continu\u00eftat a esta din\u00e0mica. Hui ens anem molt satisfets per aconseguir el triomf. Ens dona confian\u00e7a i tranquil\u00b7litat de cara a l\u2019aturada\u201d."},{"type":"paragraph","text":"D\u2019altra banda, Marcelino ha subratllat la notable millora experimentada en la segona part: \u201cHem sigut nosaltres. Ho hem fet quasi tot b\u00e9, al contrari que en el primer temps, quan no hem sigut nosaltres. No hem estat encertats i hem fallat molt. Jugant aix\u00ed no an\u00e0vem a guanyar. Malgrat anar-nos al descans amb avantatge gr\u00e0cies a una genialitat d\u2019Ilias\u201d."},{"type":"paragraph","text":"Finalment, l\u2019entrenador de Villarreal CF s\u2019ha pronunciat sobre els lesionats Kiko Femen\u00eda i Ilias Akhomach: \u201cAix\u00f2 de Kiko \u00e9s muscular. Caldr\u00e0 esperar les proves per a determinar l\u2019abast de la lesi\u00f3. Amb Ilias estem bastant preocupats. Li estan fent proves en estos mateixos instants. Tant de bo el diagn\u00f2stic siga el m\u00e9s lleu possible i el tinguem prompte amb nosaltres\u201d."},{"type":"paragraph","text":"Escolta la roda de premsa completa de Marcelino Garc\u00eda Toral:"}],"buttons":[],"images":[],"widgets":[],"blocks":[{"type":"heading","level":2,"text":"Marcelino ha elogiat el treball de l\u2019equip en la segona mitat i ha celebrat la primera porteria a zero del curs"},{"type":"paragraph","text":"L\u2019entrenador del Villarreal, Marcelino Garc\u00eda Toral, ha comparegut davant els mitjans de comunicaci\u00f3 per a analitzar la vict\u00f2ria grogueta contra el Deportivo Alav\u00e9s (3-0). El t\u00e8cnic asturi\u00e0 s\u2019ha mostrat satisfet pel contundent triomf a casa: \u201cHem fet un primer temps molt dolent, lluny de la nostra capacitat. Per sort, canviem la din\u00e0mica en la segona part. Va ser molt bona i per aix\u00f2 hem aconseguit la vict\u00f2ria. \u00c9s merescuda, encara que potser un poc inflat\u201d."},{"type":"paragraph","text":"El t\u00e8cnic asturi\u00e0 ha celebrat que el Villarreal haja blindat la seua porteria per primera vegada esta temporada: \u201cNo hem encaixat. Hem treballat molt per a aconseguir-ho. Sab\u00edem que anava a arribar este moment, ja m\u00e9s prompte que tard. Tant de bo siguem capa\u00e7os de donar-li continu\u00eftat a esta din\u00e0mica. Hui ens anem molt satisfets per aconseguir el triomf. Ens dona confian\u00e7a i tranquil\u00b7litat de cara a l\u2019aturada\u201d."},{"type":"paragraph","text":"D\u2019altra banda, Marcelino ha subratllat la notable millora experimentada en la segona part: \u201cHem sigut nosaltres. Ho hem fet quasi tot b\u00e9, al contrari que en el primer temps, quan no hem sigut nosaltres. No hem estat encertats i hem fallat molt. Jugant aix\u00ed no an\u00e0vem a guanyar. Malgrat anar-nos al descans amb avantatge gr\u00e0cies a una genialitat d\u2019Ilias\u201d."},{"type":"paragraph","text":"Finalment, l\u2019entrenador de Villarreal CF s\u2019ha pronunciat sobre els lesionats Kiko Femen\u00eda i Ilias Akhomach: \u201cAix\u00f2 de Kiko \u00e9s muscular. Caldr\u00e0 esperar les proves per a determinar l\u2019abast de la lesi\u00f3. Amb Ilias estem bastant preocupats. Li estan fent proves en estos mateixos instants. Tant de bo el diagn\u00f2stic siga el m\u00e9s lleu possible i el tinguem prompte amb nosaltres\u201d."},{"type":"paragraph","text":"Escolta la roda de premsa completa de Marcelino Garc\u00eda Toral:"},{"type":"video","kind":"iframe","url":"https:\/\/www.youtube.com\/embed\/U0Gh7hyWNcE?feature=oembed","poster":""}]}},"sections":[{"id":"section-1","title":"Marcelino ha elogiat el treball de l\u2019equip en la segona mitat i ha celebrat la primera porteria a zero del curs","text":"Marcelino ha elogiat el treball de l\u2019equip en la segona mitat i ha celebrat la primera porteria a zero del curs L\u2019entrenador del Villarreal, Marcelino Garc\u00eda Toral, ha comparegut davant els mitjans de comunicaci\u00f3 per a analitzar la vict\u00f2ria grogueta contra el Deportivo Alav\u00e9s (3-0). El t\u00e8cnic asturi\u00e0 s\u2019ha mostrat satisfet pel contundent triomf a casa: \u201cHem fet un primer temps molt dolent, lluny de la nostra capacitat. Per sort, canviem la din\u00e0mica en la segona part. Va ser molt bona i per aix\u00f2 hem aconseguit la vict\u00f2ria. \u00c9s merescuda, encara que potser un poc inflat\u201d. El t\u00e8cnic asturi\u00e0 ha celebrat que el Villarreal haja blindat la seua porteria per primera vegada esta temporada: \u201cNo hem encaixat. Hem treballat molt per a aconseguir-ho. Sab\u00edem que anava a arribar este moment, ja m\u00e9s prompte que tard. Tant de bo siguem capa\u00e7os de donar-li continu\u00eftat a esta din\u00e0mica. Hui ens anem molt satisfets per aconseguir el triomf. Ens dona confian\u00e7a i tranquil\u00b7litat de cara a l\u2019aturada\u201d. D\u2019altra banda, Marcelino ha subratllat la notable millora experimentada en la segona part: \u201cHem sigut nosaltres. Ho hem fet quasi tot b\u00e9, al contrari que en el primer temps, quan no hem sigut nosaltres. No hem estat encertats i hem fallat molt. Jugant aix\u00ed no an\u00e0vem a guanyar. Malgrat anar-nos al descans amb avantatge gr\u00e0cies a una genialitat d\u2019Ilias\u201d. Finalment, l\u2019entrenador de Villarreal CF s\u2019ha pronunciat sobre els lesionats Kiko Femen\u00eda i Ilias Akhomach: \u201cAix\u00f2 de Kiko \u00e9s muscular. Caldr\u00e0 esperar les proves per a determinar l\u2019abast de la lesi\u00f3. Amb Ilias estem bastant preocupats. Li estan fent proves en estos mateixos instants. Tant de bo el diagn\u00f2stic siga el m\u00e9s lleu possible i el tinguem prompte amb nosaltres\u201d. Escolta la roda de premsa completa de Marcelino Garc\u00eda Toral:","url":"","background_image":"","images":[],"videos":[{"type":"video","kind":"iframe","url":"https:\/\/www.youtube.com\/embed\/U0Gh7hyWNcE?feature=oembed","poster":""}],"links":[]}]},"excerpt":{"rendered":"Marcelino ha elogiat el treball de l&#8217;equip en la segona mitat i ha celebrat la primera porteria a zero del curs","protected":false},"author":25,"featured_media":326057,"comment_status":"closed","ping_status":"closed","sticky":false,"template":"","format":"standard","meta":{"_acf_changed":false,"footnotes":""},"categories":[13493],"tags":[11159,11429,717,9270,11042,14765,9219,16071,9278,9680,716,9205,9627,9203],"acf":null,"lang":"val","translations":{"es":326054,"val":326063,"en":326066},"essential_grid":{"has_grid":false},"formatted_date":"November 9, 2024","modified_date":"November 9, 2024","permalink":"https:\/\/villarrealcf.es\/val\/la-victoria-ens-dona-tranquillitat-abans-de-laturada\/","reading_time":2,"featured_media_data":{"id":326057,"title":"MarcelinoGarciaToral","caption":"","alt_text":"","description":"","mime_type":"image\/jpeg","source_url":"https:\/\/villarrealcf.es\/wp-content\/uploads\/2024\/11\/MarcelinoGarciaToral-1.jpg","sizes":{"thumbnail":{"url":"https:\/\/villarrealcf.es\/wp-content\/uploads\/2024\/11\/MarcelinoGarciaToral-1.jpg","width":1920,"height":1080},"medium":{"url":"https:\/\/villarrealcf.es\/wp-content\/uploads\/2024\/11\/MarcelinoGarciaToral-1.jpg","width":1920,"height":1080},"medium_large":{"url":"https:\/\/villarrealcf.es\/wp-content\/uploads\/2024\/11\/MarcelinoGarciaToral-1-768x432.jpg","width":768,"height":432},"large":{"url":"https:\/\/villarrealcf.es\/wp-content\/uploads\/2024\/11\/MarcelinoGarciaToral-1.jpg","width":788,"height":443},"1536x1536":{"url":"https:\/\/villarrealcf.es\/wp-content\/uploads\/2024\/11\/MarcelinoGarciaToral-1-1536x864.jpg","width":1536,"height":864},"2048x2048":{"url":"https:\/\/villarrealcf.es\/wp-content\/uploads\/2024\/11\/MarcelinoGarciaToral-1.jpg","width":1920,"height":1080},"tp-image-grid":{"url":"https:\/\/villarrealcf.es\/wp-content\/uploads\/2024\/11\/MarcelinoGarciaToral-1-700x700.jpg","width":700,"height":700},"size-bunyad-medium":{"url":"https:\/\/villarrealcf.es\/wp-content\/uploads\/2024\/11\/MarcelinoGarciaToral-1.jpg","width":1920,"height":1080},"sportspress-crop-medium":{"url":"https:\/\/villarrealcf.es\/wp-content\/uploads\/2024\/11\/MarcelinoGarciaToral-1-300x300.jpg","width":300,"height":300},"sportspress-fit-medium":{"url":"https:\/\/villarrealcf.es\/wp-content\/uploads\/2024\/11\/MarcelinoGarciaToral-1-300x169.jpg","width":300,"height":169},"sportspress-fit-icon":{"url":"https:\/\/villarrealcf.es\/wp-content\/uploads\/2024\/11\/MarcelinoGarciaToral-1-128x72.jpg","width":128,"height":72},"sportspress-fit-mini":{"url":"https:\/\/villarrealcf.es\/wp-content\/uploads\/2024\/11\/MarcelinoGarciaToral-1-32x18.jpg","width":32,"height":18},"bunyad-small":{"url":"https:\/\/villarrealcf.es\/wp-content\/uploads\/2024\/11\/MarcelinoGarciaToral-1-150x84.jpg","width":150,"height":84},"bunyad-medium":{"url":"https:\/\/villarrealcf.es\/wp-content\/uploads\/2024\/11\/MarcelinoGarciaToral-1-450x253.jpg","width":450,"height":253},"bunyad-full":{"url":"https:\/\/villarrealcf.es\/wp-content\/uploads\/2024\/11\/MarcelinoGarciaToral-1-1200x675.jpg","width":1200,"height":675},"bunyad-viewport":{"url":"https:\/\/villarrealcf.es\/wp-content\/uploads\/2024\/11\/MarcelinoGarciaToral-1.jpg","width":1920,"height":1080},"bunyad-768":{"url":"https:\/\/villarrealcf.es\/wp-content\/uploads\/2024\/11\/MarcelinoGarciaToral-1-768x432.jpg","width":768,"height":432},"full":{"url":"https:\/\/villarrealcf.es\/wp-content\/uploads\/2024\/11\/MarcelinoGarciaToral-1.jpg","width":1920,"height":1080}}},"author_data":{"id":"25","name":"Javier Ayuso","first_name":"Javier","last_name":"Ayuso","description":"","avatar_url":"https:\/\/secure.gravatar.com\/avatar\/fcf8894be45988fcce5bbff0efe1790d2a7f4ba57e2c7c898f5068154e696495?s=96&d=mm&r=g","acf":null},"taxonomies_data":{"category":[{"id":13493,"name":"Primer equip","slug":"primer-equip","acf":null}],"post_tag":[{"id":11159,"name":"Deportivo Alav\u00e9s","slug":"deportivo-alaves-val","acf":null},{"id":11429,"name":"Estadio de la Cer\u00e1mica","slug":"estadio-de-la-ceramica-val","acf":null},{"id":717,"name":"Football","slug":"football-d34","acf":null},{"id":9270,"name":"Futbol","slug":"futbol-val","acf":null},{"id":11042,"name":"LaLiga","slug":"laliga-val","acf":null},{"id":14765,"name":"LaLiga EA Sports","slug":"laliga-ea-sports-val","acf":null},{"id":9219,"name":"Marcelino Garc\u00eda Toral","slug":"marcelino-garcia-toral-val","acf":null},{"id":16071,"name":"One Football","slug":"one-football-val","acf":null},{"id":9278,"name":"primera division","slug":"primera-division-val","acf":null},{"id":9680,"name":"Rueda de prensa","slug":"rueda-de-prensa-val","acf":null},{"id":716,"name":"Soccer","slug":"soccer-d105","acf":null},{"id":9205,"name":"Submarino","slug":"submarino-val","acf":null},{"id":9627,"name":"Submarino Amarillo","slug":"submarino-amarillo-val","acf":null},{"id":9203,"name":"Villarreal CF","slug":"villarreal-cf-val","acf":null}],"translation_priority":[{"id":735,"name":"Optional","slug":"optional-val","acf":null}]},"seo_full":{"native":{"title":"\u201cLa vict\u00f2ria ens dona tranquil\u00b7litat abans de l&#8217;aturada\u201d - Web Oficial del Villarreal CF","description":"Marcelino ha elogiat el treball de l'equip en la segona mitat i ha celebrat la primera porteria a zero del curs","canonical":"https:\/\/villarrealcf.es\/val\/la-victoria-ens-dona-tranquillitat-abans-de-laturada\/"}},"_links":{"self":[{"href":"https:\/\/villarrealcf.es\/val\/wp-json\/wp\/v2\/posts\/326063","targetHints":{"allow":["GET"]}}],"collection":[{"href":"https:\/\/villarrealcf.es\/val\/wp-json\/wp\/v2\/posts"}],"about":[{"href":"https:\/\/villarrealcf.es\/val\/wp-json\/wp\/v2\/types\/post"}],"author":[{"embeddable":true,"href":"https:\/\/villarrealcf.es\/val\/wp-json\/wp\/v2\/users\/25"}],"replies":[{"embeddable":true,"href":"https:\/\/villarrealcf.es\/val\/wp-json\/wp\/v2\/comments?post=326063"}],"version-history":[{"count":0,"href":"https:\/\/villarrealcf.es\/val\/wp-json\/wp\/v2\/posts\/326063\/revisions"}],"wp:featuredmedia":[{"embeddable":true,"href":"https:\/\/villarrealcf.es\/val\/wp-json\/wp\/v2\/media\/326057"}],"wp:attachment":[{"href":"https:\/\/villarrealcf.es\/val\/wp-json\/wp\/v2\/media?parent=326063"}],"wp:term":[{"taxonomy":"category","embeddable":true,"href":"https:\/\/villarrealcf.es\/val\/wp-json\/wp\/v2\/categories?post=326063"},{"taxonomy":"post_tag","embeddable":true,"href":"https:\/\/villarrealcf.es\/val\/wp-json\/wp\/v2\/tags?post=326063"}],"curies":[{"name":"wp","href":"https:\/\/api.w.org\/{rel}","templated":true}]}}