{"id":325341,"date":"2024-10-29T23:18:26","date_gmt":"2024-10-29T22:18:26","guid":{"rendered":"https:\/\/villarrealcf.es\/copa-del-rey\/"},"modified":"2024-10-30T12:28:01","modified_gmt":"2024-10-30T11:28:01","slug":"el-villarreal-avanca-en-la-copa-del-rey-1-6","status":"publish","type":"post","link":"https:\/\/villarrealcf.es\/val\/el-villarreal-avanca-en-la-copa-del-rey-1-6\/","title":{"rendered":"El Villarreal avan\u00e7a en la Copa del Rey (1-6)"},"content":{"protected":false,"blocks":[{"type":"heading","level":2,"text":"El Submar\u00ed ven\u00e7 c\u00f2modament a la UD Poblense i es classifica per a la Segona Eliminat\u00f2ria del Torneig del KO"},{"type":"paragraph","text":"El Villarreal \u00e9s equip de la Segona Eliminat\u00f2ria de Copa del Rey. El Submar\u00ed es va imposar c\u00f2modament a la UD Poblense per 1-6 amb els gols de Ramon Terrats, Ayoze (3), Pau Cabanes i Gueye en el partit disputat durant la nit del dimarts en el Nou Camp de Sa Pobla i marcat per les adverses condicions meteorol\u00f2giques."},{"type":"video","kind":"iframe","url":"https:\/\/www.youtube.com\/embed\/NdPu0QnW6Sc?feature=oembed","poster":""},{"type":"paragraph","text":"La UD Poblense es vestia de gala per a disputar un comprom\u00eds coper 47 anys despr\u00e9s -llavors es va enfrontar a la UD Salamanca-. Un triomf que es van guanyar a pols despr\u00e9s d\u2019eliminar a La Nucia en la Copa Federaci\u00f3 i traure el seu bitllet per a la Primera Eliminat\u00f2ria del Torneig del KO Aix\u00ed, m\u00e9s de 8.000 persones van abarrotar les graderies del Municipal de Sa Pobla per a rebre i intentar guanyar a un campi\u00f3 d\u2019Europa."},{"type":"paragraph","text":"Marcelino va optar per un onze amb noms importants. El de Gij\u00f3n, que va incloure a Pau Cabanes, Pau Navarro i Valou com a \u00fanics jugadors de la pedrera en la convocat\u00f2ria per al partit coper, va alinear a l\u2019atacant de Borriana i al defensor de La Vilavella per a mesurar-se al quadre balear. Van ser les grans novetats d\u2019un onze en el qual tamb\u00e9 van emergir els noms de Luiz J\u00fanior, que debutava oficialment amb el Submar\u00ed, i de futbolistes que havien comptat amb menys minuts fins a la data com Willy Kambwala o Juan Bernat, entre altres."},{"type":"paragraph","text":"El primer acostament del Villarreal va arribar abans del minut 10 de partit. Yeremy Pino s\u2019internava en \u00e0rea rival i, prop de la l\u00ednia de fons, posava una passada de la mort a Ramon Terrats que no aconseguia impactar la pilota. No obstant aix\u00f2, en la seg\u00fcent jugada, id\u00e8ntica a l\u2019anterior per l\u2019elaboraci\u00f3 i els protagonistes d\u2019esta, arribaria el primer gol del Villarreal, obra de Ramon Terrats, que rematava a plaer despr\u00e9s d\u2019una bona assist\u00e8ncia de Yeremy Pino. El gol del migcampista catal\u00e0 posava per davant al Submar\u00ed en el minut 10 de partit."},{"type":"paragraph","text":"Prop de la mitja hora de partit, en el minut 27, una passada a l\u2019esquena de la defensa de la UD Poblense deixava a Ramon Terrats en situaci\u00f3 de m\u00e0 a m\u00e0 davant Sabater i el \u201920\u2019 groc cedia la pilota a Ayoze P\u00e9rez, regalant-li aix\u00ed el punt que augmentava l\u2019avantatge del Villarreal en el marcador."},{"type":"paragraph","text":"El canari tamb\u00e9 faria el tercer, que arribaria huit minuts despr\u00e9s. Yeremy, prop de la frontal, filtrava una pilota a Ayoze que es desfeia del seu defensor amb un magn\u00edfic control d\u2019esper\u00f3 per a despr\u00e9s batre a Sabater."},{"type":"paragraph","text":"L\u2019equip de Marcelino era una m\u00e0quina de generar atacs i amena\u00e7ava constantment a la defensa de la UD Poblense, que espentat per la seua gent tractava de resistir als atacs groguets. No obstant aix\u00f2, en el minut 38 arribaria una nova mala not\u00edcia en forma de gol per al quadre balear, que veia com Pau Cabanes, assistit per Ayoze i despr\u00e9s d\u2019una gran maniobra dins de l\u2019\u00e0rea, feia el 0-4 amb un tir pegat al pal."},{"type":"paragraph","text":"Abans del descans, Ayoze anotaria completaria el seu hat-trick amb una gran definici\u00f3 despr\u00e9s que Terrats li deixara nom\u00e9s davant el porter."},{"type":"paragraph","text":"El Villarreal, al final de la primera part, encarrilava l\u2019eliminat\u00f2ria amb un 0-5 en el marcador."},{"type":"paragraph","text":"En l\u2019inici de la segona part, Marcelino va fer debutar amb el primer equip a Valou, jove central ivori\u00e0 que esta temporada est\u00e0 en din\u00e0mica amb el Villarreal B."},{"type":"paragraph","text":"La UD Poblense va tindre les seues oportunitats durant el primer quart d\u2019hora del segon acte, per\u00f2 es va topar amb un excels Luiz J\u00fanior, que va deixar les seues primeres grans intervencions com a portera del Villarreal."},{"type":"paragraph","text":"Tot seguit, en el minut 58, Pape Gueye augmentaria el compte anotant el 0-6."},{"type":"paragraph","text":"L\u2019alegria per a la gent de Sa Pobla va arribar en les botes d\u2019Aitor Pons. El veter\u00e0 davanter de la UD Poblense sorprenia a Luiz J\u00fanior amb un xut lluny\u00e0 que es convertia en el 1-6, el gol d\u2019honor que va celebrar en gran l\u2019equip i el p\u00fablic congregat en el Municipal de Sa Pobla."},{"type":"paragraph","text":"Finalment, un seri\u00f3s Villarreal vencia en el camp de la UD Poblense i avan\u00e7a en la Copa del Rey. El Submar\u00ed disputar\u00e0 la Segona Eliminat\u00f2ria a partir del 4 de desembre davant un rival encara per determinar."}],"structured":{"summary":{"text":"El Submar\u00ed ven\u00e7 c\u00f2modament a la UD Poblense i es classifica per a la Segona Eliminat\u00f2ria del Torneig del KO El Villarreal \u00e9s equip de la Segona Eliminat\u00f2ria de Copa del Rey. El Submar\u00ed es va imposar c\u00f2modament a la UD Poblense per 1-6 amb els gols de Ramon Terrats, Ayoze (3), Pau Cabanes i Gueye en el partit disputat durant la nit del dimarts en el Nou Camp de Sa Pobla i marcat per les adverses condicions meteorol\u00f2giques. La UD Poblense es vestia de gala per a disputar un comprom\u00eds coper 47 anys despr\u00e9s -llavors es va enfrontar a la UD Salamanca-. Un triomf que es van guanyar a pols despr\u00e9s d\u2019eliminar a La Nucia en la Copa Federaci\u00f3 i traure el seu bitllet per a la Primera Eliminat\u00f2ria del Torneig del KO Aix\u00ed, m\u00e9s de 8.000 persones van abarrotar les graderies del Municipal de Sa Pobla per a rebre i intentar guanyar a un campi\u00f3 d\u2019Europa. Marcelino va optar per un onze amb noms importants. El de Gij\u00f3n, que va incloure a Pau Cabanes, Pau Navarro i Valou com a \u00fanics jugadors de la pedrera en la convocat\u00f2ria per al partit coper, va alinear a l\u2019atacant de Borriana i al defensor de La Vilavella per a mesurar-se al quadre balear. Van ser les grans novetats d\u2019un onze en el qual tamb\u00e9 van emergir els noms de Luiz J\u00fanior, que debutava oficialment amb el Submar\u00ed, i de futbolistes que havien comptat amb menys minuts fins a la data com Willy Kambwala o Juan Bernat, entre altres. El primer acostament del Villarreal va arribar abans del minut 10 de partit. Yeremy Pino s\u2019internava en \u00e0rea rival i, prop de la l\u00ednia de fons, posava una passada de la mort a Ramon Terrats que no aconseguia impactar la pilota. No obstant aix\u00f2, en la seg\u00fcent jugada, id\u00e8ntica a l\u2019anterior per l\u2019elaboraci\u00f3 i els protagonistes d\u2019esta, arribaria el primer gol del Villarreal, obra de Ramon Terrats, que rematava a plaer despr\u00e9s d\u2019una bona assist\u00e8ncia de Yeremy Pino. El gol del migcampista catal\u00e0 posava per davant al Submar\u00ed en el minut 10 de partit. Prop de la mitja hora de partit, en el minut 27, una passada a l\u2019esquena de la defensa de la UD Poblense deixava a Ramon Terrats en situaci\u00f3 de m\u00e0 a m\u00e0 davant Sabater i el \u201920\u2019 groc cedia la pilota a Ayoze P\u00e9rez, regalant-li aix\u00ed el punt que augmentava l\u2019avantatge del Villarreal en el marcador. El canari tamb\u00e9 faria el tercer, que arribaria huit minuts despr\u00e9s. Yeremy, prop de la frontal, filtrava una pilota a Ayoze que es desfeia del seu defensor amb un magn\u00edfic control d\u2019esper\u00f3 per a despr\u00e9s batre a Sabater. L\u2019equip de Marcelino era una m\u00e0quina de generar atacs i amena\u00e7ava constantment a la defensa de la UD Poblense, que espentat per la seua gent tractava de resistir als atacs groguets. No obstant aix\u00f2, en el minut 38 arribaria una nova mala not\u00edcia en forma de gol per al quadre balear, que veia com Pau Cabanes, assistit per Ayoze i despr\u00e9s d\u2019una gran maniobra dins de l\u2019\u00e0rea, feia el 0-4 amb un tir pegat al pal. Abans del descans, Ayoze anotaria completaria el seu hat-trick amb una gran definici\u00f3 despr\u00e9s que Terrats li deixara nom\u00e9s davant el porter. El Villarreal, al final de la primera part, encarrilava l\u2019eliminat\u00f2ria amb un 0-5 en el marcador. En l\u2019inici de la segona part, Marcelino va fer debutar amb el primer equip a Valou, jove central ivori\u00e0 que esta temporada est\u00e0 en din\u00e0mica amb el Villarreal B. La UD Poblense va tindre les seues oportunitats durant el primer quart d\u2019hora del segon acte, per\u00f2 es va topar amb un excels Luiz J\u00fanior, que va deixar les seues primeres grans intervencions com a portera del Villarreal. Tot seguit, en el minut 58, Pape Gueye augmentaria el compte anotant el 0-6. L\u2019alegria per a la gent de Sa Pobla va arribar en les botes d\u2019Aitor Pons. El veter\u00e0 davanter de la UD Poblense sorprenia a Luiz J\u00fanior amb un xut lluny\u00e0 que es convertia en el 1-6, el gol d\u2019honor que va celebrar en gran l\u2019equip i el p\u00fablic congregat en el Municipal de Sa Pobla. Finalment, un seri\u00f3s Villarreal vencia en el camp de la UD Poblense i avan\u00e7a en la Copa del Rey. El Submar\u00ed disputar\u00e0 la Segona Eliminat\u00f2ria a partir del 4 de desembre davant un rival encara per determinar.","headings":[{"type":"heading","level":2,"text":"El Submar\u00ed ven\u00e7 c\u00f2modament a la UD Poblense i es classifica per a la Segona Eliminat\u00f2ria del Torneig del KO"}],"buttons":[],"images":[],"counts":{"blocks":16,"headings":1,"texts":14,"buttons":0,"images":0}},"sections":[{"id":"section-1","title":"El Submar\u00ed ven\u00e7 c\u00f2modament a la UD Poblense i es classifica per a la Segona Eliminat\u00f2ria del Torneig del KO","text":"El Submar\u00ed ven\u00e7 c\u00f2modament a la UD Poblense i es classifica per a la Segona Eliminat\u00f2ria del Torneig del KO El Villarreal \u00e9s equip de la Segona Eliminat\u00f2ria de Copa del Rey. El Submar\u00ed es va imposar c\u00f2modament a la UD Poblense per 1-6 amb els gols de Ramon Terrats, Ayoze (3), Pau Cabanes i Gueye en el partit disputat durant la nit del dimarts en el Nou Camp de Sa Pobla i marcat per les adverses condicions meteorol\u00f2giques. La UD Poblense es vestia de gala per a disputar un comprom\u00eds coper 47 anys despr\u00e9s -llavors es va enfrontar a la UD Salamanca-. Un triomf que es van guanyar a pols despr\u00e9s d\u2019eliminar a La Nucia en la Copa Federaci\u00f3 i traure el seu bitllet per a la Primera Eliminat\u00f2ria del Torneig del KO Aix\u00ed, m\u00e9s de 8.000 persones van abarrotar les graderies del Municipal de Sa Pobla per a rebre i intentar guanyar a un campi\u00f3 d\u2019Europa. Marcelino va optar per un onze amb noms importants. El de Gij\u00f3n, que va incloure a Pau Cabanes, Pau Navarro i Valou com a \u00fanics jugadors de la pedrera en la convocat\u00f2ria per al partit coper, va alinear a l\u2019atacant de Borriana i al defensor de La Vilavella per a mesurar-se al quadre balear. Van ser les grans novetats d\u2019un onze en el qual tamb\u00e9 van emergir els noms de Luiz J\u00fanior, que debutava oficialment amb el Submar\u00ed, i de futbolistes que havien comptat amb menys minuts fins a la data com Willy Kambwala o Juan Bernat, entre altres. El primer acostament del Villarreal va arribar abans del minut 10 de partit. Yeremy Pino s\u2019internava en \u00e0rea rival i, prop de la l\u00ednia de fons, posava una passada de la mort a Ramon Terrats que no aconseguia impactar la pilota. No obstant aix\u00f2, en la seg\u00fcent jugada, id\u00e8ntica a l\u2019anterior per l\u2019elaboraci\u00f3 i els protagonistes d\u2019esta, arribaria el primer gol del Villarreal, obra de Ramon Terrats, que rematava a plaer despr\u00e9s d\u2019una bona assist\u00e8ncia de Yeremy Pino. El gol del migcampista catal\u00e0 posava per davant al Submar\u00ed en el minut 10 de partit. Prop de la mitja hora de partit, en el minut 27, una passada a l\u2019esquena de la defensa de la UD Poblense deixava a Ramon Terrats en situaci\u00f3 de m\u00e0 a m\u00e0 davant Sabater i el \u201920\u2019 groc cedia la pilota a Ayoze P\u00e9rez, regalant-li aix\u00ed el punt que augmentava l\u2019avantatge del Villarreal en el marcador. El canari tamb\u00e9 faria el tercer, que arribaria huit minuts despr\u00e9s. Yeremy, prop de la frontal, filtrava una pilota a Ayoze que es desfeia del seu defensor amb un magn\u00edfic control d\u2019esper\u00f3 per a despr\u00e9s batre a Sabater. L\u2019equip de Marcelino era una m\u00e0quina de generar atacs i amena\u00e7ava constantment a la defensa de la UD Poblense, que espentat per la seua gent tractava de resistir als atacs groguets. No obstant aix\u00f2, en el minut 38 arribaria una nova mala not\u00edcia en forma de gol per al quadre balear, que veia com Pau Cabanes, assistit per Ayoze i despr\u00e9s d\u2019una gran maniobra dins de l\u2019\u00e0rea, feia el 0-4 amb un tir pegat al pal. Abans del descans, Ayoze anotaria completaria el seu hat-trick amb una gran definici\u00f3 despr\u00e9s que Terrats li deixara nom\u00e9s davant el porter. El Villarreal, al final de la primera part, encarrilava l\u2019eliminat\u00f2ria amb un 0-5 en el marcador. En l\u2019inici de la segona part, Marcelino va fer debutar amb el primer equip a Valou, jove central ivori\u00e0 que esta temporada est\u00e0 en din\u00e0mica amb el Villarreal B. La UD Poblense va tindre les seues oportunitats durant el primer quart d\u2019hora del segon acte, per\u00f2 es va topar amb un excels Luiz J\u00fanior, que va deixar les seues primeres grans intervencions com a portera del Villarreal. Tot seguit, en el minut 58, Pape Gueye augmentaria el compte anotant el 0-6. L\u2019alegria per a la gent de Sa Pobla va arribar en les botes d\u2019Aitor Pons. El veter\u00e0 davanter de la UD Poblense sorprenia a Luiz J\u00fanior amb un xut lluny\u00e0 que es convertia en el 1-6, el gol d\u2019honor que va celebrar en gran l\u2019equip i el p\u00fablic congregat en el Municipal de Sa Pobla. Finalment, un seri\u00f3s Villarreal vencia en el camp de la UD Poblense i avan\u00e7a en la Copa del Rey. El Submar\u00ed disputar\u00e0 la Segona Eliminat\u00f2ria a partir del 4 de desembre davant un rival encara per determinar.","headings":[{"type":"heading","level":2,"text":"El Submar\u00ed ven\u00e7 c\u00f2modament a la UD Poblense i es classifica per a la Segona Eliminat\u00f2ria del Torneig del KO"}],"texts":[{"type":"paragraph","text":"El Villarreal \u00e9s equip de la Segona Eliminat\u00f2ria de Copa del Rey. El Submar\u00ed es va imposar c\u00f2modament a la UD Poblense per 1-6 amb els gols de Ramon Terrats, Ayoze (3), Pau Cabanes i Gueye en el partit disputat durant la nit del dimarts en el Nou Camp de Sa Pobla i marcat per les adverses condicions meteorol\u00f2giques."},{"type":"paragraph","text":"La UD Poblense es vestia de gala per a disputar un comprom\u00eds coper 47 anys despr\u00e9s -llavors es va enfrontar a la UD Salamanca-. Un triomf que es van guanyar a pols despr\u00e9s d\u2019eliminar a La Nucia en la Copa Federaci\u00f3 i traure el seu bitllet per a la Primera Eliminat\u00f2ria del Torneig del KO Aix\u00ed, m\u00e9s de 8.000 persones van abarrotar les graderies del Municipal de Sa Pobla per a rebre i intentar guanyar a un campi\u00f3 d\u2019Europa."},{"type":"paragraph","text":"Marcelino va optar per un onze amb noms importants. El de Gij\u00f3n, que va incloure a Pau Cabanes, Pau Navarro i Valou com a \u00fanics jugadors de la pedrera en la convocat\u00f2ria per al partit coper, va alinear a l\u2019atacant de Borriana i al defensor de La Vilavella per a mesurar-se al quadre balear. Van ser les grans novetats d\u2019un onze en el qual tamb\u00e9 van emergir els noms de Luiz J\u00fanior, que debutava oficialment amb el Submar\u00ed, i de futbolistes que havien comptat amb menys minuts fins a la data com Willy Kambwala o Juan Bernat, entre altres."},{"type":"paragraph","text":"El primer acostament del Villarreal va arribar abans del minut 10 de partit. Yeremy Pino s\u2019internava en \u00e0rea rival i, prop de la l\u00ednia de fons, posava una passada de la mort a Ramon Terrats que no aconseguia impactar la pilota. No obstant aix\u00f2, en la seg\u00fcent jugada, id\u00e8ntica a l\u2019anterior per l\u2019elaboraci\u00f3 i els protagonistes d\u2019esta, arribaria el primer gol del Villarreal, obra de Ramon Terrats, que rematava a plaer despr\u00e9s d\u2019una bona assist\u00e8ncia de Yeremy Pino. El gol del migcampista catal\u00e0 posava per davant al Submar\u00ed en el minut 10 de partit."},{"type":"paragraph","text":"Prop de la mitja hora de partit, en el minut 27, una passada a l\u2019esquena de la defensa de la UD Poblense deixava a Ramon Terrats en situaci\u00f3 de m\u00e0 a m\u00e0 davant Sabater i el \u201920\u2019 groc cedia la pilota a Ayoze P\u00e9rez, regalant-li aix\u00ed el punt que augmentava l\u2019avantatge del Villarreal en el marcador."},{"type":"paragraph","text":"El canari tamb\u00e9 faria el tercer, que arribaria huit minuts despr\u00e9s. Yeremy, prop de la frontal, filtrava una pilota a Ayoze que es desfeia del seu defensor amb un magn\u00edfic control d\u2019esper\u00f3 per a despr\u00e9s batre a Sabater."},{"type":"paragraph","text":"L\u2019equip de Marcelino era una m\u00e0quina de generar atacs i amena\u00e7ava constantment a la defensa de la UD Poblense, que espentat per la seua gent tractava de resistir als atacs groguets. No obstant aix\u00f2, en el minut 38 arribaria una nova mala not\u00edcia en forma de gol per al quadre balear, que veia com Pau Cabanes, assistit per Ayoze i despr\u00e9s d\u2019una gran maniobra dins de l\u2019\u00e0rea, feia el 0-4 amb un tir pegat al pal."},{"type":"paragraph","text":"Abans del descans, Ayoze anotaria completaria el seu hat-trick amb una gran definici\u00f3 despr\u00e9s que Terrats li deixara nom\u00e9s davant el porter."},{"type":"paragraph","text":"El Villarreal, al final de la primera part, encarrilava l\u2019eliminat\u00f2ria amb un 0-5 en el marcador."},{"type":"paragraph","text":"En l\u2019inici de la segona part, Marcelino va fer debutar amb el primer equip a Valou, jove central ivori\u00e0 que esta temporada est\u00e0 en din\u00e0mica amb el Villarreal B."},{"type":"paragraph","text":"La UD Poblense va tindre les seues oportunitats durant el primer quart d\u2019hora del segon acte, per\u00f2 es va topar amb un excels Luiz J\u00fanior, que va deixar les seues primeres grans intervencions com a portera del Villarreal."},{"type":"paragraph","text":"Tot seguit, en el minut 58, Pape Gueye augmentaria el compte anotant el 0-6."},{"type":"paragraph","text":"L\u2019alegria per a la gent de Sa Pobla va arribar en les botes d\u2019Aitor Pons. El veter\u00e0 davanter de la UD Poblense sorprenia a Luiz J\u00fanior amb un xut lluny\u00e0 que es convertia en el 1-6, el gol d\u2019honor que va celebrar en gran l\u2019equip i el p\u00fablic congregat en el Municipal de Sa Pobla."},{"type":"paragraph","text":"Finalment, un seri\u00f3s Villarreal vencia en el camp de la UD Poblense i avan\u00e7a en la Copa del Rey. El Submar\u00ed disputar\u00e0 la Segona Eliminat\u00f2ria a partir del 4 de desembre davant un rival encara per determinar."}],"buttons":[],"images":[],"widgets":[],"blocks":[{"type":"heading","level":2,"text":"El Submar\u00ed ven\u00e7 c\u00f2modament a la UD Poblense i es classifica per a la Segona Eliminat\u00f2ria del Torneig del KO"},{"type":"paragraph","text":"El Villarreal \u00e9s equip de la Segona Eliminat\u00f2ria de Copa del Rey. El Submar\u00ed es va imposar c\u00f2modament a la UD Poblense per 1-6 amb els gols de Ramon Terrats, Ayoze (3), Pau Cabanes i Gueye en el partit disputat durant la nit del dimarts en el Nou Camp de Sa Pobla i marcat per les adverses condicions meteorol\u00f2giques."},{"type":"video","kind":"iframe","url":"https:\/\/www.youtube.com\/embed\/NdPu0QnW6Sc?feature=oembed","poster":""},{"type":"paragraph","text":"La UD Poblense es vestia de gala per a disputar un comprom\u00eds coper 47 anys despr\u00e9s -llavors es va enfrontar a la UD Salamanca-. Un triomf que es van guanyar a pols despr\u00e9s d\u2019eliminar a La Nucia en la Copa Federaci\u00f3 i traure el seu bitllet per a la Primera Eliminat\u00f2ria del Torneig del KO Aix\u00ed, m\u00e9s de 8.000 persones van abarrotar les graderies del Municipal de Sa Pobla per a rebre i intentar guanyar a un campi\u00f3 d\u2019Europa."},{"type":"paragraph","text":"Marcelino va optar per un onze amb noms importants. El de Gij\u00f3n, que va incloure a Pau Cabanes, Pau Navarro i Valou com a \u00fanics jugadors de la pedrera en la convocat\u00f2ria per al partit coper, va alinear a l\u2019atacant de Borriana i al defensor de La Vilavella per a mesurar-se al quadre balear. Van ser les grans novetats d\u2019un onze en el qual tamb\u00e9 van emergir els noms de Luiz J\u00fanior, que debutava oficialment amb el Submar\u00ed, i de futbolistes que havien comptat amb menys minuts fins a la data com Willy Kambwala o Juan Bernat, entre altres."},{"type":"paragraph","text":"El primer acostament del Villarreal va arribar abans del minut 10 de partit. Yeremy Pino s\u2019internava en \u00e0rea rival i, prop de la l\u00ednia de fons, posava una passada de la mort a Ramon Terrats que no aconseguia impactar la pilota. No obstant aix\u00f2, en la seg\u00fcent jugada, id\u00e8ntica a l\u2019anterior per l\u2019elaboraci\u00f3 i els protagonistes d\u2019esta, arribaria el primer gol del Villarreal, obra de Ramon Terrats, que rematava a plaer despr\u00e9s d\u2019una bona assist\u00e8ncia de Yeremy Pino. El gol del migcampista catal\u00e0 posava per davant al Submar\u00ed en el minut 10 de partit."},{"type":"paragraph","text":"Prop de la mitja hora de partit, en el minut 27, una passada a l\u2019esquena de la defensa de la UD Poblense deixava a Ramon Terrats en situaci\u00f3 de m\u00e0 a m\u00e0 davant Sabater i el \u201920\u2019 groc cedia la pilota a Ayoze P\u00e9rez, regalant-li aix\u00ed el punt que augmentava l\u2019avantatge del Villarreal en el marcador."},{"type":"paragraph","text":"El canari tamb\u00e9 faria el tercer, que arribaria huit minuts despr\u00e9s. Yeremy, prop de la frontal, filtrava una pilota a Ayoze que es desfeia del seu defensor amb un magn\u00edfic control d\u2019esper\u00f3 per a despr\u00e9s batre a Sabater."},{"type":"paragraph","text":"L\u2019equip de Marcelino era una m\u00e0quina de generar atacs i amena\u00e7ava constantment a la defensa de la UD Poblense, que espentat per la seua gent tractava de resistir als atacs groguets. No obstant aix\u00f2, en el minut 38 arribaria una nova mala not\u00edcia en forma de gol per al quadre balear, que veia com Pau Cabanes, assistit per Ayoze i despr\u00e9s d\u2019una gran maniobra dins de l\u2019\u00e0rea, feia el 0-4 amb un tir pegat al pal."},{"type":"paragraph","text":"Abans del descans, Ayoze anotaria completaria el seu hat-trick amb una gran definici\u00f3 despr\u00e9s que Terrats li deixara nom\u00e9s davant el porter."},{"type":"paragraph","text":"El Villarreal, al final de la primera part, encarrilava l\u2019eliminat\u00f2ria amb un 0-5 en el marcador."},{"type":"paragraph","text":"En l\u2019inici de la segona part, Marcelino va fer debutar amb el primer equip a Valou, jove central ivori\u00e0 que esta temporada est\u00e0 en din\u00e0mica amb el Villarreal B."},{"type":"paragraph","text":"La UD Poblense va tindre les seues oportunitats durant el primer quart d\u2019hora del segon acte, per\u00f2 es va topar amb un excels Luiz J\u00fanior, que va deixar les seues primeres grans intervencions com a portera del Villarreal."},{"type":"paragraph","text":"Tot seguit, en el minut 58, Pape Gueye augmentaria el compte anotant el 0-6."},{"type":"paragraph","text":"L\u2019alegria per a la gent de Sa Pobla va arribar en les botes d\u2019Aitor Pons. El veter\u00e0 davanter de la UD Poblense sorprenia a Luiz J\u00fanior amb un xut lluny\u00e0 que es convertia en el 1-6, el gol d\u2019honor que va celebrar en gran l\u2019equip i el p\u00fablic congregat en el Municipal de Sa Pobla."},{"type":"paragraph","text":"Finalment, un seri\u00f3s Villarreal vencia en el camp de la UD Poblense i avan\u00e7a en la Copa del Rey. El Submar\u00ed disputar\u00e0 la Segona Eliminat\u00f2ria a partir del 4 de desembre davant un rival encara per determinar."}]}],"hero":{"id":"section-1","title":"El Submar\u00ed ven\u00e7 c\u00f2modament a la UD Poblense i es classifica per a la Segona Eliminat\u00f2ria del Torneig del KO","text":"El Submar\u00ed ven\u00e7 c\u00f2modament a la UD Poblense i es classifica per a la Segona Eliminat\u00f2ria del Torneig del KO El Villarreal \u00e9s equip de la Segona Eliminat\u00f2ria de Copa del Rey. El Submar\u00ed es va imposar c\u00f2modament a la UD Poblense per 1-6 amb els gols de Ramon Terrats, Ayoze (3), Pau Cabanes i Gueye en el partit disputat durant la nit del dimarts en el Nou Camp de Sa Pobla i marcat per les adverses condicions meteorol\u00f2giques. La UD Poblense es vestia de gala per a disputar un comprom\u00eds coper 47 anys despr\u00e9s -llavors es va enfrontar a la UD Salamanca-. Un triomf que es van guanyar a pols despr\u00e9s d\u2019eliminar a La Nucia en la Copa Federaci\u00f3 i traure el seu bitllet per a la Primera Eliminat\u00f2ria del Torneig del KO Aix\u00ed, m\u00e9s de 8.000 persones van abarrotar les graderies del Municipal de Sa Pobla per a rebre i intentar guanyar a un campi\u00f3 d\u2019Europa. Marcelino va optar per un onze amb noms importants. El de Gij\u00f3n, que va incloure a Pau Cabanes, Pau Navarro i Valou com a \u00fanics jugadors de la pedrera en la convocat\u00f2ria per al partit coper, va alinear a l\u2019atacant de Borriana i al defensor de La Vilavella per a mesurar-se al quadre balear. Van ser les grans novetats d\u2019un onze en el qual tamb\u00e9 van emergir els noms de Luiz J\u00fanior, que debutava oficialment amb el Submar\u00ed, i de futbolistes que havien comptat amb menys minuts fins a la data com Willy Kambwala o Juan Bernat, entre altres. El primer acostament del Villarreal va arribar abans del minut 10 de partit. Yeremy Pino s\u2019internava en \u00e0rea rival i, prop de la l\u00ednia de fons, posava una passada de la mort a Ramon Terrats que no aconseguia impactar la pilota. No obstant aix\u00f2, en la seg\u00fcent jugada, id\u00e8ntica a l\u2019anterior per l\u2019elaboraci\u00f3 i els protagonistes d\u2019esta, arribaria el primer gol del Villarreal, obra de Ramon Terrats, que rematava a plaer despr\u00e9s d\u2019una bona assist\u00e8ncia de Yeremy Pino. El gol del migcampista catal\u00e0 posava per davant al Submar\u00ed en el minut 10 de partit. Prop de la mitja hora de partit, en el minut 27, una passada a l\u2019esquena de la defensa de la UD Poblense deixava a Ramon Terrats en situaci\u00f3 de m\u00e0 a m\u00e0 davant Sabater i el \u201920\u2019 groc cedia la pilota a Ayoze P\u00e9rez, regalant-li aix\u00ed el punt que augmentava l\u2019avantatge del Villarreal en el marcador. El canari tamb\u00e9 faria el tercer, que arribaria huit minuts despr\u00e9s. Yeremy, prop de la frontal, filtrava una pilota a Ayoze que es desfeia del seu defensor amb un magn\u00edfic control d\u2019esper\u00f3 per a despr\u00e9s batre a Sabater. L\u2019equip de Marcelino era una m\u00e0quina de generar atacs i amena\u00e7ava constantment a la defensa de la UD Poblense, que espentat per la seua gent tractava de resistir als atacs groguets. No obstant aix\u00f2, en el minut 38 arribaria una nova mala not\u00edcia en forma de gol per al quadre balear, que veia com Pau Cabanes, assistit per Ayoze i despr\u00e9s d\u2019una gran maniobra dins de l\u2019\u00e0rea, feia el 0-4 amb un tir pegat al pal. Abans del descans, Ayoze anotaria completaria el seu hat-trick amb una gran definici\u00f3 despr\u00e9s que Terrats li deixara nom\u00e9s davant el porter. El Villarreal, al final de la primera part, encarrilava l\u2019eliminat\u00f2ria amb un 0-5 en el marcador. En l\u2019inici de la segona part, Marcelino va fer debutar amb el primer equip a Valou, jove central ivori\u00e0 que esta temporada est\u00e0 en din\u00e0mica amb el Villarreal B. La UD Poblense va tindre les seues oportunitats durant el primer quart d\u2019hora del segon acte, per\u00f2 es va topar amb un excels Luiz J\u00fanior, que va deixar les seues primeres grans intervencions com a portera del Villarreal. Tot seguit, en el minut 58, Pape Gueye augmentaria el compte anotant el 0-6. L\u2019alegria per a la gent de Sa Pobla va arribar en les botes d\u2019Aitor Pons. El veter\u00e0 davanter de la UD Poblense sorprenia a Luiz J\u00fanior amb un xut lluny\u00e0 que es convertia en el 1-6, el gol d\u2019honor que va celebrar en gran l\u2019equip i el p\u00fablic congregat en el Municipal de Sa Pobla. Finalment, un seri\u00f3s Villarreal vencia en el camp de la UD Poblense i avan\u00e7a en la Copa del Rey. El Submar\u00ed disputar\u00e0 la Segona Eliminat\u00f2ria a partir del 4 de desembre davant un rival encara per determinar.","headings":[{"type":"heading","level":2,"text":"El Submar\u00ed ven\u00e7 c\u00f2modament a la UD Poblense i es classifica per a la Segona Eliminat\u00f2ria del Torneig del KO"}],"texts":[{"type":"paragraph","text":"El Villarreal \u00e9s equip de la Segona Eliminat\u00f2ria de Copa del Rey. El Submar\u00ed es va imposar c\u00f2modament a la UD Poblense per 1-6 amb els gols de Ramon Terrats, Ayoze (3), Pau Cabanes i Gueye en el partit disputat durant la nit del dimarts en el Nou Camp de Sa Pobla i marcat per les adverses condicions meteorol\u00f2giques."},{"type":"paragraph","text":"La UD Poblense es vestia de gala per a disputar un comprom\u00eds coper 47 anys despr\u00e9s -llavors es va enfrontar a la UD Salamanca-. Un triomf que es van guanyar a pols despr\u00e9s d\u2019eliminar a La Nucia en la Copa Federaci\u00f3 i traure el seu bitllet per a la Primera Eliminat\u00f2ria del Torneig del KO Aix\u00ed, m\u00e9s de 8.000 persones van abarrotar les graderies del Municipal de Sa Pobla per a rebre i intentar guanyar a un campi\u00f3 d\u2019Europa."},{"type":"paragraph","text":"Marcelino va optar per un onze amb noms importants. El de Gij\u00f3n, que va incloure a Pau Cabanes, Pau Navarro i Valou com a \u00fanics jugadors de la pedrera en la convocat\u00f2ria per al partit coper, va alinear a l\u2019atacant de Borriana i al defensor de La Vilavella per a mesurar-se al quadre balear. Van ser les grans novetats d\u2019un onze en el qual tamb\u00e9 van emergir els noms de Luiz J\u00fanior, que debutava oficialment amb el Submar\u00ed, i de futbolistes que havien comptat amb menys minuts fins a la data com Willy Kambwala o Juan Bernat, entre altres."},{"type":"paragraph","text":"El primer acostament del Villarreal va arribar abans del minut 10 de partit. Yeremy Pino s\u2019internava en \u00e0rea rival i, prop de la l\u00ednia de fons, posava una passada de la mort a Ramon Terrats que no aconseguia impactar la pilota. No obstant aix\u00f2, en la seg\u00fcent jugada, id\u00e8ntica a l\u2019anterior per l\u2019elaboraci\u00f3 i els protagonistes d\u2019esta, arribaria el primer gol del Villarreal, obra de Ramon Terrats, que rematava a plaer despr\u00e9s d\u2019una bona assist\u00e8ncia de Yeremy Pino. El gol del migcampista catal\u00e0 posava per davant al Submar\u00ed en el minut 10 de partit."},{"type":"paragraph","text":"Prop de la mitja hora de partit, en el minut 27, una passada a l\u2019esquena de la defensa de la UD Poblense deixava a Ramon Terrats en situaci\u00f3 de m\u00e0 a m\u00e0 davant Sabater i el \u201920\u2019 groc cedia la pilota a Ayoze P\u00e9rez, regalant-li aix\u00ed el punt que augmentava l\u2019avantatge del Villarreal en el marcador."},{"type":"paragraph","text":"El canari tamb\u00e9 faria el tercer, que arribaria huit minuts despr\u00e9s. Yeremy, prop de la frontal, filtrava una pilota a Ayoze que es desfeia del seu defensor amb un magn\u00edfic control d\u2019esper\u00f3 per a despr\u00e9s batre a Sabater."},{"type":"paragraph","text":"L\u2019equip de Marcelino era una m\u00e0quina de generar atacs i amena\u00e7ava constantment a la defensa de la UD Poblense, que espentat per la seua gent tractava de resistir als atacs groguets. No obstant aix\u00f2, en el minut 38 arribaria una nova mala not\u00edcia en forma de gol per al quadre balear, que veia com Pau Cabanes, assistit per Ayoze i despr\u00e9s d\u2019una gran maniobra dins de l\u2019\u00e0rea, feia el 0-4 amb un tir pegat al pal."},{"type":"paragraph","text":"Abans del descans, Ayoze anotaria completaria el seu hat-trick amb una gran definici\u00f3 despr\u00e9s que Terrats li deixara nom\u00e9s davant el porter."},{"type":"paragraph","text":"El Villarreal, al final de la primera part, encarrilava l\u2019eliminat\u00f2ria amb un 0-5 en el marcador."},{"type":"paragraph","text":"En l\u2019inici de la segona part, Marcelino va fer debutar amb el primer equip a Valou, jove central ivori\u00e0 que esta temporada est\u00e0 en din\u00e0mica amb el Villarreal B."},{"type":"paragraph","text":"La UD Poblense va tindre les seues oportunitats durant el primer quart d\u2019hora del segon acte, per\u00f2 es va topar amb un excels Luiz J\u00fanior, que va deixar les seues primeres grans intervencions com a portera del Villarreal."},{"type":"paragraph","text":"Tot seguit, en el minut 58, Pape Gueye augmentaria el compte anotant el 0-6."},{"type":"paragraph","text":"L\u2019alegria per a la gent de Sa Pobla va arribar en les botes d\u2019Aitor Pons. El veter\u00e0 davanter de la UD Poblense sorprenia a Luiz J\u00fanior amb un xut lluny\u00e0 que es convertia en el 1-6, el gol d\u2019honor que va celebrar en gran l\u2019equip i el p\u00fablic congregat en el Municipal de Sa Pobla."},{"type":"paragraph","text":"Finalment, un seri\u00f3s Villarreal vencia en el camp de la UD Poblense i avan\u00e7a en la Copa del Rey. El Submar\u00ed disputar\u00e0 la Segona Eliminat\u00f2ria a partir del 4 de desembre davant un rival encara per determinar."}],"buttons":[],"images":[],"widgets":[],"blocks":[{"type":"heading","level":2,"text":"El Submar\u00ed ven\u00e7 c\u00f2modament a la UD Poblense i es classifica per a la Segona Eliminat\u00f2ria del Torneig del KO"},{"type":"paragraph","text":"El Villarreal \u00e9s equip de la Segona Eliminat\u00f2ria de Copa del Rey. El Submar\u00ed es va imposar c\u00f2modament a la UD Poblense per 1-6 amb els gols de Ramon Terrats, Ayoze (3), Pau Cabanes i Gueye en el partit disputat durant la nit del dimarts en el Nou Camp de Sa Pobla i marcat per les adverses condicions meteorol\u00f2giques."},{"type":"video","kind":"iframe","url":"https:\/\/www.youtube.com\/embed\/NdPu0QnW6Sc?feature=oembed","poster":""},{"type":"paragraph","text":"La UD Poblense es vestia de gala per a disputar un comprom\u00eds coper 47 anys despr\u00e9s -llavors es va enfrontar a la UD Salamanca-. Un triomf que es van guanyar a pols despr\u00e9s d\u2019eliminar a La Nucia en la Copa Federaci\u00f3 i traure el seu bitllet per a la Primera Eliminat\u00f2ria del Torneig del KO Aix\u00ed, m\u00e9s de 8.000 persones van abarrotar les graderies del Municipal de Sa Pobla per a rebre i intentar guanyar a un campi\u00f3 d\u2019Europa."},{"type":"paragraph","text":"Marcelino va optar per un onze amb noms importants. El de Gij\u00f3n, que va incloure a Pau Cabanes, Pau Navarro i Valou com a \u00fanics jugadors de la pedrera en la convocat\u00f2ria per al partit coper, va alinear a l\u2019atacant de Borriana i al defensor de La Vilavella per a mesurar-se al quadre balear. Van ser les grans novetats d\u2019un onze en el qual tamb\u00e9 van emergir els noms de Luiz J\u00fanior, que debutava oficialment amb el Submar\u00ed, i de futbolistes que havien comptat amb menys minuts fins a la data com Willy Kambwala o Juan Bernat, entre altres."},{"type":"paragraph","text":"El primer acostament del Villarreal va arribar abans del minut 10 de partit. Yeremy Pino s\u2019internava en \u00e0rea rival i, prop de la l\u00ednia de fons, posava una passada de la mort a Ramon Terrats que no aconseguia impactar la pilota. No obstant aix\u00f2, en la seg\u00fcent jugada, id\u00e8ntica a l\u2019anterior per l\u2019elaboraci\u00f3 i els protagonistes d\u2019esta, arribaria el primer gol del Villarreal, obra de Ramon Terrats, que rematava a plaer despr\u00e9s d\u2019una bona assist\u00e8ncia de Yeremy Pino. El gol del migcampista catal\u00e0 posava per davant al Submar\u00ed en el minut 10 de partit."},{"type":"paragraph","text":"Prop de la mitja hora de partit, en el minut 27, una passada a l\u2019esquena de la defensa de la UD Poblense deixava a Ramon Terrats en situaci\u00f3 de m\u00e0 a m\u00e0 davant Sabater i el \u201920\u2019 groc cedia la pilota a Ayoze P\u00e9rez, regalant-li aix\u00ed el punt que augmentava l\u2019avantatge del Villarreal en el marcador."},{"type":"paragraph","text":"El canari tamb\u00e9 faria el tercer, que arribaria huit minuts despr\u00e9s. Yeremy, prop de la frontal, filtrava una pilota a Ayoze que es desfeia del seu defensor amb un magn\u00edfic control d\u2019esper\u00f3 per a despr\u00e9s batre a Sabater."},{"type":"paragraph","text":"L\u2019equip de Marcelino era una m\u00e0quina de generar atacs i amena\u00e7ava constantment a la defensa de la UD Poblense, que espentat per la seua gent tractava de resistir als atacs groguets. No obstant aix\u00f2, en el minut 38 arribaria una nova mala not\u00edcia en forma de gol per al quadre balear, que veia com Pau Cabanes, assistit per Ayoze i despr\u00e9s d\u2019una gran maniobra dins de l\u2019\u00e0rea, feia el 0-4 amb un tir pegat al pal."},{"type":"paragraph","text":"Abans del descans, Ayoze anotaria completaria el seu hat-trick amb una gran definici\u00f3 despr\u00e9s que Terrats li deixara nom\u00e9s davant el porter."},{"type":"paragraph","text":"El Villarreal, al final de la primera part, encarrilava l\u2019eliminat\u00f2ria amb un 0-5 en el marcador."},{"type":"paragraph","text":"En l\u2019inici de la segona part, Marcelino va fer debutar amb el primer equip a Valou, jove central ivori\u00e0 que esta temporada est\u00e0 en din\u00e0mica amb el Villarreal B."},{"type":"paragraph","text":"La UD Poblense va tindre les seues oportunitats durant el primer quart d\u2019hora del segon acte, per\u00f2 es va topar amb un excels Luiz J\u00fanior, que va deixar les seues primeres grans intervencions com a portera del Villarreal."},{"type":"paragraph","text":"Tot seguit, en el minut 58, Pape Gueye augmentaria el compte anotant el 0-6."},{"type":"paragraph","text":"L\u2019alegria per a la gent de Sa Pobla va arribar en les botes d\u2019Aitor Pons. El veter\u00e0 davanter de la UD Poblense sorprenia a Luiz J\u00fanior amb un xut lluny\u00e0 que es convertia en el 1-6, el gol d\u2019honor que va celebrar en gran l\u2019equip i el p\u00fablic congregat en el Municipal de Sa Pobla."},{"type":"paragraph","text":"Finalment, un seri\u00f3s Villarreal vencia en el camp de la UD Poblense i avan\u00e7a en la Copa del Rey. El Submar\u00ed disputar\u00e0 la Segona Eliminat\u00f2ria a partir del 4 de desembre davant un rival encara per determinar."}]}},"sections":[{"id":"section-1","title":"El Submar\u00ed ven\u00e7 c\u00f2modament a la UD Poblense i es classifica per a la Segona Eliminat\u00f2ria del Torneig del KO","text":"El Submar\u00ed ven\u00e7 c\u00f2modament a la UD Poblense i es classifica per a la Segona Eliminat\u00f2ria del Torneig del KO El Villarreal \u00e9s equip de la Segona Eliminat\u00f2ria de Copa del Rey. El Submar\u00ed es va imposar c\u00f2modament a la UD Poblense per 1-6 amb els gols de Ramon Terrats, Ayoze (3), Pau Cabanes i Gueye en el partit disputat durant la nit del dimarts en el Nou Camp de Sa Pobla i marcat per les adverses condicions meteorol\u00f2giques. La UD Poblense es vestia de gala per a disputar un comprom\u00eds coper 47 anys despr\u00e9s -llavors es va enfrontar a la UD Salamanca-. Un triomf que es van guanyar a pols despr\u00e9s d\u2019eliminar a La Nucia en la Copa Federaci\u00f3 i traure el seu bitllet per a la Primera Eliminat\u00f2ria del Torneig del KO Aix\u00ed, m\u00e9s de 8.000 persones van abarrotar les graderies del Municipal de Sa Pobla per a rebre i intentar guanyar a un campi\u00f3 d\u2019Europa. Marcelino va optar per un onze amb noms importants. El de Gij\u00f3n, que va incloure a Pau Cabanes, Pau Navarro i Valou com a \u00fanics jugadors de la pedrera en la convocat\u00f2ria per al partit coper, va alinear a l\u2019atacant de Borriana i al defensor de La Vilavella per a mesurar-se al quadre balear. Van ser les grans novetats d\u2019un onze en el qual tamb\u00e9 van emergir els noms de Luiz J\u00fanior, que debutava oficialment amb el Submar\u00ed, i de futbolistes que havien comptat amb menys minuts fins a la data com Willy Kambwala o Juan Bernat, entre altres. El primer acostament del Villarreal va arribar abans del minut 10 de partit. Yeremy Pino s\u2019internava en \u00e0rea rival i, prop de la l\u00ednia de fons, posava una passada de la mort a Ramon Terrats que no aconseguia impactar la pilota. No obstant aix\u00f2, en la seg\u00fcent jugada, id\u00e8ntica a l\u2019anterior per l\u2019elaboraci\u00f3 i els protagonistes d\u2019esta, arribaria el primer gol del Villarreal, obra de Ramon Terrats, que rematava a plaer despr\u00e9s d\u2019una bona assist\u00e8ncia de Yeremy Pino. El gol del migcampista catal\u00e0 posava per davant al Submar\u00ed en el minut 10 de partit. Prop de la mitja hora de partit, en el minut 27, una passada a l\u2019esquena de la defensa de la UD Poblense deixava a Ramon Terrats en situaci\u00f3 de m\u00e0 a m\u00e0 davant Sabater i el \u201920\u2019 groc cedia la pilota a Ayoze P\u00e9rez, regalant-li aix\u00ed el punt que augmentava l\u2019avantatge del Villarreal en el marcador. El canari tamb\u00e9 faria el tercer, que arribaria huit minuts despr\u00e9s. Yeremy, prop de la frontal, filtrava una pilota a Ayoze que es desfeia del seu defensor amb un magn\u00edfic control d\u2019esper\u00f3 per a despr\u00e9s batre a Sabater. L\u2019equip de Marcelino era una m\u00e0quina de generar atacs i amena\u00e7ava constantment a la defensa de la UD Poblense, que espentat per la seua gent tractava de resistir als atacs groguets. No obstant aix\u00f2, en el minut 38 arribaria una nova mala not\u00edcia en forma de gol per al quadre balear, que veia com Pau Cabanes, assistit per Ayoze i despr\u00e9s d\u2019una gran maniobra dins de l\u2019\u00e0rea, feia el 0-4 amb un tir pegat al pal. Abans del descans, Ayoze anotaria completaria el seu hat-trick amb una gran definici\u00f3 despr\u00e9s que Terrats li deixara nom\u00e9s davant el porter. El Villarreal, al final de la primera part, encarrilava l\u2019eliminat\u00f2ria amb un 0-5 en el marcador. En l\u2019inici de la segona part, Marcelino va fer debutar amb el primer equip a Valou, jove central ivori\u00e0 que esta temporada est\u00e0 en din\u00e0mica amb el Villarreal B. La UD Poblense va tindre les seues oportunitats durant el primer quart d\u2019hora del segon acte, per\u00f2 es va topar amb un excels Luiz J\u00fanior, que va deixar les seues primeres grans intervencions com a portera del Villarreal. Tot seguit, en el minut 58, Pape Gueye augmentaria el compte anotant el 0-6. L\u2019alegria per a la gent de Sa Pobla va arribar en les botes d\u2019Aitor Pons. El veter\u00e0 davanter de la UD Poblense sorprenia a Luiz J\u00fanior amb un xut lluny\u00e0 que es convertia en el 1-6, el gol d\u2019honor que va celebrar en gran l\u2019equip i el p\u00fablic congregat en el Municipal de Sa Pobla. Finalment, un seri\u00f3s Villarreal vencia en el camp de la UD Poblense i avan\u00e7a en la Copa del Rey. El Submar\u00ed disputar\u00e0 la Segona Eliminat\u00f2ria a partir del 4 de desembre davant un rival encara per determinar.","url":"","background_image":"","images":[],"videos":[{"type":"video","kind":"iframe","url":"https:\/\/www.youtube.com\/embed\/NdPu0QnW6Sc?feature=oembed","poster":""}],"links":[]}]},"excerpt":{"rendered":"El Submar\u00ed ven\u00e7 c\u00f2modament a la UD Poblense i es classifica per a la Segona Eliminat\u00f2ria del Torneig del KO","protected":false},"author":33,"featured_media":325338,"comment_status":"closed","ping_status":"closed","sticky":false,"template":"","format":"standard","meta":{"_acf_changed":false,"footnotes":""},"categories":[13493],"tags":[9250,9207,13813,717,9270,16071,16072,15159,716,9205,9627,16064,9203],"acf":null,"lang":"val","translations":{"es":325325,"val":325341,"en":325348},"essential_grid":{"has_grid":false},"formatted_date":"October 29, 2024","modified_date":"October 30, 2024","permalink":"https:\/\/villarrealcf.es\/val\/el-villarreal-avanca-en-la-copa-del-rey-1-6\/","reading_time":4,"featured_media_data":{"id":325338,"title":"UDPoblense-VillarrealCF-074 (1)","caption":"","alt_text":"","description":"","mime_type":"image\/png","source_url":"https:\/\/villarrealcf.es\/wp-content\/uploads\/2024\/10\/UDPoblense-VillarrealCF-074-1.png","sizes":{"thumbnail":{"url":"https:\/\/villarrealcf.es\/wp-content\/uploads\/2024\/10\/UDPoblense-VillarrealCF-074-1-1920x1080.png","width":1920,"height":1080},"medium":{"url":"https:\/\/villarrealcf.es\/wp-content\/uploads\/2024\/10\/UDPoblense-VillarrealCF-074-1-1727x1080.png","width":1727,"height":1080},"medium_large":{"url":"https:\/\/villarrealcf.es\/wp-content\/uploads\/2024\/10\/UDPoblense-VillarrealCF-074-1-768x480.png","width":768,"height":480},"large":{"url":"https:\/\/villarrealcf.es\/wp-content\/uploads\/2024\/10\/UDPoblense-VillarrealCF-074-1-1727x1080.png","width":788,"height":493},"1536x1536":{"url":"https:\/\/villarrealcf.es\/wp-content\/uploads\/2024\/10\/UDPoblense-VillarrealCF-074-1-1536x960.png","width":1536,"height":960},"2048x2048":{"url":"https:\/\/villarrealcf.es\/wp-content\/uploads\/2024\/10\/UDPoblense-VillarrealCF-074-1-2048x1281.png","width":2048,"height":1281},"tp-image-grid":{"url":"https:\/\/villarrealcf.es\/wp-content\/uploads\/2024\/10\/UDPoblense-VillarrealCF-074-1-700x700.png","width":700,"height":700},"size-bunyad-medium":{"url":"https:\/\/villarrealcf.es\/wp-content\/uploads\/2024\/10\/UDPoblense-VillarrealCF-074-1-1727x1080.png","width":1727,"height":1080},"sportspress-crop-medium":{"url":"https:\/\/villarrealcf.es\/wp-content\/uploads\/2024\/10\/UDPoblense-VillarrealCF-074-1-300x300.png","width":300,"height":300},"sportspress-fit-medium":{"url":"https:\/\/villarrealcf.es\/wp-content\/uploads\/2024\/10\/UDPoblense-VillarrealCF-074-1-300x188.png","width":300,"height":188},"sportspress-fit-icon":{"url":"https:\/\/villarrealcf.es\/wp-content\/uploads\/2024\/10\/UDPoblense-VillarrealCF-074-1-128x80.png","width":128,"height":80},"sportspress-fit-mini":{"url":"https:\/\/villarrealcf.es\/wp-content\/uploads\/2024\/10\/UDPoblense-VillarrealCF-074-1-32x20.png","width":32,"height":20},"bunyad-small":{"url":"https:\/\/villarrealcf.es\/wp-content\/uploads\/2024\/10\/UDPoblense-VillarrealCF-074-1-150x94.png","width":150,"height":94},"bunyad-medium":{"url":"https:\/\/villarrealcf.es\/wp-content\/uploads\/2024\/10\/UDPoblense-VillarrealCF-074-1-450x281.png","width":450,"height":281},"bunyad-full":{"url":"https:\/\/villarrealcf.es\/wp-content\/uploads\/2024\/10\/UDPoblense-VillarrealCF-074-1-1200x750.png","width":1200,"height":750},"bunyad-viewport":{"url":"https:\/\/villarrealcf.es\/wp-content\/uploads\/2024\/10\/UDPoblense-VillarrealCF-074-1-2048x1281.png","width":2048,"height":1281},"bunyad-768":{"url":"https:\/\/villarrealcf.es\/wp-content\/uploads\/2024\/10\/UDPoblense-VillarrealCF-074-1-768x480.png","width":768,"height":480},"full":{"url":"https:\/\/villarrealcf.es\/wp-content\/uploads\/2024\/10\/UDPoblense-VillarrealCF-074-1.png","width":2383,"height":1490}}},"author_data":{"id":"33","name":"Nacho Tejada","first_name":"Nacho","last_name":"Tejada","description":"","avatar_url":"https:\/\/secure.gravatar.com\/avatar\/b1580534b2fcd93e031504756165758941290488df5c88966a26f84344931fd1?s=96&d=mm&r=g","acf":null},"taxonomies_data":{"category":[{"id":13493,"name":"Primer equip","slug":"primer-equip","acf":null}],"post_tag":[{"id":9250,"name":"Copa del Rey","slug":"copa-del-rey-val","acf":null},{"id":9207,"name":"Cr\u00f3nica","slug":"cronica-val","acf":null},{"id":13813,"name":"Cr\u00f3nica Primer Equipo","slug":"cronica-primer-equipo-val","acf":null},{"id":717,"name":"Football","slug":"football-d34","acf":null},{"id":9270,"name":"Futbol","slug":"futbol-val","acf":null},{"id":16071,"name":"One Football","slug":"one-football-val","acf":null},{"id":16072,"name":"OneFootball","slug":"onefootball-val","acf":null},{"id":15159,"name":"Primera Eliminatoria","slug":"primera-eliminatoria-2-val","acf":null},{"id":716,"name":"Soccer","slug":"soccer-d105","acf":null},{"id":9205,"name":"Submarino","slug":"submarino-val","acf":null},{"id":9627,"name":"Submarino Amarillo","slug":"submarino-amarillo-val","acf":null},{"id":16064,"name":"UD Poblense","slug":"ud-poblense-val","acf":null},{"id":9203,"name":"Villarreal CF","slug":"villarreal-cf-val","acf":null}],"translation_priority":[{"id":735,"name":"Optional","slug":"optional-val","acf":null}]},"seo_full":{"native":{"title":"El Villarreal avan\u00e7a en la Copa del Rey (1-6) - Web Oficial del Villarreal CF","description":"El Submar\u00ed ven\u00e7 c\u00f2modament a la UD Poblense i es classifica per a la Segona Eliminat\u00f2ria del Torneig del KO","canonical":"https:\/\/villarrealcf.es\/val\/el-villarreal-avanca-en-la-copa-del-rey-1-6\/"}},"_links":{"self":[{"href":"https:\/\/villarrealcf.es\/val\/wp-json\/wp\/v2\/posts\/325341","targetHints":{"allow":["GET"]}}],"collection":[{"href":"https:\/\/villarrealcf.es\/val\/wp-json\/wp\/v2\/posts"}],"about":[{"href":"https:\/\/villarrealcf.es\/val\/wp-json\/wp\/v2\/types\/post"}],"author":[{"embeddable":true,"href":"https:\/\/villarrealcf.es\/val\/wp-json\/wp\/v2\/users\/33"}],"replies":[{"embeddable":true,"href":"https:\/\/villarrealcf.es\/val\/wp-json\/wp\/v2\/comments?post=325341"}],"version-history":[{"count":0,"href":"https:\/\/villarrealcf.es\/val\/wp-json\/wp\/v2\/posts\/325341\/revisions"}],"wp:featuredmedia":[{"embeddable":true,"href":"https:\/\/villarrealcf.es\/val\/wp-json\/wp\/v2\/media\/325338"}],"wp:attachment":[{"href":"https:\/\/villarrealcf.es\/val\/wp-json\/wp\/v2\/media?parent=325341"}],"wp:term":[{"taxonomy":"category","embeddable":true,"href":"https:\/\/villarrealcf.es\/val\/wp-json\/wp\/v2\/categories?post=325341"},{"taxonomy":"post_tag","embeddable":true,"href":"https:\/\/villarrealcf.es\/val\/wp-json\/wp\/v2\/tags?post=325341"}],"curies":[{"name":"wp","href":"https:\/\/api.w.org\/{rel}","templated":true}]}}