{"id":324967,"date":"2024-10-23T15:32:57","date_gmt":"2024-10-23T13:32:57","guid":{"rendered":"https:\/\/villarrealcf.es\/ilias-akhomach-queremos-seguir-con-la-buena-linea-en-la-que-estabamos\/"},"modified":"2024-10-23T16:21:28","modified_gmt":"2024-10-23T14:21:28","slug":"ilias-akhomach-volem-seguir-amb-la-bona-linia-en-la-qual-estavem","status":"publish","type":"post","link":"https:\/\/villarrealcf.es\/val\/ilias-akhomach-volem-seguir-amb-la-bona-linia-en-la-qual-estavem\/","title":{"rendered":"Ilias Akhomach: \u201cVolem seguir amb la bona l\u00ednia en la qual est\u00e0vem\u201d"},"content":{"protected":false,"blocks":[{"type":"heading","level":2,"text":"L\u2019atacant del Villarreal CF ha analitzat l\u2019actual situaci\u00f3 de l\u2019equip i destaca la seua ambici\u00f3 per a ajudar a l\u2019equip"},{"type":"paragraph","text":"L\u2019atacant del Villarreal CF, Ilias Akhomach, ha analitzat l\u2019actual situaci\u00f3 de l\u2019equip, fent un xicotet rep\u00e0s de l\u2019\u00faltim partit davant el Getafe CF i com afronten amb ganes el pr\u00f2xim dol davant el Real Valladolid (dissabte, 14.00 hores) en l\u2019estadi Jos\u00e9 Zorrilla."},{"type":"paragraph","text":"Breu an\u00e0lisi de l\u2019enfrontament davant el Getafe CF"},{"type":"paragraph","text":"\u201cL\u2019equip va estar molt b\u00e9. Crec que vam fer un bon partit, encara que sab\u00edem que el Getafe \u00e9s un equip complicat per la seua manera de jugar, i se\u2019ns van escapar dos punts importants a casa. Ara ens toca estr\u00e9nyer i seguir amb la bona l\u00ednia en la qual est\u00e0vem\u201d."},{"type":"paragraph","text":"Objectiu personal"},{"type":"paragraph","text":"\u201cNo he tingut un mal comen\u00e7ament de temporada, per\u00f2 s\u00e9 que puc donar molt\u00edssim m\u00e9s. Cada dia, amb treball i entrenant de gom a gom, puc millorar els meus defectes i aix\u00ed ajudar a l\u2019equip el m\u00e0xim possible\u201d."},{"type":"paragraph","text":"Una plantilla m\u00e9s que v\u00e0lida"},{"type":"paragraph","text":"\u201cEstem tenint baixes, per\u00f2 aix\u00f2 \u00e9s el futbol. Hem d\u2019estar preparats per a qualsevol cosa i tots els jugadors de la plantilla donarem el 100% en cada partit, independentment de qui estiga o no puga estar\u201d."},{"type":"paragraph","text":"El pr\u00f2xim dol contra el Real Valladolid"},{"type":"paragraph","text":"\u201cCrec que haurem de donar el 100% i estar en el nostre m\u00e0xim nivell per a guanyar el partit a la seua casa. Amb el que estem entrenant m\u00e9s el nostre treball, ser\u00e0 un partit bonic de veure\u201d."}],"structured":{"summary":{"text":"L\u2019atacant del Villarreal CF ha analitzat l\u2019actual situaci\u00f3 de l\u2019equip i destaca la seua ambici\u00f3 per a ajudar a l\u2019equip L\u2019atacant del Villarreal CF, Ilias Akhomach, ha analitzat l\u2019actual situaci\u00f3 de l\u2019equip, fent un xicotet rep\u00e0s de l\u2019\u00faltim partit davant el Getafe CF i com afronten amb ganes el pr\u00f2xim dol davant el Real Valladolid (dissabte, 14.00 hores) en l\u2019estadi Jos\u00e9 Zorrilla. Breu an\u00e0lisi de l\u2019enfrontament davant el Getafe CF \u201cL\u2019equip va estar molt b\u00e9. Crec que vam fer un bon partit, encara que sab\u00edem que el Getafe \u00e9s un equip complicat per la seua manera de jugar, i se\u2019ns van escapar dos punts importants a casa. Ara ens toca estr\u00e9nyer i seguir amb la bona l\u00ednia en la qual est\u00e0vem\u201d. Objectiu personal \u201cNo he tingut un mal comen\u00e7ament de temporada, per\u00f2 s\u00e9 que puc donar molt\u00edssim m\u00e9s. Cada dia, amb treball i entrenant de gom a gom, puc millorar els meus defectes i aix\u00ed ajudar a l\u2019equip el m\u00e0xim possible\u201d. Una plantilla m\u00e9s que v\u00e0lida \u201cEstem tenint baixes, per\u00f2 aix\u00f2 \u00e9s el futbol. Hem d\u2019estar preparats per a qualsevol cosa i tots els jugadors de la plantilla donarem el 100% en cada partit, independentment de qui estiga o no puga estar\u201d. El pr\u00f2xim dol contra el Real Valladolid \u201cCrec que haurem de donar el 100% i estar en el nostre m\u00e0xim nivell per a guanyar el partit a la seua casa. Amb el que estem entrenant m\u00e9s el nostre treball, ser\u00e0 un partit bonic de veure\u201d.","headings":[{"type":"heading","level":2,"text":"L\u2019atacant del Villarreal CF ha analitzat l\u2019actual situaci\u00f3 de l\u2019equip i destaca la seua ambici\u00f3 per a ajudar a l\u2019equip"}],"buttons":[],"images":[],"counts":{"blocks":10,"headings":1,"texts":9,"buttons":0,"images":0}},"sections":[{"id":"section-1","title":"L\u2019atacant del Villarreal CF ha analitzat l\u2019actual situaci\u00f3 de l\u2019equip i destaca la seua ambici\u00f3 per a ajudar a l\u2019equip","text":"L\u2019atacant del Villarreal CF ha analitzat l\u2019actual situaci\u00f3 de l\u2019equip i destaca la seua ambici\u00f3 per a ajudar a l\u2019equip L\u2019atacant del Villarreal CF, Ilias Akhomach, ha analitzat l\u2019actual situaci\u00f3 de l\u2019equip, fent un xicotet rep\u00e0s de l\u2019\u00faltim partit davant el Getafe CF i com afronten amb ganes el pr\u00f2xim dol davant el Real Valladolid (dissabte, 14.00 hores) en l\u2019estadi Jos\u00e9 Zorrilla. Breu an\u00e0lisi de l\u2019enfrontament davant el Getafe CF \u201cL\u2019equip va estar molt b\u00e9. Crec que vam fer un bon partit, encara que sab\u00edem que el Getafe \u00e9s un equip complicat per la seua manera de jugar, i se\u2019ns van escapar dos punts importants a casa. Ara ens toca estr\u00e9nyer i seguir amb la bona l\u00ednia en la qual est\u00e0vem\u201d. Objectiu personal \u201cNo he tingut un mal comen\u00e7ament de temporada, per\u00f2 s\u00e9 que puc donar molt\u00edssim m\u00e9s. Cada dia, amb treball i entrenant de gom a gom, puc millorar els meus defectes i aix\u00ed ajudar a l\u2019equip el m\u00e0xim possible\u201d. Una plantilla m\u00e9s que v\u00e0lida \u201cEstem tenint baixes, per\u00f2 aix\u00f2 \u00e9s el futbol. Hem d\u2019estar preparats per a qualsevol cosa i tots els jugadors de la plantilla donarem el 100% en cada partit, independentment de qui estiga o no puga estar\u201d. El pr\u00f2xim dol contra el Real Valladolid \u201cCrec que haurem de donar el 100% i estar en el nostre m\u00e0xim nivell per a guanyar el partit a la seua casa. Amb el que estem entrenant m\u00e9s el nostre treball, ser\u00e0 un partit bonic de veure\u201d.","headings":[{"type":"heading","level":2,"text":"L\u2019atacant del Villarreal CF ha analitzat l\u2019actual situaci\u00f3 de l\u2019equip i destaca la seua ambici\u00f3 per a ajudar a l\u2019equip"}],"texts":[{"type":"paragraph","text":"L\u2019atacant del Villarreal CF, Ilias Akhomach, ha analitzat l\u2019actual situaci\u00f3 de l\u2019equip, fent un xicotet rep\u00e0s de l\u2019\u00faltim partit davant el Getafe CF i com afronten amb ganes el pr\u00f2xim dol davant el Real Valladolid (dissabte, 14.00 hores) en l\u2019estadi Jos\u00e9 Zorrilla."},{"type":"paragraph","text":"Breu an\u00e0lisi de l\u2019enfrontament davant el Getafe CF"},{"type":"paragraph","text":"\u201cL\u2019equip va estar molt b\u00e9. Crec que vam fer un bon partit, encara que sab\u00edem que el Getafe \u00e9s un equip complicat per la seua manera de jugar, i se\u2019ns van escapar dos punts importants a casa. Ara ens toca estr\u00e9nyer i seguir amb la bona l\u00ednia en la qual est\u00e0vem\u201d."},{"type":"paragraph","text":"Objectiu personal"},{"type":"paragraph","text":"\u201cNo he tingut un mal comen\u00e7ament de temporada, per\u00f2 s\u00e9 que puc donar molt\u00edssim m\u00e9s. Cada dia, amb treball i entrenant de gom a gom, puc millorar els meus defectes i aix\u00ed ajudar a l\u2019equip el m\u00e0xim possible\u201d."},{"type":"paragraph","text":"Una plantilla m\u00e9s que v\u00e0lida"},{"type":"paragraph","text":"\u201cEstem tenint baixes, per\u00f2 aix\u00f2 \u00e9s el futbol. Hem d\u2019estar preparats per a qualsevol cosa i tots els jugadors de la plantilla donarem el 100% en cada partit, independentment de qui estiga o no puga estar\u201d."},{"type":"paragraph","text":"El pr\u00f2xim dol contra el Real Valladolid"},{"type":"paragraph","text":"\u201cCrec que haurem de donar el 100% i estar en el nostre m\u00e0xim nivell per a guanyar el partit a la seua casa. Amb el que estem entrenant m\u00e9s el nostre treball, ser\u00e0 un partit bonic de veure\u201d."}],"buttons":[],"images":[],"widgets":[],"blocks":[{"type":"heading","level":2,"text":"L\u2019atacant del Villarreal CF ha analitzat l\u2019actual situaci\u00f3 de l\u2019equip i destaca la seua ambici\u00f3 per a ajudar a l\u2019equip"},{"type":"paragraph","text":"L\u2019atacant del Villarreal CF, Ilias Akhomach, ha analitzat l\u2019actual situaci\u00f3 de l\u2019equip, fent un xicotet rep\u00e0s de l\u2019\u00faltim partit davant el Getafe CF i com afronten amb ganes el pr\u00f2xim dol davant el Real Valladolid (dissabte, 14.00 hores) en l\u2019estadi Jos\u00e9 Zorrilla."},{"type":"paragraph","text":"Breu an\u00e0lisi de l\u2019enfrontament davant el Getafe CF"},{"type":"paragraph","text":"\u201cL\u2019equip va estar molt b\u00e9. Crec que vam fer un bon partit, encara que sab\u00edem que el Getafe \u00e9s un equip complicat per la seua manera de jugar, i se\u2019ns van escapar dos punts importants a casa. Ara ens toca estr\u00e9nyer i seguir amb la bona l\u00ednia en la qual est\u00e0vem\u201d."},{"type":"paragraph","text":"Objectiu personal"},{"type":"paragraph","text":"\u201cNo he tingut un mal comen\u00e7ament de temporada, per\u00f2 s\u00e9 que puc donar molt\u00edssim m\u00e9s. Cada dia, amb treball i entrenant de gom a gom, puc millorar els meus defectes i aix\u00ed ajudar a l\u2019equip el m\u00e0xim possible\u201d."},{"type":"paragraph","text":"Una plantilla m\u00e9s que v\u00e0lida"},{"type":"paragraph","text":"\u201cEstem tenint baixes, per\u00f2 aix\u00f2 \u00e9s el futbol. Hem d\u2019estar preparats per a qualsevol cosa i tots els jugadors de la plantilla donarem el 100% en cada partit, independentment de qui estiga o no puga estar\u201d."},{"type":"paragraph","text":"El pr\u00f2xim dol contra el Real Valladolid"},{"type":"paragraph","text":"\u201cCrec que haurem de donar el 100% i estar en el nostre m\u00e0xim nivell per a guanyar el partit a la seua casa. Amb el que estem entrenant m\u00e9s el nostre treball, ser\u00e0 un partit bonic de veure\u201d."}]}],"hero":{"id":"section-1","title":"L\u2019atacant del Villarreal CF ha analitzat l\u2019actual situaci\u00f3 de l\u2019equip i destaca la seua ambici\u00f3 per a ajudar a l\u2019equip","text":"L\u2019atacant del Villarreal CF ha analitzat l\u2019actual situaci\u00f3 de l\u2019equip i destaca la seua ambici\u00f3 per a ajudar a l\u2019equip L\u2019atacant del Villarreal CF, Ilias Akhomach, ha analitzat l\u2019actual situaci\u00f3 de l\u2019equip, fent un xicotet rep\u00e0s de l\u2019\u00faltim partit davant el Getafe CF i com afronten amb ganes el pr\u00f2xim dol davant el Real Valladolid (dissabte, 14.00 hores) en l\u2019estadi Jos\u00e9 Zorrilla. Breu an\u00e0lisi de l\u2019enfrontament davant el Getafe CF \u201cL\u2019equip va estar molt b\u00e9. Crec que vam fer un bon partit, encara que sab\u00edem que el Getafe \u00e9s un equip complicat per la seua manera de jugar, i se\u2019ns van escapar dos punts importants a casa. Ara ens toca estr\u00e9nyer i seguir amb la bona l\u00ednia en la qual est\u00e0vem\u201d. Objectiu personal \u201cNo he tingut un mal comen\u00e7ament de temporada, per\u00f2 s\u00e9 que puc donar molt\u00edssim m\u00e9s. Cada dia, amb treball i entrenant de gom a gom, puc millorar els meus defectes i aix\u00ed ajudar a l\u2019equip el m\u00e0xim possible\u201d. Una plantilla m\u00e9s que v\u00e0lida \u201cEstem tenint baixes, per\u00f2 aix\u00f2 \u00e9s el futbol. Hem d\u2019estar preparats per a qualsevol cosa i tots els jugadors de la plantilla donarem el 100% en cada partit, independentment de qui estiga o no puga estar\u201d. El pr\u00f2xim dol contra el Real Valladolid \u201cCrec que haurem de donar el 100% i estar en el nostre m\u00e0xim nivell per a guanyar el partit a la seua casa. Amb el que estem entrenant m\u00e9s el nostre treball, ser\u00e0 un partit bonic de veure\u201d.","headings":[{"type":"heading","level":2,"text":"L\u2019atacant del Villarreal CF ha analitzat l\u2019actual situaci\u00f3 de l\u2019equip i destaca la seua ambici\u00f3 per a ajudar a l\u2019equip"}],"texts":[{"type":"paragraph","text":"L\u2019atacant del Villarreal CF, Ilias Akhomach, ha analitzat l\u2019actual situaci\u00f3 de l\u2019equip, fent un xicotet rep\u00e0s de l\u2019\u00faltim partit davant el Getafe CF i com afronten amb ganes el pr\u00f2xim dol davant el Real Valladolid (dissabte, 14.00 hores) en l\u2019estadi Jos\u00e9 Zorrilla."},{"type":"paragraph","text":"Breu an\u00e0lisi de l\u2019enfrontament davant el Getafe CF"},{"type":"paragraph","text":"\u201cL\u2019equip va estar molt b\u00e9. Crec que vam fer un bon partit, encara que sab\u00edem que el Getafe \u00e9s un equip complicat per la seua manera de jugar, i se\u2019ns van escapar dos punts importants a casa. Ara ens toca estr\u00e9nyer i seguir amb la bona l\u00ednia en la qual est\u00e0vem\u201d."},{"type":"paragraph","text":"Objectiu personal"},{"type":"paragraph","text":"\u201cNo he tingut un mal comen\u00e7ament de temporada, per\u00f2 s\u00e9 que puc donar molt\u00edssim m\u00e9s. Cada dia, amb treball i entrenant de gom a gom, puc millorar els meus defectes i aix\u00ed ajudar a l\u2019equip el m\u00e0xim possible\u201d."},{"type":"paragraph","text":"Una plantilla m\u00e9s que v\u00e0lida"},{"type":"paragraph","text":"\u201cEstem tenint baixes, per\u00f2 aix\u00f2 \u00e9s el futbol. Hem d\u2019estar preparats per a qualsevol cosa i tots els jugadors de la plantilla donarem el 100% en cada partit, independentment de qui estiga o no puga estar\u201d."},{"type":"paragraph","text":"El pr\u00f2xim dol contra el Real Valladolid"},{"type":"paragraph","text":"\u201cCrec que haurem de donar el 100% i estar en el nostre m\u00e0xim nivell per a guanyar el partit a la seua casa. Amb el que estem entrenant m\u00e9s el nostre treball, ser\u00e0 un partit bonic de veure\u201d."}],"buttons":[],"images":[],"widgets":[],"blocks":[{"type":"heading","level":2,"text":"L\u2019atacant del Villarreal CF ha analitzat l\u2019actual situaci\u00f3 de l\u2019equip i destaca la seua ambici\u00f3 per a ajudar a l\u2019equip"},{"type":"paragraph","text":"L\u2019atacant del Villarreal CF, Ilias Akhomach, ha analitzat l\u2019actual situaci\u00f3 de l\u2019equip, fent un xicotet rep\u00e0s de l\u2019\u00faltim partit davant el Getafe CF i com afronten amb ganes el pr\u00f2xim dol davant el Real Valladolid (dissabte, 14.00 hores) en l\u2019estadi Jos\u00e9 Zorrilla."},{"type":"paragraph","text":"Breu an\u00e0lisi de l\u2019enfrontament davant el Getafe CF"},{"type":"paragraph","text":"\u201cL\u2019equip va estar molt b\u00e9. Crec que vam fer un bon partit, encara que sab\u00edem que el Getafe \u00e9s un equip complicat per la seua manera de jugar, i se\u2019ns van escapar dos punts importants a casa. Ara ens toca estr\u00e9nyer i seguir amb la bona l\u00ednia en la qual est\u00e0vem\u201d."},{"type":"paragraph","text":"Objectiu personal"},{"type":"paragraph","text":"\u201cNo he tingut un mal comen\u00e7ament de temporada, per\u00f2 s\u00e9 que puc donar molt\u00edssim m\u00e9s. Cada dia, amb treball i entrenant de gom a gom, puc millorar els meus defectes i aix\u00ed ajudar a l\u2019equip el m\u00e0xim possible\u201d."},{"type":"paragraph","text":"Una plantilla m\u00e9s que v\u00e0lida"},{"type":"paragraph","text":"\u201cEstem tenint baixes, per\u00f2 aix\u00f2 \u00e9s el futbol. Hem d\u2019estar preparats per a qualsevol cosa i tots els jugadors de la plantilla donarem el 100% en cada partit, independentment de qui estiga o no puga estar\u201d."},{"type":"paragraph","text":"El pr\u00f2xim dol contra el Real Valladolid"},{"type":"paragraph","text":"\u201cCrec que haurem de donar el 100% i estar en el nostre m\u00e0xim nivell per a guanyar el partit a la seua casa. Amb el que estem entrenant m\u00e9s el nostre treball, ser\u00e0 un partit bonic de veure\u201d."}]}},"sections":[{"id":"section-1","title":"L\u2019atacant del Villarreal CF ha analitzat l\u2019actual situaci\u00f3 de l\u2019equip i destaca la seua ambici\u00f3 per a ajudar a l\u2019equip","text":"L\u2019atacant del Villarreal CF ha analitzat l\u2019actual situaci\u00f3 de l\u2019equip i destaca la seua ambici\u00f3 per a ajudar a l\u2019equip L\u2019atacant del Villarreal CF, Ilias Akhomach, ha analitzat l\u2019actual situaci\u00f3 de l\u2019equip, fent un xicotet rep\u00e0s de l\u2019\u00faltim partit davant el Getafe CF i com afronten amb ganes el pr\u00f2xim dol davant el Real Valladolid (dissabte, 14.00 hores) en l\u2019estadi Jos\u00e9 Zorrilla. Breu an\u00e0lisi de l\u2019enfrontament davant el Getafe CF \u201cL\u2019equip va estar molt b\u00e9. Crec que vam fer un bon partit, encara que sab\u00edem que el Getafe \u00e9s un equip complicat per la seua manera de jugar, i se\u2019ns van escapar dos punts importants a casa. Ara ens toca estr\u00e9nyer i seguir amb la bona l\u00ednia en la qual est\u00e0vem\u201d. Objectiu personal \u201cNo he tingut un mal comen\u00e7ament de temporada, per\u00f2 s\u00e9 que puc donar molt\u00edssim m\u00e9s. Cada dia, amb treball i entrenant de gom a gom, puc millorar els meus defectes i aix\u00ed ajudar a l\u2019equip el m\u00e0xim possible\u201d. Una plantilla m\u00e9s que v\u00e0lida \u201cEstem tenint baixes, per\u00f2 aix\u00f2 \u00e9s el futbol. Hem d\u2019estar preparats per a qualsevol cosa i tots els jugadors de la plantilla donarem el 100% en cada partit, independentment de qui estiga o no puga estar\u201d. El pr\u00f2xim dol contra el Real Valladolid \u201cCrec que haurem de donar el 100% i estar en el nostre m\u00e0xim nivell per a guanyar el partit a la seua casa. Amb el que estem entrenant m\u00e9s el nostre treball, ser\u00e0 un partit bonic de veure\u201d.","url":"","background_image":"","images":[],"videos":[],"links":[]}]},"excerpt":{"rendered":"L&#8217;atacant del Villarreal CF ha analitzat l&#8217;actual situaci\u00f3 de l&#8217;equip i destaca la seua ambici\u00f3 per a ajudar a l&#8217;equip","protected":false},"author":29,"featured_media":324963,"comment_status":"closed","ping_status":"closed","sticky":false,"template":"","format":"standard","meta":{"_acf_changed":false,"footnotes":""},"categories":[13493],"tags":[717,9270,14892,9278,716,9205,9627,9203],"acf":null,"lang":"val","translations":{"es":324956,"en":324964,"val":324967},"essential_grid":{"has_grid":false},"formatted_date":"October 23, 2024","modified_date":"October 23, 2024","permalink":"https:\/\/villarrealcf.es\/val\/ilias-akhomach-volem-seguir-amb-la-bona-linia-en-la-qual-estavem\/","reading_time":2,"featured_media_data":{"id":324963,"title":"VillarrealCF-GetafeCF-261 ok","caption":"","alt_text":"","description":"","mime_type":"image\/jpeg","source_url":"https:\/\/villarrealcf.es\/wp-content\/uploads\/2024\/10\/VillarrealCF-GetafeCF-261-ok.jpg","sizes":{"thumbnail":{"url":"https:\/\/villarrealcf.es\/wp-content\/uploads\/2024\/10\/VillarrealCF-GetafeCF-261-ok.jpg","width":1920,"height":1080},"medium":{"url":"https:\/\/villarrealcf.es\/wp-content\/uploads\/2024\/10\/VillarrealCF-GetafeCF-261-ok.jpg","width":1920,"height":1080},"medium_large":{"url":"https:\/\/villarrealcf.es\/wp-content\/uploads\/2024\/10\/VillarrealCF-GetafeCF-261-ok-768x432.jpg","width":768,"height":432},"large":{"url":"https:\/\/villarrealcf.es\/wp-content\/uploads\/2024\/10\/VillarrealCF-GetafeCF-261-ok.jpg","width":788,"height":443},"1536x1536":{"url":"https:\/\/villarrealcf.es\/wp-content\/uploads\/2024\/10\/VillarrealCF-GetafeCF-261-ok-1536x864.jpg","width":1536,"height":864},"2048x2048":{"url":"https:\/\/villarrealcf.es\/wp-content\/uploads\/2024\/10\/VillarrealCF-GetafeCF-261-ok.jpg","width":1920,"height":1080},"tp-image-grid":{"url":"https:\/\/villarrealcf.es\/wp-content\/uploads\/2024\/10\/VillarrealCF-GetafeCF-261-ok-700x700.jpg","width":700,"height":700},"size-bunyad-medium":{"url":"https:\/\/villarrealcf.es\/wp-content\/uploads\/2024\/10\/VillarrealCF-GetafeCF-261-ok.jpg","width":1920,"height":1080},"sportspress-crop-medium":{"url":"https:\/\/villarrealcf.es\/wp-content\/uploads\/2024\/10\/VillarrealCF-GetafeCF-261-ok-300x300.jpg","width":300,"height":300},"sportspress-fit-medium":{"url":"https:\/\/villarrealcf.es\/wp-content\/uploads\/2024\/10\/VillarrealCF-GetafeCF-261-ok-300x169.jpg","width":300,"height":169},"sportspress-fit-icon":{"url":"https:\/\/villarrealcf.es\/wp-content\/uploads\/2024\/10\/VillarrealCF-GetafeCF-261-ok-128x72.jpg","width":128,"height":72},"sportspress-fit-mini":{"url":"https:\/\/villarrealcf.es\/wp-content\/uploads\/2024\/10\/VillarrealCF-GetafeCF-261-ok-32x18.jpg","width":32,"height":18},"bunyad-small":{"url":"https:\/\/villarrealcf.es\/wp-content\/uploads\/2024\/10\/VillarrealCF-GetafeCF-261-ok-150x84.jpg","width":150,"height":84},"bunyad-medium":{"url":"https:\/\/villarrealcf.es\/wp-content\/uploads\/2024\/10\/VillarrealCF-GetafeCF-261-ok-450x253.jpg","width":450,"height":253},"bunyad-full":{"url":"https:\/\/villarrealcf.es\/wp-content\/uploads\/2024\/10\/VillarrealCF-GetafeCF-261-ok-1200x675.jpg","width":1200,"height":675},"bunyad-viewport":{"url":"https:\/\/villarrealcf.es\/wp-content\/uploads\/2024\/10\/VillarrealCF-GetafeCF-261-ok.jpg","width":1920,"height":1080},"bunyad-768":{"url":"https:\/\/villarrealcf.es\/wp-content\/uploads\/2024\/10\/VillarrealCF-GetafeCF-261-ok-768x432.jpg","width":768,"height":432},"full":{"url":"https:\/\/villarrealcf.es\/wp-content\/uploads\/2024\/10\/VillarrealCF-GetafeCF-261-ok.jpg","width":1920,"height":1080}}},"author_data":{"id":"29","name":"Azahara Beroy","first_name":"Azahara","last_name":"Beroy","description":"","avatar_url":"https:\/\/secure.gravatar.com\/avatar\/91b979a91a1925e60814719244bbf7824af58ced5a6e2130c2611bde24439aa7?s=96&d=mm&r=g","acf":null},"taxonomies_data":{"category":[{"id":13493,"name":"Primer equip","slug":"primer-equip","acf":null}],"post_tag":[{"id":717,"name":"Football","slug":"football-d34","acf":null},{"id":9270,"name":"Futbol","slug":"futbol-val","acf":null},{"id":14892,"name":"Ilias Akhomach","slug":"ilias-akhomach-val","acf":null},{"id":9278,"name":"primera division","slug":"primera-division-val","acf":null},{"id":716,"name":"Soccer","slug":"soccer-d105","acf":null},{"id":9205,"name":"Submarino","slug":"submarino-val","acf":null},{"id":9627,"name":"Submarino Amarillo","slug":"submarino-amarillo-val","acf":null},{"id":9203,"name":"Villarreal CF","slug":"villarreal-cf-val","acf":null}],"translation_priority":[{"id":735,"name":"Optional","slug":"optional-val","acf":null}]},"seo_full":{"native":{"title":"Ilias Akhomach: \u201cVolem seguir amb la bona l\u00ednia en la qual est\u00e0vem\u201d - Web Oficial del Villarreal CF","description":"L'atacant del Villarreal CF ha analitzat l'actual situaci\u00f3 de l'equip i destaca la seua ambici\u00f3 per a ajudar a l'equip","canonical":"https:\/\/villarrealcf.es\/val\/ilias-akhomach-volem-seguir-amb-la-bona-linia-en-la-qual-estavem\/"}},"_links":{"self":[{"href":"https:\/\/villarrealcf.es\/val\/wp-json\/wp\/v2\/posts\/324967","targetHints":{"allow":["GET"]}}],"collection":[{"href":"https:\/\/villarrealcf.es\/val\/wp-json\/wp\/v2\/posts"}],"about":[{"href":"https:\/\/villarrealcf.es\/val\/wp-json\/wp\/v2\/types\/post"}],"author":[{"embeddable":true,"href":"https:\/\/villarrealcf.es\/val\/wp-json\/wp\/v2\/users\/29"}],"replies":[{"embeddable":true,"href":"https:\/\/villarrealcf.es\/val\/wp-json\/wp\/v2\/comments?post=324967"}],"version-history":[{"count":0,"href":"https:\/\/villarrealcf.es\/val\/wp-json\/wp\/v2\/posts\/324967\/revisions"}],"wp:featuredmedia":[{"embeddable":true,"href":"https:\/\/villarrealcf.es\/val\/wp-json\/wp\/v2\/media\/324963"}],"wp:attachment":[{"href":"https:\/\/villarrealcf.es\/val\/wp-json\/wp\/v2\/media?parent=324967"}],"wp:term":[{"taxonomy":"category","embeddable":true,"href":"https:\/\/villarrealcf.es\/val\/wp-json\/wp\/v2\/categories?post=324967"},{"taxonomy":"post_tag","embeddable":true,"href":"https:\/\/villarrealcf.es\/val\/wp-json\/wp\/v2\/tags?post=324967"}],"curies":[{"name":"wp","href":"https:\/\/api.w.org\/{rel}","templated":true}]}}