{"id":324322,"date":"2024-10-16T12:46:13","date_gmt":"2024-10-16T10:46:13","guid":{"rendered":"https:\/\/villarrealcf.es\/no-te-pierdas-el-villarreal-c-atletico-levante\/"},"modified":"2024-10-15T13:09:50","modified_gmt":"2024-10-15T11:09:50","slug":"no-et-perdes-el-villarreal-c-atletico-levante","status":"publish","type":"post","link":"https:\/\/villarrealcf.es\/val\/no-et-perdes-el-villarreal-c-atletico-levante\/","title":{"rendered":"No et perdes el Villarreal C-Atl\u00e9tico Levante!"},"content":{"protected":false,"blocks":[{"type":"heading","level":2,"text":"El Villarreal CF emetr\u00e0 el partit del conjunt dirigit per David Albelda en directe pels seus perfils oficials (diumenge, 11.30 hores)"},{"type":"paragraph","text":"El Villarreal CF emetr\u00e0 eixe diumenge, a les 11.30 hores, el partit entre el Villarreal C i l\u2019Atl\u00e9tico Levante, que se celebrar\u00e0 en el Mini Estadi. El partit podr\u00e0 veure\u2019s en directe i de manera gratu\u00efta a trav\u00e9s dels perfils oficials del club en xarxes socials i des de la web oficial."},{"type":"paragraph","text":"La retransmissi\u00f3 comptar\u00e0 amb la narraci\u00f3 i els comentaris dels reporters de Vila-real TV. La connexi\u00f3 comen\u00e7ar\u00e0 deu minuts abans de l\u2019inici del partit, a les 11.20 hores, amb una completa pr\u00e8via de l\u2019enfrontament."},{"type":"paragraph","text":"El Villarreal C cerca escalar posicions"},{"type":"paragraph","text":"El conjunt dirigit per David Albelda vol continuar sumant punts despr\u00e9s d\u2019aconseguir 7 dels \u00faltims 9 possibles en v\u00e9ncer al CD Utiel (1-0) i al CF Benidorm (2-4), i empatar davant el CD Roda (0-0)."},{"type":"paragraph","text":"Davant tindr\u00e0 a l\u2019Atl\u00e9tico Levante, situat en la setena posici\u00f3 de la taula classificat\u00f2ria, que ha guanyat 3 dels 6 partits que ha disputat fins a la data. Pel que, sens dubte, ser\u00e0 un partit d\u2019alta volada en el qual l\u2019afici\u00f3 congregada en el Mini ser\u00e0 clau per a ajudar al segon filial groguet."}],"structured":{"summary":{"text":"El Villarreal CF emetr\u00e0 el partit del conjunt dirigit per David Albelda en directe pels seus perfils oficials (diumenge, 11.30 hores) El Villarreal CF emetr\u00e0 eixe diumenge, a les 11.30 hores, el partit entre el Villarreal C i l\u2019Atl\u00e9tico Levante, que se celebrar\u00e0 en el Mini Estadi. El partit podr\u00e0 veure\u2019s en directe i de manera gratu\u00efta a trav\u00e9s dels perfils oficials del club en xarxes socials i des de la web oficial. La retransmissi\u00f3 comptar\u00e0 amb la narraci\u00f3 i els comentaris dels reporters de Vila-real TV. La connexi\u00f3 comen\u00e7ar\u00e0 deu minuts abans de l\u2019inici del partit, a les 11.20 hores, amb una completa pr\u00e8via de l\u2019enfrontament. El Villarreal C cerca escalar posicions El conjunt dirigit per David Albelda vol continuar sumant punts despr\u00e9s d\u2019aconseguir 7 dels \u00faltims 9 possibles en v\u00e9ncer al CD Utiel (1-0) i al CF Benidorm (2-4), i empatar davant el CD Roda (0-0). Davant tindr\u00e0 a l\u2019Atl\u00e9tico Levante, situat en la setena posici\u00f3 de la taula classificat\u00f2ria, que ha guanyat 3 dels 6 partits que ha disputat fins a la data. Pel que, sens dubte, ser\u00e0 un partit d\u2019alta volada en el qual l\u2019afici\u00f3 congregada en el Mini ser\u00e0 clau per a ajudar al segon filial groguet.","headings":[{"type":"heading","level":2,"text":"El Villarreal CF emetr\u00e0 el partit del conjunt dirigit per David Albelda en directe pels seus perfils oficials (diumenge, 11.30 hores)"}],"buttons":[],"images":[],"counts":{"blocks":6,"headings":1,"texts":5,"buttons":0,"images":0}},"sections":[{"id":"section-1","title":"El Villarreal CF emetr\u00e0 el partit del conjunt dirigit per David Albelda en directe pels seus perfils oficials (diumenge, 11.30 hores)","text":"El Villarreal CF emetr\u00e0 el partit del conjunt dirigit per David Albelda en directe pels seus perfils oficials (diumenge, 11.30 hores) El Villarreal CF emetr\u00e0 eixe diumenge, a les 11.30 hores, el partit entre el Villarreal C i l\u2019Atl\u00e9tico Levante, que se celebrar\u00e0 en el Mini Estadi. El partit podr\u00e0 veure\u2019s en directe i de manera gratu\u00efta a trav\u00e9s dels perfils oficials del club en xarxes socials i des de la web oficial. La retransmissi\u00f3 comptar\u00e0 amb la narraci\u00f3 i els comentaris dels reporters de Vila-real TV. La connexi\u00f3 comen\u00e7ar\u00e0 deu minuts abans de l\u2019inici del partit, a les 11.20 hores, amb una completa pr\u00e8via de l\u2019enfrontament. El Villarreal C cerca escalar posicions El conjunt dirigit per David Albelda vol continuar sumant punts despr\u00e9s d\u2019aconseguir 7 dels \u00faltims 9 possibles en v\u00e9ncer al CD Utiel (1-0) i al CF Benidorm (2-4), i empatar davant el CD Roda (0-0). Davant tindr\u00e0 a l\u2019Atl\u00e9tico Levante, situat en la setena posici\u00f3 de la taula classificat\u00f2ria, que ha guanyat 3 dels 6 partits que ha disputat fins a la data. Pel que, sens dubte, ser\u00e0 un partit d\u2019alta volada en el qual l\u2019afici\u00f3 congregada en el Mini ser\u00e0 clau per a ajudar al segon filial groguet.","headings":[{"type":"heading","level":2,"text":"El Villarreal CF emetr\u00e0 el partit del conjunt dirigit per David Albelda en directe pels seus perfils oficials (diumenge, 11.30 hores)"}],"texts":[{"type":"paragraph","text":"El Villarreal CF emetr\u00e0 eixe diumenge, a les 11.30 hores, el partit entre el Villarreal C i l\u2019Atl\u00e9tico Levante, que se celebrar\u00e0 en el Mini Estadi. El partit podr\u00e0 veure\u2019s en directe i de manera gratu\u00efta a trav\u00e9s dels perfils oficials del club en xarxes socials i des de la web oficial."},{"type":"paragraph","text":"La retransmissi\u00f3 comptar\u00e0 amb la narraci\u00f3 i els comentaris dels reporters de Vila-real TV. La connexi\u00f3 comen\u00e7ar\u00e0 deu minuts abans de l\u2019inici del partit, a les 11.20 hores, amb una completa pr\u00e8via de l\u2019enfrontament."},{"type":"paragraph","text":"El Villarreal C cerca escalar posicions"},{"type":"paragraph","text":"El conjunt dirigit per David Albelda vol continuar sumant punts despr\u00e9s d\u2019aconseguir 7 dels \u00faltims 9 possibles en v\u00e9ncer al CD Utiel (1-0) i al CF Benidorm (2-4), i empatar davant el CD Roda (0-0)."},{"type":"paragraph","text":"Davant tindr\u00e0 a l\u2019Atl\u00e9tico Levante, situat en la setena posici\u00f3 de la taula classificat\u00f2ria, que ha guanyat 3 dels 6 partits que ha disputat fins a la data. Pel que, sens dubte, ser\u00e0 un partit d\u2019alta volada en el qual l\u2019afici\u00f3 congregada en el Mini ser\u00e0 clau per a ajudar al segon filial groguet."}],"buttons":[],"images":[],"widgets":[],"blocks":[{"type":"heading","level":2,"text":"El Villarreal CF emetr\u00e0 el partit del conjunt dirigit per David Albelda en directe pels seus perfils oficials (diumenge, 11.30 hores)"},{"type":"paragraph","text":"El Villarreal CF emetr\u00e0 eixe diumenge, a les 11.30 hores, el partit entre el Villarreal C i l\u2019Atl\u00e9tico Levante, que se celebrar\u00e0 en el Mini Estadi. El partit podr\u00e0 veure\u2019s en directe i de manera gratu\u00efta a trav\u00e9s dels perfils oficials del club en xarxes socials i des de la web oficial."},{"type":"paragraph","text":"La retransmissi\u00f3 comptar\u00e0 amb la narraci\u00f3 i els comentaris dels reporters de Vila-real TV. La connexi\u00f3 comen\u00e7ar\u00e0 deu minuts abans de l\u2019inici del partit, a les 11.20 hores, amb una completa pr\u00e8via de l\u2019enfrontament."},{"type":"paragraph","text":"El Villarreal C cerca escalar posicions"},{"type":"paragraph","text":"El conjunt dirigit per David Albelda vol continuar sumant punts despr\u00e9s d\u2019aconseguir 7 dels \u00faltims 9 possibles en v\u00e9ncer al CD Utiel (1-0) i al CF Benidorm (2-4), i empatar davant el CD Roda (0-0)."},{"type":"paragraph","text":"Davant tindr\u00e0 a l\u2019Atl\u00e9tico Levante, situat en la setena posici\u00f3 de la taula classificat\u00f2ria, que ha guanyat 3 dels 6 partits que ha disputat fins a la data. Pel que, sens dubte, ser\u00e0 un partit d\u2019alta volada en el qual l\u2019afici\u00f3 congregada en el Mini ser\u00e0 clau per a ajudar al segon filial groguet."}]}],"hero":{"id":"section-1","title":"El Villarreal CF emetr\u00e0 el partit del conjunt dirigit per David Albelda en directe pels seus perfils oficials (diumenge, 11.30 hores)","text":"El Villarreal CF emetr\u00e0 el partit del conjunt dirigit per David Albelda en directe pels seus perfils oficials (diumenge, 11.30 hores) El Villarreal CF emetr\u00e0 eixe diumenge, a les 11.30 hores, el partit entre el Villarreal C i l\u2019Atl\u00e9tico Levante, que se celebrar\u00e0 en el Mini Estadi. El partit podr\u00e0 veure\u2019s en directe i de manera gratu\u00efta a trav\u00e9s dels perfils oficials del club en xarxes socials i des de la web oficial. La retransmissi\u00f3 comptar\u00e0 amb la narraci\u00f3 i els comentaris dels reporters de Vila-real TV. La connexi\u00f3 comen\u00e7ar\u00e0 deu minuts abans de l\u2019inici del partit, a les 11.20 hores, amb una completa pr\u00e8via de l\u2019enfrontament. El Villarreal C cerca escalar posicions El conjunt dirigit per David Albelda vol continuar sumant punts despr\u00e9s d\u2019aconseguir 7 dels \u00faltims 9 possibles en v\u00e9ncer al CD Utiel (1-0) i al CF Benidorm (2-4), i empatar davant el CD Roda (0-0). Davant tindr\u00e0 a l\u2019Atl\u00e9tico Levante, situat en la setena posici\u00f3 de la taula classificat\u00f2ria, que ha guanyat 3 dels 6 partits que ha disputat fins a la data. Pel que, sens dubte, ser\u00e0 un partit d\u2019alta volada en el qual l\u2019afici\u00f3 congregada en el Mini ser\u00e0 clau per a ajudar al segon filial groguet.","headings":[{"type":"heading","level":2,"text":"El Villarreal CF emetr\u00e0 el partit del conjunt dirigit per David Albelda en directe pels seus perfils oficials (diumenge, 11.30 hores)"}],"texts":[{"type":"paragraph","text":"El Villarreal CF emetr\u00e0 eixe diumenge, a les 11.30 hores, el partit entre el Villarreal C i l\u2019Atl\u00e9tico Levante, que se celebrar\u00e0 en el Mini Estadi. El partit podr\u00e0 veure\u2019s en directe i de manera gratu\u00efta a trav\u00e9s dels perfils oficials del club en xarxes socials i des de la web oficial."},{"type":"paragraph","text":"La retransmissi\u00f3 comptar\u00e0 amb la narraci\u00f3 i els comentaris dels reporters de Vila-real TV. La connexi\u00f3 comen\u00e7ar\u00e0 deu minuts abans de l\u2019inici del partit, a les 11.20 hores, amb una completa pr\u00e8via de l\u2019enfrontament."},{"type":"paragraph","text":"El Villarreal C cerca escalar posicions"},{"type":"paragraph","text":"El conjunt dirigit per David Albelda vol continuar sumant punts despr\u00e9s d\u2019aconseguir 7 dels \u00faltims 9 possibles en v\u00e9ncer al CD Utiel (1-0) i al CF Benidorm (2-4), i empatar davant el CD Roda (0-0)."},{"type":"paragraph","text":"Davant tindr\u00e0 a l\u2019Atl\u00e9tico Levante, situat en la setena posici\u00f3 de la taula classificat\u00f2ria, que ha guanyat 3 dels 6 partits que ha disputat fins a la data. Pel que, sens dubte, ser\u00e0 un partit d\u2019alta volada en el qual l\u2019afici\u00f3 congregada en el Mini ser\u00e0 clau per a ajudar al segon filial groguet."}],"buttons":[],"images":[],"widgets":[],"blocks":[{"type":"heading","level":2,"text":"El Villarreal CF emetr\u00e0 el partit del conjunt dirigit per David Albelda en directe pels seus perfils oficials (diumenge, 11.30 hores)"},{"type":"paragraph","text":"El Villarreal CF emetr\u00e0 eixe diumenge, a les 11.30 hores, el partit entre el Villarreal C i l\u2019Atl\u00e9tico Levante, que se celebrar\u00e0 en el Mini Estadi. El partit podr\u00e0 veure\u2019s en directe i de manera gratu\u00efta a trav\u00e9s dels perfils oficials del club en xarxes socials i des de la web oficial."},{"type":"paragraph","text":"La retransmissi\u00f3 comptar\u00e0 amb la narraci\u00f3 i els comentaris dels reporters de Vila-real TV. La connexi\u00f3 comen\u00e7ar\u00e0 deu minuts abans de l\u2019inici del partit, a les 11.20 hores, amb una completa pr\u00e8via de l\u2019enfrontament."},{"type":"paragraph","text":"El Villarreal C cerca escalar posicions"},{"type":"paragraph","text":"El conjunt dirigit per David Albelda vol continuar sumant punts despr\u00e9s d\u2019aconseguir 7 dels \u00faltims 9 possibles en v\u00e9ncer al CD Utiel (1-0) i al CF Benidorm (2-4), i empatar davant el CD Roda (0-0)."},{"type":"paragraph","text":"Davant tindr\u00e0 a l\u2019Atl\u00e9tico Levante, situat en la setena posici\u00f3 de la taula classificat\u00f2ria, que ha guanyat 3 dels 6 partits que ha disputat fins a la data. Pel que, sens dubte, ser\u00e0 un partit d\u2019alta volada en el qual l\u2019afici\u00f3 congregada en el Mini ser\u00e0 clau per a ajudar al segon filial groguet."}]}},"sections":[{"id":"section-1","title":"El Villarreal CF emetr\u00e0 el partit del conjunt dirigit per David Albelda en directe pels seus perfils oficials (diumenge, 11.30 hores)","text":"El Villarreal CF emetr\u00e0 el partit del conjunt dirigit per David Albelda en directe pels seus perfils oficials (diumenge, 11.30 hores) El Villarreal CF emetr\u00e0 eixe diumenge, a les 11.30 hores, el partit entre el Villarreal C i l\u2019Atl\u00e9tico Levante, que se celebrar\u00e0 en el Mini Estadi. El partit podr\u00e0 veure\u2019s en directe i de manera gratu\u00efta a trav\u00e9s dels perfils oficials del club en xarxes socials i des de la web oficial. La retransmissi\u00f3 comptar\u00e0 amb la narraci\u00f3 i els comentaris dels reporters de Vila-real TV. La connexi\u00f3 comen\u00e7ar\u00e0 deu minuts abans de l\u2019inici del partit, a les 11.20 hores, amb una completa pr\u00e8via de l\u2019enfrontament. El Villarreal C cerca escalar posicions El conjunt dirigit per David Albelda vol continuar sumant punts despr\u00e9s d\u2019aconseguir 7 dels \u00faltims 9 possibles en v\u00e9ncer al CD Utiel (1-0) i al CF Benidorm (2-4), i empatar davant el CD Roda (0-0). Davant tindr\u00e0 a l\u2019Atl\u00e9tico Levante, situat en la setena posici\u00f3 de la taula classificat\u00f2ria, que ha guanyat 3 dels 6 partits que ha disputat fins a la data. Pel que, sens dubte, ser\u00e0 un partit d\u2019alta volada en el qual l\u2019afici\u00f3 congregada en el Mini ser\u00e0 clau per a ajudar al segon filial groguet.","url":"","background_image":"","images":[],"videos":[],"links":[]}]},"excerpt":{"rendered":"El Villarreal CF emetr\u00e0 el partit del conjunt dirigit per David Albelda en directe pels seus perfils oficials (diumenge, 11.30 hores)","protected":false},"author":29,"featured_media":324320,"comment_status":"closed","ping_status":"closed","sticky":false,"template":"","format":"standard","meta":{"_acf_changed":false,"footnotes":""},"categories":[13803],"tags":[10738,9366,10325,16008,717,13555,9227,716,9205,13556,10921,13557,9424],"acf":null,"lang":"val","translations":{"es":324307,"val":324322,"en":324336},"essential_grid":{"has_grid":false},"formatted_date":"October 16, 2024","modified_date":"October 15, 2024","permalink":"https:\/\/villarrealcf.es\/val\/no-et-perdes-el-villarreal-c-atletico-levante\/","reading_time":2,"featured_media_data":{"id":324320,"title":"20241004-Villarreal CF C - CD Roda -006 ok","caption":"","alt_text":"","description":"","mime_type":"image\/jpeg","source_url":"https:\/\/villarrealcf.es\/wp-content\/uploads\/2024\/10\/20241004-Villarreal-CF-C-CD-Roda-006-ok.jpg","sizes":{"thumbnail":{"url":"https:\/\/villarrealcf.es\/wp-content\/uploads\/2024\/10\/20241004-Villarreal-CF-C-CD-Roda-006-ok.jpg","width":1920,"height":1079},"medium":{"url":"https:\/\/villarrealcf.es\/wp-content\/uploads\/2024\/10\/20241004-Villarreal-CF-C-CD-Roda-006-ok.jpg","width":1920,"height":1079},"medium_large":{"url":"https:\/\/villarrealcf.es\/wp-content\/uploads\/2024\/10\/20241004-Villarreal-CF-C-CD-Roda-006-ok-768x432.jpg","width":768,"height":432},"large":{"url":"https:\/\/villarrealcf.es\/wp-content\/uploads\/2024\/10\/20241004-Villarreal-CF-C-CD-Roda-006-ok.jpg","width":788,"height":443},"1536x1536":{"url":"https:\/\/villarrealcf.es\/wp-content\/uploads\/2024\/10\/20241004-Villarreal-CF-C-CD-Roda-006-ok-1536x863.jpg","width":1536,"height":863},"2048x2048":{"url":"https:\/\/villarrealcf.es\/wp-content\/uploads\/2024\/10\/20241004-Villarreal-CF-C-CD-Roda-006-ok.jpg","width":1920,"height":1079},"tp-image-grid":{"url":"https:\/\/villarrealcf.es\/wp-content\/uploads\/2024\/10\/20241004-Villarreal-CF-C-CD-Roda-006-ok-700x700.jpg","width":700,"height":700},"size-bunyad-medium":{"url":"https:\/\/villarrealcf.es\/wp-content\/uploads\/2024\/10\/20241004-Villarreal-CF-C-CD-Roda-006-ok.jpg","width":1920,"height":1079},"sportspress-crop-medium":{"url":"https:\/\/villarrealcf.es\/wp-content\/uploads\/2024\/10\/20241004-Villarreal-CF-C-CD-Roda-006-ok-300x300.jpg","width":300,"height":300},"sportspress-fit-medium":{"url":"https:\/\/villarrealcf.es\/wp-content\/uploads\/2024\/10\/20241004-Villarreal-CF-C-CD-Roda-006-ok-300x169.jpg","width":300,"height":169},"sportspress-fit-icon":{"url":"https:\/\/villarrealcf.es\/wp-content\/uploads\/2024\/10\/20241004-Villarreal-CF-C-CD-Roda-006-ok-128x72.jpg","width":128,"height":72},"sportspress-fit-mini":{"url":"https:\/\/villarrealcf.es\/wp-content\/uploads\/2024\/10\/20241004-Villarreal-CF-C-CD-Roda-006-ok-32x18.jpg","width":32,"height":18},"bunyad-small":{"url":"https:\/\/villarrealcf.es\/wp-content\/uploads\/2024\/10\/20241004-Villarreal-CF-C-CD-Roda-006-ok-150x84.jpg","width":150,"height":84},"bunyad-medium":{"url":"https:\/\/villarrealcf.es\/wp-content\/uploads\/2024\/10\/20241004-Villarreal-CF-C-CD-Roda-006-ok-450x253.jpg","width":450,"height":253},"bunyad-full":{"url":"https:\/\/villarrealcf.es\/wp-content\/uploads\/2024\/10\/20241004-Villarreal-CF-C-CD-Roda-006-ok-1200x674.jpg","width":1200,"height":674},"bunyad-viewport":{"url":"https:\/\/villarrealcf.es\/wp-content\/uploads\/2024\/10\/20241004-Villarreal-CF-C-CD-Roda-006-ok.jpg","width":1920,"height":1079},"bunyad-768":{"url":"https:\/\/villarrealcf.es\/wp-content\/uploads\/2024\/10\/20241004-Villarreal-CF-C-CD-Roda-006-ok-768x432.jpg","width":768,"height":432},"full":{"url":"https:\/\/villarrealcf.es\/wp-content\/uploads\/2024\/10\/20241004-Villarreal-CF-C-CD-Roda-006-ok.jpg","width":1920,"height":1079}}},"author_data":{"id":"29","name":"Azahara Beroy","first_name":"Azahara","last_name":"Beroy","description":"","avatar_url":"https:\/\/secure.gravatar.com\/avatar\/91b979a91a1925e60814719244bbf7824af58ced5a6e2130c2611bde24439aa7?s=96&d=mm&r=g","acf":null},"taxonomies_data":{"category":[{"id":13803,"name":"Futbol base","slug":"futbol-base-val-2","acf":null}],"post_tag":[{"id":10738,"name":"Atl\u00e9tico Levante","slug":"atletico-levante-val","acf":null},{"id":9366,"name":"Cantera","slug":"cantera-val","acf":null},{"id":10325,"name":"Cantera Grogueta","slug":"cantera-grogueta-val","acf":null},{"id":16008,"name":"CD Utiel","slug":"cd-utiel-val","acf":null},{"id":717,"name":"Football","slug":"football-d34","acf":null},{"id":13555,"name":"Futbol","slug":"futbol-val-2","acf":null},{"id":9227,"name":"F\u00fatbol Base","slug":"futbol-base-val","acf":null},{"id":716,"name":"Soccer","slug":"soccer-d105","acf":null},{"id":9205,"name":"Submarino","slug":"submarino-val","acf":null},{"id":13556,"name":"Submarino Amarillo","slug":"submarino-amarillo-val-2","acf":null},{"id":10921,"name":"Villarreal C","slug":"villarreal-c-val","acf":null},{"id":13557,"name":"Villarreal CF","slug":"villarreal-cf-val-2","acf":null},{"id":9424,"name":"Villarreal CF Live","slug":"villarreal-cf-live-val","acf":null}],"translation_priority":[{"id":735,"name":"Optional","slug":"optional-val","acf":null}]},"seo_full":{"native":{"title":"No et perdes el Villarreal C-Atl\u00e9tico Levante! - Web Oficial del Villarreal CF","description":"El Villarreal CF emetr\u00e0 el partit del conjunt dirigit per David Albelda en directe pels seus perfils oficials (diumenge, 11.30 hores)","canonical":"https:\/\/villarrealcf.es\/val\/no-et-perdes-el-villarreal-c-atletico-levante\/"}},"_links":{"self":[{"href":"https:\/\/villarrealcf.es\/val\/wp-json\/wp\/v2\/posts\/324322","targetHints":{"allow":["GET"]}}],"collection":[{"href":"https:\/\/villarrealcf.es\/val\/wp-json\/wp\/v2\/posts"}],"about":[{"href":"https:\/\/villarrealcf.es\/val\/wp-json\/wp\/v2\/types\/post"}],"author":[{"embeddable":true,"href":"https:\/\/villarrealcf.es\/val\/wp-json\/wp\/v2\/users\/29"}],"replies":[{"embeddable":true,"href":"https:\/\/villarrealcf.es\/val\/wp-json\/wp\/v2\/comments?post=324322"}],"version-history":[{"count":0,"href":"https:\/\/villarrealcf.es\/val\/wp-json\/wp\/v2\/posts\/324322\/revisions"}],"wp:featuredmedia":[{"embeddable":true,"href":"https:\/\/villarrealcf.es\/val\/wp-json\/wp\/v2\/media\/324320"}],"wp:attachment":[{"href":"https:\/\/villarrealcf.es\/val\/wp-json\/wp\/v2\/media?parent=324322"}],"wp:term":[{"taxonomy":"category","embeddable":true,"href":"https:\/\/villarrealcf.es\/val\/wp-json\/wp\/v2\/categories?post=324322"},{"taxonomy":"post_tag","embeddable":true,"href":"https:\/\/villarrealcf.es\/val\/wp-json\/wp\/v2\/tags?post=324322"}],"curies":[{"name":"wp","href":"https:\/\/api.w.org\/{rel}","templated":true}]}}