{"id":324200,"date":"2024-10-14T15:11:54","date_gmt":"2024-10-14T13:11:54","guid":{"rendered":"https:\/\/villarrealcf.es\/la-apv-celebra-la-iii-concentracion-de-penas-del-villarreal\/"},"modified":"2024-10-14T15:32:22","modified_gmt":"2024-10-14T13:32:22","slug":"lapv-celebra-la-iii-concentracio-de-penyes-del-villarreal","status":"publish","type":"post","link":"https:\/\/villarrealcf.es\/val\/lapv-celebra-la-iii-concentracio-de-penyes-del-villarreal\/","title":{"rendered":"L&#8217;APV celebra la III Concentraci\u00f3 de Penyes del Villarreal"},"content":{"protected":false,"blocks":[{"type":"text","widget":"text-editor","text":"Les penyes Submar\u00ed Groc i Sant Pasqual han liderat esta trobada anual entre els penyistes groguetsL\u2019Agrupaci\u00f3 de Penyes del Villarreal CF ha celebrat la tercera edici\u00f3 de la Concentraci\u00f3 de Penyes del Villarreal CF, impulsada esta temporada per les penyes Submar\u00ed Groc i Sant Pasqual, les dos de Vila-real.L\u2019esdeveniment, que va arrancar amb un desdejuni en l\u2019APV, va prosseguir amb una visita a Inmersi\u00f3n Villarreal, el Museu & Tour de l\u2019Estadio de la Cer\u00e1mica. M\u00e9s tard, els penyistes van organitzar un gran esmorzar en el Centre de Congressos, Fires i Trobades de Vila-real, on tamb\u00e9 van jugar al bingo, van intercanviar regals i van gaudir junts de la seua passi\u00f3 pel Villarreal CF. La festa va comptar amb la col\u00b7laboraci\u00f3 del Villarreal CF i l\u2019Ajuntament de Vila-real.A continuaci\u00f3, pots gaudir de les millors fotografies d\u2019esta concetraci\u00f3n:","paragraphs":["L\u2019Agrupaci\u00f3 de Penyes del Villarreal CF ha celebrat la tercera edici\u00f3 de la Concentraci\u00f3 de Penyes del Villarreal CF, impulsada esta temporada per les penyes Submar\u00ed Groc i Sant Pasqual, les dos de Vila-real.","L\u2019esdeveniment, que va arrancar amb un desdejuni en l\u2019APV, va prosseguir amb una visita a Inmersi\u00f3n Villarreal, el Museu & Tour de l\u2019Estadio de la Cer\u00e1mica. M\u00e9s tard, els penyistes van organitzar un gran esmorzar en el Centre de Congressos, Fires i Trobades de Vila-real, on tamb\u00e9 van jugar al bingo, van intercanviar regals i van gaudir junts de la seua passi\u00f3 pel Villarreal CF. La festa va comptar amb la col\u00b7laboraci\u00f3 del Villarreal CF i l\u2019Ajuntament de Vila-real.","A continuaci\u00f3, pots gaudir de les millors fotografies d\u2019esta concetraci\u00f3n:"]},{"type":"gallery","widget":"gallery","items":[{"url":"https:\/\/villarrealcf.es\/wp-content\/uploads\/2024\/10\/20241013-Concentracion-Penas-APV-con-Marcos-Senna-004-scaled.jpg","title":"20241013-Concentracion Pen\u0303as APV con Marcos Senna-004","thumbnail":"https:\/\/villarrealcf.es\/wp-content\/uploads\/2024\/10\/20241013-Concentracion-Penas-APV-con-Marcos-Senna-004-scaled.jpg","width":2560,"height":1707},{"url":"https:\/\/villarrealcf.es\/wp-content\/uploads\/2024\/10\/20241013-Concentracion-Penas-APV-con-Marcos-Senna-008-scaled.jpg","title":"20241013-Concentracion Pen\u0303as APV con Marcos Senna-008","thumbnail":"https:\/\/villarrealcf.es\/wp-content\/uploads\/2024\/10\/20241013-Concentracion-Penas-APV-con-Marcos-Senna-008-scaled.jpg","width":2560,"height":1707},{"url":"https:\/\/villarrealcf.es\/wp-content\/uploads\/2024\/10\/20241013-Concentracion-Penas-APV-con-Marcos-Senna-013-scaled.jpg","title":"20241013-Concentracion Pen\u0303as APV con Marcos Senna-013","thumbnail":"https:\/\/villarrealcf.es\/wp-content\/uploads\/2024\/10\/20241013-Concentracion-Penas-APV-con-Marcos-Senna-013-scaled.jpg","width":2560,"height":1707},{"url":"https:\/\/villarrealcf.es\/wp-content\/uploads\/2024\/10\/20241013-Concentracion-Penas-APV-con-Marcos-Senna-019-scaled.jpg","title":"20241013-Concentracion Pen\u0303as APV con Marcos Senna-019","thumbnail":"https:\/\/villarrealcf.es\/wp-content\/uploads\/2024\/10\/20241013-Concentracion-Penas-APV-con-Marcos-Senna-019-scaled.jpg","width":2560,"height":1707},{"url":"https:\/\/villarrealcf.es\/wp-content\/uploads\/2024\/10\/20241013-Concentracion-Penas-APV-con-Marcos-Senna-028-scaled.jpg","title":"20241013-Concentracion Pen\u0303as APV con Marcos Senna-028","thumbnail":"https:\/\/villarrealcf.es\/wp-content\/uploads\/2024\/10\/20241013-Concentracion-Penas-APV-con-Marcos-Senna-028-scaled.jpg","width":2560,"height":1707},{"url":"https:\/\/villarrealcf.es\/wp-content\/uploads\/2024\/10\/20241013-Concentracion-Penas-APV-con-Marcos-Senna-029-scaled.jpg","title":"20241013-Concentracion Pen\u0303as APV con Marcos Senna-029","thumbnail":"https:\/\/villarrealcf.es\/wp-content\/uploads\/2024\/10\/20241013-Concentracion-Penas-APV-con-Marcos-Senna-029-scaled.jpg","width":2560,"height":1707},{"url":"https:\/\/villarrealcf.es\/wp-content\/uploads\/2024\/10\/20241013-Concentracion-Penas-APV-con-Marcos-Senna-030-scaled.jpg","title":"20241013-Concentracion Pen\u0303as APV con Marcos Senna-030","thumbnail":"https:\/\/villarrealcf.es\/wp-content\/uploads\/2024\/10\/20241013-Concentracion-Penas-APV-con-Marcos-Senna-030-scaled.jpg","width":2560,"height":1707},{"url":"https:\/\/villarrealcf.es\/wp-content\/uploads\/2024\/10\/IMG_20241013_112626-scaled.jpg","title":"IMG_20241013_112626","thumbnail":"https:\/\/villarrealcf.es\/wp-content\/uploads\/2024\/10\/IMG_20241013_112626-scaled.jpg","width":2560,"height":1920}]}],"structured":{"summary":{"text":"Les penyes Submar\u00ed Groc i Sant Pasqual han liderat esta trobada anual entre els penyistes groguetsL\u2019Agrupaci\u00f3 de Penyes del Villarreal CF ha celebrat la tercera edici\u00f3 de la Concentraci\u00f3 de Penyes del Villarreal CF, impulsada esta temporada per les penyes Submar\u00ed Groc i Sant Pasqual, les dos de Vila-real.L\u2019esdeveniment, que va arrancar amb un desdejuni en l\u2019APV, va prosseguir amb una visita a Inmersi\u00f3n Villarreal, el Museu & Tour de l\u2019Estadio de la Cer\u00e1mica. M\u00e9s tard, els penyistes van organitzar un gran esmorzar en el Centre de Congressos, Fires i Trobades de Vila-real, on tamb\u00e9 van jugar al bingo, van intercanviar regals i van gaudir junts de la seua passi\u00f3 pel Villarreal CF. La festa va comptar amb la col\u00b7laboraci\u00f3 del Villarreal CF i l\u2019Ajuntament de Vila-real.A continuaci\u00f3, pots gaudir de les millors fotografies d\u2019esta concetraci\u00f3n:","headings":[],"buttons":[],"images":[],"counts":{"blocks":2,"headings":0,"texts":1,"buttons":0,"images":0},"containers":2},"sections":[{"id":"577850a7","type":"container","classes":["elementor-section","elementor-top-section","elementor-element","elementor-element-577850a7","elementor-section-boxed","elementor-section-height-default"],"title":"","text":"Les penyes Submar\u00ed Groc i Sant Pasqual han liderat esta trobada anual entre els penyistes groguetsL\u2019Agrupaci\u00f3 de Penyes del Villarreal CF ha celebrat la tercera edici\u00f3 de la Concentraci\u00f3 de Penyes del Villarreal CF, impulsada esta temporada per les penyes Submar\u00ed Groc i Sant Pasqual, les dos de Vila-real.L\u2019esdeveniment, que va arrancar amb un desdejuni en l\u2019APV, va prosseguir amb una visita a Inmersi\u00f3n Villarreal, el Museu & Tour de l\u2019Estadio de la Cer\u00e1mica. M\u00e9s tard, els penyistes van organitzar un gran esmorzar en el Centre de Congressos, Fires i Trobades de Vila-real, on tamb\u00e9 van jugar al bingo, van intercanviar regals i van gaudir junts de la seua passi\u00f3 pel Villarreal CF. La festa va comptar amb la col\u00b7laboraci\u00f3 del Villarreal CF i l\u2019Ajuntament de Vila-real.A continuaci\u00f3, pots gaudir de les millors fotografies d\u2019esta concetraci\u00f3n:","headings":[],"texts":[{"type":"text","widget":"text-editor","text":"Les penyes Submar\u00ed Groc i Sant Pasqual han liderat esta trobada anual entre els penyistes groguetsL\u2019Agrupaci\u00f3 de Penyes del Villarreal CF ha celebrat la tercera edici\u00f3 de la Concentraci\u00f3 de Penyes del Villarreal CF, impulsada esta temporada per les penyes Submar\u00ed Groc i Sant Pasqual, les dos de Vila-real.L\u2019esdeveniment, que va arrancar amb un desdejuni en l\u2019APV, va prosseguir amb una visita a Inmersi\u00f3n Villarreal, el Museu & Tour de l\u2019Estadio de la Cer\u00e1mica. M\u00e9s tard, els penyistes van organitzar un gran esmorzar en el Centre de Congressos, Fires i Trobades de Vila-real, on tamb\u00e9 van jugar al bingo, van intercanviar regals i van gaudir junts de la seua passi\u00f3 pel Villarreal CF. La festa va comptar amb la col\u00b7laboraci\u00f3 del Villarreal CF i l\u2019Ajuntament de Vila-real.A continuaci\u00f3, pots gaudir de les millors fotografies d\u2019esta concetraci\u00f3n:","paragraphs":["L\u2019Agrupaci\u00f3 de Penyes del Villarreal CF ha celebrat la tercera edici\u00f3 de la Concentraci\u00f3 de Penyes del Villarreal CF, impulsada esta temporada per les penyes Submar\u00ed Groc i Sant Pasqual, les dos de Vila-real.","L\u2019esdeveniment, que va arrancar amb un desdejuni en l\u2019APV, va prosseguir amb una visita a Inmersi\u00f3n Villarreal, el Museu & Tour de l\u2019Estadio de la Cer\u00e1mica. M\u00e9s tard, els penyistes van organitzar un gran esmorzar en el Centre de Congressos, Fires i Trobades de Vila-real, on tamb\u00e9 van jugar al bingo, van intercanviar regals i van gaudir junts de la seua passi\u00f3 pel Villarreal CF. La festa va comptar amb la col\u00b7laboraci\u00f3 del Villarreal CF i l\u2019Ajuntament de Vila-real.","A continuaci\u00f3, pots gaudir de les millors fotografies d\u2019esta concetraci\u00f3n:"]}],"buttons":[],"images":[],"widgets":["text-editor"],"blocks":[{"type":"text","widget":"text-editor","text":"Les penyes Submar\u00ed Groc i Sant Pasqual han liderat esta trobada anual entre els penyistes groguetsL\u2019Agrupaci\u00f3 de Penyes del Villarreal CF ha celebrat la tercera edici\u00f3 de la Concentraci\u00f3 de Penyes del Villarreal CF, impulsada esta temporada per les penyes Submar\u00ed Groc i Sant Pasqual, les dos de Vila-real.L\u2019esdeveniment, que va arrancar amb un desdejuni en l\u2019APV, va prosseguir amb una visita a Inmersi\u00f3n Villarreal, el Museu & Tour de l\u2019Estadio de la Cer\u00e1mica. M\u00e9s tard, els penyistes van organitzar un gran esmorzar en el Centre de Congressos, Fires i Trobades de Vila-real, on tamb\u00e9 van jugar al bingo, van intercanviar regals i van gaudir junts de la seua passi\u00f3 pel Villarreal CF. La festa va comptar amb la col\u00b7laboraci\u00f3 del Villarreal CF i l\u2019Ajuntament de Vila-real.A continuaci\u00f3, pots gaudir de les millors fotografies d\u2019esta concetraci\u00f3n:","paragraphs":["L\u2019Agrupaci\u00f3 de Penyes del Villarreal CF ha celebrat la tercera edici\u00f3 de la Concentraci\u00f3 de Penyes del Villarreal CF, impulsada esta temporada per les penyes Submar\u00ed Groc i Sant Pasqual, les dos de Vila-real.","L\u2019esdeveniment, que va arrancar amb un desdejuni en l\u2019APV, va prosseguir amb una visita a Inmersi\u00f3n Villarreal, el Museu & Tour de l\u2019Estadio de la Cer\u00e1mica. M\u00e9s tard, els penyistes van organitzar un gran esmorzar en el Centre de Congressos, Fires i Trobades de Vila-real, on tamb\u00e9 van jugar al bingo, van intercanviar regals i van gaudir junts de la seua passi\u00f3 pel Villarreal CF. La festa va comptar amb la col\u00b7laboraci\u00f3 del Villarreal CF i l\u2019Ajuntament de Vila-real.","A continuaci\u00f3, pots gaudir de les millors fotografies d\u2019esta concetraci\u00f3n:"]}],"children":[]},{"id":"0818df3","type":"container","classes":["has-el-gap","el-gap-default","elementor-section","elementor-top-section","elementor-element","elementor-element-0818df3","elementor-section-boxed","elementor-section-height-default"],"title":"","text":"","headings":[],"texts":[],"buttons":[],"images":[],"widgets":["gallery"],"blocks":[{"type":"gallery","widget":"gallery","items":[{"url":"https:\/\/villarrealcf.es\/wp-content\/uploads\/2024\/10\/20241013-Concentracion-Penas-APV-con-Marcos-Senna-004-scaled.jpg","title":"20241013-Concentracion Pen\u0303as APV con Marcos Senna-004","thumbnail":"https:\/\/villarrealcf.es\/wp-content\/uploads\/2024\/10\/20241013-Concentracion-Penas-APV-con-Marcos-Senna-004-scaled.jpg","width":2560,"height":1707},{"url":"https:\/\/villarrealcf.es\/wp-content\/uploads\/2024\/10\/20241013-Concentracion-Penas-APV-con-Marcos-Senna-008-scaled.jpg","title":"20241013-Concentracion Pen\u0303as APV con Marcos Senna-008","thumbnail":"https:\/\/villarrealcf.es\/wp-content\/uploads\/2024\/10\/20241013-Concentracion-Penas-APV-con-Marcos-Senna-008-scaled.jpg","width":2560,"height":1707},{"url":"https:\/\/villarrealcf.es\/wp-content\/uploads\/2024\/10\/20241013-Concentracion-Penas-APV-con-Marcos-Senna-013-scaled.jpg","title":"20241013-Concentracion Pen\u0303as APV con Marcos Senna-013","thumbnail":"https:\/\/villarrealcf.es\/wp-content\/uploads\/2024\/10\/20241013-Concentracion-Penas-APV-con-Marcos-Senna-013-scaled.jpg","width":2560,"height":1707},{"url":"https:\/\/villarrealcf.es\/wp-content\/uploads\/2024\/10\/20241013-Concentracion-Penas-APV-con-Marcos-Senna-019-scaled.jpg","title":"20241013-Concentracion Pen\u0303as APV con Marcos Senna-019","thumbnail":"https:\/\/villarrealcf.es\/wp-content\/uploads\/2024\/10\/20241013-Concentracion-Penas-APV-con-Marcos-Senna-019-scaled.jpg","width":2560,"height":1707},{"url":"https:\/\/villarrealcf.es\/wp-content\/uploads\/2024\/10\/20241013-Concentracion-Penas-APV-con-Marcos-Senna-028-scaled.jpg","title":"20241013-Concentracion Pen\u0303as APV con Marcos Senna-028","thumbnail":"https:\/\/villarrealcf.es\/wp-content\/uploads\/2024\/10\/20241013-Concentracion-Penas-APV-con-Marcos-Senna-028-scaled.jpg","width":2560,"height":1707},{"url":"https:\/\/villarrealcf.es\/wp-content\/uploads\/2024\/10\/20241013-Concentracion-Penas-APV-con-Marcos-Senna-029-scaled.jpg","title":"20241013-Concentracion Pen\u0303as APV con Marcos Senna-029","thumbnail":"https:\/\/villarrealcf.es\/wp-content\/uploads\/2024\/10\/20241013-Concentracion-Penas-APV-con-Marcos-Senna-029-scaled.jpg","width":2560,"height":1707},{"url":"https:\/\/villarrealcf.es\/wp-content\/uploads\/2024\/10\/20241013-Concentracion-Penas-APV-con-Marcos-Senna-030-scaled.jpg","title":"20241013-Concentracion Pen\u0303as APV con Marcos Senna-030","thumbnail":"https:\/\/villarrealcf.es\/wp-content\/uploads\/2024\/10\/20241013-Concentracion-Penas-APV-con-Marcos-Senna-030-scaled.jpg","width":2560,"height":1707},{"url":"https:\/\/villarrealcf.es\/wp-content\/uploads\/2024\/10\/IMG_20241013_112626-scaled.jpg","title":"IMG_20241013_112626","thumbnail":"https:\/\/villarrealcf.es\/wp-content\/uploads\/2024\/10\/IMG_20241013_112626-scaled.jpg","width":2560,"height":1920}]}],"children":[]}],"hero":{"id":"577850a7","type":"container","classes":["elementor-section","elementor-top-section","elementor-element","elementor-element-577850a7","elementor-section-boxed","elementor-section-height-default"],"title":"","text":"Les penyes Submar\u00ed Groc i Sant Pasqual han liderat esta trobada anual entre els penyistes groguetsL\u2019Agrupaci\u00f3 de Penyes del Villarreal CF ha celebrat la tercera edici\u00f3 de la Concentraci\u00f3 de Penyes del Villarreal CF, impulsada esta temporada per les penyes Submar\u00ed Groc i Sant Pasqual, les dos de Vila-real.L\u2019esdeveniment, que va arrancar amb un desdejuni en l\u2019APV, va prosseguir amb una visita a Inmersi\u00f3n Villarreal, el Museu & Tour de l\u2019Estadio de la Cer\u00e1mica. M\u00e9s tard, els penyistes van organitzar un gran esmorzar en el Centre de Congressos, Fires i Trobades de Vila-real, on tamb\u00e9 van jugar al bingo, van intercanviar regals i van gaudir junts de la seua passi\u00f3 pel Villarreal CF. La festa va comptar amb la col\u00b7laboraci\u00f3 del Villarreal CF i l\u2019Ajuntament de Vila-real.A continuaci\u00f3, pots gaudir de les millors fotografies d\u2019esta concetraci\u00f3n:","headings":[],"texts":[{"type":"text","widget":"text-editor","text":"Les penyes Submar\u00ed Groc i Sant Pasqual han liderat esta trobada anual entre els penyistes groguetsL\u2019Agrupaci\u00f3 de Penyes del Villarreal CF ha celebrat la tercera edici\u00f3 de la Concentraci\u00f3 de Penyes del Villarreal CF, impulsada esta temporada per les penyes Submar\u00ed Groc i Sant Pasqual, les dos de Vila-real.L\u2019esdeveniment, que va arrancar amb un desdejuni en l\u2019APV, va prosseguir amb una visita a Inmersi\u00f3n Villarreal, el Museu & Tour de l\u2019Estadio de la Cer\u00e1mica. M\u00e9s tard, els penyistes van organitzar un gran esmorzar en el Centre de Congressos, Fires i Trobades de Vila-real, on tamb\u00e9 van jugar al bingo, van intercanviar regals i van gaudir junts de la seua passi\u00f3 pel Villarreal CF. La festa va comptar amb la col\u00b7laboraci\u00f3 del Villarreal CF i l\u2019Ajuntament de Vila-real.A continuaci\u00f3, pots gaudir de les millors fotografies d\u2019esta concetraci\u00f3n:","paragraphs":["L\u2019Agrupaci\u00f3 de Penyes del Villarreal CF ha celebrat la tercera edici\u00f3 de la Concentraci\u00f3 de Penyes del Villarreal CF, impulsada esta temporada per les penyes Submar\u00ed Groc i Sant Pasqual, les dos de Vila-real.","L\u2019esdeveniment, que va arrancar amb un desdejuni en l\u2019APV, va prosseguir amb una visita a Inmersi\u00f3n Villarreal, el Museu & Tour de l\u2019Estadio de la Cer\u00e1mica. M\u00e9s tard, els penyistes van organitzar un gran esmorzar en el Centre de Congressos, Fires i Trobades de Vila-real, on tamb\u00e9 van jugar al bingo, van intercanviar regals i van gaudir junts de la seua passi\u00f3 pel Villarreal CF. La festa va comptar amb la col\u00b7laboraci\u00f3 del Villarreal CF i l\u2019Ajuntament de Vila-real.","A continuaci\u00f3, pots gaudir de les millors fotografies d\u2019esta concetraci\u00f3n:"]}],"buttons":[],"images":[],"widgets":["text-editor"],"blocks":[{"type":"text","widget":"text-editor","text":"Les penyes Submar\u00ed Groc i Sant Pasqual han liderat esta trobada anual entre els penyistes groguetsL\u2019Agrupaci\u00f3 de Penyes del Villarreal CF ha celebrat la tercera edici\u00f3 de la Concentraci\u00f3 de Penyes del Villarreal CF, impulsada esta temporada per les penyes Submar\u00ed Groc i Sant Pasqual, les dos de Vila-real.L\u2019esdeveniment, que va arrancar amb un desdejuni en l\u2019APV, va prosseguir amb una visita a Inmersi\u00f3n Villarreal, el Museu & Tour de l\u2019Estadio de la Cer\u00e1mica. M\u00e9s tard, els penyistes van organitzar un gran esmorzar en el Centre de Congressos, Fires i Trobades de Vila-real, on tamb\u00e9 van jugar al bingo, van intercanviar regals i van gaudir junts de la seua passi\u00f3 pel Villarreal CF. La festa va comptar amb la col\u00b7laboraci\u00f3 del Villarreal CF i l\u2019Ajuntament de Vila-real.A continuaci\u00f3, pots gaudir de les millors fotografies d\u2019esta concetraci\u00f3n:","paragraphs":["L\u2019Agrupaci\u00f3 de Penyes del Villarreal CF ha celebrat la tercera edici\u00f3 de la Concentraci\u00f3 de Penyes del Villarreal CF, impulsada esta temporada per les penyes Submar\u00ed Groc i Sant Pasqual, les dos de Vila-real.","L\u2019esdeveniment, que va arrancar amb un desdejuni en l\u2019APV, va prosseguir amb una visita a Inmersi\u00f3n Villarreal, el Museu & Tour de l\u2019Estadio de la Cer\u00e1mica. M\u00e9s tard, els penyistes van organitzar un gran esmorzar en el Centre de Congressos, Fires i Trobades de Vila-real, on tamb\u00e9 van jugar al bingo, van intercanviar regals i van gaudir junts de la seua passi\u00f3 pel Villarreal CF. La festa va comptar amb la col\u00b7laboraci\u00f3 del Villarreal CF i l\u2019Ajuntament de Vila-real.","A continuaci\u00f3, pots gaudir de les millors fotografies d\u2019esta concetraci\u00f3n:"]}],"children":[]}},"sections":[{"id":"577850a7","title":"Les penyes Submar\u00ed Groc i Sant Pasqual han liderat esta trobada anual entre els penyistes groguetsL\u2019Agrupaci\u00f3 de Penyes del Villarreal CF ha celebrat la tercera edici\u00f3 de la Concentraci\u00f3 de Penyes del Villarreal CF, impulsada esta temporada per les penyes Submar\u00ed Groc i Sant Pasqual, les dos de Vila-real.L\u2019esdeveniment, que va arrancar amb un desdejuni en l\u2019APV, va prosseguir amb una visita a Inmersi\u00f3n Villarreal, el Museu & Tour de l\u2019Estadio de la Cer\u00e1mica. M\u00e9s tard, els penyistes van organitzar un gran esmorzar en el Centre de Congressos, Fires i Trobades de Vila-real, on tamb\u00e9 van jugar al bingo, van intercanviar regals i van gaudir junts de la seua passi\u00f3 pel Villarreal CF. La festa va comptar amb la col\u00b7laboraci\u00f3 del Villarreal CF i l\u2019Ajuntament de Vila-real.A continuaci\u00f3, pots gaudir de les millors fotografies d\u2019esta concetraci\u00f3n:","text":"Les penyes Submar\u00ed Groc i Sant Pasqual han liderat esta trobada anual entre els penyistes groguetsL\u2019Agrupaci\u00f3 de Penyes del Villarreal CF ha celebrat la tercera edici\u00f3 de la Concentraci\u00f3 de Penyes del Villarreal CF, impulsada esta temporada per les penyes Submar\u00ed Groc i Sant Pasqual, les dos de Vila-real.L\u2019esdeveniment, que va arrancar amb un desdejuni en l\u2019APV, va prosseguir amb una visita a Inmersi\u00f3n Villarreal, el Museu & Tour de l\u2019Estadio de la Cer\u00e1mica. M\u00e9s tard, els penyistes van organitzar un gran esmorzar en el Centre de Congressos, Fires i Trobades de Vila-real, on tamb\u00e9 van jugar al bingo, van intercanviar regals i van gaudir junts de la seua passi\u00f3 pel Villarreal CF. La festa va comptar amb la col\u00b7laboraci\u00f3 del Villarreal CF i l\u2019Ajuntament de Vila-real.A continuaci\u00f3, pots gaudir de les millors fotografies d\u2019esta concetraci\u00f3n:","url":"","background_image":"","images":[],"videos":[],"links":[]},{"id":"0818df3","title":"","text":"","url":"https:\/\/villarrealcf.es\/wp-content\/uploads\/2024\/10\/20241013-Concentracion-Penas-APV-con-Marcos-Senna-004-scaled.jpg","background_image":"","images":[],"videos":[],"links":[{"url":"https:\/\/villarrealcf.es\/wp-content\/uploads\/2024\/10\/20241013-Concentracion-Penas-APV-con-Marcos-Senna-004-scaled.jpg","text":"","target":""},{"url":"https:\/\/villarrealcf.es\/wp-content\/uploads\/2024\/10\/20241013-Concentracion-Penas-APV-con-Marcos-Senna-008-scaled.jpg","text":"","target":""},{"url":"https:\/\/villarrealcf.es\/wp-content\/uploads\/2024\/10\/20241013-Concentracion-Penas-APV-con-Marcos-Senna-013-scaled.jpg","text":"","target":""},{"url":"https:\/\/villarrealcf.es\/wp-content\/uploads\/2024\/10\/20241013-Concentracion-Penas-APV-con-Marcos-Senna-019-scaled.jpg","text":"","target":""},{"url":"https:\/\/villarrealcf.es\/wp-content\/uploads\/2024\/10\/20241013-Concentracion-Penas-APV-con-Marcos-Senna-028-scaled.jpg","text":"","target":""},{"url":"https:\/\/villarrealcf.es\/wp-content\/uploads\/2024\/10\/20241013-Concentracion-Penas-APV-con-Marcos-Senna-029-scaled.jpg","text":"","target":""},{"url":"https:\/\/villarrealcf.es\/wp-content\/uploads\/2024\/10\/20241013-Concentracion-Penas-APV-con-Marcos-Senna-030-scaled.jpg","text":"","target":""},{"url":"https:\/\/villarrealcf.es\/wp-content\/uploads\/2024\/10\/IMG_20241013_112626-scaled.jpg","text":"","target":""}]}]},"excerpt":{"rendered":"Les penyes Submar\u00ed Groc i Sant Pasqual han liderat esta trobada anual entre els pe\u00f1istas groguets","protected":false},"author":25,"featured_media":324168,"comment_status":"closed","ping_status":"closed","sticky":false,"template":"","format":"standard","meta":{"_acf_changed":false,"footnotes":""},"categories":[13507],"tags":[15612,11429,717,9270,13418,9922,14027,716,9205,9627,14501,9203],"acf":null,"lang":"val","translations":{"es":324165,"val":324200,"en":324225},"essential_grid":{"has_grid":false},"formatted_date":"October 14, 2024","modified_date":"October 14, 2024","permalink":"https:\/\/villarrealcf.es\/val\/lapv-celebra-la-iii-concentracio-de-penyes-del-villarreal\/","reading_time":1,"featured_media_data":{"id":324168,"title":"penistas_apv","caption":"","alt_text":"","description":"","mime_type":"image\/jpeg","source_url":"https:\/\/villarrealcf.es\/wp-content\/uploads\/2024\/10\/penistas_apv.jpg","sizes":{"thumbnail":{"url":"https:\/\/villarrealcf.es\/wp-content\/uploads\/2024\/10\/penistas_apv.jpg","width":1920,"height":1080},"medium":{"url":"https:\/\/villarrealcf.es\/wp-content\/uploads\/2024\/10\/penistas_apv.jpg","width":1920,"height":1080},"medium_large":{"url":"https:\/\/villarrealcf.es\/wp-content\/uploads\/2024\/10\/penistas_apv-768x432.jpg","width":768,"height":432},"large":{"url":"https:\/\/villarrealcf.es\/wp-content\/uploads\/2024\/10\/penistas_apv.jpg","width":788,"height":443},"1536x1536":{"url":"https:\/\/villarrealcf.es\/wp-content\/uploads\/2024\/10\/penistas_apv-1536x864.jpg","width":1536,"height":864},"2048x2048":{"url":"https:\/\/villarrealcf.es\/wp-content\/uploads\/2024\/10\/penistas_apv.jpg","width":1920,"height":1080},"tp-image-grid":{"url":"https:\/\/villarrealcf.es\/wp-content\/uploads\/2024\/10\/penistas_apv-700x700.jpg","width":700,"height":700},"size-bunyad-medium":{"url":"https:\/\/villarrealcf.es\/wp-content\/uploads\/2024\/10\/penistas_apv.jpg","width":1920,"height":1080},"sportspress-crop-medium":{"url":"https:\/\/villarrealcf.es\/wp-content\/uploads\/2024\/10\/penistas_apv-300x300.jpg","width":300,"height":300},"sportspress-fit-medium":{"url":"https:\/\/villarrealcf.es\/wp-content\/uploads\/2024\/10\/penistas_apv-300x169.jpg","width":300,"height":169},"sportspress-fit-icon":{"url":"https:\/\/villarrealcf.es\/wp-content\/uploads\/2024\/10\/penistas_apv-128x72.jpg","width":128,"height":72},"sportspress-fit-mini":{"url":"https:\/\/villarrealcf.es\/wp-content\/uploads\/2024\/10\/penistas_apv-32x18.jpg","width":32,"height":18},"bunyad-small":{"url":"https:\/\/villarrealcf.es\/wp-content\/uploads\/2024\/10\/penistas_apv-150x84.jpg","width":150,"height":84},"bunyad-medium":{"url":"https:\/\/villarrealcf.es\/wp-content\/uploads\/2024\/10\/penistas_apv-450x253.jpg","width":450,"height":253},"bunyad-full":{"url":"https:\/\/villarrealcf.es\/wp-content\/uploads\/2024\/10\/penistas_apv-1200x675.jpg","width":1200,"height":675},"bunyad-viewport":{"url":"https:\/\/villarrealcf.es\/wp-content\/uploads\/2024\/10\/penistas_apv.jpg","width":1920,"height":1080},"bunyad-768":{"url":"https:\/\/villarrealcf.es\/wp-content\/uploads\/2024\/10\/penistas_apv-768x432.jpg","width":768,"height":432},"full":{"url":"https:\/\/villarrealcf.es\/wp-content\/uploads\/2024\/10\/penistas_apv.jpg","width":1920,"height":1080}}},"author_data":{"id":"25","name":"Javier Ayuso","first_name":"Javier","last_name":"Ayuso","description":"","avatar_url":"https:\/\/secure.gravatar.com\/avatar\/fcf8894be45988fcce5bbff0efe1790d2a7f4ba57e2c7c898f5068154e696495?s=96&d=mm&r=g","acf":null},"taxonomies_data":{"category":[{"id":13507,"name":"Fans","slug":"fans-val","acf":null}],"post_tag":[{"id":15612,"name":"Agrupaci\u00f3 de Penyes del Villarreal CF","slug":"agrupacio-de-penyes-del-villarreal-cf-val","acf":null},{"id":11429,"name":"Estadio de la Cer\u00e1mica","slug":"estadio-de-la-ceramica-val","acf":null},{"id":717,"name":"Football","slug":"football-d34","acf":null},{"id":9270,"name":"Futbol","slug":"futbol-val","acf":null},{"id":13418,"name":"Galer\u00eda Fans","slug":"galeria-fans-val","acf":null},{"id":9922,"name":"Pe\u00f1as","slug":"penas-val","acf":null},{"id":14027,"name":"Sin categorizar","slug":"sin-categorizar-val-3","acf":null},{"id":716,"name":"Soccer","slug":"soccer-d105","acf":null},{"id":9205,"name":"Submarino","slug":"submarino-val","acf":null},{"id":9627,"name":"Submarino Amarillo","slug":"submarino-amarillo-val","acf":null},{"id":14501,"name":"Vila-real","slug":"vila-real-2-val","acf":null},{"id":9203,"name":"Villarreal CF","slug":"villarreal-cf-val","acf":null}],"translation_priority":[{"id":735,"name":"Optional","slug":"optional-val","acf":null}]},"seo_full":{"native":{"title":"L&#8217;APV celebra la III Concentraci\u00f3 de Penyes del Villarreal - Web Oficial del Villarreal CF","description":"Les penyes Submar\u00ed Groc i Sant Pasqual han liderat esta trobada anual entre els pe\u00f1istas groguets","canonical":"https:\/\/villarrealcf.es\/val\/lapv-celebra-la-iii-concentracio-de-penyes-del-villarreal\/"}},"_links":{"self":[{"href":"https:\/\/villarrealcf.es\/val\/wp-json\/wp\/v2\/posts\/324200","targetHints":{"allow":["GET"]}}],"collection":[{"href":"https:\/\/villarrealcf.es\/val\/wp-json\/wp\/v2\/posts"}],"about":[{"href":"https:\/\/villarrealcf.es\/val\/wp-json\/wp\/v2\/types\/post"}],"author":[{"embeddable":true,"href":"https:\/\/villarrealcf.es\/val\/wp-json\/wp\/v2\/users\/25"}],"replies":[{"embeddable":true,"href":"https:\/\/villarrealcf.es\/val\/wp-json\/wp\/v2\/comments?post=324200"}],"version-history":[{"count":0,"href":"https:\/\/villarrealcf.es\/val\/wp-json\/wp\/v2\/posts\/324200\/revisions"}],"wp:featuredmedia":[{"embeddable":true,"href":"https:\/\/villarrealcf.es\/val\/wp-json\/wp\/v2\/media\/324168"}],"wp:attachment":[{"href":"https:\/\/villarrealcf.es\/val\/wp-json\/wp\/v2\/media?parent=324200"}],"wp:term":[{"taxonomy":"category","embeddable":true,"href":"https:\/\/villarrealcf.es\/val\/wp-json\/wp\/v2\/categories?post=324200"},{"taxonomy":"post_tag","embeddable":true,"href":"https:\/\/villarrealcf.es\/val\/wp-json\/wp\/v2\/tags?post=324200"}],"curies":[{"name":"wp","href":"https:\/\/api.w.org\/{rel}","templated":true}]}}