{"id":324088,"date":"2024-10-11T11:16:07","date_gmt":"2024-10-11T09:16:07","guid":{"rendered":"https:\/\/villarrealcf.es\/valentia-y-fiabilidad-para-seguir-ganando\/"},"modified":"2024-10-11T16:43:15","modified_gmt":"2024-10-11T14:43:15","slug":"valentia-y-fiabilidad-para-seguir-ganando","status":"publish","type":"post","link":"https:\/\/villarrealcf.es\/val\/valentia-y-fiabilidad-para-seguir-ganando\/","title":{"rendered":"Valentia i fiabilitat per a continuar guanyant"},"content":{"protected":false,"blocks":[{"type":"heading","level":2,"text":"L\u2019entrenadora del Villarreal Femen\u00ed, Virginia Garc\u00eda, augura un emocionant partit davant l\u2019acabat d\u2019ascendir Baleares FC (diumenge, 12.30 hores)"},{"type":"paragraph","text":"L\u2019entrenadora del Villarreal Femen\u00ed, Virginia Garc\u00eda, ha assegurat aquest migdia que no ser\u00e0 gens senzill sumar una nova vict\u00f2ria a la Ciutat Esportiva en el partit contra el Baleares FC que es dur\u00e0 a terme diumenge que ve (12.30 hores, Villarreal Live)."},{"type":"paragraph","text":"An\u00e0lisi del rival"},{"type":"paragraph","text":"\u201c\u00c9s un equip recentment ascendit, per\u00f2 que t\u00e9 molt bons n\u00fameros en aquest inici de temporada. Hem vist que \u00e9s un equip valent i que tracta molt b\u00e9 la pilota amb un joc associatiu. T\u00e9 una mescla de jugadores veteranes i joves que fa que siga un equip molt a tindre en compte en aquesta categoria. Ser\u00e0 un partit dif\u00edcil, per\u00f2 nosaltres hem d\u2019aprofitar que tenim dos partits a casa i venim d\u2019una vict\u00f2ria. Necessitem puntuar a casa i sentir-nos forts. En l\u00ednies generals estem sent un equip s\u00f2lid en defensa i cada vegada ens sentim amb m\u00e9s confian\u00e7a quan tenim la pilota. Les peces van encaixant. Eixirem per la vict\u00f2ria\u201d."},{"type":"paragraph","text":"Recuperant efectius"},{"type":"paragraph","text":"\u201cGaireb\u00e9 tota la plantilla est\u00e0 disponible. \u00c9s fonamental que a poc a poc recuperem a totes les jugadores. Es nota en els entrenaments i en el ritme. Disposar d\u2019una plantilla tan \u00e0mplia i competitiva ens permetr\u00e0 millorar el rendiment en els partits. Recuperem a gent de la infermeria i estem molt contentes. Despr\u00e9s de la vict\u00f2ria la din\u00e0mica \u00e9s molt positiva i l\u2019ambient \u00e9s sa. Tenim molt bones sensacions de cara al partit del diumenge\u201d."},{"type":"paragraph","text":"Balan\u00e7 de l\u2019inici de temporada"},{"type":"paragraph","text":"\u201cEl balan\u00e7 \u00e9s molt positiu. Aquest \u00e9s un projecte nou amb 15 jugadores noves. \u00c9s q\u00fcesti\u00f3 de temps que l\u2019equip vagi agafant confian\u00e7a. L\u2019inici \u00e9s molt bo, per\u00f2 aquesta lliga \u00e9s molt dif\u00edcil i hem de continuar sent regulars. A poc a poc veurem a un Villarreal fort a casa i valent quan t\u00e9 la pilota\u201d."},{"type":"paragraph","text":"Missatge a l\u2019afici\u00f3"},{"type":"paragraph","text":"\u201cAnime a l\u2019afici\u00f3 que vinga a veure\u2019ns. Necessitem el suport de la nostra gent. Les jugadores ho noten molt\u00edssim. \u00c9s un punt extra que tenim a favor quan juguem a casa\u201d"},{"type":"paragraph","text":"Roda de premsa completa de Virginia Garc\u00eda:"},{"type":"video","kind":"iframe","url":"https:\/\/www.youtube.com\/embed\/r26qQDU0PFk?feature=oembed","poster":""}],"structured":{"summary":{"text":"L\u2019entrenadora del Villarreal Femen\u00ed, Virginia Garc\u00eda, augura un emocionant partit davant l\u2019acabat d\u2019ascendir Baleares FC (diumenge, 12.30 hores) L\u2019entrenadora del Villarreal Femen\u00ed, Virginia Garc\u00eda, ha assegurat aquest migdia que no ser\u00e0 gens senzill sumar una nova vict\u00f2ria a la Ciutat Esportiva en el partit contra el Baleares FC que es dur\u00e0 a terme diumenge que ve (12.30 hores, Villarreal Live). An\u00e0lisi del rival \u201c\u00c9s un equip recentment ascendit, per\u00f2 que t\u00e9 molt bons n\u00fameros en aquest inici de temporada. Hem vist que \u00e9s un equip valent i que tracta molt b\u00e9 la pilota amb un joc associatiu. T\u00e9 una mescla de jugadores veteranes i joves que fa que siga un equip molt a tindre en compte en aquesta categoria. Ser\u00e0 un partit dif\u00edcil, per\u00f2 nosaltres hem d\u2019aprofitar que tenim dos partits a casa i venim d\u2019una vict\u00f2ria. Necessitem puntuar a casa i sentir-nos forts. En l\u00ednies generals estem sent un equip s\u00f2lid en defensa i cada vegada ens sentim amb m\u00e9s confian\u00e7a quan tenim la pilota. Les peces van encaixant. Eixirem per la vict\u00f2ria\u201d. Recuperant efectius \u201cGaireb\u00e9 tota la plantilla est\u00e0 disponible. \u00c9s fonamental que a poc a poc recuperem a totes les jugadores. Es nota en els entrenaments i en el ritme. Disposar d\u2019una plantilla tan \u00e0mplia i competitiva ens permetr\u00e0 millorar el rendiment en els partits. Recuperem a gent de la infermeria i estem molt contentes. Despr\u00e9s de la vict\u00f2ria la din\u00e0mica \u00e9s molt positiva i l\u2019ambient \u00e9s sa. Tenim molt bones sensacions de cara al partit del diumenge\u201d. Balan\u00e7 de l\u2019inici de temporada \u201cEl balan\u00e7 \u00e9s molt positiu. Aquest \u00e9s un projecte nou amb 15 jugadores noves. \u00c9s q\u00fcesti\u00f3 de temps que l\u2019equip vagi agafant confian\u00e7a. L\u2019inici \u00e9s molt bo, per\u00f2 aquesta lliga \u00e9s molt dif\u00edcil i hem de continuar sent regulars. A poc a poc veurem a un Villarreal fort a casa i valent quan t\u00e9 la pilota\u201d. Missatge a l\u2019afici\u00f3 \u201cAnime a l\u2019afici\u00f3 que vinga a veure\u2019ns. Necessitem el suport de la nostra gent. Les jugadores ho noten molt\u00edssim. \u00c9s un punt extra que tenim a favor quan juguem a casa\u201d Roda de premsa completa de Virginia Garc\u00eda:","headings":[{"type":"heading","level":2,"text":"L\u2019entrenadora del Villarreal Femen\u00ed, Virginia Garc\u00eda, augura un emocionant partit davant l\u2019acabat d\u2019ascendir Baleares FC (diumenge, 12.30 hores)"}],"buttons":[],"images":[],"counts":{"blocks":12,"headings":1,"texts":10,"buttons":0,"images":0}},"sections":[{"id":"section-1","title":"L\u2019entrenadora del Villarreal Femen\u00ed, Virginia Garc\u00eda, augura un emocionant partit davant l\u2019acabat d\u2019ascendir Baleares FC (diumenge, 12.30 hores)","text":"L\u2019entrenadora del Villarreal Femen\u00ed, Virginia Garc\u00eda, augura un emocionant partit davant l\u2019acabat d\u2019ascendir Baleares FC (diumenge, 12.30 hores) L\u2019entrenadora del Villarreal Femen\u00ed, Virginia Garc\u00eda, ha assegurat aquest migdia que no ser\u00e0 gens senzill sumar una nova vict\u00f2ria a la Ciutat Esportiva en el partit contra el Baleares FC que es dur\u00e0 a terme diumenge que ve (12.30 hores, Villarreal Live). An\u00e0lisi del rival \u201c\u00c9s un equip recentment ascendit, per\u00f2 que t\u00e9 molt bons n\u00fameros en aquest inici de temporada. Hem vist que \u00e9s un equip valent i que tracta molt b\u00e9 la pilota amb un joc associatiu. T\u00e9 una mescla de jugadores veteranes i joves que fa que siga un equip molt a tindre en compte en aquesta categoria. Ser\u00e0 un partit dif\u00edcil, per\u00f2 nosaltres hem d\u2019aprofitar que tenim dos partits a casa i venim d\u2019una vict\u00f2ria. Necessitem puntuar a casa i sentir-nos forts. En l\u00ednies generals estem sent un equip s\u00f2lid en defensa i cada vegada ens sentim amb m\u00e9s confian\u00e7a quan tenim la pilota. Les peces van encaixant. Eixirem per la vict\u00f2ria\u201d. Recuperant efectius \u201cGaireb\u00e9 tota la plantilla est\u00e0 disponible. \u00c9s fonamental que a poc a poc recuperem a totes les jugadores. Es nota en els entrenaments i en el ritme. Disposar d\u2019una plantilla tan \u00e0mplia i competitiva ens permetr\u00e0 millorar el rendiment en els partits. Recuperem a gent de la infermeria i estem molt contentes. Despr\u00e9s de la vict\u00f2ria la din\u00e0mica \u00e9s molt positiva i l\u2019ambient \u00e9s sa. Tenim molt bones sensacions de cara al partit del diumenge\u201d. Balan\u00e7 de l\u2019inici de temporada \u201cEl balan\u00e7 \u00e9s molt positiu. Aquest \u00e9s un projecte nou amb 15 jugadores noves. \u00c9s q\u00fcesti\u00f3 de temps que l\u2019equip vagi agafant confian\u00e7a. L\u2019inici \u00e9s molt bo, per\u00f2 aquesta lliga \u00e9s molt dif\u00edcil i hem de continuar sent regulars. A poc a poc veurem a un Villarreal fort a casa i valent quan t\u00e9 la pilota\u201d. Missatge a l\u2019afici\u00f3 \u201cAnime a l\u2019afici\u00f3 que vinga a veure\u2019ns. Necessitem el suport de la nostra gent. Les jugadores ho noten molt\u00edssim. \u00c9s un punt extra que tenim a favor quan juguem a casa\u201d Roda de premsa completa de Virginia Garc\u00eda:","headings":[{"type":"heading","level":2,"text":"L\u2019entrenadora del Villarreal Femen\u00ed, Virginia Garc\u00eda, augura un emocionant partit davant l\u2019acabat d\u2019ascendir Baleares FC (diumenge, 12.30 hores)"}],"texts":[{"type":"paragraph","text":"L\u2019entrenadora del Villarreal Femen\u00ed, Virginia Garc\u00eda, ha assegurat aquest migdia que no ser\u00e0 gens senzill sumar una nova vict\u00f2ria a la Ciutat Esportiva en el partit contra el Baleares FC que es dur\u00e0 a terme diumenge que ve (12.30 hores, Villarreal Live)."},{"type":"paragraph","text":"An\u00e0lisi del rival"},{"type":"paragraph","text":"\u201c\u00c9s un equip recentment ascendit, per\u00f2 que t\u00e9 molt bons n\u00fameros en aquest inici de temporada. Hem vist que \u00e9s un equip valent i que tracta molt b\u00e9 la pilota amb un joc associatiu. T\u00e9 una mescla de jugadores veteranes i joves que fa que siga un equip molt a tindre en compte en aquesta categoria. Ser\u00e0 un partit dif\u00edcil, per\u00f2 nosaltres hem d\u2019aprofitar que tenim dos partits a casa i venim d\u2019una vict\u00f2ria. Necessitem puntuar a casa i sentir-nos forts. En l\u00ednies generals estem sent un equip s\u00f2lid en defensa i cada vegada ens sentim amb m\u00e9s confian\u00e7a quan tenim la pilota. Les peces van encaixant. Eixirem per la vict\u00f2ria\u201d."},{"type":"paragraph","text":"Recuperant efectius"},{"type":"paragraph","text":"\u201cGaireb\u00e9 tota la plantilla est\u00e0 disponible. \u00c9s fonamental que a poc a poc recuperem a totes les jugadores. Es nota en els entrenaments i en el ritme. Disposar d\u2019una plantilla tan \u00e0mplia i competitiva ens permetr\u00e0 millorar el rendiment en els partits. Recuperem a gent de la infermeria i estem molt contentes. Despr\u00e9s de la vict\u00f2ria la din\u00e0mica \u00e9s molt positiva i l\u2019ambient \u00e9s sa. Tenim molt bones sensacions de cara al partit del diumenge\u201d."},{"type":"paragraph","text":"Balan\u00e7 de l\u2019inici de temporada"},{"type":"paragraph","text":"\u201cEl balan\u00e7 \u00e9s molt positiu. Aquest \u00e9s un projecte nou amb 15 jugadores noves. \u00c9s q\u00fcesti\u00f3 de temps que l\u2019equip vagi agafant confian\u00e7a. L\u2019inici \u00e9s molt bo, per\u00f2 aquesta lliga \u00e9s molt dif\u00edcil i hem de continuar sent regulars. A poc a poc veurem a un Villarreal fort a casa i valent quan t\u00e9 la pilota\u201d."},{"type":"paragraph","text":"Missatge a l\u2019afici\u00f3"},{"type":"paragraph","text":"\u201cAnime a l\u2019afici\u00f3 que vinga a veure\u2019ns. Necessitem el suport de la nostra gent. Les jugadores ho noten molt\u00edssim. \u00c9s un punt extra que tenim a favor quan juguem a casa\u201d"},{"type":"paragraph","text":"Roda de premsa completa de Virginia Garc\u00eda:"}],"buttons":[],"images":[],"widgets":[],"blocks":[{"type":"heading","level":2,"text":"L\u2019entrenadora del Villarreal Femen\u00ed, Virginia Garc\u00eda, augura un emocionant partit davant l\u2019acabat d\u2019ascendir Baleares FC (diumenge, 12.30 hores)"},{"type":"paragraph","text":"L\u2019entrenadora del Villarreal Femen\u00ed, Virginia Garc\u00eda, ha assegurat aquest migdia que no ser\u00e0 gens senzill sumar una nova vict\u00f2ria a la Ciutat Esportiva en el partit contra el Baleares FC que es dur\u00e0 a terme diumenge que ve (12.30 hores, Villarreal Live)."},{"type":"paragraph","text":"An\u00e0lisi del rival"},{"type":"paragraph","text":"\u201c\u00c9s un equip recentment ascendit, per\u00f2 que t\u00e9 molt bons n\u00fameros en aquest inici de temporada. Hem vist que \u00e9s un equip valent i que tracta molt b\u00e9 la pilota amb un joc associatiu. T\u00e9 una mescla de jugadores veteranes i joves que fa que siga un equip molt a tindre en compte en aquesta categoria. Ser\u00e0 un partit dif\u00edcil, per\u00f2 nosaltres hem d\u2019aprofitar que tenim dos partits a casa i venim d\u2019una vict\u00f2ria. Necessitem puntuar a casa i sentir-nos forts. En l\u00ednies generals estem sent un equip s\u00f2lid en defensa i cada vegada ens sentim amb m\u00e9s confian\u00e7a quan tenim la pilota. Les peces van encaixant. Eixirem per la vict\u00f2ria\u201d."},{"type":"paragraph","text":"Recuperant efectius"},{"type":"paragraph","text":"\u201cGaireb\u00e9 tota la plantilla est\u00e0 disponible. \u00c9s fonamental que a poc a poc recuperem a totes les jugadores. Es nota en els entrenaments i en el ritme. Disposar d\u2019una plantilla tan \u00e0mplia i competitiva ens permetr\u00e0 millorar el rendiment en els partits. Recuperem a gent de la infermeria i estem molt contentes. Despr\u00e9s de la vict\u00f2ria la din\u00e0mica \u00e9s molt positiva i l\u2019ambient \u00e9s sa. Tenim molt bones sensacions de cara al partit del diumenge\u201d."},{"type":"paragraph","text":"Balan\u00e7 de l\u2019inici de temporada"},{"type":"paragraph","text":"\u201cEl balan\u00e7 \u00e9s molt positiu. Aquest \u00e9s un projecte nou amb 15 jugadores noves. \u00c9s q\u00fcesti\u00f3 de temps que l\u2019equip vagi agafant confian\u00e7a. L\u2019inici \u00e9s molt bo, per\u00f2 aquesta lliga \u00e9s molt dif\u00edcil i hem de continuar sent regulars. A poc a poc veurem a un Villarreal fort a casa i valent quan t\u00e9 la pilota\u201d."},{"type":"paragraph","text":"Missatge a l\u2019afici\u00f3"},{"type":"paragraph","text":"\u201cAnime a l\u2019afici\u00f3 que vinga a veure\u2019ns. Necessitem el suport de la nostra gent. Les jugadores ho noten molt\u00edssim. \u00c9s un punt extra que tenim a favor quan juguem a casa\u201d"},{"type":"paragraph","text":"Roda de premsa completa de Virginia Garc\u00eda:"},{"type":"video","kind":"iframe","url":"https:\/\/www.youtube.com\/embed\/r26qQDU0PFk?feature=oembed","poster":""}]}],"hero":{"id":"section-1","title":"L\u2019entrenadora del Villarreal Femen\u00ed, Virginia Garc\u00eda, augura un emocionant partit davant l\u2019acabat d\u2019ascendir Baleares FC (diumenge, 12.30 hores)","text":"L\u2019entrenadora del Villarreal Femen\u00ed, Virginia Garc\u00eda, augura un emocionant partit davant l\u2019acabat d\u2019ascendir Baleares FC (diumenge, 12.30 hores) L\u2019entrenadora del Villarreal Femen\u00ed, Virginia Garc\u00eda, ha assegurat aquest migdia que no ser\u00e0 gens senzill sumar una nova vict\u00f2ria a la Ciutat Esportiva en el partit contra el Baleares FC que es dur\u00e0 a terme diumenge que ve (12.30 hores, Villarreal Live). An\u00e0lisi del rival \u201c\u00c9s un equip recentment ascendit, per\u00f2 que t\u00e9 molt bons n\u00fameros en aquest inici de temporada. Hem vist que \u00e9s un equip valent i que tracta molt b\u00e9 la pilota amb un joc associatiu. T\u00e9 una mescla de jugadores veteranes i joves que fa que siga un equip molt a tindre en compte en aquesta categoria. Ser\u00e0 un partit dif\u00edcil, per\u00f2 nosaltres hem d\u2019aprofitar que tenim dos partits a casa i venim d\u2019una vict\u00f2ria. Necessitem puntuar a casa i sentir-nos forts. En l\u00ednies generals estem sent un equip s\u00f2lid en defensa i cada vegada ens sentim amb m\u00e9s confian\u00e7a quan tenim la pilota. Les peces van encaixant. Eixirem per la vict\u00f2ria\u201d. Recuperant efectius \u201cGaireb\u00e9 tota la plantilla est\u00e0 disponible. \u00c9s fonamental que a poc a poc recuperem a totes les jugadores. Es nota en els entrenaments i en el ritme. Disposar d\u2019una plantilla tan \u00e0mplia i competitiva ens permetr\u00e0 millorar el rendiment en els partits. Recuperem a gent de la infermeria i estem molt contentes. Despr\u00e9s de la vict\u00f2ria la din\u00e0mica \u00e9s molt positiva i l\u2019ambient \u00e9s sa. Tenim molt bones sensacions de cara al partit del diumenge\u201d. Balan\u00e7 de l\u2019inici de temporada \u201cEl balan\u00e7 \u00e9s molt positiu. Aquest \u00e9s un projecte nou amb 15 jugadores noves. \u00c9s q\u00fcesti\u00f3 de temps que l\u2019equip vagi agafant confian\u00e7a. L\u2019inici \u00e9s molt bo, per\u00f2 aquesta lliga \u00e9s molt dif\u00edcil i hem de continuar sent regulars. A poc a poc veurem a un Villarreal fort a casa i valent quan t\u00e9 la pilota\u201d. Missatge a l\u2019afici\u00f3 \u201cAnime a l\u2019afici\u00f3 que vinga a veure\u2019ns. Necessitem el suport de la nostra gent. Les jugadores ho noten molt\u00edssim. \u00c9s un punt extra que tenim a favor quan juguem a casa\u201d Roda de premsa completa de Virginia Garc\u00eda:","headings":[{"type":"heading","level":2,"text":"L\u2019entrenadora del Villarreal Femen\u00ed, Virginia Garc\u00eda, augura un emocionant partit davant l\u2019acabat d\u2019ascendir Baleares FC (diumenge, 12.30 hores)"}],"texts":[{"type":"paragraph","text":"L\u2019entrenadora del Villarreal Femen\u00ed, Virginia Garc\u00eda, ha assegurat aquest migdia que no ser\u00e0 gens senzill sumar una nova vict\u00f2ria a la Ciutat Esportiva en el partit contra el Baleares FC que es dur\u00e0 a terme diumenge que ve (12.30 hores, Villarreal Live)."},{"type":"paragraph","text":"An\u00e0lisi del rival"},{"type":"paragraph","text":"\u201c\u00c9s un equip recentment ascendit, per\u00f2 que t\u00e9 molt bons n\u00fameros en aquest inici de temporada. Hem vist que \u00e9s un equip valent i que tracta molt b\u00e9 la pilota amb un joc associatiu. T\u00e9 una mescla de jugadores veteranes i joves que fa que siga un equip molt a tindre en compte en aquesta categoria. Ser\u00e0 un partit dif\u00edcil, per\u00f2 nosaltres hem d\u2019aprofitar que tenim dos partits a casa i venim d\u2019una vict\u00f2ria. Necessitem puntuar a casa i sentir-nos forts. En l\u00ednies generals estem sent un equip s\u00f2lid en defensa i cada vegada ens sentim amb m\u00e9s confian\u00e7a quan tenim la pilota. Les peces van encaixant. Eixirem per la vict\u00f2ria\u201d."},{"type":"paragraph","text":"Recuperant efectius"},{"type":"paragraph","text":"\u201cGaireb\u00e9 tota la plantilla est\u00e0 disponible. \u00c9s fonamental que a poc a poc recuperem a totes les jugadores. Es nota en els entrenaments i en el ritme. Disposar d\u2019una plantilla tan \u00e0mplia i competitiva ens permetr\u00e0 millorar el rendiment en els partits. Recuperem a gent de la infermeria i estem molt contentes. Despr\u00e9s de la vict\u00f2ria la din\u00e0mica \u00e9s molt positiva i l\u2019ambient \u00e9s sa. Tenim molt bones sensacions de cara al partit del diumenge\u201d."},{"type":"paragraph","text":"Balan\u00e7 de l\u2019inici de temporada"},{"type":"paragraph","text":"\u201cEl balan\u00e7 \u00e9s molt positiu. Aquest \u00e9s un projecte nou amb 15 jugadores noves. \u00c9s q\u00fcesti\u00f3 de temps que l\u2019equip vagi agafant confian\u00e7a. L\u2019inici \u00e9s molt bo, per\u00f2 aquesta lliga \u00e9s molt dif\u00edcil i hem de continuar sent regulars. A poc a poc veurem a un Villarreal fort a casa i valent quan t\u00e9 la pilota\u201d."},{"type":"paragraph","text":"Missatge a l\u2019afici\u00f3"},{"type":"paragraph","text":"\u201cAnime a l\u2019afici\u00f3 que vinga a veure\u2019ns. Necessitem el suport de la nostra gent. Les jugadores ho noten molt\u00edssim. \u00c9s un punt extra que tenim a favor quan juguem a casa\u201d"},{"type":"paragraph","text":"Roda de premsa completa de Virginia Garc\u00eda:"}],"buttons":[],"images":[],"widgets":[],"blocks":[{"type":"heading","level":2,"text":"L\u2019entrenadora del Villarreal Femen\u00ed, Virginia Garc\u00eda, augura un emocionant partit davant l\u2019acabat d\u2019ascendir Baleares FC (diumenge, 12.30 hores)"},{"type":"paragraph","text":"L\u2019entrenadora del Villarreal Femen\u00ed, Virginia Garc\u00eda, ha assegurat aquest migdia que no ser\u00e0 gens senzill sumar una nova vict\u00f2ria a la Ciutat Esportiva en el partit contra el Baleares FC que es dur\u00e0 a terme diumenge que ve (12.30 hores, Villarreal Live)."},{"type":"paragraph","text":"An\u00e0lisi del rival"},{"type":"paragraph","text":"\u201c\u00c9s un equip recentment ascendit, per\u00f2 que t\u00e9 molt bons n\u00fameros en aquest inici de temporada. Hem vist que \u00e9s un equip valent i que tracta molt b\u00e9 la pilota amb un joc associatiu. T\u00e9 una mescla de jugadores veteranes i joves que fa que siga un equip molt a tindre en compte en aquesta categoria. Ser\u00e0 un partit dif\u00edcil, per\u00f2 nosaltres hem d\u2019aprofitar que tenim dos partits a casa i venim d\u2019una vict\u00f2ria. Necessitem puntuar a casa i sentir-nos forts. En l\u00ednies generals estem sent un equip s\u00f2lid en defensa i cada vegada ens sentim amb m\u00e9s confian\u00e7a quan tenim la pilota. Les peces van encaixant. Eixirem per la vict\u00f2ria\u201d."},{"type":"paragraph","text":"Recuperant efectius"},{"type":"paragraph","text":"\u201cGaireb\u00e9 tota la plantilla est\u00e0 disponible. \u00c9s fonamental que a poc a poc recuperem a totes les jugadores. Es nota en els entrenaments i en el ritme. Disposar d\u2019una plantilla tan \u00e0mplia i competitiva ens permetr\u00e0 millorar el rendiment en els partits. Recuperem a gent de la infermeria i estem molt contentes. Despr\u00e9s de la vict\u00f2ria la din\u00e0mica \u00e9s molt positiva i l\u2019ambient \u00e9s sa. Tenim molt bones sensacions de cara al partit del diumenge\u201d."},{"type":"paragraph","text":"Balan\u00e7 de l\u2019inici de temporada"},{"type":"paragraph","text":"\u201cEl balan\u00e7 \u00e9s molt positiu. Aquest \u00e9s un projecte nou amb 15 jugadores noves. \u00c9s q\u00fcesti\u00f3 de temps que l\u2019equip vagi agafant confian\u00e7a. L\u2019inici \u00e9s molt bo, per\u00f2 aquesta lliga \u00e9s molt dif\u00edcil i hem de continuar sent regulars. A poc a poc veurem a un Villarreal fort a casa i valent quan t\u00e9 la pilota\u201d."},{"type":"paragraph","text":"Missatge a l\u2019afici\u00f3"},{"type":"paragraph","text":"\u201cAnime a l\u2019afici\u00f3 que vinga a veure\u2019ns. Necessitem el suport de la nostra gent. Les jugadores ho noten molt\u00edssim. \u00c9s un punt extra que tenim a favor quan juguem a casa\u201d"},{"type":"paragraph","text":"Roda de premsa completa de Virginia Garc\u00eda:"},{"type":"video","kind":"iframe","url":"https:\/\/www.youtube.com\/embed\/r26qQDU0PFk?feature=oembed","poster":""}]}},"sections":[{"id":"section-1","title":"L\u2019entrenadora del Villarreal Femen\u00ed, Virginia Garc\u00eda, augura un emocionant partit davant l\u2019acabat d\u2019ascendir Baleares FC (diumenge, 12.30 hores)","text":"L\u2019entrenadora del Villarreal Femen\u00ed, Virginia Garc\u00eda, augura un emocionant partit davant l\u2019acabat d\u2019ascendir Baleares FC (diumenge, 12.30 hores) L\u2019entrenadora del Villarreal Femen\u00ed, Virginia Garc\u00eda, ha assegurat aquest migdia que no ser\u00e0 gens senzill sumar una nova vict\u00f2ria a la Ciutat Esportiva en el partit contra el Baleares FC que es dur\u00e0 a terme diumenge que ve (12.30 hores, Villarreal Live). An\u00e0lisi del rival \u201c\u00c9s un equip recentment ascendit, per\u00f2 que t\u00e9 molt bons n\u00fameros en aquest inici de temporada. Hem vist que \u00e9s un equip valent i que tracta molt b\u00e9 la pilota amb un joc associatiu. T\u00e9 una mescla de jugadores veteranes i joves que fa que siga un equip molt a tindre en compte en aquesta categoria. Ser\u00e0 un partit dif\u00edcil, per\u00f2 nosaltres hem d\u2019aprofitar que tenim dos partits a casa i venim d\u2019una vict\u00f2ria. Necessitem puntuar a casa i sentir-nos forts. En l\u00ednies generals estem sent un equip s\u00f2lid en defensa i cada vegada ens sentim amb m\u00e9s confian\u00e7a quan tenim la pilota. Les peces van encaixant. Eixirem per la vict\u00f2ria\u201d. Recuperant efectius \u201cGaireb\u00e9 tota la plantilla est\u00e0 disponible. \u00c9s fonamental que a poc a poc recuperem a totes les jugadores. Es nota en els entrenaments i en el ritme. Disposar d\u2019una plantilla tan \u00e0mplia i competitiva ens permetr\u00e0 millorar el rendiment en els partits. Recuperem a gent de la infermeria i estem molt contentes. Despr\u00e9s de la vict\u00f2ria la din\u00e0mica \u00e9s molt positiva i l\u2019ambient \u00e9s sa. Tenim molt bones sensacions de cara al partit del diumenge\u201d. Balan\u00e7 de l\u2019inici de temporada \u201cEl balan\u00e7 \u00e9s molt positiu. Aquest \u00e9s un projecte nou amb 15 jugadores noves. \u00c9s q\u00fcesti\u00f3 de temps que l\u2019equip vagi agafant confian\u00e7a. L\u2019inici \u00e9s molt bo, per\u00f2 aquesta lliga \u00e9s molt dif\u00edcil i hem de continuar sent regulars. A poc a poc veurem a un Villarreal fort a casa i valent quan t\u00e9 la pilota\u201d. Missatge a l\u2019afici\u00f3 \u201cAnime a l\u2019afici\u00f3 que vinga a veure\u2019ns. Necessitem el suport de la nostra gent. Les jugadores ho noten molt\u00edssim. \u00c9s un punt extra que tenim a favor quan juguem a casa\u201d Roda de premsa completa de Virginia Garc\u00eda:","url":"","background_image":"","images":[],"videos":[{"type":"video","kind":"iframe","url":"https:\/\/www.youtube.com\/embed\/r26qQDU0PFk?feature=oembed","poster":""}],"links":[]}]},"excerpt":{"rendered":"L&#8217;entrenadora del Villarreal Femen\u00ed, Virginia Garc\u00eda, augura un emocionant partit davant l&#8217;acabat d&#8217;ascendir Baleares FC (diumenge, 12.30 hores)","protected":false},"author":23,"featured_media":324061,"comment_status":"closed","ping_status":"closed","sticky":false,"template":"","format":"standard","meta":{"_acf_changed":false,"footnotes":""},"categories":[13785],"tags":[9742,14361,717,9270,10229,9283,9680,716,9205,9627,9203,12685,15997],"acf":null,"lang":"val","translations":{"es":324057,"val":324088,"en":324090},"essential_grid":{"has_grid":false},"formatted_date":"October 11, 2024","modified_date":"October 11, 2024","permalink":"https:\/\/villarrealcf.es\/val\/valentia-y-fiabilidad-para-seguir-ganando\/","reading_time":2,"featured_media_data":{"id":324061,"title":"20240902-EntrenamientoFemenino-069","caption":"","alt_text":"","description":"","mime_type":"image\/jpeg","source_url":"https:\/\/villarrealcf.es\/wp-content\/uploads\/2024\/10\/20240902-EntrenamientoFemenino-069.jpg","sizes":{"thumbnail":{"url":"https:\/\/villarrealcf.es\/wp-content\/uploads\/2024\/10\/20240902-EntrenamientoFemenino-069-1920x1080.jpg","width":1920,"height":1080},"medium":{"url":"https:\/\/villarrealcf.es\/wp-content\/uploads\/2024\/10\/20240902-EntrenamientoFemenino-069-1920x1080.jpg","width":1920,"height":1080},"medium_large":{"url":"https:\/\/villarrealcf.es\/wp-content\/uploads\/2024\/10\/20240902-EntrenamientoFemenino-069-768x432.jpg","width":768,"height":432},"large":{"url":"https:\/\/villarrealcf.es\/wp-content\/uploads\/2024\/10\/20240902-EntrenamientoFemenino-069-1920x1080.jpg","width":788,"height":443},"1536x1536":{"url":"https:\/\/villarrealcf.es\/wp-content\/uploads\/2024\/10\/20240902-EntrenamientoFemenino-069-1536x864.jpg","width":1536,"height":864},"2048x2048":{"url":"https:\/\/villarrealcf.es\/wp-content\/uploads\/2024\/10\/20240902-EntrenamientoFemenino-069-2048x1152.jpg","width":2048,"height":1152},"tp-image-grid":{"url":"https:\/\/villarrealcf.es\/wp-content\/uploads\/2024\/10\/20240902-EntrenamientoFemenino-069-700x700.jpg","width":700,"height":700},"size-bunyad-medium":{"url":"https:\/\/villarrealcf.es\/wp-content\/uploads\/2024\/10\/20240902-EntrenamientoFemenino-069-1920x1080.jpg","width":1920,"height":1080},"sportspress-crop-medium":{"url":"https:\/\/villarrealcf.es\/wp-content\/uploads\/2024\/10\/20240902-EntrenamientoFemenino-069-300x300.jpg","width":300,"height":300},"sportspress-fit-medium":{"url":"https:\/\/villarrealcf.es\/wp-content\/uploads\/2024\/10\/20240902-EntrenamientoFemenino-069-300x169.jpg","width":300,"height":169},"sportspress-fit-icon":{"url":"https:\/\/villarrealcf.es\/wp-content\/uploads\/2024\/10\/20240902-EntrenamientoFemenino-069-128x72.jpg","width":128,"height":72},"sportspress-fit-mini":{"url":"https:\/\/villarrealcf.es\/wp-content\/uploads\/2024\/10\/20240902-EntrenamientoFemenino-069-32x18.jpg","width":32,"height":18},"bunyad-small":{"url":"https:\/\/villarrealcf.es\/wp-content\/uploads\/2024\/10\/20240902-EntrenamientoFemenino-069-150x84.jpg","width":150,"height":84},"bunyad-medium":{"url":"https:\/\/villarrealcf.es\/wp-content\/uploads\/2024\/10\/20240902-EntrenamientoFemenino-069-450x253.jpg","width":450,"height":253},"bunyad-full":{"url":"https:\/\/villarrealcf.es\/wp-content\/uploads\/2024\/10\/20240902-EntrenamientoFemenino-069-1200x675.jpg","width":1200,"height":675},"bunyad-viewport":{"url":"https:\/\/villarrealcf.es\/wp-content\/uploads\/2024\/10\/20240902-EntrenamientoFemenino-069-2048x1152.jpg","width":2048,"height":1152},"bunyad-768":{"url":"https:\/\/villarrealcf.es\/wp-content\/uploads\/2024\/10\/20240902-EntrenamientoFemenino-069-768x432.jpg","width":768,"height":432},"full":{"url":"https:\/\/villarrealcf.es\/wp-content\/uploads\/2024\/10\/20240902-EntrenamientoFemenino-069.jpg","width":2357,"height":1326}}},"author_data":{"id":"23","name":"Fran Segovia","first_name":"Fran","last_name":"Segovia","description":"","avatar_url":"https:\/\/secure.gravatar.com\/avatar\/9ec849b3b9cb451091f0a96d7943b1c6be26a8d6fd3b94d5b5bfd496b2536c42?s=96&d=mm&r=g","acf":null},"taxonomies_data":{"category":[{"id":13785,"name":"Futbol Femen\u00ed","slug":"futbol-femenino-val","acf":null}],"post_tag":[{"id":9742,"name":"Atl\u00e9tico Baleares","slug":"atletico-baleares-val","acf":null},{"id":14361,"name":"Ciudad Deportiva Jos\u00e9 Manuel Llaneza","slug":"ciudad-deportiva-jose-manuel-llaneza-2-val","acf":null},{"id":717,"name":"Football","slug":"football-d34","acf":null},{"id":9270,"name":"Futbol","slug":"futbol-val","acf":null},{"id":10229,"name":"Jornada 6","slug":"jornada-6-val","acf":null},{"id":9283,"name":"previa","slug":"previa-val","acf":null},{"id":9680,"name":"Rueda de prensa","slug":"rueda-de-prensa-val","acf":null},{"id":716,"name":"Soccer","slug":"soccer-d105","acf":null},{"id":9205,"name":"Submarino","slug":"submarino-val","acf":null},{"id":9627,"name":"Submarino Amarillo","slug":"submarino-amarillo-val","acf":null},{"id":9203,"name":"Villarreal CF","slug":"villarreal-cf-val","acf":null},{"id":12685,"name":"Villarreal Femenino","slug":"villarreal-femenino-val","acf":null},{"id":15997,"name":"Virginia Garc\u00eda","slug":"virginia-garcia-val","acf":null}],"translation_priority":[{"id":735,"name":"Optional","slug":"optional-val","acf":null}]},"seo_full":{"native":{"title":"Valentia i fiabilitat per a continuar guanyant - Web Oficial del Villarreal CF","description":"L'entrenadora del Villarreal Femen\u00ed, Virginia Garc\u00eda, augura un emocionant partit davant l'acabat d'ascendir Baleares FC (diumenge, 12.30 hores)","canonical":"https:\/\/villarrealcf.es\/val\/valentia-y-fiabilidad-para-seguir-ganando\/"}},"_links":{"self":[{"href":"https:\/\/villarrealcf.es\/val\/wp-json\/wp\/v2\/posts\/324088","targetHints":{"allow":["GET"]}}],"collection":[{"href":"https:\/\/villarrealcf.es\/val\/wp-json\/wp\/v2\/posts"}],"about":[{"href":"https:\/\/villarrealcf.es\/val\/wp-json\/wp\/v2\/types\/post"}],"author":[{"embeddable":true,"href":"https:\/\/villarrealcf.es\/val\/wp-json\/wp\/v2\/users\/23"}],"replies":[{"embeddable":true,"href":"https:\/\/villarrealcf.es\/val\/wp-json\/wp\/v2\/comments?post=324088"}],"version-history":[{"count":0,"href":"https:\/\/villarrealcf.es\/val\/wp-json\/wp\/v2\/posts\/324088\/revisions"}],"wp:featuredmedia":[{"embeddable":true,"href":"https:\/\/villarrealcf.es\/val\/wp-json\/wp\/v2\/media\/324061"}],"wp:attachment":[{"href":"https:\/\/villarrealcf.es\/val\/wp-json\/wp\/v2\/media?parent=324088"}],"wp:term":[{"taxonomy":"category","embeddable":true,"href":"https:\/\/villarrealcf.es\/val\/wp-json\/wp\/v2\/categories?post=324088"},{"taxonomy":"post_tag","embeddable":true,"href":"https:\/\/villarrealcf.es\/val\/wp-json\/wp\/v2\/tags?post=324088"}],"curies":[{"name":"wp","href":"https:\/\/api.w.org\/{rel}","templated":true}]}}