{"id":324038,"date":"2024-10-10T13:42:04","date_gmt":"2024-10-10T11:42:04","guid":{"rendered":"https:\/\/villarrealcf.es\/la-ud-poblense-primer-rival-en-copa-del-rey\/"},"modified":"2024-10-14T15:22:01","modified_gmt":"2024-10-14T13:22:01","slug":"la-ud-poblense-primer-rival-en-copa-del-rei","status":"publish","type":"post","link":"https:\/\/villarrealcf.es\/val\/la-ud-poblense-primer-rival-en-copa-del-rei\/","title":{"rendered":"La UD Poblense, primer rival en Copa del Rey"},"content":{"protected":false,"blocks":[{"type":"heading","level":2,"text":"L\u2019eliminat\u00f2ria es jugar\u00e0 a partit \u00fanic en terres balears el 29 d\u2019octubre a les 21.00h"},{"type":"paragraph","text":"El Villarreal CF ja coneix al seu primer rival en la Copa del Rey. El Submar\u00ed s\u2019enfrontar\u00e0 a la UD Poblense, del Grup XI de la Tercera Divisi\u00f3 RFEF, en primera eliminat\u00f2ria del torneig del \u2018KO\u2019 despr\u00e9s del sorteig celebrat aquest dijous a la Ciutat del Futbol de Las Rozas."},{"type":"paragraph","text":"L\u2019eliminat\u00f2ria se celebrar\u00e0 a partit \u00fanic en el Nou Camp de Sa Pobla el dimarts 29 d\u2019octubre, a les 21.00 hores."}],"structured":{"summary":{"text":"L\u2019eliminat\u00f2ria es jugar\u00e0 a partit \u00fanic en terres balears el 29 d\u2019octubre a les 21.00h El Villarreal CF ja coneix al seu primer rival en la Copa del Rey. El Submar\u00ed s\u2019enfrontar\u00e0 a la UD Poblense, del Grup XI de la Tercera Divisi\u00f3 RFEF, en primera eliminat\u00f2ria del torneig del \u2018KO\u2019 despr\u00e9s del sorteig celebrat aquest dijous a la Ciutat del Futbol de Las Rozas. L\u2019eliminat\u00f2ria se celebrar\u00e0 a partit \u00fanic en el Nou Camp de Sa Pobla el dimarts 29 d\u2019octubre, a les 21.00 hores.","headings":[{"type":"heading","level":2,"text":"L\u2019eliminat\u00f2ria es jugar\u00e0 a partit \u00fanic en terres balears el 29 d\u2019octubre a les 21.00h"}],"buttons":[],"images":[],"counts":{"blocks":3,"headings":1,"texts":2,"buttons":0,"images":0}},"sections":[{"id":"section-1","title":"L\u2019eliminat\u00f2ria es jugar\u00e0 a partit \u00fanic en terres balears el 29 d\u2019octubre a les 21.00h","text":"L\u2019eliminat\u00f2ria es jugar\u00e0 a partit \u00fanic en terres balears el 29 d\u2019octubre a les 21.00h El Villarreal CF ja coneix al seu primer rival en la Copa del Rey. El Submar\u00ed s\u2019enfrontar\u00e0 a la UD Poblense, del Grup XI de la Tercera Divisi\u00f3 RFEF, en primera eliminat\u00f2ria del torneig del \u2018KO\u2019 despr\u00e9s del sorteig celebrat aquest dijous a la Ciutat del Futbol de Las Rozas. L\u2019eliminat\u00f2ria se celebrar\u00e0 a partit \u00fanic en el Nou Camp de Sa Pobla el dimarts 29 d\u2019octubre, a les 21.00 hores.","headings":[{"type":"heading","level":2,"text":"L\u2019eliminat\u00f2ria es jugar\u00e0 a partit \u00fanic en terres balears el 29 d\u2019octubre a les 21.00h"}],"texts":[{"type":"paragraph","text":"El Villarreal CF ja coneix al seu primer rival en la Copa del Rey. El Submar\u00ed s\u2019enfrontar\u00e0 a la UD Poblense, del Grup XI de la Tercera Divisi\u00f3 RFEF, en primera eliminat\u00f2ria del torneig del \u2018KO\u2019 despr\u00e9s del sorteig celebrat aquest dijous a la Ciutat del Futbol de Las Rozas."},{"type":"paragraph","text":"L\u2019eliminat\u00f2ria se celebrar\u00e0 a partit \u00fanic en el Nou Camp de Sa Pobla el dimarts 29 d\u2019octubre, a les 21.00 hores."}],"buttons":[],"images":[],"widgets":[],"blocks":[{"type":"heading","level":2,"text":"L\u2019eliminat\u00f2ria es jugar\u00e0 a partit \u00fanic en terres balears el 29 d\u2019octubre a les 21.00h"},{"type":"paragraph","text":"El Villarreal CF ja coneix al seu primer rival en la Copa del Rey. El Submar\u00ed s\u2019enfrontar\u00e0 a la UD Poblense, del Grup XI de la Tercera Divisi\u00f3 RFEF, en primera eliminat\u00f2ria del torneig del \u2018KO\u2019 despr\u00e9s del sorteig celebrat aquest dijous a la Ciutat del Futbol de Las Rozas."},{"type":"paragraph","text":"L\u2019eliminat\u00f2ria se celebrar\u00e0 a partit \u00fanic en el Nou Camp de Sa Pobla el dimarts 29 d\u2019octubre, a les 21.00 hores."}]}],"hero":{"id":"section-1","title":"L\u2019eliminat\u00f2ria es jugar\u00e0 a partit \u00fanic en terres balears el 29 d\u2019octubre a les 21.00h","text":"L\u2019eliminat\u00f2ria es jugar\u00e0 a partit \u00fanic en terres balears el 29 d\u2019octubre a les 21.00h El Villarreal CF ja coneix al seu primer rival en la Copa del Rey. El Submar\u00ed s\u2019enfrontar\u00e0 a la UD Poblense, del Grup XI de la Tercera Divisi\u00f3 RFEF, en primera eliminat\u00f2ria del torneig del \u2018KO\u2019 despr\u00e9s del sorteig celebrat aquest dijous a la Ciutat del Futbol de Las Rozas. L\u2019eliminat\u00f2ria se celebrar\u00e0 a partit \u00fanic en el Nou Camp de Sa Pobla el dimarts 29 d\u2019octubre, a les 21.00 hores.","headings":[{"type":"heading","level":2,"text":"L\u2019eliminat\u00f2ria es jugar\u00e0 a partit \u00fanic en terres balears el 29 d\u2019octubre a les 21.00h"}],"texts":[{"type":"paragraph","text":"El Villarreal CF ja coneix al seu primer rival en la Copa del Rey. El Submar\u00ed s\u2019enfrontar\u00e0 a la UD Poblense, del Grup XI de la Tercera Divisi\u00f3 RFEF, en primera eliminat\u00f2ria del torneig del \u2018KO\u2019 despr\u00e9s del sorteig celebrat aquest dijous a la Ciutat del Futbol de Las Rozas."},{"type":"paragraph","text":"L\u2019eliminat\u00f2ria se celebrar\u00e0 a partit \u00fanic en el Nou Camp de Sa Pobla el dimarts 29 d\u2019octubre, a les 21.00 hores."}],"buttons":[],"images":[],"widgets":[],"blocks":[{"type":"heading","level":2,"text":"L\u2019eliminat\u00f2ria es jugar\u00e0 a partit \u00fanic en terres balears el 29 d\u2019octubre a les 21.00h"},{"type":"paragraph","text":"El Villarreal CF ja coneix al seu primer rival en la Copa del Rey. El Submar\u00ed s\u2019enfrontar\u00e0 a la UD Poblense, del Grup XI de la Tercera Divisi\u00f3 RFEF, en primera eliminat\u00f2ria del torneig del \u2018KO\u2019 despr\u00e9s del sorteig celebrat aquest dijous a la Ciutat del Futbol de Las Rozas."},{"type":"paragraph","text":"L\u2019eliminat\u00f2ria se celebrar\u00e0 a partit \u00fanic en el Nou Camp de Sa Pobla el dimarts 29 d\u2019octubre, a les 21.00 hores."}]}},"sections":[{"id":"section-1","title":"L\u2019eliminat\u00f2ria es jugar\u00e0 a partit \u00fanic en terres balears el 29 d\u2019octubre a les 21.00h","text":"L\u2019eliminat\u00f2ria es jugar\u00e0 a partit \u00fanic en terres balears el 29 d\u2019octubre a les 21.00h El Villarreal CF ja coneix al seu primer rival en la Copa del Rey. El Submar\u00ed s\u2019enfrontar\u00e0 a la UD Poblense, del Grup XI de la Tercera Divisi\u00f3 RFEF, en primera eliminat\u00f2ria del torneig del \u2018KO\u2019 despr\u00e9s del sorteig celebrat aquest dijous a la Ciutat del Futbol de Las Rozas. L\u2019eliminat\u00f2ria se celebrar\u00e0 a partit \u00fanic en el Nou Camp de Sa Pobla el dimarts 29 d\u2019octubre, a les 21.00 hores.","url":"","background_image":"","images":[],"videos":[],"links":[]}]},"excerpt":{"rendered":"L&#8217;eliminat\u00f2ria es jugar\u00e0 a partit \u00fanic en terres balears del 29 al 31 d&#8217;octubre","protected":false},"author":29,"featured_media":324034,"comment_status":"closed","ping_status":"closed","sticky":false,"template":"","format":"standard","meta":{"_acf_changed":false,"footnotes":""},"categories":[13493],"tags":[9250,717,13555,9278,716,9205,13556,9203],"acf":null,"lang":"val","translations":{"es":324000,"en":324037,"val":324038},"essential_grid":{"has_grid":false},"formatted_date":"October 10, 2024","modified_date":"October 14, 2024","permalink":"https:\/\/villarrealcf.es\/val\/la-ud-poblense-primer-rival-en-copa-del-rei\/","reading_time":1,"featured_media_data":{"id":324034,"title":"PAREJO PENALTI GOL\r\rCELEBRACION\r\rVILLARREAL-CELTA","caption":"PAREJO PENALTI GOL\r\rCELEBRACION\r\rVILLARREAL-CELTA","alt_text":"","description":"","mime_type":"image\/jpeg","source_url":"https:\/\/villarrealcf.es\/wp-content\/uploads\/2024\/10\/VillarrealCF-RCCeltaVigo-243-ok.jpg","sizes":{"thumbnail":{"url":"https:\/\/villarrealcf.es\/wp-content\/uploads\/2024\/10\/VillarrealCF-RCCeltaVigo-243-ok.jpg","width":1920,"height":1079},"medium":{"url":"https:\/\/villarrealcf.es\/wp-content\/uploads\/2024\/10\/VillarrealCF-RCCeltaVigo-243-ok.jpg","width":1920,"height":1079},"medium_large":{"url":"https:\/\/villarrealcf.es\/wp-content\/uploads\/2024\/10\/VillarrealCF-RCCeltaVigo-243-ok-768x432.jpg","width":768,"height":432},"large":{"url":"https:\/\/villarrealcf.es\/wp-content\/uploads\/2024\/10\/VillarrealCF-RCCeltaVigo-243-ok.jpg","width":788,"height":443},"1536x1536":{"url":"https:\/\/villarrealcf.es\/wp-content\/uploads\/2024\/10\/VillarrealCF-RCCeltaVigo-243-ok-1536x863.jpg","width":1536,"height":863},"2048x2048":{"url":"https:\/\/villarrealcf.es\/wp-content\/uploads\/2024\/10\/VillarrealCF-RCCeltaVigo-243-ok.jpg","width":1920,"height":1079},"tp-image-grid":{"url":"https:\/\/villarrealcf.es\/wp-content\/uploads\/2024\/10\/VillarrealCF-RCCeltaVigo-243-ok-700x700.jpg","width":700,"height":700},"size-bunyad-medium":{"url":"https:\/\/villarrealcf.es\/wp-content\/uploads\/2024\/10\/VillarrealCF-RCCeltaVigo-243-ok.jpg","width":1920,"height":1079},"sportspress-crop-medium":{"url":"https:\/\/villarrealcf.es\/wp-content\/uploads\/2024\/10\/VillarrealCF-RCCeltaVigo-243-ok-300x300.jpg","width":300,"height":300},"sportspress-fit-medium":{"url":"https:\/\/villarrealcf.es\/wp-content\/uploads\/2024\/10\/VillarrealCF-RCCeltaVigo-243-ok-300x169.jpg","width":300,"height":169},"sportspress-fit-icon":{"url":"https:\/\/villarrealcf.es\/wp-content\/uploads\/2024\/10\/VillarrealCF-RCCeltaVigo-243-ok-128x72.jpg","width":128,"height":72},"sportspress-fit-mini":{"url":"https:\/\/villarrealcf.es\/wp-content\/uploads\/2024\/10\/VillarrealCF-RCCeltaVigo-243-ok-32x18.jpg","width":32,"height":18},"bunyad-small":{"url":"https:\/\/villarrealcf.es\/wp-content\/uploads\/2024\/10\/VillarrealCF-RCCeltaVigo-243-ok-150x84.jpg","width":150,"height":84},"bunyad-medium":{"url":"https:\/\/villarrealcf.es\/wp-content\/uploads\/2024\/10\/VillarrealCF-RCCeltaVigo-243-ok-450x253.jpg","width":450,"height":253},"bunyad-full":{"url":"https:\/\/villarrealcf.es\/wp-content\/uploads\/2024\/10\/VillarrealCF-RCCeltaVigo-243-ok-1200x674.jpg","width":1200,"height":674},"bunyad-viewport":{"url":"https:\/\/villarrealcf.es\/wp-content\/uploads\/2024\/10\/VillarrealCF-RCCeltaVigo-243-ok.jpg","width":1920,"height":1079},"bunyad-768":{"url":"https:\/\/villarrealcf.es\/wp-content\/uploads\/2024\/10\/VillarrealCF-RCCeltaVigo-243-ok-768x432.jpg","width":768,"height":432},"full":{"url":"https:\/\/villarrealcf.es\/wp-content\/uploads\/2024\/10\/VillarrealCF-RCCeltaVigo-243-ok.jpg","width":1920,"height":1079}}},"author_data":{"id":"29","name":"Azahara Beroy","first_name":"Azahara","last_name":"Beroy","description":"","avatar_url":"https:\/\/secure.gravatar.com\/avatar\/91b979a91a1925e60814719244bbf7824af58ced5a6e2130c2611bde24439aa7?s=96&d=mm&r=g","acf":null},"taxonomies_data":{"category":[{"id":13493,"name":"Primer equip","slug":"primer-equip","acf":null}],"post_tag":[{"id":9250,"name":"Copa del Rey","slug":"copa-del-rey-val","acf":null},{"id":717,"name":"Football","slug":"football-d34","acf":null},{"id":13555,"name":"Futbol","slug":"futbol-val-2","acf":null},{"id":9278,"name":"primera division","slug":"primera-division-val","acf":null},{"id":716,"name":"Soccer","slug":"soccer-d105","acf":null},{"id":9205,"name":"Submarino","slug":"submarino-val","acf":null},{"id":13556,"name":"Submarino Amarillo","slug":"submarino-amarillo-val-2","acf":null},{"id":9203,"name":"Villarreal CF","slug":"villarreal-cf-val","acf":null}],"translation_priority":[{"id":735,"name":"Optional","slug":"optional-val","acf":null}]},"seo_full":{"native":{"title":"La UD Poblense, primer rival en Copa del Rey - Web Oficial del Villarreal CF","description":"L'eliminat\u00f2ria es jugar\u00e0 a partit \u00fanic en terres balears del 29 al 31 d'octubre","canonical":"https:\/\/villarrealcf.es\/val\/la-ud-poblense-primer-rival-en-copa-del-rei\/"}},"_links":{"self":[{"href":"https:\/\/villarrealcf.es\/val\/wp-json\/wp\/v2\/posts\/324038","targetHints":{"allow":["GET"]}}],"collection":[{"href":"https:\/\/villarrealcf.es\/val\/wp-json\/wp\/v2\/posts"}],"about":[{"href":"https:\/\/villarrealcf.es\/val\/wp-json\/wp\/v2\/types\/post"}],"author":[{"embeddable":true,"href":"https:\/\/villarrealcf.es\/val\/wp-json\/wp\/v2\/users\/29"}],"replies":[{"embeddable":true,"href":"https:\/\/villarrealcf.es\/val\/wp-json\/wp\/v2\/comments?post=324038"}],"version-history":[{"count":0,"href":"https:\/\/villarrealcf.es\/val\/wp-json\/wp\/v2\/posts\/324038\/revisions"}],"wp:featuredmedia":[{"embeddable":true,"href":"https:\/\/villarrealcf.es\/val\/wp-json\/wp\/v2\/media\/324034"}],"wp:attachment":[{"href":"https:\/\/villarrealcf.es\/val\/wp-json\/wp\/v2\/media?parent=324038"}],"wp:term":[{"taxonomy":"category","embeddable":true,"href":"https:\/\/villarrealcf.es\/val\/wp-json\/wp\/v2\/categories?post=324038"},{"taxonomy":"post_tag","embeddable":true,"href":"https:\/\/villarrealcf.es\/val\/wp-json\/wp\/v2\/tags?post=324038"}],"curies":[{"name":"wp","href":"https:\/\/api.w.org\/{rel}","templated":true}]}}