{"id":324022,"date":"2024-10-10T13:00:49","date_gmt":"2024-10-10T11:00:49","guid":{"rendered":"https:\/\/villarrealcf.es\/el-villarreal-cf-vuelve-a-sudafrica\/"},"modified":"2024-10-10T13:28:04","modified_gmt":"2024-10-10T11:28:04","slug":"el-villarreal-cf-torna-a-sud-africa","status":"publish","type":"post","link":"https:\/\/villarrealcf.es\/val\/el-villarreal-cf-torna-a-sud-africa\/","title":{"rendered":"El Villarreal CF torna a Sud-\u00e0frica"},"content":{"protected":false,"blocks":[{"type":"heading","level":2,"text":"L\u2019entitat groga, al costat de Sport on Court Africa, celebrar\u00e0 dos campus i diverses formacions per a entrenadors a Johannesburg i Durban"},{"type":"paragraph","text":"El Villarreal CF, a trav\u00e9s del projecte d\u2019expansi\u00f3 internacional Villarreal Academy, s\u2019ha associat amb Sport On Court Africa per a celebrar dos campus i diverses formacions per a entrenadors a Sud-\u00e0frica durant el mes de desembre."},{"type":"paragraph","text":"Els campus, per a xiquets i xiquetes de 8 a 20 anys, se celebraran en les seg\u00fcents dates:"},{"type":"list","style":"ul","items":["Del 6 al 8 de desembre a Johannesburg.","Del 13 al 15 de desembre en Durban."]},{"type":"paragraph","text":"Cal destacar que els jugadors m\u00e9s destacats d\u2019aquests cl\u00ednics seran seleccionats per a vindre a Vila-real i experimental una experi\u00e8ncia \u00fanica, on participaran en sessions d\u2019entrenament amb els equips de la Cantera Grogueta."},{"type":"paragraph","text":"Aix\u00ed mateix, entrenadors del Villarreal CF viatjaran fins a Sud-\u00e0frica per a impartir tant les diverses tasques formatives als campus com a diversos cursos de formaci\u00f3 per a entrenadors."},{"type":"paragraph","text":"Per a m\u00e9s informaci\u00f3 es pot visitar el seg\u00fcent enlla\u00e7: https:\/\/villarrealcfcamp.sportoncourt.africa\/"}],"structured":{"summary":{"text":"L\u2019entitat groga, al costat de Sport on Court Africa, celebrar\u00e0 dos campus i diverses formacions per a entrenadors a Johannesburg i Durban El Villarreal CF, a trav\u00e9s del projecte d\u2019expansi\u00f3 internacional Villarreal Academy, s\u2019ha associat amb Sport On Court Africa per a celebrar dos campus i diverses formacions per a entrenadors a Sud-\u00e0frica durant el mes de desembre. Els campus, per a xiquets i xiquetes de 8 a 20 anys, se celebraran en les seg\u00fcents dates: Del 6 al 8 de desembre a Johannesburg. Del 13 al 15 de desembre en Durban. Cal destacar que els jugadors m\u00e9s destacats d\u2019aquests cl\u00ednics seran seleccionats per a vindre a Vila-real i experimental una experi\u00e8ncia \u00fanica, on participaran en sessions d\u2019entrenament amb els equips de la Cantera Grogueta. Aix\u00ed mateix, entrenadors del Villarreal CF viatjaran fins a Sud-\u00e0frica per a impartir tant les diverses tasques formatives als campus com a diversos cursos de formaci\u00f3 per a entrenadors. Per a m\u00e9s informaci\u00f3 es pot visitar el seg\u00fcent enlla\u00e7: https:\/\/villarrealcfcamp.sportoncourt.africa\/","headings":[{"type":"heading","level":2,"text":"L\u2019entitat groga, al costat de Sport on Court Africa, celebrar\u00e0 dos campus i diverses formacions per a entrenadors a Johannesburg i Durban"}],"buttons":[],"images":[],"counts":{"blocks":7,"headings":1,"texts":5,"buttons":0,"images":0}},"sections":[{"id":"section-1","title":"L\u2019entitat groga, al costat de Sport on Court Africa, celebrar\u00e0 dos campus i diverses formacions per a entrenadors a Johannesburg i Durban","text":"L\u2019entitat groga, al costat de Sport on Court Africa, celebrar\u00e0 dos campus i diverses formacions per a entrenadors a Johannesburg i Durban El Villarreal CF, a trav\u00e9s del projecte d\u2019expansi\u00f3 internacional Villarreal Academy, s\u2019ha associat amb Sport On Court Africa per a celebrar dos campus i diverses formacions per a entrenadors a Sud-\u00e0frica durant el mes de desembre. Els campus, per a xiquets i xiquetes de 8 a 20 anys, se celebraran en les seg\u00fcents dates: Cal destacar que els jugadors m\u00e9s destacats d\u2019aquests cl\u00ednics seran seleccionats per a vindre a Vila-real i experimental una experi\u00e8ncia \u00fanica, on participaran en sessions d\u2019entrenament amb els equips de la Cantera Grogueta. Aix\u00ed mateix, entrenadors del Villarreal CF viatjaran fins a Sud-\u00e0frica per a impartir tant les diverses tasques formatives als campus com a diversos cursos de formaci\u00f3 per a entrenadors. Per a m\u00e9s informaci\u00f3 es pot visitar el seg\u00fcent enlla\u00e7: https:\/\/villarrealcfcamp.sportoncourt.africa\/","headings":[{"type":"heading","level":2,"text":"L\u2019entitat groga, al costat de Sport on Court Africa, celebrar\u00e0 dos campus i diverses formacions per a entrenadors a Johannesburg i Durban"}],"texts":[{"type":"paragraph","text":"El Villarreal CF, a trav\u00e9s del projecte d\u2019expansi\u00f3 internacional Villarreal Academy, s\u2019ha associat amb Sport On Court Africa per a celebrar dos campus i diverses formacions per a entrenadors a Sud-\u00e0frica durant el mes de desembre."},{"type":"paragraph","text":"Els campus, per a xiquets i xiquetes de 8 a 20 anys, se celebraran en les seg\u00fcents dates:"},{"type":"paragraph","text":"Cal destacar que els jugadors m\u00e9s destacats d\u2019aquests cl\u00ednics seran seleccionats per a vindre a Vila-real i experimental una experi\u00e8ncia \u00fanica, on participaran en sessions d\u2019entrenament amb els equips de la Cantera Grogueta."},{"type":"paragraph","text":"Aix\u00ed mateix, entrenadors del Villarreal CF viatjaran fins a Sud-\u00e0frica per a impartir tant les diverses tasques formatives als campus com a diversos cursos de formaci\u00f3 per a entrenadors."},{"type":"paragraph","text":"Per a m\u00e9s informaci\u00f3 es pot visitar el seg\u00fcent enlla\u00e7: https:\/\/villarrealcfcamp.sportoncourt.africa\/"}],"buttons":[],"images":[],"widgets":[],"blocks":[{"type":"heading","level":2,"text":"L\u2019entitat groga, al costat de Sport on Court Africa, celebrar\u00e0 dos campus i diverses formacions per a entrenadors a Johannesburg i Durban"},{"type":"paragraph","text":"El Villarreal CF, a trav\u00e9s del projecte d\u2019expansi\u00f3 internacional Villarreal Academy, s\u2019ha associat amb Sport On Court Africa per a celebrar dos campus i diverses formacions per a entrenadors a Sud-\u00e0frica durant el mes de desembre."},{"type":"paragraph","text":"Els campus, per a xiquets i xiquetes de 8 a 20 anys, se celebraran en les seg\u00fcents dates:"},{"type":"list","style":"ul","items":["Del 6 al 8 de desembre a Johannesburg.","Del 13 al 15 de desembre en Durban."]},{"type":"paragraph","text":"Cal destacar que els jugadors m\u00e9s destacats d\u2019aquests cl\u00ednics seran seleccionats per a vindre a Vila-real i experimental una experi\u00e8ncia \u00fanica, on participaran en sessions d\u2019entrenament amb els equips de la Cantera Grogueta."},{"type":"paragraph","text":"Aix\u00ed mateix, entrenadors del Villarreal CF viatjaran fins a Sud-\u00e0frica per a impartir tant les diverses tasques formatives als campus com a diversos cursos de formaci\u00f3 per a entrenadors."},{"type":"paragraph","text":"Per a m\u00e9s informaci\u00f3 es pot visitar el seg\u00fcent enlla\u00e7: https:\/\/villarrealcfcamp.sportoncourt.africa\/"}]}],"hero":{"id":"section-1","title":"L\u2019entitat groga, al costat de Sport on Court Africa, celebrar\u00e0 dos campus i diverses formacions per a entrenadors a Johannesburg i Durban","text":"L\u2019entitat groga, al costat de Sport on Court Africa, celebrar\u00e0 dos campus i diverses formacions per a entrenadors a Johannesburg i Durban El Villarreal CF, a trav\u00e9s del projecte d\u2019expansi\u00f3 internacional Villarreal Academy, s\u2019ha associat amb Sport On Court Africa per a celebrar dos campus i diverses formacions per a entrenadors a Sud-\u00e0frica durant el mes de desembre. Els campus, per a xiquets i xiquetes de 8 a 20 anys, se celebraran en les seg\u00fcents dates: Cal destacar que els jugadors m\u00e9s destacats d\u2019aquests cl\u00ednics seran seleccionats per a vindre a Vila-real i experimental una experi\u00e8ncia \u00fanica, on participaran en sessions d\u2019entrenament amb els equips de la Cantera Grogueta. Aix\u00ed mateix, entrenadors del Villarreal CF viatjaran fins a Sud-\u00e0frica per a impartir tant les diverses tasques formatives als campus com a diversos cursos de formaci\u00f3 per a entrenadors. Per a m\u00e9s informaci\u00f3 es pot visitar el seg\u00fcent enlla\u00e7: https:\/\/villarrealcfcamp.sportoncourt.africa\/","headings":[{"type":"heading","level":2,"text":"L\u2019entitat groga, al costat de Sport on Court Africa, celebrar\u00e0 dos campus i diverses formacions per a entrenadors a Johannesburg i Durban"}],"texts":[{"type":"paragraph","text":"El Villarreal CF, a trav\u00e9s del projecte d\u2019expansi\u00f3 internacional Villarreal Academy, s\u2019ha associat amb Sport On Court Africa per a celebrar dos campus i diverses formacions per a entrenadors a Sud-\u00e0frica durant el mes de desembre."},{"type":"paragraph","text":"Els campus, per a xiquets i xiquetes de 8 a 20 anys, se celebraran en les seg\u00fcents dates:"},{"type":"paragraph","text":"Cal destacar que els jugadors m\u00e9s destacats d\u2019aquests cl\u00ednics seran seleccionats per a vindre a Vila-real i experimental una experi\u00e8ncia \u00fanica, on participaran en sessions d\u2019entrenament amb els equips de la Cantera Grogueta."},{"type":"paragraph","text":"Aix\u00ed mateix, entrenadors del Villarreal CF viatjaran fins a Sud-\u00e0frica per a impartir tant les diverses tasques formatives als campus com a diversos cursos de formaci\u00f3 per a entrenadors."},{"type":"paragraph","text":"Per a m\u00e9s informaci\u00f3 es pot visitar el seg\u00fcent enlla\u00e7: https:\/\/villarrealcfcamp.sportoncourt.africa\/"}],"buttons":[],"images":[],"widgets":[],"blocks":[{"type":"heading","level":2,"text":"L\u2019entitat groga, al costat de Sport on Court Africa, celebrar\u00e0 dos campus i diverses formacions per a entrenadors a Johannesburg i Durban"},{"type":"paragraph","text":"El Villarreal CF, a trav\u00e9s del projecte d\u2019expansi\u00f3 internacional Villarreal Academy, s\u2019ha associat amb Sport On Court Africa per a celebrar dos campus i diverses formacions per a entrenadors a Sud-\u00e0frica durant el mes de desembre."},{"type":"paragraph","text":"Els campus, per a xiquets i xiquetes de 8 a 20 anys, se celebraran en les seg\u00fcents dates:"},{"type":"list","style":"ul","items":["Del 6 al 8 de desembre a Johannesburg.","Del 13 al 15 de desembre en Durban."]},{"type":"paragraph","text":"Cal destacar que els jugadors m\u00e9s destacats d\u2019aquests cl\u00ednics seran seleccionats per a vindre a Vila-real i experimental una experi\u00e8ncia \u00fanica, on participaran en sessions d\u2019entrenament amb els equips de la Cantera Grogueta."},{"type":"paragraph","text":"Aix\u00ed mateix, entrenadors del Villarreal CF viatjaran fins a Sud-\u00e0frica per a impartir tant les diverses tasques formatives als campus com a diversos cursos de formaci\u00f3 per a entrenadors."},{"type":"paragraph","text":"Per a m\u00e9s informaci\u00f3 es pot visitar el seg\u00fcent enlla\u00e7: https:\/\/villarrealcfcamp.sportoncourt.africa\/"}]}},"sections":[{"id":"section-1","title":"L\u2019entitat groga, al costat de Sport on Court Africa, celebrar\u00e0 dos campus i diverses formacions per a entrenadors a Johannesburg i Durban","text":"L\u2019entitat groga, al costat de Sport on Court Africa, celebrar\u00e0 dos campus i diverses formacions per a entrenadors a Johannesburg i Durban El Villarreal CF, a trav\u00e9s del projecte d\u2019expansi\u00f3 internacional Villarreal Academy, s\u2019ha associat amb Sport On Court Africa per a celebrar dos campus i diverses formacions per a entrenadors a Sud-\u00e0frica durant el mes de desembre. Els campus, per a xiquets i xiquetes de 8 a 20 anys, se celebraran en les seg\u00fcents dates: Cal destacar que els jugadors m\u00e9s destacats d\u2019aquests cl\u00ednics seran seleccionats per a vindre a Vila-real i experimental una experi\u00e8ncia \u00fanica, on participaran en sessions d\u2019entrenament amb els equips de la Cantera Grogueta. Aix\u00ed mateix, entrenadors del Villarreal CF viatjaran fins a Sud-\u00e0frica per a impartir tant les diverses tasques formatives als campus com a diversos cursos de formaci\u00f3 per a entrenadors. Per a m\u00e9s informaci\u00f3 es pot visitar el seg\u00fcent enlla\u00e7: https:\/\/villarrealcfcamp.sportoncourt.africa\/","url":"","background_image":"","images":[],"videos":[],"links":[]}]},"excerpt":{"rendered":"L&#8217;entitat groga, al costat de Sport on Court Africa, celebrar\u00e0 dos campus i diverses formacions per a entrenadors a Johannesburg i Durban","protected":false},"author":29,"featured_media":324018,"comment_status":"closed","ping_status":"closed","sticky":false,"template":"","format":"standard","meta":{"_acf_changed":false,"footnotes":""},"categories":[13803],"tags":[9366,10325,717,9270,9227,716,9205,11921,9203],"acf":null,"lang":"val","translations":{"es":324015,"val":324022,"en":324028},"essential_grid":{"has_grid":false},"formatted_date":"October 10, 2024","modified_date":"October 10, 2024","permalink":"https:\/\/villarrealcf.es\/val\/el-villarreal-cf-torna-a-sud-africa\/","reading_time":1,"featured_media_data":{"id":324018,"title":"20231217-IMG_4616 ok","caption":"","alt_text":"","description":"","mime_type":"image\/jpeg","source_url":"https:\/\/villarrealcf.es\/wp-content\/uploads\/2024\/10\/20231217-IMG_4616-ok.jpg","sizes":{"thumbnail":{"url":"https:\/\/villarrealcf.es\/wp-content\/uploads\/2024\/10\/20231217-IMG_4616-ok.jpg","width":1920,"height":1080},"medium":{"url":"https:\/\/villarrealcf.es\/wp-content\/uploads\/2024\/10\/20231217-IMG_4616-ok.jpg","width":1920,"height":1080},"medium_large":{"url":"https:\/\/villarrealcf.es\/wp-content\/uploads\/2024\/10\/20231217-IMG_4616-ok-768x432.jpg","width":768,"height":432},"large":{"url":"https:\/\/villarrealcf.es\/wp-content\/uploads\/2024\/10\/20231217-IMG_4616-ok.jpg","width":788,"height":443},"1536x1536":{"url":"https:\/\/villarrealcf.es\/wp-content\/uploads\/2024\/10\/20231217-IMG_4616-ok-1536x864.jpg","width":1536,"height":864},"2048x2048":{"url":"https:\/\/villarrealcf.es\/wp-content\/uploads\/2024\/10\/20231217-IMG_4616-ok.jpg","width":1920,"height":1080},"tp-image-grid":{"url":"https:\/\/villarrealcf.es\/wp-content\/uploads\/2024\/10\/20231217-IMG_4616-ok-700x700.jpg","width":700,"height":700},"size-bunyad-medium":{"url":"https:\/\/villarrealcf.es\/wp-content\/uploads\/2024\/10\/20231217-IMG_4616-ok.jpg","width":1920,"height":1080},"sportspress-crop-medium":{"url":"https:\/\/villarrealcf.es\/wp-content\/uploads\/2024\/10\/20231217-IMG_4616-ok-300x300.jpg","width":300,"height":300},"sportspress-fit-medium":{"url":"https:\/\/villarrealcf.es\/wp-content\/uploads\/2024\/10\/20231217-IMG_4616-ok-300x169.jpg","width":300,"height":169},"sportspress-fit-icon":{"url":"https:\/\/villarrealcf.es\/wp-content\/uploads\/2024\/10\/20231217-IMG_4616-ok-128x72.jpg","width":128,"height":72},"sportspress-fit-mini":{"url":"https:\/\/villarrealcf.es\/wp-content\/uploads\/2024\/10\/20231217-IMG_4616-ok-32x18.jpg","width":32,"height":18},"bunyad-small":{"url":"https:\/\/villarrealcf.es\/wp-content\/uploads\/2024\/10\/20231217-IMG_4616-ok-150x84.jpg","width":150,"height":84},"bunyad-medium":{"url":"https:\/\/villarrealcf.es\/wp-content\/uploads\/2024\/10\/20231217-IMG_4616-ok-450x253.jpg","width":450,"height":253},"bunyad-full":{"url":"https:\/\/villarrealcf.es\/wp-content\/uploads\/2024\/10\/20231217-IMG_4616-ok-1200x675.jpg","width":1200,"height":675},"bunyad-viewport":{"url":"https:\/\/villarrealcf.es\/wp-content\/uploads\/2024\/10\/20231217-IMG_4616-ok.jpg","width":1920,"height":1080},"bunyad-768":{"url":"https:\/\/villarrealcf.es\/wp-content\/uploads\/2024\/10\/20231217-IMG_4616-ok-768x432.jpg","width":768,"height":432},"full":{"url":"https:\/\/villarrealcf.es\/wp-content\/uploads\/2024\/10\/20231217-IMG_4616-ok.jpg","width":1920,"height":1080}}},"author_data":{"id":"29","name":"Azahara Beroy","first_name":"Azahara","last_name":"Beroy","description":"","avatar_url":"https:\/\/secure.gravatar.com\/avatar\/91b979a91a1925e60814719244bbf7824af58ced5a6e2130c2611bde24439aa7?s=96&d=mm&r=g","acf":null},"taxonomies_data":{"category":[{"id":13803,"name":"Futbol base","slug":"futbol-base-val-2","acf":null}],"post_tag":[{"id":9366,"name":"Cantera","slug":"cantera-val","acf":null},{"id":10325,"name":"Cantera Grogueta","slug":"cantera-grogueta-val","acf":null},{"id":717,"name":"Football","slug":"football-d34","acf":null},{"id":9270,"name":"Futbol","slug":"futbol-val","acf":null},{"id":9227,"name":"F\u00fatbol Base","slug":"futbol-base-val","acf":null},{"id":716,"name":"Soccer","slug":"soccer-d105","acf":null},{"id":9205,"name":"Submarino","slug":"submarino-val","acf":null},{"id":11921,"name":"Villarreal Academy","slug":"villarreal-academy-val","acf":null},{"id":9203,"name":"Villarreal CF","slug":"villarreal-cf-val","acf":null}],"translation_priority":[{"id":735,"name":"Optional","slug":"optional-val","acf":null}]},"seo_full":{"native":{"title":"El Villarreal CF torna a Sud-\u00e0frica - Web Oficial del Villarreal CF","description":"L'entitat groga, al costat de Sport on Court Africa, celebrar\u00e0 dos campus i diverses formacions per a entrenadors a Johannesburg i Durban","canonical":"https:\/\/villarrealcf.es\/val\/el-villarreal-cf-torna-a-sud-africa\/"}},"_links":{"self":[{"href":"https:\/\/villarrealcf.es\/val\/wp-json\/wp\/v2\/posts\/324022","targetHints":{"allow":["GET"]}}],"collection":[{"href":"https:\/\/villarrealcf.es\/val\/wp-json\/wp\/v2\/posts"}],"about":[{"href":"https:\/\/villarrealcf.es\/val\/wp-json\/wp\/v2\/types\/post"}],"author":[{"embeddable":true,"href":"https:\/\/villarrealcf.es\/val\/wp-json\/wp\/v2\/users\/29"}],"replies":[{"embeddable":true,"href":"https:\/\/villarrealcf.es\/val\/wp-json\/wp\/v2\/comments?post=324022"}],"version-history":[{"count":0,"href":"https:\/\/villarrealcf.es\/val\/wp-json\/wp\/v2\/posts\/324022\/revisions"}],"wp:featuredmedia":[{"embeddable":true,"href":"https:\/\/villarrealcf.es\/val\/wp-json\/wp\/v2\/media\/324018"}],"wp:attachment":[{"href":"https:\/\/villarrealcf.es\/val\/wp-json\/wp\/v2\/media?parent=324022"}],"wp:term":[{"taxonomy":"category","embeddable":true,"href":"https:\/\/villarrealcf.es\/val\/wp-json\/wp\/v2\/categories?post=324022"},{"taxonomy":"post_tag","embeddable":true,"href":"https:\/\/villarrealcf.es\/val\/wp-json\/wp\/v2\/tags?post=324022"}],"curies":[{"name":"wp","href":"https:\/\/api.w.org\/{rel}","templated":true}]}}