{"id":323914,"date":"2024-10-08T15:54:33","date_gmt":"2024-10-08T13:54:33","guid":{"rendered":"https:\/\/villarrealcf.es\/el-villarreal-tine-de-amarillo-la-penya-llagosti-groc\/"},"modified":"2024-10-08T22:34:46","modified_gmt":"2024-10-08T20:34:46","slug":"el-villarreal-tiny-de-groc-la-penya-llagosti-groc","status":"publish","type":"post","link":"https:\/\/villarrealcf.es\/val\/el-villarreal-tiny-de-groc-la-penya-llagosti-groc\/","title":{"rendered":"El Villarreal tiny de groc la Penya Llagost\u00ed Groc"},"content":{"protected":false,"blocks":[{"type":"heading","level":2,"text":"Denis Su\u00e1rez, Rodri Alonso i Claudia Ense\u00f1at han visitat l\u2019agrupaci\u00f3 vinarocense"},{"type":"paragraph","text":"El Villarreal CF ha visitat este dimarts la Penya Llagost\u00ed Groc de Vinar\u00f2s amb la representaci\u00f3 de Denis Su\u00e1rez, futbolista del primer equip, Rodri Alonso, jugador del filial groc, i Claudia Ense\u00f1at, jugadora del Villarreal Femen\u00ed."},{"type":"paragraph","text":"El Bar Amistat, seu de la Penya Llagost\u00ed Groc, ha sigut testimoni de la comuni\u00f3 entre els futbolistes grocs i els aficionats de l\u2019agrupaci\u00f3 vinarocense fundada l\u2019any 2019 i en la qual el seu president, Sim\u00f3n Cid, ha exercit de mestre de cerim\u00f2nies en un esdeveniment carregat de \u2018sentiment groguet\u2019."},{"type":"video","kind":"iframe","url":"https:\/\/www.youtube.com\/embed\/jUZATN_0pDA?feature=oembed","poster":""}],"structured":{"summary":{"text":"Denis Su\u00e1rez, Rodri Alonso i Claudia Ense\u00f1at han visitat l\u2019agrupaci\u00f3 vinarocense El Villarreal CF ha visitat este dimarts la Penya Llagost\u00ed Groc de Vinar\u00f2s amb la representaci\u00f3 de Denis Su\u00e1rez, futbolista del primer equip, Rodri Alonso, jugador del filial groc, i Claudia Ense\u00f1at, jugadora del Villarreal Femen\u00ed. El Bar Amistat, seu de la Penya Llagost\u00ed Groc, ha sigut testimoni de la comuni\u00f3 entre els futbolistes grocs i els aficionats de l\u2019agrupaci\u00f3 vinarocense fundada l\u2019any 2019 i en la qual el seu president, Sim\u00f3n Cid, ha exercit de mestre de cerim\u00f2nies en un esdeveniment carregat de \u2018sentiment groguet\u2019.","headings":[{"type":"heading","level":2,"text":"Denis Su\u00e1rez, Rodri Alonso i Claudia Ense\u00f1at han visitat l\u2019agrupaci\u00f3 vinarocense"}],"buttons":[],"images":[],"counts":{"blocks":4,"headings":1,"texts":2,"buttons":0,"images":0}},"sections":[{"id":"section-1","title":"Denis Su\u00e1rez, Rodri Alonso i Claudia Ense\u00f1at han visitat l\u2019agrupaci\u00f3 vinarocense","text":"Denis Su\u00e1rez, Rodri Alonso i Claudia Ense\u00f1at han visitat l\u2019agrupaci\u00f3 vinarocense El Villarreal CF ha visitat este dimarts la Penya Llagost\u00ed Groc de Vinar\u00f2s amb la representaci\u00f3 de Denis Su\u00e1rez, futbolista del primer equip, Rodri Alonso, jugador del filial groc, i Claudia Ense\u00f1at, jugadora del Villarreal Femen\u00ed. El Bar Amistat, seu de la Penya Llagost\u00ed Groc, ha sigut testimoni de la comuni\u00f3 entre els futbolistes grocs i els aficionats de l\u2019agrupaci\u00f3 vinarocense fundada l\u2019any 2019 i en la qual el seu president, Sim\u00f3n Cid, ha exercit de mestre de cerim\u00f2nies en un esdeveniment carregat de \u2018sentiment groguet\u2019.","headings":[{"type":"heading","level":2,"text":"Denis Su\u00e1rez, Rodri Alonso i Claudia Ense\u00f1at han visitat l\u2019agrupaci\u00f3 vinarocense"}],"texts":[{"type":"paragraph","text":"El Villarreal CF ha visitat este dimarts la Penya Llagost\u00ed Groc de Vinar\u00f2s amb la representaci\u00f3 de Denis Su\u00e1rez, futbolista del primer equip, Rodri Alonso, jugador del filial groc, i Claudia Ense\u00f1at, jugadora del Villarreal Femen\u00ed."},{"type":"paragraph","text":"El Bar Amistat, seu de la Penya Llagost\u00ed Groc, ha sigut testimoni de la comuni\u00f3 entre els futbolistes grocs i els aficionats de l\u2019agrupaci\u00f3 vinarocense fundada l\u2019any 2019 i en la qual el seu president, Sim\u00f3n Cid, ha exercit de mestre de cerim\u00f2nies en un esdeveniment carregat de \u2018sentiment groguet\u2019."}],"buttons":[],"images":[],"widgets":[],"blocks":[{"type":"heading","level":2,"text":"Denis Su\u00e1rez, Rodri Alonso i Claudia Ense\u00f1at han visitat l\u2019agrupaci\u00f3 vinarocense"},{"type":"paragraph","text":"El Villarreal CF ha visitat este dimarts la Penya Llagost\u00ed Groc de Vinar\u00f2s amb la representaci\u00f3 de Denis Su\u00e1rez, futbolista del primer equip, Rodri Alonso, jugador del filial groc, i Claudia Ense\u00f1at, jugadora del Villarreal Femen\u00ed."},{"type":"paragraph","text":"El Bar Amistat, seu de la Penya Llagost\u00ed Groc, ha sigut testimoni de la comuni\u00f3 entre els futbolistes grocs i els aficionats de l\u2019agrupaci\u00f3 vinarocense fundada l\u2019any 2019 i en la qual el seu president, Sim\u00f3n Cid, ha exercit de mestre de cerim\u00f2nies en un esdeveniment carregat de \u2018sentiment groguet\u2019."},{"type":"video","kind":"iframe","url":"https:\/\/www.youtube.com\/embed\/jUZATN_0pDA?feature=oembed","poster":""}]}],"hero":{"id":"section-1","title":"Denis Su\u00e1rez, Rodri Alonso i Claudia Ense\u00f1at han visitat l\u2019agrupaci\u00f3 vinarocense","text":"Denis Su\u00e1rez, Rodri Alonso i Claudia Ense\u00f1at han visitat l\u2019agrupaci\u00f3 vinarocense El Villarreal CF ha visitat este dimarts la Penya Llagost\u00ed Groc de Vinar\u00f2s amb la representaci\u00f3 de Denis Su\u00e1rez, futbolista del primer equip, Rodri Alonso, jugador del filial groc, i Claudia Ense\u00f1at, jugadora del Villarreal Femen\u00ed. El Bar Amistat, seu de la Penya Llagost\u00ed Groc, ha sigut testimoni de la comuni\u00f3 entre els futbolistes grocs i els aficionats de l\u2019agrupaci\u00f3 vinarocense fundada l\u2019any 2019 i en la qual el seu president, Sim\u00f3n Cid, ha exercit de mestre de cerim\u00f2nies en un esdeveniment carregat de \u2018sentiment groguet\u2019.","headings":[{"type":"heading","level":2,"text":"Denis Su\u00e1rez, Rodri Alonso i Claudia Ense\u00f1at han visitat l\u2019agrupaci\u00f3 vinarocense"}],"texts":[{"type":"paragraph","text":"El Villarreal CF ha visitat este dimarts la Penya Llagost\u00ed Groc de Vinar\u00f2s amb la representaci\u00f3 de Denis Su\u00e1rez, futbolista del primer equip, Rodri Alonso, jugador del filial groc, i Claudia Ense\u00f1at, jugadora del Villarreal Femen\u00ed."},{"type":"paragraph","text":"El Bar Amistat, seu de la Penya Llagost\u00ed Groc, ha sigut testimoni de la comuni\u00f3 entre els futbolistes grocs i els aficionats de l\u2019agrupaci\u00f3 vinarocense fundada l\u2019any 2019 i en la qual el seu president, Sim\u00f3n Cid, ha exercit de mestre de cerim\u00f2nies en un esdeveniment carregat de \u2018sentiment groguet\u2019."}],"buttons":[],"images":[],"widgets":[],"blocks":[{"type":"heading","level":2,"text":"Denis Su\u00e1rez, Rodri Alonso i Claudia Ense\u00f1at han visitat l\u2019agrupaci\u00f3 vinarocense"},{"type":"paragraph","text":"El Villarreal CF ha visitat este dimarts la Penya Llagost\u00ed Groc de Vinar\u00f2s amb la representaci\u00f3 de Denis Su\u00e1rez, futbolista del primer equip, Rodri Alonso, jugador del filial groc, i Claudia Ense\u00f1at, jugadora del Villarreal Femen\u00ed."},{"type":"paragraph","text":"El Bar Amistat, seu de la Penya Llagost\u00ed Groc, ha sigut testimoni de la comuni\u00f3 entre els futbolistes grocs i els aficionats de l\u2019agrupaci\u00f3 vinarocense fundada l\u2019any 2019 i en la qual el seu president, Sim\u00f3n Cid, ha exercit de mestre de cerim\u00f2nies en un esdeveniment carregat de \u2018sentiment groguet\u2019."},{"type":"video","kind":"iframe","url":"https:\/\/www.youtube.com\/embed\/jUZATN_0pDA?feature=oembed","poster":""}]}},"sections":[{"id":"section-1","title":"Denis Su\u00e1rez, Rodri Alonso i Claudia Ense\u00f1at han visitat l\u2019agrupaci\u00f3 vinarocense","text":"Denis Su\u00e1rez, Rodri Alonso i Claudia Ense\u00f1at han visitat l\u2019agrupaci\u00f3 vinarocense El Villarreal CF ha visitat este dimarts la Penya Llagost\u00ed Groc de Vinar\u00f2s amb la representaci\u00f3 de Denis Su\u00e1rez, futbolista del primer equip, Rodri Alonso, jugador del filial groc, i Claudia Ense\u00f1at, jugadora del Villarreal Femen\u00ed. El Bar Amistat, seu de la Penya Llagost\u00ed Groc, ha sigut testimoni de la comuni\u00f3 entre els futbolistes grocs i els aficionats de l\u2019agrupaci\u00f3 vinarocense fundada l\u2019any 2019 i en la qual el seu president, Sim\u00f3n Cid, ha exercit de mestre de cerim\u00f2nies en un esdeveniment carregat de \u2018sentiment groguet\u2019.","url":"","background_image":"","images":[],"videos":[{"type":"video","kind":"iframe","url":"https:\/\/www.youtube.com\/embed\/jUZATN_0pDA?feature=oembed","poster":""}],"links":[]}]},"excerpt":{"rendered":"Denis Su\u00e1rez, Rodri Alonso i Claudia Ense\u00f1at han visitat l&#8217;agrupaci\u00f3 vinarocense","protected":false},"author":33,"featured_media":323947,"comment_status":"closed","ping_status":"closed","sticky":false,"template":"","format":"standard","meta":{"_acf_changed":false,"footnotes":""},"categories":[13507],"tags":[10325,717,9270,16032,14027,716,9205,9627,9203,12685,10330],"acf":null,"lang":"val","translations":{"es":323911,"val":323914,"en":323974},"essential_grid":{"has_grid":false},"formatted_date":"October 8, 2024","modified_date":"October 8, 2024","permalink":"https:\/\/villarrealcf.es\/val\/el-villarreal-tiny-de-groc-la-penya-llagosti-groc\/","reading_time":1,"featured_media_data":{"id":323947,"title":"LLAGOSTIGROC","caption":"","alt_text":"","description":"","mime_type":"image\/jpeg","source_url":"https:\/\/villarrealcf.es\/wp-content\/uploads\/2024\/10\/LLAGOSTIGROC.jpg","sizes":{"thumbnail":{"url":"https:\/\/villarrealcf.es\/wp-content\/uploads\/2024\/10\/LLAGOSTIGROC.jpg","width":1920,"height":1080},"medium":{"url":"https:\/\/villarrealcf.es\/wp-content\/uploads\/2024\/10\/LLAGOSTIGROC.jpg","width":1920,"height":1080},"medium_large":{"url":"https:\/\/villarrealcf.es\/wp-content\/uploads\/2024\/10\/LLAGOSTIGROC-768x432.jpg","width":768,"height":432},"large":{"url":"https:\/\/villarrealcf.es\/wp-content\/uploads\/2024\/10\/LLAGOSTIGROC.jpg","width":788,"height":443},"1536x1536":{"url":"https:\/\/villarrealcf.es\/wp-content\/uploads\/2024\/10\/LLAGOSTIGROC-1536x864.jpg","width":1536,"height":864},"2048x2048":{"url":"https:\/\/villarrealcf.es\/wp-content\/uploads\/2024\/10\/LLAGOSTIGROC.jpg","width":1920,"height":1080},"tp-image-grid":{"url":"https:\/\/villarrealcf.es\/wp-content\/uploads\/2024\/10\/LLAGOSTIGROC-700x700.jpg","width":700,"height":700},"size-bunyad-medium":{"url":"https:\/\/villarrealcf.es\/wp-content\/uploads\/2024\/10\/LLAGOSTIGROC.jpg","width":1920,"height":1080},"sportspress-crop-medium":{"url":"https:\/\/villarrealcf.es\/wp-content\/uploads\/2024\/10\/LLAGOSTIGROC-300x300.jpg","width":300,"height":300},"sportspress-fit-medium":{"url":"https:\/\/villarrealcf.es\/wp-content\/uploads\/2024\/10\/LLAGOSTIGROC-300x169.jpg","width":300,"height":169},"sportspress-fit-icon":{"url":"https:\/\/villarrealcf.es\/wp-content\/uploads\/2024\/10\/LLAGOSTIGROC-128x72.jpg","width":128,"height":72},"sportspress-fit-mini":{"url":"https:\/\/villarrealcf.es\/wp-content\/uploads\/2024\/10\/LLAGOSTIGROC-32x18.jpg","width":32,"height":18},"bunyad-small":{"url":"https:\/\/villarrealcf.es\/wp-content\/uploads\/2024\/10\/LLAGOSTIGROC-150x84.jpg","width":150,"height":84},"bunyad-medium":{"url":"https:\/\/villarrealcf.es\/wp-content\/uploads\/2024\/10\/LLAGOSTIGROC-450x253.jpg","width":450,"height":253},"bunyad-full":{"url":"https:\/\/villarrealcf.es\/wp-content\/uploads\/2024\/10\/LLAGOSTIGROC-1200x675.jpg","width":1200,"height":675},"bunyad-viewport":{"url":"https:\/\/villarrealcf.es\/wp-content\/uploads\/2024\/10\/LLAGOSTIGROC.jpg","width":1920,"height":1080},"bunyad-768":{"url":"https:\/\/villarrealcf.es\/wp-content\/uploads\/2024\/10\/LLAGOSTIGROC-768x432.jpg","width":768,"height":432},"full":{"url":"https:\/\/villarrealcf.es\/wp-content\/uploads\/2024\/10\/LLAGOSTIGROC.jpg","width":1920,"height":1080}}},"author_data":{"id":"33","name":"Nacho Tejada","first_name":"Nacho","last_name":"Tejada","description":"","avatar_url":"https:\/\/secure.gravatar.com\/avatar\/b1580534b2fcd93e031504756165758941290488df5c88966a26f84344931fd1?s=96&d=mm&r=g","acf":null},"taxonomies_data":{"category":[{"id":13507,"name":"Fans","slug":"fans-val","acf":null}],"post_tag":[{"id":10325,"name":"Cantera Grogueta","slug":"cantera-grogueta-val","acf":null},{"id":717,"name":"Football","slug":"football-d34","acf":null},{"id":9270,"name":"Futbol","slug":"futbol-val","acf":null},{"id":16032,"name":"Llagost\u00ed Groc","slug":"llagosti-groc-val","acf":null},{"id":14027,"name":"Sin categorizar","slug":"sin-categorizar-val-3","acf":null},{"id":716,"name":"Soccer","slug":"soccer-d105","acf":null},{"id":9205,"name":"Submarino","slug":"submarino-val","acf":null},{"id":9627,"name":"Submarino Amarillo","slug":"submarino-amarillo-val","acf":null},{"id":9203,"name":"Villarreal CF","slug":"villarreal-cf-val","acf":null},{"id":12685,"name":"Villarreal Femenino","slug":"villarreal-femenino-val","acf":null},{"id":10330,"name":"Vinar\u00f2s","slug":"vinaros-val","acf":null}],"translation_priority":[{"id":735,"name":"Optional","slug":"optional-val","acf":null}]},"seo_full":{"native":{"title":"El Villarreal tiny de groc la Penya Llagost\u00ed Groc - Web Oficial del Villarreal CF","description":"Denis Su\u00e1rez, Rodri Alonso i Claudia Ense\u00f1at han visitat l'agrupaci\u00f3 vinarocense","canonical":"https:\/\/villarrealcf.es\/val\/el-villarreal-tiny-de-groc-la-penya-llagosti-groc\/"}},"_links":{"self":[{"href":"https:\/\/villarrealcf.es\/val\/wp-json\/wp\/v2\/posts\/323914","targetHints":{"allow":["GET"]}}],"collection":[{"href":"https:\/\/villarrealcf.es\/val\/wp-json\/wp\/v2\/posts"}],"about":[{"href":"https:\/\/villarrealcf.es\/val\/wp-json\/wp\/v2\/types\/post"}],"author":[{"embeddable":true,"href":"https:\/\/villarrealcf.es\/val\/wp-json\/wp\/v2\/users\/33"}],"replies":[{"embeddable":true,"href":"https:\/\/villarrealcf.es\/val\/wp-json\/wp\/v2\/comments?post=323914"}],"version-history":[{"count":0,"href":"https:\/\/villarrealcf.es\/val\/wp-json\/wp\/v2\/posts\/323914\/revisions"}],"wp:featuredmedia":[{"embeddable":true,"href":"https:\/\/villarrealcf.es\/val\/wp-json\/wp\/v2\/media\/323947"}],"wp:attachment":[{"href":"https:\/\/villarrealcf.es\/val\/wp-json\/wp\/v2\/media?parent=323914"}],"wp:term":[{"taxonomy":"category","embeddable":true,"href":"https:\/\/villarrealcf.es\/val\/wp-json\/wp\/v2\/categories?post=323914"},{"taxonomy":"post_tag","embeddable":true,"href":"https:\/\/villarrealcf.es\/val\/wp-json\/wp\/v2\/tags?post=323914"}],"curies":[{"name":"wp","href":"https:\/\/api.w.org\/{rel}","templated":true}]}}