{"id":323348,"date":"2024-10-03T10:59:31","date_gmt":"2024-10-03T08:59:31","guid":{"rendered":"https:\/\/villarrealcf.es\/la-presentacion-de-los-equipos-del-villarreal-24-25-en-fotos\/"},"modified":"2024-10-03T11:09:38","modified_gmt":"2024-10-03T09:09:38","slug":"la-presentacio-dels-equips-del-villarreal-24-25-en-fotos","status":"publish","type":"post","link":"https:\/\/villarrealcf.es\/val\/la-presentacio-dels-equips-del-villarreal-24-25-en-fotos\/","title":{"rendered":"La presentaci\u00f3 dels equips del Villarreal 24\/25 en fotos"},"content":{"protected":false,"blocks":[{"type":"heading","widget":"heading","level":2,"text":"Els 47 conjunts grocs s'han vestit de curt per a fer-se les fotografies oficials davant l'expectaci\u00f3 de 3.000 aficionats en l'Estadio de la Cer\u00e1mica"},{"type":"gallery","widget":"gallery","items":[{"url":"https:\/\/villarrealcf.es\/wp-content\/uploads\/2024\/10\/20241002-PresentacionEquipos-010-scaled.jpg","title":"20241002-PresentacionEquipos-010","thumbnail":"https:\/\/villarrealcf.es\/wp-content\/uploads\/2024\/10\/20241002-PresentacionEquipos-010-scaled.jpg","width":2560,"height":1707},{"url":"https:\/\/villarrealcf.es\/wp-content\/uploads\/2024\/10\/20241002-PresentacionEquipos-006-scaled.jpg","title":"20241002-PresentacionEquipos-006","thumbnail":"https:\/\/villarrealcf.es\/wp-content\/uploads\/2024\/10\/20241002-PresentacionEquipos-006-scaled.jpg","width":2560,"height":1707},{"url":"https:\/\/villarrealcf.es\/wp-content\/uploads\/2024\/10\/20241002-PresentacionEquipos-007-scaled.jpg","title":"20241002-PresentacionEquipos-007","thumbnail":"https:\/\/villarrealcf.es\/wp-content\/uploads\/2024\/10\/20241002-PresentacionEquipos-007-scaled.jpg","width":2560,"height":1707},{"url":"https:\/\/villarrealcf.es\/wp-content\/uploads\/2024\/10\/20241002-PresentacionEquipos-013-scaled.jpg","title":"20241002-PresentacionEquipos-013","thumbnail":"https:\/\/villarrealcf.es\/wp-content\/uploads\/2024\/10\/20241002-PresentacionEquipos-013-scaled.jpg","width":2560,"height":1707},{"url":"https:\/\/villarrealcf.es\/wp-content\/uploads\/2024\/10\/20241002-PresentacionEquipos-018-scaled.jpg","title":"20241002-PresentacionEquipos-018","thumbnail":"https:\/\/villarrealcf.es\/wp-content\/uploads\/2024\/10\/20241002-PresentacionEquipos-018-scaled.jpg","width":2560,"height":1707},{"url":"https:\/\/villarrealcf.es\/wp-content\/uploads\/2024\/10\/20241002-PresentacionEquipos-021-scaled.jpg","title":"20241002-PresentacionEquipos-021","thumbnail":"https:\/\/villarrealcf.es\/wp-content\/uploads\/2024\/10\/20241002-PresentacionEquipos-021-scaled.jpg","width":2560,"height":1707},{"url":"https:\/\/villarrealcf.es\/wp-content\/uploads\/2024\/10\/20241002-PresentacionEquipos-026-scaled.jpg","title":"20241002-PresentacionEquipos-026","thumbnail":"https:\/\/villarrealcf.es\/wp-content\/uploads\/2024\/10\/20241002-PresentacionEquipos-026-scaled.jpg","width":2560,"height":1707},{"url":"https:\/\/villarrealcf.es\/wp-content\/uploads\/2024\/10\/20241002-PresentacionEquipos-020-scaled.jpg","title":"20241002-PresentacionEquipos-020","thumbnail":"https:\/\/villarrealcf.es\/wp-content\/uploads\/2024\/10\/20241002-PresentacionEquipos-020-scaled.jpg","width":2560,"height":1707},{"url":"https:\/\/villarrealcf.es\/wp-content\/uploads\/2024\/10\/20241002-PresentacionEquipos-016-scaled.jpg","title":"20241002-PresentacionEquipos-016","thumbnail":"https:\/\/villarrealcf.es\/wp-content\/uploads\/2024\/10\/20241002-PresentacionEquipos-016-scaled.jpg","width":2560,"height":1707}]}],"structured":{"summary":{"text":"Els 47 conjunts grocs s'han vestit de curt per a fer-se les fotografies oficials davant l'expectaci\u00f3 de 3.000 aficionats en l'Estadio de la Cer\u00e1mica","headings":[{"type":"heading","widget":"heading","level":2,"text":"Els 47 conjunts grocs s'han vestit de curt per a fer-se les fotografies oficials davant l'expectaci\u00f3 de 3.000 aficionats en l'Estadio de la Cer\u00e1mica"}],"buttons":[],"images":[],"counts":{"blocks":2,"headings":1,"texts":0,"buttons":0,"images":0},"containers":2},"sections":[{"id":"a414601","type":"container","classes":["has-el-gap","el-gap-default","elementor-section","elementor-top-section","elementor-element","elementor-element-a414601","elementor-section-boxed","elementor-section-height-default"],"title":"Els 47 conjunts grocs s'han vestit de curt per a fer-se les fotografies oficials davant l'expectaci\u00f3 de 3.000 aficionats en l'Estadio de la Cer\u00e1mica","text":"Els 47 conjunts grocs s'han vestit de curt per a fer-se les fotografies oficials davant l'expectaci\u00f3 de 3.000 aficionats en l'Estadio de la Cer\u00e1mica","headings":[{"type":"heading","widget":"heading","level":2,"text":"Els 47 conjunts grocs s'han vestit de curt per a fer-se les fotografies oficials davant l'expectaci\u00f3 de 3.000 aficionats en l'Estadio de la Cer\u00e1mica"}],"texts":[],"buttons":[],"images":[],"widgets":["heading"],"blocks":[{"type":"heading","widget":"heading","level":2,"text":"Els 47 conjunts grocs s'han vestit de curt per a fer-se les fotografies oficials davant l'expectaci\u00f3 de 3.000 aficionats en l'Estadio de la Cer\u00e1mica"}],"children":[]},{"id":"70a28fb","type":"container","classes":["has-el-gap","el-gap-default","elementor-section","elementor-top-section","elementor-element","elementor-element-70a28fb","elementor-section-boxed","elementor-section-height-default"],"title":"","text":"","headings":[],"texts":[],"buttons":[],"images":[],"widgets":["gallery"],"blocks":[{"type":"gallery","widget":"gallery","items":[{"url":"https:\/\/villarrealcf.es\/wp-content\/uploads\/2024\/10\/20241002-PresentacionEquipos-010-scaled.jpg","title":"20241002-PresentacionEquipos-010","thumbnail":"https:\/\/villarrealcf.es\/wp-content\/uploads\/2024\/10\/20241002-PresentacionEquipos-010-scaled.jpg","width":2560,"height":1707},{"url":"https:\/\/villarrealcf.es\/wp-content\/uploads\/2024\/10\/20241002-PresentacionEquipos-006-scaled.jpg","title":"20241002-PresentacionEquipos-006","thumbnail":"https:\/\/villarrealcf.es\/wp-content\/uploads\/2024\/10\/20241002-PresentacionEquipos-006-scaled.jpg","width":2560,"height":1707},{"url":"https:\/\/villarrealcf.es\/wp-content\/uploads\/2024\/10\/20241002-PresentacionEquipos-007-scaled.jpg","title":"20241002-PresentacionEquipos-007","thumbnail":"https:\/\/villarrealcf.es\/wp-content\/uploads\/2024\/10\/20241002-PresentacionEquipos-007-scaled.jpg","width":2560,"height":1707},{"url":"https:\/\/villarrealcf.es\/wp-content\/uploads\/2024\/10\/20241002-PresentacionEquipos-013-scaled.jpg","title":"20241002-PresentacionEquipos-013","thumbnail":"https:\/\/villarrealcf.es\/wp-content\/uploads\/2024\/10\/20241002-PresentacionEquipos-013-scaled.jpg","width":2560,"height":1707},{"url":"https:\/\/villarrealcf.es\/wp-content\/uploads\/2024\/10\/20241002-PresentacionEquipos-018-scaled.jpg","title":"20241002-PresentacionEquipos-018","thumbnail":"https:\/\/villarrealcf.es\/wp-content\/uploads\/2024\/10\/20241002-PresentacionEquipos-018-scaled.jpg","width":2560,"height":1707},{"url":"https:\/\/villarrealcf.es\/wp-content\/uploads\/2024\/10\/20241002-PresentacionEquipos-021-scaled.jpg","title":"20241002-PresentacionEquipos-021","thumbnail":"https:\/\/villarrealcf.es\/wp-content\/uploads\/2024\/10\/20241002-PresentacionEquipos-021-scaled.jpg","width":2560,"height":1707},{"url":"https:\/\/villarrealcf.es\/wp-content\/uploads\/2024\/10\/20241002-PresentacionEquipos-026-scaled.jpg","title":"20241002-PresentacionEquipos-026","thumbnail":"https:\/\/villarrealcf.es\/wp-content\/uploads\/2024\/10\/20241002-PresentacionEquipos-026-scaled.jpg","width":2560,"height":1707},{"url":"https:\/\/villarrealcf.es\/wp-content\/uploads\/2024\/10\/20241002-PresentacionEquipos-020-scaled.jpg","title":"20241002-PresentacionEquipos-020","thumbnail":"https:\/\/villarrealcf.es\/wp-content\/uploads\/2024\/10\/20241002-PresentacionEquipos-020-scaled.jpg","width":2560,"height":1707},{"url":"https:\/\/villarrealcf.es\/wp-content\/uploads\/2024\/10\/20241002-PresentacionEquipos-016-scaled.jpg","title":"20241002-PresentacionEquipos-016","thumbnail":"https:\/\/villarrealcf.es\/wp-content\/uploads\/2024\/10\/20241002-PresentacionEquipos-016-scaled.jpg","width":2560,"height":1707}]}],"children":[]}],"hero":{"id":"a414601","type":"container","classes":["has-el-gap","el-gap-default","elementor-section","elementor-top-section","elementor-element","elementor-element-a414601","elementor-section-boxed","elementor-section-height-default"],"title":"Els 47 conjunts grocs s'han vestit de curt per a fer-se les fotografies oficials davant l'expectaci\u00f3 de 3.000 aficionats en l'Estadio de la Cer\u00e1mica","text":"Els 47 conjunts grocs s'han vestit de curt per a fer-se les fotografies oficials davant l'expectaci\u00f3 de 3.000 aficionats en l'Estadio de la Cer\u00e1mica","headings":[{"type":"heading","widget":"heading","level":2,"text":"Els 47 conjunts grocs s'han vestit de curt per a fer-se les fotografies oficials davant l'expectaci\u00f3 de 3.000 aficionats en l'Estadio de la Cer\u00e1mica"}],"texts":[],"buttons":[],"images":[],"widgets":["heading"],"blocks":[{"type":"heading","widget":"heading","level":2,"text":"Els 47 conjunts grocs s'han vestit de curt per a fer-se les fotografies oficials davant l'expectaci\u00f3 de 3.000 aficionats en l'Estadio de la Cer\u00e1mica"}],"children":[]}},"sections":[{"id":"a414601","title":"Els 47 conjunts grocs s'han vestit de curt per a fer-se les fotografies oficials davant l'expectaci\u00f3 de 3.000 aficionats en l'Estadio de la Cer\u00e1mica","text":"Els 47 conjunts grocs s'han vestit de curt per a fer-se les fotografies oficials davant l'expectaci\u00f3 de 3.000 aficionats en l'Estadio de la Cer\u00e1mica","url":"","background_image":"","images":[],"videos":[],"links":[]},{"id":"70a28fb","title":"","text":"","url":"https:\/\/villarrealcf.es\/wp-content\/uploads\/2024\/10\/20241002-PresentacionEquipos-010-scaled.jpg","background_image":"","images":[],"videos":[],"links":[{"url":"https:\/\/villarrealcf.es\/wp-content\/uploads\/2024\/10\/20241002-PresentacionEquipos-010-scaled.jpg","text":"","target":""},{"url":"https:\/\/villarrealcf.es\/wp-content\/uploads\/2024\/10\/20241002-PresentacionEquipos-006-scaled.jpg","text":"","target":""},{"url":"https:\/\/villarrealcf.es\/wp-content\/uploads\/2024\/10\/20241002-PresentacionEquipos-007-scaled.jpg","text":"","target":""},{"url":"https:\/\/villarrealcf.es\/wp-content\/uploads\/2024\/10\/20241002-PresentacionEquipos-013-scaled.jpg","text":"","target":""},{"url":"https:\/\/villarrealcf.es\/wp-content\/uploads\/2024\/10\/20241002-PresentacionEquipos-018-scaled.jpg","text":"","target":""},{"url":"https:\/\/villarrealcf.es\/wp-content\/uploads\/2024\/10\/20241002-PresentacionEquipos-021-scaled.jpg","text":"","target":""},{"url":"https:\/\/villarrealcf.es\/wp-content\/uploads\/2024\/10\/20241002-PresentacionEquipos-026-scaled.jpg","text":"","target":""},{"url":"https:\/\/villarrealcf.es\/wp-content\/uploads\/2024\/10\/20241002-PresentacionEquipos-020-scaled.jpg","text":"","target":""},{"url":"https:\/\/villarrealcf.es\/wp-content\/uploads\/2024\/10\/20241002-PresentacionEquipos-016-scaled.jpg","text":"","target":""}]}]},"excerpt":{"rendered":"Els 47 conjunts grocs s&#8217;han vestit de curt per a fer-se les fotografies oficials davant l&#8217;expectaci\u00f3 de 3.000 aficionats en l&#8217;Estadio de la Cer\u00e1mica","protected":false},"author":25,"featured_media":323313,"comment_status":"closed","ping_status":"closed","sticky":false,"template":"","format":"standard","meta":{"_acf_changed":false,"footnotes":""},"categories":[13803],"tags":[9366,10325,11429,717,9270,9227,13416,716,9205,9627,9203],"acf":null,"lang":"val","translations":{"es":323308,"val":323348,"en":323378},"essential_grid":{"has_grid":false},"formatted_date":"October 3, 2024","modified_date":"October 3, 2024","permalink":"https:\/\/villarrealcf.es\/val\/la-presentacio-dels-equips-del-villarreal-24-25-en-fotos\/","reading_time":1,"featured_media_data":{"id":323313,"title":"presentacion-equipos","caption":"","alt_text":"","description":"","mime_type":"image\/jpeg","source_url":"https:\/\/villarrealcf.es\/wp-content\/uploads\/2024\/10\/presentacion-equipos.jpg","sizes":{"thumbnail":{"url":"https:\/\/villarrealcf.es\/wp-content\/uploads\/2024\/10\/presentacion-equipos.jpg","width":1920,"height":1080},"medium":{"url":"https:\/\/villarrealcf.es\/wp-content\/uploads\/2024\/10\/presentacion-equipos.jpg","width":1920,"height":1080},"medium_large":{"url":"https:\/\/villarrealcf.es\/wp-content\/uploads\/2024\/10\/presentacion-equipos-768x432.jpg","width":768,"height":432},"large":{"url":"https:\/\/villarrealcf.es\/wp-content\/uploads\/2024\/10\/presentacion-equipos.jpg","width":788,"height":443},"1536x1536":{"url":"https:\/\/villarrealcf.es\/wp-content\/uploads\/2024\/10\/presentacion-equipos-1536x864.jpg","width":1536,"height":864},"2048x2048":{"url":"https:\/\/villarrealcf.es\/wp-content\/uploads\/2024\/10\/presentacion-equipos.jpg","width":1920,"height":1080},"tp-image-grid":{"url":"https:\/\/villarrealcf.es\/wp-content\/uploads\/2024\/10\/presentacion-equipos-700x700.jpg","width":700,"height":700},"size-bunyad-medium":{"url":"https:\/\/villarrealcf.es\/wp-content\/uploads\/2024\/10\/presentacion-equipos.jpg","width":1920,"height":1080},"sportspress-crop-medium":{"url":"https:\/\/villarrealcf.es\/wp-content\/uploads\/2024\/10\/presentacion-equipos-300x300.jpg","width":300,"height":300},"sportspress-fit-medium":{"url":"https:\/\/villarrealcf.es\/wp-content\/uploads\/2024\/10\/presentacion-equipos-300x169.jpg","width":300,"height":169},"sportspress-fit-icon":{"url":"https:\/\/villarrealcf.es\/wp-content\/uploads\/2024\/10\/presentacion-equipos-128x72.jpg","width":128,"height":72},"sportspress-fit-mini":{"url":"https:\/\/villarrealcf.es\/wp-content\/uploads\/2024\/10\/presentacion-equipos-32x18.jpg","width":32,"height":18},"bunyad-small":{"url":"https:\/\/villarrealcf.es\/wp-content\/uploads\/2024\/10\/presentacion-equipos-150x84.jpg","width":150,"height":84},"bunyad-medium":{"url":"https:\/\/villarrealcf.es\/wp-content\/uploads\/2024\/10\/presentacion-equipos-450x253.jpg","width":450,"height":253},"bunyad-full":{"url":"https:\/\/villarrealcf.es\/wp-content\/uploads\/2024\/10\/presentacion-equipos-1200x675.jpg","width":1200,"height":675},"bunyad-viewport":{"url":"https:\/\/villarrealcf.es\/wp-content\/uploads\/2024\/10\/presentacion-equipos.jpg","width":1920,"height":1080},"bunyad-768":{"url":"https:\/\/villarrealcf.es\/wp-content\/uploads\/2024\/10\/presentacion-equipos-768x432.jpg","width":768,"height":432},"full":{"url":"https:\/\/villarrealcf.es\/wp-content\/uploads\/2024\/10\/presentacion-equipos.jpg","width":1920,"height":1080}}},"author_data":{"id":"25","name":"Javier Ayuso","first_name":"Javier","last_name":"Ayuso","description":"","avatar_url":"https:\/\/secure.gravatar.com\/avatar\/fcf8894be45988fcce5bbff0efe1790d2a7f4ba57e2c7c898f5068154e696495?s=96&d=mm&r=g","acf":null},"taxonomies_data":{"category":[{"id":13803,"name":"Futbol base","slug":"futbol-base-val-2","acf":null}],"post_tag":[{"id":9366,"name":"Cantera","slug":"cantera-val","acf":null},{"id":10325,"name":"Cantera Grogueta","slug":"cantera-grogueta-val","acf":null},{"id":11429,"name":"Estadio de la Cer\u00e1mica","slug":"estadio-de-la-ceramica-val","acf":null},{"id":717,"name":"Football","slug":"football-d34","acf":null},{"id":9270,"name":"Futbol","slug":"futbol-val","acf":null},{"id":9227,"name":"F\u00fatbol Base","slug":"futbol-base-val","acf":null},{"id":13416,"name":"Galer\u00eda F\u00fatbol Base","slug":"galeria-futbol-base-val","acf":null},{"id":716,"name":"Soccer","slug":"soccer-d105","acf":null},{"id":9205,"name":"Submarino","slug":"submarino-val","acf":null},{"id":9627,"name":"Submarino Amarillo","slug":"submarino-amarillo-val","acf":null},{"id":9203,"name":"Villarreal CF","slug":"villarreal-cf-val","acf":null}],"translation_priority":[{"id":735,"name":"Optional","slug":"optional-val","acf":null}]},"seo_full":{"native":{"title":"La presentaci\u00f3 dels equips del Villarreal 24\/25 en fotos - Web Oficial del Villarreal CF","description":"Els 47 conjunts grocs s'han vestit de curt per a fer-se les fotografies oficials davant l'expectaci\u00f3 de 3.000 aficionats en l'Estadio de la Cer\u00e1mica","canonical":"https:\/\/villarrealcf.es\/val\/la-presentacio-dels-equips-del-villarreal-24-25-en-fotos\/"}},"_links":{"self":[{"href":"https:\/\/villarrealcf.es\/val\/wp-json\/wp\/v2\/posts\/323348","targetHints":{"allow":["GET"]}}],"collection":[{"href":"https:\/\/villarrealcf.es\/val\/wp-json\/wp\/v2\/posts"}],"about":[{"href":"https:\/\/villarrealcf.es\/val\/wp-json\/wp\/v2\/types\/post"}],"author":[{"embeddable":true,"href":"https:\/\/villarrealcf.es\/val\/wp-json\/wp\/v2\/users\/25"}],"replies":[{"embeddable":true,"href":"https:\/\/villarrealcf.es\/val\/wp-json\/wp\/v2\/comments?post=323348"}],"version-history":[{"count":0,"href":"https:\/\/villarrealcf.es\/val\/wp-json\/wp\/v2\/posts\/323348\/revisions"}],"wp:featuredmedia":[{"embeddable":true,"href":"https:\/\/villarrealcf.es\/val\/wp-json\/wp\/v2\/media\/323313"}],"wp:attachment":[{"href":"https:\/\/villarrealcf.es\/val\/wp-json\/wp\/v2\/media?parent=323348"}],"wp:term":[{"taxonomy":"category","embeddable":true,"href":"https:\/\/villarrealcf.es\/val\/wp-json\/wp\/v2\/categories?post=323348"},{"taxonomy":"post_tag","embeddable":true,"href":"https:\/\/villarrealcf.es\/val\/wp-json\/wp\/v2\/tags?post=323348"}],"curies":[{"name":"wp","href":"https:\/\/api.w.org\/{rel}","templated":true}]}}