{"id":323174,"date":"2024-09-30T21:10:25","date_gmt":"2024-09-30T19:10:25","guid":{"rendered":"https:\/\/villarrealcf.es\/marcelino-hemos-sido-un-equipo-y-eso-nos-ha-acercado-a-la-victoria\/"},"modified":"2024-10-01T00:06:37","modified_gmt":"2024-09-30T22:06:37","slug":"marcelino-hem-sigut-un-equip-i-aixo-ens-ha-apropat-a-la-victoria","status":"publish","type":"post","link":"https:\/\/villarrealcf.es\/val\/marcelino-hem-sigut-un-equip-i-aixo-ens-ha-apropat-a-la-victoria\/","title":{"rendered":"Marcelino: \u201cHem sigut un equip i aix\u00f2 ens ha apropat a la vict\u00f2ria\u201d"},"content":{"protected":false,"blocks":[{"type":"heading","level":2,"text":"El t\u00e8cnic groc ha ressaltat l\u2019excel\u00b7lent reacci\u00f3 de l\u2019equip en la segona mitat despr\u00e9s del gol visitant"},{"type":"paragraph","text":"L\u2019entrenador del Villarreal, Marcelino Garc\u00eda Toral, s\u2019ha mostrat satisfet per la vict\u00f2ria dels seus davant la UD Las Palmas (3-1) en l\u2019Estadio de la Cer\u00e1mica."},{"type":"paragraph","text":"\u201cEl resultat \u00e9s just. Aconseguim una vict\u00f2ria important, que ens posa tercers, i amb la qual ens anem molt contents\u201d, va destacar Marcelino sobre el partit davant els canaris."},{"type":"paragraph","text":"De la mateixa manera, va enaltir especialment la segona mitat del seu equip: \u201cA partir del 1-1, hem estat molt b\u00e9. Hem generat perill i hem jugat com un equip. Vam tindre de tot: criteri, flu\u00efdesa, oportunitats, un penal fallat, un gol anul\u00b7lat en fora de joc\u2026En la primera mitat, no ajustem b\u00e9 la pressi\u00f3 i no vam estar encertats en les circulacions. Ens va faltar pausa. Busquem massa el contraatac. Encara que \u00e9s veritat que aix\u00ed vam fer el primer gol\u201d."},{"type":"paragraph","text":"Malgrat la vict\u00f2ria i el somiat inici de competici\u00f3, l\u2019entrenador asturi\u00e0 assegura que el Villarreal t\u00e9 marge de millora: \u201cEl nostre objectiu \u00e9s ser millors. I \u00e9s evident que hem de millorar moltes facetes del joc, per\u00f2 estem b\u00e9. Som un equip amb molts canvis i un calendari molt dif\u00edcil per a l\u2019inici. Estem orgullosos d\u2019estos futbolistes. Molts no parlen molt de castell\u00e0, per\u00f2 treballen molt i volen guanyar partits. Per aix\u00f2 estem molt agra\u00efts. Tots haur\u00edem firmat estar aix\u00ed a hores d\u2019ara\u201d."},{"type":"paragraph","text":"D\u2019altra banda, Marcelino va agrair a l\u2019afici\u00f3 la seua implicaci\u00f3 durant els 90 minuts del matx: \u201cLi donem les gr\u00e0cies a l\u2019afici\u00f3. Estan amb l\u2019equip. \u00c9s cert que l\u2019equip s\u2019esfor\u00e7a, treballa i lluita per guanyar cada partit. Est\u00e0 transmetent ambici\u00f3, il\u00b7lusi\u00f3 i passi\u00f3. I els aficionats ho perceben. Estem satisfets de qu\u00e8 gaudisquen i que ens puguen ajudar\u201d."},{"type":"paragraph","text":"A continuaci\u00f3, es pot visualitzar la roda de premsa completa de Marcelino Garc\u00eda Toral:"},{"type":"video","kind":"iframe","url":"https:\/\/www.youtube.com\/embed\/4BYnc4QaupA?feature=oembed","poster":""}],"structured":{"summary":{"text":"El t\u00e8cnic groc ha ressaltat l\u2019excel\u00b7lent reacci\u00f3 de l\u2019equip en la segona mitat despr\u00e9s del gol visitant L\u2019entrenador del Villarreal, Marcelino Garc\u00eda Toral, s\u2019ha mostrat satisfet per la vict\u00f2ria dels seus davant la UD Las Palmas (3-1) en l\u2019Estadio de la Cer\u00e1mica. \u201cEl resultat \u00e9s just. Aconseguim una vict\u00f2ria important, que ens posa tercers, i amb la qual ens anem molt contents\u201d, va destacar Marcelino sobre el partit davant els canaris. De la mateixa manera, va enaltir especialment la segona mitat del seu equip: \u201cA partir del 1-1, hem estat molt b\u00e9. Hem generat perill i hem jugat com un equip. Vam tindre de tot: criteri, flu\u00efdesa, oportunitats, un penal fallat, un gol anul\u00b7lat en fora de joc\u2026En la primera mitat, no ajustem b\u00e9 la pressi\u00f3 i no vam estar encertats en les circulacions. Ens va faltar pausa. Busquem massa el contraatac. Encara que \u00e9s veritat que aix\u00ed vam fer el primer gol\u201d. Malgrat la vict\u00f2ria i el somiat inici de competici\u00f3, l\u2019entrenador asturi\u00e0 assegura que el Villarreal t\u00e9 marge de millora: \u201cEl nostre objectiu \u00e9s ser millors. I \u00e9s evident que hem de millorar moltes facetes del joc, per\u00f2 estem b\u00e9. Som un equip amb molts canvis i un calendari molt dif\u00edcil per a l\u2019inici. Estem orgullosos d\u2019estos futbolistes. Molts no parlen molt de castell\u00e0, per\u00f2 treballen molt i volen guanyar partits. Per aix\u00f2 estem molt agra\u00efts. Tots haur\u00edem firmat estar aix\u00ed a hores d\u2019ara\u201d. D\u2019altra banda, Marcelino va agrair a l\u2019afici\u00f3 la seua implicaci\u00f3 durant els 90 minuts del matx: \u201cLi donem les gr\u00e0cies a l\u2019afici\u00f3. Estan amb l\u2019equip. \u00c9s cert que l\u2019equip s\u2019esfor\u00e7a, treballa i lluita per guanyar cada partit. Est\u00e0 transmetent ambici\u00f3, il\u00b7lusi\u00f3 i passi\u00f3. I els aficionats ho perceben. Estem satisfets de qu\u00e8 gaudisquen i que ens puguen ajudar\u201d. A continuaci\u00f3, es pot visualitzar la roda de premsa completa de Marcelino Garc\u00eda Toral:","headings":[{"type":"heading","level":2,"text":"El t\u00e8cnic groc ha ressaltat l\u2019excel\u00b7lent reacci\u00f3 de l\u2019equip en la segona mitat despr\u00e9s del gol visitant"}],"buttons":[],"images":[],"counts":{"blocks":8,"headings":1,"texts":6,"buttons":0,"images":0}},"sections":[{"id":"section-1","title":"El t\u00e8cnic groc ha ressaltat l\u2019excel\u00b7lent reacci\u00f3 de l\u2019equip en la segona mitat despr\u00e9s del gol visitant","text":"El t\u00e8cnic groc ha ressaltat l\u2019excel\u00b7lent reacci\u00f3 de l\u2019equip en la segona mitat despr\u00e9s del gol visitant L\u2019entrenador del Villarreal, Marcelino Garc\u00eda Toral, s\u2019ha mostrat satisfet per la vict\u00f2ria dels seus davant la UD Las Palmas (3-1) en l\u2019Estadio de la Cer\u00e1mica. \u201cEl resultat \u00e9s just. Aconseguim una vict\u00f2ria important, que ens posa tercers, i amb la qual ens anem molt contents\u201d, va destacar Marcelino sobre el partit davant els canaris. De la mateixa manera, va enaltir especialment la segona mitat del seu equip: \u201cA partir del 1-1, hem estat molt b\u00e9. Hem generat perill i hem jugat com un equip. Vam tindre de tot: criteri, flu\u00efdesa, oportunitats, un penal fallat, un gol anul\u00b7lat en fora de joc\u2026En la primera mitat, no ajustem b\u00e9 la pressi\u00f3 i no vam estar encertats en les circulacions. Ens va faltar pausa. Busquem massa el contraatac. Encara que \u00e9s veritat que aix\u00ed vam fer el primer gol\u201d. Malgrat la vict\u00f2ria i el somiat inici de competici\u00f3, l\u2019entrenador asturi\u00e0 assegura que el Villarreal t\u00e9 marge de millora: \u201cEl nostre objectiu \u00e9s ser millors. I \u00e9s evident que hem de millorar moltes facetes del joc, per\u00f2 estem b\u00e9. Som un equip amb molts canvis i un calendari molt dif\u00edcil per a l\u2019inici. Estem orgullosos d\u2019estos futbolistes. Molts no parlen molt de castell\u00e0, per\u00f2 treballen molt i volen guanyar partits. Per aix\u00f2 estem molt agra\u00efts. Tots haur\u00edem firmat estar aix\u00ed a hores d\u2019ara\u201d. D\u2019altra banda, Marcelino va agrair a l\u2019afici\u00f3 la seua implicaci\u00f3 durant els 90 minuts del matx: \u201cLi donem les gr\u00e0cies a l\u2019afici\u00f3. Estan amb l\u2019equip. \u00c9s cert que l\u2019equip s\u2019esfor\u00e7a, treballa i lluita per guanyar cada partit. Est\u00e0 transmetent ambici\u00f3, il\u00b7lusi\u00f3 i passi\u00f3. I els aficionats ho perceben. Estem satisfets de qu\u00e8 gaudisquen i que ens puguen ajudar\u201d. A continuaci\u00f3, es pot visualitzar la roda de premsa completa de Marcelino Garc\u00eda Toral:","headings":[{"type":"heading","level":2,"text":"El t\u00e8cnic groc ha ressaltat l\u2019excel\u00b7lent reacci\u00f3 de l\u2019equip en la segona mitat despr\u00e9s del gol visitant"}],"texts":[{"type":"paragraph","text":"L\u2019entrenador del Villarreal, Marcelino Garc\u00eda Toral, s\u2019ha mostrat satisfet per la vict\u00f2ria dels seus davant la UD Las Palmas (3-1) en l\u2019Estadio de la Cer\u00e1mica."},{"type":"paragraph","text":"\u201cEl resultat \u00e9s just. Aconseguim una vict\u00f2ria important, que ens posa tercers, i amb la qual ens anem molt contents\u201d, va destacar Marcelino sobre el partit davant els canaris."},{"type":"paragraph","text":"De la mateixa manera, va enaltir especialment la segona mitat del seu equip: \u201cA partir del 1-1, hem estat molt b\u00e9. Hem generat perill i hem jugat com un equip. Vam tindre de tot: criteri, flu\u00efdesa, oportunitats, un penal fallat, un gol anul\u00b7lat en fora de joc\u2026En la primera mitat, no ajustem b\u00e9 la pressi\u00f3 i no vam estar encertats en les circulacions. Ens va faltar pausa. Busquem massa el contraatac. Encara que \u00e9s veritat que aix\u00ed vam fer el primer gol\u201d."},{"type":"paragraph","text":"Malgrat la vict\u00f2ria i el somiat inici de competici\u00f3, l\u2019entrenador asturi\u00e0 assegura que el Villarreal t\u00e9 marge de millora: \u201cEl nostre objectiu \u00e9s ser millors. I \u00e9s evident que hem de millorar moltes facetes del joc, per\u00f2 estem b\u00e9. Som un equip amb molts canvis i un calendari molt dif\u00edcil per a l\u2019inici. Estem orgullosos d\u2019estos futbolistes. Molts no parlen molt de castell\u00e0, per\u00f2 treballen molt i volen guanyar partits. Per aix\u00f2 estem molt agra\u00efts. Tots haur\u00edem firmat estar aix\u00ed a hores d\u2019ara\u201d."},{"type":"paragraph","text":"D\u2019altra banda, Marcelino va agrair a l\u2019afici\u00f3 la seua implicaci\u00f3 durant els 90 minuts del matx: \u201cLi donem les gr\u00e0cies a l\u2019afici\u00f3. Estan amb l\u2019equip. \u00c9s cert que l\u2019equip s\u2019esfor\u00e7a, treballa i lluita per guanyar cada partit. Est\u00e0 transmetent ambici\u00f3, il\u00b7lusi\u00f3 i passi\u00f3. I els aficionats ho perceben. Estem satisfets de qu\u00e8 gaudisquen i que ens puguen ajudar\u201d."},{"type":"paragraph","text":"A continuaci\u00f3, es pot visualitzar la roda de premsa completa de Marcelino Garc\u00eda Toral:"}],"buttons":[],"images":[],"widgets":[],"blocks":[{"type":"heading","level":2,"text":"El t\u00e8cnic groc ha ressaltat l\u2019excel\u00b7lent reacci\u00f3 de l\u2019equip en la segona mitat despr\u00e9s del gol visitant"},{"type":"paragraph","text":"L\u2019entrenador del Villarreal, Marcelino Garc\u00eda Toral, s\u2019ha mostrat satisfet per la vict\u00f2ria dels seus davant la UD Las Palmas (3-1) en l\u2019Estadio de la Cer\u00e1mica."},{"type":"paragraph","text":"\u201cEl resultat \u00e9s just. Aconseguim una vict\u00f2ria important, que ens posa tercers, i amb la qual ens anem molt contents\u201d, va destacar Marcelino sobre el partit davant els canaris."},{"type":"paragraph","text":"De la mateixa manera, va enaltir especialment la segona mitat del seu equip: \u201cA partir del 1-1, hem estat molt b\u00e9. Hem generat perill i hem jugat com un equip. Vam tindre de tot: criteri, flu\u00efdesa, oportunitats, un penal fallat, un gol anul\u00b7lat en fora de joc\u2026En la primera mitat, no ajustem b\u00e9 la pressi\u00f3 i no vam estar encertats en les circulacions. Ens va faltar pausa. Busquem massa el contraatac. Encara que \u00e9s veritat que aix\u00ed vam fer el primer gol\u201d."},{"type":"paragraph","text":"Malgrat la vict\u00f2ria i el somiat inici de competici\u00f3, l\u2019entrenador asturi\u00e0 assegura que el Villarreal t\u00e9 marge de millora: \u201cEl nostre objectiu \u00e9s ser millors. I \u00e9s evident que hem de millorar moltes facetes del joc, per\u00f2 estem b\u00e9. Som un equip amb molts canvis i un calendari molt dif\u00edcil per a l\u2019inici. Estem orgullosos d\u2019estos futbolistes. Molts no parlen molt de castell\u00e0, per\u00f2 treballen molt i volen guanyar partits. Per aix\u00f2 estem molt agra\u00efts. Tots haur\u00edem firmat estar aix\u00ed a hores d\u2019ara\u201d."},{"type":"paragraph","text":"D\u2019altra banda, Marcelino va agrair a l\u2019afici\u00f3 la seua implicaci\u00f3 durant els 90 minuts del matx: \u201cLi donem les gr\u00e0cies a l\u2019afici\u00f3. Estan amb l\u2019equip. \u00c9s cert que l\u2019equip s\u2019esfor\u00e7a, treballa i lluita per guanyar cada partit. Est\u00e0 transmetent ambici\u00f3, il\u00b7lusi\u00f3 i passi\u00f3. I els aficionats ho perceben. Estem satisfets de qu\u00e8 gaudisquen i que ens puguen ajudar\u201d."},{"type":"paragraph","text":"A continuaci\u00f3, es pot visualitzar la roda de premsa completa de Marcelino Garc\u00eda Toral:"},{"type":"video","kind":"iframe","url":"https:\/\/www.youtube.com\/embed\/4BYnc4QaupA?feature=oembed","poster":""}]}],"hero":{"id":"section-1","title":"El t\u00e8cnic groc ha ressaltat l\u2019excel\u00b7lent reacci\u00f3 de l\u2019equip en la segona mitat despr\u00e9s del gol visitant","text":"El t\u00e8cnic groc ha ressaltat l\u2019excel\u00b7lent reacci\u00f3 de l\u2019equip en la segona mitat despr\u00e9s del gol visitant L\u2019entrenador del Villarreal, Marcelino Garc\u00eda Toral, s\u2019ha mostrat satisfet per la vict\u00f2ria dels seus davant la UD Las Palmas (3-1) en l\u2019Estadio de la Cer\u00e1mica. \u201cEl resultat \u00e9s just. Aconseguim una vict\u00f2ria important, que ens posa tercers, i amb la qual ens anem molt contents\u201d, va destacar Marcelino sobre el partit davant els canaris. De la mateixa manera, va enaltir especialment la segona mitat del seu equip: \u201cA partir del 1-1, hem estat molt b\u00e9. Hem generat perill i hem jugat com un equip. Vam tindre de tot: criteri, flu\u00efdesa, oportunitats, un penal fallat, un gol anul\u00b7lat en fora de joc\u2026En la primera mitat, no ajustem b\u00e9 la pressi\u00f3 i no vam estar encertats en les circulacions. Ens va faltar pausa. Busquem massa el contraatac. Encara que \u00e9s veritat que aix\u00ed vam fer el primer gol\u201d. Malgrat la vict\u00f2ria i el somiat inici de competici\u00f3, l\u2019entrenador asturi\u00e0 assegura que el Villarreal t\u00e9 marge de millora: \u201cEl nostre objectiu \u00e9s ser millors. I \u00e9s evident que hem de millorar moltes facetes del joc, per\u00f2 estem b\u00e9. Som un equip amb molts canvis i un calendari molt dif\u00edcil per a l\u2019inici. Estem orgullosos d\u2019estos futbolistes. Molts no parlen molt de castell\u00e0, per\u00f2 treballen molt i volen guanyar partits. Per aix\u00f2 estem molt agra\u00efts. Tots haur\u00edem firmat estar aix\u00ed a hores d\u2019ara\u201d. D\u2019altra banda, Marcelino va agrair a l\u2019afici\u00f3 la seua implicaci\u00f3 durant els 90 minuts del matx: \u201cLi donem les gr\u00e0cies a l\u2019afici\u00f3. Estan amb l\u2019equip. \u00c9s cert que l\u2019equip s\u2019esfor\u00e7a, treballa i lluita per guanyar cada partit. Est\u00e0 transmetent ambici\u00f3, il\u00b7lusi\u00f3 i passi\u00f3. I els aficionats ho perceben. Estem satisfets de qu\u00e8 gaudisquen i que ens puguen ajudar\u201d. A continuaci\u00f3, es pot visualitzar la roda de premsa completa de Marcelino Garc\u00eda Toral:","headings":[{"type":"heading","level":2,"text":"El t\u00e8cnic groc ha ressaltat l\u2019excel\u00b7lent reacci\u00f3 de l\u2019equip en la segona mitat despr\u00e9s del gol visitant"}],"texts":[{"type":"paragraph","text":"L\u2019entrenador del Villarreal, Marcelino Garc\u00eda Toral, s\u2019ha mostrat satisfet per la vict\u00f2ria dels seus davant la UD Las Palmas (3-1) en l\u2019Estadio de la Cer\u00e1mica."},{"type":"paragraph","text":"\u201cEl resultat \u00e9s just. Aconseguim una vict\u00f2ria important, que ens posa tercers, i amb la qual ens anem molt contents\u201d, va destacar Marcelino sobre el partit davant els canaris."},{"type":"paragraph","text":"De la mateixa manera, va enaltir especialment la segona mitat del seu equip: \u201cA partir del 1-1, hem estat molt b\u00e9. Hem generat perill i hem jugat com un equip. Vam tindre de tot: criteri, flu\u00efdesa, oportunitats, un penal fallat, un gol anul\u00b7lat en fora de joc\u2026En la primera mitat, no ajustem b\u00e9 la pressi\u00f3 i no vam estar encertats en les circulacions. Ens va faltar pausa. Busquem massa el contraatac. Encara que \u00e9s veritat que aix\u00ed vam fer el primer gol\u201d."},{"type":"paragraph","text":"Malgrat la vict\u00f2ria i el somiat inici de competici\u00f3, l\u2019entrenador asturi\u00e0 assegura que el Villarreal t\u00e9 marge de millora: \u201cEl nostre objectiu \u00e9s ser millors. I \u00e9s evident que hem de millorar moltes facetes del joc, per\u00f2 estem b\u00e9. Som un equip amb molts canvis i un calendari molt dif\u00edcil per a l\u2019inici. Estem orgullosos d\u2019estos futbolistes. Molts no parlen molt de castell\u00e0, per\u00f2 treballen molt i volen guanyar partits. Per aix\u00f2 estem molt agra\u00efts. Tots haur\u00edem firmat estar aix\u00ed a hores d\u2019ara\u201d."},{"type":"paragraph","text":"D\u2019altra banda, Marcelino va agrair a l\u2019afici\u00f3 la seua implicaci\u00f3 durant els 90 minuts del matx: \u201cLi donem les gr\u00e0cies a l\u2019afici\u00f3. Estan amb l\u2019equip. \u00c9s cert que l\u2019equip s\u2019esfor\u00e7a, treballa i lluita per guanyar cada partit. Est\u00e0 transmetent ambici\u00f3, il\u00b7lusi\u00f3 i passi\u00f3. I els aficionats ho perceben. Estem satisfets de qu\u00e8 gaudisquen i que ens puguen ajudar\u201d."},{"type":"paragraph","text":"A continuaci\u00f3, es pot visualitzar la roda de premsa completa de Marcelino Garc\u00eda Toral:"}],"buttons":[],"images":[],"widgets":[],"blocks":[{"type":"heading","level":2,"text":"El t\u00e8cnic groc ha ressaltat l\u2019excel\u00b7lent reacci\u00f3 de l\u2019equip en la segona mitat despr\u00e9s del gol visitant"},{"type":"paragraph","text":"L\u2019entrenador del Villarreal, Marcelino Garc\u00eda Toral, s\u2019ha mostrat satisfet per la vict\u00f2ria dels seus davant la UD Las Palmas (3-1) en l\u2019Estadio de la Cer\u00e1mica."},{"type":"paragraph","text":"\u201cEl resultat \u00e9s just. Aconseguim una vict\u00f2ria important, que ens posa tercers, i amb la qual ens anem molt contents\u201d, va destacar Marcelino sobre el partit davant els canaris."},{"type":"paragraph","text":"De la mateixa manera, va enaltir especialment la segona mitat del seu equip: \u201cA partir del 1-1, hem estat molt b\u00e9. Hem generat perill i hem jugat com un equip. Vam tindre de tot: criteri, flu\u00efdesa, oportunitats, un penal fallat, un gol anul\u00b7lat en fora de joc\u2026En la primera mitat, no ajustem b\u00e9 la pressi\u00f3 i no vam estar encertats en les circulacions. Ens va faltar pausa. Busquem massa el contraatac. Encara que \u00e9s veritat que aix\u00ed vam fer el primer gol\u201d."},{"type":"paragraph","text":"Malgrat la vict\u00f2ria i el somiat inici de competici\u00f3, l\u2019entrenador asturi\u00e0 assegura que el Villarreal t\u00e9 marge de millora: \u201cEl nostre objectiu \u00e9s ser millors. I \u00e9s evident que hem de millorar moltes facetes del joc, per\u00f2 estem b\u00e9. Som un equip amb molts canvis i un calendari molt dif\u00edcil per a l\u2019inici. Estem orgullosos d\u2019estos futbolistes. Molts no parlen molt de castell\u00e0, per\u00f2 treballen molt i volen guanyar partits. Per aix\u00f2 estem molt agra\u00efts. Tots haur\u00edem firmat estar aix\u00ed a hores d\u2019ara\u201d."},{"type":"paragraph","text":"D\u2019altra banda, Marcelino va agrair a l\u2019afici\u00f3 la seua implicaci\u00f3 durant els 90 minuts del matx: \u201cLi donem les gr\u00e0cies a l\u2019afici\u00f3. Estan amb l\u2019equip. \u00c9s cert que l\u2019equip s\u2019esfor\u00e7a, treballa i lluita per guanyar cada partit. Est\u00e0 transmetent ambici\u00f3, il\u00b7lusi\u00f3 i passi\u00f3. I els aficionats ho perceben. Estem satisfets de qu\u00e8 gaudisquen i que ens puguen ajudar\u201d."},{"type":"paragraph","text":"A continuaci\u00f3, es pot visualitzar la roda de premsa completa de Marcelino Garc\u00eda Toral:"},{"type":"video","kind":"iframe","url":"https:\/\/www.youtube.com\/embed\/4BYnc4QaupA?feature=oembed","poster":""}]}},"sections":[{"id":"section-1","title":"El t\u00e8cnic groc ha ressaltat l\u2019excel\u00b7lent reacci\u00f3 de l\u2019equip en la segona mitat despr\u00e9s del gol visitant","text":"El t\u00e8cnic groc ha ressaltat l\u2019excel\u00b7lent reacci\u00f3 de l\u2019equip en la segona mitat despr\u00e9s del gol visitant L\u2019entrenador del Villarreal, Marcelino Garc\u00eda Toral, s\u2019ha mostrat satisfet per la vict\u00f2ria dels seus davant la UD Las Palmas (3-1) en l\u2019Estadio de la Cer\u00e1mica. \u201cEl resultat \u00e9s just. Aconseguim una vict\u00f2ria important, que ens posa tercers, i amb la qual ens anem molt contents\u201d, va destacar Marcelino sobre el partit davant els canaris. De la mateixa manera, va enaltir especialment la segona mitat del seu equip: \u201cA partir del 1-1, hem estat molt b\u00e9. Hem generat perill i hem jugat com un equip. Vam tindre de tot: criteri, flu\u00efdesa, oportunitats, un penal fallat, un gol anul\u00b7lat en fora de joc\u2026En la primera mitat, no ajustem b\u00e9 la pressi\u00f3 i no vam estar encertats en les circulacions. Ens va faltar pausa. Busquem massa el contraatac. Encara que \u00e9s veritat que aix\u00ed vam fer el primer gol\u201d. Malgrat la vict\u00f2ria i el somiat inici de competici\u00f3, l\u2019entrenador asturi\u00e0 assegura que el Villarreal t\u00e9 marge de millora: \u201cEl nostre objectiu \u00e9s ser millors. I \u00e9s evident que hem de millorar moltes facetes del joc, per\u00f2 estem b\u00e9. Som un equip amb molts canvis i un calendari molt dif\u00edcil per a l\u2019inici. Estem orgullosos d\u2019estos futbolistes. Molts no parlen molt de castell\u00e0, per\u00f2 treballen molt i volen guanyar partits. Per aix\u00f2 estem molt agra\u00efts. Tots haur\u00edem firmat estar aix\u00ed a hores d\u2019ara\u201d. D\u2019altra banda, Marcelino va agrair a l\u2019afici\u00f3 la seua implicaci\u00f3 durant els 90 minuts del matx: \u201cLi donem les gr\u00e0cies a l\u2019afici\u00f3. Estan amb l\u2019equip. \u00c9s cert que l\u2019equip s\u2019esfor\u00e7a, treballa i lluita per guanyar cada partit. Est\u00e0 transmetent ambici\u00f3, il\u00b7lusi\u00f3 i passi\u00f3. I els aficionats ho perceben. Estem satisfets de qu\u00e8 gaudisquen i que ens puguen ajudar\u201d. A continuaci\u00f3, es pot visualitzar la roda de premsa completa de Marcelino Garc\u00eda Toral:","url":"","background_image":"","images":[],"videos":[{"type":"video","kind":"iframe","url":"https:\/\/www.youtube.com\/embed\/4BYnc4QaupA?feature=oembed","poster":""}],"links":[]}]},"excerpt":{"rendered":"El t\u00e9cnico amarillo ha resaltado la excelente reacci\u00f3n del equipo en la segunda mitad tras el gol visitante","protected":false},"author":25,"featured_media":323170,"comment_status":"closed","ping_status":"closed","sticky":false,"template":"","format":"standard","meta":{"_acf_changed":false,"footnotes":""},"categories":[13493],"tags":[11429,717,13555,10242,9219,9278,9680,716,9205,13556,10756,13557],"acf":null,"lang":"val","translations":{"es":323139,"val":323174,"en":323178},"essential_grid":{"has_grid":false},"formatted_date":"September 30, 2024","modified_date":"October 1, 2024","permalink":"https:\/\/villarrealcf.es\/val\/marcelino-hem-sigut-un-equip-i-aixo-ens-ha-apropat-a-la-victoria\/","reading_time":2,"featured_media_data":{"id":323170,"title":"marcelino_garcia","caption":"","alt_text":"","description":"","mime_type":"image\/jpeg","source_url":"https:\/\/villarrealcf.es\/wp-content\/uploads\/2024\/09\/marcelino_garcia.jpg","sizes":{"thumbnail":{"url":"https:\/\/villarrealcf.es\/wp-content\/uploads\/2024\/09\/marcelino_garcia.jpg","width":1920,"height":1080},"medium":{"url":"https:\/\/villarrealcf.es\/wp-content\/uploads\/2024\/09\/marcelino_garcia.jpg","width":1920,"height":1080},"medium_large":{"url":"https:\/\/villarrealcf.es\/wp-content\/uploads\/2024\/09\/marcelino_garcia-768x432.jpg","width":768,"height":432},"large":{"url":"https:\/\/villarrealcf.es\/wp-content\/uploads\/2024\/09\/marcelino_garcia.jpg","width":788,"height":443},"1536x1536":{"url":"https:\/\/villarrealcf.es\/wp-content\/uploads\/2024\/09\/marcelino_garcia-1536x864.jpg","width":1536,"height":864},"2048x2048":{"url":"https:\/\/villarrealcf.es\/wp-content\/uploads\/2024\/09\/marcelino_garcia.jpg","width":1920,"height":1080},"tp-image-grid":{"url":"https:\/\/villarrealcf.es\/wp-content\/uploads\/2024\/09\/marcelino_garcia-700x700.jpg","width":700,"height":700},"size-bunyad-medium":{"url":"https:\/\/villarrealcf.es\/wp-content\/uploads\/2024\/09\/marcelino_garcia.jpg","width":1920,"height":1080},"sportspress-crop-medium":{"url":"https:\/\/villarrealcf.es\/wp-content\/uploads\/2024\/09\/marcelino_garcia-300x300.jpg","width":300,"height":300},"sportspress-fit-medium":{"url":"https:\/\/villarrealcf.es\/wp-content\/uploads\/2024\/09\/marcelino_garcia-300x169.jpg","width":300,"height":169},"sportspress-fit-icon":{"url":"https:\/\/villarrealcf.es\/wp-content\/uploads\/2024\/09\/marcelino_garcia-128x72.jpg","width":128,"height":72},"sportspress-fit-mini":{"url":"https:\/\/villarrealcf.es\/wp-content\/uploads\/2024\/09\/marcelino_garcia-32x18.jpg","width":32,"height":18},"bunyad-small":{"url":"https:\/\/villarrealcf.es\/wp-content\/uploads\/2024\/09\/marcelino_garcia-150x84.jpg","width":150,"height":84},"bunyad-medium":{"url":"https:\/\/villarrealcf.es\/wp-content\/uploads\/2024\/09\/marcelino_garcia-450x253.jpg","width":450,"height":253},"bunyad-full":{"url":"https:\/\/villarrealcf.es\/wp-content\/uploads\/2024\/09\/marcelino_garcia-1200x675.jpg","width":1200,"height":675},"bunyad-viewport":{"url":"https:\/\/villarrealcf.es\/wp-content\/uploads\/2024\/09\/marcelino_garcia.jpg","width":1920,"height":1080},"bunyad-768":{"url":"https:\/\/villarrealcf.es\/wp-content\/uploads\/2024\/09\/marcelino_garcia-768x432.jpg","width":768,"height":432},"full":{"url":"https:\/\/villarrealcf.es\/wp-content\/uploads\/2024\/09\/marcelino_garcia.jpg","width":1920,"height":1080}}},"author_data":{"id":"25","name":"Javier Ayuso","first_name":"Javier","last_name":"Ayuso","description":"","avatar_url":"https:\/\/secure.gravatar.com\/avatar\/fcf8894be45988fcce5bbff0efe1790d2a7f4ba57e2c7c898f5068154e696495?s=96&d=mm&r=g","acf":null},"taxonomies_data":{"category":[{"id":13493,"name":"Primer equip","slug":"primer-equip","acf":null}],"post_tag":[{"id":11429,"name":"Estadio de la Cer\u00e1mica","slug":"estadio-de-la-ceramica-val","acf":null},{"id":717,"name":"Football","slug":"football-d34","acf":null},{"id":13555,"name":"Futbol","slug":"futbol-val-2","acf":null},{"id":10242,"name":"Jornada 8","slug":"jornada-8-val","acf":null},{"id":9219,"name":"Marcelino Garc\u00eda Toral","slug":"marcelino-garcia-toral-val","acf":null},{"id":9278,"name":"primera division","slug":"primera-division-val","acf":null},{"id":9680,"name":"Rueda de prensa","slug":"rueda-de-prensa-val","acf":null},{"id":716,"name":"Soccer","slug":"soccer-d105","acf":null},{"id":9205,"name":"Submarino","slug":"submarino-val","acf":null},{"id":13556,"name":"Submarino Amarillo","slug":"submarino-amarillo-val-2","acf":null},{"id":10756,"name":"UD Las Palmas","slug":"ud-las-palmas-val","acf":null},{"id":13557,"name":"Villarreal CF","slug":"villarreal-cf-val-2","acf":null}],"translation_priority":[{"id":735,"name":"Optional","slug":"optional-val","acf":null}]},"seo_full":{"native":{"title":"Marcelino: \u201cHem sigut un equip i aix\u00f2 ens ha apropat a la vict\u00f2ria\u201d - Web Oficial del Villarreal CF","description":"El t\u00e9cnico amarillo ha resaltado la excelente reacci\u00f3n del equipo en la segunda mitad tras el gol visitante","canonical":"https:\/\/villarrealcf.es\/val\/marcelino-hem-sigut-un-equip-i-aixo-ens-ha-apropat-a-la-victoria\/"}},"_links":{"self":[{"href":"https:\/\/villarrealcf.es\/val\/wp-json\/wp\/v2\/posts\/323174","targetHints":{"allow":["GET"]}}],"collection":[{"href":"https:\/\/villarrealcf.es\/val\/wp-json\/wp\/v2\/posts"}],"about":[{"href":"https:\/\/villarrealcf.es\/val\/wp-json\/wp\/v2\/types\/post"}],"author":[{"embeddable":true,"href":"https:\/\/villarrealcf.es\/val\/wp-json\/wp\/v2\/users\/25"}],"replies":[{"embeddable":true,"href":"https:\/\/villarrealcf.es\/val\/wp-json\/wp\/v2\/comments?post=323174"}],"version-history":[{"count":0,"href":"https:\/\/villarrealcf.es\/val\/wp-json\/wp\/v2\/posts\/323174\/revisions"}],"wp:featuredmedia":[{"embeddable":true,"href":"https:\/\/villarrealcf.es\/val\/wp-json\/wp\/v2\/media\/323170"}],"wp:attachment":[{"href":"https:\/\/villarrealcf.es\/val\/wp-json\/wp\/v2\/media?parent=323174"}],"wp:term":[{"taxonomy":"category","embeddable":true,"href":"https:\/\/villarrealcf.es\/val\/wp-json\/wp\/v2\/categories?post=323174"},{"taxonomy":"post_tag","embeddable":true,"href":"https:\/\/villarrealcf.es\/val\/wp-json\/wp\/v2\/tags?post=323174"}],"curies":[{"name":"wp","href":"https:\/\/api.w.org\/{rel}","templated":true}]}}