{"id":322481,"date":"2024-09-24T10:13:59","date_gmt":"2024-09-24T08:13:59","guid":{"rendered":"https:\/\/villarrealcf.es\/los-nuevos-jugadores-del-villarreal-fichan-por-asisa\/"},"modified":"2024-09-23T15:38:59","modified_gmt":"2024-09-23T13:38:59","slug":"els-nous-jugadors-del-villarreal-fitxen-per-asisa","status":"publish","type":"post","link":"https:\/\/villarrealcf.es\/val\/els-nous-jugadors-del-villarreal-fitxen-per-asisa\/","title":{"rendered":"Els nous jugadors del Villarreal fitxen per ASISA"},"content":{"protected":false,"blocks":[{"type":"heading","level":2,"text":"Les noves incorporacions del primer equip han rebut la targeta sanit\u00e0ria del prove\u00efdor m\u00e8dic del club"},{"type":"paragraph","text":"El Villarreal CF i l\u2019asseguradora de salut ASISA continuen treballant junts per novena campanya consecutiva. Els nous fitxatges del primer equip del Submar\u00ed Groc, Logan Costa, Thierno Barry, Luiz J\u00fanior, Willy Kambwala, Diego Conde, Ayoze P\u00e9rez, Pape Gueye, Sergi Cardona, Nicolas Pepe i Juan Bernat, han rebut la targeta sanit\u00e0ria d\u2019ASISA, prove\u00efdor m\u00e8dic del Villarreal CF. D\u2019esta manera, tots els integrants del primer equip disposen dels servicis i l\u2019assist\u00e8ncia d\u2019esta asseguradora de salut l\u00edder en el sector."},{"type":"paragraph","text":"L\u2019acte de lliurament de les corresponents targetes s\u2019ha celebrat en l\u2019Estadio de la Cer\u00e1mica i tamb\u00e9 ha comptat amb la pres\u00e8ncia del conseller delegat d\u2019ASISA, el doctor Javier G\u00f3mez-Ferrer; el gerent d\u2019ASISA a Castell\u00f3, C\u00e9sar Gozalbo."},{"type":"paragraph","text":"ASISA \u00e9s el prove\u00efdor m\u00e8dic oficial del Villarreal Club de Futbol des de gener del 2016. Com a prove\u00efdor m\u00e8dic oficial, ASISA s\u2019encarrega de l\u2019assist\u00e8ncia m\u00e8dica i sanit\u00e0ria de la primera plantilla del Villarreal CF, els seus equips de futbol base i empleats del club. La companyia posa a la seua disposici\u00f3 un ampli quadre m\u00e8dic i l\u2019acc\u00e9s als \u00faltims tractaments i als avan\u00e7os tecnol\u00f2gics i assistencials m\u00e9s innovadors en els \u00e0mbits de la prevenci\u00f3, la salut, la nutrici\u00f3 i el benestar."},{"type":"paragraph","text":"Comprom\u00eds amb la promoci\u00f3 de l\u2019esport"},{"type":"paragraph","text":"Este acord amb el Villarreal CF s\u2019emmarca en els principis corporatius d\u2019ASISA, que mant\u00e9 com una de les seues senyes d\u2019identitat m\u00e9s recognoscibles un comprom\u00eds s\u00f2lid amb el mecenatge i el patrocini de multitud d\u2019activitats socials, culturals i esportives."},{"type":"paragraph","text":"Per aix\u00f2, l\u2019asseguradora mant\u00e9 un fort vincle amb el foment de l\u2019educaci\u00f3 i els h\u00e0bits de vida saludables. Este comprom\u00eds es materialitza a trav\u00e9s del suport i el patrocini a diferents organitzacions i clubs esportius, amb l\u2019objectiu de la promoci\u00f3 de l\u2019esport des de la base i el suport a joves esportistes."},{"type":"paragraph","text":"Els valors que ASISA vol transmetre i promoure entre els joves a trav\u00e9s d\u2019estos patrocinis esportius s\u00f3n el treball en equip, la competitivitat, la superaci\u00f3 personal i la const\u00e0ncia."},{"type":"image","url":"https:\/\/villarrealcf.es\/wp-content\/uploads\/2024\/09\/Asisa.jpg","alt":"","width":760,"height":84,"srcset":"https:\/\/villarrealcf.es\/wp-content\/uploads\/2024\/09\/Asisa.jpg 760w, https:\/\/villarrealcf.es\/wp-content\/uploads\/2024\/09\/Asisa.jpg 1920w, https:\/\/villarrealcf.es\/wp-content\/uploads\/2024\/09\/Asisa.jpg 1920w, https:\/\/villarrealcf.es\/wp-content\/uploads\/2024\/09\/Asisa-32x4.jpg 32w, https:\/\/villarrealcf.es\/wp-content\/uploads\/2024\/09\/Asisa-150x17.jpg 150w, https:\/\/villarrealcf.es\/wp-content\/uploads\/2024\/09\/Asisa.jpg 1920w, https:\/\/villarrealcf.es\/wp-content\/uploads\/2024\/09\/Asisa.jpg 1920w","sizes":"auto, (max-width: 760px) 100vw, 760px"}],"structured":{"summary":{"text":"Les noves incorporacions del primer equip han rebut la targeta sanit\u00e0ria del prove\u00efdor m\u00e8dic del club El Villarreal CF i l\u2019asseguradora de salut ASISA continuen treballant junts per novena campanya consecutiva. Els nous fitxatges del primer equip del Submar\u00ed Groc, Logan Costa, Thierno Barry, Luiz J\u00fanior, Willy Kambwala, Diego Conde, Ayoze P\u00e9rez, Pape Gueye, Sergi Cardona, Nicolas Pepe i Juan Bernat, han rebut la targeta sanit\u00e0ria d\u2019ASISA, prove\u00efdor m\u00e8dic del Villarreal CF. D\u2019esta manera, tots els integrants del primer equip disposen dels servicis i l\u2019assist\u00e8ncia d\u2019esta asseguradora de salut l\u00edder en el sector. L\u2019acte de lliurament de les corresponents targetes s\u2019ha celebrat en l\u2019Estadio de la Cer\u00e1mica i tamb\u00e9 ha comptat amb la pres\u00e8ncia del conseller delegat d\u2019ASISA, el doctor Javier G\u00f3mez-Ferrer; el gerent d\u2019ASISA a Castell\u00f3, C\u00e9sar Gozalbo. ASISA \u00e9s el prove\u00efdor m\u00e8dic oficial del Villarreal Club de Futbol des de gener del 2016. Com a prove\u00efdor m\u00e8dic oficial, ASISA s\u2019encarrega de l\u2019assist\u00e8ncia m\u00e8dica i sanit\u00e0ria de la primera plantilla del Villarreal CF, els seus equips de futbol base i empleats del club. La companyia posa a la seua disposici\u00f3 un ampli quadre m\u00e8dic i l\u2019acc\u00e9s als \u00faltims tractaments i als avan\u00e7os tecnol\u00f2gics i assistencials m\u00e9s innovadors en els \u00e0mbits de la prevenci\u00f3, la salut, la nutrici\u00f3 i el benestar. Comprom\u00eds amb la promoci\u00f3 de l\u2019esport Este acord amb el Villarreal CF s\u2019emmarca en els principis corporatius d\u2019ASISA, que mant\u00e9 com una de les seues senyes d\u2019identitat m\u00e9s recognoscibles un comprom\u00eds s\u00f2lid amb el mecenatge i el patrocini de multitud d\u2019activitats socials, culturals i esportives. Per aix\u00f2, l\u2019asseguradora mant\u00e9 un fort vincle amb el foment de l\u2019educaci\u00f3 i els h\u00e0bits de vida saludables. Este comprom\u00eds es materialitza a trav\u00e9s del suport i el patrocini a diferents organitzacions i clubs esportius, amb l\u2019objectiu de la promoci\u00f3 de l\u2019esport des de la base i el suport a joves esportistes. Els valors que ASISA vol transmetre i promoure entre els joves a trav\u00e9s d\u2019estos patrocinis esportius s\u00f3n el treball en equip, la competitivitat, la superaci\u00f3 personal i la const\u00e0ncia.","headings":[{"type":"heading","level":2,"text":"Les noves incorporacions del primer equip han rebut la targeta sanit\u00e0ria del prove\u00efdor m\u00e8dic del club"}],"buttons":[],"images":[{"type":"image","url":"https:\/\/villarrealcf.es\/wp-content\/uploads\/2024\/09\/Asisa.jpg","alt":"","width":760,"height":84,"srcset":"https:\/\/villarrealcf.es\/wp-content\/uploads\/2024\/09\/Asisa.jpg 760w, https:\/\/villarrealcf.es\/wp-content\/uploads\/2024\/09\/Asisa.jpg 1920w, https:\/\/villarrealcf.es\/wp-content\/uploads\/2024\/09\/Asisa.jpg 1920w, https:\/\/villarrealcf.es\/wp-content\/uploads\/2024\/09\/Asisa-32x4.jpg 32w, https:\/\/villarrealcf.es\/wp-content\/uploads\/2024\/09\/Asisa-150x17.jpg 150w, https:\/\/villarrealcf.es\/wp-content\/uploads\/2024\/09\/Asisa.jpg 1920w, https:\/\/villarrealcf.es\/wp-content\/uploads\/2024\/09\/Asisa.jpg 1920w","sizes":"auto, (max-width: 760px) 100vw, 760px"}],"counts":{"blocks":9,"headings":1,"texts":7,"buttons":0,"images":1}},"sections":[{"id":"section-1","title":"Les noves incorporacions del primer equip han rebut la targeta sanit\u00e0ria del prove\u00efdor m\u00e8dic del club","text":"Les noves incorporacions del primer equip han rebut la targeta sanit\u00e0ria del prove\u00efdor m\u00e8dic del club El Villarreal CF i l\u2019asseguradora de salut ASISA continuen treballant junts per novena campanya consecutiva. Els nous fitxatges del primer equip del Submar\u00ed Groc, Logan Costa, Thierno Barry, Luiz J\u00fanior, Willy Kambwala, Diego Conde, Ayoze P\u00e9rez, Pape Gueye, Sergi Cardona, Nicolas Pepe i Juan Bernat, han rebut la targeta sanit\u00e0ria d\u2019ASISA, prove\u00efdor m\u00e8dic del Villarreal CF. D\u2019esta manera, tots els integrants del primer equip disposen dels servicis i l\u2019assist\u00e8ncia d\u2019esta asseguradora de salut l\u00edder en el sector. L\u2019acte de lliurament de les corresponents targetes s\u2019ha celebrat en l\u2019Estadio de la Cer\u00e1mica i tamb\u00e9 ha comptat amb la pres\u00e8ncia del conseller delegat d\u2019ASISA, el doctor Javier G\u00f3mez-Ferrer; el gerent d\u2019ASISA a Castell\u00f3, C\u00e9sar Gozalbo. ASISA \u00e9s el prove\u00efdor m\u00e8dic oficial del Villarreal Club de Futbol des de gener del 2016. Com a prove\u00efdor m\u00e8dic oficial, ASISA s\u2019encarrega de l\u2019assist\u00e8ncia m\u00e8dica i sanit\u00e0ria de la primera plantilla del Villarreal CF, els seus equips de futbol base i empleats del club. La companyia posa a la seua disposici\u00f3 un ampli quadre m\u00e8dic i l\u2019acc\u00e9s als \u00faltims tractaments i als avan\u00e7os tecnol\u00f2gics i assistencials m\u00e9s innovadors en els \u00e0mbits de la prevenci\u00f3, la salut, la nutrici\u00f3 i el benestar. Comprom\u00eds amb la promoci\u00f3 de l\u2019esport Este acord amb el Villarreal CF s\u2019emmarca en els principis corporatius d\u2019ASISA, que mant\u00e9 com una de les seues senyes d\u2019identitat m\u00e9s recognoscibles un comprom\u00eds s\u00f2lid amb el mecenatge i el patrocini de multitud d\u2019activitats socials, culturals i esportives. Per aix\u00f2, l\u2019asseguradora mant\u00e9 un fort vincle amb el foment de l\u2019educaci\u00f3 i els h\u00e0bits de vida saludables. Este comprom\u00eds es materialitza a trav\u00e9s del suport i el patrocini a diferents organitzacions i clubs esportius, amb l\u2019objectiu de la promoci\u00f3 de l\u2019esport des de la base i el suport a joves esportistes. Els valors que ASISA vol transmetre i promoure entre els joves a trav\u00e9s d\u2019estos patrocinis esportius s\u00f3n el treball en equip, la competitivitat, la superaci\u00f3 personal i la const\u00e0ncia.","headings":[{"type":"heading","level":2,"text":"Les noves incorporacions del primer equip han rebut la targeta sanit\u00e0ria del prove\u00efdor m\u00e8dic del club"}],"texts":[{"type":"paragraph","text":"El Villarreal CF i l\u2019asseguradora de salut ASISA continuen treballant junts per novena campanya consecutiva. Els nous fitxatges del primer equip del Submar\u00ed Groc, Logan Costa, Thierno Barry, Luiz J\u00fanior, Willy Kambwala, Diego Conde, Ayoze P\u00e9rez, Pape Gueye, Sergi Cardona, Nicolas Pepe i Juan Bernat, han rebut la targeta sanit\u00e0ria d\u2019ASISA, prove\u00efdor m\u00e8dic del Villarreal CF. D\u2019esta manera, tots els integrants del primer equip disposen dels servicis i l\u2019assist\u00e8ncia d\u2019esta asseguradora de salut l\u00edder en el sector."},{"type":"paragraph","text":"L\u2019acte de lliurament de les corresponents targetes s\u2019ha celebrat en l\u2019Estadio de la Cer\u00e1mica i tamb\u00e9 ha comptat amb la pres\u00e8ncia del conseller delegat d\u2019ASISA, el doctor Javier G\u00f3mez-Ferrer; el gerent d\u2019ASISA a Castell\u00f3, C\u00e9sar Gozalbo."},{"type":"paragraph","text":"ASISA \u00e9s el prove\u00efdor m\u00e8dic oficial del Villarreal Club de Futbol des de gener del 2016. Com a prove\u00efdor m\u00e8dic oficial, ASISA s\u2019encarrega de l\u2019assist\u00e8ncia m\u00e8dica i sanit\u00e0ria de la primera plantilla del Villarreal CF, els seus equips de futbol base i empleats del club. La companyia posa a la seua disposici\u00f3 un ampli quadre m\u00e8dic i l\u2019acc\u00e9s als \u00faltims tractaments i als avan\u00e7os tecnol\u00f2gics i assistencials m\u00e9s innovadors en els \u00e0mbits de la prevenci\u00f3, la salut, la nutrici\u00f3 i el benestar."},{"type":"paragraph","text":"Comprom\u00eds amb la promoci\u00f3 de l\u2019esport"},{"type":"paragraph","text":"Este acord amb el Villarreal CF s\u2019emmarca en els principis corporatius d\u2019ASISA, que mant\u00e9 com una de les seues senyes d\u2019identitat m\u00e9s recognoscibles un comprom\u00eds s\u00f2lid amb el mecenatge i el patrocini de multitud d\u2019activitats socials, culturals i esportives."},{"type":"paragraph","text":"Per aix\u00f2, l\u2019asseguradora mant\u00e9 un fort vincle amb el foment de l\u2019educaci\u00f3 i els h\u00e0bits de vida saludables. Este comprom\u00eds es materialitza a trav\u00e9s del suport i el patrocini a diferents organitzacions i clubs esportius, amb l\u2019objectiu de la promoci\u00f3 de l\u2019esport des de la base i el suport a joves esportistes."},{"type":"paragraph","text":"Els valors que ASISA vol transmetre i promoure entre els joves a trav\u00e9s d\u2019estos patrocinis esportius s\u00f3n el treball en equip, la competitivitat, la superaci\u00f3 personal i la const\u00e0ncia."}],"buttons":[],"images":[{"type":"image","url":"https:\/\/villarrealcf.es\/wp-content\/uploads\/2024\/09\/Asisa.jpg","alt":"","width":760,"height":84,"srcset":"https:\/\/villarrealcf.es\/wp-content\/uploads\/2024\/09\/Asisa.jpg 760w, https:\/\/villarrealcf.es\/wp-content\/uploads\/2024\/09\/Asisa.jpg 1920w, https:\/\/villarrealcf.es\/wp-content\/uploads\/2024\/09\/Asisa.jpg 1920w, https:\/\/villarrealcf.es\/wp-content\/uploads\/2024\/09\/Asisa-32x4.jpg 32w, https:\/\/villarrealcf.es\/wp-content\/uploads\/2024\/09\/Asisa-150x17.jpg 150w, https:\/\/villarrealcf.es\/wp-content\/uploads\/2024\/09\/Asisa.jpg 1920w, https:\/\/villarrealcf.es\/wp-content\/uploads\/2024\/09\/Asisa.jpg 1920w","sizes":"auto, (max-width: 760px) 100vw, 760px"}],"widgets":[],"blocks":[{"type":"heading","level":2,"text":"Les noves incorporacions del primer equip han rebut la targeta sanit\u00e0ria del prove\u00efdor m\u00e8dic del club"},{"type":"paragraph","text":"El Villarreal CF i l\u2019asseguradora de salut ASISA continuen treballant junts per novena campanya consecutiva. Els nous fitxatges del primer equip del Submar\u00ed Groc, Logan Costa, Thierno Barry, Luiz J\u00fanior, Willy Kambwala, Diego Conde, Ayoze P\u00e9rez, Pape Gueye, Sergi Cardona, Nicolas Pepe i Juan Bernat, han rebut la targeta sanit\u00e0ria d\u2019ASISA, prove\u00efdor m\u00e8dic del Villarreal CF. D\u2019esta manera, tots els integrants del primer equip disposen dels servicis i l\u2019assist\u00e8ncia d\u2019esta asseguradora de salut l\u00edder en el sector."},{"type":"paragraph","text":"L\u2019acte de lliurament de les corresponents targetes s\u2019ha celebrat en l\u2019Estadio de la Cer\u00e1mica i tamb\u00e9 ha comptat amb la pres\u00e8ncia del conseller delegat d\u2019ASISA, el doctor Javier G\u00f3mez-Ferrer; el gerent d\u2019ASISA a Castell\u00f3, C\u00e9sar Gozalbo."},{"type":"paragraph","text":"ASISA \u00e9s el prove\u00efdor m\u00e8dic oficial del Villarreal Club de Futbol des de gener del 2016. Com a prove\u00efdor m\u00e8dic oficial, ASISA s\u2019encarrega de l\u2019assist\u00e8ncia m\u00e8dica i sanit\u00e0ria de la primera plantilla del Villarreal CF, els seus equips de futbol base i empleats del club. La companyia posa a la seua disposici\u00f3 un ampli quadre m\u00e8dic i l\u2019acc\u00e9s als \u00faltims tractaments i als avan\u00e7os tecnol\u00f2gics i assistencials m\u00e9s innovadors en els \u00e0mbits de la prevenci\u00f3, la salut, la nutrici\u00f3 i el benestar."},{"type":"paragraph","text":"Comprom\u00eds amb la promoci\u00f3 de l\u2019esport"},{"type":"paragraph","text":"Este acord amb el Villarreal CF s\u2019emmarca en els principis corporatius d\u2019ASISA, que mant\u00e9 com una de les seues senyes d\u2019identitat m\u00e9s recognoscibles un comprom\u00eds s\u00f2lid amb el mecenatge i el patrocini de multitud d\u2019activitats socials, culturals i esportives."},{"type":"paragraph","text":"Per aix\u00f2, l\u2019asseguradora mant\u00e9 un fort vincle amb el foment de l\u2019educaci\u00f3 i els h\u00e0bits de vida saludables. Este comprom\u00eds es materialitza a trav\u00e9s del suport i el patrocini a diferents organitzacions i clubs esportius, amb l\u2019objectiu de la promoci\u00f3 de l\u2019esport des de la base i el suport a joves esportistes."},{"type":"paragraph","text":"Els valors que ASISA vol transmetre i promoure entre els joves a trav\u00e9s d\u2019estos patrocinis esportius s\u00f3n el treball en equip, la competitivitat, la superaci\u00f3 personal i la const\u00e0ncia."},{"type":"image","url":"https:\/\/villarrealcf.es\/wp-content\/uploads\/2024\/09\/Asisa.jpg","alt":"","width":760,"height":84,"srcset":"https:\/\/villarrealcf.es\/wp-content\/uploads\/2024\/09\/Asisa.jpg 760w, https:\/\/villarrealcf.es\/wp-content\/uploads\/2024\/09\/Asisa.jpg 1920w, https:\/\/villarrealcf.es\/wp-content\/uploads\/2024\/09\/Asisa.jpg 1920w, https:\/\/villarrealcf.es\/wp-content\/uploads\/2024\/09\/Asisa-32x4.jpg 32w, https:\/\/villarrealcf.es\/wp-content\/uploads\/2024\/09\/Asisa-150x17.jpg 150w, https:\/\/villarrealcf.es\/wp-content\/uploads\/2024\/09\/Asisa.jpg 1920w, https:\/\/villarrealcf.es\/wp-content\/uploads\/2024\/09\/Asisa.jpg 1920w","sizes":"auto, (max-width: 760px) 100vw, 760px"}]}],"hero":{"id":"section-1","title":"Les noves incorporacions del primer equip han rebut la targeta sanit\u00e0ria del prove\u00efdor m\u00e8dic del club","text":"Les noves incorporacions del primer equip han rebut la targeta sanit\u00e0ria del prove\u00efdor m\u00e8dic del club El Villarreal CF i l\u2019asseguradora de salut ASISA continuen treballant junts per novena campanya consecutiva. Els nous fitxatges del primer equip del Submar\u00ed Groc, Logan Costa, Thierno Barry, Luiz J\u00fanior, Willy Kambwala, Diego Conde, Ayoze P\u00e9rez, Pape Gueye, Sergi Cardona, Nicolas Pepe i Juan Bernat, han rebut la targeta sanit\u00e0ria d\u2019ASISA, prove\u00efdor m\u00e8dic del Villarreal CF. D\u2019esta manera, tots els integrants del primer equip disposen dels servicis i l\u2019assist\u00e8ncia d\u2019esta asseguradora de salut l\u00edder en el sector. L\u2019acte de lliurament de les corresponents targetes s\u2019ha celebrat en l\u2019Estadio de la Cer\u00e1mica i tamb\u00e9 ha comptat amb la pres\u00e8ncia del conseller delegat d\u2019ASISA, el doctor Javier G\u00f3mez-Ferrer; el gerent d\u2019ASISA a Castell\u00f3, C\u00e9sar Gozalbo. ASISA \u00e9s el prove\u00efdor m\u00e8dic oficial del Villarreal Club de Futbol des de gener del 2016. Com a prove\u00efdor m\u00e8dic oficial, ASISA s\u2019encarrega de l\u2019assist\u00e8ncia m\u00e8dica i sanit\u00e0ria de la primera plantilla del Villarreal CF, els seus equips de futbol base i empleats del club. La companyia posa a la seua disposici\u00f3 un ampli quadre m\u00e8dic i l\u2019acc\u00e9s als \u00faltims tractaments i als avan\u00e7os tecnol\u00f2gics i assistencials m\u00e9s innovadors en els \u00e0mbits de la prevenci\u00f3, la salut, la nutrici\u00f3 i el benestar. Comprom\u00eds amb la promoci\u00f3 de l\u2019esport Este acord amb el Villarreal CF s\u2019emmarca en els principis corporatius d\u2019ASISA, que mant\u00e9 com una de les seues senyes d\u2019identitat m\u00e9s recognoscibles un comprom\u00eds s\u00f2lid amb el mecenatge i el patrocini de multitud d\u2019activitats socials, culturals i esportives. Per aix\u00f2, l\u2019asseguradora mant\u00e9 un fort vincle amb el foment de l\u2019educaci\u00f3 i els h\u00e0bits de vida saludables. Este comprom\u00eds es materialitza a trav\u00e9s del suport i el patrocini a diferents organitzacions i clubs esportius, amb l\u2019objectiu de la promoci\u00f3 de l\u2019esport des de la base i el suport a joves esportistes. Els valors que ASISA vol transmetre i promoure entre els joves a trav\u00e9s d\u2019estos patrocinis esportius s\u00f3n el treball en equip, la competitivitat, la superaci\u00f3 personal i la const\u00e0ncia.","headings":[{"type":"heading","level":2,"text":"Les noves incorporacions del primer equip han rebut la targeta sanit\u00e0ria del prove\u00efdor m\u00e8dic del club"}],"texts":[{"type":"paragraph","text":"El Villarreal CF i l\u2019asseguradora de salut ASISA continuen treballant junts per novena campanya consecutiva. Els nous fitxatges del primer equip del Submar\u00ed Groc, Logan Costa, Thierno Barry, Luiz J\u00fanior, Willy Kambwala, Diego Conde, Ayoze P\u00e9rez, Pape Gueye, Sergi Cardona, Nicolas Pepe i Juan Bernat, han rebut la targeta sanit\u00e0ria d\u2019ASISA, prove\u00efdor m\u00e8dic del Villarreal CF. D\u2019esta manera, tots els integrants del primer equip disposen dels servicis i l\u2019assist\u00e8ncia d\u2019esta asseguradora de salut l\u00edder en el sector."},{"type":"paragraph","text":"L\u2019acte de lliurament de les corresponents targetes s\u2019ha celebrat en l\u2019Estadio de la Cer\u00e1mica i tamb\u00e9 ha comptat amb la pres\u00e8ncia del conseller delegat d\u2019ASISA, el doctor Javier G\u00f3mez-Ferrer; el gerent d\u2019ASISA a Castell\u00f3, C\u00e9sar Gozalbo."},{"type":"paragraph","text":"ASISA \u00e9s el prove\u00efdor m\u00e8dic oficial del Villarreal Club de Futbol des de gener del 2016. Com a prove\u00efdor m\u00e8dic oficial, ASISA s\u2019encarrega de l\u2019assist\u00e8ncia m\u00e8dica i sanit\u00e0ria de la primera plantilla del Villarreal CF, els seus equips de futbol base i empleats del club. La companyia posa a la seua disposici\u00f3 un ampli quadre m\u00e8dic i l\u2019acc\u00e9s als \u00faltims tractaments i als avan\u00e7os tecnol\u00f2gics i assistencials m\u00e9s innovadors en els \u00e0mbits de la prevenci\u00f3, la salut, la nutrici\u00f3 i el benestar."},{"type":"paragraph","text":"Comprom\u00eds amb la promoci\u00f3 de l\u2019esport"},{"type":"paragraph","text":"Este acord amb el Villarreal CF s\u2019emmarca en els principis corporatius d\u2019ASISA, que mant\u00e9 com una de les seues senyes d\u2019identitat m\u00e9s recognoscibles un comprom\u00eds s\u00f2lid amb el mecenatge i el patrocini de multitud d\u2019activitats socials, culturals i esportives."},{"type":"paragraph","text":"Per aix\u00f2, l\u2019asseguradora mant\u00e9 un fort vincle amb el foment de l\u2019educaci\u00f3 i els h\u00e0bits de vida saludables. Este comprom\u00eds es materialitza a trav\u00e9s del suport i el patrocini a diferents organitzacions i clubs esportius, amb l\u2019objectiu de la promoci\u00f3 de l\u2019esport des de la base i el suport a joves esportistes."},{"type":"paragraph","text":"Els valors que ASISA vol transmetre i promoure entre els joves a trav\u00e9s d\u2019estos patrocinis esportius s\u00f3n el treball en equip, la competitivitat, la superaci\u00f3 personal i la const\u00e0ncia."}],"buttons":[],"images":[{"type":"image","url":"https:\/\/villarrealcf.es\/wp-content\/uploads\/2024\/09\/Asisa.jpg","alt":"","width":760,"height":84,"srcset":"https:\/\/villarrealcf.es\/wp-content\/uploads\/2024\/09\/Asisa.jpg 760w, https:\/\/villarrealcf.es\/wp-content\/uploads\/2024\/09\/Asisa.jpg 1920w, https:\/\/villarrealcf.es\/wp-content\/uploads\/2024\/09\/Asisa.jpg 1920w, https:\/\/villarrealcf.es\/wp-content\/uploads\/2024\/09\/Asisa-32x4.jpg 32w, https:\/\/villarrealcf.es\/wp-content\/uploads\/2024\/09\/Asisa-150x17.jpg 150w, https:\/\/villarrealcf.es\/wp-content\/uploads\/2024\/09\/Asisa.jpg 1920w, https:\/\/villarrealcf.es\/wp-content\/uploads\/2024\/09\/Asisa.jpg 1920w","sizes":"auto, (max-width: 760px) 100vw, 760px"}],"widgets":[],"blocks":[{"type":"heading","level":2,"text":"Les noves incorporacions del primer equip han rebut la targeta sanit\u00e0ria del prove\u00efdor m\u00e8dic del club"},{"type":"paragraph","text":"El Villarreal CF i l\u2019asseguradora de salut ASISA continuen treballant junts per novena campanya consecutiva. Els nous fitxatges del primer equip del Submar\u00ed Groc, Logan Costa, Thierno Barry, Luiz J\u00fanior, Willy Kambwala, Diego Conde, Ayoze P\u00e9rez, Pape Gueye, Sergi Cardona, Nicolas Pepe i Juan Bernat, han rebut la targeta sanit\u00e0ria d\u2019ASISA, prove\u00efdor m\u00e8dic del Villarreal CF. D\u2019esta manera, tots els integrants del primer equip disposen dels servicis i l\u2019assist\u00e8ncia d\u2019esta asseguradora de salut l\u00edder en el sector."},{"type":"paragraph","text":"L\u2019acte de lliurament de les corresponents targetes s\u2019ha celebrat en l\u2019Estadio de la Cer\u00e1mica i tamb\u00e9 ha comptat amb la pres\u00e8ncia del conseller delegat d\u2019ASISA, el doctor Javier G\u00f3mez-Ferrer; el gerent d\u2019ASISA a Castell\u00f3, C\u00e9sar Gozalbo."},{"type":"paragraph","text":"ASISA \u00e9s el prove\u00efdor m\u00e8dic oficial del Villarreal Club de Futbol des de gener del 2016. Com a prove\u00efdor m\u00e8dic oficial, ASISA s\u2019encarrega de l\u2019assist\u00e8ncia m\u00e8dica i sanit\u00e0ria de la primera plantilla del Villarreal CF, els seus equips de futbol base i empleats del club. La companyia posa a la seua disposici\u00f3 un ampli quadre m\u00e8dic i l\u2019acc\u00e9s als \u00faltims tractaments i als avan\u00e7os tecnol\u00f2gics i assistencials m\u00e9s innovadors en els \u00e0mbits de la prevenci\u00f3, la salut, la nutrici\u00f3 i el benestar."},{"type":"paragraph","text":"Comprom\u00eds amb la promoci\u00f3 de l\u2019esport"},{"type":"paragraph","text":"Este acord amb el Villarreal CF s\u2019emmarca en els principis corporatius d\u2019ASISA, que mant\u00e9 com una de les seues senyes d\u2019identitat m\u00e9s recognoscibles un comprom\u00eds s\u00f2lid amb el mecenatge i el patrocini de multitud d\u2019activitats socials, culturals i esportives."},{"type":"paragraph","text":"Per aix\u00f2, l\u2019asseguradora mant\u00e9 un fort vincle amb el foment de l\u2019educaci\u00f3 i els h\u00e0bits de vida saludables. Este comprom\u00eds es materialitza a trav\u00e9s del suport i el patrocini a diferents organitzacions i clubs esportius, amb l\u2019objectiu de la promoci\u00f3 de l\u2019esport des de la base i el suport a joves esportistes."},{"type":"paragraph","text":"Els valors que ASISA vol transmetre i promoure entre els joves a trav\u00e9s d\u2019estos patrocinis esportius s\u00f3n el treball en equip, la competitivitat, la superaci\u00f3 personal i la const\u00e0ncia."},{"type":"image","url":"https:\/\/villarrealcf.es\/wp-content\/uploads\/2024\/09\/Asisa.jpg","alt":"","width":760,"height":84,"srcset":"https:\/\/villarrealcf.es\/wp-content\/uploads\/2024\/09\/Asisa.jpg 760w, https:\/\/villarrealcf.es\/wp-content\/uploads\/2024\/09\/Asisa.jpg 1920w, https:\/\/villarrealcf.es\/wp-content\/uploads\/2024\/09\/Asisa.jpg 1920w, https:\/\/villarrealcf.es\/wp-content\/uploads\/2024\/09\/Asisa-32x4.jpg 32w, https:\/\/villarrealcf.es\/wp-content\/uploads\/2024\/09\/Asisa-150x17.jpg 150w, https:\/\/villarrealcf.es\/wp-content\/uploads\/2024\/09\/Asisa.jpg 1920w, https:\/\/villarrealcf.es\/wp-content\/uploads\/2024\/09\/Asisa.jpg 1920w","sizes":"auto, (max-width: 760px) 100vw, 760px"}]}},"sections":[{"id":"section-1","title":"Les noves incorporacions del primer equip han rebut la targeta sanit\u00e0ria del prove\u00efdor m\u00e8dic del club","text":"Les noves incorporacions del primer equip han rebut la targeta sanit\u00e0ria del prove\u00efdor m\u00e8dic del club El Villarreal CF i l\u2019asseguradora de salut ASISA continuen treballant junts per novena campanya consecutiva. Els nous fitxatges del primer equip del Submar\u00ed Groc, Logan Costa, Thierno Barry, Luiz J\u00fanior, Willy Kambwala, Diego Conde, Ayoze P\u00e9rez, Pape Gueye, Sergi Cardona, Nicolas Pepe i Juan Bernat, han rebut la targeta sanit\u00e0ria d\u2019ASISA, prove\u00efdor m\u00e8dic del Villarreal CF. D\u2019esta manera, tots els integrants del primer equip disposen dels servicis i l\u2019assist\u00e8ncia d\u2019esta asseguradora de salut l\u00edder en el sector. L\u2019acte de lliurament de les corresponents targetes s\u2019ha celebrat en l\u2019Estadio de la Cer\u00e1mica i tamb\u00e9 ha comptat amb la pres\u00e8ncia del conseller delegat d\u2019ASISA, el doctor Javier G\u00f3mez-Ferrer; el gerent d\u2019ASISA a Castell\u00f3, C\u00e9sar Gozalbo. ASISA \u00e9s el prove\u00efdor m\u00e8dic oficial del Villarreal Club de Futbol des de gener del 2016. Com a prove\u00efdor m\u00e8dic oficial, ASISA s\u2019encarrega de l\u2019assist\u00e8ncia m\u00e8dica i sanit\u00e0ria de la primera plantilla del Villarreal CF, els seus equips de futbol base i empleats del club. La companyia posa a la seua disposici\u00f3 un ampli quadre m\u00e8dic i l\u2019acc\u00e9s als \u00faltims tractaments i als avan\u00e7os tecnol\u00f2gics i assistencials m\u00e9s innovadors en els \u00e0mbits de la prevenci\u00f3, la salut, la nutrici\u00f3 i el benestar. Comprom\u00eds amb la promoci\u00f3 de l\u2019esport Este acord amb el Villarreal CF s\u2019emmarca en els principis corporatius d\u2019ASISA, que mant\u00e9 com una de les seues senyes d\u2019identitat m\u00e9s recognoscibles un comprom\u00eds s\u00f2lid amb el mecenatge i el patrocini de multitud d\u2019activitats socials, culturals i esportives. Per aix\u00f2, l\u2019asseguradora mant\u00e9 un fort vincle amb el foment de l\u2019educaci\u00f3 i els h\u00e0bits de vida saludables. Este comprom\u00eds es materialitza a trav\u00e9s del suport i el patrocini a diferents organitzacions i clubs esportius, amb l\u2019objectiu de la promoci\u00f3 de l\u2019esport des de la base i el suport a joves esportistes. Els valors que ASISA vol transmetre i promoure entre els joves a trav\u00e9s d\u2019estos patrocinis esportius s\u00f3n el treball en equip, la competitivitat, la superaci\u00f3 personal i la const\u00e0ncia.","url":"","background_image":"","images":[{"type":"image","url":"https:\/\/villarrealcf.es\/wp-content\/uploads\/2024\/09\/Asisa.jpg","alt":"","width":760,"height":84,"srcset":"https:\/\/villarrealcf.es\/wp-content\/uploads\/2024\/09\/Asisa.jpg 760w, https:\/\/villarrealcf.es\/wp-content\/uploads\/2024\/09\/Asisa.jpg 1920w, https:\/\/villarrealcf.es\/wp-content\/uploads\/2024\/09\/Asisa.jpg 1920w, https:\/\/villarrealcf.es\/wp-content\/uploads\/2024\/09\/Asisa-32x4.jpg 32w, https:\/\/villarrealcf.es\/wp-content\/uploads\/2024\/09\/Asisa-150x17.jpg 150w, https:\/\/villarrealcf.es\/wp-content\/uploads\/2024\/09\/Asisa.jpg 1920w, https:\/\/villarrealcf.es\/wp-content\/uploads\/2024\/09\/Asisa.jpg 1920w","sizes":"auto, (max-width: 760px) 100vw, 760px"}],"videos":[],"links":[]}]},"excerpt":{"rendered":"Les noves incorporacions del primer equip han rebut la targeta sanit\u00e0ria del prove\u00efdor m\u00e8dic del club","protected":false},"author":1,"featured_media":322487,"comment_status":"closed","ping_status":"closed","sticky":false,"template":"","format":"standard","meta":{"_acf_changed":false,"footnotes":""},"categories":[13484],"tags":[10899,15908,15804,9542,717,9270,15957,15936,15914,16006,15773,15848,716,9205,9627,15932,9203,15810],"acf":null,"lang":"val","translations":{"es":321676,"val":322481,"en":322626},"essential_grid":{"has_grid":false},"formatted_date":"September 24, 2024","modified_date":"September 23, 2024","permalink":"https:\/\/villarrealcf.es\/val\/els-nous-jugadors-del-villarreal-fitxen-per-asisa\/","reading_time":2,"featured_media_data":{"id":322487,"title":"Asisa","caption":"","alt_text":"","description":"","mime_type":"image\/jpeg","source_url":"https:\/\/villarrealcf.es\/wp-content\/uploads\/2024\/09\/Asisa-1.jpg","sizes":{"thumbnail":{"url":"https:\/\/villarrealcf.es\/wp-content\/uploads\/2024\/09\/Asisa-1.jpg","width":1920,"height":1080},"medium":{"url":"https:\/\/villarrealcf.es\/wp-content\/uploads\/2024\/09\/Asisa-1.jpg","width":1920,"height":1080},"medium_large":{"url":"https:\/\/villarrealcf.es\/wp-content\/uploads\/2024\/09\/Asisa-1-768x432.jpg","width":768,"height":432},"large":{"url":"https:\/\/villarrealcf.es\/wp-content\/uploads\/2024\/09\/Asisa-1.jpg","width":788,"height":443},"1536x1536":{"url":"https:\/\/villarrealcf.es\/wp-content\/uploads\/2024\/09\/Asisa-1-1536x864.jpg","width":1536,"height":864},"2048x2048":{"url":"https:\/\/villarrealcf.es\/wp-content\/uploads\/2024\/09\/Asisa-1.jpg","width":1920,"height":1080},"tp-image-grid":{"url":"https:\/\/villarrealcf.es\/wp-content\/uploads\/2024\/09\/Asisa-1-700x700.jpg","width":700,"height":700},"size-bunyad-medium":{"url":"https:\/\/villarrealcf.es\/wp-content\/uploads\/2024\/09\/Asisa-1.jpg","width":1920,"height":1080},"sportspress-crop-medium":{"url":"https:\/\/villarrealcf.es\/wp-content\/uploads\/2024\/09\/Asisa-1-300x300.jpg","width":300,"height":300},"sportspress-fit-medium":{"url":"https:\/\/villarrealcf.es\/wp-content\/uploads\/2024\/09\/Asisa-1-300x169.jpg","width":300,"height":169},"sportspress-fit-icon":{"url":"https:\/\/villarrealcf.es\/wp-content\/uploads\/2024\/09\/Asisa-1-128x72.jpg","width":128,"height":72},"sportspress-fit-mini":{"url":"https:\/\/villarrealcf.es\/wp-content\/uploads\/2024\/09\/Asisa-1-32x18.jpg","width":32,"height":18},"bunyad-small":{"url":"https:\/\/villarrealcf.es\/wp-content\/uploads\/2024\/09\/Asisa-1-150x84.jpg","width":150,"height":84},"bunyad-medium":{"url":"https:\/\/villarrealcf.es\/wp-content\/uploads\/2024\/09\/Asisa-1-450x253.jpg","width":450,"height":253},"bunyad-full":{"url":"https:\/\/villarrealcf.es\/wp-content\/uploads\/2024\/09\/Asisa-1-1200x675.jpg","width":1200,"height":675},"bunyad-viewport":{"url":"https:\/\/villarrealcf.es\/wp-content\/uploads\/2024\/09\/Asisa-1.jpg","width":1920,"height":1080},"bunyad-768":{"url":"https:\/\/villarrealcf.es\/wp-content\/uploads\/2024\/09\/Asisa-1-768x432.jpg","width":768,"height":432},"full":{"url":"https:\/\/villarrealcf.es\/wp-content\/uploads\/2024\/09\/Asisa-1.jpg","width":1920,"height":1080}}},"author_data":{"id":"1","name":"root_envidea","first_name":"Villarreal CF","last_name":"","description":"","avatar_url":"https:\/\/secure.gravatar.com\/avatar\/48f95f42a3ccc324f3a3458e4b9e6fb070b083e99d388e170c1afb061fa99b63?s=96&d=mm&r=g","acf":null},"taxonomies_data":{"category":[{"id":13484,"name":"Club","slug":"club","acf":null}],"post_tag":[{"id":10899,"name":"Asisa","slug":"asisa-val","acf":null},{"id":15908,"name":"Ayoze P\u00e9rez","slug":"ayoze-perez-val","acf":null},{"id":15804,"name":"Diego Conde","slug":"diego-conde-val","acf":null},{"id":9542,"name":"Fichajes","slug":"fichajes-val","acf":null},{"id":717,"name":"Football","slug":"football-d34","acf":null},{"id":9270,"name":"Futbol","slug":"futbol-val","acf":null},{"id":15957,"name":"Juan Bernat","slug":"juan-bernat-val","acf":null},{"id":15936,"name":"Logan Costa","slug":"logan-costa-val","acf":null},{"id":15914,"name":"Luiz J\u00fanior","slug":"luiz-junior-val","acf":null},{"id":16006,"name":"Nicolas P\u00e9p\u00e9","slug":"nicolas-pepe-val","acf":null},{"id":15773,"name":"Pape Gueye","slug":"pape-gueye-val","acf":null},{"id":15848,"name":"Sergi Cardona","slug":"sergi-cardona-val","acf":null},{"id":716,"name":"Soccer","slug":"soccer-d105","acf":null},{"id":9205,"name":"Submarino","slug":"submarino-val","acf":null},{"id":9627,"name":"Submarino Amarillo","slug":"submarino-amarillo-val","acf":null},{"id":15932,"name":"Thierno Barry","slug":"thierno-barry-val","acf":null},{"id":9203,"name":"Villarreal CF","slug":"villarreal-cf-val","acf":null},{"id":15810,"name":"Willy Kambwala","slug":"willy-kambwala-val","acf":null}],"translation_priority":[{"id":735,"name":"Optional","slug":"optional-val","acf":null}]},"seo_full":{"native":{"title":"Els nous jugadors del Villarreal fitxen per ASISA - Web Oficial del Villarreal CF","description":"Les noves incorporacions del primer equip han rebut la targeta sanit\u00e0ria del prove\u00efdor m\u00e8dic del club","canonical":"https:\/\/villarrealcf.es\/val\/els-nous-jugadors-del-villarreal-fitxen-per-asisa\/"}},"_links":{"self":[{"href":"https:\/\/villarrealcf.es\/val\/wp-json\/wp\/v2\/posts\/322481","targetHints":{"allow":["GET"]}}],"collection":[{"href":"https:\/\/villarrealcf.es\/val\/wp-json\/wp\/v2\/posts"}],"about":[{"href":"https:\/\/villarrealcf.es\/val\/wp-json\/wp\/v2\/types\/post"}],"author":[{"embeddable":true,"href":"https:\/\/villarrealcf.es\/val\/wp-json\/wp\/v2\/users\/1"}],"replies":[{"embeddable":true,"href":"https:\/\/villarrealcf.es\/val\/wp-json\/wp\/v2\/comments?post=322481"}],"version-history":[{"count":0,"href":"https:\/\/villarrealcf.es\/val\/wp-json\/wp\/v2\/posts\/322481\/revisions"}],"wp:featuredmedia":[{"embeddable":true,"href":"https:\/\/villarrealcf.es\/val\/wp-json\/wp\/v2\/media\/322487"}],"wp:attachment":[{"href":"https:\/\/villarrealcf.es\/val\/wp-json\/wp\/v2\/media?parent=322481"}],"wp:term":[{"taxonomy":"category","embeddable":true,"href":"https:\/\/villarrealcf.es\/val\/wp-json\/wp\/v2\/categories?post=322481"},{"taxonomy":"post_tag","embeddable":true,"href":"https:\/\/villarrealcf.es\/val\/wp-json\/wp\/v2\/tags?post=322481"}],"curies":[{"name":"wp","href":"https:\/\/api.w.org\/{rel}","templated":true}]}}