{"id":322280,"date":"2024-09-20T15:22:59","date_gmt":"2024-09-20T13:22:59","guid":{"rendered":"https:\/\/villarrealcf.es\/queremos-crecer-desde-la-solidez-defensiva\/"},"modified":"2024-09-20T15:31:28","modified_gmt":"2024-09-20T13:31:28","slug":"volem-creixer-des-de-la-solidesa-defensiva","status":"publish","type":"post","link":"https:\/\/villarrealcf.es\/val\/volem-creixer-des-de-la-solidesa-defensiva\/","title":{"rendered":"&#8220;Volem cr\u00e9ixer des de la solidesa defensiva&#8221;"},"content":{"protected":false,"blocks":[{"type":"heading","level":2,"text":"Virginia Garc\u00eda ha analitzat el pr\u00f2xim partit del Villarreal Femen\u00ed davant el Deportivo Alav\u00e9s (dissabte, 18.00h)"},{"type":"paragraph","text":"L\u2019entrenadora del Villarreal Femen\u00ed, Virginia Garc\u00eda, ha comparegut davant els mitjans de comunicaci\u00f3 a la sala de premsa de la Ciutat Esportiva Jos\u00e9 Manuel Llaneza per a parlar del partit que les groguetes disputaran aquest dissabte davant el Deportivo Alav\u00e9s a partir de les 18.00 hores en el Camp 5 de la Ciutat Esportiva Jos\u00e9 Manuel Llaneza."},{"type":"paragraph","text":"Aquestes han sigut les declaracions m\u00e9s destacades de l\u2019entrenadora:"},{"type":"paragraph","text":"Un inici il\u00b7lusionant"},{"type":"paragraph","text":"\u201c\u00c9s un inici molt il\u00b7lusionant. Estem tenint molt bones sensacions i ja no sols en partits, perqu\u00e8 les setmanes d\u2019entrenament s\u00f3n molt bones i crec que \u00e9s el reflex del que treballem durant tota la setmana, que els resultats estan eixint molt positius. Enllacem dues vict\u00f2ries i porteria a zero. No obstant aix\u00f2, aquesta ratxa pot ser que s\u2019acabe, perqu\u00e8 cada vegada els partits s\u00f3n m\u00e9s dif\u00edcils. Els he dit a les jugadores que gaudim del moment i estirarem tot el possible eixa ratxa\u201d."},{"type":"paragraph","text":"Dues porteries a zero"},{"type":"paragraph","text":"\u201cTen\u00edem molt clar que hav\u00edem de cr\u00e9ixer des de la solidesa defensiva. El treball a nivell col\u00b7lectiu est\u00e0 sent molt bo i estem tamb\u00e9 materialitzant ocasions, cosa que significa que estem sent fortes en les dues \u00e0rees i eixa \u00e9s la nostra basa. Hem de continuar polint detalls, per\u00f2 estem contents amb el treball i continuarem treballant, perqu\u00e8 tenim moltes armes que encara no hem mostrat\u201d."},{"type":"paragraph","text":"El rival: Deportivo Alav\u00e9s"},{"type":"paragraph","text":"\u201cEspere un partit molt dif\u00edcil. El Deportivo Alav\u00e9s \u00e9s un equip que t\u00e9 un projecte fort en la categoria, amb jugadores veteranes que tenen experi\u00e8ncia tant en Liga F com en Primera RFEF. Ser\u00e0 un partit molt igualat. Conec molt b\u00e9 a la seua entrenadora, Andrea Esteban, i sol plantejar partits igualats i dif\u00edcils. Estem motivades i il\u00b7lusionades davant aquest partit. Les claus continuaran sent s\u00f2lides, intenses sense pilota i amb un Villarreal m\u00e9s valent a nivell ofensiu\u201d."},{"type":"paragraph","text":"Pots tornar a veure la roda de premsa de Virginia Garc\u00eda en el seg\u00fcent enlla\u00e7:"},{"type":"video","kind":"iframe","url":"https:\/\/www.youtube.com\/embed\/qYPWHpZashc?feature=oembed","poster":""}],"structured":{"summary":{"text":"Virginia Garc\u00eda ha analitzat el pr\u00f2xim partit del Villarreal Femen\u00ed davant el Deportivo Alav\u00e9s (dissabte, 18.00h) L\u2019entrenadora del Villarreal Femen\u00ed, Virginia Garc\u00eda, ha comparegut davant els mitjans de comunicaci\u00f3 a la sala de premsa de la Ciutat Esportiva Jos\u00e9 Manuel Llaneza per a parlar del partit que les groguetes disputaran aquest dissabte davant el Deportivo Alav\u00e9s a partir de les 18.00 hores en el Camp 5 de la Ciutat Esportiva Jos\u00e9 Manuel Llaneza. Aquestes han sigut les declaracions m\u00e9s destacades de l\u2019entrenadora: Un inici il\u00b7lusionant \u201c\u00c9s un inici molt il\u00b7lusionant. Estem tenint molt bones sensacions i ja no sols en partits, perqu\u00e8 les setmanes d\u2019entrenament s\u00f3n molt bones i crec que \u00e9s el reflex del que treballem durant tota la setmana, que els resultats estan eixint molt positius. Enllacem dues vict\u00f2ries i porteria a zero. No obstant aix\u00f2, aquesta ratxa pot ser que s\u2019acabe, perqu\u00e8 cada vegada els partits s\u00f3n m\u00e9s dif\u00edcils. Els he dit a les jugadores que gaudim del moment i estirarem tot el possible eixa ratxa\u201d. Dues porteries a zero \u201cTen\u00edem molt clar que hav\u00edem de cr\u00e9ixer des de la solidesa defensiva. El treball a nivell col\u00b7lectiu est\u00e0 sent molt bo i estem tamb\u00e9 materialitzant ocasions, cosa que significa que estem sent fortes en les dues \u00e0rees i eixa \u00e9s la nostra basa. Hem de continuar polint detalls, per\u00f2 estem contents amb el treball i continuarem treballant, perqu\u00e8 tenim moltes armes que encara no hem mostrat\u201d. El rival: Deportivo Alav\u00e9s \u201cEspere un partit molt dif\u00edcil. El Deportivo Alav\u00e9s \u00e9s un equip que t\u00e9 un projecte fort en la categoria, amb jugadores veteranes que tenen experi\u00e8ncia tant en Liga F com en Primera RFEF. Ser\u00e0 un partit molt igualat. Conec molt b\u00e9 a la seua entrenadora, Andrea Esteban, i sol plantejar partits igualats i dif\u00edcils. Estem motivades i il\u00b7lusionades davant aquest partit. Les claus continuaran sent s\u00f2lides, intenses sense pilota i amb un Villarreal m\u00e9s valent a nivell ofensiu\u201d. Pots tornar a veure la roda de premsa de Virginia Garc\u00eda en el seg\u00fcent enlla\u00e7:","headings":[{"type":"heading","level":2,"text":"Virginia Garc\u00eda ha analitzat el pr\u00f2xim partit del Villarreal Femen\u00ed davant el Deportivo Alav\u00e9s (dissabte, 18.00h)"}],"buttons":[],"images":[],"counts":{"blocks":11,"headings":1,"texts":9,"buttons":0,"images":0}},"sections":[{"id":"section-1","title":"Virginia Garc\u00eda ha analitzat el pr\u00f2xim partit del Villarreal Femen\u00ed davant el Deportivo Alav\u00e9s (dissabte, 18.00h)","text":"Virginia Garc\u00eda ha analitzat el pr\u00f2xim partit del Villarreal Femen\u00ed davant el Deportivo Alav\u00e9s (dissabte, 18.00h) L\u2019entrenadora del Villarreal Femen\u00ed, Virginia Garc\u00eda, ha comparegut davant els mitjans de comunicaci\u00f3 a la sala de premsa de la Ciutat Esportiva Jos\u00e9 Manuel Llaneza per a parlar del partit que les groguetes disputaran aquest dissabte davant el Deportivo Alav\u00e9s a partir de les 18.00 hores en el Camp 5 de la Ciutat Esportiva Jos\u00e9 Manuel Llaneza. Aquestes han sigut les declaracions m\u00e9s destacades de l\u2019entrenadora: Un inici il\u00b7lusionant \u201c\u00c9s un inici molt il\u00b7lusionant. Estem tenint molt bones sensacions i ja no sols en partits, perqu\u00e8 les setmanes d\u2019entrenament s\u00f3n molt bones i crec que \u00e9s el reflex del que treballem durant tota la setmana, que els resultats estan eixint molt positius. Enllacem dues vict\u00f2ries i porteria a zero. No obstant aix\u00f2, aquesta ratxa pot ser que s\u2019acabe, perqu\u00e8 cada vegada els partits s\u00f3n m\u00e9s dif\u00edcils. Els he dit a les jugadores que gaudim del moment i estirarem tot el possible eixa ratxa\u201d. Dues porteries a zero \u201cTen\u00edem molt clar que hav\u00edem de cr\u00e9ixer des de la solidesa defensiva. El treball a nivell col\u00b7lectiu est\u00e0 sent molt bo i estem tamb\u00e9 materialitzant ocasions, cosa que significa que estem sent fortes en les dues \u00e0rees i eixa \u00e9s la nostra basa. Hem de continuar polint detalls, per\u00f2 estem contents amb el treball i continuarem treballant, perqu\u00e8 tenim moltes armes que encara no hem mostrat\u201d. El rival: Deportivo Alav\u00e9s \u201cEspere un partit molt dif\u00edcil. El Deportivo Alav\u00e9s \u00e9s un equip que t\u00e9 un projecte fort en la categoria, amb jugadores veteranes que tenen experi\u00e8ncia tant en Liga F com en Primera RFEF. Ser\u00e0 un partit molt igualat. Conec molt b\u00e9 a la seua entrenadora, Andrea Esteban, i sol plantejar partits igualats i dif\u00edcils. Estem motivades i il\u00b7lusionades davant aquest partit. Les claus continuaran sent s\u00f2lides, intenses sense pilota i amb un Villarreal m\u00e9s valent a nivell ofensiu\u201d. Pots tornar a veure la roda de premsa de Virginia Garc\u00eda en el seg\u00fcent enlla\u00e7:","headings":[{"type":"heading","level":2,"text":"Virginia Garc\u00eda ha analitzat el pr\u00f2xim partit del Villarreal Femen\u00ed davant el Deportivo Alav\u00e9s (dissabte, 18.00h)"}],"texts":[{"type":"paragraph","text":"L\u2019entrenadora del Villarreal Femen\u00ed, Virginia Garc\u00eda, ha comparegut davant els mitjans de comunicaci\u00f3 a la sala de premsa de la Ciutat Esportiva Jos\u00e9 Manuel Llaneza per a parlar del partit que les groguetes disputaran aquest dissabte davant el Deportivo Alav\u00e9s a partir de les 18.00 hores en el Camp 5 de la Ciutat Esportiva Jos\u00e9 Manuel Llaneza."},{"type":"paragraph","text":"Aquestes han sigut les declaracions m\u00e9s destacades de l\u2019entrenadora:"},{"type":"paragraph","text":"Un inici il\u00b7lusionant"},{"type":"paragraph","text":"\u201c\u00c9s un inici molt il\u00b7lusionant. Estem tenint molt bones sensacions i ja no sols en partits, perqu\u00e8 les setmanes d\u2019entrenament s\u00f3n molt bones i crec que \u00e9s el reflex del que treballem durant tota la setmana, que els resultats estan eixint molt positius. Enllacem dues vict\u00f2ries i porteria a zero. No obstant aix\u00f2, aquesta ratxa pot ser que s\u2019acabe, perqu\u00e8 cada vegada els partits s\u00f3n m\u00e9s dif\u00edcils. Els he dit a les jugadores que gaudim del moment i estirarem tot el possible eixa ratxa\u201d."},{"type":"paragraph","text":"Dues porteries a zero"},{"type":"paragraph","text":"\u201cTen\u00edem molt clar que hav\u00edem de cr\u00e9ixer des de la solidesa defensiva. El treball a nivell col\u00b7lectiu est\u00e0 sent molt bo i estem tamb\u00e9 materialitzant ocasions, cosa que significa que estem sent fortes en les dues \u00e0rees i eixa \u00e9s la nostra basa. Hem de continuar polint detalls, per\u00f2 estem contents amb el treball i continuarem treballant, perqu\u00e8 tenim moltes armes que encara no hem mostrat\u201d."},{"type":"paragraph","text":"El rival: Deportivo Alav\u00e9s"},{"type":"paragraph","text":"\u201cEspere un partit molt dif\u00edcil. El Deportivo Alav\u00e9s \u00e9s un equip que t\u00e9 un projecte fort en la categoria, amb jugadores veteranes que tenen experi\u00e8ncia tant en Liga F com en Primera RFEF. Ser\u00e0 un partit molt igualat. Conec molt b\u00e9 a la seua entrenadora, Andrea Esteban, i sol plantejar partits igualats i dif\u00edcils. Estem motivades i il\u00b7lusionades davant aquest partit. Les claus continuaran sent s\u00f2lides, intenses sense pilota i amb un Villarreal m\u00e9s valent a nivell ofensiu\u201d."},{"type":"paragraph","text":"Pots tornar a veure la roda de premsa de Virginia Garc\u00eda en el seg\u00fcent enlla\u00e7:"}],"buttons":[],"images":[],"widgets":[],"blocks":[{"type":"heading","level":2,"text":"Virginia Garc\u00eda ha analitzat el pr\u00f2xim partit del Villarreal Femen\u00ed davant el Deportivo Alav\u00e9s (dissabte, 18.00h)"},{"type":"paragraph","text":"L\u2019entrenadora del Villarreal Femen\u00ed, Virginia Garc\u00eda, ha comparegut davant els mitjans de comunicaci\u00f3 a la sala de premsa de la Ciutat Esportiva Jos\u00e9 Manuel Llaneza per a parlar del partit que les groguetes disputaran aquest dissabte davant el Deportivo Alav\u00e9s a partir de les 18.00 hores en el Camp 5 de la Ciutat Esportiva Jos\u00e9 Manuel Llaneza."},{"type":"paragraph","text":"Aquestes han sigut les declaracions m\u00e9s destacades de l\u2019entrenadora:"},{"type":"paragraph","text":"Un inici il\u00b7lusionant"},{"type":"paragraph","text":"\u201c\u00c9s un inici molt il\u00b7lusionant. Estem tenint molt bones sensacions i ja no sols en partits, perqu\u00e8 les setmanes d\u2019entrenament s\u00f3n molt bones i crec que \u00e9s el reflex del que treballem durant tota la setmana, que els resultats estan eixint molt positius. Enllacem dues vict\u00f2ries i porteria a zero. No obstant aix\u00f2, aquesta ratxa pot ser que s\u2019acabe, perqu\u00e8 cada vegada els partits s\u00f3n m\u00e9s dif\u00edcils. Els he dit a les jugadores que gaudim del moment i estirarem tot el possible eixa ratxa\u201d."},{"type":"paragraph","text":"Dues porteries a zero"},{"type":"paragraph","text":"\u201cTen\u00edem molt clar que hav\u00edem de cr\u00e9ixer des de la solidesa defensiva. El treball a nivell col\u00b7lectiu est\u00e0 sent molt bo i estem tamb\u00e9 materialitzant ocasions, cosa que significa que estem sent fortes en les dues \u00e0rees i eixa \u00e9s la nostra basa. Hem de continuar polint detalls, per\u00f2 estem contents amb el treball i continuarem treballant, perqu\u00e8 tenim moltes armes que encara no hem mostrat\u201d."},{"type":"paragraph","text":"El rival: Deportivo Alav\u00e9s"},{"type":"paragraph","text":"\u201cEspere un partit molt dif\u00edcil. El Deportivo Alav\u00e9s \u00e9s un equip que t\u00e9 un projecte fort en la categoria, amb jugadores veteranes que tenen experi\u00e8ncia tant en Liga F com en Primera RFEF. Ser\u00e0 un partit molt igualat. Conec molt b\u00e9 a la seua entrenadora, Andrea Esteban, i sol plantejar partits igualats i dif\u00edcils. Estem motivades i il\u00b7lusionades davant aquest partit. Les claus continuaran sent s\u00f2lides, intenses sense pilota i amb un Villarreal m\u00e9s valent a nivell ofensiu\u201d."},{"type":"paragraph","text":"Pots tornar a veure la roda de premsa de Virginia Garc\u00eda en el seg\u00fcent enlla\u00e7:"},{"type":"video","kind":"iframe","url":"https:\/\/www.youtube.com\/embed\/qYPWHpZashc?feature=oembed","poster":""}]}],"hero":{"id":"section-1","title":"Virginia Garc\u00eda ha analitzat el pr\u00f2xim partit del Villarreal Femen\u00ed davant el Deportivo Alav\u00e9s (dissabte, 18.00h)","text":"Virginia Garc\u00eda ha analitzat el pr\u00f2xim partit del Villarreal Femen\u00ed davant el Deportivo Alav\u00e9s (dissabte, 18.00h) L\u2019entrenadora del Villarreal Femen\u00ed, Virginia Garc\u00eda, ha comparegut davant els mitjans de comunicaci\u00f3 a la sala de premsa de la Ciutat Esportiva Jos\u00e9 Manuel Llaneza per a parlar del partit que les groguetes disputaran aquest dissabte davant el Deportivo Alav\u00e9s a partir de les 18.00 hores en el Camp 5 de la Ciutat Esportiva Jos\u00e9 Manuel Llaneza. Aquestes han sigut les declaracions m\u00e9s destacades de l\u2019entrenadora: Un inici il\u00b7lusionant \u201c\u00c9s un inici molt il\u00b7lusionant. Estem tenint molt bones sensacions i ja no sols en partits, perqu\u00e8 les setmanes d\u2019entrenament s\u00f3n molt bones i crec que \u00e9s el reflex del que treballem durant tota la setmana, que els resultats estan eixint molt positius. Enllacem dues vict\u00f2ries i porteria a zero. No obstant aix\u00f2, aquesta ratxa pot ser que s\u2019acabe, perqu\u00e8 cada vegada els partits s\u00f3n m\u00e9s dif\u00edcils. Els he dit a les jugadores que gaudim del moment i estirarem tot el possible eixa ratxa\u201d. Dues porteries a zero \u201cTen\u00edem molt clar que hav\u00edem de cr\u00e9ixer des de la solidesa defensiva. El treball a nivell col\u00b7lectiu est\u00e0 sent molt bo i estem tamb\u00e9 materialitzant ocasions, cosa que significa que estem sent fortes en les dues \u00e0rees i eixa \u00e9s la nostra basa. Hem de continuar polint detalls, per\u00f2 estem contents amb el treball i continuarem treballant, perqu\u00e8 tenim moltes armes que encara no hem mostrat\u201d. El rival: Deportivo Alav\u00e9s \u201cEspere un partit molt dif\u00edcil. El Deportivo Alav\u00e9s \u00e9s un equip que t\u00e9 un projecte fort en la categoria, amb jugadores veteranes que tenen experi\u00e8ncia tant en Liga F com en Primera RFEF. Ser\u00e0 un partit molt igualat. Conec molt b\u00e9 a la seua entrenadora, Andrea Esteban, i sol plantejar partits igualats i dif\u00edcils. Estem motivades i il\u00b7lusionades davant aquest partit. Les claus continuaran sent s\u00f2lides, intenses sense pilota i amb un Villarreal m\u00e9s valent a nivell ofensiu\u201d. Pots tornar a veure la roda de premsa de Virginia Garc\u00eda en el seg\u00fcent enlla\u00e7:","headings":[{"type":"heading","level":2,"text":"Virginia Garc\u00eda ha analitzat el pr\u00f2xim partit del Villarreal Femen\u00ed davant el Deportivo Alav\u00e9s (dissabte, 18.00h)"}],"texts":[{"type":"paragraph","text":"L\u2019entrenadora del Villarreal Femen\u00ed, Virginia Garc\u00eda, ha comparegut davant els mitjans de comunicaci\u00f3 a la sala de premsa de la Ciutat Esportiva Jos\u00e9 Manuel Llaneza per a parlar del partit que les groguetes disputaran aquest dissabte davant el Deportivo Alav\u00e9s a partir de les 18.00 hores en el Camp 5 de la Ciutat Esportiva Jos\u00e9 Manuel Llaneza."},{"type":"paragraph","text":"Aquestes han sigut les declaracions m\u00e9s destacades de l\u2019entrenadora:"},{"type":"paragraph","text":"Un inici il\u00b7lusionant"},{"type":"paragraph","text":"\u201c\u00c9s un inici molt il\u00b7lusionant. Estem tenint molt bones sensacions i ja no sols en partits, perqu\u00e8 les setmanes d\u2019entrenament s\u00f3n molt bones i crec que \u00e9s el reflex del que treballem durant tota la setmana, que els resultats estan eixint molt positius. Enllacem dues vict\u00f2ries i porteria a zero. No obstant aix\u00f2, aquesta ratxa pot ser que s\u2019acabe, perqu\u00e8 cada vegada els partits s\u00f3n m\u00e9s dif\u00edcils. Els he dit a les jugadores que gaudim del moment i estirarem tot el possible eixa ratxa\u201d."},{"type":"paragraph","text":"Dues porteries a zero"},{"type":"paragraph","text":"\u201cTen\u00edem molt clar que hav\u00edem de cr\u00e9ixer des de la solidesa defensiva. El treball a nivell col\u00b7lectiu est\u00e0 sent molt bo i estem tamb\u00e9 materialitzant ocasions, cosa que significa que estem sent fortes en les dues \u00e0rees i eixa \u00e9s la nostra basa. Hem de continuar polint detalls, per\u00f2 estem contents amb el treball i continuarem treballant, perqu\u00e8 tenim moltes armes que encara no hem mostrat\u201d."},{"type":"paragraph","text":"El rival: Deportivo Alav\u00e9s"},{"type":"paragraph","text":"\u201cEspere un partit molt dif\u00edcil. El Deportivo Alav\u00e9s \u00e9s un equip que t\u00e9 un projecte fort en la categoria, amb jugadores veteranes que tenen experi\u00e8ncia tant en Liga F com en Primera RFEF. Ser\u00e0 un partit molt igualat. Conec molt b\u00e9 a la seua entrenadora, Andrea Esteban, i sol plantejar partits igualats i dif\u00edcils. Estem motivades i il\u00b7lusionades davant aquest partit. Les claus continuaran sent s\u00f2lides, intenses sense pilota i amb un Villarreal m\u00e9s valent a nivell ofensiu\u201d."},{"type":"paragraph","text":"Pots tornar a veure la roda de premsa de Virginia Garc\u00eda en el seg\u00fcent enlla\u00e7:"}],"buttons":[],"images":[],"widgets":[],"blocks":[{"type":"heading","level":2,"text":"Virginia Garc\u00eda ha analitzat el pr\u00f2xim partit del Villarreal Femen\u00ed davant el Deportivo Alav\u00e9s (dissabte, 18.00h)"},{"type":"paragraph","text":"L\u2019entrenadora del Villarreal Femen\u00ed, Virginia Garc\u00eda, ha comparegut davant els mitjans de comunicaci\u00f3 a la sala de premsa de la Ciutat Esportiva Jos\u00e9 Manuel Llaneza per a parlar del partit que les groguetes disputaran aquest dissabte davant el Deportivo Alav\u00e9s a partir de les 18.00 hores en el Camp 5 de la Ciutat Esportiva Jos\u00e9 Manuel Llaneza."},{"type":"paragraph","text":"Aquestes han sigut les declaracions m\u00e9s destacades de l\u2019entrenadora:"},{"type":"paragraph","text":"Un inici il\u00b7lusionant"},{"type":"paragraph","text":"\u201c\u00c9s un inici molt il\u00b7lusionant. Estem tenint molt bones sensacions i ja no sols en partits, perqu\u00e8 les setmanes d\u2019entrenament s\u00f3n molt bones i crec que \u00e9s el reflex del que treballem durant tota la setmana, que els resultats estan eixint molt positius. Enllacem dues vict\u00f2ries i porteria a zero. No obstant aix\u00f2, aquesta ratxa pot ser que s\u2019acabe, perqu\u00e8 cada vegada els partits s\u00f3n m\u00e9s dif\u00edcils. Els he dit a les jugadores que gaudim del moment i estirarem tot el possible eixa ratxa\u201d."},{"type":"paragraph","text":"Dues porteries a zero"},{"type":"paragraph","text":"\u201cTen\u00edem molt clar que hav\u00edem de cr\u00e9ixer des de la solidesa defensiva. El treball a nivell col\u00b7lectiu est\u00e0 sent molt bo i estem tamb\u00e9 materialitzant ocasions, cosa que significa que estem sent fortes en les dues \u00e0rees i eixa \u00e9s la nostra basa. Hem de continuar polint detalls, per\u00f2 estem contents amb el treball i continuarem treballant, perqu\u00e8 tenim moltes armes que encara no hem mostrat\u201d."},{"type":"paragraph","text":"El rival: Deportivo Alav\u00e9s"},{"type":"paragraph","text":"\u201cEspere un partit molt dif\u00edcil. El Deportivo Alav\u00e9s \u00e9s un equip que t\u00e9 un projecte fort en la categoria, amb jugadores veteranes que tenen experi\u00e8ncia tant en Liga F com en Primera RFEF. Ser\u00e0 un partit molt igualat. Conec molt b\u00e9 a la seua entrenadora, Andrea Esteban, i sol plantejar partits igualats i dif\u00edcils. Estem motivades i il\u00b7lusionades davant aquest partit. Les claus continuaran sent s\u00f2lides, intenses sense pilota i amb un Villarreal m\u00e9s valent a nivell ofensiu\u201d."},{"type":"paragraph","text":"Pots tornar a veure la roda de premsa de Virginia Garc\u00eda en el seg\u00fcent enlla\u00e7:"},{"type":"video","kind":"iframe","url":"https:\/\/www.youtube.com\/embed\/qYPWHpZashc?feature=oembed","poster":""}]}},"sections":[{"id":"section-1","title":"Virginia Garc\u00eda ha analitzat el pr\u00f2xim partit del Villarreal Femen\u00ed davant el Deportivo Alav\u00e9s (dissabte, 18.00h)","text":"Virginia Garc\u00eda ha analitzat el pr\u00f2xim partit del Villarreal Femen\u00ed davant el Deportivo Alav\u00e9s (dissabte, 18.00h) L\u2019entrenadora del Villarreal Femen\u00ed, Virginia Garc\u00eda, ha comparegut davant els mitjans de comunicaci\u00f3 a la sala de premsa de la Ciutat Esportiva Jos\u00e9 Manuel Llaneza per a parlar del partit que les groguetes disputaran aquest dissabte davant el Deportivo Alav\u00e9s a partir de les 18.00 hores en el Camp 5 de la Ciutat Esportiva Jos\u00e9 Manuel Llaneza. Aquestes han sigut les declaracions m\u00e9s destacades de l\u2019entrenadora: Un inici il\u00b7lusionant \u201c\u00c9s un inici molt il\u00b7lusionant. Estem tenint molt bones sensacions i ja no sols en partits, perqu\u00e8 les setmanes d\u2019entrenament s\u00f3n molt bones i crec que \u00e9s el reflex del que treballem durant tota la setmana, que els resultats estan eixint molt positius. Enllacem dues vict\u00f2ries i porteria a zero. No obstant aix\u00f2, aquesta ratxa pot ser que s\u2019acabe, perqu\u00e8 cada vegada els partits s\u00f3n m\u00e9s dif\u00edcils. Els he dit a les jugadores que gaudim del moment i estirarem tot el possible eixa ratxa\u201d. Dues porteries a zero \u201cTen\u00edem molt clar que hav\u00edem de cr\u00e9ixer des de la solidesa defensiva. El treball a nivell col\u00b7lectiu est\u00e0 sent molt bo i estem tamb\u00e9 materialitzant ocasions, cosa que significa que estem sent fortes en les dues \u00e0rees i eixa \u00e9s la nostra basa. Hem de continuar polint detalls, per\u00f2 estem contents amb el treball i continuarem treballant, perqu\u00e8 tenim moltes armes que encara no hem mostrat\u201d. El rival: Deportivo Alav\u00e9s \u201cEspere un partit molt dif\u00edcil. El Deportivo Alav\u00e9s \u00e9s un equip que t\u00e9 un projecte fort en la categoria, amb jugadores veteranes que tenen experi\u00e8ncia tant en Liga F com en Primera RFEF. Ser\u00e0 un partit molt igualat. Conec molt b\u00e9 a la seua entrenadora, Andrea Esteban, i sol plantejar partits igualats i dif\u00edcils. Estem motivades i il\u00b7lusionades davant aquest partit. Les claus continuaran sent s\u00f2lides, intenses sense pilota i amb un Villarreal m\u00e9s valent a nivell ofensiu\u201d. Pots tornar a veure la roda de premsa de Virginia Garc\u00eda en el seg\u00fcent enlla\u00e7:","url":"","background_image":"","images":[],"videos":[{"type":"video","kind":"iframe","url":"https:\/\/www.youtube.com\/embed\/qYPWHpZashc?feature=oembed","poster":""}],"links":[]}]},"excerpt":{"rendered":"Virginia Garc\u00eda ha analitzat el pr\u00f2xim partit del Villarreal Femen\u00ed davant el Deportivo Alav\u00e9s (dissabte, 18.00h)","protected":false},"author":29,"featured_media":322275,"comment_status":"closed","ping_status":"closed","sticky":false,"template":"","format":"standard","meta":{"_acf_changed":false,"footnotes":""},"categories":[13785],"tags":[11159,717,13555,13841,9680,716,9205,13556,12685],"acf":null,"lang":"val","translations":{"es":322268,"val":322280,"en":322282},"essential_grid":{"has_grid":false},"formatted_date":"September 20, 2024","modified_date":"September 20, 2024","permalink":"https:\/\/villarrealcf.es\/val\/volem-creixer-des-de-la-solidesa-defensiva\/","reading_time":2,"featured_media_data":{"id":322275,"title":"20240920- RP Virginia Garcia - 006 ok","caption":"","alt_text":"","description":"","mime_type":"image\/jpeg","source_url":"https:\/\/villarrealcf.es\/wp-content\/uploads\/2024\/09\/20240920-RP-Virginia-Garcia-006-ok.jpg","sizes":{"thumbnail":{"url":"https:\/\/villarrealcf.es\/wp-content\/uploads\/2024\/09\/20240920-RP-Virginia-Garcia-006-ok.jpg","width":1920,"height":1080},"medium":{"url":"https:\/\/villarrealcf.es\/wp-content\/uploads\/2024\/09\/20240920-RP-Virginia-Garcia-006-ok.jpg","width":1920,"height":1080},"medium_large":{"url":"https:\/\/villarrealcf.es\/wp-content\/uploads\/2024\/09\/20240920-RP-Virginia-Garcia-006-ok-768x432.jpg","width":768,"height":432},"large":{"url":"https:\/\/villarrealcf.es\/wp-content\/uploads\/2024\/09\/20240920-RP-Virginia-Garcia-006-ok.jpg","width":788,"height":443},"1536x1536":{"url":"https:\/\/villarrealcf.es\/wp-content\/uploads\/2024\/09\/20240920-RP-Virginia-Garcia-006-ok-1536x864.jpg","width":1536,"height":864},"2048x2048":{"url":"https:\/\/villarrealcf.es\/wp-content\/uploads\/2024\/09\/20240920-RP-Virginia-Garcia-006-ok.jpg","width":1920,"height":1080},"tp-image-grid":{"url":"https:\/\/villarrealcf.es\/wp-content\/uploads\/2024\/09\/20240920-RP-Virginia-Garcia-006-ok-700x700.jpg","width":700,"height":700},"size-bunyad-medium":{"url":"https:\/\/villarrealcf.es\/wp-content\/uploads\/2024\/09\/20240920-RP-Virginia-Garcia-006-ok.jpg","width":1920,"height":1080},"sportspress-crop-medium":{"url":"https:\/\/villarrealcf.es\/wp-content\/uploads\/2024\/09\/20240920-RP-Virginia-Garcia-006-ok-300x300.jpg","width":300,"height":300},"sportspress-fit-medium":{"url":"https:\/\/villarrealcf.es\/wp-content\/uploads\/2024\/09\/20240920-RP-Virginia-Garcia-006-ok-300x169.jpg","width":300,"height":169},"sportspress-fit-icon":{"url":"https:\/\/villarrealcf.es\/wp-content\/uploads\/2024\/09\/20240920-RP-Virginia-Garcia-006-ok-128x72.jpg","width":128,"height":72},"sportspress-fit-mini":{"url":"https:\/\/villarrealcf.es\/wp-content\/uploads\/2024\/09\/20240920-RP-Virginia-Garcia-006-ok-32x18.jpg","width":32,"height":18},"bunyad-small":{"url":"https:\/\/villarrealcf.es\/wp-content\/uploads\/2024\/09\/20240920-RP-Virginia-Garcia-006-ok-150x84.jpg","width":150,"height":84},"bunyad-medium":{"url":"https:\/\/villarrealcf.es\/wp-content\/uploads\/2024\/09\/20240920-RP-Virginia-Garcia-006-ok-450x253.jpg","width":450,"height":253},"bunyad-full":{"url":"https:\/\/villarrealcf.es\/wp-content\/uploads\/2024\/09\/20240920-RP-Virginia-Garcia-006-ok-1200x675.jpg","width":1200,"height":675},"bunyad-viewport":{"url":"https:\/\/villarrealcf.es\/wp-content\/uploads\/2024\/09\/20240920-RP-Virginia-Garcia-006-ok.jpg","width":1920,"height":1080},"bunyad-768":{"url":"https:\/\/villarrealcf.es\/wp-content\/uploads\/2024\/09\/20240920-RP-Virginia-Garcia-006-ok-768x432.jpg","width":768,"height":432},"full":{"url":"https:\/\/villarrealcf.es\/wp-content\/uploads\/2024\/09\/20240920-RP-Virginia-Garcia-006-ok.jpg","width":1920,"height":1080}}},"author_data":{"id":"29","name":"Azahara Beroy","first_name":"Azahara","last_name":"Beroy","description":"","avatar_url":"https:\/\/secure.gravatar.com\/avatar\/91b979a91a1925e60814719244bbf7824af58ced5a6e2130c2611bde24439aa7?s=96&d=mm&r=g","acf":null},"taxonomies_data":{"category":[{"id":13785,"name":"Futbol Femen\u00ed","slug":"futbol-femenino-val","acf":null}],"post_tag":[{"id":11159,"name":"Deportivo Alav\u00e9s","slug":"deportivo-alaves-val","acf":null},{"id":717,"name":"Football","slug":"football-d34","acf":null},{"id":13555,"name":"Futbol","slug":"futbol-val-2","acf":null},{"id":13841,"name":"futbol femenino","slug":"futbol-femenino-3-val","acf":null},{"id":9680,"name":"Rueda de prensa","slug":"rueda-de-prensa-val","acf":null},{"id":716,"name":"Soccer","slug":"soccer-d105","acf":null},{"id":9205,"name":"Submarino","slug":"submarino-val","acf":null},{"id":13556,"name":"Submarino Amarillo","slug":"submarino-amarillo-val-2","acf":null},{"id":12685,"name":"Villarreal Femenino","slug":"villarreal-femenino-val","acf":null}],"translation_priority":[{"id":735,"name":"Optional","slug":"optional-val","acf":null}]},"seo_full":{"native":{"title":"&#8220;Volem cr\u00e9ixer des de la solidesa defensiva&#8221; - Web Oficial del Villarreal CF","description":"Virginia Garc\u00eda ha analitzat el pr\u00f2xim partit del Villarreal Femen\u00ed davant el Deportivo Alav\u00e9s (dissabte, 18.00h)","canonical":"https:\/\/villarrealcf.es\/val\/volem-creixer-des-de-la-solidesa-defensiva\/"}},"_links":{"self":[{"href":"https:\/\/villarrealcf.es\/val\/wp-json\/wp\/v2\/posts\/322280","targetHints":{"allow":["GET"]}}],"collection":[{"href":"https:\/\/villarrealcf.es\/val\/wp-json\/wp\/v2\/posts"}],"about":[{"href":"https:\/\/villarrealcf.es\/val\/wp-json\/wp\/v2\/types\/post"}],"author":[{"embeddable":true,"href":"https:\/\/villarrealcf.es\/val\/wp-json\/wp\/v2\/users\/29"}],"replies":[{"embeddable":true,"href":"https:\/\/villarrealcf.es\/val\/wp-json\/wp\/v2\/comments?post=322280"}],"version-history":[{"count":0,"href":"https:\/\/villarrealcf.es\/val\/wp-json\/wp\/v2\/posts\/322280\/revisions"}],"wp:featuredmedia":[{"embeddable":true,"href":"https:\/\/villarrealcf.es\/val\/wp-json\/wp\/v2\/media\/322275"}],"wp:attachment":[{"href":"https:\/\/villarrealcf.es\/val\/wp-json\/wp\/v2\/media?parent=322280"}],"wp:term":[{"taxonomy":"category","embeddable":true,"href":"https:\/\/villarrealcf.es\/val\/wp-json\/wp\/v2\/categories?post=322280"},{"taxonomy":"post_tag","embeddable":true,"href":"https:\/\/villarrealcf.es\/val\/wp-json\/wp\/v2\/tags?post=322280"}],"curies":[{"name":"wp","href":"https:\/\/api.w.org\/{rel}","templated":true}]}}