{"id":322263,"date":"2024-09-20T15:01:43","date_gmt":"2024-09-20T13:01:43","guid":{"rendered":"https:\/\/villarrealcf.es\/con-el-paso-de-las-semanas-iremos-creciendo\/"},"modified":"2024-09-20T15:05:36","modified_gmt":"2024-09-20T13:05:36","slug":"amb-el-pas-de-les-setmanes-anirem-creixent","status":"publish","type":"post","link":"https:\/\/villarrealcf.es\/val\/amb-el-pas-de-les-setmanes-anirem-creixent\/","title":{"rendered":"&#8220;Amb el pas de les setmanes anirem creixent&#8221;"},"content":{"protected":false,"blocks":[{"type":"heading","level":2,"text":"Miguel \u00c1lvarez ha analitzat el pr\u00f2xim partit del Mini Submar\u00ed davant el Recreativo de Huelva (diumenge, 12.00h)"},{"type":"paragraph","text":"L\u2019entrenador del Villarreal B, Miguel \u00c1lvarez, ha comparegut davant els mitjans de comunicaci\u00f3 a la sala de premsa de la Ciutat Esportiva Jos\u00e9 Manuel Llaneza per a parlar del partit que el filial groc disputar\u00e0 aquest diumenge davant el Recreativo de Huelva a partir de les 12.00 hores en el Mini Estadi."},{"type":"paragraph","text":"Aquestes han sigut les declaracions m\u00e9s destacades del t\u00e8cnic groc:"},{"type":"paragraph","text":"Sensacions de l\u2019inici de temporada"},{"type":"paragraph","text":"\u201cJo vull pensar en gran. Cal veure els partits que ja hem jugat i el context en el qual ens hem mogut. \u00c9s cert que en el futbol hi ha un factor poc controlable, que \u00e9s la sort, i hi ha un munt de xics joves que no tenen experi\u00e8ncia en aquesta categoria. Jugar en Primera RFEF no \u00e9s el mateix que jugar en Segona. En aquesta categoria es necessiten eines diferents i hem de saber adaptar-nos als contextos poc favorables\u201d."},{"type":"paragraph","text":"Equip en construcci\u00f3"},{"type":"paragraph","text":"\u201cEstem treballant amb molta gent nova i de fora, amb unes condicions b\u00e0rbares f\u00edsic-t\u00e8cniques, per\u00f2 a nivell t\u00e0ctic hi ha molt a treballar amb ells. Com cada any hi ha molt\u00edssima faena, que aix\u00f2 ens agrada als formadors, que els jugadors entenguen on estan i com han de treballar per a continuar progressant. Crec en el treball del cos t\u00e8cnic, perqu\u00e8 crec en el treball que hem fet aquests anys en qu\u00e8 hem anat formant a jugadors que han anat creixent durant el cam\u00ed. Estem ben armats darrere, i en el centre del camp i a dalt tenim gent de qualitat\u201d."},{"type":"paragraph","text":"El pr\u00f2xim rival: el Recreativo de Huelva"},{"type":"paragraph","text":"\u201c\u00c9s un equip que ha canviat molt\u00edssima gent, amb jugadors que han pujat de categoria i procedents del Juvenil. Porten 7 gols i els han fet 9. Tenen una massa social brutal, amb una plantilla molt bona amb jugadors que coneixen la categoria molt b\u00e9. Fora de casa no els ha anat b\u00e9 perqu\u00e8 ha encaixat molt prompte, per\u00f2 en les segones parts estrenyen\u201d."},{"type":"paragraph","text":"Una prova de foc m\u00e9s"},{"type":"paragraph","text":"\u201cCrec que ser\u00e0 una prova de foc per a nosaltres una altra vegada. \u00c9s un rival diferent dels quals hem tingut, que ens hem trobat a dos filials. Ens exigiran molt a nivell defensiu. A m\u00e9s, basen el seu joc en el joc directe, a pilota parada s\u00f3n perillosos i s\u00f3n capa\u00e7os de pressionar-te alt\u201d."},{"type":"paragraph","text":"Pots tornar a veure la roda de premsa de Miguel \u00c1lvarez en el seg\u00fcent enlla\u00e7:"},{"type":"video","kind":"iframe","url":"https:\/\/www.youtube.com\/embed\/wqs5C1qwiaE?feature=oembed","poster":""}],"structured":{"summary":{"text":"Miguel \u00c1lvarez ha analitzat el pr\u00f2xim partit del Mini Submar\u00ed davant el Recreativo de Huelva (diumenge, 12.00h) L\u2019entrenador del Villarreal B, Miguel \u00c1lvarez, ha comparegut davant els mitjans de comunicaci\u00f3 a la sala de premsa de la Ciutat Esportiva Jos\u00e9 Manuel Llaneza per a parlar del partit que el filial groc disputar\u00e0 aquest diumenge davant el Recreativo de Huelva a partir de les 12.00 hores en el Mini Estadi. Aquestes han sigut les declaracions m\u00e9s destacades del t\u00e8cnic groc: Sensacions de l\u2019inici de temporada \u201cJo vull pensar en gran. Cal veure els partits que ja hem jugat i el context en el qual ens hem mogut. \u00c9s cert que en el futbol hi ha un factor poc controlable, que \u00e9s la sort, i hi ha un munt de xics joves que no tenen experi\u00e8ncia en aquesta categoria. Jugar en Primera RFEF no \u00e9s el mateix que jugar en Segona. En aquesta categoria es necessiten eines diferents i hem de saber adaptar-nos als contextos poc favorables\u201d. Equip en construcci\u00f3 \u201cEstem treballant amb molta gent nova i de fora, amb unes condicions b\u00e0rbares f\u00edsic-t\u00e8cniques, per\u00f2 a nivell t\u00e0ctic hi ha molt a treballar amb ells. Com cada any hi ha molt\u00edssima faena, que aix\u00f2 ens agrada als formadors, que els jugadors entenguen on estan i com han de treballar per a continuar progressant. Crec en el treball del cos t\u00e8cnic, perqu\u00e8 crec en el treball que hem fet aquests anys en qu\u00e8 hem anat formant a jugadors que han anat creixent durant el cam\u00ed. Estem ben armats darrere, i en el centre del camp i a dalt tenim gent de qualitat\u201d. El pr\u00f2xim rival: el Recreativo de Huelva \u201c\u00c9s un equip que ha canviat molt\u00edssima gent, amb jugadors que han pujat de categoria i procedents del Juvenil. Porten 7 gols i els han fet 9. Tenen una massa social brutal, amb una plantilla molt bona amb jugadors que coneixen la categoria molt b\u00e9. Fora de casa no els ha anat b\u00e9 perqu\u00e8 ha encaixat molt prompte, per\u00f2 en les segones parts estrenyen\u201d. Una prova de foc m\u00e9s \u201cCrec que ser\u00e0 una prova de foc per a nosaltres una altra vegada. \u00c9s un rival diferent dels quals hem tingut, que ens hem trobat a dos filials. Ens exigiran molt a nivell defensiu. A m\u00e9s, basen el seu joc en el joc directe, a pilota parada s\u00f3n perillosos i s\u00f3n capa\u00e7os de pressionar-te alt\u201d. Pots tornar a veure la roda de premsa de Miguel \u00c1lvarez en el seg\u00fcent enlla\u00e7:","headings":[{"type":"heading","level":2,"text":"Miguel \u00c1lvarez ha analitzat el pr\u00f2xim partit del Mini Submar\u00ed davant el Recreativo de Huelva (diumenge, 12.00h)"}],"buttons":[],"images":[],"counts":{"blocks":13,"headings":1,"texts":11,"buttons":0,"images":0}},"sections":[{"id":"section-1","title":"Miguel \u00c1lvarez ha analitzat el pr\u00f2xim partit del Mini Submar\u00ed davant el Recreativo de Huelva (diumenge, 12.00h)","text":"Miguel \u00c1lvarez ha analitzat el pr\u00f2xim partit del Mini Submar\u00ed davant el Recreativo de Huelva (diumenge, 12.00h) L\u2019entrenador del Villarreal B, Miguel \u00c1lvarez, ha comparegut davant els mitjans de comunicaci\u00f3 a la sala de premsa de la Ciutat Esportiva Jos\u00e9 Manuel Llaneza per a parlar del partit que el filial groc disputar\u00e0 aquest diumenge davant el Recreativo de Huelva a partir de les 12.00 hores en el Mini Estadi. Aquestes han sigut les declaracions m\u00e9s destacades del t\u00e8cnic groc: Sensacions de l\u2019inici de temporada \u201cJo vull pensar en gran. Cal veure els partits que ja hem jugat i el context en el qual ens hem mogut. \u00c9s cert que en el futbol hi ha un factor poc controlable, que \u00e9s la sort, i hi ha un munt de xics joves que no tenen experi\u00e8ncia en aquesta categoria. Jugar en Primera RFEF no \u00e9s el mateix que jugar en Segona. En aquesta categoria es necessiten eines diferents i hem de saber adaptar-nos als contextos poc favorables\u201d. Equip en construcci\u00f3 \u201cEstem treballant amb molta gent nova i de fora, amb unes condicions b\u00e0rbares f\u00edsic-t\u00e8cniques, per\u00f2 a nivell t\u00e0ctic hi ha molt a treballar amb ells. Com cada any hi ha molt\u00edssima faena, que aix\u00f2 ens agrada als formadors, que els jugadors entenguen on estan i com han de treballar per a continuar progressant. Crec en el treball del cos t\u00e8cnic, perqu\u00e8 crec en el treball que hem fet aquests anys en qu\u00e8 hem anat formant a jugadors que han anat creixent durant el cam\u00ed. Estem ben armats darrere, i en el centre del camp i a dalt tenim gent de qualitat\u201d. El pr\u00f2xim rival: el Recreativo de Huelva \u201c\u00c9s un equip que ha canviat molt\u00edssima gent, amb jugadors que han pujat de categoria i procedents del Juvenil. Porten 7 gols i els han fet 9. Tenen una massa social brutal, amb una plantilla molt bona amb jugadors que coneixen la categoria molt b\u00e9. Fora de casa no els ha anat b\u00e9 perqu\u00e8 ha encaixat molt prompte, per\u00f2 en les segones parts estrenyen\u201d. Una prova de foc m\u00e9s \u201cCrec que ser\u00e0 una prova de foc per a nosaltres una altra vegada. \u00c9s un rival diferent dels quals hem tingut, que ens hem trobat a dos filials. Ens exigiran molt a nivell defensiu. A m\u00e9s, basen el seu joc en el joc directe, a pilota parada s\u00f3n perillosos i s\u00f3n capa\u00e7os de pressionar-te alt\u201d. Pots tornar a veure la roda de premsa de Miguel \u00c1lvarez en el seg\u00fcent enlla\u00e7:","headings":[{"type":"heading","level":2,"text":"Miguel \u00c1lvarez ha analitzat el pr\u00f2xim partit del Mini Submar\u00ed davant el Recreativo de Huelva (diumenge, 12.00h)"}],"texts":[{"type":"paragraph","text":"L\u2019entrenador del Villarreal B, Miguel \u00c1lvarez, ha comparegut davant els mitjans de comunicaci\u00f3 a la sala de premsa de la Ciutat Esportiva Jos\u00e9 Manuel Llaneza per a parlar del partit que el filial groc disputar\u00e0 aquest diumenge davant el Recreativo de Huelva a partir de les 12.00 hores en el Mini Estadi."},{"type":"paragraph","text":"Aquestes han sigut les declaracions m\u00e9s destacades del t\u00e8cnic groc:"},{"type":"paragraph","text":"Sensacions de l\u2019inici de temporada"},{"type":"paragraph","text":"\u201cJo vull pensar en gran. Cal veure els partits que ja hem jugat i el context en el qual ens hem mogut. \u00c9s cert que en el futbol hi ha un factor poc controlable, que \u00e9s la sort, i hi ha un munt de xics joves que no tenen experi\u00e8ncia en aquesta categoria. Jugar en Primera RFEF no \u00e9s el mateix que jugar en Segona. En aquesta categoria es necessiten eines diferents i hem de saber adaptar-nos als contextos poc favorables\u201d."},{"type":"paragraph","text":"Equip en construcci\u00f3"},{"type":"paragraph","text":"\u201cEstem treballant amb molta gent nova i de fora, amb unes condicions b\u00e0rbares f\u00edsic-t\u00e8cniques, per\u00f2 a nivell t\u00e0ctic hi ha molt a treballar amb ells. Com cada any hi ha molt\u00edssima faena, que aix\u00f2 ens agrada als formadors, que els jugadors entenguen on estan i com han de treballar per a continuar progressant. Crec en el treball del cos t\u00e8cnic, perqu\u00e8 crec en el treball que hem fet aquests anys en qu\u00e8 hem anat formant a jugadors que han anat creixent durant el cam\u00ed. Estem ben armats darrere, i en el centre del camp i a dalt tenim gent de qualitat\u201d."},{"type":"paragraph","text":"El pr\u00f2xim rival: el Recreativo de Huelva"},{"type":"paragraph","text":"\u201c\u00c9s un equip que ha canviat molt\u00edssima gent, amb jugadors que han pujat de categoria i procedents del Juvenil. Porten 7 gols i els han fet 9. Tenen una massa social brutal, amb una plantilla molt bona amb jugadors que coneixen la categoria molt b\u00e9. Fora de casa no els ha anat b\u00e9 perqu\u00e8 ha encaixat molt prompte, per\u00f2 en les segones parts estrenyen\u201d."},{"type":"paragraph","text":"Una prova de foc m\u00e9s"},{"type":"paragraph","text":"\u201cCrec que ser\u00e0 una prova de foc per a nosaltres una altra vegada. \u00c9s un rival diferent dels quals hem tingut, que ens hem trobat a dos filials. Ens exigiran molt a nivell defensiu. A m\u00e9s, basen el seu joc en el joc directe, a pilota parada s\u00f3n perillosos i s\u00f3n capa\u00e7os de pressionar-te alt\u201d."},{"type":"paragraph","text":"Pots tornar a veure la roda de premsa de Miguel \u00c1lvarez en el seg\u00fcent enlla\u00e7:"}],"buttons":[],"images":[],"widgets":[],"blocks":[{"type":"heading","level":2,"text":"Miguel \u00c1lvarez ha analitzat el pr\u00f2xim partit del Mini Submar\u00ed davant el Recreativo de Huelva (diumenge, 12.00h)"},{"type":"paragraph","text":"L\u2019entrenador del Villarreal B, Miguel \u00c1lvarez, ha comparegut davant els mitjans de comunicaci\u00f3 a la sala de premsa de la Ciutat Esportiva Jos\u00e9 Manuel Llaneza per a parlar del partit que el filial groc disputar\u00e0 aquest diumenge davant el Recreativo de Huelva a partir de les 12.00 hores en el Mini Estadi."},{"type":"paragraph","text":"Aquestes han sigut les declaracions m\u00e9s destacades del t\u00e8cnic groc:"},{"type":"paragraph","text":"Sensacions de l\u2019inici de temporada"},{"type":"paragraph","text":"\u201cJo vull pensar en gran. Cal veure els partits que ja hem jugat i el context en el qual ens hem mogut. \u00c9s cert que en el futbol hi ha un factor poc controlable, que \u00e9s la sort, i hi ha un munt de xics joves que no tenen experi\u00e8ncia en aquesta categoria. Jugar en Primera RFEF no \u00e9s el mateix que jugar en Segona. En aquesta categoria es necessiten eines diferents i hem de saber adaptar-nos als contextos poc favorables\u201d."},{"type":"paragraph","text":"Equip en construcci\u00f3"},{"type":"paragraph","text":"\u201cEstem treballant amb molta gent nova i de fora, amb unes condicions b\u00e0rbares f\u00edsic-t\u00e8cniques, per\u00f2 a nivell t\u00e0ctic hi ha molt a treballar amb ells. Com cada any hi ha molt\u00edssima faena, que aix\u00f2 ens agrada als formadors, que els jugadors entenguen on estan i com han de treballar per a continuar progressant. Crec en el treball del cos t\u00e8cnic, perqu\u00e8 crec en el treball que hem fet aquests anys en qu\u00e8 hem anat formant a jugadors que han anat creixent durant el cam\u00ed. Estem ben armats darrere, i en el centre del camp i a dalt tenim gent de qualitat\u201d."},{"type":"paragraph","text":"El pr\u00f2xim rival: el Recreativo de Huelva"},{"type":"paragraph","text":"\u201c\u00c9s un equip que ha canviat molt\u00edssima gent, amb jugadors que han pujat de categoria i procedents del Juvenil. Porten 7 gols i els han fet 9. Tenen una massa social brutal, amb una plantilla molt bona amb jugadors que coneixen la categoria molt b\u00e9. Fora de casa no els ha anat b\u00e9 perqu\u00e8 ha encaixat molt prompte, per\u00f2 en les segones parts estrenyen\u201d."},{"type":"paragraph","text":"Una prova de foc m\u00e9s"},{"type":"paragraph","text":"\u201cCrec que ser\u00e0 una prova de foc per a nosaltres una altra vegada. \u00c9s un rival diferent dels quals hem tingut, que ens hem trobat a dos filials. Ens exigiran molt a nivell defensiu. A m\u00e9s, basen el seu joc en el joc directe, a pilota parada s\u00f3n perillosos i s\u00f3n capa\u00e7os de pressionar-te alt\u201d."},{"type":"paragraph","text":"Pots tornar a veure la roda de premsa de Miguel \u00c1lvarez en el seg\u00fcent enlla\u00e7:"},{"type":"video","kind":"iframe","url":"https:\/\/www.youtube.com\/embed\/wqs5C1qwiaE?feature=oembed","poster":""}]}],"hero":{"id":"section-1","title":"Miguel \u00c1lvarez ha analitzat el pr\u00f2xim partit del Mini Submar\u00ed davant el Recreativo de Huelva (diumenge, 12.00h)","text":"Miguel \u00c1lvarez ha analitzat el pr\u00f2xim partit del Mini Submar\u00ed davant el Recreativo de Huelva (diumenge, 12.00h) L\u2019entrenador del Villarreal B, Miguel \u00c1lvarez, ha comparegut davant els mitjans de comunicaci\u00f3 a la sala de premsa de la Ciutat Esportiva Jos\u00e9 Manuel Llaneza per a parlar del partit que el filial groc disputar\u00e0 aquest diumenge davant el Recreativo de Huelva a partir de les 12.00 hores en el Mini Estadi. Aquestes han sigut les declaracions m\u00e9s destacades del t\u00e8cnic groc: Sensacions de l\u2019inici de temporada \u201cJo vull pensar en gran. Cal veure els partits que ja hem jugat i el context en el qual ens hem mogut. \u00c9s cert que en el futbol hi ha un factor poc controlable, que \u00e9s la sort, i hi ha un munt de xics joves que no tenen experi\u00e8ncia en aquesta categoria. Jugar en Primera RFEF no \u00e9s el mateix que jugar en Segona. En aquesta categoria es necessiten eines diferents i hem de saber adaptar-nos als contextos poc favorables\u201d. Equip en construcci\u00f3 \u201cEstem treballant amb molta gent nova i de fora, amb unes condicions b\u00e0rbares f\u00edsic-t\u00e8cniques, per\u00f2 a nivell t\u00e0ctic hi ha molt a treballar amb ells. Com cada any hi ha molt\u00edssima faena, que aix\u00f2 ens agrada als formadors, que els jugadors entenguen on estan i com han de treballar per a continuar progressant. Crec en el treball del cos t\u00e8cnic, perqu\u00e8 crec en el treball que hem fet aquests anys en qu\u00e8 hem anat formant a jugadors que han anat creixent durant el cam\u00ed. Estem ben armats darrere, i en el centre del camp i a dalt tenim gent de qualitat\u201d. El pr\u00f2xim rival: el Recreativo de Huelva \u201c\u00c9s un equip que ha canviat molt\u00edssima gent, amb jugadors que han pujat de categoria i procedents del Juvenil. Porten 7 gols i els han fet 9. Tenen una massa social brutal, amb una plantilla molt bona amb jugadors que coneixen la categoria molt b\u00e9. Fora de casa no els ha anat b\u00e9 perqu\u00e8 ha encaixat molt prompte, per\u00f2 en les segones parts estrenyen\u201d. Una prova de foc m\u00e9s \u201cCrec que ser\u00e0 una prova de foc per a nosaltres una altra vegada. \u00c9s un rival diferent dels quals hem tingut, que ens hem trobat a dos filials. Ens exigiran molt a nivell defensiu. A m\u00e9s, basen el seu joc en el joc directe, a pilota parada s\u00f3n perillosos i s\u00f3n capa\u00e7os de pressionar-te alt\u201d. Pots tornar a veure la roda de premsa de Miguel \u00c1lvarez en el seg\u00fcent enlla\u00e7:","headings":[{"type":"heading","level":2,"text":"Miguel \u00c1lvarez ha analitzat el pr\u00f2xim partit del Mini Submar\u00ed davant el Recreativo de Huelva (diumenge, 12.00h)"}],"texts":[{"type":"paragraph","text":"L\u2019entrenador del Villarreal B, Miguel \u00c1lvarez, ha comparegut davant els mitjans de comunicaci\u00f3 a la sala de premsa de la Ciutat Esportiva Jos\u00e9 Manuel Llaneza per a parlar del partit que el filial groc disputar\u00e0 aquest diumenge davant el Recreativo de Huelva a partir de les 12.00 hores en el Mini Estadi."},{"type":"paragraph","text":"Aquestes han sigut les declaracions m\u00e9s destacades del t\u00e8cnic groc:"},{"type":"paragraph","text":"Sensacions de l\u2019inici de temporada"},{"type":"paragraph","text":"\u201cJo vull pensar en gran. Cal veure els partits que ja hem jugat i el context en el qual ens hem mogut. \u00c9s cert que en el futbol hi ha un factor poc controlable, que \u00e9s la sort, i hi ha un munt de xics joves que no tenen experi\u00e8ncia en aquesta categoria. Jugar en Primera RFEF no \u00e9s el mateix que jugar en Segona. En aquesta categoria es necessiten eines diferents i hem de saber adaptar-nos als contextos poc favorables\u201d."},{"type":"paragraph","text":"Equip en construcci\u00f3"},{"type":"paragraph","text":"\u201cEstem treballant amb molta gent nova i de fora, amb unes condicions b\u00e0rbares f\u00edsic-t\u00e8cniques, per\u00f2 a nivell t\u00e0ctic hi ha molt a treballar amb ells. Com cada any hi ha molt\u00edssima faena, que aix\u00f2 ens agrada als formadors, que els jugadors entenguen on estan i com han de treballar per a continuar progressant. Crec en el treball del cos t\u00e8cnic, perqu\u00e8 crec en el treball que hem fet aquests anys en qu\u00e8 hem anat formant a jugadors que han anat creixent durant el cam\u00ed. Estem ben armats darrere, i en el centre del camp i a dalt tenim gent de qualitat\u201d."},{"type":"paragraph","text":"El pr\u00f2xim rival: el Recreativo de Huelva"},{"type":"paragraph","text":"\u201c\u00c9s un equip que ha canviat molt\u00edssima gent, amb jugadors que han pujat de categoria i procedents del Juvenil. Porten 7 gols i els han fet 9. Tenen una massa social brutal, amb una plantilla molt bona amb jugadors que coneixen la categoria molt b\u00e9. Fora de casa no els ha anat b\u00e9 perqu\u00e8 ha encaixat molt prompte, per\u00f2 en les segones parts estrenyen\u201d."},{"type":"paragraph","text":"Una prova de foc m\u00e9s"},{"type":"paragraph","text":"\u201cCrec que ser\u00e0 una prova de foc per a nosaltres una altra vegada. \u00c9s un rival diferent dels quals hem tingut, que ens hem trobat a dos filials. Ens exigiran molt a nivell defensiu. A m\u00e9s, basen el seu joc en el joc directe, a pilota parada s\u00f3n perillosos i s\u00f3n capa\u00e7os de pressionar-te alt\u201d."},{"type":"paragraph","text":"Pots tornar a veure la roda de premsa de Miguel \u00c1lvarez en el seg\u00fcent enlla\u00e7:"}],"buttons":[],"images":[],"widgets":[],"blocks":[{"type":"heading","level":2,"text":"Miguel \u00c1lvarez ha analitzat el pr\u00f2xim partit del Mini Submar\u00ed davant el Recreativo de Huelva (diumenge, 12.00h)"},{"type":"paragraph","text":"L\u2019entrenador del Villarreal B, Miguel \u00c1lvarez, ha comparegut davant els mitjans de comunicaci\u00f3 a la sala de premsa de la Ciutat Esportiva Jos\u00e9 Manuel Llaneza per a parlar del partit que el filial groc disputar\u00e0 aquest diumenge davant el Recreativo de Huelva a partir de les 12.00 hores en el Mini Estadi."},{"type":"paragraph","text":"Aquestes han sigut les declaracions m\u00e9s destacades del t\u00e8cnic groc:"},{"type":"paragraph","text":"Sensacions de l\u2019inici de temporada"},{"type":"paragraph","text":"\u201cJo vull pensar en gran. Cal veure els partits que ja hem jugat i el context en el qual ens hem mogut. \u00c9s cert que en el futbol hi ha un factor poc controlable, que \u00e9s la sort, i hi ha un munt de xics joves que no tenen experi\u00e8ncia en aquesta categoria. Jugar en Primera RFEF no \u00e9s el mateix que jugar en Segona. En aquesta categoria es necessiten eines diferents i hem de saber adaptar-nos als contextos poc favorables\u201d."},{"type":"paragraph","text":"Equip en construcci\u00f3"},{"type":"paragraph","text":"\u201cEstem treballant amb molta gent nova i de fora, amb unes condicions b\u00e0rbares f\u00edsic-t\u00e8cniques, per\u00f2 a nivell t\u00e0ctic hi ha molt a treballar amb ells. Com cada any hi ha molt\u00edssima faena, que aix\u00f2 ens agrada als formadors, que els jugadors entenguen on estan i com han de treballar per a continuar progressant. Crec en el treball del cos t\u00e8cnic, perqu\u00e8 crec en el treball que hem fet aquests anys en qu\u00e8 hem anat formant a jugadors que han anat creixent durant el cam\u00ed. Estem ben armats darrere, i en el centre del camp i a dalt tenim gent de qualitat\u201d."},{"type":"paragraph","text":"El pr\u00f2xim rival: el Recreativo de Huelva"},{"type":"paragraph","text":"\u201c\u00c9s un equip que ha canviat molt\u00edssima gent, amb jugadors que han pujat de categoria i procedents del Juvenil. Porten 7 gols i els han fet 9. Tenen una massa social brutal, amb una plantilla molt bona amb jugadors que coneixen la categoria molt b\u00e9. Fora de casa no els ha anat b\u00e9 perqu\u00e8 ha encaixat molt prompte, per\u00f2 en les segones parts estrenyen\u201d."},{"type":"paragraph","text":"Una prova de foc m\u00e9s"},{"type":"paragraph","text":"\u201cCrec que ser\u00e0 una prova de foc per a nosaltres una altra vegada. \u00c9s un rival diferent dels quals hem tingut, que ens hem trobat a dos filials. Ens exigiran molt a nivell defensiu. A m\u00e9s, basen el seu joc en el joc directe, a pilota parada s\u00f3n perillosos i s\u00f3n capa\u00e7os de pressionar-te alt\u201d."},{"type":"paragraph","text":"Pots tornar a veure la roda de premsa de Miguel \u00c1lvarez en el seg\u00fcent enlla\u00e7:"},{"type":"video","kind":"iframe","url":"https:\/\/www.youtube.com\/embed\/wqs5C1qwiaE?feature=oembed","poster":""}]}},"sections":[{"id":"section-1","title":"Miguel \u00c1lvarez ha analitzat el pr\u00f2xim partit del Mini Submar\u00ed davant el Recreativo de Huelva (diumenge, 12.00h)","text":"Miguel \u00c1lvarez ha analitzat el pr\u00f2xim partit del Mini Submar\u00ed davant el Recreativo de Huelva (diumenge, 12.00h) L\u2019entrenador del Villarreal B, Miguel \u00c1lvarez, ha comparegut davant els mitjans de comunicaci\u00f3 a la sala de premsa de la Ciutat Esportiva Jos\u00e9 Manuel Llaneza per a parlar del partit que el filial groc disputar\u00e0 aquest diumenge davant el Recreativo de Huelva a partir de les 12.00 hores en el Mini Estadi. Aquestes han sigut les declaracions m\u00e9s destacades del t\u00e8cnic groc: Sensacions de l\u2019inici de temporada \u201cJo vull pensar en gran. Cal veure els partits que ja hem jugat i el context en el qual ens hem mogut. \u00c9s cert que en el futbol hi ha un factor poc controlable, que \u00e9s la sort, i hi ha un munt de xics joves que no tenen experi\u00e8ncia en aquesta categoria. Jugar en Primera RFEF no \u00e9s el mateix que jugar en Segona. En aquesta categoria es necessiten eines diferents i hem de saber adaptar-nos als contextos poc favorables\u201d. Equip en construcci\u00f3 \u201cEstem treballant amb molta gent nova i de fora, amb unes condicions b\u00e0rbares f\u00edsic-t\u00e8cniques, per\u00f2 a nivell t\u00e0ctic hi ha molt a treballar amb ells. Com cada any hi ha molt\u00edssima faena, que aix\u00f2 ens agrada als formadors, que els jugadors entenguen on estan i com han de treballar per a continuar progressant. Crec en el treball del cos t\u00e8cnic, perqu\u00e8 crec en el treball que hem fet aquests anys en qu\u00e8 hem anat formant a jugadors que han anat creixent durant el cam\u00ed. Estem ben armats darrere, i en el centre del camp i a dalt tenim gent de qualitat\u201d. El pr\u00f2xim rival: el Recreativo de Huelva \u201c\u00c9s un equip que ha canviat molt\u00edssima gent, amb jugadors que han pujat de categoria i procedents del Juvenil. Porten 7 gols i els han fet 9. Tenen una massa social brutal, amb una plantilla molt bona amb jugadors que coneixen la categoria molt b\u00e9. Fora de casa no els ha anat b\u00e9 perqu\u00e8 ha encaixat molt prompte, per\u00f2 en les segones parts estrenyen\u201d. Una prova de foc m\u00e9s \u201cCrec que ser\u00e0 una prova de foc per a nosaltres una altra vegada. \u00c9s un rival diferent dels quals hem tingut, que ens hem trobat a dos filials. Ens exigiran molt a nivell defensiu. A m\u00e9s, basen el seu joc en el joc directe, a pilota parada s\u00f3n perillosos i s\u00f3n capa\u00e7os de pressionar-te alt\u201d. Pots tornar a veure la roda de premsa de Miguel \u00c1lvarez en el seg\u00fcent enlla\u00e7:","url":"","background_image":"","images":[],"videos":[{"type":"video","kind":"iframe","url":"https:\/\/www.youtube.com\/embed\/wqs5C1qwiaE?feature=oembed","poster":""}],"links":[]}]},"excerpt":{"rendered":"Miguel \u00c1lvarez ha analitzat el pr\u00f2xim partit del Mini Submar\u00ed davant el Recreativo de Huelva (diumenge, 12.00h)","protected":false},"author":29,"featured_media":322260,"comment_status":"closed","ping_status":"closed","sticky":false,"template":"","format":"standard","meta":{"_acf_changed":false,"footnotes":""},"categories":[13803],"tags":[717,9270,14339,8867,14939,9680,716,9205,9627,10634,9203],"acf":null,"lang":"val","translations":{"es":322134,"val":322263,"en":322271},"essential_grid":{"has_grid":false},"formatted_date":"September 20, 2024","modified_date":"September 20, 2024","permalink":"https:\/\/villarrealcf.es\/val\/amb-el-pas-de-les-setmanes-anirem-creixent\/","reading_time":3,"featured_media_data":{"id":322260,"title":"20240920- RP Miguel \u00c1lvarez - 002 web","caption":"","alt_text":"","description":"","mime_type":"image\/jpeg","source_url":"https:\/\/villarrealcf.es\/wp-content\/uploads\/2024\/09\/20240920-RP-Miguel-Alvarez-002-web.jpg","sizes":{"thumbnail":{"url":"https:\/\/villarrealcf.es\/wp-content\/uploads\/2024\/09\/20240920-RP-Miguel-Alvarez-002-web.jpg","width":1920,"height":1079},"medium":{"url":"https:\/\/villarrealcf.es\/wp-content\/uploads\/2024\/09\/20240920-RP-Miguel-Alvarez-002-web.jpg","width":1920,"height":1079},"medium_large":{"url":"https:\/\/villarrealcf.es\/wp-content\/uploads\/2024\/09\/20240920-RP-Miguel-Alvarez-002-web-768x432.jpg","width":768,"height":432},"large":{"url":"https:\/\/villarrealcf.es\/wp-content\/uploads\/2024\/09\/20240920-RP-Miguel-Alvarez-002-web.jpg","width":788,"height":443},"1536x1536":{"url":"https:\/\/villarrealcf.es\/wp-content\/uploads\/2024\/09\/20240920-RP-Miguel-Alvarez-002-web-1536x863.jpg","width":1536,"height":863},"2048x2048":{"url":"https:\/\/villarrealcf.es\/wp-content\/uploads\/2024\/09\/20240920-RP-Miguel-Alvarez-002-web.jpg","width":1920,"height":1079},"tp-image-grid":{"url":"https:\/\/villarrealcf.es\/wp-content\/uploads\/2024\/09\/20240920-RP-Miguel-Alvarez-002-web-700x700.jpg","width":700,"height":700},"size-bunyad-medium":{"url":"https:\/\/villarrealcf.es\/wp-content\/uploads\/2024\/09\/20240920-RP-Miguel-Alvarez-002-web.jpg","width":1920,"height":1079},"sportspress-crop-medium":{"url":"https:\/\/villarrealcf.es\/wp-content\/uploads\/2024\/09\/20240920-RP-Miguel-Alvarez-002-web-300x300.jpg","width":300,"height":300},"sportspress-fit-medium":{"url":"https:\/\/villarrealcf.es\/wp-content\/uploads\/2024\/09\/20240920-RP-Miguel-Alvarez-002-web-300x169.jpg","width":300,"height":169},"sportspress-fit-icon":{"url":"https:\/\/villarrealcf.es\/wp-content\/uploads\/2024\/09\/20240920-RP-Miguel-Alvarez-002-web-128x72.jpg","width":128,"height":72},"sportspress-fit-mini":{"url":"https:\/\/villarrealcf.es\/wp-content\/uploads\/2024\/09\/20240920-RP-Miguel-Alvarez-002-web-32x18.jpg","width":32,"height":18},"bunyad-small":{"url":"https:\/\/villarrealcf.es\/wp-content\/uploads\/2024\/09\/20240920-RP-Miguel-Alvarez-002-web-150x84.jpg","width":150,"height":84},"bunyad-medium":{"url":"https:\/\/villarrealcf.es\/wp-content\/uploads\/2024\/09\/20240920-RP-Miguel-Alvarez-002-web-450x253.jpg","width":450,"height":253},"bunyad-full":{"url":"https:\/\/villarrealcf.es\/wp-content\/uploads\/2024\/09\/20240920-RP-Miguel-Alvarez-002-web-1200x674.jpg","width":1200,"height":674},"bunyad-viewport":{"url":"https:\/\/villarrealcf.es\/wp-content\/uploads\/2024\/09\/20240920-RP-Miguel-Alvarez-002-web.jpg","width":1920,"height":1079},"bunyad-768":{"url":"https:\/\/villarrealcf.es\/wp-content\/uploads\/2024\/09\/20240920-RP-Miguel-Alvarez-002-web-768x432.jpg","width":768,"height":432},"full":{"url":"https:\/\/villarrealcf.es\/wp-content\/uploads\/2024\/09\/20240920-RP-Miguel-Alvarez-002-web.jpg","width":1920,"height":1079}}},"author_data":{"id":"29","name":"Azahara Beroy","first_name":"Azahara","last_name":"Beroy","description":"","avatar_url":"https:\/\/secure.gravatar.com\/avatar\/91b979a91a1925e60814719244bbf7824af58ced5a6e2130c2611bde24439aa7?s=96&d=mm&r=g","acf":null},"taxonomies_data":{"category":[{"id":13803,"name":"Futbol base","slug":"futbol-base-val-2","acf":null}],"post_tag":[{"id":717,"name":"Football","slug":"football-d34","acf":null},{"id":9270,"name":"Futbol","slug":"futbol-val","acf":null},{"id":14339,"name":"Miguel Alvarez","slug":"miguel-alvarez-3-val","acf":null},{"id":8867,"name":"Primera RFEF","slug":"primera-rfef","acf":null},{"id":14939,"name":"Recreativo de Huelva","slug":"recreativo-de-huelva-val-2","acf":null},{"id":9680,"name":"Rueda de prensa","slug":"rueda-de-prensa-val","acf":null},{"id":716,"name":"Soccer","slug":"soccer-d105","acf":null},{"id":9205,"name":"Submarino","slug":"submarino-val","acf":null},{"id":9627,"name":"Submarino Amarillo","slug":"submarino-amarillo-val","acf":null},{"id":10634,"name":"Villarreal B","slug":"villarreal-b-val","acf":null},{"id":9203,"name":"Villarreal CF","slug":"villarreal-cf-val","acf":null}],"translation_priority":[{"id":735,"name":"Optional","slug":"optional-val","acf":null}]},"seo_full":{"native":{"title":"&#8220;Amb el pas de les setmanes anirem creixent&#8221; - Web Oficial del Villarreal CF","description":"Miguel \u00c1lvarez ha analitzat el pr\u00f2xim partit del Mini Submar\u00ed davant el Recreativo de Huelva (diumenge, 12.00h)","canonical":"https:\/\/villarrealcf.es\/val\/amb-el-pas-de-les-setmanes-anirem-creixent\/"}},"_links":{"self":[{"href":"https:\/\/villarrealcf.es\/val\/wp-json\/wp\/v2\/posts\/322263","targetHints":{"allow":["GET"]}}],"collection":[{"href":"https:\/\/villarrealcf.es\/val\/wp-json\/wp\/v2\/posts"}],"about":[{"href":"https:\/\/villarrealcf.es\/val\/wp-json\/wp\/v2\/types\/post"}],"author":[{"embeddable":true,"href":"https:\/\/villarrealcf.es\/val\/wp-json\/wp\/v2\/users\/29"}],"replies":[{"embeddable":true,"href":"https:\/\/villarrealcf.es\/val\/wp-json\/wp\/v2\/comments?post=322263"}],"version-history":[{"count":0,"href":"https:\/\/villarrealcf.es\/val\/wp-json\/wp\/v2\/posts\/322263\/revisions"}],"wp:featuredmedia":[{"embeddable":true,"href":"https:\/\/villarrealcf.es\/val\/wp-json\/wp\/v2\/media\/322260"}],"wp:attachment":[{"href":"https:\/\/villarrealcf.es\/val\/wp-json\/wp\/v2\/media?parent=322263"}],"wp:term":[{"taxonomy":"category","embeddable":true,"href":"https:\/\/villarrealcf.es\/val\/wp-json\/wp\/v2\/categories?post=322263"},{"taxonomy":"post_tag","embeddable":true,"href":"https:\/\/villarrealcf.es\/val\/wp-json\/wp\/v2\/tags?post=322263"}],"curies":[{"name":"wp","href":"https:\/\/api.w.org\/{rel}","templated":true}]}}