{"id":322010,"date":"2024-09-19T16:57:35","date_gmt":"2024-09-19T14:57:35","guid":{"rendered":"https:\/\/villarrealcf.es\/endavant-igualtat-da-el-pistoletazo-de-salida-al-curso-2024-25\/"},"modified":"2024-09-19T17:05:46","modified_gmt":"2024-09-19T15:05:46","slug":"endavant-igualtat-dona-el-tir-deixida-al-curs-2024-25","status":"publish","type":"post","link":"https:\/\/villarrealcf.es\/val\/endavant-igualtat-dona-el-tir-deixida-al-curs-2024-25\/","title":{"rendered":"Endavant Igualtat dona el tir d&#8217;eixida al curs 2024\/25"},"content":{"protected":false,"blocks":[{"type":"heading","level":2,"text":"El Villarreal ha donat la benvinguda a les associacions en una jornada d\u2019inauguraci\u00f3 celebrada en La Cer\u00e1mica"},{"type":"paragraph","text":"El Villarreal CF ha inaugurat el programa Endavant Igualtat 2024\/25 amb un multitudinari acte celebrat a la sala de premsa de l\u2019Estadio de la Cer\u00e1mica. L\u2019esdeveniment, liderat pel director de futbol de l\u2019entitat, Miguel \u00c1ngel Tena, ha congregat als principals equips del Villarreal CF i a diferents representants i usuaris de les associacions adscrites a esta enriquidora iniciativa impulsada pel club."},{"type":"paragraph","text":"En el transcurs de l\u2019acte, Miguel \u00c1ngel Tena ha pres la paraula per a subratllar la import\u00e0ncia d\u2019este projecte per al futbol base i agrair la implicaci\u00f3 dels diferents centres participants. De la mateixa manera, Paloma Mas\u00f3, responsable de RSC del club, ha intervingut per a recordar la tradici\u00f3 d\u2019este programa pioner en el futbol espanyol, que vincula a joves talents de l\u2019esport amb persones que posse\u00efxen habilitats especials."},{"type":"paragraph","text":"En representaci\u00f3 dels equips, ha comparegut Tiago Geralnik, capit\u00e0 del Villarreal B, mentres que per part de les associacions s\u2019ha dirigit als presents H\u00e9ctor Castillo, usuari de Down Castell\u00f3."},{"type":"paragraph","text":"Despr\u00e9s dels parlaments a la sala de premsa, jugadors i usuaris d\u2019Endavant Igualtat han gaudit d\u2019un dist\u00e9s aperitiu a l\u2019interior de l\u2019Estadio de la Cer\u00e1mica. Un fant\u00e0stic punt de partida per a les nombroses trobades i jornades que viuran els membres de tots dos col\u00b7lectius durant la present campanya."},{"type":"paragraph","text":"Els centres i usuaris participants d\u2019esta temporada s\u00f3n els seg\u00fcents:"},{"type":"list","style":"ul","items":["Villarreal B \u2013 Down Castell\u00f3 (S\u00edndrome de Down)","Villarreal Femen\u00ed \u2013 CAT Burriana (Atenci\u00f3 preco\u00e7)","Villarreal C \u2013 CRIS La Vall (Salut mental)","Juvenil A \u2013 CAU (Autisme)","Juvenil Roda \u2013 Pis Don Bosco Borriana (pisos tutelats)","Juvenil B \u2013 Aspropace (par\u00e0lisi cerebral)","Cadet A \u2013 Resid\u00e8ncia per a majors Verge de Gr\u00e0cia (ancians)","Cadet Roda \u2013 Centre d\u2019acolliment Plana Baixa (centre d\u2019acolliment)","Infantil A \u2013 EDI del Vila-real (Discapacitat intel\u00b7lectual)","Infantil Roda \u2013 EDI del Vila-real (Discapacitat intel\u00b7lectual)"]}],"structured":{"summary":{"text":"El Villarreal ha donat la benvinguda a les associacions en una jornada d\u2019inauguraci\u00f3 celebrada en La Cer\u00e1mica El Villarreal CF ha inaugurat el programa Endavant Igualtat 2024\/25 amb un multitudinari acte celebrat a la sala de premsa de l\u2019Estadio de la Cer\u00e1mica. L\u2019esdeveniment, liderat pel director de futbol de l\u2019entitat, Miguel \u00c1ngel Tena, ha congregat als principals equips del Villarreal CF i a diferents representants i usuaris de les associacions adscrites a esta enriquidora iniciativa impulsada pel club. En el transcurs de l\u2019acte, Miguel \u00c1ngel Tena ha pres la paraula per a subratllar la import\u00e0ncia d\u2019este projecte per al futbol base i agrair la implicaci\u00f3 dels diferents centres participants. De la mateixa manera, Paloma Mas\u00f3, responsable de RSC del club, ha intervingut per a recordar la tradici\u00f3 d\u2019este programa pioner en el futbol espanyol, que vincula a joves talents de l\u2019esport amb persones que posse\u00efxen habilitats especials. En representaci\u00f3 dels equips, ha comparegut Tiago Geralnik, capit\u00e0 del Villarreal B, mentres que per part de les associacions s\u2019ha dirigit als presents H\u00e9ctor Castillo, usuari de Down Castell\u00f3. Despr\u00e9s dels parlaments a la sala de premsa, jugadors i usuaris d\u2019Endavant Igualtat han gaudit d\u2019un dist\u00e9s aperitiu a l\u2019interior de l\u2019Estadio de la Cer\u00e1mica. Un fant\u00e0stic punt de partida per a les nombroses trobades i jornades que viuran els membres de tots dos col\u00b7lectius durant la present campanya. Els centres i usuaris participants d\u2019esta temporada s\u00f3n els seg\u00fcents: Villarreal B \u2013 Down Castell\u00f3 (S\u00edndrome de Down) Villarreal Femen\u00ed \u2013 CAT Burriana (Atenci\u00f3 preco\u00e7) Villarreal C \u2013 CRIS La Vall (Salut mental) Juvenil A \u2013 CAU (Autisme) Juvenil Roda \u2013 Pis Don Bosco Borriana (pisos tutelats) Juvenil B \u2013 Aspropace (par\u00e0lisi cerebral) Cadet A \u2013 Resid\u00e8ncia per a majors Verge de Gr\u00e0cia (ancians) Cadet Roda \u2013 Centre d\u2019acolliment Plana Baixa (centre d\u2019acolliment) Infantil A \u2013 EDI del Vila-real (Discapacitat intel\u00b7lectual) Infantil Roda \u2013 EDI del Vila-real (Discapacitat intel\u00b7lectual)","headings":[{"type":"heading","level":2,"text":"El Villarreal ha donat la benvinguda a les associacions en una jornada d\u2019inauguraci\u00f3 celebrada en La Cer\u00e1mica"}],"buttons":[],"images":[],"counts":{"blocks":7,"headings":1,"texts":5,"buttons":0,"images":0}},"sections":[{"id":"section-1","title":"El Villarreal ha donat la benvinguda a les associacions en una jornada d\u2019inauguraci\u00f3 celebrada en La Cer\u00e1mica","text":"El Villarreal ha donat la benvinguda a les associacions en una jornada d\u2019inauguraci\u00f3 celebrada en La Cer\u00e1mica El Villarreal CF ha inaugurat el programa Endavant Igualtat 2024\/25 amb un multitudinari acte celebrat a la sala de premsa de l\u2019Estadio de la Cer\u00e1mica. L\u2019esdeveniment, liderat pel director de futbol de l\u2019entitat, Miguel \u00c1ngel Tena, ha congregat als principals equips del Villarreal CF i a diferents representants i usuaris de les associacions adscrites a esta enriquidora iniciativa impulsada pel club. En el transcurs de l\u2019acte, Miguel \u00c1ngel Tena ha pres la paraula per a subratllar la import\u00e0ncia d\u2019este projecte per al futbol base i agrair la implicaci\u00f3 dels diferents centres participants. De la mateixa manera, Paloma Mas\u00f3, responsable de RSC del club, ha intervingut per a recordar la tradici\u00f3 d\u2019este programa pioner en el futbol espanyol, que vincula a joves talents de l\u2019esport amb persones que posse\u00efxen habilitats especials. En representaci\u00f3 dels equips, ha comparegut Tiago Geralnik, capit\u00e0 del Villarreal B, mentres que per part de les associacions s\u2019ha dirigit als presents H\u00e9ctor Castillo, usuari de Down Castell\u00f3. Despr\u00e9s dels parlaments a la sala de premsa, jugadors i usuaris d\u2019Endavant Igualtat han gaudit d\u2019un dist\u00e9s aperitiu a l\u2019interior de l\u2019Estadio de la Cer\u00e1mica. Un fant\u00e0stic punt de partida per a les nombroses trobades i jornades que viuran els membres de tots dos col\u00b7lectius durant la present campanya. Els centres i usuaris participants d\u2019esta temporada s\u00f3n els seg\u00fcents:","headings":[{"type":"heading","level":2,"text":"El Villarreal ha donat la benvinguda a les associacions en una jornada d\u2019inauguraci\u00f3 celebrada en La Cer\u00e1mica"}],"texts":[{"type":"paragraph","text":"El Villarreal CF ha inaugurat el programa Endavant Igualtat 2024\/25 amb un multitudinari acte celebrat a la sala de premsa de l\u2019Estadio de la Cer\u00e1mica. L\u2019esdeveniment, liderat pel director de futbol de l\u2019entitat, Miguel \u00c1ngel Tena, ha congregat als principals equips del Villarreal CF i a diferents representants i usuaris de les associacions adscrites a esta enriquidora iniciativa impulsada pel club."},{"type":"paragraph","text":"En el transcurs de l\u2019acte, Miguel \u00c1ngel Tena ha pres la paraula per a subratllar la import\u00e0ncia d\u2019este projecte per al futbol base i agrair la implicaci\u00f3 dels diferents centres participants. De la mateixa manera, Paloma Mas\u00f3, responsable de RSC del club, ha intervingut per a recordar la tradici\u00f3 d\u2019este programa pioner en el futbol espanyol, que vincula a joves talents de l\u2019esport amb persones que posse\u00efxen habilitats especials."},{"type":"paragraph","text":"En representaci\u00f3 dels equips, ha comparegut Tiago Geralnik, capit\u00e0 del Villarreal B, mentres que per part de les associacions s\u2019ha dirigit als presents H\u00e9ctor Castillo, usuari de Down Castell\u00f3."},{"type":"paragraph","text":"Despr\u00e9s dels parlaments a la sala de premsa, jugadors i usuaris d\u2019Endavant Igualtat han gaudit d\u2019un dist\u00e9s aperitiu a l\u2019interior de l\u2019Estadio de la Cer\u00e1mica. Un fant\u00e0stic punt de partida per a les nombroses trobades i jornades que viuran els membres de tots dos col\u00b7lectius durant la present campanya."},{"type":"paragraph","text":"Els centres i usuaris participants d\u2019esta temporada s\u00f3n els seg\u00fcents:"}],"buttons":[],"images":[],"widgets":[],"blocks":[{"type":"heading","level":2,"text":"El Villarreal ha donat la benvinguda a les associacions en una jornada d\u2019inauguraci\u00f3 celebrada en La Cer\u00e1mica"},{"type":"paragraph","text":"El Villarreal CF ha inaugurat el programa Endavant Igualtat 2024\/25 amb un multitudinari acte celebrat a la sala de premsa de l\u2019Estadio de la Cer\u00e1mica. L\u2019esdeveniment, liderat pel director de futbol de l\u2019entitat, Miguel \u00c1ngel Tena, ha congregat als principals equips del Villarreal CF i a diferents representants i usuaris de les associacions adscrites a esta enriquidora iniciativa impulsada pel club."},{"type":"paragraph","text":"En el transcurs de l\u2019acte, Miguel \u00c1ngel Tena ha pres la paraula per a subratllar la import\u00e0ncia d\u2019este projecte per al futbol base i agrair la implicaci\u00f3 dels diferents centres participants. De la mateixa manera, Paloma Mas\u00f3, responsable de RSC del club, ha intervingut per a recordar la tradici\u00f3 d\u2019este programa pioner en el futbol espanyol, que vincula a joves talents de l\u2019esport amb persones que posse\u00efxen habilitats especials."},{"type":"paragraph","text":"En representaci\u00f3 dels equips, ha comparegut Tiago Geralnik, capit\u00e0 del Villarreal B, mentres que per part de les associacions s\u2019ha dirigit als presents H\u00e9ctor Castillo, usuari de Down Castell\u00f3."},{"type":"paragraph","text":"Despr\u00e9s dels parlaments a la sala de premsa, jugadors i usuaris d\u2019Endavant Igualtat han gaudit d\u2019un dist\u00e9s aperitiu a l\u2019interior de l\u2019Estadio de la Cer\u00e1mica. Un fant\u00e0stic punt de partida per a les nombroses trobades i jornades que viuran els membres de tots dos col\u00b7lectius durant la present campanya."},{"type":"paragraph","text":"Els centres i usuaris participants d\u2019esta temporada s\u00f3n els seg\u00fcents:"},{"type":"list","style":"ul","items":["Villarreal B \u2013 Down Castell\u00f3 (S\u00edndrome de Down)","Villarreal Femen\u00ed \u2013 CAT Burriana (Atenci\u00f3 preco\u00e7)","Villarreal C \u2013 CRIS La Vall (Salut mental)","Juvenil A \u2013 CAU (Autisme)","Juvenil Roda \u2013 Pis Don Bosco Borriana (pisos tutelats)","Juvenil B \u2013 Aspropace (par\u00e0lisi cerebral)","Cadet A \u2013 Resid\u00e8ncia per a majors Verge de Gr\u00e0cia (ancians)","Cadet Roda \u2013 Centre d\u2019acolliment Plana Baixa (centre d\u2019acolliment)","Infantil A \u2013 EDI del Vila-real (Discapacitat intel\u00b7lectual)","Infantil Roda \u2013 EDI del Vila-real (Discapacitat intel\u00b7lectual)"]}]}],"hero":{"id":"section-1","title":"El Villarreal ha donat la benvinguda a les associacions en una jornada d\u2019inauguraci\u00f3 celebrada en La Cer\u00e1mica","text":"El Villarreal ha donat la benvinguda a les associacions en una jornada d\u2019inauguraci\u00f3 celebrada en La Cer\u00e1mica El Villarreal CF ha inaugurat el programa Endavant Igualtat 2024\/25 amb un multitudinari acte celebrat a la sala de premsa de l\u2019Estadio de la Cer\u00e1mica. L\u2019esdeveniment, liderat pel director de futbol de l\u2019entitat, Miguel \u00c1ngel Tena, ha congregat als principals equips del Villarreal CF i a diferents representants i usuaris de les associacions adscrites a esta enriquidora iniciativa impulsada pel club. En el transcurs de l\u2019acte, Miguel \u00c1ngel Tena ha pres la paraula per a subratllar la import\u00e0ncia d\u2019este projecte per al futbol base i agrair la implicaci\u00f3 dels diferents centres participants. De la mateixa manera, Paloma Mas\u00f3, responsable de RSC del club, ha intervingut per a recordar la tradici\u00f3 d\u2019este programa pioner en el futbol espanyol, que vincula a joves talents de l\u2019esport amb persones que posse\u00efxen habilitats especials. En representaci\u00f3 dels equips, ha comparegut Tiago Geralnik, capit\u00e0 del Villarreal B, mentres que per part de les associacions s\u2019ha dirigit als presents H\u00e9ctor Castillo, usuari de Down Castell\u00f3. Despr\u00e9s dels parlaments a la sala de premsa, jugadors i usuaris d\u2019Endavant Igualtat han gaudit d\u2019un dist\u00e9s aperitiu a l\u2019interior de l\u2019Estadio de la Cer\u00e1mica. Un fant\u00e0stic punt de partida per a les nombroses trobades i jornades que viuran els membres de tots dos col\u00b7lectius durant la present campanya. Els centres i usuaris participants d\u2019esta temporada s\u00f3n els seg\u00fcents:","headings":[{"type":"heading","level":2,"text":"El Villarreal ha donat la benvinguda a les associacions en una jornada d\u2019inauguraci\u00f3 celebrada en La Cer\u00e1mica"}],"texts":[{"type":"paragraph","text":"El Villarreal CF ha inaugurat el programa Endavant Igualtat 2024\/25 amb un multitudinari acte celebrat a la sala de premsa de l\u2019Estadio de la Cer\u00e1mica. L\u2019esdeveniment, liderat pel director de futbol de l\u2019entitat, Miguel \u00c1ngel Tena, ha congregat als principals equips del Villarreal CF i a diferents representants i usuaris de les associacions adscrites a esta enriquidora iniciativa impulsada pel club."},{"type":"paragraph","text":"En el transcurs de l\u2019acte, Miguel \u00c1ngel Tena ha pres la paraula per a subratllar la import\u00e0ncia d\u2019este projecte per al futbol base i agrair la implicaci\u00f3 dels diferents centres participants. De la mateixa manera, Paloma Mas\u00f3, responsable de RSC del club, ha intervingut per a recordar la tradici\u00f3 d\u2019este programa pioner en el futbol espanyol, que vincula a joves talents de l\u2019esport amb persones que posse\u00efxen habilitats especials."},{"type":"paragraph","text":"En representaci\u00f3 dels equips, ha comparegut Tiago Geralnik, capit\u00e0 del Villarreal B, mentres que per part de les associacions s\u2019ha dirigit als presents H\u00e9ctor Castillo, usuari de Down Castell\u00f3."},{"type":"paragraph","text":"Despr\u00e9s dels parlaments a la sala de premsa, jugadors i usuaris d\u2019Endavant Igualtat han gaudit d\u2019un dist\u00e9s aperitiu a l\u2019interior de l\u2019Estadio de la Cer\u00e1mica. Un fant\u00e0stic punt de partida per a les nombroses trobades i jornades que viuran els membres de tots dos col\u00b7lectius durant la present campanya."},{"type":"paragraph","text":"Els centres i usuaris participants d\u2019esta temporada s\u00f3n els seg\u00fcents:"}],"buttons":[],"images":[],"widgets":[],"blocks":[{"type":"heading","level":2,"text":"El Villarreal ha donat la benvinguda a les associacions en una jornada d\u2019inauguraci\u00f3 celebrada en La Cer\u00e1mica"},{"type":"paragraph","text":"El Villarreal CF ha inaugurat el programa Endavant Igualtat 2024\/25 amb un multitudinari acte celebrat a la sala de premsa de l\u2019Estadio de la Cer\u00e1mica. L\u2019esdeveniment, liderat pel director de futbol de l\u2019entitat, Miguel \u00c1ngel Tena, ha congregat als principals equips del Villarreal CF i a diferents representants i usuaris de les associacions adscrites a esta enriquidora iniciativa impulsada pel club."},{"type":"paragraph","text":"En el transcurs de l\u2019acte, Miguel \u00c1ngel Tena ha pres la paraula per a subratllar la import\u00e0ncia d\u2019este projecte per al futbol base i agrair la implicaci\u00f3 dels diferents centres participants. De la mateixa manera, Paloma Mas\u00f3, responsable de RSC del club, ha intervingut per a recordar la tradici\u00f3 d\u2019este programa pioner en el futbol espanyol, que vincula a joves talents de l\u2019esport amb persones que posse\u00efxen habilitats especials."},{"type":"paragraph","text":"En representaci\u00f3 dels equips, ha comparegut Tiago Geralnik, capit\u00e0 del Villarreal B, mentres que per part de les associacions s\u2019ha dirigit als presents H\u00e9ctor Castillo, usuari de Down Castell\u00f3."},{"type":"paragraph","text":"Despr\u00e9s dels parlaments a la sala de premsa, jugadors i usuaris d\u2019Endavant Igualtat han gaudit d\u2019un dist\u00e9s aperitiu a l\u2019interior de l\u2019Estadio de la Cer\u00e1mica. Un fant\u00e0stic punt de partida per a les nombroses trobades i jornades que viuran els membres de tots dos col\u00b7lectius durant la present campanya."},{"type":"paragraph","text":"Els centres i usuaris participants d\u2019esta temporada s\u00f3n els seg\u00fcents:"},{"type":"list","style":"ul","items":["Villarreal B \u2013 Down Castell\u00f3 (S\u00edndrome de Down)","Villarreal Femen\u00ed \u2013 CAT Burriana (Atenci\u00f3 preco\u00e7)","Villarreal C \u2013 CRIS La Vall (Salut mental)","Juvenil A \u2013 CAU (Autisme)","Juvenil Roda \u2013 Pis Don Bosco Borriana (pisos tutelats)","Juvenil B \u2013 Aspropace (par\u00e0lisi cerebral)","Cadet A \u2013 Resid\u00e8ncia per a majors Verge de Gr\u00e0cia (ancians)","Cadet Roda \u2013 Centre d\u2019acolliment Plana Baixa (centre d\u2019acolliment)","Infantil A \u2013 EDI del Vila-real (Discapacitat intel\u00b7lectual)","Infantil Roda \u2013 EDI del Vila-real (Discapacitat intel\u00b7lectual)"]}]}},"sections":[{"id":"section-1","title":"El Villarreal ha donat la benvinguda a les associacions en una jornada d\u2019inauguraci\u00f3 celebrada en La Cer\u00e1mica","text":"El Villarreal ha donat la benvinguda a les associacions en una jornada d\u2019inauguraci\u00f3 celebrada en La Cer\u00e1mica El Villarreal CF ha inaugurat el programa Endavant Igualtat 2024\/25 amb un multitudinari acte celebrat a la sala de premsa de l\u2019Estadio de la Cer\u00e1mica. L\u2019esdeveniment, liderat pel director de futbol de l\u2019entitat, Miguel \u00c1ngel Tena, ha congregat als principals equips del Villarreal CF i a diferents representants i usuaris de les associacions adscrites a esta enriquidora iniciativa impulsada pel club. En el transcurs de l\u2019acte, Miguel \u00c1ngel Tena ha pres la paraula per a subratllar la import\u00e0ncia d\u2019este projecte per al futbol base i agrair la implicaci\u00f3 dels diferents centres participants. De la mateixa manera, Paloma Mas\u00f3, responsable de RSC del club, ha intervingut per a recordar la tradici\u00f3 d\u2019este programa pioner en el futbol espanyol, que vincula a joves talents de l\u2019esport amb persones que posse\u00efxen habilitats especials. En representaci\u00f3 dels equips, ha comparegut Tiago Geralnik, capit\u00e0 del Villarreal B, mentres que per part de les associacions s\u2019ha dirigit als presents H\u00e9ctor Castillo, usuari de Down Castell\u00f3. Despr\u00e9s dels parlaments a la sala de premsa, jugadors i usuaris d\u2019Endavant Igualtat han gaudit d\u2019un dist\u00e9s aperitiu a l\u2019interior de l\u2019Estadio de la Cer\u00e1mica. Un fant\u00e0stic punt de partida per a les nombroses trobades i jornades que viuran els membres de tots dos col\u00b7lectius durant la present campanya. Els centres i usuaris participants d\u2019esta temporada s\u00f3n els seg\u00fcents:","url":"","background_image":"","images":[],"videos":[],"links":[]}]},"excerpt":{"rendered":"El Villarreal ha donat la benvinguda a les associacions en una jornada d&#8217;inauguraci\u00f3 celebrada en La Cer\u00e1mica","protected":false},"author":25,"featured_media":322008,"comment_status":"closed","ping_status":"closed","sticky":false,"template":"","format":"standard","meta":{"_acf_changed":false,"footnotes":""},"categories":[13509],"tags":[9366,10325,9242,10773,717,13555,9227,716,9205,13556,13557],"acf":null,"lang":"val","translations":{"es":322005,"val":322010,"en":322038},"essential_grid":{"has_grid":false},"formatted_date":"September 19, 2024","modified_date":"September 19, 2024","permalink":"https:\/\/villarrealcf.es\/val\/endavant-igualtat-dona-el-tir-deixida-al-curs-2024-25\/","reading_time":2,"featured_media_data":{"id":322008,"title":"endavant_igualtat","caption":"","alt_text":"","description":"","mime_type":"image\/jpeg","source_url":"https:\/\/villarrealcf.es\/wp-content\/uploads\/2024\/09\/endavant_igualtat.jpg","sizes":{"thumbnail":{"url":"https:\/\/villarrealcf.es\/wp-content\/uploads\/2024\/09\/endavant_igualtat.jpg","width":1920,"height":1080},"medium":{"url":"https:\/\/villarrealcf.es\/wp-content\/uploads\/2024\/09\/endavant_igualtat.jpg","width":1920,"height":1080},"medium_large":{"url":"https:\/\/villarrealcf.es\/wp-content\/uploads\/2024\/09\/endavant_igualtat-768x432.jpg","width":768,"height":432},"large":{"url":"https:\/\/villarrealcf.es\/wp-content\/uploads\/2024\/09\/endavant_igualtat.jpg","width":788,"height":443},"1536x1536":{"url":"https:\/\/villarrealcf.es\/wp-content\/uploads\/2024\/09\/endavant_igualtat-1536x864.jpg","width":1536,"height":864},"2048x2048":{"url":"https:\/\/villarrealcf.es\/wp-content\/uploads\/2024\/09\/endavant_igualtat.jpg","width":1920,"height":1080},"tp-image-grid":{"url":"https:\/\/villarrealcf.es\/wp-content\/uploads\/2024\/09\/endavant_igualtat-700x700.jpg","width":700,"height":700},"size-bunyad-medium":{"url":"https:\/\/villarrealcf.es\/wp-content\/uploads\/2024\/09\/endavant_igualtat.jpg","width":1920,"height":1080},"sportspress-crop-medium":{"url":"https:\/\/villarrealcf.es\/wp-content\/uploads\/2024\/09\/endavant_igualtat-300x300.jpg","width":300,"height":300},"sportspress-fit-medium":{"url":"https:\/\/villarrealcf.es\/wp-content\/uploads\/2024\/09\/endavant_igualtat-300x169.jpg","width":300,"height":169},"sportspress-fit-icon":{"url":"https:\/\/villarrealcf.es\/wp-content\/uploads\/2024\/09\/endavant_igualtat-128x72.jpg","width":128,"height":72},"sportspress-fit-mini":{"url":"https:\/\/villarrealcf.es\/wp-content\/uploads\/2024\/09\/endavant_igualtat-32x18.jpg","width":32,"height":18},"bunyad-small":{"url":"https:\/\/villarrealcf.es\/wp-content\/uploads\/2024\/09\/endavant_igualtat-150x84.jpg","width":150,"height":84},"bunyad-medium":{"url":"https:\/\/villarrealcf.es\/wp-content\/uploads\/2024\/09\/endavant_igualtat-450x253.jpg","width":450,"height":253},"bunyad-full":{"url":"https:\/\/villarrealcf.es\/wp-content\/uploads\/2024\/09\/endavant_igualtat-1200x675.jpg","width":1200,"height":675},"bunyad-viewport":{"url":"https:\/\/villarrealcf.es\/wp-content\/uploads\/2024\/09\/endavant_igualtat.jpg","width":1920,"height":1080},"bunyad-768":{"url":"https:\/\/villarrealcf.es\/wp-content\/uploads\/2024\/09\/endavant_igualtat-768x432.jpg","width":768,"height":432},"full":{"url":"https:\/\/villarrealcf.es\/wp-content\/uploads\/2024\/09\/endavant_igualtat.jpg","width":1920,"height":1080}}},"author_data":{"id":"25","name":"Javier Ayuso","first_name":"Javier","last_name":"Ayuso","description":"","avatar_url":"https:\/\/secure.gravatar.com\/avatar\/fcf8894be45988fcce5bbff0efe1790d2a7f4ba57e2c7c898f5068154e696495?s=96&d=mm&r=g","acf":null},"taxonomies_data":{"category":[{"id":13509,"name":"Endavant","slug":"endavant-val","acf":null}],"post_tag":[{"id":9366,"name":"Cantera","slug":"cantera-val","acf":null},{"id":10325,"name":"Cantera Grogueta","slug":"cantera-grogueta-val","acf":null},{"id":9242,"name":"Endavant","slug":"endavant-val-2","acf":null},{"id":10773,"name":"Endavant Igualtat","slug":"endavant-igualtat-val-2","acf":null},{"id":717,"name":"Football","slug":"football-d34","acf":null},{"id":13555,"name":"Futbol","slug":"futbol-val-2","acf":null},{"id":9227,"name":"F\u00fatbol Base","slug":"futbol-base-val","acf":null},{"id":716,"name":"Soccer","slug":"soccer-d105","acf":null},{"id":9205,"name":"Submarino","slug":"submarino-val","acf":null},{"id":13556,"name":"Submarino Amarillo","slug":"submarino-amarillo-val-2","acf":null},{"id":13557,"name":"Villarreal CF","slug":"villarreal-cf-val-2","acf":null}],"translation_priority":[{"id":735,"name":"Optional","slug":"optional-val","acf":null}]},"seo_full":{"native":{"title":"Endavant Igualtat dona el tir d&#8217;eixida al curs 2024\/25 - Web Oficial del Villarreal CF","description":"El Villarreal ha donat la benvinguda a les associacions en una jornada d'inauguraci\u00f3 celebrada en La Cer\u00e1mica","canonical":"https:\/\/villarrealcf.es\/val\/endavant-igualtat-dona-el-tir-deixida-al-curs-2024-25\/"}},"_links":{"self":[{"href":"https:\/\/villarrealcf.es\/val\/wp-json\/wp\/v2\/posts\/322010","targetHints":{"allow":["GET"]}}],"collection":[{"href":"https:\/\/villarrealcf.es\/val\/wp-json\/wp\/v2\/posts"}],"about":[{"href":"https:\/\/villarrealcf.es\/val\/wp-json\/wp\/v2\/types\/post"}],"author":[{"embeddable":true,"href":"https:\/\/villarrealcf.es\/val\/wp-json\/wp\/v2\/users\/25"}],"replies":[{"embeddable":true,"href":"https:\/\/villarrealcf.es\/val\/wp-json\/wp\/v2\/comments?post=322010"}],"version-history":[{"count":0,"href":"https:\/\/villarrealcf.es\/val\/wp-json\/wp\/v2\/posts\/322010\/revisions"}],"wp:featuredmedia":[{"embeddable":true,"href":"https:\/\/villarrealcf.es\/val\/wp-json\/wp\/v2\/media\/322008"}],"wp:attachment":[{"href":"https:\/\/villarrealcf.es\/val\/wp-json\/wp\/v2\/media?parent=322010"}],"wp:term":[{"taxonomy":"category","embeddable":true,"href":"https:\/\/villarrealcf.es\/val\/wp-json\/wp\/v2\/categories?post=322010"},{"taxonomy":"post_tag","embeddable":true,"href":"https:\/\/villarrealcf.es\/val\/wp-json\/wp\/v2\/tags?post=322010"}],"curies":[{"name":"wp","href":"https:\/\/api.w.org\/{rel}","templated":true}]}}