{"id":321327,"date":"2024-09-13T13:17:50","date_gmt":"2024-09-13T11:17:50","guid":{"rendered":"https:\/\/villarrealcf.es\/asi-son-las-instalaciones-de-la-academia-pele\/"},"modified":"2024-09-13T15:53:08","modified_gmt":"2024-09-13T13:53:08","slug":"aixi-son-les-instal%c2%b7lacions-de-pele-academia","status":"publish","type":"post","link":"https:\/\/villarrealcf.es\/val\/aixi-son-les-instal%c2%b7lacions-de-pele-academia\/","title":{"rendered":"Aix\u00ed s\u00f3n les instal\u00b7lacions de Pel\u00e9 Academia"},"content":{"protected":false,"blocks":[{"type":"text","widget":"text-editor","text":"El Villarreal CF ha signat un acord de col\u00b7laboraci\u00f3 hist\u00f2ric amb el prestigi\u00f3s centre de formaci\u00f3 brasiler El Villarreal CF ha arribat a un acord de col\u00b7laboraci\u00f3 amb la Pel\u00e9 Academia, un conveni hist\u00f2ric de gran import\u00e0ncia per a la hist\u00f2ria del Submar\u00ed Groc que refor\u00e7a encara m\u00e9s el comprom\u00eds del club amb la formaci\u00f3 de joves talents implantant la seua metodologia en diferents llocs del m\u00f3n. D\u2019aquesta manera, la prestigiosa acad\u00e8mia del llegendari ex futbolista brasiler passa a formar part de la Pel\u00e9 Academia, despr\u00e9s de l\u2019anunci d\u2019aquesta estrat\u00e8gica alian\u00e7a a Rio de Janeiro, sota la mirada del Crist Redemptor amb els colors del Villarreal CF. El projecte de la Pel\u00e9 Academia va ser anunciat el 2 d\u2019agost de 2016, sent inaugurada pel mateix Pel\u00e9 l\u201911 de desembre de 2018. Les instal\u00b7lacions, situades en Resende, es troben en enclavament estrat\u00e8gic, ja que es troba pr\u00f2xima a tres de les principals ciutats del Brasil: Rio de Janeiro, Beolo Horizonte i S\u00e3o Paulo. Cal destacar que la Pel\u00e9 Academia compta amb 100.000 metres quadrats repartits entre camps de futbol, aules per a la formaci\u00f3 de les joves promeses i una resid\u00e8ncia. Aquestes s\u00f3n les millors fotografies de la visita del Villarreal CF a la Pel\u00e9 Academia:","paragraphs":["El Villarreal CF ha arribat a un acord de col\u00b7laboraci\u00f3 amb la Pel\u00e9 Academia, un conveni hist\u00f2ric de gran import\u00e0ncia per a la hist\u00f2ria del Submar\u00ed Groc que refor\u00e7a encara m\u00e9s el comprom\u00eds del club amb la formaci\u00f3 de joves talents implantant la seua metodologia en diferents llocs del m\u00f3n.","D\u2019aquesta manera, la prestigiosa acad\u00e8mia del llegendari ex futbolista brasiler passa a formar part de la Pel\u00e9 Academia, despr\u00e9s de l\u2019anunci d\u2019aquesta estrat\u00e8gica alian\u00e7a a Rio de Janeiro, sota la mirada del Crist Redemptor amb els colors del Villarreal CF.","El projecte de la Pel\u00e9 Academia va ser anunciat el 2 d\u2019agost de 2016, sent inaugurada pel mateix Pel\u00e9 l\u201911 de desembre de 2018. Les instal\u00b7lacions, situades en Resende, es troben en enclavament estrat\u00e8gic, ja que es troba pr\u00f2xima a tres de les principals ciutats del Brasil: Rio de Janeiro, Beolo Horizonte i S\u00e3o Paulo.","Cal destacar que la Pel\u00e9 Academia compta amb 100.000 metres quadrats repartits entre camps de futbol, aules per a la formaci\u00f3 de les joves promeses i una resid\u00e8ncia.","Aquestes s\u00f3n les millors fotografies de la visita del Villarreal CF a la Pel\u00e9 Academia:"]},{"type":"gallery","widget":"gallery","items":[{"url":"https:\/\/villarrealcf.es\/wp-content\/uploads\/2024\/09\/WhatsApp-Image-2024-09-04-at-14.05.37.jpeg","title":"","thumbnail":"https:\/\/villarrealcf.es\/wp-content\/uploads\/2024\/09\/WhatsApp-Image-2024-09-04-at-14.05.37-1440x1080.jpeg","width":1440,"height":1080},{"url":"https:\/\/villarrealcf.es\/wp-content\/uploads\/2024\/09\/IMG_8543-scaled.jpg","title":"","thumbnail":"https:\/\/villarrealcf.es\/wp-content\/uploads\/2024\/09\/IMG_8543-1620x1080.jpg","width":1620,"height":1080},{"url":"https:\/\/villarrealcf.es\/wp-content\/uploads\/2024\/09\/IMG_0396-ok-scaled.jpg","title":"IMG_0396 ok","thumbnail":"https:\/\/villarrealcf.es\/wp-content\/uploads\/2024\/09\/IMG_0396-ok-1440x1080.jpg","width":1440,"height":1080},{"url":"https:\/\/villarrealcf.es\/wp-content\/uploads\/2024\/09\/IMG_8525-scaled.jpg","title":"","thumbnail":"https:\/\/villarrealcf.es\/wp-content\/uploads\/2024\/09\/IMG_8525-1620x1080.jpg","width":1620,"height":1080},{"url":"https:\/\/villarrealcf.es\/wp-content\/uploads\/2024\/09\/IMG_0410-scaled.jpg","title":"","thumbnail":"https:\/\/villarrealcf.es\/wp-content\/uploads\/2024\/09\/IMG_0410-1440x1080.jpg","width":1440,"height":1080},{"url":"https:\/\/villarrealcf.es\/wp-content\/uploads\/2024\/09\/IMG_8518-scaled.jpg","title":"","thumbnail":"https:\/\/villarrealcf.es\/wp-content\/uploads\/2024\/09\/IMG_8518-1620x1080.jpg","width":1620,"height":1080},{"url":"https:\/\/villarrealcf.es\/wp-content\/uploads\/2024\/09\/IMG_0365-scaled.jpg","title":"IMG_0365","thumbnail":"https:\/\/villarrealcf.es\/wp-content\/uploads\/2024\/09\/IMG_0365-810x1080.jpg","width":810,"height":1080},{"url":"https:\/\/villarrealcf.es\/wp-content\/uploads\/2024\/09\/IMG_8570-scaled.jpg","title":"IMG_8570","thumbnail":"https:\/\/villarrealcf.es\/wp-content\/uploads\/2024\/09\/IMG_8570-1620x1080.jpg","width":1620,"height":1080},{"url":"https:\/\/villarrealcf.es\/wp-content\/uploads\/2024\/09\/IMG_0424-scaled.jpg","title":"IMG_0424","thumbnail":"https:\/\/villarrealcf.es\/wp-content\/uploads\/2024\/09\/IMG_0424-1440x1080.jpg","width":1440,"height":1080},{"url":"https:\/\/villarrealcf.es\/wp-content\/uploads\/2024\/09\/IMG_8538-scaled.jpg","title":"","thumbnail":"https:\/\/villarrealcf.es\/wp-content\/uploads\/2024\/09\/IMG_8538-1620x1080.jpg","width":1620,"height":1080},{"url":"https:\/\/villarrealcf.es\/wp-content\/uploads\/2024\/09\/IMG_0484-scaled.jpg","title":"IMG_0484","thumbnail":"https:\/\/villarrealcf.es\/wp-content\/uploads\/2024\/09\/IMG_0484-1440x1080.jpg","width":1440,"height":1080},{"url":"https:\/\/villarrealcf.es\/wp-content\/uploads\/2024\/09\/IMG_0389-scaled.jpg","title":"IMG_0389","thumbnail":"https:\/\/villarrealcf.es\/wp-content\/uploads\/2024\/09\/IMG_0389-810x1080.jpg","width":810,"height":1080},{"url":"https:\/\/villarrealcf.es\/wp-content\/uploads\/2024\/09\/IMG_0493-scaled.jpg","title":"IMG_0493","thumbnail":"https:\/\/villarrealcf.es\/wp-content\/uploads\/2024\/09\/IMG_0493-1440x1080.jpg","width":1440,"height":1080},{"url":"https:\/\/villarrealcf.es\/wp-content\/uploads\/2024\/09\/IMG_0293-scaled.jpg","title":"","thumbnail":"https:\/\/villarrealcf.es\/wp-content\/uploads\/2024\/09\/IMG_0293-1440x1080.jpg","width":1440,"height":1080},{"url":"https:\/\/villarrealcf.es\/wp-content\/uploads\/2024\/09\/IMG_0318-scaled.jpg","title":"IMG_0318","thumbnail":"https:\/\/villarrealcf.es\/wp-content\/uploads\/2024\/09\/IMG_0318-810x1080.jpg","width":810,"height":1080},{"url":"https:\/\/villarrealcf.es\/wp-content\/uploads\/2024\/09\/IMG_0402-scaled.jpg","title":"IMG_0402","thumbnail":"https:\/\/villarrealcf.es\/wp-content\/uploads\/2024\/09\/IMG_0402-1440x1080.jpg","width":1440,"height":1080},{"url":"https:\/\/villarrealcf.es\/wp-content\/uploads\/2024\/09\/GRFT7956-scaled.jpg","title":"","thumbnail":"https:\/\/villarrealcf.es\/wp-content\/uploads\/2024\/09\/GRFT7956-1620x1080.jpg","width":1620,"height":1080}]}],"structured":{"summary":{"text":"El Villarreal CF ha signat un acord de col\u00b7laboraci\u00f3 hist\u00f2ric amb el prestigi\u00f3s centre de formaci\u00f3 brasiler El Villarreal CF ha arribat a un acord de col\u00b7laboraci\u00f3 amb la Pel\u00e9 Academia, un conveni hist\u00f2ric de gran import\u00e0ncia per a la hist\u00f2ria del Submar\u00ed Groc que refor\u00e7a encara m\u00e9s el comprom\u00eds del club amb la formaci\u00f3 de joves talents implantant la seua metodologia en diferents llocs del m\u00f3n. D\u2019aquesta manera, la prestigiosa acad\u00e8mia del llegendari ex futbolista brasiler passa a formar part de la Pel\u00e9 Academia, despr\u00e9s de l\u2019anunci d\u2019aquesta estrat\u00e8gica alian\u00e7a a Rio de Janeiro, sota la mirada del Crist Redemptor amb els colors del Villarreal CF. El projecte de la Pel\u00e9 Academia va ser anunciat el 2 d\u2019agost de 2016, sent inaugurada pel mateix Pel\u00e9 l\u201911 de desembre de 2018. Les instal\u00b7lacions, situades en Resende, es troben en enclavament estrat\u00e8gic, ja que es troba pr\u00f2xima a tres de les principals ciutats del Brasil: Rio de Janeiro, Beolo Horizonte i S\u00e3o Paulo. Cal destacar que la Pel\u00e9 Academia compta amb 100.000 metres quadrats repartits entre camps de futbol, aules per a la formaci\u00f3 de les joves promeses i una resid\u00e8ncia. Aquestes s\u00f3n les millors fotografies de la visita del Villarreal CF a la Pel\u00e9 Academia:","headings":[],"buttons":[],"images":[],"counts":{"blocks":2,"headings":0,"texts":1,"buttons":0,"images":0},"containers":2},"sections":[{"id":"747c2238","type":"container","classes":["elementor-section","elementor-top-section","elementor-element","elementor-element-747c2238","elementor-section-boxed","elementor-section-height-default"],"title":"","text":"El Villarreal CF ha signat un acord de col\u00b7laboraci\u00f3 hist\u00f2ric amb el prestigi\u00f3s centre de formaci\u00f3 brasiler El Villarreal CF ha arribat a un acord de col\u00b7laboraci\u00f3 amb la Pel\u00e9 Academia, un conveni hist\u00f2ric de gran import\u00e0ncia per a la hist\u00f2ria del Submar\u00ed Groc que refor\u00e7a encara m\u00e9s el comprom\u00eds del club amb la formaci\u00f3 de joves talents implantant la seua metodologia en diferents llocs del m\u00f3n. D\u2019aquesta manera, la prestigiosa acad\u00e8mia del llegendari ex futbolista brasiler passa a formar part de la Pel\u00e9 Academia, despr\u00e9s de l\u2019anunci d\u2019aquesta estrat\u00e8gica alian\u00e7a a Rio de Janeiro, sota la mirada del Crist Redemptor amb els colors del Villarreal CF. El projecte de la Pel\u00e9 Academia va ser anunciat el 2 d\u2019agost de 2016, sent inaugurada pel mateix Pel\u00e9 l\u201911 de desembre de 2018. Les instal\u00b7lacions, situades en Resende, es troben en enclavament estrat\u00e8gic, ja que es troba pr\u00f2xima a tres de les principals ciutats del Brasil: Rio de Janeiro, Beolo Horizonte i S\u00e3o Paulo. Cal destacar que la Pel\u00e9 Academia compta amb 100.000 metres quadrats repartits entre camps de futbol, aules per a la formaci\u00f3 de les joves promeses i una resid\u00e8ncia. Aquestes s\u00f3n les millors fotografies de la visita del Villarreal CF a la Pel\u00e9 Academia:","headings":[],"texts":[{"type":"text","widget":"text-editor","text":"El Villarreal CF ha signat un acord de col\u00b7laboraci\u00f3 hist\u00f2ric amb el prestigi\u00f3s centre de formaci\u00f3 brasiler El Villarreal CF ha arribat a un acord de col\u00b7laboraci\u00f3 amb la Pel\u00e9 Academia, un conveni hist\u00f2ric de gran import\u00e0ncia per a la hist\u00f2ria del Submar\u00ed Groc que refor\u00e7a encara m\u00e9s el comprom\u00eds del club amb la formaci\u00f3 de joves talents implantant la seua metodologia en diferents llocs del m\u00f3n. D\u2019aquesta manera, la prestigiosa acad\u00e8mia del llegendari ex futbolista brasiler passa a formar part de la Pel\u00e9 Academia, despr\u00e9s de l\u2019anunci d\u2019aquesta estrat\u00e8gica alian\u00e7a a Rio de Janeiro, sota la mirada del Crist Redemptor amb els colors del Villarreal CF. El projecte de la Pel\u00e9 Academia va ser anunciat el 2 d\u2019agost de 2016, sent inaugurada pel mateix Pel\u00e9 l\u201911 de desembre de 2018. Les instal\u00b7lacions, situades en Resende, es troben en enclavament estrat\u00e8gic, ja que es troba pr\u00f2xima a tres de les principals ciutats del Brasil: Rio de Janeiro, Beolo Horizonte i S\u00e3o Paulo. Cal destacar que la Pel\u00e9 Academia compta amb 100.000 metres quadrats repartits entre camps de futbol, aules per a la formaci\u00f3 de les joves promeses i una resid\u00e8ncia. Aquestes s\u00f3n les millors fotografies de la visita del Villarreal CF a la Pel\u00e9 Academia:","paragraphs":["El Villarreal CF ha arribat a un acord de col\u00b7laboraci\u00f3 amb la Pel\u00e9 Academia, un conveni hist\u00f2ric de gran import\u00e0ncia per a la hist\u00f2ria del Submar\u00ed Groc que refor\u00e7a encara m\u00e9s el comprom\u00eds del club amb la formaci\u00f3 de joves talents implantant la seua metodologia en diferents llocs del m\u00f3n.","D\u2019aquesta manera, la prestigiosa acad\u00e8mia del llegendari ex futbolista brasiler passa a formar part de la Pel\u00e9 Academia, despr\u00e9s de l\u2019anunci d\u2019aquesta estrat\u00e8gica alian\u00e7a a Rio de Janeiro, sota la mirada del Crist Redemptor amb els colors del Villarreal CF.","El projecte de la Pel\u00e9 Academia va ser anunciat el 2 d\u2019agost de 2016, sent inaugurada pel mateix Pel\u00e9 l\u201911 de desembre de 2018. Les instal\u00b7lacions, situades en Resende, es troben en enclavament estrat\u00e8gic, ja que es troba pr\u00f2xima a tres de les principals ciutats del Brasil: Rio de Janeiro, Beolo Horizonte i S\u00e3o Paulo.","Cal destacar que la Pel\u00e9 Academia compta amb 100.000 metres quadrats repartits entre camps de futbol, aules per a la formaci\u00f3 de les joves promeses i una resid\u00e8ncia.","Aquestes s\u00f3n les millors fotografies de la visita del Villarreal CF a la Pel\u00e9 Academia:"]}],"buttons":[],"images":[],"widgets":["text-editor"],"blocks":[{"type":"text","widget":"text-editor","text":"El Villarreal CF ha signat un acord de col\u00b7laboraci\u00f3 hist\u00f2ric amb el prestigi\u00f3s centre de formaci\u00f3 brasiler El Villarreal CF ha arribat a un acord de col\u00b7laboraci\u00f3 amb la Pel\u00e9 Academia, un conveni hist\u00f2ric de gran import\u00e0ncia per a la hist\u00f2ria del Submar\u00ed Groc que refor\u00e7a encara m\u00e9s el comprom\u00eds del club amb la formaci\u00f3 de joves talents implantant la seua metodologia en diferents llocs del m\u00f3n. D\u2019aquesta manera, la prestigiosa acad\u00e8mia del llegendari ex futbolista brasiler passa a formar part de la Pel\u00e9 Academia, despr\u00e9s de l\u2019anunci d\u2019aquesta estrat\u00e8gica alian\u00e7a a Rio de Janeiro, sota la mirada del Crist Redemptor amb els colors del Villarreal CF. El projecte de la Pel\u00e9 Academia va ser anunciat el 2 d\u2019agost de 2016, sent inaugurada pel mateix Pel\u00e9 l\u201911 de desembre de 2018. Les instal\u00b7lacions, situades en Resende, es troben en enclavament estrat\u00e8gic, ja que es troba pr\u00f2xima a tres de les principals ciutats del Brasil: Rio de Janeiro, Beolo Horizonte i S\u00e3o Paulo. Cal destacar que la Pel\u00e9 Academia compta amb 100.000 metres quadrats repartits entre camps de futbol, aules per a la formaci\u00f3 de les joves promeses i una resid\u00e8ncia. Aquestes s\u00f3n les millors fotografies de la visita del Villarreal CF a la Pel\u00e9 Academia:","paragraphs":["El Villarreal CF ha arribat a un acord de col\u00b7laboraci\u00f3 amb la Pel\u00e9 Academia, un conveni hist\u00f2ric de gran import\u00e0ncia per a la hist\u00f2ria del Submar\u00ed Groc que refor\u00e7a encara m\u00e9s el comprom\u00eds del club amb la formaci\u00f3 de joves talents implantant la seua metodologia en diferents llocs del m\u00f3n.","D\u2019aquesta manera, la prestigiosa acad\u00e8mia del llegendari ex futbolista brasiler passa a formar part de la Pel\u00e9 Academia, despr\u00e9s de l\u2019anunci d\u2019aquesta estrat\u00e8gica alian\u00e7a a Rio de Janeiro, sota la mirada del Crist Redemptor amb els colors del Villarreal CF.","El projecte de la Pel\u00e9 Academia va ser anunciat el 2 d\u2019agost de 2016, sent inaugurada pel mateix Pel\u00e9 l\u201911 de desembre de 2018. Les instal\u00b7lacions, situades en Resende, es troben en enclavament estrat\u00e8gic, ja que es troba pr\u00f2xima a tres de les principals ciutats del Brasil: Rio de Janeiro, Beolo Horizonte i S\u00e3o Paulo.","Cal destacar que la Pel\u00e9 Academia compta amb 100.000 metres quadrats repartits entre camps de futbol, aules per a la formaci\u00f3 de les joves promeses i una resid\u00e8ncia.","Aquestes s\u00f3n les millors fotografies de la visita del Villarreal CF a la Pel\u00e9 Academia:"]}],"children":[]},{"id":"20c2142","type":"container","classes":["elementor-section","elementor-top-section","elementor-element","elementor-element-20c2142","elementor-section-boxed","elementor-section-height-default"],"title":"","text":"","headings":[],"texts":[],"buttons":[],"images":[],"widgets":["gallery"],"blocks":[{"type":"gallery","widget":"gallery","items":[{"url":"https:\/\/villarrealcf.es\/wp-content\/uploads\/2024\/09\/WhatsApp-Image-2024-09-04-at-14.05.37.jpeg","title":"","thumbnail":"https:\/\/villarrealcf.es\/wp-content\/uploads\/2024\/09\/WhatsApp-Image-2024-09-04-at-14.05.37-1440x1080.jpeg","width":1440,"height":1080},{"url":"https:\/\/villarrealcf.es\/wp-content\/uploads\/2024\/09\/IMG_8543-scaled.jpg","title":"","thumbnail":"https:\/\/villarrealcf.es\/wp-content\/uploads\/2024\/09\/IMG_8543-1620x1080.jpg","width":1620,"height":1080},{"url":"https:\/\/villarrealcf.es\/wp-content\/uploads\/2024\/09\/IMG_0396-ok-scaled.jpg","title":"IMG_0396 ok","thumbnail":"https:\/\/villarrealcf.es\/wp-content\/uploads\/2024\/09\/IMG_0396-ok-1440x1080.jpg","width":1440,"height":1080},{"url":"https:\/\/villarrealcf.es\/wp-content\/uploads\/2024\/09\/IMG_8525-scaled.jpg","title":"","thumbnail":"https:\/\/villarrealcf.es\/wp-content\/uploads\/2024\/09\/IMG_8525-1620x1080.jpg","width":1620,"height":1080},{"url":"https:\/\/villarrealcf.es\/wp-content\/uploads\/2024\/09\/IMG_0410-scaled.jpg","title":"","thumbnail":"https:\/\/villarrealcf.es\/wp-content\/uploads\/2024\/09\/IMG_0410-1440x1080.jpg","width":1440,"height":1080},{"url":"https:\/\/villarrealcf.es\/wp-content\/uploads\/2024\/09\/IMG_8518-scaled.jpg","title":"","thumbnail":"https:\/\/villarrealcf.es\/wp-content\/uploads\/2024\/09\/IMG_8518-1620x1080.jpg","width":1620,"height":1080},{"url":"https:\/\/villarrealcf.es\/wp-content\/uploads\/2024\/09\/IMG_0365-scaled.jpg","title":"IMG_0365","thumbnail":"https:\/\/villarrealcf.es\/wp-content\/uploads\/2024\/09\/IMG_0365-810x1080.jpg","width":810,"height":1080},{"url":"https:\/\/villarrealcf.es\/wp-content\/uploads\/2024\/09\/IMG_8570-scaled.jpg","title":"IMG_8570","thumbnail":"https:\/\/villarrealcf.es\/wp-content\/uploads\/2024\/09\/IMG_8570-1620x1080.jpg","width":1620,"height":1080},{"url":"https:\/\/villarrealcf.es\/wp-content\/uploads\/2024\/09\/IMG_0424-scaled.jpg","title":"IMG_0424","thumbnail":"https:\/\/villarrealcf.es\/wp-content\/uploads\/2024\/09\/IMG_0424-1440x1080.jpg","width":1440,"height":1080},{"url":"https:\/\/villarrealcf.es\/wp-content\/uploads\/2024\/09\/IMG_8538-scaled.jpg","title":"","thumbnail":"https:\/\/villarrealcf.es\/wp-content\/uploads\/2024\/09\/IMG_8538-1620x1080.jpg","width":1620,"height":1080},{"url":"https:\/\/villarrealcf.es\/wp-content\/uploads\/2024\/09\/IMG_0484-scaled.jpg","title":"IMG_0484","thumbnail":"https:\/\/villarrealcf.es\/wp-content\/uploads\/2024\/09\/IMG_0484-1440x1080.jpg","width":1440,"height":1080},{"url":"https:\/\/villarrealcf.es\/wp-content\/uploads\/2024\/09\/IMG_0389-scaled.jpg","title":"IMG_0389","thumbnail":"https:\/\/villarrealcf.es\/wp-content\/uploads\/2024\/09\/IMG_0389-810x1080.jpg","width":810,"height":1080},{"url":"https:\/\/villarrealcf.es\/wp-content\/uploads\/2024\/09\/IMG_0493-scaled.jpg","title":"IMG_0493","thumbnail":"https:\/\/villarrealcf.es\/wp-content\/uploads\/2024\/09\/IMG_0493-1440x1080.jpg","width":1440,"height":1080},{"url":"https:\/\/villarrealcf.es\/wp-content\/uploads\/2024\/09\/IMG_0293-scaled.jpg","title":"","thumbnail":"https:\/\/villarrealcf.es\/wp-content\/uploads\/2024\/09\/IMG_0293-1440x1080.jpg","width":1440,"height":1080},{"url":"https:\/\/villarrealcf.es\/wp-content\/uploads\/2024\/09\/IMG_0318-scaled.jpg","title":"IMG_0318","thumbnail":"https:\/\/villarrealcf.es\/wp-content\/uploads\/2024\/09\/IMG_0318-810x1080.jpg","width":810,"height":1080},{"url":"https:\/\/villarrealcf.es\/wp-content\/uploads\/2024\/09\/IMG_0402-scaled.jpg","title":"IMG_0402","thumbnail":"https:\/\/villarrealcf.es\/wp-content\/uploads\/2024\/09\/IMG_0402-1440x1080.jpg","width":1440,"height":1080},{"url":"https:\/\/villarrealcf.es\/wp-content\/uploads\/2024\/09\/GRFT7956-scaled.jpg","title":"","thumbnail":"https:\/\/villarrealcf.es\/wp-content\/uploads\/2024\/09\/GRFT7956-1620x1080.jpg","width":1620,"height":1080}]}],"children":[]}],"hero":{"id":"747c2238","type":"container","classes":["elementor-section","elementor-top-section","elementor-element","elementor-element-747c2238","elementor-section-boxed","elementor-section-height-default"],"title":"","text":"El Villarreal CF ha signat un acord de col\u00b7laboraci\u00f3 hist\u00f2ric amb el prestigi\u00f3s centre de formaci\u00f3 brasiler El Villarreal CF ha arribat a un acord de col\u00b7laboraci\u00f3 amb la Pel\u00e9 Academia, un conveni hist\u00f2ric de gran import\u00e0ncia per a la hist\u00f2ria del Submar\u00ed Groc que refor\u00e7a encara m\u00e9s el comprom\u00eds del club amb la formaci\u00f3 de joves talents implantant la seua metodologia en diferents llocs del m\u00f3n. D\u2019aquesta manera, la prestigiosa acad\u00e8mia del llegendari ex futbolista brasiler passa a formar part de la Pel\u00e9 Academia, despr\u00e9s de l\u2019anunci d\u2019aquesta estrat\u00e8gica alian\u00e7a a Rio de Janeiro, sota la mirada del Crist Redemptor amb els colors del Villarreal CF. El projecte de la Pel\u00e9 Academia va ser anunciat el 2 d\u2019agost de 2016, sent inaugurada pel mateix Pel\u00e9 l\u201911 de desembre de 2018. Les instal\u00b7lacions, situades en Resende, es troben en enclavament estrat\u00e8gic, ja que es troba pr\u00f2xima a tres de les principals ciutats del Brasil: Rio de Janeiro, Beolo Horizonte i S\u00e3o Paulo. Cal destacar que la Pel\u00e9 Academia compta amb 100.000 metres quadrats repartits entre camps de futbol, aules per a la formaci\u00f3 de les joves promeses i una resid\u00e8ncia. Aquestes s\u00f3n les millors fotografies de la visita del Villarreal CF a la Pel\u00e9 Academia:","headings":[],"texts":[{"type":"text","widget":"text-editor","text":"El Villarreal CF ha signat un acord de col\u00b7laboraci\u00f3 hist\u00f2ric amb el prestigi\u00f3s centre de formaci\u00f3 brasiler El Villarreal CF ha arribat a un acord de col\u00b7laboraci\u00f3 amb la Pel\u00e9 Academia, un conveni hist\u00f2ric de gran import\u00e0ncia per a la hist\u00f2ria del Submar\u00ed Groc que refor\u00e7a encara m\u00e9s el comprom\u00eds del club amb la formaci\u00f3 de joves talents implantant la seua metodologia en diferents llocs del m\u00f3n. D\u2019aquesta manera, la prestigiosa acad\u00e8mia del llegendari ex futbolista brasiler passa a formar part de la Pel\u00e9 Academia, despr\u00e9s de l\u2019anunci d\u2019aquesta estrat\u00e8gica alian\u00e7a a Rio de Janeiro, sota la mirada del Crist Redemptor amb els colors del Villarreal CF. El projecte de la Pel\u00e9 Academia va ser anunciat el 2 d\u2019agost de 2016, sent inaugurada pel mateix Pel\u00e9 l\u201911 de desembre de 2018. Les instal\u00b7lacions, situades en Resende, es troben en enclavament estrat\u00e8gic, ja que es troba pr\u00f2xima a tres de les principals ciutats del Brasil: Rio de Janeiro, Beolo Horizonte i S\u00e3o Paulo. Cal destacar que la Pel\u00e9 Academia compta amb 100.000 metres quadrats repartits entre camps de futbol, aules per a la formaci\u00f3 de les joves promeses i una resid\u00e8ncia. Aquestes s\u00f3n les millors fotografies de la visita del Villarreal CF a la Pel\u00e9 Academia:","paragraphs":["El Villarreal CF ha arribat a un acord de col\u00b7laboraci\u00f3 amb la Pel\u00e9 Academia, un conveni hist\u00f2ric de gran import\u00e0ncia per a la hist\u00f2ria del Submar\u00ed Groc que refor\u00e7a encara m\u00e9s el comprom\u00eds del club amb la formaci\u00f3 de joves talents implantant la seua metodologia en diferents llocs del m\u00f3n.","D\u2019aquesta manera, la prestigiosa acad\u00e8mia del llegendari ex futbolista brasiler passa a formar part de la Pel\u00e9 Academia, despr\u00e9s de l\u2019anunci d\u2019aquesta estrat\u00e8gica alian\u00e7a a Rio de Janeiro, sota la mirada del Crist Redemptor amb els colors del Villarreal CF.","El projecte de la Pel\u00e9 Academia va ser anunciat el 2 d\u2019agost de 2016, sent inaugurada pel mateix Pel\u00e9 l\u201911 de desembre de 2018. Les instal\u00b7lacions, situades en Resende, es troben en enclavament estrat\u00e8gic, ja que es troba pr\u00f2xima a tres de les principals ciutats del Brasil: Rio de Janeiro, Beolo Horizonte i S\u00e3o Paulo.","Cal destacar que la Pel\u00e9 Academia compta amb 100.000 metres quadrats repartits entre camps de futbol, aules per a la formaci\u00f3 de les joves promeses i una resid\u00e8ncia.","Aquestes s\u00f3n les millors fotografies de la visita del Villarreal CF a la Pel\u00e9 Academia:"]}],"buttons":[],"images":[],"widgets":["text-editor"],"blocks":[{"type":"text","widget":"text-editor","text":"El Villarreal CF ha signat un acord de col\u00b7laboraci\u00f3 hist\u00f2ric amb el prestigi\u00f3s centre de formaci\u00f3 brasiler El Villarreal CF ha arribat a un acord de col\u00b7laboraci\u00f3 amb la Pel\u00e9 Academia, un conveni hist\u00f2ric de gran import\u00e0ncia per a la hist\u00f2ria del Submar\u00ed Groc que refor\u00e7a encara m\u00e9s el comprom\u00eds del club amb la formaci\u00f3 de joves talents implantant la seua metodologia en diferents llocs del m\u00f3n. D\u2019aquesta manera, la prestigiosa acad\u00e8mia del llegendari ex futbolista brasiler passa a formar part de la Pel\u00e9 Academia, despr\u00e9s de l\u2019anunci d\u2019aquesta estrat\u00e8gica alian\u00e7a a Rio de Janeiro, sota la mirada del Crist Redemptor amb els colors del Villarreal CF. El projecte de la Pel\u00e9 Academia va ser anunciat el 2 d\u2019agost de 2016, sent inaugurada pel mateix Pel\u00e9 l\u201911 de desembre de 2018. Les instal\u00b7lacions, situades en Resende, es troben en enclavament estrat\u00e8gic, ja que es troba pr\u00f2xima a tres de les principals ciutats del Brasil: Rio de Janeiro, Beolo Horizonte i S\u00e3o Paulo. Cal destacar que la Pel\u00e9 Academia compta amb 100.000 metres quadrats repartits entre camps de futbol, aules per a la formaci\u00f3 de les joves promeses i una resid\u00e8ncia. Aquestes s\u00f3n les millors fotografies de la visita del Villarreal CF a la Pel\u00e9 Academia:","paragraphs":["El Villarreal CF ha arribat a un acord de col\u00b7laboraci\u00f3 amb la Pel\u00e9 Academia, un conveni hist\u00f2ric de gran import\u00e0ncia per a la hist\u00f2ria del Submar\u00ed Groc que refor\u00e7a encara m\u00e9s el comprom\u00eds del club amb la formaci\u00f3 de joves talents implantant la seua metodologia en diferents llocs del m\u00f3n.","D\u2019aquesta manera, la prestigiosa acad\u00e8mia del llegendari ex futbolista brasiler passa a formar part de la Pel\u00e9 Academia, despr\u00e9s de l\u2019anunci d\u2019aquesta estrat\u00e8gica alian\u00e7a a Rio de Janeiro, sota la mirada del Crist Redemptor amb els colors del Villarreal CF.","El projecte de la Pel\u00e9 Academia va ser anunciat el 2 d\u2019agost de 2016, sent inaugurada pel mateix Pel\u00e9 l\u201911 de desembre de 2018. Les instal\u00b7lacions, situades en Resende, es troben en enclavament estrat\u00e8gic, ja que es troba pr\u00f2xima a tres de les principals ciutats del Brasil: Rio de Janeiro, Beolo Horizonte i S\u00e3o Paulo.","Cal destacar que la Pel\u00e9 Academia compta amb 100.000 metres quadrats repartits entre camps de futbol, aules per a la formaci\u00f3 de les joves promeses i una resid\u00e8ncia.","Aquestes s\u00f3n les millors fotografies de la visita del Villarreal CF a la Pel\u00e9 Academia:"]}],"children":[]}},"sections":[{"id":"747c2238","title":"El Villarreal CF ha signat un acord de col\u00b7laboraci\u00f3 hist\u00f2ric amb el prestigi\u00f3s centre de formaci\u00f3 brasiler El Villarreal CF ha arribat a un acord de col\u00b7laboraci\u00f3 amb la Pel\u00e9 Academia, un conveni hist\u00f2ric de gran import\u00e0ncia per a la hist\u00f2ria del Submar\u00ed Groc que refor\u00e7a encara m\u00e9s el comprom\u00eds del club amb la formaci\u00f3 de joves talents implantant la seua metodologia en diferents llocs del m\u00f3n. D\u2019aquesta manera, la prestigiosa acad\u00e8mia del llegendari ex futbolista brasiler passa a formar part de la Pel\u00e9 Academia, despr\u00e9s de l\u2019anunci d\u2019aquesta estrat\u00e8gica alian\u00e7a a Rio de Janeiro, sota la mirada del Crist Redemptor amb els colors del Villarreal CF. El projecte de la Pel\u00e9 Academia va ser anunciat el 2 d\u2019agost de 2016, sent inaugurada pel mateix Pel\u00e9 l\u201911 de desembre de 2018. Les instal\u00b7lacions, situades en Resende, es troben en enclavament estrat\u00e8gic, ja que es troba pr\u00f2xima a tres de les principals ciutats del Brasil: Rio de Janeiro, Beolo Horizonte i S\u00e3o Paulo. Cal destacar que la Pel\u00e9 Academia compta amb 100.000 metres quadrats repartits entre camps de futbol, aules per a la formaci\u00f3 de les joves promeses i una resid\u00e8ncia. Aquestes s\u00f3n les millors fotografies de la visita del Villarreal CF a la Pel\u00e9 Academia:","text":"El Villarreal CF ha signat un acord de col\u00b7laboraci\u00f3 hist\u00f2ric amb el prestigi\u00f3s centre de formaci\u00f3 brasiler El Villarreal CF ha arribat a un acord de col\u00b7laboraci\u00f3 amb la Pel\u00e9 Academia, un conveni hist\u00f2ric de gran import\u00e0ncia per a la hist\u00f2ria del Submar\u00ed Groc que refor\u00e7a encara m\u00e9s el comprom\u00eds del club amb la formaci\u00f3 de joves talents implantant la seua metodologia en diferents llocs del m\u00f3n. D\u2019aquesta manera, la prestigiosa acad\u00e8mia del llegendari ex futbolista brasiler passa a formar part de la Pel\u00e9 Academia, despr\u00e9s de l\u2019anunci d\u2019aquesta estrat\u00e8gica alian\u00e7a a Rio de Janeiro, sota la mirada del Crist Redemptor amb els colors del Villarreal CF. El projecte de la Pel\u00e9 Academia va ser anunciat el 2 d\u2019agost de 2016, sent inaugurada pel mateix Pel\u00e9 l\u201911 de desembre de 2018. Les instal\u00b7lacions, situades en Resende, es troben en enclavament estrat\u00e8gic, ja que es troba pr\u00f2xima a tres de les principals ciutats del Brasil: Rio de Janeiro, Beolo Horizonte i S\u00e3o Paulo. Cal destacar que la Pel\u00e9 Academia compta amb 100.000 metres quadrats repartits entre camps de futbol, aules per a la formaci\u00f3 de les joves promeses i una resid\u00e8ncia. Aquestes s\u00f3n les millors fotografies de la visita del Villarreal CF a la Pel\u00e9 Academia:","url":"","background_image":"","images":[],"videos":[],"links":[]},{"id":"20c2142","title":"","text":"","url":"https:\/\/villarrealcf.es\/wp-content\/uploads\/2024\/09\/WhatsApp-Image-2024-09-04-at-14.05.37.jpeg","background_image":"","images":[],"videos":[],"links":[{"url":"https:\/\/villarrealcf.es\/wp-content\/uploads\/2024\/09\/WhatsApp-Image-2024-09-04-at-14.05.37.jpeg","text":"","target":""},{"url":"https:\/\/villarrealcf.es\/wp-content\/uploads\/2024\/09\/IMG_8543-scaled.jpg","text":"","target":""},{"url":"https:\/\/villarrealcf.es\/wp-content\/uploads\/2024\/09\/IMG_0396-ok-scaled.jpg","text":"","target":""},{"url":"https:\/\/villarrealcf.es\/wp-content\/uploads\/2024\/09\/IMG_8525-scaled.jpg","text":"","target":""},{"url":"https:\/\/villarrealcf.es\/wp-content\/uploads\/2024\/09\/IMG_0410-scaled.jpg","text":"","target":""},{"url":"https:\/\/villarrealcf.es\/wp-content\/uploads\/2024\/09\/IMG_8518-scaled.jpg","text":"","target":""},{"url":"https:\/\/villarrealcf.es\/wp-content\/uploads\/2024\/09\/IMG_0365-scaled.jpg","text":"","target":""},{"url":"https:\/\/villarrealcf.es\/wp-content\/uploads\/2024\/09\/IMG_8570-scaled.jpg","text":"","target":""},{"url":"https:\/\/villarrealcf.es\/wp-content\/uploads\/2024\/09\/IMG_0424-scaled.jpg","text":"","target":""},{"url":"https:\/\/villarrealcf.es\/wp-content\/uploads\/2024\/09\/IMG_8538-scaled.jpg","text":"","target":""},{"url":"https:\/\/villarrealcf.es\/wp-content\/uploads\/2024\/09\/IMG_0484-scaled.jpg","text":"","target":""},{"url":"https:\/\/villarrealcf.es\/wp-content\/uploads\/2024\/09\/IMG_0389-scaled.jpg","text":"","target":""},{"url":"https:\/\/villarrealcf.es\/wp-content\/uploads\/2024\/09\/IMG_0493-scaled.jpg","text":"","target":""},{"url":"https:\/\/villarrealcf.es\/wp-content\/uploads\/2024\/09\/IMG_0293-scaled.jpg","text":"","target":""},{"url":"https:\/\/villarrealcf.es\/wp-content\/uploads\/2024\/09\/IMG_0318-scaled.jpg","text":"","target":""},{"url":"https:\/\/villarrealcf.es\/wp-content\/uploads\/2024\/09\/IMG_0402-scaled.jpg","text":"","target":""},{"url":"https:\/\/villarrealcf.es\/wp-content\/uploads\/2024\/09\/GRFT7956-scaled.jpg","text":"","target":""}]}]},"excerpt":{"rendered":"El Villarreal CF ha firmado un acuerdo de colaboraci\u00f3n hist\u00f3rico con el prestigioso centro de formaci\u00f3n brasile\u00f1o","protected":false},"author":1,"featured_media":321312,"comment_status":"closed","ping_status":"closed","sticky":false,"template":"","format":"standard","meta":{"_acf_changed":false,"footnotes":""},"categories":[13484],"tags":[717,9270,13409,716,9205,9627,11921,9203],"acf":null,"lang":"val","translations":{"es":321118,"val":321327,"en":321335},"essential_grid":{"has_grid":false},"formatted_date":"September 13, 2024","modified_date":"September 13, 2024","permalink":"https:\/\/villarrealcf.es\/val\/aixi-son-les-instal%c2%b7lacions-de-pele-academia\/","reading_time":2,"featured_media_data":{"id":321312,"title":"IMG_0484 ok","caption":"","alt_text":"","description":"","mime_type":"image\/jpeg","source_url":"https:\/\/villarrealcf.es\/wp-content\/uploads\/2024\/09\/IMG_0484-ok.jpg","sizes":{"thumbnail":{"url":"https:\/\/villarrealcf.es\/wp-content\/uploads\/2024\/09\/IMG_0484-ok.jpg","width":1920,"height":1080},"medium":{"url":"https:\/\/villarrealcf.es\/wp-content\/uploads\/2024\/09\/IMG_0484-ok.jpg","width":1920,"height":1080},"medium_large":{"url":"https:\/\/villarrealcf.es\/wp-content\/uploads\/2024\/09\/IMG_0484-ok-768x432.jpg","width":768,"height":432},"large":{"url":"https:\/\/villarrealcf.es\/wp-content\/uploads\/2024\/09\/IMG_0484-ok.jpg","width":788,"height":443},"1536x1536":{"url":"https:\/\/villarrealcf.es\/wp-content\/uploads\/2024\/09\/IMG_0484-ok-1536x864.jpg","width":1536,"height":864},"2048x2048":{"url":"https:\/\/villarrealcf.es\/wp-content\/uploads\/2024\/09\/IMG_0484-ok.jpg","width":1920,"height":1080},"tp-image-grid":{"url":"https:\/\/villarrealcf.es\/wp-content\/uploads\/2024\/09\/IMG_0484-ok-700x700.jpg","width":700,"height":700},"size-bunyad-medium":{"url":"https:\/\/villarrealcf.es\/wp-content\/uploads\/2024\/09\/IMG_0484-ok.jpg","width":1920,"height":1080},"sportspress-crop-medium":{"url":"https:\/\/villarrealcf.es\/wp-content\/uploads\/2024\/09\/IMG_0484-ok-300x300.jpg","width":300,"height":300},"sportspress-fit-medium":{"url":"https:\/\/villarrealcf.es\/wp-content\/uploads\/2024\/09\/IMG_0484-ok-300x169.jpg","width":300,"height":169},"sportspress-fit-icon":{"url":"https:\/\/villarrealcf.es\/wp-content\/uploads\/2024\/09\/IMG_0484-ok-128x72.jpg","width":128,"height":72},"sportspress-fit-mini":{"url":"https:\/\/villarrealcf.es\/wp-content\/uploads\/2024\/09\/IMG_0484-ok-32x18.jpg","width":32,"height":18},"bunyad-small":{"url":"https:\/\/villarrealcf.es\/wp-content\/uploads\/2024\/09\/IMG_0484-ok-150x84.jpg","width":150,"height":84},"bunyad-medium":{"url":"https:\/\/villarrealcf.es\/wp-content\/uploads\/2024\/09\/IMG_0484-ok-450x253.jpg","width":450,"height":253},"bunyad-full":{"url":"https:\/\/villarrealcf.es\/wp-content\/uploads\/2024\/09\/IMG_0484-ok-1200x675.jpg","width":1200,"height":675},"bunyad-viewport":{"url":"https:\/\/villarrealcf.es\/wp-content\/uploads\/2024\/09\/IMG_0484-ok.jpg","width":1920,"height":1080},"bunyad-768":{"url":"https:\/\/villarrealcf.es\/wp-content\/uploads\/2024\/09\/IMG_0484-ok-768x432.jpg","width":768,"height":432},"full":{"url":"https:\/\/villarrealcf.es\/wp-content\/uploads\/2024\/09\/IMG_0484-ok.jpg","width":1920,"height":1080}}},"author_data":{"id":"1","name":"root_envidea","first_name":"Villarreal CF","last_name":"","description":"","avatar_url":"https:\/\/secure.gravatar.com\/avatar\/48f95f42a3ccc324f3a3458e4b9e6fb070b083e99d388e170c1afb061fa99b63?s=96&d=mm&r=g","acf":null},"taxonomies_data":{"category":[{"id":13484,"name":"Club","slug":"club","acf":null}],"post_tag":[{"id":717,"name":"Football","slug":"football-d34","acf":null},{"id":9270,"name":"Futbol","slug":"futbol-val","acf":null},{"id":13409,"name":"Galer\u00eda Club","slug":"galeria-club-val","acf":null},{"id":716,"name":"Soccer","slug":"soccer-d105","acf":null},{"id":9205,"name":"Submarino","slug":"submarino-val","acf":null},{"id":9627,"name":"Submarino Amarillo","slug":"submarino-amarillo-val","acf":null},{"id":11921,"name":"Villarreal Academy","slug":"villarreal-academy-val","acf":null},{"id":9203,"name":"Villarreal CF","slug":"villarreal-cf-val","acf":null}],"translation_priority":[{"id":735,"name":"Optional","slug":"optional-val","acf":null}]},"seo_full":{"native":{"title":"Aix\u00ed s\u00f3n les instal\u00b7lacions de Pel\u00e9 Academia - Web Oficial del Villarreal CF","description":"El Villarreal CF ha firmado un acuerdo de colaboraci\u00f3n hist\u00f3rico con el prestigioso centro de formaci\u00f3n brasile\u00f1o","canonical":"https:\/\/villarrealcf.es\/val\/aixi-son-les-instal%c2%b7lacions-de-pele-academia\/"}},"_links":{"self":[{"href":"https:\/\/villarrealcf.es\/val\/wp-json\/wp\/v2\/posts\/321327","targetHints":{"allow":["GET"]}}],"collection":[{"href":"https:\/\/villarrealcf.es\/val\/wp-json\/wp\/v2\/posts"}],"about":[{"href":"https:\/\/villarrealcf.es\/val\/wp-json\/wp\/v2\/types\/post"}],"author":[{"embeddable":true,"href":"https:\/\/villarrealcf.es\/val\/wp-json\/wp\/v2\/users\/1"}],"replies":[{"embeddable":true,"href":"https:\/\/villarrealcf.es\/val\/wp-json\/wp\/v2\/comments?post=321327"}],"version-history":[{"count":0,"href":"https:\/\/villarrealcf.es\/val\/wp-json\/wp\/v2\/posts\/321327\/revisions"}],"wp:featuredmedia":[{"embeddable":true,"href":"https:\/\/villarrealcf.es\/val\/wp-json\/wp\/v2\/media\/321312"}],"wp:attachment":[{"href":"https:\/\/villarrealcf.es\/val\/wp-json\/wp\/v2\/media?parent=321327"}],"wp:term":[{"taxonomy":"category","embeddable":true,"href":"https:\/\/villarrealcf.es\/val\/wp-json\/wp\/v2\/categories?post=321327"},{"taxonomy":"post_tag","embeddable":true,"href":"https:\/\/villarrealcf.es\/val\/wp-json\/wp\/v2\/tags?post=321327"}],"curies":[{"name":"wp","href":"https:\/\/api.w.org\/{rel}","templated":true}]}}