{"id":321319,"date":"2024-09-13T13:23:25","date_gmt":"2024-09-13T11:23:25","guid":{"rendered":"https:\/\/villarrealcf.es\/vamos-a-intentar-seguir-en-una-racha-positiva\/"},"modified":"2024-09-13T13:26:28","modified_gmt":"2024-09-13T11:26:28","slug":"intentarem-seguir-en-una-ratxa-positiva","status":"publish","type":"post","link":"https:\/\/villarrealcf.es\/val\/intentarem-seguir-en-una-ratxa-positiva\/","title":{"rendered":"&#8220;Intentarem seguir en una ratxa positiva&#8221;"},"content":{"protected":false,"blocks":[{"type":"heading","level":2,"text":"Marcelino augura un partit complicat dem\u00e0 davant el RCD Mallorca (S\u00f3n Moix, 14.00h)"},{"type":"paragraph","text":"L\u2019entrenador del Villarreal CF, Marcelino Garc\u00eda Toral, ha comparegut davant els mitjans de comunicaci\u00f3 per a analitzar el partit que disputa el Submar\u00ed dem\u00e0, a partir de les 14.00 hores, davant el RCD Mallorca en l\u2019Estadi de Son Moix, corresponent a la jornada 5 de LALIGA EA Sports 2024\/25."},{"type":"paragraph","text":"Estes han sigut les declaracions m\u00e9s destacades del t\u00e8cnic de Gij\u00f3n:"},{"type":"paragraph","text":"Com ha assegut el par\u00f3 internacional"},{"type":"paragraph","text":"\u201cD\u2019una banda, ens ha vingut b\u00e9 per a recuperar efectius, d\u2019altra banda, ha detingut la bona din\u00e0mica i veurem ara com ens tornem a integrar en la competici\u00f3. \u00c9s un partit diferent i molt complicat, sobretot pel rival, per\u00f2 intentarem seguir en una ratxa positiva\u201d."},{"type":"paragraph","text":"Invictes fins a la data"},{"type":"paragraph","text":"\u201cTen\u00edem un inici de competici\u00f3 molt dif\u00edcil i eixim molt ben parats, tant a nivell de resultats com de joc. Encara hi ha jugadors que van vindre en l\u2019\u00faltima setmana de mercat, que no coneixien la nostra lliga i necessiten un per\u00edode d\u2019adaptaci\u00f3, per\u00f2 estem molt contents de com s\u2019han integrat i del que ens han aportat. Veurem si en el partit som capa\u00e7os de manifestar-nos al nostre millor nivell. Si som capa\u00e7os d\u2019aconseguir el nostre millor nivell, tindrem opcions de vict\u00f2ria\u201d."},{"type":"paragraph","text":"Sobre el RCD Mallorca"},{"type":"paragraph","text":"\u201c\u00c9s un equip que sol canviar de sistema de joc, amb jugadors que utilitzen m\u00e9s el dinamisme i la creativitat, potser menys defensiu. Per\u00f2 nom\u00e9s ha encaixat dos gols. Crec que \u00e9s el segon equip que m\u00e9s centres traus, el que m\u00e9s dols aeris gana. Tots els seus resultats han sigut molt ajustats. Han fet molt bones incorporacions en l\u2019\u00faltima setmana, que ja podran aportar m\u00e9s. Els seus equips tenen una bona din\u00e0mica de joc. Ens espera un partit molt complicat. S\u00f3n un equip f\u00edsic, din\u00e0mic i amb una r\u00e0pida progressi\u00f3 en el joc\u201d."},{"type":"paragraph","text":"Les claus del partit"},{"type":"paragraph","text":"\u201cLes claus sempre estan en l\u2019encert. Si tenim encert en les \u00e0rees, tindrem m\u00e9s opcions de guanyar. Haurem de respondre quant a intensitat i ritme del que ens proposar\u00e0 el Mallorca i intentar ser nosaltres mateixos el major nombre de minuts possibles. Hem de ser ferms i tindre vocaci\u00f3 ofensiva\u201d."},{"type":"paragraph","text":"Pots tornar a veure la roda de premsa al complet en el seg\u00fcent enlla\u00e7:"},{"type":"video","kind":"iframe","url":"https:\/\/www.youtube.com\/embed\/AhRrSHQAeX8?feature=oembed","poster":""}],"structured":{"summary":{"text":"Marcelino augura un partit complicat dem\u00e0 davant el RCD Mallorca (S\u00f3n Moix, 14.00h) L\u2019entrenador del Villarreal CF, Marcelino Garc\u00eda Toral, ha comparegut davant els mitjans de comunicaci\u00f3 per a analitzar el partit que disputa el Submar\u00ed dem\u00e0, a partir de les 14.00 hores, davant el RCD Mallorca en l\u2019Estadi de Son Moix, corresponent a la jornada 5 de LALIGA EA Sports 2024\/25. Estes han sigut les declaracions m\u00e9s destacades del t\u00e8cnic de Gij\u00f3n: Com ha assegut el par\u00f3 internacional \u201cD\u2019una banda, ens ha vingut b\u00e9 per a recuperar efectius, d\u2019altra banda, ha detingut la bona din\u00e0mica i veurem ara com ens tornem a integrar en la competici\u00f3. \u00c9s un partit diferent i molt complicat, sobretot pel rival, per\u00f2 intentarem seguir en una ratxa positiva\u201d. Invictes fins a la data \u201cTen\u00edem un inici de competici\u00f3 molt dif\u00edcil i eixim molt ben parats, tant a nivell de resultats com de joc. Encara hi ha jugadors que van vindre en l\u2019\u00faltima setmana de mercat, que no coneixien la nostra lliga i necessiten un per\u00edode d\u2019adaptaci\u00f3, per\u00f2 estem molt contents de com s\u2019han integrat i del que ens han aportat. Veurem si en el partit som capa\u00e7os de manifestar-nos al nostre millor nivell. Si som capa\u00e7os d\u2019aconseguir el nostre millor nivell, tindrem opcions de vict\u00f2ria\u201d. Sobre el RCD Mallorca \u201c\u00c9s un equip que sol canviar de sistema de joc, amb jugadors que utilitzen m\u00e9s el dinamisme i la creativitat, potser menys defensiu. Per\u00f2 nom\u00e9s ha encaixat dos gols. Crec que \u00e9s el segon equip que m\u00e9s centres traus, el que m\u00e9s dols aeris gana. Tots els seus resultats han sigut molt ajustats. Han fet molt bones incorporacions en l\u2019\u00faltima setmana, que ja podran aportar m\u00e9s. Els seus equips tenen una bona din\u00e0mica de joc. Ens espera un partit molt complicat. S\u00f3n un equip f\u00edsic, din\u00e0mic i amb una r\u00e0pida progressi\u00f3 en el joc\u201d. Les claus del partit \u201cLes claus sempre estan en l\u2019encert. Si tenim encert en les \u00e0rees, tindrem m\u00e9s opcions de guanyar. Haurem de respondre quant a intensitat i ritme del que ens proposar\u00e0 el Mallorca i intentar ser nosaltres mateixos el major nombre de minuts possibles. Hem de ser ferms i tindre vocaci\u00f3 ofensiva\u201d. Pots tornar a veure la roda de premsa al complet en el seg\u00fcent enlla\u00e7:","headings":[{"type":"heading","level":2,"text":"Marcelino augura un partit complicat dem\u00e0 davant el RCD Mallorca (S\u00f3n Moix, 14.00h)"}],"buttons":[],"images":[],"counts":{"blocks":13,"headings":1,"texts":11,"buttons":0,"images":0}},"sections":[{"id":"section-1","title":"Marcelino augura un partit complicat dem\u00e0 davant el RCD Mallorca (S\u00f3n Moix, 14.00h)","text":"Marcelino augura un partit complicat dem\u00e0 davant el RCD Mallorca (S\u00f3n Moix, 14.00h) L\u2019entrenador del Villarreal CF, Marcelino Garc\u00eda Toral, ha comparegut davant els mitjans de comunicaci\u00f3 per a analitzar el partit que disputa el Submar\u00ed dem\u00e0, a partir de les 14.00 hores, davant el RCD Mallorca en l\u2019Estadi de Son Moix, corresponent a la jornada 5 de LALIGA EA Sports 2024\/25. Estes han sigut les declaracions m\u00e9s destacades del t\u00e8cnic de Gij\u00f3n: Com ha assegut el par\u00f3 internacional \u201cD\u2019una banda, ens ha vingut b\u00e9 per a recuperar efectius, d\u2019altra banda, ha detingut la bona din\u00e0mica i veurem ara com ens tornem a integrar en la competici\u00f3. \u00c9s un partit diferent i molt complicat, sobretot pel rival, per\u00f2 intentarem seguir en una ratxa positiva\u201d. Invictes fins a la data \u201cTen\u00edem un inici de competici\u00f3 molt dif\u00edcil i eixim molt ben parats, tant a nivell de resultats com de joc. Encara hi ha jugadors que van vindre en l\u2019\u00faltima setmana de mercat, que no coneixien la nostra lliga i necessiten un per\u00edode d\u2019adaptaci\u00f3, per\u00f2 estem molt contents de com s\u2019han integrat i del que ens han aportat. Veurem si en el partit som capa\u00e7os de manifestar-nos al nostre millor nivell. Si som capa\u00e7os d\u2019aconseguir el nostre millor nivell, tindrem opcions de vict\u00f2ria\u201d. Sobre el RCD Mallorca \u201c\u00c9s un equip que sol canviar de sistema de joc, amb jugadors que utilitzen m\u00e9s el dinamisme i la creativitat, potser menys defensiu. Per\u00f2 nom\u00e9s ha encaixat dos gols. Crec que \u00e9s el segon equip que m\u00e9s centres traus, el que m\u00e9s dols aeris gana. Tots els seus resultats han sigut molt ajustats. Han fet molt bones incorporacions en l\u2019\u00faltima setmana, que ja podran aportar m\u00e9s. Els seus equips tenen una bona din\u00e0mica de joc. Ens espera un partit molt complicat. S\u00f3n un equip f\u00edsic, din\u00e0mic i amb una r\u00e0pida progressi\u00f3 en el joc\u201d. Les claus del partit \u201cLes claus sempre estan en l\u2019encert. Si tenim encert en les \u00e0rees, tindrem m\u00e9s opcions de guanyar. Haurem de respondre quant a intensitat i ritme del que ens proposar\u00e0 el Mallorca i intentar ser nosaltres mateixos el major nombre de minuts possibles. Hem de ser ferms i tindre vocaci\u00f3 ofensiva\u201d. Pots tornar a veure la roda de premsa al complet en el seg\u00fcent enlla\u00e7:","headings":[{"type":"heading","level":2,"text":"Marcelino augura un partit complicat dem\u00e0 davant el RCD Mallorca (S\u00f3n Moix, 14.00h)"}],"texts":[{"type":"paragraph","text":"L\u2019entrenador del Villarreal CF, Marcelino Garc\u00eda Toral, ha comparegut davant els mitjans de comunicaci\u00f3 per a analitzar el partit que disputa el Submar\u00ed dem\u00e0, a partir de les 14.00 hores, davant el RCD Mallorca en l\u2019Estadi de Son Moix, corresponent a la jornada 5 de LALIGA EA Sports 2024\/25."},{"type":"paragraph","text":"Estes han sigut les declaracions m\u00e9s destacades del t\u00e8cnic de Gij\u00f3n:"},{"type":"paragraph","text":"Com ha assegut el par\u00f3 internacional"},{"type":"paragraph","text":"\u201cD\u2019una banda, ens ha vingut b\u00e9 per a recuperar efectius, d\u2019altra banda, ha detingut la bona din\u00e0mica i veurem ara com ens tornem a integrar en la competici\u00f3. \u00c9s un partit diferent i molt complicat, sobretot pel rival, per\u00f2 intentarem seguir en una ratxa positiva\u201d."},{"type":"paragraph","text":"Invictes fins a la data"},{"type":"paragraph","text":"\u201cTen\u00edem un inici de competici\u00f3 molt dif\u00edcil i eixim molt ben parats, tant a nivell de resultats com de joc. Encara hi ha jugadors que van vindre en l\u2019\u00faltima setmana de mercat, que no coneixien la nostra lliga i necessiten un per\u00edode d\u2019adaptaci\u00f3, per\u00f2 estem molt contents de com s\u2019han integrat i del que ens han aportat. Veurem si en el partit som capa\u00e7os de manifestar-nos al nostre millor nivell. Si som capa\u00e7os d\u2019aconseguir el nostre millor nivell, tindrem opcions de vict\u00f2ria\u201d."},{"type":"paragraph","text":"Sobre el RCD Mallorca"},{"type":"paragraph","text":"\u201c\u00c9s un equip que sol canviar de sistema de joc, amb jugadors que utilitzen m\u00e9s el dinamisme i la creativitat, potser menys defensiu. Per\u00f2 nom\u00e9s ha encaixat dos gols. Crec que \u00e9s el segon equip que m\u00e9s centres traus, el que m\u00e9s dols aeris gana. Tots els seus resultats han sigut molt ajustats. Han fet molt bones incorporacions en l\u2019\u00faltima setmana, que ja podran aportar m\u00e9s. Els seus equips tenen una bona din\u00e0mica de joc. Ens espera un partit molt complicat. S\u00f3n un equip f\u00edsic, din\u00e0mic i amb una r\u00e0pida progressi\u00f3 en el joc\u201d."},{"type":"paragraph","text":"Les claus del partit"},{"type":"paragraph","text":"\u201cLes claus sempre estan en l\u2019encert. Si tenim encert en les \u00e0rees, tindrem m\u00e9s opcions de guanyar. Haurem de respondre quant a intensitat i ritme del que ens proposar\u00e0 el Mallorca i intentar ser nosaltres mateixos el major nombre de minuts possibles. Hem de ser ferms i tindre vocaci\u00f3 ofensiva\u201d."},{"type":"paragraph","text":"Pots tornar a veure la roda de premsa al complet en el seg\u00fcent enlla\u00e7:"}],"buttons":[],"images":[],"widgets":[],"blocks":[{"type":"heading","level":2,"text":"Marcelino augura un partit complicat dem\u00e0 davant el RCD Mallorca (S\u00f3n Moix, 14.00h)"},{"type":"paragraph","text":"L\u2019entrenador del Villarreal CF, Marcelino Garc\u00eda Toral, ha comparegut davant els mitjans de comunicaci\u00f3 per a analitzar el partit que disputa el Submar\u00ed dem\u00e0, a partir de les 14.00 hores, davant el RCD Mallorca en l\u2019Estadi de Son Moix, corresponent a la jornada 5 de LALIGA EA Sports 2024\/25."},{"type":"paragraph","text":"Estes han sigut les declaracions m\u00e9s destacades del t\u00e8cnic de Gij\u00f3n:"},{"type":"paragraph","text":"Com ha assegut el par\u00f3 internacional"},{"type":"paragraph","text":"\u201cD\u2019una banda, ens ha vingut b\u00e9 per a recuperar efectius, d\u2019altra banda, ha detingut la bona din\u00e0mica i veurem ara com ens tornem a integrar en la competici\u00f3. \u00c9s un partit diferent i molt complicat, sobretot pel rival, per\u00f2 intentarem seguir en una ratxa positiva\u201d."},{"type":"paragraph","text":"Invictes fins a la data"},{"type":"paragraph","text":"\u201cTen\u00edem un inici de competici\u00f3 molt dif\u00edcil i eixim molt ben parats, tant a nivell de resultats com de joc. Encara hi ha jugadors que van vindre en l\u2019\u00faltima setmana de mercat, que no coneixien la nostra lliga i necessiten un per\u00edode d\u2019adaptaci\u00f3, per\u00f2 estem molt contents de com s\u2019han integrat i del que ens han aportat. Veurem si en el partit som capa\u00e7os de manifestar-nos al nostre millor nivell. Si som capa\u00e7os d\u2019aconseguir el nostre millor nivell, tindrem opcions de vict\u00f2ria\u201d."},{"type":"paragraph","text":"Sobre el RCD Mallorca"},{"type":"paragraph","text":"\u201c\u00c9s un equip que sol canviar de sistema de joc, amb jugadors que utilitzen m\u00e9s el dinamisme i la creativitat, potser menys defensiu. Per\u00f2 nom\u00e9s ha encaixat dos gols. Crec que \u00e9s el segon equip que m\u00e9s centres traus, el que m\u00e9s dols aeris gana. Tots els seus resultats han sigut molt ajustats. Han fet molt bones incorporacions en l\u2019\u00faltima setmana, que ja podran aportar m\u00e9s. Els seus equips tenen una bona din\u00e0mica de joc. Ens espera un partit molt complicat. S\u00f3n un equip f\u00edsic, din\u00e0mic i amb una r\u00e0pida progressi\u00f3 en el joc\u201d."},{"type":"paragraph","text":"Les claus del partit"},{"type":"paragraph","text":"\u201cLes claus sempre estan en l\u2019encert. Si tenim encert en les \u00e0rees, tindrem m\u00e9s opcions de guanyar. Haurem de respondre quant a intensitat i ritme del que ens proposar\u00e0 el Mallorca i intentar ser nosaltres mateixos el major nombre de minuts possibles. Hem de ser ferms i tindre vocaci\u00f3 ofensiva\u201d."},{"type":"paragraph","text":"Pots tornar a veure la roda de premsa al complet en el seg\u00fcent enlla\u00e7:"},{"type":"video","kind":"iframe","url":"https:\/\/www.youtube.com\/embed\/AhRrSHQAeX8?feature=oembed","poster":""}]}],"hero":{"id":"section-1","title":"Marcelino augura un partit complicat dem\u00e0 davant el RCD Mallorca (S\u00f3n Moix, 14.00h)","text":"Marcelino augura un partit complicat dem\u00e0 davant el RCD Mallorca (S\u00f3n Moix, 14.00h) L\u2019entrenador del Villarreal CF, Marcelino Garc\u00eda Toral, ha comparegut davant els mitjans de comunicaci\u00f3 per a analitzar el partit que disputa el Submar\u00ed dem\u00e0, a partir de les 14.00 hores, davant el RCD Mallorca en l\u2019Estadi de Son Moix, corresponent a la jornada 5 de LALIGA EA Sports 2024\/25. Estes han sigut les declaracions m\u00e9s destacades del t\u00e8cnic de Gij\u00f3n: Com ha assegut el par\u00f3 internacional \u201cD\u2019una banda, ens ha vingut b\u00e9 per a recuperar efectius, d\u2019altra banda, ha detingut la bona din\u00e0mica i veurem ara com ens tornem a integrar en la competici\u00f3. \u00c9s un partit diferent i molt complicat, sobretot pel rival, per\u00f2 intentarem seguir en una ratxa positiva\u201d. Invictes fins a la data \u201cTen\u00edem un inici de competici\u00f3 molt dif\u00edcil i eixim molt ben parats, tant a nivell de resultats com de joc. Encara hi ha jugadors que van vindre en l\u2019\u00faltima setmana de mercat, que no coneixien la nostra lliga i necessiten un per\u00edode d\u2019adaptaci\u00f3, per\u00f2 estem molt contents de com s\u2019han integrat i del que ens han aportat. Veurem si en el partit som capa\u00e7os de manifestar-nos al nostre millor nivell. Si som capa\u00e7os d\u2019aconseguir el nostre millor nivell, tindrem opcions de vict\u00f2ria\u201d. Sobre el RCD Mallorca \u201c\u00c9s un equip que sol canviar de sistema de joc, amb jugadors que utilitzen m\u00e9s el dinamisme i la creativitat, potser menys defensiu. Per\u00f2 nom\u00e9s ha encaixat dos gols. Crec que \u00e9s el segon equip que m\u00e9s centres traus, el que m\u00e9s dols aeris gana. Tots els seus resultats han sigut molt ajustats. Han fet molt bones incorporacions en l\u2019\u00faltima setmana, que ja podran aportar m\u00e9s. Els seus equips tenen una bona din\u00e0mica de joc. Ens espera un partit molt complicat. S\u00f3n un equip f\u00edsic, din\u00e0mic i amb una r\u00e0pida progressi\u00f3 en el joc\u201d. Les claus del partit \u201cLes claus sempre estan en l\u2019encert. Si tenim encert en les \u00e0rees, tindrem m\u00e9s opcions de guanyar. Haurem de respondre quant a intensitat i ritme del que ens proposar\u00e0 el Mallorca i intentar ser nosaltres mateixos el major nombre de minuts possibles. Hem de ser ferms i tindre vocaci\u00f3 ofensiva\u201d. Pots tornar a veure la roda de premsa al complet en el seg\u00fcent enlla\u00e7:","headings":[{"type":"heading","level":2,"text":"Marcelino augura un partit complicat dem\u00e0 davant el RCD Mallorca (S\u00f3n Moix, 14.00h)"}],"texts":[{"type":"paragraph","text":"L\u2019entrenador del Villarreal CF, Marcelino Garc\u00eda Toral, ha comparegut davant els mitjans de comunicaci\u00f3 per a analitzar el partit que disputa el Submar\u00ed dem\u00e0, a partir de les 14.00 hores, davant el RCD Mallorca en l\u2019Estadi de Son Moix, corresponent a la jornada 5 de LALIGA EA Sports 2024\/25."},{"type":"paragraph","text":"Estes han sigut les declaracions m\u00e9s destacades del t\u00e8cnic de Gij\u00f3n:"},{"type":"paragraph","text":"Com ha assegut el par\u00f3 internacional"},{"type":"paragraph","text":"\u201cD\u2019una banda, ens ha vingut b\u00e9 per a recuperar efectius, d\u2019altra banda, ha detingut la bona din\u00e0mica i veurem ara com ens tornem a integrar en la competici\u00f3. \u00c9s un partit diferent i molt complicat, sobretot pel rival, per\u00f2 intentarem seguir en una ratxa positiva\u201d."},{"type":"paragraph","text":"Invictes fins a la data"},{"type":"paragraph","text":"\u201cTen\u00edem un inici de competici\u00f3 molt dif\u00edcil i eixim molt ben parats, tant a nivell de resultats com de joc. Encara hi ha jugadors que van vindre en l\u2019\u00faltima setmana de mercat, que no coneixien la nostra lliga i necessiten un per\u00edode d\u2019adaptaci\u00f3, per\u00f2 estem molt contents de com s\u2019han integrat i del que ens han aportat. Veurem si en el partit som capa\u00e7os de manifestar-nos al nostre millor nivell. Si som capa\u00e7os d\u2019aconseguir el nostre millor nivell, tindrem opcions de vict\u00f2ria\u201d."},{"type":"paragraph","text":"Sobre el RCD Mallorca"},{"type":"paragraph","text":"\u201c\u00c9s un equip que sol canviar de sistema de joc, amb jugadors que utilitzen m\u00e9s el dinamisme i la creativitat, potser menys defensiu. Per\u00f2 nom\u00e9s ha encaixat dos gols. Crec que \u00e9s el segon equip que m\u00e9s centres traus, el que m\u00e9s dols aeris gana. Tots els seus resultats han sigut molt ajustats. Han fet molt bones incorporacions en l\u2019\u00faltima setmana, que ja podran aportar m\u00e9s. Els seus equips tenen una bona din\u00e0mica de joc. Ens espera un partit molt complicat. S\u00f3n un equip f\u00edsic, din\u00e0mic i amb una r\u00e0pida progressi\u00f3 en el joc\u201d."},{"type":"paragraph","text":"Les claus del partit"},{"type":"paragraph","text":"\u201cLes claus sempre estan en l\u2019encert. Si tenim encert en les \u00e0rees, tindrem m\u00e9s opcions de guanyar. Haurem de respondre quant a intensitat i ritme del que ens proposar\u00e0 el Mallorca i intentar ser nosaltres mateixos el major nombre de minuts possibles. Hem de ser ferms i tindre vocaci\u00f3 ofensiva\u201d."},{"type":"paragraph","text":"Pots tornar a veure la roda de premsa al complet en el seg\u00fcent enlla\u00e7:"}],"buttons":[],"images":[],"widgets":[],"blocks":[{"type":"heading","level":2,"text":"Marcelino augura un partit complicat dem\u00e0 davant el RCD Mallorca (S\u00f3n Moix, 14.00h)"},{"type":"paragraph","text":"L\u2019entrenador del Villarreal CF, Marcelino Garc\u00eda Toral, ha comparegut davant els mitjans de comunicaci\u00f3 per a analitzar el partit que disputa el Submar\u00ed dem\u00e0, a partir de les 14.00 hores, davant el RCD Mallorca en l\u2019Estadi de Son Moix, corresponent a la jornada 5 de LALIGA EA Sports 2024\/25."},{"type":"paragraph","text":"Estes han sigut les declaracions m\u00e9s destacades del t\u00e8cnic de Gij\u00f3n:"},{"type":"paragraph","text":"Com ha assegut el par\u00f3 internacional"},{"type":"paragraph","text":"\u201cD\u2019una banda, ens ha vingut b\u00e9 per a recuperar efectius, d\u2019altra banda, ha detingut la bona din\u00e0mica i veurem ara com ens tornem a integrar en la competici\u00f3. \u00c9s un partit diferent i molt complicat, sobretot pel rival, per\u00f2 intentarem seguir en una ratxa positiva\u201d."},{"type":"paragraph","text":"Invictes fins a la data"},{"type":"paragraph","text":"\u201cTen\u00edem un inici de competici\u00f3 molt dif\u00edcil i eixim molt ben parats, tant a nivell de resultats com de joc. Encara hi ha jugadors que van vindre en l\u2019\u00faltima setmana de mercat, que no coneixien la nostra lliga i necessiten un per\u00edode d\u2019adaptaci\u00f3, per\u00f2 estem molt contents de com s\u2019han integrat i del que ens han aportat. Veurem si en el partit som capa\u00e7os de manifestar-nos al nostre millor nivell. Si som capa\u00e7os d\u2019aconseguir el nostre millor nivell, tindrem opcions de vict\u00f2ria\u201d."},{"type":"paragraph","text":"Sobre el RCD Mallorca"},{"type":"paragraph","text":"\u201c\u00c9s un equip que sol canviar de sistema de joc, amb jugadors que utilitzen m\u00e9s el dinamisme i la creativitat, potser menys defensiu. Per\u00f2 nom\u00e9s ha encaixat dos gols. Crec que \u00e9s el segon equip que m\u00e9s centres traus, el que m\u00e9s dols aeris gana. Tots els seus resultats han sigut molt ajustats. Han fet molt bones incorporacions en l\u2019\u00faltima setmana, que ja podran aportar m\u00e9s. Els seus equips tenen una bona din\u00e0mica de joc. Ens espera un partit molt complicat. S\u00f3n un equip f\u00edsic, din\u00e0mic i amb una r\u00e0pida progressi\u00f3 en el joc\u201d."},{"type":"paragraph","text":"Les claus del partit"},{"type":"paragraph","text":"\u201cLes claus sempre estan en l\u2019encert. Si tenim encert en les \u00e0rees, tindrem m\u00e9s opcions de guanyar. Haurem de respondre quant a intensitat i ritme del que ens proposar\u00e0 el Mallorca i intentar ser nosaltres mateixos el major nombre de minuts possibles. Hem de ser ferms i tindre vocaci\u00f3 ofensiva\u201d."},{"type":"paragraph","text":"Pots tornar a veure la roda de premsa al complet en el seg\u00fcent enlla\u00e7:"},{"type":"video","kind":"iframe","url":"https:\/\/www.youtube.com\/embed\/AhRrSHQAeX8?feature=oembed","poster":""}]}},"sections":[{"id":"section-1","title":"Marcelino augura un partit complicat dem\u00e0 davant el RCD Mallorca (S\u00f3n Moix, 14.00h)","text":"Marcelino augura un partit complicat dem\u00e0 davant el RCD Mallorca (S\u00f3n Moix, 14.00h) L\u2019entrenador del Villarreal CF, Marcelino Garc\u00eda Toral, ha comparegut davant els mitjans de comunicaci\u00f3 per a analitzar el partit que disputa el Submar\u00ed dem\u00e0, a partir de les 14.00 hores, davant el RCD Mallorca en l\u2019Estadi de Son Moix, corresponent a la jornada 5 de LALIGA EA Sports 2024\/25. Estes han sigut les declaracions m\u00e9s destacades del t\u00e8cnic de Gij\u00f3n: Com ha assegut el par\u00f3 internacional \u201cD\u2019una banda, ens ha vingut b\u00e9 per a recuperar efectius, d\u2019altra banda, ha detingut la bona din\u00e0mica i veurem ara com ens tornem a integrar en la competici\u00f3. \u00c9s un partit diferent i molt complicat, sobretot pel rival, per\u00f2 intentarem seguir en una ratxa positiva\u201d. Invictes fins a la data \u201cTen\u00edem un inici de competici\u00f3 molt dif\u00edcil i eixim molt ben parats, tant a nivell de resultats com de joc. Encara hi ha jugadors que van vindre en l\u2019\u00faltima setmana de mercat, que no coneixien la nostra lliga i necessiten un per\u00edode d\u2019adaptaci\u00f3, per\u00f2 estem molt contents de com s\u2019han integrat i del que ens han aportat. Veurem si en el partit som capa\u00e7os de manifestar-nos al nostre millor nivell. Si som capa\u00e7os d\u2019aconseguir el nostre millor nivell, tindrem opcions de vict\u00f2ria\u201d. Sobre el RCD Mallorca \u201c\u00c9s un equip que sol canviar de sistema de joc, amb jugadors que utilitzen m\u00e9s el dinamisme i la creativitat, potser menys defensiu. Per\u00f2 nom\u00e9s ha encaixat dos gols. Crec que \u00e9s el segon equip que m\u00e9s centres traus, el que m\u00e9s dols aeris gana. Tots els seus resultats han sigut molt ajustats. Han fet molt bones incorporacions en l\u2019\u00faltima setmana, que ja podran aportar m\u00e9s. Els seus equips tenen una bona din\u00e0mica de joc. Ens espera un partit molt complicat. S\u00f3n un equip f\u00edsic, din\u00e0mic i amb una r\u00e0pida progressi\u00f3 en el joc\u201d. Les claus del partit \u201cLes claus sempre estan en l\u2019encert. Si tenim encert en les \u00e0rees, tindrem m\u00e9s opcions de guanyar. Haurem de respondre quant a intensitat i ritme del que ens proposar\u00e0 el Mallorca i intentar ser nosaltres mateixos el major nombre de minuts possibles. Hem de ser ferms i tindre vocaci\u00f3 ofensiva\u201d. Pots tornar a veure la roda de premsa al complet en el seg\u00fcent enlla\u00e7:","url":"","background_image":"","images":[],"videos":[{"type":"video","kind":"iframe","url":"https:\/\/www.youtube.com\/embed\/AhRrSHQAeX8?feature=oembed","poster":""}],"links":[]}]},"excerpt":{"rendered":"Marcelino augura un partit complicat dem\u00e0 davant el RCD Mallorca (S\u00f3n Moix, 14.00h)","protected":false},"author":33,"featured_media":321296,"comment_status":"closed","ping_status":"closed","sticky":false,"template":"","format":"standard","meta":{"_acf_changed":false,"footnotes":""},"categories":[13493],"tags":[14945,717,9270,10189,14765,9219,9278,9189,9680,716,9205,9627,9203],"acf":null,"lang":"val","translations":{"es":321287,"en":321318,"val":321319},"essential_grid":{"has_grid":false},"formatted_date":"September 13, 2024","modified_date":"September 13, 2024","permalink":"https:\/\/villarrealcf.es\/val\/intentarem-seguir-en-una-ratxa-positiva\/","reading_time":3,"featured_media_data":{"id":321296,"title":"20240818- RP Marcelino -009","caption":"","alt_text":"","description":"","mime_type":"image\/png","source_url":"https:\/\/villarrealcf.es\/wp-content\/uploads\/2024\/09\/20240818-RP-Marcelino-009.png","sizes":{"thumbnail":{"url":"https:\/\/villarrealcf.es\/wp-content\/uploads\/2024\/09\/20240818-RP-Marcelino-009-1920x1080.png","width":1920,"height":1080},"medium":{"url":"https:\/\/villarrealcf.es\/wp-content\/uploads\/2024\/09\/20240818-RP-Marcelino-009-1920x1080.png","width":1920,"height":1080},"medium_large":{"url":"https:\/\/villarrealcf.es\/wp-content\/uploads\/2024\/09\/20240818-RP-Marcelino-009-768x432.png","width":768,"height":432},"large":{"url":"https:\/\/villarrealcf.es\/wp-content\/uploads\/2024\/09\/20240818-RP-Marcelino-009-1920x1080.png","width":788,"height":443},"1536x1536":{"url":"https:\/\/villarrealcf.es\/wp-content\/uploads\/2024\/09\/20240818-RP-Marcelino-009-1536x864.png","width":1536,"height":864},"2048x2048":{"url":"https:\/\/villarrealcf.es\/wp-content\/uploads\/2024\/09\/20240818-RP-Marcelino-009-2048x1152.png","width":2048,"height":1152},"tp-image-grid":{"url":"https:\/\/villarrealcf.es\/wp-content\/uploads\/2024\/09\/20240818-RP-Marcelino-009-700x700.png","width":700,"height":700},"size-bunyad-medium":{"url":"https:\/\/villarrealcf.es\/wp-content\/uploads\/2024\/09\/20240818-RP-Marcelino-009-1920x1080.png","width":1920,"height":1080},"sportspress-crop-medium":{"url":"https:\/\/villarrealcf.es\/wp-content\/uploads\/2024\/09\/20240818-RP-Marcelino-009-300x300.png","width":300,"height":300},"sportspress-fit-medium":{"url":"https:\/\/villarrealcf.es\/wp-content\/uploads\/2024\/09\/20240818-RP-Marcelino-009-300x169.png","width":300,"height":169},"sportspress-fit-icon":{"url":"https:\/\/villarrealcf.es\/wp-content\/uploads\/2024\/09\/20240818-RP-Marcelino-009-128x72.png","width":128,"height":72},"sportspress-fit-mini":{"url":"https:\/\/villarrealcf.es\/wp-content\/uploads\/2024\/09\/20240818-RP-Marcelino-009-32x18.png","width":32,"height":18},"bunyad-small":{"url":"https:\/\/villarrealcf.es\/wp-content\/uploads\/2024\/09\/20240818-RP-Marcelino-009-150x84.png","width":150,"height":84},"bunyad-medium":{"url":"https:\/\/villarrealcf.es\/wp-content\/uploads\/2024\/09\/20240818-RP-Marcelino-009-450x253.png","width":450,"height":253},"bunyad-full":{"url":"https:\/\/villarrealcf.es\/wp-content\/uploads\/2024\/09\/20240818-RP-Marcelino-009-1200x675.png","width":1200,"height":675},"bunyad-viewport":{"url":"https:\/\/villarrealcf.es\/wp-content\/uploads\/2024\/09\/20240818-RP-Marcelino-009-2048x1152.png","width":2048,"height":1152},"bunyad-768":{"url":"https:\/\/villarrealcf.es\/wp-content\/uploads\/2024\/09\/20240818-RP-Marcelino-009-768x432.png","width":768,"height":432},"full":{"url":"https:\/\/villarrealcf.es\/wp-content\/uploads\/2024\/09\/20240818-RP-Marcelino-009.png","width":2835,"height":1595}}},"author_data":{"id":"33","name":"Nacho Tejada","first_name":"Nacho","last_name":"Tejada","description":"","avatar_url":"https:\/\/secure.gravatar.com\/avatar\/b1580534b2fcd93e031504756165758941290488df5c88966a26f84344931fd1?s=96&d=mm&r=g","acf":null},"taxonomies_data":{"category":[{"id":13493,"name":"Primer equip","slug":"primer-equip","acf":null}],"post_tag":[{"id":14945,"name":"Estadi Mallorca Son Moix","slug":"estadi-mallorca-son-moix-val","acf":null},{"id":717,"name":"Football","slug":"football-d34","acf":null},{"id":9270,"name":"Futbol","slug":"futbol-val","acf":null},{"id":10189,"name":"Jornada 5","slug":"jornada-5-val","acf":null},{"id":14765,"name":"LaLiga EA Sports","slug":"laliga-ea-sports-val","acf":null},{"id":9219,"name":"Marcelino Garc\u00eda Toral","slug":"marcelino-garcia-toral-val","acf":null},{"id":9278,"name":"primera division","slug":"primera-division-val","acf":null},{"id":9189,"name":"RCD Mallorca","slug":"rcd-mallorca-d29-val","acf":null},{"id":9680,"name":"Rueda de prensa","slug":"rueda-de-prensa-val","acf":null},{"id":716,"name":"Soccer","slug":"soccer-d105","acf":null},{"id":9205,"name":"Submarino","slug":"submarino-val","acf":null},{"id":9627,"name":"Submarino Amarillo","slug":"submarino-amarillo-val","acf":null},{"id":9203,"name":"Villarreal CF","slug":"villarreal-cf-val","acf":null}],"translation_priority":[{"id":735,"name":"Optional","slug":"optional-val","acf":null}]},"seo_full":{"native":{"title":"&#8220;Intentarem seguir en una ratxa positiva&#8221; - Web Oficial del Villarreal CF","description":"Marcelino augura un partit complicat dem\u00e0 davant el RCD Mallorca (S\u00f3n Moix, 14.00h)","canonical":"https:\/\/villarrealcf.es\/val\/intentarem-seguir-en-una-ratxa-positiva\/"}},"_links":{"self":[{"href":"https:\/\/villarrealcf.es\/val\/wp-json\/wp\/v2\/posts\/321319","targetHints":{"allow":["GET"]}}],"collection":[{"href":"https:\/\/villarrealcf.es\/val\/wp-json\/wp\/v2\/posts"}],"about":[{"href":"https:\/\/villarrealcf.es\/val\/wp-json\/wp\/v2\/types\/post"}],"author":[{"embeddable":true,"href":"https:\/\/villarrealcf.es\/val\/wp-json\/wp\/v2\/users\/33"}],"replies":[{"embeddable":true,"href":"https:\/\/villarrealcf.es\/val\/wp-json\/wp\/v2\/comments?post=321319"}],"version-history":[{"count":0,"href":"https:\/\/villarrealcf.es\/val\/wp-json\/wp\/v2\/posts\/321319\/revisions"}],"wp:featuredmedia":[{"embeddable":true,"href":"https:\/\/villarrealcf.es\/val\/wp-json\/wp\/v2\/media\/321296"}],"wp:attachment":[{"href":"https:\/\/villarrealcf.es\/val\/wp-json\/wp\/v2\/media?parent=321319"}],"wp:term":[{"taxonomy":"category","embeddable":true,"href":"https:\/\/villarrealcf.es\/val\/wp-json\/wp\/v2\/categories?post=321319"},{"taxonomy":"post_tag","embeddable":true,"href":"https:\/\/villarrealcf.es\/val\/wp-json\/wp\/v2\/tags?post=321319"}],"curies":[{"name":"wp","href":"https:\/\/api.w.org\/{rel}","templated":true}]}}