{"id":319963,"date":"2024-08-31T22:19:00","date_gmt":"2024-08-31T20:19:00","guid":{"rendered":"https:\/\/villarrealcf.es\/marcelino-hemos-sabido-sufrir-y-ser-solidarios\/"},"modified":"2024-09-01T00:23:43","modified_gmt":"2024-08-31T22:23:43","slug":"marcelino-hem-sabut-patir-i-ser-solidaris","status":"publish","type":"post","link":"https:\/\/villarrealcf.es\/val\/marcelino-hem-sabut-patir-i-ser-solidaris\/","title":{"rendered":"Marcelino: \u201cHem sabut patir i ser solidaris\u201d"},"content":{"protected":false,"blocks":[{"type":"heading","level":2,"text":"L\u2019entrenador groc ha donat per bo l\u2019empat a Mestalla (1-1) despr\u00e9s d\u2019una expulsi\u00f3 que va decantar el desenrotllament del partit"},{"type":"paragraph","text":"L\u2019entrenador del Villarreal, Marcelino Garc\u00eda Toral, ha comparegut davant els mitjans de comunicaci\u00f3 per a analitzar l\u2019empat davant el Valencia CF a Mestalla (1-1)."},{"type":"paragraph","text":"En la seua primera intervenci\u00f3, el t\u00e8cnic asturi\u00e0 va fer una valoraci\u00f3 global del partit: \u201cEl Valencia va ser superior a nosaltres en la primera mitja hora. No vam aconseguir arribar a l\u2019\u00e0rea rival. A partir del minut 30, l\u2019equip ha sigut recognoscible i hem jugat en el camp contrari. En la segona mitat, comencem b\u00e9 i ten\u00edem les sensacions que pod\u00edem guanyar. A partir de l\u2019expulsi\u00f3, el Valencia ens va sotmetre i patim molt. Vam aconseguir subsistir defenent b\u00e9 els centres laterals per a sumar un punt\u201d."},{"type":"paragraph","text":"En la mateixa l\u00ednia, Marcelino ha donat per bo l\u2019empat en el feu che: \u201cEns anem molt satisfets amb l\u2019empat i amb com arribem a l\u2019aturada. Sumar 8 de 12 punts en este inici tan exigent \u00e9s per a estar molt contents. Hem fet una reestructuraci\u00f3 completa de la plantilla. Hui ten\u00edem moltes baixes i hem competit. Estic molt satisfet amb els futbolistes. El resultat ens fa optimistes, encara que sabem que hem de millorar moltes coses\u201d."},{"type":"paragraph","text":"L\u2019entrenador del Villarreal ha valorat l\u2019expulsi\u00f3 de Pape Gueye, afirmant que va decantar el gui\u00f3 del partit: \u201cEra una acci\u00f3 evitable i haur\u00edem d\u2019haver-ho fet. Encara que no el resultat, va condicionar el desenrotllament del partit. Ten\u00edem el domini i a partir de l\u2019expulsi\u00f3 el vam perdre. Per sort, vam poder mantindre el resultat\u201d."},{"type":"paragraph","text":"Finalment, Marcelino ha subratllat la bona faena defensiva dels seus futbolistes a Mestalla: \u201cHem def\u00e9s b\u00e9 els centres laterals i ens hem demostrat que podem defendre b\u00e9 prop de l\u2019\u00e0rea. \u00c9s decisiu si volem estar a dalt. Per aix\u00f2, em vaig satisfet perqu\u00e8 hem sabut patir, ser solidaris i mostrar comprom\u00eds. Quan no tens el dia a nivell futbol\u00edstic, sumar punts t\u2019elevar\u00e0 en la taula a final de lliga\u201d."},{"type":"video","kind":"iframe","url":"https:\/\/www.youtube.com\/embed\/coeZPoFkz2k?feature=oembed","poster":""}],"structured":{"summary":{"text":"L\u2019entrenador groc ha donat per bo l\u2019empat a Mestalla (1-1) despr\u00e9s d\u2019una expulsi\u00f3 que va decantar el desenrotllament del partit L\u2019entrenador del Villarreal, Marcelino Garc\u00eda Toral, ha comparegut davant els mitjans de comunicaci\u00f3 per a analitzar l\u2019empat davant el Valencia CF a Mestalla (1-1). En la seua primera intervenci\u00f3, el t\u00e8cnic asturi\u00e0 va fer una valoraci\u00f3 global del partit: \u201cEl Valencia va ser superior a nosaltres en la primera mitja hora. No vam aconseguir arribar a l\u2019\u00e0rea rival. A partir del minut 30, l\u2019equip ha sigut recognoscible i hem jugat en el camp contrari. En la segona mitat, comencem b\u00e9 i ten\u00edem les sensacions que pod\u00edem guanyar. A partir de l\u2019expulsi\u00f3, el Valencia ens va sotmetre i patim molt. Vam aconseguir subsistir defenent b\u00e9 els centres laterals per a sumar un punt\u201d. En la mateixa l\u00ednia, Marcelino ha donat per bo l\u2019empat en el feu che: \u201cEns anem molt satisfets amb l\u2019empat i amb com arribem a l\u2019aturada. Sumar 8 de 12 punts en este inici tan exigent \u00e9s per a estar molt contents. Hem fet una reestructuraci\u00f3 completa de la plantilla. Hui ten\u00edem moltes baixes i hem competit. Estic molt satisfet amb els futbolistes. El resultat ens fa optimistes, encara que sabem que hem de millorar moltes coses\u201d. L\u2019entrenador del Villarreal ha valorat l\u2019expulsi\u00f3 de Pape Gueye, afirmant que va decantar el gui\u00f3 del partit: \u201cEra una acci\u00f3 evitable i haur\u00edem d\u2019haver-ho fet. Encara que no el resultat, va condicionar el desenrotllament del partit. Ten\u00edem el domini i a partir de l\u2019expulsi\u00f3 el vam perdre. Per sort, vam poder mantindre el resultat\u201d. Finalment, Marcelino ha subratllat la bona faena defensiva dels seus futbolistes a Mestalla: \u201cHem def\u00e9s b\u00e9 els centres laterals i ens hem demostrat que podem defendre b\u00e9 prop de l\u2019\u00e0rea. \u00c9s decisiu si volem estar a dalt. Per aix\u00f2, em vaig satisfet perqu\u00e8 hem sabut patir, ser solidaris i mostrar comprom\u00eds. Quan no tens el dia a nivell futbol\u00edstic, sumar punts t\u2019elevar\u00e0 en la taula a final de lliga\u201d.","headings":[{"type":"heading","level":2,"text":"L\u2019entrenador groc ha donat per bo l\u2019empat a Mestalla (1-1) despr\u00e9s d\u2019una expulsi\u00f3 que va decantar el desenrotllament del partit"}],"buttons":[],"images":[],"counts":{"blocks":7,"headings":1,"texts":5,"buttons":0,"images":0}},"sections":[{"id":"section-1","title":"L\u2019entrenador groc ha donat per bo l\u2019empat a Mestalla (1-1) despr\u00e9s d\u2019una expulsi\u00f3 que va decantar el desenrotllament del partit","text":"L\u2019entrenador groc ha donat per bo l\u2019empat a Mestalla (1-1) despr\u00e9s d\u2019una expulsi\u00f3 que va decantar el desenrotllament del partit L\u2019entrenador del Villarreal, Marcelino Garc\u00eda Toral, ha comparegut davant els mitjans de comunicaci\u00f3 per a analitzar l\u2019empat davant el Valencia CF a Mestalla (1-1). En la seua primera intervenci\u00f3, el t\u00e8cnic asturi\u00e0 va fer una valoraci\u00f3 global del partit: \u201cEl Valencia va ser superior a nosaltres en la primera mitja hora. No vam aconseguir arribar a l\u2019\u00e0rea rival. A partir del minut 30, l\u2019equip ha sigut recognoscible i hem jugat en el camp contrari. En la segona mitat, comencem b\u00e9 i ten\u00edem les sensacions que pod\u00edem guanyar. A partir de l\u2019expulsi\u00f3, el Valencia ens va sotmetre i patim molt. Vam aconseguir subsistir defenent b\u00e9 els centres laterals per a sumar un punt\u201d. En la mateixa l\u00ednia, Marcelino ha donat per bo l\u2019empat en el feu che: \u201cEns anem molt satisfets amb l\u2019empat i amb com arribem a l\u2019aturada. Sumar 8 de 12 punts en este inici tan exigent \u00e9s per a estar molt contents. Hem fet una reestructuraci\u00f3 completa de la plantilla. Hui ten\u00edem moltes baixes i hem competit. Estic molt satisfet amb els futbolistes. El resultat ens fa optimistes, encara que sabem que hem de millorar moltes coses\u201d. L\u2019entrenador del Villarreal ha valorat l\u2019expulsi\u00f3 de Pape Gueye, afirmant que va decantar el gui\u00f3 del partit: \u201cEra una acci\u00f3 evitable i haur\u00edem d\u2019haver-ho fet. Encara que no el resultat, va condicionar el desenrotllament del partit. Ten\u00edem el domini i a partir de l\u2019expulsi\u00f3 el vam perdre. Per sort, vam poder mantindre el resultat\u201d. Finalment, Marcelino ha subratllat la bona faena defensiva dels seus futbolistes a Mestalla: \u201cHem def\u00e9s b\u00e9 els centres laterals i ens hem demostrat que podem defendre b\u00e9 prop de l\u2019\u00e0rea. \u00c9s decisiu si volem estar a dalt. Per aix\u00f2, em vaig satisfet perqu\u00e8 hem sabut patir, ser solidaris i mostrar comprom\u00eds. Quan no tens el dia a nivell futbol\u00edstic, sumar punts t\u2019elevar\u00e0 en la taula a final de lliga\u201d.","headings":[{"type":"heading","level":2,"text":"L\u2019entrenador groc ha donat per bo l\u2019empat a Mestalla (1-1) despr\u00e9s d\u2019una expulsi\u00f3 que va decantar el desenrotllament del partit"}],"texts":[{"type":"paragraph","text":"L\u2019entrenador del Villarreal, Marcelino Garc\u00eda Toral, ha comparegut davant els mitjans de comunicaci\u00f3 per a analitzar l\u2019empat davant el Valencia CF a Mestalla (1-1)."},{"type":"paragraph","text":"En la seua primera intervenci\u00f3, el t\u00e8cnic asturi\u00e0 va fer una valoraci\u00f3 global del partit: \u201cEl Valencia va ser superior a nosaltres en la primera mitja hora. No vam aconseguir arribar a l\u2019\u00e0rea rival. A partir del minut 30, l\u2019equip ha sigut recognoscible i hem jugat en el camp contrari. En la segona mitat, comencem b\u00e9 i ten\u00edem les sensacions que pod\u00edem guanyar. A partir de l\u2019expulsi\u00f3, el Valencia ens va sotmetre i patim molt. Vam aconseguir subsistir defenent b\u00e9 els centres laterals per a sumar un punt\u201d."},{"type":"paragraph","text":"En la mateixa l\u00ednia, Marcelino ha donat per bo l\u2019empat en el feu che: \u201cEns anem molt satisfets amb l\u2019empat i amb com arribem a l\u2019aturada. Sumar 8 de 12 punts en este inici tan exigent \u00e9s per a estar molt contents. Hem fet una reestructuraci\u00f3 completa de la plantilla. Hui ten\u00edem moltes baixes i hem competit. Estic molt satisfet amb els futbolistes. El resultat ens fa optimistes, encara que sabem que hem de millorar moltes coses\u201d."},{"type":"paragraph","text":"L\u2019entrenador del Villarreal ha valorat l\u2019expulsi\u00f3 de Pape Gueye, afirmant que va decantar el gui\u00f3 del partit: \u201cEra una acci\u00f3 evitable i haur\u00edem d\u2019haver-ho fet. Encara que no el resultat, va condicionar el desenrotllament del partit. Ten\u00edem el domini i a partir de l\u2019expulsi\u00f3 el vam perdre. Per sort, vam poder mantindre el resultat\u201d."},{"type":"paragraph","text":"Finalment, Marcelino ha subratllat la bona faena defensiva dels seus futbolistes a Mestalla: \u201cHem def\u00e9s b\u00e9 els centres laterals i ens hem demostrat que podem defendre b\u00e9 prop de l\u2019\u00e0rea. \u00c9s decisiu si volem estar a dalt. Per aix\u00f2, em vaig satisfet perqu\u00e8 hem sabut patir, ser solidaris i mostrar comprom\u00eds. Quan no tens el dia a nivell futbol\u00edstic, sumar punts t\u2019elevar\u00e0 en la taula a final de lliga\u201d."}],"buttons":[],"images":[],"widgets":[],"blocks":[{"type":"heading","level":2,"text":"L\u2019entrenador groc ha donat per bo l\u2019empat a Mestalla (1-1) despr\u00e9s d\u2019una expulsi\u00f3 que va decantar el desenrotllament del partit"},{"type":"paragraph","text":"L\u2019entrenador del Villarreal, Marcelino Garc\u00eda Toral, ha comparegut davant els mitjans de comunicaci\u00f3 per a analitzar l\u2019empat davant el Valencia CF a Mestalla (1-1)."},{"type":"paragraph","text":"En la seua primera intervenci\u00f3, el t\u00e8cnic asturi\u00e0 va fer una valoraci\u00f3 global del partit: \u201cEl Valencia va ser superior a nosaltres en la primera mitja hora. No vam aconseguir arribar a l\u2019\u00e0rea rival. A partir del minut 30, l\u2019equip ha sigut recognoscible i hem jugat en el camp contrari. En la segona mitat, comencem b\u00e9 i ten\u00edem les sensacions que pod\u00edem guanyar. A partir de l\u2019expulsi\u00f3, el Valencia ens va sotmetre i patim molt. Vam aconseguir subsistir defenent b\u00e9 els centres laterals per a sumar un punt\u201d."},{"type":"paragraph","text":"En la mateixa l\u00ednia, Marcelino ha donat per bo l\u2019empat en el feu che: \u201cEns anem molt satisfets amb l\u2019empat i amb com arribem a l\u2019aturada. Sumar 8 de 12 punts en este inici tan exigent \u00e9s per a estar molt contents. Hem fet una reestructuraci\u00f3 completa de la plantilla. Hui ten\u00edem moltes baixes i hem competit. Estic molt satisfet amb els futbolistes. El resultat ens fa optimistes, encara que sabem que hem de millorar moltes coses\u201d."},{"type":"paragraph","text":"L\u2019entrenador del Villarreal ha valorat l\u2019expulsi\u00f3 de Pape Gueye, afirmant que va decantar el gui\u00f3 del partit: \u201cEra una acci\u00f3 evitable i haur\u00edem d\u2019haver-ho fet. Encara que no el resultat, va condicionar el desenrotllament del partit. Ten\u00edem el domini i a partir de l\u2019expulsi\u00f3 el vam perdre. Per sort, vam poder mantindre el resultat\u201d."},{"type":"paragraph","text":"Finalment, Marcelino ha subratllat la bona faena defensiva dels seus futbolistes a Mestalla: \u201cHem def\u00e9s b\u00e9 els centres laterals i ens hem demostrat que podem defendre b\u00e9 prop de l\u2019\u00e0rea. \u00c9s decisiu si volem estar a dalt. Per aix\u00f2, em vaig satisfet perqu\u00e8 hem sabut patir, ser solidaris i mostrar comprom\u00eds. Quan no tens el dia a nivell futbol\u00edstic, sumar punts t\u2019elevar\u00e0 en la taula a final de lliga\u201d."},{"type":"video","kind":"iframe","url":"https:\/\/www.youtube.com\/embed\/coeZPoFkz2k?feature=oembed","poster":""}]}],"hero":{"id":"section-1","title":"L\u2019entrenador groc ha donat per bo l\u2019empat a Mestalla (1-1) despr\u00e9s d\u2019una expulsi\u00f3 que va decantar el desenrotllament del partit","text":"L\u2019entrenador groc ha donat per bo l\u2019empat a Mestalla (1-1) despr\u00e9s d\u2019una expulsi\u00f3 que va decantar el desenrotllament del partit L\u2019entrenador del Villarreal, Marcelino Garc\u00eda Toral, ha comparegut davant els mitjans de comunicaci\u00f3 per a analitzar l\u2019empat davant el Valencia CF a Mestalla (1-1). En la seua primera intervenci\u00f3, el t\u00e8cnic asturi\u00e0 va fer una valoraci\u00f3 global del partit: \u201cEl Valencia va ser superior a nosaltres en la primera mitja hora. No vam aconseguir arribar a l\u2019\u00e0rea rival. A partir del minut 30, l\u2019equip ha sigut recognoscible i hem jugat en el camp contrari. En la segona mitat, comencem b\u00e9 i ten\u00edem les sensacions que pod\u00edem guanyar. A partir de l\u2019expulsi\u00f3, el Valencia ens va sotmetre i patim molt. Vam aconseguir subsistir defenent b\u00e9 els centres laterals per a sumar un punt\u201d. En la mateixa l\u00ednia, Marcelino ha donat per bo l\u2019empat en el feu che: \u201cEns anem molt satisfets amb l\u2019empat i amb com arribem a l\u2019aturada. Sumar 8 de 12 punts en este inici tan exigent \u00e9s per a estar molt contents. Hem fet una reestructuraci\u00f3 completa de la plantilla. Hui ten\u00edem moltes baixes i hem competit. Estic molt satisfet amb els futbolistes. El resultat ens fa optimistes, encara que sabem que hem de millorar moltes coses\u201d. L\u2019entrenador del Villarreal ha valorat l\u2019expulsi\u00f3 de Pape Gueye, afirmant que va decantar el gui\u00f3 del partit: \u201cEra una acci\u00f3 evitable i haur\u00edem d\u2019haver-ho fet. Encara que no el resultat, va condicionar el desenrotllament del partit. Ten\u00edem el domini i a partir de l\u2019expulsi\u00f3 el vam perdre. Per sort, vam poder mantindre el resultat\u201d. Finalment, Marcelino ha subratllat la bona faena defensiva dels seus futbolistes a Mestalla: \u201cHem def\u00e9s b\u00e9 els centres laterals i ens hem demostrat que podem defendre b\u00e9 prop de l\u2019\u00e0rea. \u00c9s decisiu si volem estar a dalt. Per aix\u00f2, em vaig satisfet perqu\u00e8 hem sabut patir, ser solidaris i mostrar comprom\u00eds. Quan no tens el dia a nivell futbol\u00edstic, sumar punts t\u2019elevar\u00e0 en la taula a final de lliga\u201d.","headings":[{"type":"heading","level":2,"text":"L\u2019entrenador groc ha donat per bo l\u2019empat a Mestalla (1-1) despr\u00e9s d\u2019una expulsi\u00f3 que va decantar el desenrotllament del partit"}],"texts":[{"type":"paragraph","text":"L\u2019entrenador del Villarreal, Marcelino Garc\u00eda Toral, ha comparegut davant els mitjans de comunicaci\u00f3 per a analitzar l\u2019empat davant el Valencia CF a Mestalla (1-1)."},{"type":"paragraph","text":"En la seua primera intervenci\u00f3, el t\u00e8cnic asturi\u00e0 va fer una valoraci\u00f3 global del partit: \u201cEl Valencia va ser superior a nosaltres en la primera mitja hora. No vam aconseguir arribar a l\u2019\u00e0rea rival. A partir del minut 30, l\u2019equip ha sigut recognoscible i hem jugat en el camp contrari. En la segona mitat, comencem b\u00e9 i ten\u00edem les sensacions que pod\u00edem guanyar. A partir de l\u2019expulsi\u00f3, el Valencia ens va sotmetre i patim molt. Vam aconseguir subsistir defenent b\u00e9 els centres laterals per a sumar un punt\u201d."},{"type":"paragraph","text":"En la mateixa l\u00ednia, Marcelino ha donat per bo l\u2019empat en el feu che: \u201cEns anem molt satisfets amb l\u2019empat i amb com arribem a l\u2019aturada. Sumar 8 de 12 punts en este inici tan exigent \u00e9s per a estar molt contents. Hem fet una reestructuraci\u00f3 completa de la plantilla. Hui ten\u00edem moltes baixes i hem competit. Estic molt satisfet amb els futbolistes. El resultat ens fa optimistes, encara que sabem que hem de millorar moltes coses\u201d."},{"type":"paragraph","text":"L\u2019entrenador del Villarreal ha valorat l\u2019expulsi\u00f3 de Pape Gueye, afirmant que va decantar el gui\u00f3 del partit: \u201cEra una acci\u00f3 evitable i haur\u00edem d\u2019haver-ho fet. Encara que no el resultat, va condicionar el desenrotllament del partit. Ten\u00edem el domini i a partir de l\u2019expulsi\u00f3 el vam perdre. Per sort, vam poder mantindre el resultat\u201d."},{"type":"paragraph","text":"Finalment, Marcelino ha subratllat la bona faena defensiva dels seus futbolistes a Mestalla: \u201cHem def\u00e9s b\u00e9 els centres laterals i ens hem demostrat que podem defendre b\u00e9 prop de l\u2019\u00e0rea. \u00c9s decisiu si volem estar a dalt. Per aix\u00f2, em vaig satisfet perqu\u00e8 hem sabut patir, ser solidaris i mostrar comprom\u00eds. Quan no tens el dia a nivell futbol\u00edstic, sumar punts t\u2019elevar\u00e0 en la taula a final de lliga\u201d."}],"buttons":[],"images":[],"widgets":[],"blocks":[{"type":"heading","level":2,"text":"L\u2019entrenador groc ha donat per bo l\u2019empat a Mestalla (1-1) despr\u00e9s d\u2019una expulsi\u00f3 que va decantar el desenrotllament del partit"},{"type":"paragraph","text":"L\u2019entrenador del Villarreal, Marcelino Garc\u00eda Toral, ha comparegut davant els mitjans de comunicaci\u00f3 per a analitzar l\u2019empat davant el Valencia CF a Mestalla (1-1)."},{"type":"paragraph","text":"En la seua primera intervenci\u00f3, el t\u00e8cnic asturi\u00e0 va fer una valoraci\u00f3 global del partit: \u201cEl Valencia va ser superior a nosaltres en la primera mitja hora. No vam aconseguir arribar a l\u2019\u00e0rea rival. A partir del minut 30, l\u2019equip ha sigut recognoscible i hem jugat en el camp contrari. En la segona mitat, comencem b\u00e9 i ten\u00edem les sensacions que pod\u00edem guanyar. A partir de l\u2019expulsi\u00f3, el Valencia ens va sotmetre i patim molt. Vam aconseguir subsistir defenent b\u00e9 els centres laterals per a sumar un punt\u201d."},{"type":"paragraph","text":"En la mateixa l\u00ednia, Marcelino ha donat per bo l\u2019empat en el feu che: \u201cEns anem molt satisfets amb l\u2019empat i amb com arribem a l\u2019aturada. Sumar 8 de 12 punts en este inici tan exigent \u00e9s per a estar molt contents. Hem fet una reestructuraci\u00f3 completa de la plantilla. Hui ten\u00edem moltes baixes i hem competit. Estic molt satisfet amb els futbolistes. El resultat ens fa optimistes, encara que sabem que hem de millorar moltes coses\u201d."},{"type":"paragraph","text":"L\u2019entrenador del Villarreal ha valorat l\u2019expulsi\u00f3 de Pape Gueye, afirmant que va decantar el gui\u00f3 del partit: \u201cEra una acci\u00f3 evitable i haur\u00edem d\u2019haver-ho fet. Encara que no el resultat, va condicionar el desenrotllament del partit. Ten\u00edem el domini i a partir de l\u2019expulsi\u00f3 el vam perdre. Per sort, vam poder mantindre el resultat\u201d."},{"type":"paragraph","text":"Finalment, Marcelino ha subratllat la bona faena defensiva dels seus futbolistes a Mestalla: \u201cHem def\u00e9s b\u00e9 els centres laterals i ens hem demostrat que podem defendre b\u00e9 prop de l\u2019\u00e0rea. \u00c9s decisiu si volem estar a dalt. Per aix\u00f2, em vaig satisfet perqu\u00e8 hem sabut patir, ser solidaris i mostrar comprom\u00eds. Quan no tens el dia a nivell futbol\u00edstic, sumar punts t\u2019elevar\u00e0 en la taula a final de lliga\u201d."},{"type":"video","kind":"iframe","url":"https:\/\/www.youtube.com\/embed\/coeZPoFkz2k?feature=oembed","poster":""}]}},"sections":[{"id":"section-1","title":"L\u2019entrenador groc ha donat per bo l\u2019empat a Mestalla (1-1) despr\u00e9s d\u2019una expulsi\u00f3 que va decantar el desenrotllament del partit","text":"L\u2019entrenador groc ha donat per bo l\u2019empat a Mestalla (1-1) despr\u00e9s d\u2019una expulsi\u00f3 que va decantar el desenrotllament del partit L\u2019entrenador del Villarreal, Marcelino Garc\u00eda Toral, ha comparegut davant els mitjans de comunicaci\u00f3 per a analitzar l\u2019empat davant el Valencia CF a Mestalla (1-1). En la seua primera intervenci\u00f3, el t\u00e8cnic asturi\u00e0 va fer una valoraci\u00f3 global del partit: \u201cEl Valencia va ser superior a nosaltres en la primera mitja hora. No vam aconseguir arribar a l\u2019\u00e0rea rival. A partir del minut 30, l\u2019equip ha sigut recognoscible i hem jugat en el camp contrari. En la segona mitat, comencem b\u00e9 i ten\u00edem les sensacions que pod\u00edem guanyar. A partir de l\u2019expulsi\u00f3, el Valencia ens va sotmetre i patim molt. Vam aconseguir subsistir defenent b\u00e9 els centres laterals per a sumar un punt\u201d. En la mateixa l\u00ednia, Marcelino ha donat per bo l\u2019empat en el feu che: \u201cEns anem molt satisfets amb l\u2019empat i amb com arribem a l\u2019aturada. Sumar 8 de 12 punts en este inici tan exigent \u00e9s per a estar molt contents. Hem fet una reestructuraci\u00f3 completa de la plantilla. Hui ten\u00edem moltes baixes i hem competit. Estic molt satisfet amb els futbolistes. El resultat ens fa optimistes, encara que sabem que hem de millorar moltes coses\u201d. L\u2019entrenador del Villarreal ha valorat l\u2019expulsi\u00f3 de Pape Gueye, afirmant que va decantar el gui\u00f3 del partit: \u201cEra una acci\u00f3 evitable i haur\u00edem d\u2019haver-ho fet. Encara que no el resultat, va condicionar el desenrotllament del partit. Ten\u00edem el domini i a partir de l\u2019expulsi\u00f3 el vam perdre. Per sort, vam poder mantindre el resultat\u201d. Finalment, Marcelino ha subratllat la bona faena defensiva dels seus futbolistes a Mestalla: \u201cHem def\u00e9s b\u00e9 els centres laterals i ens hem demostrat que podem defendre b\u00e9 prop de l\u2019\u00e0rea. \u00c9s decisiu si volem estar a dalt. Per aix\u00f2, em vaig satisfet perqu\u00e8 hem sabut patir, ser solidaris i mostrar comprom\u00eds. Quan no tens el dia a nivell futbol\u00edstic, sumar punts t\u2019elevar\u00e0 en la taula a final de lliga\u201d.","url":"","background_image":"","images":[],"videos":[{"type":"video","kind":"iframe","url":"https:\/\/www.youtube.com\/embed\/coeZPoFkz2k?feature=oembed","poster":""}],"links":[]}]},"excerpt":{"rendered":"L&#8217;entrenador groc ha donat per bo l&#8217;empat a Mestalla (1-1) despr\u00e9s d&#8217;una expulsi\u00f3 que va decantar el desenrotllament del partit","protected":false},"author":25,"featured_media":319960,"comment_status":"closed","ping_status":"closed","sticky":false,"template":"","format":"standard","meta":{"_acf_changed":false,"footnotes":""},"categories":[13493],"tags":[9280,9715,717,9270,10187,9219,13427,9278,9680,716,9205,9627,9607,9203],"acf":null,"lang":"val","translations":{"es":319928,"val":319963,"en":319964},"essential_grid":{"has_grid":false},"formatted_date":"August 31, 2024","modified_date":"September 1, 2024","permalink":"https:\/\/villarrealcf.es\/val\/marcelino-hem-sabut-patir-i-ser-solidaris\/","reading_time":2,"featured_media_data":{"id":319960,"title":"ValenciaCF-VillarrealCF-085 (1)","caption":"","alt_text":"","description":"","mime_type":"image\/jpeg","source_url":"https:\/\/villarrealcf.es\/wp-content\/uploads\/2024\/08\/ValenciaCF-VillarrealCF-085-1-scaled.jpg","sizes":{"thumbnail":{"url":"https:\/\/villarrealcf.es\/wp-content\/uploads\/2024\/08\/ValenciaCF-VillarrealCF-085-1-1920x1080.jpg","width":1920,"height":1080},"medium":{"url":"https:\/\/villarrealcf.es\/wp-content\/uploads\/2024\/08\/ValenciaCF-VillarrealCF-085-1-1920x1080.jpg","width":1920,"height":1080},"medium_large":{"url":"https:\/\/villarrealcf.es\/wp-content\/uploads\/2024\/08\/ValenciaCF-VillarrealCF-085-1-768x432.jpg","width":768,"height":432},"large":{"url":"https:\/\/villarrealcf.es\/wp-content\/uploads\/2024\/08\/ValenciaCF-VillarrealCF-085-1-1920x1080.jpg","width":788,"height":443},"1536x1536":{"url":"https:\/\/villarrealcf.es\/wp-content\/uploads\/2024\/08\/ValenciaCF-VillarrealCF-085-1-1536x864.jpg","width":1536,"height":864},"2048x2048":{"url":"https:\/\/villarrealcf.es\/wp-content\/uploads\/2024\/08\/ValenciaCF-VillarrealCF-085-1-2048x1152.jpg","width":2048,"height":1152},"tp-image-grid":{"url":"https:\/\/villarrealcf.es\/wp-content\/uploads\/2024\/08\/ValenciaCF-VillarrealCF-085-1-700x700.jpg","width":700,"height":700},"size-bunyad-medium":{"url":"https:\/\/villarrealcf.es\/wp-content\/uploads\/2024\/08\/ValenciaCF-VillarrealCF-085-1-1920x1080.jpg","width":1920,"height":1080},"sportspress-crop-medium":{"url":"https:\/\/villarrealcf.es\/wp-content\/uploads\/2024\/08\/ValenciaCF-VillarrealCF-085-1-300x300.jpg","width":300,"height":300},"sportspress-fit-medium":{"url":"https:\/\/villarrealcf.es\/wp-content\/uploads\/2024\/08\/ValenciaCF-VillarrealCF-085-1-300x169.jpg","width":300,"height":169},"sportspress-fit-icon":{"url":"https:\/\/villarrealcf.es\/wp-content\/uploads\/2024\/08\/ValenciaCF-VillarrealCF-085-1-128x72.jpg","width":128,"height":72},"sportspress-fit-mini":{"url":"https:\/\/villarrealcf.es\/wp-content\/uploads\/2024\/08\/ValenciaCF-VillarrealCF-085-1-32x18.jpg","width":32,"height":18},"bunyad-small":{"url":"https:\/\/villarrealcf.es\/wp-content\/uploads\/2024\/08\/ValenciaCF-VillarrealCF-085-1-150x84.jpg","width":150,"height":84},"bunyad-medium":{"url":"https:\/\/villarrealcf.es\/wp-content\/uploads\/2024\/08\/ValenciaCF-VillarrealCF-085-1-450x253.jpg","width":450,"height":253},"bunyad-full":{"url":"https:\/\/villarrealcf.es\/wp-content\/uploads\/2024\/08\/ValenciaCF-VillarrealCF-085-1-1200x675.jpg","width":1200,"height":675},"bunyad-viewport":{"url":"https:\/\/villarrealcf.es\/wp-content\/uploads\/2024\/08\/ValenciaCF-VillarrealCF-085-1-2048x1152.jpg","width":2048,"height":1152},"bunyad-768":{"url":"https:\/\/villarrealcf.es\/wp-content\/uploads\/2024\/08\/ValenciaCF-VillarrealCF-085-1-768x432.jpg","width":768,"height":432},"full":{"url":"https:\/\/villarrealcf.es\/wp-content\/uploads\/2024\/08\/ValenciaCF-VillarrealCF-085-1-scaled.jpg","width":2560,"height":1440}}},"author_data":{"id":"25","name":"Javier Ayuso","first_name":"Javier","last_name":"Ayuso","description":"","avatar_url":"https:\/\/secure.gravatar.com\/avatar\/fcf8894be45988fcce5bbff0efe1790d2a7f4ba57e2c7c898f5068154e696495?s=96&d=mm&r=g","acf":null},"taxonomies_data":{"category":[{"id":13493,"name":"Primer equip","slug":"primer-equip","acf":null}],"post_tag":[{"id":9280,"name":"declaraciones","slug":"declaraciones-val","acf":null},{"id":9715,"name":"Estadio de Mestalla","slug":"estadio-de-mestalla-val","acf":null},{"id":717,"name":"Football","slug":"football-d34","acf":null},{"id":9270,"name":"Futbol","slug":"futbol-val","acf":null},{"id":10187,"name":"Jornada 4","slug":"jornada-4-val","acf":null},{"id":9219,"name":"Marcelino Garc\u00eda Toral","slug":"marcelino-garcia-toral-val","acf":null},{"id":13427,"name":"Primer Equipo","slug":"primer-equipo-val","acf":null},{"id":9278,"name":"primera division","slug":"primera-division-val","acf":null},{"id":9680,"name":"Rueda de prensa","slug":"rueda-de-prensa-val","acf":null},{"id":716,"name":"Soccer","slug":"soccer-d105","acf":null},{"id":9205,"name":"Submarino","slug":"submarino-val","acf":null},{"id":9627,"name":"Submarino Amarillo","slug":"submarino-amarillo-val","acf":null},{"id":9607,"name":"Valencia CF","slug":"valencia-cf-val","acf":null},{"id":9203,"name":"Villarreal CF","slug":"villarreal-cf-val","acf":null}],"translation_priority":[{"id":735,"name":"Optional","slug":"optional-val","acf":null}]},"seo_full":{"native":{"title":"Marcelino: \u201cHem sabut patir i ser solidaris\u201d - Web Oficial del Villarreal CF","description":"L'entrenador groc ha donat per bo l'empat a Mestalla (1-1) despr\u00e9s d'una expulsi\u00f3 que va decantar el desenrotllament del partit","canonical":"https:\/\/villarrealcf.es\/val\/marcelino-hem-sabut-patir-i-ser-solidaris\/"}},"_links":{"self":[{"href":"https:\/\/villarrealcf.es\/val\/wp-json\/wp\/v2\/posts\/319963","targetHints":{"allow":["GET"]}}],"collection":[{"href":"https:\/\/villarrealcf.es\/val\/wp-json\/wp\/v2\/posts"}],"about":[{"href":"https:\/\/villarrealcf.es\/val\/wp-json\/wp\/v2\/types\/post"}],"author":[{"embeddable":true,"href":"https:\/\/villarrealcf.es\/val\/wp-json\/wp\/v2\/users\/25"}],"replies":[{"embeddable":true,"href":"https:\/\/villarrealcf.es\/val\/wp-json\/wp\/v2\/comments?post=319963"}],"version-history":[{"count":0,"href":"https:\/\/villarrealcf.es\/val\/wp-json\/wp\/v2\/posts\/319963\/revisions"}],"wp:featuredmedia":[{"embeddable":true,"href":"https:\/\/villarrealcf.es\/val\/wp-json\/wp\/v2\/media\/319960"}],"wp:attachment":[{"href":"https:\/\/villarrealcf.es\/val\/wp-json\/wp\/v2\/media?parent=319963"}],"wp:term":[{"taxonomy":"category","embeddable":true,"href":"https:\/\/villarrealcf.es\/val\/wp-json\/wp\/v2\/categories?post=319963"},{"taxonomy":"post_tag","embeddable":true,"href":"https:\/\/villarrealcf.es\/val\/wp-json\/wp\/v2\/tags?post=319963"}],"curies":[{"name":"wp","href":"https:\/\/api.w.org\/{rel}","templated":true}]}}