{"id":319563,"date":"2024-08-28T17:25:37","date_gmt":"2024-08-28T15:25:37","guid":{"rendered":"https:\/\/villarrealcf.es\/informacion-de-acceso-para-los-partidos-del-villarreal-b\/"},"modified":"2024-08-29T17:24:24","modified_gmt":"2024-08-29T15:24:24","slug":"informacio-dacces-per-als-partits-del-villarreal-b","status":"publish","type":"post","link":"https:\/\/villarrealcf.es\/val\/informacio-dacces-per-als-partits-del-villarreal-b\/","title":{"rendered":"Informaci\u00f3 d&#8217;acc\u00e9s per als partits del Villarreal B"},"content":{"protected":false,"blocks":[{"type":"heading","level":2,"text":"Amb el retorn del filial al Mini Estadi, els aficionats hauran d\u2019accedir a la Ciutat Esportiva per la porta del CEM"},{"type":"paragraph","text":"El Villarreal B torna al Mini Estadi despr\u00e9s del descens a Primera Federaci\u00f3. El Mini Submar\u00ed s\u2019estrena esta setmana a casa i rep al Betis Esportiu este diumenge, a les 20.00 hores, en el Mini Estadi de la Ciutat Esportiva Jos\u00e9 Manuel Llaneza."},{"type":"paragraph","text":"Durant tota la temporada, els abonats del Villarreal CF podran accedir gratu\u00eftament als partits de lliga del filial groc. Cal tindre en compte que en el Mini Estadi no hi ha una localitat assignada per abonament excepte aquells aficionats que hagen adquirit el carnet exclusiu que dona dret a una localitat fixa."},{"type":"paragraph","text":"L\u2019\u00fanic acc\u00e9s habilitat perqu\u00e8 els seguidors accedisquen a la Ciutat Esportiva ser\u00e0 per la porta m\u00e9s pr\u00f2xima al CEM Pau Francisco Torres."},{"type":"paragraph","text":"Per al partit davant el filial b\u00e8tic, el Mini Estadi obrir\u00e0 les portes als seus aficionats a partir de les 18.30 hores."}],"structured":{"summary":{"text":"Amb el retorn del filial al Mini Estadi, els aficionats hauran d\u2019accedir a la Ciutat Esportiva per la porta del CEM El Villarreal B torna al Mini Estadi despr\u00e9s del descens a Primera Federaci\u00f3. El Mini Submar\u00ed s\u2019estrena esta setmana a casa i rep al Betis Esportiu este diumenge, a les 20.00 hores, en el Mini Estadi de la Ciutat Esportiva Jos\u00e9 Manuel Llaneza. Durant tota la temporada, els abonats del Villarreal CF podran accedir gratu\u00eftament als partits de lliga del filial groc. Cal tindre en compte que en el Mini Estadi no hi ha una localitat assignada per abonament excepte aquells aficionats que hagen adquirit el carnet exclusiu que dona dret a una localitat fixa. L\u2019\u00fanic acc\u00e9s habilitat perqu\u00e8 els seguidors accedisquen a la Ciutat Esportiva ser\u00e0 per la porta m\u00e9s pr\u00f2xima al CEM Pau Francisco Torres. Per al partit davant el filial b\u00e8tic, el Mini Estadi obrir\u00e0 les portes als seus aficionats a partir de les 18.30 hores.","headings":[{"type":"heading","level":2,"text":"Amb el retorn del filial al Mini Estadi, els aficionats hauran d\u2019accedir a la Ciutat Esportiva per la porta del CEM"}],"buttons":[],"images":[],"counts":{"blocks":5,"headings":1,"texts":4,"buttons":0,"images":0}},"sections":[{"id":"section-1","title":"Amb el retorn del filial al Mini Estadi, els aficionats hauran d\u2019accedir a la Ciutat Esportiva per la porta del CEM","text":"Amb el retorn del filial al Mini Estadi, els aficionats hauran d\u2019accedir a la Ciutat Esportiva per la porta del CEM El Villarreal B torna al Mini Estadi despr\u00e9s del descens a Primera Federaci\u00f3. El Mini Submar\u00ed s\u2019estrena esta setmana a casa i rep al Betis Esportiu este diumenge, a les 20.00 hores, en el Mini Estadi de la Ciutat Esportiva Jos\u00e9 Manuel Llaneza. Durant tota la temporada, els abonats del Villarreal CF podran accedir gratu\u00eftament als partits de lliga del filial groc. Cal tindre en compte que en el Mini Estadi no hi ha una localitat assignada per abonament excepte aquells aficionats que hagen adquirit el carnet exclusiu que dona dret a una localitat fixa. L\u2019\u00fanic acc\u00e9s habilitat perqu\u00e8 els seguidors accedisquen a la Ciutat Esportiva ser\u00e0 per la porta m\u00e9s pr\u00f2xima al CEM Pau Francisco Torres. Per al partit davant el filial b\u00e8tic, el Mini Estadi obrir\u00e0 les portes als seus aficionats a partir de les 18.30 hores.","headings":[{"type":"heading","level":2,"text":"Amb el retorn del filial al Mini Estadi, els aficionats hauran d\u2019accedir a la Ciutat Esportiva per la porta del CEM"}],"texts":[{"type":"paragraph","text":"El Villarreal B torna al Mini Estadi despr\u00e9s del descens a Primera Federaci\u00f3. El Mini Submar\u00ed s\u2019estrena esta setmana a casa i rep al Betis Esportiu este diumenge, a les 20.00 hores, en el Mini Estadi de la Ciutat Esportiva Jos\u00e9 Manuel Llaneza."},{"type":"paragraph","text":"Durant tota la temporada, els abonats del Villarreal CF podran accedir gratu\u00eftament als partits de lliga del filial groc. Cal tindre en compte que en el Mini Estadi no hi ha una localitat assignada per abonament excepte aquells aficionats que hagen adquirit el carnet exclusiu que dona dret a una localitat fixa."},{"type":"paragraph","text":"L\u2019\u00fanic acc\u00e9s habilitat perqu\u00e8 els seguidors accedisquen a la Ciutat Esportiva ser\u00e0 per la porta m\u00e9s pr\u00f2xima al CEM Pau Francisco Torres."},{"type":"paragraph","text":"Per al partit davant el filial b\u00e8tic, el Mini Estadi obrir\u00e0 les portes als seus aficionats a partir de les 18.30 hores."}],"buttons":[],"images":[],"widgets":[],"blocks":[{"type":"heading","level":2,"text":"Amb el retorn del filial al Mini Estadi, els aficionats hauran d\u2019accedir a la Ciutat Esportiva per la porta del CEM"},{"type":"paragraph","text":"El Villarreal B torna al Mini Estadi despr\u00e9s del descens a Primera Federaci\u00f3. El Mini Submar\u00ed s\u2019estrena esta setmana a casa i rep al Betis Esportiu este diumenge, a les 20.00 hores, en el Mini Estadi de la Ciutat Esportiva Jos\u00e9 Manuel Llaneza."},{"type":"paragraph","text":"Durant tota la temporada, els abonats del Villarreal CF podran accedir gratu\u00eftament als partits de lliga del filial groc. Cal tindre en compte que en el Mini Estadi no hi ha una localitat assignada per abonament excepte aquells aficionats que hagen adquirit el carnet exclusiu que dona dret a una localitat fixa."},{"type":"paragraph","text":"L\u2019\u00fanic acc\u00e9s habilitat perqu\u00e8 els seguidors accedisquen a la Ciutat Esportiva ser\u00e0 per la porta m\u00e9s pr\u00f2xima al CEM Pau Francisco Torres."},{"type":"paragraph","text":"Per al partit davant el filial b\u00e8tic, el Mini Estadi obrir\u00e0 les portes als seus aficionats a partir de les 18.30 hores."}]}],"hero":{"id":"section-1","title":"Amb el retorn del filial al Mini Estadi, els aficionats hauran d\u2019accedir a la Ciutat Esportiva per la porta del CEM","text":"Amb el retorn del filial al Mini Estadi, els aficionats hauran d\u2019accedir a la Ciutat Esportiva per la porta del CEM El Villarreal B torna al Mini Estadi despr\u00e9s del descens a Primera Federaci\u00f3. El Mini Submar\u00ed s\u2019estrena esta setmana a casa i rep al Betis Esportiu este diumenge, a les 20.00 hores, en el Mini Estadi de la Ciutat Esportiva Jos\u00e9 Manuel Llaneza. Durant tota la temporada, els abonats del Villarreal CF podran accedir gratu\u00eftament als partits de lliga del filial groc. Cal tindre en compte que en el Mini Estadi no hi ha una localitat assignada per abonament excepte aquells aficionats que hagen adquirit el carnet exclusiu que dona dret a una localitat fixa. L\u2019\u00fanic acc\u00e9s habilitat perqu\u00e8 els seguidors accedisquen a la Ciutat Esportiva ser\u00e0 per la porta m\u00e9s pr\u00f2xima al CEM Pau Francisco Torres. Per al partit davant el filial b\u00e8tic, el Mini Estadi obrir\u00e0 les portes als seus aficionats a partir de les 18.30 hores.","headings":[{"type":"heading","level":2,"text":"Amb el retorn del filial al Mini Estadi, els aficionats hauran d\u2019accedir a la Ciutat Esportiva per la porta del CEM"}],"texts":[{"type":"paragraph","text":"El Villarreal B torna al Mini Estadi despr\u00e9s del descens a Primera Federaci\u00f3. El Mini Submar\u00ed s\u2019estrena esta setmana a casa i rep al Betis Esportiu este diumenge, a les 20.00 hores, en el Mini Estadi de la Ciutat Esportiva Jos\u00e9 Manuel Llaneza."},{"type":"paragraph","text":"Durant tota la temporada, els abonats del Villarreal CF podran accedir gratu\u00eftament als partits de lliga del filial groc. Cal tindre en compte que en el Mini Estadi no hi ha una localitat assignada per abonament excepte aquells aficionats que hagen adquirit el carnet exclusiu que dona dret a una localitat fixa."},{"type":"paragraph","text":"L\u2019\u00fanic acc\u00e9s habilitat perqu\u00e8 els seguidors accedisquen a la Ciutat Esportiva ser\u00e0 per la porta m\u00e9s pr\u00f2xima al CEM Pau Francisco Torres."},{"type":"paragraph","text":"Per al partit davant el filial b\u00e8tic, el Mini Estadi obrir\u00e0 les portes als seus aficionats a partir de les 18.30 hores."}],"buttons":[],"images":[],"widgets":[],"blocks":[{"type":"heading","level":2,"text":"Amb el retorn del filial al Mini Estadi, els aficionats hauran d\u2019accedir a la Ciutat Esportiva per la porta del CEM"},{"type":"paragraph","text":"El Villarreal B torna al Mini Estadi despr\u00e9s del descens a Primera Federaci\u00f3. El Mini Submar\u00ed s\u2019estrena esta setmana a casa i rep al Betis Esportiu este diumenge, a les 20.00 hores, en el Mini Estadi de la Ciutat Esportiva Jos\u00e9 Manuel Llaneza."},{"type":"paragraph","text":"Durant tota la temporada, els abonats del Villarreal CF podran accedir gratu\u00eftament als partits de lliga del filial groc. Cal tindre en compte que en el Mini Estadi no hi ha una localitat assignada per abonament excepte aquells aficionats que hagen adquirit el carnet exclusiu que dona dret a una localitat fixa."},{"type":"paragraph","text":"L\u2019\u00fanic acc\u00e9s habilitat perqu\u00e8 els seguidors accedisquen a la Ciutat Esportiva ser\u00e0 per la porta m\u00e9s pr\u00f2xima al CEM Pau Francisco Torres."},{"type":"paragraph","text":"Per al partit davant el filial b\u00e8tic, el Mini Estadi obrir\u00e0 les portes als seus aficionats a partir de les 18.30 hores."}]}},"sections":[{"id":"section-1","title":"Amb el retorn del filial al Mini Estadi, els aficionats hauran d\u2019accedir a la Ciutat Esportiva per la porta del CEM","text":"Amb el retorn del filial al Mini Estadi, els aficionats hauran d\u2019accedir a la Ciutat Esportiva per la porta del CEM El Villarreal B torna al Mini Estadi despr\u00e9s del descens a Primera Federaci\u00f3. El Mini Submar\u00ed s\u2019estrena esta setmana a casa i rep al Betis Esportiu este diumenge, a les 20.00 hores, en el Mini Estadi de la Ciutat Esportiva Jos\u00e9 Manuel Llaneza. Durant tota la temporada, els abonats del Villarreal CF podran accedir gratu\u00eftament als partits de lliga del filial groc. Cal tindre en compte que en el Mini Estadi no hi ha una localitat assignada per abonament excepte aquells aficionats que hagen adquirit el carnet exclusiu que dona dret a una localitat fixa. L\u2019\u00fanic acc\u00e9s habilitat perqu\u00e8 els seguidors accedisquen a la Ciutat Esportiva ser\u00e0 per la porta m\u00e9s pr\u00f2xima al CEM Pau Francisco Torres. Per al partit davant el filial b\u00e8tic, el Mini Estadi obrir\u00e0 les portes als seus aficionats a partir de les 18.30 hores.","url":"","background_image":"","images":[],"videos":[],"links":[]}]},"excerpt":{"rendered":"Amb el retorn del filial al Mini Estadi, els aficionats hauran d&#8217;accedir a la Ciutat Esportiva per la porta del CEM","protected":false},"author":25,"featured_media":319557,"comment_status":"closed","ping_status":"closed","sticky":false,"template":"","format":"standard","meta":{"_acf_changed":false,"footnotes":""},"categories":[13803],"tags":[9366,10325,13555,9227,9428,716,9205,10634,13557],"acf":null,"lang":"val","translations":{"es":319552,"val":319563,"en":319632},"essential_grid":{"has_grid":false},"formatted_date":"August 28, 2024","modified_date":"August 29, 2024","permalink":"https:\/\/villarrealcf.es\/val\/informacio-dacces-per-als-partits-del-villarreal-b\/","reading_time":1,"featured_media_data":{"id":319557,"title":"villarrealb_acceso","caption":"","alt_text":"","description":"","mime_type":"image\/jpeg","source_url":"https:\/\/villarrealcf.es\/wp-content\/uploads\/2024\/08\/villarrealb_acceso.jpg","sizes":{"thumbnail":{"url":"https:\/\/villarrealcf.es\/wp-content\/uploads\/2024\/08\/villarrealb_acceso.jpg","width":1920,"height":1080},"medium":{"url":"https:\/\/villarrealcf.es\/wp-content\/uploads\/2024\/08\/villarrealb_acceso.jpg","width":1920,"height":1080},"medium_large":{"url":"https:\/\/villarrealcf.es\/wp-content\/uploads\/2024\/08\/villarrealb_acceso-768x432.jpg","width":768,"height":432},"large":{"url":"https:\/\/villarrealcf.es\/wp-content\/uploads\/2024\/08\/villarrealb_acceso.jpg","width":788,"height":443},"1536x1536":{"url":"https:\/\/villarrealcf.es\/wp-content\/uploads\/2024\/08\/villarrealb_acceso-1536x864.jpg","width":1536,"height":864},"2048x2048":{"url":"https:\/\/villarrealcf.es\/wp-content\/uploads\/2024\/08\/villarrealb_acceso.jpg","width":1920,"height":1080},"tp-image-grid":{"url":"https:\/\/villarrealcf.es\/wp-content\/uploads\/2024\/08\/villarrealb_acceso-700x700.jpg","width":700,"height":700},"size-bunyad-medium":{"url":"https:\/\/villarrealcf.es\/wp-content\/uploads\/2024\/08\/villarrealb_acceso.jpg","width":1920,"height":1080},"sportspress-crop-medium":{"url":"https:\/\/villarrealcf.es\/wp-content\/uploads\/2024\/08\/villarrealb_acceso-300x300.jpg","width":300,"height":300},"sportspress-fit-medium":{"url":"https:\/\/villarrealcf.es\/wp-content\/uploads\/2024\/08\/villarrealb_acceso-300x169.jpg","width":300,"height":169},"sportspress-fit-icon":{"url":"https:\/\/villarrealcf.es\/wp-content\/uploads\/2024\/08\/villarrealb_acceso-128x72.jpg","width":128,"height":72},"sportspress-fit-mini":{"url":"https:\/\/villarrealcf.es\/wp-content\/uploads\/2024\/08\/villarrealb_acceso-32x18.jpg","width":32,"height":18},"bunyad-small":{"url":"https:\/\/villarrealcf.es\/wp-content\/uploads\/2024\/08\/villarrealb_acceso-150x84.jpg","width":150,"height":84},"bunyad-medium":{"url":"https:\/\/villarrealcf.es\/wp-content\/uploads\/2024\/08\/villarrealb_acceso-450x253.jpg","width":450,"height":253},"bunyad-full":{"url":"https:\/\/villarrealcf.es\/wp-content\/uploads\/2024\/08\/villarrealb_acceso-1200x675.jpg","width":1200,"height":675},"bunyad-viewport":{"url":"https:\/\/villarrealcf.es\/wp-content\/uploads\/2024\/08\/villarrealb_acceso.jpg","width":1920,"height":1080},"bunyad-768":{"url":"https:\/\/villarrealcf.es\/wp-content\/uploads\/2024\/08\/villarrealb_acceso-768x432.jpg","width":768,"height":432},"full":{"url":"https:\/\/villarrealcf.es\/wp-content\/uploads\/2024\/08\/villarrealb_acceso.jpg","width":1920,"height":1080}}},"author_data":{"id":"25","name":"Javier Ayuso","first_name":"Javier","last_name":"Ayuso","description":"","avatar_url":"https:\/\/secure.gravatar.com\/avatar\/fcf8894be45988fcce5bbff0efe1790d2a7f4ba57e2c7c898f5068154e696495?s=96&d=mm&r=g","acf":null},"taxonomies_data":{"category":[{"id":13803,"name":"Futbol base","slug":"futbol-base-val-2","acf":null}],"post_tag":[{"id":9366,"name":"Cantera","slug":"cantera-val","acf":null},{"id":10325,"name":"Cantera Grogueta","slug":"cantera-grogueta-val","acf":null},{"id":13555,"name":"Futbol","slug":"futbol-val-2","acf":null},{"id":9227,"name":"F\u00fatbol Base","slug":"futbol-base-val","acf":null},{"id":9428,"name":"Mini Estadi","slug":"mini-estadi-val","acf":null},{"id":716,"name":"Soccer","slug":"soccer-d105","acf":null},{"id":9205,"name":"Submarino","slug":"submarino-val","acf":null},{"id":10634,"name":"Villarreal B","slug":"villarreal-b-val","acf":null},{"id":13557,"name":"Villarreal CF","slug":"villarreal-cf-val-2","acf":null}],"translation_priority":[{"id":735,"name":"Optional","slug":"optional-val","acf":null}]},"seo_full":{"native":{"title":"Informaci\u00f3 d&#8217;acc\u00e9s per als partits del Villarreal B - Web Oficial del Villarreal CF","description":"Amb el retorn del filial al Mini Estadi, els aficionats hauran d'accedir a la Ciutat Esportiva per la porta del CEM","canonical":"https:\/\/villarrealcf.es\/val\/informacio-dacces-per-als-partits-del-villarreal-b\/"}},"_links":{"self":[{"href":"https:\/\/villarrealcf.es\/val\/wp-json\/wp\/v2\/posts\/319563","targetHints":{"allow":["GET"]}}],"collection":[{"href":"https:\/\/villarrealcf.es\/val\/wp-json\/wp\/v2\/posts"}],"about":[{"href":"https:\/\/villarrealcf.es\/val\/wp-json\/wp\/v2\/types\/post"}],"author":[{"embeddable":true,"href":"https:\/\/villarrealcf.es\/val\/wp-json\/wp\/v2\/users\/25"}],"replies":[{"embeddable":true,"href":"https:\/\/villarrealcf.es\/val\/wp-json\/wp\/v2\/comments?post=319563"}],"version-history":[{"count":0,"href":"https:\/\/villarrealcf.es\/val\/wp-json\/wp\/v2\/posts\/319563\/revisions"}],"wp:featuredmedia":[{"embeddable":true,"href":"https:\/\/villarrealcf.es\/val\/wp-json\/wp\/v2\/media\/319557"}],"wp:attachment":[{"href":"https:\/\/villarrealcf.es\/val\/wp-json\/wp\/v2\/media?parent=319563"}],"wp:term":[{"taxonomy":"category","embeddable":true,"href":"https:\/\/villarrealcf.es\/val\/wp-json\/wp\/v2\/categories?post=319563"},{"taxonomy":"post_tag","embeddable":true,"href":"https:\/\/villarrealcf.es\/val\/wp-json\/wp\/v2\/tags?post=319563"}],"curies":[{"name":"wp","href":"https:\/\/api.w.org\/{rel}","templated":true}]}}