{"id":318284,"date":"2024-08-20T13:16:40","date_gmt":"2024-08-20T11:16:40","guid":{"rendered":"https:\/\/villarrealcf.es\/el-villarreal-femenino-ya-conoce-su-calendario-para-la-2024-25\/"},"modified":"2024-08-20T13:43:48","modified_gmt":"2024-08-20T11:43:48","slug":"el-villarreal-femeni-ja-coneix-el-seu-calendari-per-a-la-2024-25","status":"publish","type":"post","link":"https:\/\/villarrealcf.es\/val\/el-villarreal-femeni-ja-coneix-el-seu-calendari-per-a-la-2024-25\/","title":{"rendered":"El Villarreal Femen\u00ed ja coneix el seu calendari per a la 2024\/25"},"content":{"protected":false,"blocks":[{"type":"heading","level":2,"text":"Las groguetes debutaran com a locals davant el FC Barcelona B el cap de setmana del 9 de setembre"},{"type":"paragraph","text":"El Villarreal Femen\u00ed ja coneix el calendari de Primera Federaci\u00f3 per a la pr\u00f2xima temporada 2024\/25. El conjunt dirigit per Virginia Garc\u00eda debutar\u00e0 davant el FC Barcelona a la Ciutat Esportiva Jos\u00e9 Manuel Llaneza el cap de setmana del 9 de setembre."},{"type":"paragraph","text":"Les groguetes tancaran el campionat el cap de setmana del 27 d\u2019abril en terres castellanomanxegues davant el CD Alba Fundaci\u00f3n Femenino."},{"type":"paragraph","text":"Desc\u00e0rrega el calendari complet de Primera Federaci\u00f3:"},{"type":"link","url":"https:\/\/villarrealcf.es\/wp-content\/uploads\/2024\/08\/calendario_primera_federacion_de_futbol_femenino.pdf","text":"Calendario_Primera_Federacion_Futfem","target":""},{"type":"link","url":"https:\/\/villarrealcf.es\/wp-content\/uploads\/2024\/08\/calendario_primera_federacion_de_futbol_femenino.pdf","text":"Descarga","target":""}],"structured":{"summary":{"text":"Las groguetes debutaran com a locals davant el FC Barcelona B el cap de setmana del 9 de setembre El Villarreal Femen\u00ed ja coneix el calendari de Primera Federaci\u00f3 per a la pr\u00f2xima temporada 2024\/25. El conjunt dirigit per Virginia Garc\u00eda debutar\u00e0 davant el FC Barcelona a la Ciutat Esportiva Jos\u00e9 Manuel Llaneza el cap de setmana del 9 de setembre. Les groguetes tancaran el campionat el cap de setmana del 27 d\u2019abril en terres castellanomanxegues davant el CD Alba Fundaci\u00f3n Femenino. Desc\u00e0rrega el calendari complet de Primera Federaci\u00f3: Calendario_Primera_Federacion_FutfemDescarga","headings":[{"type":"heading","level":2,"text":"Las groguetes debutaran com a locals davant el FC Barcelona B el cap de setmana del 9 de setembre"}],"buttons":[],"images":[],"counts":{"blocks":6,"headings":1,"texts":3,"buttons":0,"images":0}},"sections":[{"id":"section-1","title":"Las groguetes debutaran com a locals davant el FC Barcelona B el cap de setmana del 9 de setembre","text":"Las groguetes debutaran com a locals davant el FC Barcelona B el cap de setmana del 9 de setembre El Villarreal Femen\u00ed ja coneix el calendari de Primera Federaci\u00f3 per a la pr\u00f2xima temporada 2024\/25. El conjunt dirigit per Virginia Garc\u00eda debutar\u00e0 davant el FC Barcelona a la Ciutat Esportiva Jos\u00e9 Manuel Llaneza el cap de setmana del 9 de setembre. Les groguetes tancaran el campionat el cap de setmana del 27 d\u2019abril en terres castellanomanxegues davant el CD Alba Fundaci\u00f3n Femenino. Desc\u00e0rrega el calendari complet de Primera Federaci\u00f3:","headings":[{"type":"heading","level":2,"text":"Las groguetes debutaran com a locals davant el FC Barcelona B el cap de setmana del 9 de setembre"}],"texts":[{"type":"paragraph","text":"El Villarreal Femen\u00ed ja coneix el calendari de Primera Federaci\u00f3 per a la pr\u00f2xima temporada 2024\/25. El conjunt dirigit per Virginia Garc\u00eda debutar\u00e0 davant el FC Barcelona a la Ciutat Esportiva Jos\u00e9 Manuel Llaneza el cap de setmana del 9 de setembre."},{"type":"paragraph","text":"Les groguetes tancaran el campionat el cap de setmana del 27 d\u2019abril en terres castellanomanxegues davant el CD Alba Fundaci\u00f3n Femenino."},{"type":"paragraph","text":"Desc\u00e0rrega el calendari complet de Primera Federaci\u00f3:"}],"buttons":[],"images":[],"widgets":[],"blocks":[{"type":"heading","level":2,"text":"Las groguetes debutaran com a locals davant el FC Barcelona B el cap de setmana del 9 de setembre"},{"type":"paragraph","text":"El Villarreal Femen\u00ed ja coneix el calendari de Primera Federaci\u00f3 per a la pr\u00f2xima temporada 2024\/25. El conjunt dirigit per Virginia Garc\u00eda debutar\u00e0 davant el FC Barcelona a la Ciutat Esportiva Jos\u00e9 Manuel Llaneza el cap de setmana del 9 de setembre."},{"type":"paragraph","text":"Les groguetes tancaran el campionat el cap de setmana del 27 d\u2019abril en terres castellanomanxegues davant el CD Alba Fundaci\u00f3n Femenino."},{"type":"paragraph","text":"Desc\u00e0rrega el calendari complet de Primera Federaci\u00f3:"},{"type":"link","url":"https:\/\/villarrealcf.es\/wp-content\/uploads\/2024\/08\/calendario_primera_federacion_de_futbol_femenino.pdf","text":"Calendario_Primera_Federacion_Futfem","target":""},{"type":"link","url":"https:\/\/villarrealcf.es\/wp-content\/uploads\/2024\/08\/calendario_primera_federacion_de_futbol_femenino.pdf","text":"Descarga","target":""}]}],"hero":{"id":"section-1","title":"Las groguetes debutaran com a locals davant el FC Barcelona B el cap de setmana del 9 de setembre","text":"Las groguetes debutaran com a locals davant el FC Barcelona B el cap de setmana del 9 de setembre El Villarreal Femen\u00ed ja coneix el calendari de Primera Federaci\u00f3 per a la pr\u00f2xima temporada 2024\/25. El conjunt dirigit per Virginia Garc\u00eda debutar\u00e0 davant el FC Barcelona a la Ciutat Esportiva Jos\u00e9 Manuel Llaneza el cap de setmana del 9 de setembre. Les groguetes tancaran el campionat el cap de setmana del 27 d\u2019abril en terres castellanomanxegues davant el CD Alba Fundaci\u00f3n Femenino. Desc\u00e0rrega el calendari complet de Primera Federaci\u00f3:","headings":[{"type":"heading","level":2,"text":"Las groguetes debutaran com a locals davant el FC Barcelona B el cap de setmana del 9 de setembre"}],"texts":[{"type":"paragraph","text":"El Villarreal Femen\u00ed ja coneix el calendari de Primera Federaci\u00f3 per a la pr\u00f2xima temporada 2024\/25. El conjunt dirigit per Virginia Garc\u00eda debutar\u00e0 davant el FC Barcelona a la Ciutat Esportiva Jos\u00e9 Manuel Llaneza el cap de setmana del 9 de setembre."},{"type":"paragraph","text":"Les groguetes tancaran el campionat el cap de setmana del 27 d\u2019abril en terres castellanomanxegues davant el CD Alba Fundaci\u00f3n Femenino."},{"type":"paragraph","text":"Desc\u00e0rrega el calendari complet de Primera Federaci\u00f3:"}],"buttons":[],"images":[],"widgets":[],"blocks":[{"type":"heading","level":2,"text":"Las groguetes debutaran com a locals davant el FC Barcelona B el cap de setmana del 9 de setembre"},{"type":"paragraph","text":"El Villarreal Femen\u00ed ja coneix el calendari de Primera Federaci\u00f3 per a la pr\u00f2xima temporada 2024\/25. El conjunt dirigit per Virginia Garc\u00eda debutar\u00e0 davant el FC Barcelona a la Ciutat Esportiva Jos\u00e9 Manuel Llaneza el cap de setmana del 9 de setembre."},{"type":"paragraph","text":"Les groguetes tancaran el campionat el cap de setmana del 27 d\u2019abril en terres castellanomanxegues davant el CD Alba Fundaci\u00f3n Femenino."},{"type":"paragraph","text":"Desc\u00e0rrega el calendari complet de Primera Federaci\u00f3:"},{"type":"link","url":"https:\/\/villarrealcf.es\/wp-content\/uploads\/2024\/08\/calendario_primera_federacion_de_futbol_femenino.pdf","text":"Calendario_Primera_Federacion_Futfem","target":""},{"type":"link","url":"https:\/\/villarrealcf.es\/wp-content\/uploads\/2024\/08\/calendario_primera_federacion_de_futbol_femenino.pdf","text":"Descarga","target":""}]}},"sections":[{"id":"section-1","title":"Las groguetes debutaran com a locals davant el FC Barcelona B el cap de setmana del 9 de setembre","text":"Las groguetes debutaran com a locals davant el FC Barcelona B el cap de setmana del 9 de setembre El Villarreal Femen\u00ed ja coneix el calendari de Primera Federaci\u00f3 per a la pr\u00f2xima temporada 2024\/25. El conjunt dirigit per Virginia Garc\u00eda debutar\u00e0 davant el FC Barcelona a la Ciutat Esportiva Jos\u00e9 Manuel Llaneza el cap de setmana del 9 de setembre. Les groguetes tancaran el campionat el cap de setmana del 27 d\u2019abril en terres castellanomanxegues davant el CD Alba Fundaci\u00f3n Femenino. Desc\u00e0rrega el calendari complet de Primera Federaci\u00f3:","url":"https:\/\/villarrealcf.es\/wp-content\/uploads\/2024\/08\/calendario_primera_federacion_de_futbol_femenino.pdf","background_image":"","images":[],"videos":[],"links":[{"type":"link","url":"https:\/\/villarrealcf.es\/wp-content\/uploads\/2024\/08\/calendario_primera_federacion_de_futbol_femenino.pdf","text":"Calendario_Primera_Federacion_Futfem","target":""},{"type":"link","url":"https:\/\/villarrealcf.es\/wp-content\/uploads\/2024\/08\/calendario_primera_federacion_de_futbol_femenino.pdf","text":"Descarga","target":""}]}]},"excerpt":{"rendered":"Las groguetes debutaran com a locals davant el FC Barcelona B el cap de setmana del 9 de setembre","protected":false},"author":29,"featured_media":318261,"comment_status":"closed","ping_status":"closed","sticky":false,"template":"","format":"standard","meta":{"_acf_changed":false,"footnotes":""},"categories":[13785],"tags":[717,13555,13841,8867,716,9205,13556,13557,12685],"acf":null,"lang":"val","translations":{"es":318253,"val":318284,"en":318298},"essential_grid":{"has_grid":false},"formatted_date":"August 20, 2024","modified_date":"August 20, 2024","permalink":"https:\/\/villarrealcf.es\/val\/el-villarreal-femeni-ja-coneix-el-seu-calendari-per-a-la-2024-25\/","reading_time":1,"featured_media_data":{"id":318261,"title":"20240811-Villarreal CF Femenino-CE Europa-031 web","caption":"","alt_text":"","description":"","mime_type":"image\/png","source_url":"https:\/\/villarrealcf.es\/wp-content\/uploads\/2024\/08\/20240811-Villarreal-CF-Femenino-CE-Europa-031-web.png","sizes":{"thumbnail":{"url":"https:\/\/villarrealcf.es\/wp-content\/uploads\/2024\/08\/20240811-Villarreal-CF-Femenino-CE-Europa-031-web.png","width":1920,"height":1080},"medium":{"url":"https:\/\/villarrealcf.es\/wp-content\/uploads\/2024\/08\/20240811-Villarreal-CF-Femenino-CE-Europa-031-web.png","width":1920,"height":1080},"medium_large":{"url":"https:\/\/villarrealcf.es\/wp-content\/uploads\/2024\/08\/20240811-Villarreal-CF-Femenino-CE-Europa-031-web-768x432.png","width":768,"height":432},"large":{"url":"https:\/\/villarrealcf.es\/wp-content\/uploads\/2024\/08\/20240811-Villarreal-CF-Femenino-CE-Europa-031-web.png","width":788,"height":443},"1536x1536":{"url":"https:\/\/villarrealcf.es\/wp-content\/uploads\/2024\/08\/20240811-Villarreal-CF-Femenino-CE-Europa-031-web-1536x864.png","width":1536,"height":864},"2048x2048":{"url":"https:\/\/villarrealcf.es\/wp-content\/uploads\/2024\/08\/20240811-Villarreal-CF-Femenino-CE-Europa-031-web.png","width":1920,"height":1080},"tp-image-grid":{"url":"https:\/\/villarrealcf.es\/wp-content\/uploads\/2024\/08\/20240811-Villarreal-CF-Femenino-CE-Europa-031-web-700x700.png","width":700,"height":700},"size-bunyad-medium":{"url":"https:\/\/villarrealcf.es\/wp-content\/uploads\/2024\/08\/20240811-Villarreal-CF-Femenino-CE-Europa-031-web.png","width":1920,"height":1080},"sportspress-crop-medium":{"url":"https:\/\/villarrealcf.es\/wp-content\/uploads\/2024\/08\/20240811-Villarreal-CF-Femenino-CE-Europa-031-web-300x300.png","width":300,"height":300},"sportspress-fit-medium":{"url":"https:\/\/villarrealcf.es\/wp-content\/uploads\/2024\/08\/20240811-Villarreal-CF-Femenino-CE-Europa-031-web-300x169.png","width":300,"height":169},"sportspress-fit-icon":{"url":"https:\/\/villarrealcf.es\/wp-content\/uploads\/2024\/08\/20240811-Villarreal-CF-Femenino-CE-Europa-031-web-128x72.png","width":128,"height":72},"sportspress-fit-mini":{"url":"https:\/\/villarrealcf.es\/wp-content\/uploads\/2024\/08\/20240811-Villarreal-CF-Femenino-CE-Europa-031-web-32x18.png","width":32,"height":18},"bunyad-small":{"url":"https:\/\/villarrealcf.es\/wp-content\/uploads\/2024\/08\/20240811-Villarreal-CF-Femenino-CE-Europa-031-web-150x84.png","width":150,"height":84},"bunyad-medium":{"url":"https:\/\/villarrealcf.es\/wp-content\/uploads\/2024\/08\/20240811-Villarreal-CF-Femenino-CE-Europa-031-web-450x253.png","width":450,"height":253},"bunyad-full":{"url":"https:\/\/villarrealcf.es\/wp-content\/uploads\/2024\/08\/20240811-Villarreal-CF-Femenino-CE-Europa-031-web-1200x675.png","width":1200,"height":675},"bunyad-viewport":{"url":"https:\/\/villarrealcf.es\/wp-content\/uploads\/2024\/08\/20240811-Villarreal-CF-Femenino-CE-Europa-031-web.png","width":1920,"height":1080},"bunyad-768":{"url":"https:\/\/villarrealcf.es\/wp-content\/uploads\/2024\/08\/20240811-Villarreal-CF-Femenino-CE-Europa-031-web-768x432.png","width":768,"height":432},"full":{"url":"https:\/\/villarrealcf.es\/wp-content\/uploads\/2024\/08\/20240811-Villarreal-CF-Femenino-CE-Europa-031-web.png","width":1920,"height":1080}}},"author_data":{"id":"29","name":"Azahara Beroy","first_name":"Azahara","last_name":"Beroy","description":"","avatar_url":"https:\/\/secure.gravatar.com\/avatar\/91b979a91a1925e60814719244bbf7824af58ced5a6e2130c2611bde24439aa7?s=96&d=mm&r=g","acf":null},"taxonomies_data":{"category":[{"id":13785,"name":"Futbol Femen\u00ed","slug":"futbol-femenino-val","acf":null}],"post_tag":[{"id":717,"name":"Football","slug":"football-d34","acf":null},{"id":13555,"name":"Futbol","slug":"futbol-val-2","acf":null},{"id":13841,"name":"futbol femenino","slug":"futbol-femenino-3-val","acf":null},{"id":8867,"name":"Primera RFEF","slug":"primera-rfef","acf":null},{"id":716,"name":"Soccer","slug":"soccer-d105","acf":null},{"id":9205,"name":"Submarino","slug":"submarino-val","acf":null},{"id":13556,"name":"Submarino Amarillo","slug":"submarino-amarillo-val-2","acf":null},{"id":13557,"name":"Villarreal CF","slug":"villarreal-cf-val-2","acf":null},{"id":12685,"name":"Villarreal Femenino","slug":"villarreal-femenino-val","acf":null}],"translation_priority":[{"id":735,"name":"Optional","slug":"optional-val","acf":null}]},"seo_full":{"native":{"title":"El Villarreal Femen\u00ed ja coneix el seu calendari per a la 2024\/25 - Web Oficial del Villarreal CF","description":"Las groguetes debutaran com a locals davant el FC Barcelona B el cap de setmana del 9 de setembre","canonical":"https:\/\/villarrealcf.es\/val\/el-villarreal-femeni-ja-coneix-el-seu-calendari-per-a-la-2024-25\/"}},"_links":{"self":[{"href":"https:\/\/villarrealcf.es\/val\/wp-json\/wp\/v2\/posts\/318284","targetHints":{"allow":["GET"]}}],"collection":[{"href":"https:\/\/villarrealcf.es\/val\/wp-json\/wp\/v2\/posts"}],"about":[{"href":"https:\/\/villarrealcf.es\/val\/wp-json\/wp\/v2\/types\/post"}],"author":[{"embeddable":true,"href":"https:\/\/villarrealcf.es\/val\/wp-json\/wp\/v2\/users\/29"}],"replies":[{"embeddable":true,"href":"https:\/\/villarrealcf.es\/val\/wp-json\/wp\/v2\/comments?post=318284"}],"version-history":[{"count":0,"href":"https:\/\/villarrealcf.es\/val\/wp-json\/wp\/v2\/posts\/318284\/revisions"}],"wp:featuredmedia":[{"embeddable":true,"href":"https:\/\/villarrealcf.es\/val\/wp-json\/wp\/v2\/media\/318261"}],"wp:attachment":[{"href":"https:\/\/villarrealcf.es\/val\/wp-json\/wp\/v2\/media?parent=318284"}],"wp:term":[{"taxonomy":"category","embeddable":true,"href":"https:\/\/villarrealcf.es\/val\/wp-json\/wp\/v2\/categories?post=318284"},{"taxonomy":"post_tag","embeddable":true,"href":"https:\/\/villarrealcf.es\/val\/wp-json\/wp\/v2\/tags?post=318284"}],"curies":[{"name":"wp","href":"https:\/\/api.w.org\/{rel}","templated":true}]}}