{"id":317523,"date":"2024-08-19T19:28:00","date_gmt":"2024-08-19T17:28:00","guid":{"rendered":"https:\/\/villarrealcf.es\/homenaje-a-los-deportistas-castellonenses-de-los-juegos-olimpicos\/"},"modified":"2024-08-19T22:29:44","modified_gmt":"2024-08-19T20:29:44","slug":"homenatge-als-esportistes-castellonencs-dels-jocs-olimpics","status":"publish","type":"post","link":"https:\/\/villarrealcf.es\/val\/homenatge-als-esportistes-castellonencs-dels-jocs-olimpics\/","title":{"rendered":"Homenatge als esportistes castellonencs dels Jocs Ol\u00edmpics"},"content":{"protected":false,"blocks":[{"type":"heading","level":2,"text":"El Villarreal honra als esportistes d\u2019Endavant Esports Pablo Herrera i Thierry Ndikumwenayo en el fuedo groc"},{"type":"paragraph","text":"El Villarreal CF ha homenatjat en l\u2019Estadi de la Cer\u00e0mica a dos esportistes castellonencs que han competit en els Jocs Ol\u00edmpics de Par\u00eds 2024, Pablo Herrera (voleibol de platja) i Thierry Ndikumwenayo (atletisme), tots dos pertanyents al projecte Endavant Esports, en el descans del primer partit de lliga enfront de l\u2019Atl\u00e8tic de Madrid."},{"type":"paragraph","text":"Tamb\u00e9 convidats, no van poder assistir per motius esportius Sebasti\u00e1n Mora, ciclista d\u2019Endavant Esports, i la tennista valldeuxense Sara Sorribes, que va guanyar una medalla de bronze en la cita ol\u00edmpica de Par\u00eds."}],"structured":{"summary":{"text":"El Villarreal honra als esportistes d\u2019Endavant Esports Pablo Herrera i Thierry Ndikumwenayo en el fuedo groc El Villarreal CF ha homenatjat en l\u2019Estadi de la Cer\u00e0mica a dos esportistes castellonencs que han competit en els Jocs Ol\u00edmpics de Par\u00eds 2024, Pablo Herrera (voleibol de platja) i Thierry Ndikumwenayo (atletisme), tots dos pertanyents al projecte Endavant Esports, en el descans del primer partit de lliga enfront de l\u2019Atl\u00e8tic de Madrid. Tamb\u00e9 convidats, no van poder assistir per motius esportius Sebasti\u00e1n Mora, ciclista d\u2019Endavant Esports, i la tennista valldeuxense Sara Sorribes, que va guanyar una medalla de bronze en la cita ol\u00edmpica de Par\u00eds.","headings":[{"type":"heading","level":2,"text":"El Villarreal honra als esportistes d\u2019Endavant Esports Pablo Herrera i Thierry Ndikumwenayo en el fuedo groc"}],"buttons":[],"images":[],"counts":{"blocks":3,"headings":1,"texts":2,"buttons":0,"images":0}},"sections":[{"id":"section-1","title":"El Villarreal honra als esportistes d\u2019Endavant Esports Pablo Herrera i Thierry Ndikumwenayo en el fuedo groc","text":"El Villarreal honra als esportistes d\u2019Endavant Esports Pablo Herrera i Thierry Ndikumwenayo en el fuedo groc El Villarreal CF ha homenatjat en l\u2019Estadi de la Cer\u00e0mica a dos esportistes castellonencs que han competit en els Jocs Ol\u00edmpics de Par\u00eds 2024, Pablo Herrera (voleibol de platja) i Thierry Ndikumwenayo (atletisme), tots dos pertanyents al projecte Endavant Esports, en el descans del primer partit de lliga enfront de l\u2019Atl\u00e8tic de Madrid. Tamb\u00e9 convidats, no van poder assistir per motius esportius Sebasti\u00e1n Mora, ciclista d\u2019Endavant Esports, i la tennista valldeuxense Sara Sorribes, que va guanyar una medalla de bronze en la cita ol\u00edmpica de Par\u00eds.","headings":[{"type":"heading","level":2,"text":"El Villarreal honra als esportistes d\u2019Endavant Esports Pablo Herrera i Thierry Ndikumwenayo en el fuedo groc"}],"texts":[{"type":"paragraph","text":"El Villarreal CF ha homenatjat en l\u2019Estadi de la Cer\u00e0mica a dos esportistes castellonencs que han competit en els Jocs Ol\u00edmpics de Par\u00eds 2024, Pablo Herrera (voleibol de platja) i Thierry Ndikumwenayo (atletisme), tots dos pertanyents al projecte Endavant Esports, en el descans del primer partit de lliga enfront de l\u2019Atl\u00e8tic de Madrid."},{"type":"paragraph","text":"Tamb\u00e9 convidats, no van poder assistir per motius esportius Sebasti\u00e1n Mora, ciclista d\u2019Endavant Esports, i la tennista valldeuxense Sara Sorribes, que va guanyar una medalla de bronze en la cita ol\u00edmpica de Par\u00eds."}],"buttons":[],"images":[],"widgets":[],"blocks":[{"type":"heading","level":2,"text":"El Villarreal honra als esportistes d\u2019Endavant Esports Pablo Herrera i Thierry Ndikumwenayo en el fuedo groc"},{"type":"paragraph","text":"El Villarreal CF ha homenatjat en l\u2019Estadi de la Cer\u00e0mica a dos esportistes castellonencs que han competit en els Jocs Ol\u00edmpics de Par\u00eds 2024, Pablo Herrera (voleibol de platja) i Thierry Ndikumwenayo (atletisme), tots dos pertanyents al projecte Endavant Esports, en el descans del primer partit de lliga enfront de l\u2019Atl\u00e8tic de Madrid."},{"type":"paragraph","text":"Tamb\u00e9 convidats, no van poder assistir per motius esportius Sebasti\u00e1n Mora, ciclista d\u2019Endavant Esports, i la tennista valldeuxense Sara Sorribes, que va guanyar una medalla de bronze en la cita ol\u00edmpica de Par\u00eds."}]}],"hero":{"id":"section-1","title":"El Villarreal honra als esportistes d\u2019Endavant Esports Pablo Herrera i Thierry Ndikumwenayo en el fuedo groc","text":"El Villarreal honra als esportistes d\u2019Endavant Esports Pablo Herrera i Thierry Ndikumwenayo en el fuedo groc El Villarreal CF ha homenatjat en l\u2019Estadi de la Cer\u00e0mica a dos esportistes castellonencs que han competit en els Jocs Ol\u00edmpics de Par\u00eds 2024, Pablo Herrera (voleibol de platja) i Thierry Ndikumwenayo (atletisme), tots dos pertanyents al projecte Endavant Esports, en el descans del primer partit de lliga enfront de l\u2019Atl\u00e8tic de Madrid. Tamb\u00e9 convidats, no van poder assistir per motius esportius Sebasti\u00e1n Mora, ciclista d\u2019Endavant Esports, i la tennista valldeuxense Sara Sorribes, que va guanyar una medalla de bronze en la cita ol\u00edmpica de Par\u00eds.","headings":[{"type":"heading","level":2,"text":"El Villarreal honra als esportistes d\u2019Endavant Esports Pablo Herrera i Thierry Ndikumwenayo en el fuedo groc"}],"texts":[{"type":"paragraph","text":"El Villarreal CF ha homenatjat en l\u2019Estadi de la Cer\u00e0mica a dos esportistes castellonencs que han competit en els Jocs Ol\u00edmpics de Par\u00eds 2024, Pablo Herrera (voleibol de platja) i Thierry Ndikumwenayo (atletisme), tots dos pertanyents al projecte Endavant Esports, en el descans del primer partit de lliga enfront de l\u2019Atl\u00e8tic de Madrid."},{"type":"paragraph","text":"Tamb\u00e9 convidats, no van poder assistir per motius esportius Sebasti\u00e1n Mora, ciclista d\u2019Endavant Esports, i la tennista valldeuxense Sara Sorribes, que va guanyar una medalla de bronze en la cita ol\u00edmpica de Par\u00eds."}],"buttons":[],"images":[],"widgets":[],"blocks":[{"type":"heading","level":2,"text":"El Villarreal honra als esportistes d\u2019Endavant Esports Pablo Herrera i Thierry Ndikumwenayo en el fuedo groc"},{"type":"paragraph","text":"El Villarreal CF ha homenatjat en l\u2019Estadi de la Cer\u00e0mica a dos esportistes castellonencs que han competit en els Jocs Ol\u00edmpics de Par\u00eds 2024, Pablo Herrera (voleibol de platja) i Thierry Ndikumwenayo (atletisme), tots dos pertanyents al projecte Endavant Esports, en el descans del primer partit de lliga enfront de l\u2019Atl\u00e8tic de Madrid."},{"type":"paragraph","text":"Tamb\u00e9 convidats, no van poder assistir per motius esportius Sebasti\u00e1n Mora, ciclista d\u2019Endavant Esports, i la tennista valldeuxense Sara Sorribes, que va guanyar una medalla de bronze en la cita ol\u00edmpica de Par\u00eds."}]}},"sections":[{"id":"section-1","title":"El Villarreal honra als esportistes d\u2019Endavant Esports Pablo Herrera i Thierry Ndikumwenayo en el fuedo groc","text":"El Villarreal honra als esportistes d\u2019Endavant Esports Pablo Herrera i Thierry Ndikumwenayo en el fuedo groc El Villarreal CF ha homenatjat en l\u2019Estadi de la Cer\u00e0mica a dos esportistes castellonencs que han competit en els Jocs Ol\u00edmpics de Par\u00eds 2024, Pablo Herrera (voleibol de platja) i Thierry Ndikumwenayo (atletisme), tots dos pertanyents al projecte Endavant Esports, en el descans del primer partit de lliga enfront de l\u2019Atl\u00e8tic de Madrid. Tamb\u00e9 convidats, no van poder assistir per motius esportius Sebasti\u00e1n Mora, ciclista d\u2019Endavant Esports, i la tennista valldeuxense Sara Sorribes, que va guanyar una medalla de bronze en la cita ol\u00edmpica de Par\u00eds.","url":"","background_image":"","images":[],"videos":[],"links":[]}]},"excerpt":{"rendered":"El Villarreal honra als esportistes d&#8217;Endavant Esports Pablo Herrera i Thierry Ndikumwenayo en el fuedo groc","protected":false},"author":1,"featured_media":317528,"comment_status":"closed","ping_status":"closed","sticky":false,"template":"","format":"standard","meta":{"_acf_changed":false,"footnotes":""},"categories":[13509,16370],"tags":[9242,9294,11429,717,9270,9673,9397,716,9205,9627,15875,9203],"acf":null,"lang":"val","translations":{"es":317497,"val":317523,"en":317602},"essential_grid":{"has_grid":false},"formatted_date":"August 19, 2024","modified_date":"August 19, 2024","permalink":"https:\/\/villarrealcf.es\/val\/homenatge-als-esportistes-castellonencs-dels-jocs-olimpics\/","reading_time":1,"featured_media_data":{"id":317528,"title":"OLIMPICOS_ENDAVANT","caption":"","alt_text":"","description":"","mime_type":"image\/jpeg","source_url":"https:\/\/villarrealcf.es\/wp-content\/uploads\/2024\/08\/OLIMPICOS_ENDAVANT.jpg","sizes":{"thumbnail":{"url":"https:\/\/villarrealcf.es\/wp-content\/uploads\/2024\/08\/OLIMPICOS_ENDAVANT.jpg","width":1920,"height":1080},"medium":{"url":"https:\/\/villarrealcf.es\/wp-content\/uploads\/2024\/08\/OLIMPICOS_ENDAVANT.jpg","width":1920,"height":1080},"medium_large":{"url":"https:\/\/villarrealcf.es\/wp-content\/uploads\/2024\/08\/OLIMPICOS_ENDAVANT-768x432.jpg","width":768,"height":432},"large":{"url":"https:\/\/villarrealcf.es\/wp-content\/uploads\/2024\/08\/OLIMPICOS_ENDAVANT.jpg","width":788,"height":443},"1536x1536":{"url":"https:\/\/villarrealcf.es\/wp-content\/uploads\/2024\/08\/OLIMPICOS_ENDAVANT-1536x864.jpg","width":1536,"height":864},"2048x2048":{"url":"https:\/\/villarrealcf.es\/wp-content\/uploads\/2024\/08\/OLIMPICOS_ENDAVANT.jpg","width":1920,"height":1080},"tp-image-grid":{"url":"https:\/\/villarrealcf.es\/wp-content\/uploads\/2024\/08\/OLIMPICOS_ENDAVANT-700x700.jpg","width":700,"height":700},"size-bunyad-medium":{"url":"https:\/\/villarrealcf.es\/wp-content\/uploads\/2024\/08\/OLIMPICOS_ENDAVANT.jpg","width":1920,"height":1080},"sportspress-crop-medium":{"url":"https:\/\/villarrealcf.es\/wp-content\/uploads\/2024\/08\/OLIMPICOS_ENDAVANT-300x300.jpg","width":300,"height":300},"sportspress-fit-medium":{"url":"https:\/\/villarrealcf.es\/wp-content\/uploads\/2024\/08\/OLIMPICOS_ENDAVANT-300x169.jpg","width":300,"height":169},"sportspress-fit-icon":{"url":"https:\/\/villarrealcf.es\/wp-content\/uploads\/2024\/08\/OLIMPICOS_ENDAVANT-128x72.jpg","width":128,"height":72},"sportspress-fit-mini":{"url":"https:\/\/villarrealcf.es\/wp-content\/uploads\/2024\/08\/OLIMPICOS_ENDAVANT-32x18.jpg","width":32,"height":18},"bunyad-small":{"url":"https:\/\/villarrealcf.es\/wp-content\/uploads\/2024\/08\/OLIMPICOS_ENDAVANT-150x84.jpg","width":150,"height":84},"bunyad-medium":{"url":"https:\/\/villarrealcf.es\/wp-content\/uploads\/2024\/08\/OLIMPICOS_ENDAVANT-450x253.jpg","width":450,"height":253},"bunyad-full":{"url":"https:\/\/villarrealcf.es\/wp-content\/uploads\/2024\/08\/OLIMPICOS_ENDAVANT-1200x675.jpg","width":1200,"height":675},"bunyad-viewport":{"url":"https:\/\/villarrealcf.es\/wp-content\/uploads\/2024\/08\/OLIMPICOS_ENDAVANT.jpg","width":1920,"height":1080},"bunyad-768":{"url":"https:\/\/villarrealcf.es\/wp-content\/uploads\/2024\/08\/OLIMPICOS_ENDAVANT-768x432.jpg","width":768,"height":432},"full":{"url":"https:\/\/villarrealcf.es\/wp-content\/uploads\/2024\/08\/OLIMPICOS_ENDAVANT.jpg","width":1920,"height":1080}}},"author_data":{"id":"1","name":"root_envidea","first_name":"Villarreal CF","last_name":"","description":"","avatar_url":"https:\/\/secure.gravatar.com\/avatar\/48f95f42a3ccc324f3a3458e4b9e6fb070b083e99d388e170c1afb061fa99b63?s=96&d=mm&r=g","acf":null},"taxonomies_data":{"category":[{"id":13509,"name":"Endavant","slug":"endavant-val","acf":null},{"id":16370,"name":"Estadio de la Cer\u00e1mica","slug":"estadio-de-la-ceramica-val","acf":null}],"post_tag":[{"id":9242,"name":"Endavant","slug":"endavant-val-2","acf":null},{"id":9294,"name":"Endavant Esports","slug":"endavant-esports-val-2","acf":null},{"id":11429,"name":"Estadio de la Cer\u00e1mica","slug":"estadio-de-la-ceramica-val","acf":null},{"id":717,"name":"Football","slug":"football-d34","acf":null},{"id":9270,"name":"Futbol","slug":"futbol-val","acf":null},{"id":9673,"name":"Homenaje","slug":"homenaje-val","acf":null},{"id":9397,"name":"Pablo Herrera","slug":"pablo-herrera-val","acf":null},{"id":716,"name":"Soccer","slug":"soccer-d105","acf":null},{"id":9205,"name":"Submarino","slug":"submarino-val","acf":null},{"id":9627,"name":"Submarino Amarillo","slug":"submarino-amarillo-val","acf":null},{"id":15875,"name":"Thierry Ndikumwenayo","slug":"thierry-ndikumwenayo-val","acf":null},{"id":9203,"name":"Villarreal CF","slug":"villarreal-cf-val","acf":null}],"translation_priority":[{"id":735,"name":"Optional","slug":"optional-val","acf":null}]},"seo_full":{"native":{"title":"Homenatge als esportistes castellonencs dels Jocs Ol\u00edmpics - Web Oficial del Villarreal CF","description":"El Villarreal honra als esportistes d'Endavant Esports Pablo Herrera i Thierry Ndikumwenayo en el fuedo groc","canonical":"https:\/\/villarrealcf.es\/val\/homenatge-als-esportistes-castellonencs-dels-jocs-olimpics\/"}},"_links":{"self":[{"href":"https:\/\/villarrealcf.es\/val\/wp-json\/wp\/v2\/posts\/317523","targetHints":{"allow":["GET"]}}],"collection":[{"href":"https:\/\/villarrealcf.es\/val\/wp-json\/wp\/v2\/posts"}],"about":[{"href":"https:\/\/villarrealcf.es\/val\/wp-json\/wp\/v2\/types\/post"}],"author":[{"embeddable":true,"href":"https:\/\/villarrealcf.es\/val\/wp-json\/wp\/v2\/users\/1"}],"replies":[{"embeddable":true,"href":"https:\/\/villarrealcf.es\/val\/wp-json\/wp\/v2\/comments?post=317523"}],"version-history":[{"count":0,"href":"https:\/\/villarrealcf.es\/val\/wp-json\/wp\/v2\/posts\/317523\/revisions"}],"wp:featuredmedia":[{"embeddable":true,"href":"https:\/\/villarrealcf.es\/val\/wp-json\/wp\/v2\/media\/317528"}],"wp:attachment":[{"href":"https:\/\/villarrealcf.es\/val\/wp-json\/wp\/v2\/media?parent=317523"}],"wp:term":[{"taxonomy":"category","embeddable":true,"href":"https:\/\/villarrealcf.es\/val\/wp-json\/wp\/v2\/categories?post=317523"},{"taxonomy":"post_tag","embeddable":true,"href":"https:\/\/villarrealcf.es\/val\/wp-json\/wp\/v2\/tags?post=317523"}],"curies":[{"name":"wp","href":"https:\/\/api.w.org\/{rel}","templated":true}]}}