{"id":317019,"date":"2024-08-13T19:43:15","date_gmt":"2024-08-13T17:43:15","guid":{"rendered":"https:\/\/villarrealcf.es\/ayoze-supera-la-revision-medica\/"},"modified":"2024-08-13T19:48:59","modified_gmt":"2024-08-13T17:48:59","slug":"ayoze-supera-la-revision-medica","status":"publish","type":"post","link":"https:\/\/villarrealcf.es\/val\/ayoze-supera-la-revision-medica\/","title":{"rendered":"Ayoze supera la revisi\u00f3 m\u00e9dica"},"content":{"protected":false,"blocks":[{"type":"heading","level":2,"text":"L\u2019atacant de Tenerife ha passat l\u2019examen m\u00e8dic baix la supervisi\u00f3 de ASISA"},{"type":"paragraph","text":"La recent incorporaci\u00f3 del Villarreal CF, Ayoze P\u00e9rez, ha superat les pertinents proves m\u00e8diques baix la supervisi\u00f3 de ASISA, prove\u00efdor m\u00e8dic oficial del club."},{"type":"paragraph","text":"Comprom\u00eds amb la salut i l\u2019esport"},{"type":"paragraph","text":"ASISA mant\u00e9 com una de les seues senyes d\u2019identitat m\u00e9s recognoscibles un comprom\u00eds s\u00f2lid amb el mecenatge i el patrocini de multitud d\u2019activitats socials, culturals i esportives. Per aix\u00f2, l\u2019asseguradora mant\u00e9 un fort vincle amb el foment de l\u2019educaci\u00f3 i els h\u00e0bits de vida saludables. Aquest comprom\u00eds es materialitza a trav\u00e9s del suport i el patrocini a diferents organitzacions i clubs esportius, amb l\u2019objectiu de la promoci\u00f3 de l\u2019esport des de la base i el suport a joves esportistes."},{"type":"image","url":"https:\/\/villarrealcf.es\/wp-content\/uploads\/2024\/07\/image.png","alt":"","width":760,"height":84,"srcset":"https:\/\/villarrealcf.es\/wp-content\/uploads\/2024\/07\/image.png 760w, https:\/\/villarrealcf.es\/wp-content\/uploads\/2024\/07\/image.png 1920w, https:\/\/villarrealcf.es\/wp-content\/uploads\/2024\/07\/image.png 1920w, https:\/\/villarrealcf.es\/wp-content\/uploads\/2024\/07\/image-32x4.png 32w, https:\/\/villarrealcf.es\/wp-content\/uploads\/2024\/07\/image-150x17.png 150w, https:\/\/villarrealcf.es\/wp-content\/uploads\/2024\/07\/image.png 1920w, https:\/\/villarrealcf.es\/wp-content\/uploads\/2024\/07\/image.png 1920w","sizes":"auto, (max-width: 760px) 100vw, 760px"}],"structured":{"summary":{"text":"L\u2019atacant de Tenerife ha passat l\u2019examen m\u00e8dic baix la supervisi\u00f3 de ASISA La recent incorporaci\u00f3 del Villarreal CF, Ayoze P\u00e9rez, ha superat les pertinents proves m\u00e8diques baix la supervisi\u00f3 de ASISA, prove\u00efdor m\u00e8dic oficial del club. Comprom\u00eds amb la salut i l\u2019esport ASISA mant\u00e9 com una de les seues senyes d\u2019identitat m\u00e9s recognoscibles un comprom\u00eds s\u00f2lid amb el mecenatge i el patrocini de multitud d\u2019activitats socials, culturals i esportives. Per aix\u00f2, l\u2019asseguradora mant\u00e9 un fort vincle amb el foment de l\u2019educaci\u00f3 i els h\u00e0bits de vida saludables. Aquest comprom\u00eds es materialitza a trav\u00e9s del suport i el patrocini a diferents organitzacions i clubs esportius, amb l\u2019objectiu de la promoci\u00f3 de l\u2019esport des de la base i el suport a joves esportistes.","headings":[{"type":"heading","level":2,"text":"L\u2019atacant de Tenerife ha passat l\u2019examen m\u00e8dic baix la supervisi\u00f3 de ASISA"}],"buttons":[],"images":[{"type":"image","url":"https:\/\/villarrealcf.es\/wp-content\/uploads\/2024\/07\/image.png","alt":"","width":760,"height":84,"srcset":"https:\/\/villarrealcf.es\/wp-content\/uploads\/2024\/07\/image.png 760w, https:\/\/villarrealcf.es\/wp-content\/uploads\/2024\/07\/image.png 1920w, https:\/\/villarrealcf.es\/wp-content\/uploads\/2024\/07\/image.png 1920w, https:\/\/villarrealcf.es\/wp-content\/uploads\/2024\/07\/image-32x4.png 32w, https:\/\/villarrealcf.es\/wp-content\/uploads\/2024\/07\/image-150x17.png 150w, https:\/\/villarrealcf.es\/wp-content\/uploads\/2024\/07\/image.png 1920w, https:\/\/villarrealcf.es\/wp-content\/uploads\/2024\/07\/image.png 1920w","sizes":"auto, (max-width: 760px) 100vw, 760px"}],"counts":{"blocks":5,"headings":1,"texts":3,"buttons":0,"images":1}},"sections":[{"id":"section-1","title":"L\u2019atacant de Tenerife ha passat l\u2019examen m\u00e8dic baix la supervisi\u00f3 de ASISA","text":"L\u2019atacant de Tenerife ha passat l\u2019examen m\u00e8dic baix la supervisi\u00f3 de ASISA La recent incorporaci\u00f3 del Villarreal CF, Ayoze P\u00e9rez, ha superat les pertinents proves m\u00e8diques baix la supervisi\u00f3 de ASISA, prove\u00efdor m\u00e8dic oficial del club. Comprom\u00eds amb la salut i l\u2019esport ASISA mant\u00e9 com una de les seues senyes d\u2019identitat m\u00e9s recognoscibles un comprom\u00eds s\u00f2lid amb el mecenatge i el patrocini de multitud d\u2019activitats socials, culturals i esportives. Per aix\u00f2, l\u2019asseguradora mant\u00e9 un fort vincle amb el foment de l\u2019educaci\u00f3 i els h\u00e0bits de vida saludables. Aquest comprom\u00eds es materialitza a trav\u00e9s del suport i el patrocini a diferents organitzacions i clubs esportius, amb l\u2019objectiu de la promoci\u00f3 de l\u2019esport des de la base i el suport a joves esportistes.","headings":[{"type":"heading","level":2,"text":"L\u2019atacant de Tenerife ha passat l\u2019examen m\u00e8dic baix la supervisi\u00f3 de ASISA"}],"texts":[{"type":"paragraph","text":"La recent incorporaci\u00f3 del Villarreal CF, Ayoze P\u00e9rez, ha superat les pertinents proves m\u00e8diques baix la supervisi\u00f3 de ASISA, prove\u00efdor m\u00e8dic oficial del club."},{"type":"paragraph","text":"Comprom\u00eds amb la salut i l\u2019esport"},{"type":"paragraph","text":"ASISA mant\u00e9 com una de les seues senyes d\u2019identitat m\u00e9s recognoscibles un comprom\u00eds s\u00f2lid amb el mecenatge i el patrocini de multitud d\u2019activitats socials, culturals i esportives. Per aix\u00f2, l\u2019asseguradora mant\u00e9 un fort vincle amb el foment de l\u2019educaci\u00f3 i els h\u00e0bits de vida saludables. Aquest comprom\u00eds es materialitza a trav\u00e9s del suport i el patrocini a diferents organitzacions i clubs esportius, amb l\u2019objectiu de la promoci\u00f3 de l\u2019esport des de la base i el suport a joves esportistes."}],"buttons":[],"images":[{"type":"image","url":"https:\/\/villarrealcf.es\/wp-content\/uploads\/2024\/07\/image.png","alt":"","width":760,"height":84,"srcset":"https:\/\/villarrealcf.es\/wp-content\/uploads\/2024\/07\/image.png 760w, https:\/\/villarrealcf.es\/wp-content\/uploads\/2024\/07\/image.png 1920w, https:\/\/villarrealcf.es\/wp-content\/uploads\/2024\/07\/image.png 1920w, https:\/\/villarrealcf.es\/wp-content\/uploads\/2024\/07\/image-32x4.png 32w, https:\/\/villarrealcf.es\/wp-content\/uploads\/2024\/07\/image-150x17.png 150w, https:\/\/villarrealcf.es\/wp-content\/uploads\/2024\/07\/image.png 1920w, https:\/\/villarrealcf.es\/wp-content\/uploads\/2024\/07\/image.png 1920w","sizes":"auto, (max-width: 760px) 100vw, 760px"}],"widgets":[],"blocks":[{"type":"heading","level":2,"text":"L\u2019atacant de Tenerife ha passat l\u2019examen m\u00e8dic baix la supervisi\u00f3 de ASISA"},{"type":"paragraph","text":"La recent incorporaci\u00f3 del Villarreal CF, Ayoze P\u00e9rez, ha superat les pertinents proves m\u00e8diques baix la supervisi\u00f3 de ASISA, prove\u00efdor m\u00e8dic oficial del club."},{"type":"paragraph","text":"Comprom\u00eds amb la salut i l\u2019esport"},{"type":"paragraph","text":"ASISA mant\u00e9 com una de les seues senyes d\u2019identitat m\u00e9s recognoscibles un comprom\u00eds s\u00f2lid amb el mecenatge i el patrocini de multitud d\u2019activitats socials, culturals i esportives. Per aix\u00f2, l\u2019asseguradora mant\u00e9 un fort vincle amb el foment de l\u2019educaci\u00f3 i els h\u00e0bits de vida saludables. Aquest comprom\u00eds es materialitza a trav\u00e9s del suport i el patrocini a diferents organitzacions i clubs esportius, amb l\u2019objectiu de la promoci\u00f3 de l\u2019esport des de la base i el suport a joves esportistes."},{"type":"image","url":"https:\/\/villarrealcf.es\/wp-content\/uploads\/2024\/07\/image.png","alt":"","width":760,"height":84,"srcset":"https:\/\/villarrealcf.es\/wp-content\/uploads\/2024\/07\/image.png 760w, https:\/\/villarrealcf.es\/wp-content\/uploads\/2024\/07\/image.png 1920w, https:\/\/villarrealcf.es\/wp-content\/uploads\/2024\/07\/image.png 1920w, https:\/\/villarrealcf.es\/wp-content\/uploads\/2024\/07\/image-32x4.png 32w, https:\/\/villarrealcf.es\/wp-content\/uploads\/2024\/07\/image-150x17.png 150w, https:\/\/villarrealcf.es\/wp-content\/uploads\/2024\/07\/image.png 1920w, https:\/\/villarrealcf.es\/wp-content\/uploads\/2024\/07\/image.png 1920w","sizes":"auto, (max-width: 760px) 100vw, 760px"}]}],"hero":{"id":"section-1","title":"L\u2019atacant de Tenerife ha passat l\u2019examen m\u00e8dic baix la supervisi\u00f3 de ASISA","text":"L\u2019atacant de Tenerife ha passat l\u2019examen m\u00e8dic baix la supervisi\u00f3 de ASISA La recent incorporaci\u00f3 del Villarreal CF, Ayoze P\u00e9rez, ha superat les pertinents proves m\u00e8diques baix la supervisi\u00f3 de ASISA, prove\u00efdor m\u00e8dic oficial del club. Comprom\u00eds amb la salut i l\u2019esport ASISA mant\u00e9 com una de les seues senyes d\u2019identitat m\u00e9s recognoscibles un comprom\u00eds s\u00f2lid amb el mecenatge i el patrocini de multitud d\u2019activitats socials, culturals i esportives. Per aix\u00f2, l\u2019asseguradora mant\u00e9 un fort vincle amb el foment de l\u2019educaci\u00f3 i els h\u00e0bits de vida saludables. Aquest comprom\u00eds es materialitza a trav\u00e9s del suport i el patrocini a diferents organitzacions i clubs esportius, amb l\u2019objectiu de la promoci\u00f3 de l\u2019esport des de la base i el suport a joves esportistes.","headings":[{"type":"heading","level":2,"text":"L\u2019atacant de Tenerife ha passat l\u2019examen m\u00e8dic baix la supervisi\u00f3 de ASISA"}],"texts":[{"type":"paragraph","text":"La recent incorporaci\u00f3 del Villarreal CF, Ayoze P\u00e9rez, ha superat les pertinents proves m\u00e8diques baix la supervisi\u00f3 de ASISA, prove\u00efdor m\u00e8dic oficial del club."},{"type":"paragraph","text":"Comprom\u00eds amb la salut i l\u2019esport"},{"type":"paragraph","text":"ASISA mant\u00e9 com una de les seues senyes d\u2019identitat m\u00e9s recognoscibles un comprom\u00eds s\u00f2lid amb el mecenatge i el patrocini de multitud d\u2019activitats socials, culturals i esportives. Per aix\u00f2, l\u2019asseguradora mant\u00e9 un fort vincle amb el foment de l\u2019educaci\u00f3 i els h\u00e0bits de vida saludables. Aquest comprom\u00eds es materialitza a trav\u00e9s del suport i el patrocini a diferents organitzacions i clubs esportius, amb l\u2019objectiu de la promoci\u00f3 de l\u2019esport des de la base i el suport a joves esportistes."}],"buttons":[],"images":[{"type":"image","url":"https:\/\/villarrealcf.es\/wp-content\/uploads\/2024\/07\/image.png","alt":"","width":760,"height":84,"srcset":"https:\/\/villarrealcf.es\/wp-content\/uploads\/2024\/07\/image.png 760w, https:\/\/villarrealcf.es\/wp-content\/uploads\/2024\/07\/image.png 1920w, https:\/\/villarrealcf.es\/wp-content\/uploads\/2024\/07\/image.png 1920w, https:\/\/villarrealcf.es\/wp-content\/uploads\/2024\/07\/image-32x4.png 32w, https:\/\/villarrealcf.es\/wp-content\/uploads\/2024\/07\/image-150x17.png 150w, https:\/\/villarrealcf.es\/wp-content\/uploads\/2024\/07\/image.png 1920w, https:\/\/villarrealcf.es\/wp-content\/uploads\/2024\/07\/image.png 1920w","sizes":"auto, (max-width: 760px) 100vw, 760px"}],"widgets":[],"blocks":[{"type":"heading","level":2,"text":"L\u2019atacant de Tenerife ha passat l\u2019examen m\u00e8dic baix la supervisi\u00f3 de ASISA"},{"type":"paragraph","text":"La recent incorporaci\u00f3 del Villarreal CF, Ayoze P\u00e9rez, ha superat les pertinents proves m\u00e8diques baix la supervisi\u00f3 de ASISA, prove\u00efdor m\u00e8dic oficial del club."},{"type":"paragraph","text":"Comprom\u00eds amb la salut i l\u2019esport"},{"type":"paragraph","text":"ASISA mant\u00e9 com una de les seues senyes d\u2019identitat m\u00e9s recognoscibles un comprom\u00eds s\u00f2lid amb el mecenatge i el patrocini de multitud d\u2019activitats socials, culturals i esportives. Per aix\u00f2, l\u2019asseguradora mant\u00e9 un fort vincle amb el foment de l\u2019educaci\u00f3 i els h\u00e0bits de vida saludables. Aquest comprom\u00eds es materialitza a trav\u00e9s del suport i el patrocini a diferents organitzacions i clubs esportius, amb l\u2019objectiu de la promoci\u00f3 de l\u2019esport des de la base i el suport a joves esportistes."},{"type":"image","url":"https:\/\/villarrealcf.es\/wp-content\/uploads\/2024\/07\/image.png","alt":"","width":760,"height":84,"srcset":"https:\/\/villarrealcf.es\/wp-content\/uploads\/2024\/07\/image.png 760w, https:\/\/villarrealcf.es\/wp-content\/uploads\/2024\/07\/image.png 1920w, https:\/\/villarrealcf.es\/wp-content\/uploads\/2024\/07\/image.png 1920w, https:\/\/villarrealcf.es\/wp-content\/uploads\/2024\/07\/image-32x4.png 32w, https:\/\/villarrealcf.es\/wp-content\/uploads\/2024\/07\/image-150x17.png 150w, https:\/\/villarrealcf.es\/wp-content\/uploads\/2024\/07\/image.png 1920w, https:\/\/villarrealcf.es\/wp-content\/uploads\/2024\/07\/image.png 1920w","sizes":"auto, (max-width: 760px) 100vw, 760px"}]}},"sections":[{"id":"section-1","title":"L\u2019atacant de Tenerife ha passat l\u2019examen m\u00e8dic baix la supervisi\u00f3 de ASISA","text":"L\u2019atacant de Tenerife ha passat l\u2019examen m\u00e8dic baix la supervisi\u00f3 de ASISA La recent incorporaci\u00f3 del Villarreal CF, Ayoze P\u00e9rez, ha superat les pertinents proves m\u00e8diques baix la supervisi\u00f3 de ASISA, prove\u00efdor m\u00e8dic oficial del club. Comprom\u00eds amb la salut i l\u2019esport ASISA mant\u00e9 com una de les seues senyes d\u2019identitat m\u00e9s recognoscibles un comprom\u00eds s\u00f2lid amb el mecenatge i el patrocini de multitud d\u2019activitats socials, culturals i esportives. Per aix\u00f2, l\u2019asseguradora mant\u00e9 un fort vincle amb el foment de l\u2019educaci\u00f3 i els h\u00e0bits de vida saludables. Aquest comprom\u00eds es materialitza a trav\u00e9s del suport i el patrocini a diferents organitzacions i clubs esportius, amb l\u2019objectiu de la promoci\u00f3 de l\u2019esport des de la base i el suport a joves esportistes.","url":"","background_image":"","images":[{"type":"image","url":"https:\/\/villarrealcf.es\/wp-content\/uploads\/2024\/07\/image.png","alt":"","width":760,"height":84,"srcset":"https:\/\/villarrealcf.es\/wp-content\/uploads\/2024\/07\/image.png 760w, https:\/\/villarrealcf.es\/wp-content\/uploads\/2024\/07\/image.png 1920w, https:\/\/villarrealcf.es\/wp-content\/uploads\/2024\/07\/image.png 1920w, https:\/\/villarrealcf.es\/wp-content\/uploads\/2024\/07\/image-32x4.png 32w, https:\/\/villarrealcf.es\/wp-content\/uploads\/2024\/07\/image-150x17.png 150w, https:\/\/villarrealcf.es\/wp-content\/uploads\/2024\/07\/image.png 1920w, https:\/\/villarrealcf.es\/wp-content\/uploads\/2024\/07\/image.png 1920w","sizes":"auto, (max-width: 760px) 100vw, 760px"}],"videos":[],"links":[]}]},"excerpt":{"rendered":"L&#8217;atacant de Tenerife ha passat l&#8217;examen m\u00e8dic baix la supervisi\u00f3 de ASISA","protected":false},"author":23,"featured_media":317014,"comment_status":"closed","ping_status":"closed","sticky":false,"template":"","format":"standard","meta":{"_acf_changed":false,"footnotes":""},"categories":[13952],"tags":[10899,15908,717,9270,9278,716,9205,9627,9203],"acf":null,"lang":"val","translations":{"es":317006,"val":317019,"en":317023},"essential_grid":{"has_grid":false},"formatted_date":"August 13, 2024","modified_date":"August 13, 2024","permalink":"https:\/\/villarrealcf.es\/val\/ayoze-supera-la-revision-medica\/","reading_time":1,"featured_media_data":{"id":317014,"title":"20240813-LlegadaAyozePerez-027","caption":"","alt_text":"","description":"","mime_type":"image\/jpeg","source_url":"https:\/\/villarrealcf.es\/wp-content\/uploads\/2024\/08\/20240813-LlegadaAyozePerez-027-scaled.jpg","sizes":{"thumbnail":{"url":"https:\/\/villarrealcf.es\/wp-content\/uploads\/2024\/08\/20240813-LlegadaAyozePerez-027-1920x1080.jpg","width":1920,"height":1080},"medium":{"url":"https:\/\/villarrealcf.es\/wp-content\/uploads\/2024\/08\/20240813-LlegadaAyozePerez-027-1920x1080.jpg","width":1920,"height":1080},"medium_large":{"url":"https:\/\/villarrealcf.es\/wp-content\/uploads\/2024\/08\/20240813-LlegadaAyozePerez-027-768x432.jpg","width":768,"height":432},"large":{"url":"https:\/\/villarrealcf.es\/wp-content\/uploads\/2024\/08\/20240813-LlegadaAyozePerez-027-1920x1080.jpg","width":788,"height":443},"1536x1536":{"url":"https:\/\/villarrealcf.es\/wp-content\/uploads\/2024\/08\/20240813-LlegadaAyozePerez-027-1536x864.jpg","width":1536,"height":864},"2048x2048":{"url":"https:\/\/villarrealcf.es\/wp-content\/uploads\/2024\/08\/20240813-LlegadaAyozePerez-027-2048x1152.jpg","width":2048,"height":1152},"tp-image-grid":{"url":"https:\/\/villarrealcf.es\/wp-content\/uploads\/2024\/08\/20240813-LlegadaAyozePerez-027-700x700.jpg","width":700,"height":700},"size-bunyad-medium":{"url":"https:\/\/villarrealcf.es\/wp-content\/uploads\/2024\/08\/20240813-LlegadaAyozePerez-027-1920x1080.jpg","width":1920,"height":1080},"sportspress-crop-medium":{"url":"https:\/\/villarrealcf.es\/wp-content\/uploads\/2024\/08\/20240813-LlegadaAyozePerez-027-300x300.jpg","width":300,"height":300},"sportspress-fit-medium":{"url":"https:\/\/villarrealcf.es\/wp-content\/uploads\/2024\/08\/20240813-LlegadaAyozePerez-027-300x169.jpg","width":300,"height":169},"sportspress-fit-icon":{"url":"https:\/\/villarrealcf.es\/wp-content\/uploads\/2024\/08\/20240813-LlegadaAyozePerez-027-128x72.jpg","width":128,"height":72},"sportspress-fit-mini":{"url":"https:\/\/villarrealcf.es\/wp-content\/uploads\/2024\/08\/20240813-LlegadaAyozePerez-027-32x18.jpg","width":32,"height":18},"bunyad-small":{"url":"https:\/\/villarrealcf.es\/wp-content\/uploads\/2024\/08\/20240813-LlegadaAyozePerez-027-150x84.jpg","width":150,"height":84},"bunyad-medium":{"url":"https:\/\/villarrealcf.es\/wp-content\/uploads\/2024\/08\/20240813-LlegadaAyozePerez-027-450x253.jpg","width":450,"height":253},"bunyad-full":{"url":"https:\/\/villarrealcf.es\/wp-content\/uploads\/2024\/08\/20240813-LlegadaAyozePerez-027-1200x675.jpg","width":1200,"height":675},"bunyad-viewport":{"url":"https:\/\/villarrealcf.es\/wp-content\/uploads\/2024\/08\/20240813-LlegadaAyozePerez-027-2048x1152.jpg","width":2048,"height":1152},"bunyad-768":{"url":"https:\/\/villarrealcf.es\/wp-content\/uploads\/2024\/08\/20240813-LlegadaAyozePerez-027-768x432.jpg","width":768,"height":432},"full":{"url":"https:\/\/villarrealcf.es\/wp-content\/uploads\/2024\/08\/20240813-LlegadaAyozePerez-027-scaled.jpg","width":2560,"height":1440}}},"author_data":{"id":"23","name":"Fran Segovia","first_name":"Fran","last_name":"Segovia","description":"","avatar_url":"https:\/\/secure.gravatar.com\/avatar\/9ec849b3b9cb451091f0a96d7943b1c6be26a8d6fd3b94d5b5bfd496b2536c42?s=96&d=mm&r=g","acf":null},"taxonomies_data":{"category":[{"id":13952,"name":"Comunicat m\u00e8dic","slug":"parte-medico-val","acf":null}],"post_tag":[{"id":10899,"name":"Asisa","slug":"asisa-val","acf":null},{"id":15908,"name":"Ayoze P\u00e9rez","slug":"ayoze-perez-val","acf":null},{"id":717,"name":"Football","slug":"football-d34","acf":null},{"id":9270,"name":"Futbol","slug":"futbol-val","acf":null},{"id":9278,"name":"primera division","slug":"primera-division-val","acf":null},{"id":716,"name":"Soccer","slug":"soccer-d105","acf":null},{"id":9205,"name":"Submarino","slug":"submarino-val","acf":null},{"id":9627,"name":"Submarino Amarillo","slug":"submarino-amarillo-val","acf":null},{"id":9203,"name":"Villarreal CF","slug":"villarreal-cf-val","acf":null}],"translation_priority":[{"id":735,"name":"Optional","slug":"optional-val","acf":null}]},"seo_full":{"native":{"title":"Ayoze supera la revisi\u00f3 m\u00e9dica - Web Oficial del Villarreal CF","description":"L'atacant de Tenerife ha passat l'examen m\u00e8dic baix la supervisi\u00f3 de ASISA","canonical":"https:\/\/villarrealcf.es\/val\/ayoze-supera-la-revision-medica\/"}},"_links":{"self":[{"href":"https:\/\/villarrealcf.es\/val\/wp-json\/wp\/v2\/posts\/317019","targetHints":{"allow":["GET"]}}],"collection":[{"href":"https:\/\/villarrealcf.es\/val\/wp-json\/wp\/v2\/posts"}],"about":[{"href":"https:\/\/villarrealcf.es\/val\/wp-json\/wp\/v2\/types\/post"}],"author":[{"embeddable":true,"href":"https:\/\/villarrealcf.es\/val\/wp-json\/wp\/v2\/users\/23"}],"replies":[{"embeddable":true,"href":"https:\/\/villarrealcf.es\/val\/wp-json\/wp\/v2\/comments?post=317019"}],"version-history":[{"count":0,"href":"https:\/\/villarrealcf.es\/val\/wp-json\/wp\/v2\/posts\/317019\/revisions"}],"wp:featuredmedia":[{"embeddable":true,"href":"https:\/\/villarrealcf.es\/val\/wp-json\/wp\/v2\/media\/317014"}],"wp:attachment":[{"href":"https:\/\/villarrealcf.es\/val\/wp-json\/wp\/v2\/media?parent=317019"}],"wp:term":[{"taxonomy":"category","embeddable":true,"href":"https:\/\/villarrealcf.es\/val\/wp-json\/wp\/v2\/categories?post=317019"},{"taxonomy":"post_tag","embeddable":true,"href":"https:\/\/villarrealcf.es\/val\/wp-json\/wp\/v2\/tags?post=317019"}],"curies":[{"name":"wp","href":"https:\/\/api.w.org\/{rel}","templated":true}]}}