{"id":316656,"date":"2024-08-11T14:04:27","date_gmt":"2024-08-11T12:04:27","guid":{"rendered":"https:\/\/villarrealcf.es\/comunicado-oficial-haissem-hassan\/"},"modified":"2024-08-11T14:11:04","modified_gmt":"2024-08-11T12:11:04","slug":"comunicado-oficial-haissem-hassan","status":"publish","type":"post","link":"https:\/\/villarrealcf.es\/val\/comunicado-oficial-haissem-hassan\/","title":{"rendered":"Comunicat oficial: Haissem Hassan"},"content":{"protected":false,"blocks":[{"type":"heading","level":2,"text":"El Villarreal CF i el Real Oviedo han acordat el trasp\u00e0s de l\u2019extrem gal"},{"type":"paragraph","text":"El Villarreal CF i el Real Oviedo han arribat a un acord de trasp\u00e0s per Haissem Hassan, per la qual cosa el futbolista gal jugar\u00e0 en el conjunt carbay\u00f3n a partir de la present temporada 2024\/25."},{"type":"paragraph","text":"El club li agraeix la seua professionalitat i lliurament durant la seua etapa com groguet i li desitja la major de les sorts en el seu futur."}],"structured":{"summary":{"text":"El Villarreal CF i el Real Oviedo han acordat el trasp\u00e0s de l\u2019extrem gal El Villarreal CF i el Real Oviedo han arribat a un acord de trasp\u00e0s per Haissem Hassan, per la qual cosa el futbolista gal jugar\u00e0 en el conjunt carbay\u00f3n a partir de la present temporada 2024\/25. El club li agraeix la seua professionalitat i lliurament durant la seua etapa com groguet i li desitja la major de les sorts en el seu futur.","headings":[{"type":"heading","level":2,"text":"El Villarreal CF i el Real Oviedo han acordat el trasp\u00e0s de l\u2019extrem gal"}],"buttons":[],"images":[],"counts":{"blocks":3,"headings":1,"texts":2,"buttons":0,"images":0}},"sections":[{"id":"section-1","title":"El Villarreal CF i el Real Oviedo han acordat el trasp\u00e0s de l\u2019extrem gal","text":"El Villarreal CF i el Real Oviedo han acordat el trasp\u00e0s de l\u2019extrem gal El Villarreal CF i el Real Oviedo han arribat a un acord de trasp\u00e0s per Haissem Hassan, per la qual cosa el futbolista gal jugar\u00e0 en el conjunt carbay\u00f3n a partir de la present temporada 2024\/25. El club li agraeix la seua professionalitat i lliurament durant la seua etapa com groguet i li desitja la major de les sorts en el seu futur.","headings":[{"type":"heading","level":2,"text":"El Villarreal CF i el Real Oviedo han acordat el trasp\u00e0s de l\u2019extrem gal"}],"texts":[{"type":"paragraph","text":"El Villarreal CF i el Real Oviedo han arribat a un acord de trasp\u00e0s per Haissem Hassan, per la qual cosa el futbolista gal jugar\u00e0 en el conjunt carbay\u00f3n a partir de la present temporada 2024\/25."},{"type":"paragraph","text":"El club li agraeix la seua professionalitat i lliurament durant la seua etapa com groguet i li desitja la major de les sorts en el seu futur."}],"buttons":[],"images":[],"widgets":[],"blocks":[{"type":"heading","level":2,"text":"El Villarreal CF i el Real Oviedo han acordat el trasp\u00e0s de l\u2019extrem gal"},{"type":"paragraph","text":"El Villarreal CF i el Real Oviedo han arribat a un acord de trasp\u00e0s per Haissem Hassan, per la qual cosa el futbolista gal jugar\u00e0 en el conjunt carbay\u00f3n a partir de la present temporada 2024\/25."},{"type":"paragraph","text":"El club li agraeix la seua professionalitat i lliurament durant la seua etapa com groguet i li desitja la major de les sorts en el seu futur."}]}],"hero":{"id":"section-1","title":"El Villarreal CF i el Real Oviedo han acordat el trasp\u00e0s de l\u2019extrem gal","text":"El Villarreal CF i el Real Oviedo han acordat el trasp\u00e0s de l\u2019extrem gal El Villarreal CF i el Real Oviedo han arribat a un acord de trasp\u00e0s per Haissem Hassan, per la qual cosa el futbolista gal jugar\u00e0 en el conjunt carbay\u00f3n a partir de la present temporada 2024\/25. El club li agraeix la seua professionalitat i lliurament durant la seua etapa com groguet i li desitja la major de les sorts en el seu futur.","headings":[{"type":"heading","level":2,"text":"El Villarreal CF i el Real Oviedo han acordat el trasp\u00e0s de l\u2019extrem gal"}],"texts":[{"type":"paragraph","text":"El Villarreal CF i el Real Oviedo han arribat a un acord de trasp\u00e0s per Haissem Hassan, per la qual cosa el futbolista gal jugar\u00e0 en el conjunt carbay\u00f3n a partir de la present temporada 2024\/25."},{"type":"paragraph","text":"El club li agraeix la seua professionalitat i lliurament durant la seua etapa com groguet i li desitja la major de les sorts en el seu futur."}],"buttons":[],"images":[],"widgets":[],"blocks":[{"type":"heading","level":2,"text":"El Villarreal CF i el Real Oviedo han acordat el trasp\u00e0s de l\u2019extrem gal"},{"type":"paragraph","text":"El Villarreal CF i el Real Oviedo han arribat a un acord de trasp\u00e0s per Haissem Hassan, per la qual cosa el futbolista gal jugar\u00e0 en el conjunt carbay\u00f3n a partir de la present temporada 2024\/25."},{"type":"paragraph","text":"El club li agraeix la seua professionalitat i lliurament durant la seua etapa com groguet i li desitja la major de les sorts en el seu futur."}]}},"sections":[{"id":"section-1","title":"El Villarreal CF i el Real Oviedo han acordat el trasp\u00e0s de l\u2019extrem gal","text":"El Villarreal CF i el Real Oviedo han acordat el trasp\u00e0s de l\u2019extrem gal El Villarreal CF i el Real Oviedo han arribat a un acord de trasp\u00e0s per Haissem Hassan, per la qual cosa el futbolista gal jugar\u00e0 en el conjunt carbay\u00f3n a partir de la present temporada 2024\/25. El club li agraeix la seua professionalitat i lliurament durant la seua etapa com groguet i li desitja la major de les sorts en el seu futur.","url":"","background_image":"","images":[],"videos":[],"links":[]}]},"excerpt":{"rendered":"El Villarreal CF i el Real Oviedo han acordat el trasp\u00e0s de l&#8217;extrem gal","protected":false},"author":23,"featured_media":316655,"comment_status":"closed","ping_status":"closed","sticky":false,"template":"","format":"standard","meta":{"_acf_changed":false,"footnotes":""},"categories":[13493],"tags":[717,9270,14625,9278,13975,716,9205,9627,9787,9203],"acf":null,"lang":"val","translations":{"es":316651,"val":316656,"en":316659},"essential_grid":{"has_grid":false},"formatted_date":"August 11, 2024","modified_date":"August 11, 2024","permalink":"https:\/\/villarrealcf.es\/val\/comunicado-oficial-haissem-hassan\/","reading_time":1,"featured_media_data":{"id":316655,"title":"FCSion-VillarrealCF-081","caption":"","alt_text":"","description":"","mime_type":"image\/jpeg","source_url":"https:\/\/villarrealcf.es\/wp-content\/uploads\/2024\/08\/FCSion-VillarrealCF-081-scaled.jpg","sizes":{"thumbnail":{"url":"https:\/\/villarrealcf.es\/wp-content\/uploads\/2024\/08\/FCSion-VillarrealCF-081-1920x1080.jpg","width":1920,"height":1080},"medium":{"url":"https:\/\/villarrealcf.es\/wp-content\/uploads\/2024\/08\/FCSion-VillarrealCF-081-1920x1080.jpg","width":1920,"height":1080},"medium_large":{"url":"https:\/\/villarrealcf.es\/wp-content\/uploads\/2024\/08\/FCSion-VillarrealCF-081-768x432.jpg","width":768,"height":432},"large":{"url":"https:\/\/villarrealcf.es\/wp-content\/uploads\/2024\/08\/FCSion-VillarrealCF-081-1920x1080.jpg","width":788,"height":443},"1536x1536":{"url":"https:\/\/villarrealcf.es\/wp-content\/uploads\/2024\/08\/FCSion-VillarrealCF-081-1536x864.jpg","width":1536,"height":864},"2048x2048":{"url":"https:\/\/villarrealcf.es\/wp-content\/uploads\/2024\/08\/FCSion-VillarrealCF-081-2048x1152.jpg","width":2048,"height":1152},"tp-image-grid":{"url":"https:\/\/villarrealcf.es\/wp-content\/uploads\/2024\/08\/FCSion-VillarrealCF-081-700x700.jpg","width":700,"height":700},"size-bunyad-medium":{"url":"https:\/\/villarrealcf.es\/wp-content\/uploads\/2024\/08\/FCSion-VillarrealCF-081-1920x1080.jpg","width":1920,"height":1080},"sportspress-crop-medium":{"url":"https:\/\/villarrealcf.es\/wp-content\/uploads\/2024\/08\/FCSion-VillarrealCF-081-300x300.jpg","width":300,"height":300},"sportspress-fit-medium":{"url":"https:\/\/villarrealcf.es\/wp-content\/uploads\/2024\/08\/FCSion-VillarrealCF-081-300x169.jpg","width":300,"height":169},"sportspress-fit-icon":{"url":"https:\/\/villarrealcf.es\/wp-content\/uploads\/2024\/08\/FCSion-VillarrealCF-081-128x72.jpg","width":128,"height":72},"sportspress-fit-mini":{"url":"https:\/\/villarrealcf.es\/wp-content\/uploads\/2024\/08\/FCSion-VillarrealCF-081-32x18.jpg","width":32,"height":18},"bunyad-small":{"url":"https:\/\/villarrealcf.es\/wp-content\/uploads\/2024\/08\/FCSion-VillarrealCF-081-150x84.jpg","width":150,"height":84},"bunyad-medium":{"url":"https:\/\/villarrealcf.es\/wp-content\/uploads\/2024\/08\/FCSion-VillarrealCF-081-450x253.jpg","width":450,"height":253},"bunyad-full":{"url":"https:\/\/villarrealcf.es\/wp-content\/uploads\/2024\/08\/FCSion-VillarrealCF-081-1200x675.jpg","width":1200,"height":675},"bunyad-viewport":{"url":"https:\/\/villarrealcf.es\/wp-content\/uploads\/2024\/08\/FCSion-VillarrealCF-081-2048x1152.jpg","width":2048,"height":1152},"bunyad-768":{"url":"https:\/\/villarrealcf.es\/wp-content\/uploads\/2024\/08\/FCSion-VillarrealCF-081-768x432.jpg","width":768,"height":432},"full":{"url":"https:\/\/villarrealcf.es\/wp-content\/uploads\/2024\/08\/FCSion-VillarrealCF-081-scaled.jpg","width":2560,"height":1440}}},"author_data":{"id":"23","name":"Fran Segovia","first_name":"Fran","last_name":"Segovia","description":"","avatar_url":"https:\/\/secure.gravatar.com\/avatar\/9ec849b3b9cb451091f0a96d7943b1c6be26a8d6fd3b94d5b5bfd496b2536c42?s=96&d=mm&r=g","acf":null},"taxonomies_data":{"category":[{"id":13493,"name":"Primer equip","slug":"primer-equip","acf":null}],"post_tag":[{"id":717,"name":"Football","slug":"football-d34","acf":null},{"id":9270,"name":"Futbol","slug":"futbol-val","acf":null},{"id":14625,"name":"Haissem Hassan","slug":"haissem-hassan-2-val","acf":null},{"id":9278,"name":"primera division","slug":"primera-division-val","acf":null},{"id":13975,"name":"Real Oviedo","slug":"real-oviedo-2-val","acf":null},{"id":716,"name":"Soccer","slug":"soccer-d105","acf":null},{"id":9205,"name":"Submarino","slug":"submarino-val","acf":null},{"id":9627,"name":"Submarino Amarillo","slug":"submarino-amarillo-val","acf":null},{"id":9787,"name":"Traspaso","slug":"traspaso-val","acf":null},{"id":9203,"name":"Villarreal CF","slug":"villarreal-cf-val","acf":null}],"translation_priority":[{"id":735,"name":"Optional","slug":"optional-val","acf":null}]},"seo_full":{"native":{"title":"Comunicat oficial: Haissem Hassan - Web Oficial del Villarreal CF","description":"El Villarreal CF i el Real Oviedo han acordat el trasp\u00e0s de l'extrem gal","canonical":"https:\/\/villarrealcf.es\/val\/comunicado-oficial-haissem-hassan\/"}},"_links":{"self":[{"href":"https:\/\/villarrealcf.es\/val\/wp-json\/wp\/v2\/posts\/316656","targetHints":{"allow":["GET"]}}],"collection":[{"href":"https:\/\/villarrealcf.es\/val\/wp-json\/wp\/v2\/posts"}],"about":[{"href":"https:\/\/villarrealcf.es\/val\/wp-json\/wp\/v2\/types\/post"}],"author":[{"embeddable":true,"href":"https:\/\/villarrealcf.es\/val\/wp-json\/wp\/v2\/users\/23"}],"replies":[{"embeddable":true,"href":"https:\/\/villarrealcf.es\/val\/wp-json\/wp\/v2\/comments?post=316656"}],"version-history":[{"count":0,"href":"https:\/\/villarrealcf.es\/val\/wp-json\/wp\/v2\/posts\/316656\/revisions"}],"wp:featuredmedia":[{"embeddable":true,"href":"https:\/\/villarrealcf.es\/val\/wp-json\/wp\/v2\/media\/316655"}],"wp:attachment":[{"href":"https:\/\/villarrealcf.es\/val\/wp-json\/wp\/v2\/media?parent=316656"}],"wp:term":[{"taxonomy":"category","embeddable":true,"href":"https:\/\/villarrealcf.es\/val\/wp-json\/wp\/v2\/categories?post=316656"},{"taxonomy":"post_tag","embeddable":true,"href":"https:\/\/villarrealcf.es\/val\/wp-json\/wp\/v2\/tags?post=316656"}],"curies":[{"name":"wp","href":"https:\/\/api.w.org\/{rel}","templated":true}]}}