{"id":316422,"date":"2024-08-08T16:30:54","date_gmt":"2024-08-08T14:30:54","guid":{"rendered":"https:\/\/villarrealcf.es\/las-fotos-de-la-emotiva-despedida-del-ya-legendario-manu-trigueros\/"},"modified":"2024-08-08T16:47:51","modified_gmt":"2024-08-08T14:47:51","slug":"les-fotos-de-lemotiu-comiat-del-ja-llegendari-manu-trigueros","status":"publish","type":"post","link":"https:\/\/villarrealcf.es\/val\/les-fotos-de-lemotiu-comiat-del-ja-llegendari-manu-trigueros\/","title":{"rendered":"Les fotos de l&#8217;emotiu comiat del ja llegendari Manu Trigueros"},"content":{"protected":false,"blocks":[{"type":"text","widget":"text-editor","text":"El futbolista talaver\u00e0 diu adeu al Villarreal CF sent el jugador amb m\u00e9s partits de la hist\u00f2ria del club","paragraphs":[]},{"type":"gallery","widget":"gallery","items":[{"url":"https:\/\/villarrealcf.es\/wp-content\/uploads\/2024\/08\/20240807-DespedidaManuTrigueros-032-scaled.jpg","title":"","thumbnail":"https:\/\/villarrealcf.es\/wp-content\/uploads\/2024\/08\/20240807-DespedidaManuTrigueros-032-scaled.jpg","width":2560,"height":1707},{"url":"https:\/\/villarrealcf.es\/wp-content\/uploads\/2024\/08\/20240807-DespedidaManuTrigueros-037-scaled.jpg","title":"","thumbnail":"https:\/\/villarrealcf.es\/wp-content\/uploads\/2024\/08\/20240807-DespedidaManuTrigueros-037-scaled.jpg","width":2560,"height":1707},{"url":"https:\/\/villarrealcf.es\/wp-content\/uploads\/2024\/08\/20240807-DespedidaManuTrigueros-031-scaled.jpg","title":"","thumbnail":"https:\/\/villarrealcf.es\/wp-content\/uploads\/2024\/08\/20240807-DespedidaManuTrigueros-031-scaled.jpg","width":2560,"height":1707},{"url":"https:\/\/villarrealcf.es\/wp-content\/uploads\/2024\/08\/20240807-DespedidaManuTrigueros-047-scaled.jpg","title":"","thumbnail":"https:\/\/villarrealcf.es\/wp-content\/uploads\/2024\/08\/20240807-DespedidaManuTrigueros-047-scaled.jpg","width":2560,"height":1707},{"url":"https:\/\/villarrealcf.es\/wp-content\/uploads\/2024\/08\/20240807-DespedidaManuTrigueros-018-scaled.jpg","title":"","thumbnail":"https:\/\/villarrealcf.es\/wp-content\/uploads\/2024\/08\/20240807-DespedidaManuTrigueros-018-scaled.jpg","width":2560,"height":1707},{"url":"https:\/\/villarrealcf.es\/wp-content\/uploads\/2024\/08\/20240807-DespedidaManuTrigueros-006-scaled.jpg","title":"","thumbnail":"https:\/\/villarrealcf.es\/wp-content\/uploads\/2024\/08\/20240807-DespedidaManuTrigueros-006-scaled.jpg","width":2560,"height":1707},{"url":"https:\/\/villarrealcf.es\/wp-content\/uploads\/2024\/08\/20240807-DespedidaManuTrigueros-028-scaled.jpg","title":"","thumbnail":"https:\/\/villarrealcf.es\/wp-content\/uploads\/2024\/08\/20240807-DespedidaManuTrigueros-028-scaled.jpg","width":2560,"height":1707},{"url":"https:\/\/villarrealcf.es\/wp-content\/uploads\/2024\/08\/20240807-DespedidaManuTrigueros-021-scaled.jpg","title":"","thumbnail":"https:\/\/villarrealcf.es\/wp-content\/uploads\/2024\/08\/20240807-DespedidaManuTrigueros-021-scaled.jpg","width":2560,"height":1707}]}],"structured":{"summary":{"text":"El futbolista talaver\u00e0 diu adeu al Villarreal CF sent el jugador amb m\u00e9s partits de la hist\u00f2ria del club","headings":[],"buttons":[],"images":[],"counts":{"blocks":2,"headings":0,"texts":1,"buttons":0,"images":0},"containers":2},"sections":[{"id":"618944a5","type":"container","classes":["elementor-section","elementor-top-section","elementor-element","elementor-element-618944a5","elementor-section-boxed","elementor-section-height-default"],"title":"","text":"El futbolista talaver\u00e0 diu adeu al Villarreal CF sent el jugador amb m\u00e9s partits de la hist\u00f2ria del club","headings":[],"texts":[{"type":"text","widget":"text-editor","text":"El futbolista talaver\u00e0 diu adeu al Villarreal CF sent el jugador amb m\u00e9s partits de la hist\u00f2ria del club","paragraphs":[]}],"buttons":[],"images":[],"widgets":["text-editor"],"blocks":[{"type":"text","widget":"text-editor","text":"El futbolista talaver\u00e0 diu adeu al Villarreal CF sent el jugador amb m\u00e9s partits de la hist\u00f2ria del club","paragraphs":[]}],"children":[]},{"id":"46f8134","type":"container","classes":["has-el-gap","el-gap-default","elementor-section","elementor-top-section","elementor-element","elementor-element-46f8134","elementor-section-boxed","elementor-section-height-default"],"title":"","text":"","headings":[],"texts":[],"buttons":[],"images":[],"widgets":["gallery"],"blocks":[{"type":"gallery","widget":"gallery","items":[{"url":"https:\/\/villarrealcf.es\/wp-content\/uploads\/2024\/08\/20240807-DespedidaManuTrigueros-032-scaled.jpg","title":"","thumbnail":"https:\/\/villarrealcf.es\/wp-content\/uploads\/2024\/08\/20240807-DespedidaManuTrigueros-032-scaled.jpg","width":2560,"height":1707},{"url":"https:\/\/villarrealcf.es\/wp-content\/uploads\/2024\/08\/20240807-DespedidaManuTrigueros-037-scaled.jpg","title":"","thumbnail":"https:\/\/villarrealcf.es\/wp-content\/uploads\/2024\/08\/20240807-DespedidaManuTrigueros-037-scaled.jpg","width":2560,"height":1707},{"url":"https:\/\/villarrealcf.es\/wp-content\/uploads\/2024\/08\/20240807-DespedidaManuTrigueros-031-scaled.jpg","title":"","thumbnail":"https:\/\/villarrealcf.es\/wp-content\/uploads\/2024\/08\/20240807-DespedidaManuTrigueros-031-scaled.jpg","width":2560,"height":1707},{"url":"https:\/\/villarrealcf.es\/wp-content\/uploads\/2024\/08\/20240807-DespedidaManuTrigueros-047-scaled.jpg","title":"","thumbnail":"https:\/\/villarrealcf.es\/wp-content\/uploads\/2024\/08\/20240807-DespedidaManuTrigueros-047-scaled.jpg","width":2560,"height":1707},{"url":"https:\/\/villarrealcf.es\/wp-content\/uploads\/2024\/08\/20240807-DespedidaManuTrigueros-018-scaled.jpg","title":"","thumbnail":"https:\/\/villarrealcf.es\/wp-content\/uploads\/2024\/08\/20240807-DespedidaManuTrigueros-018-scaled.jpg","width":2560,"height":1707},{"url":"https:\/\/villarrealcf.es\/wp-content\/uploads\/2024\/08\/20240807-DespedidaManuTrigueros-006-scaled.jpg","title":"","thumbnail":"https:\/\/villarrealcf.es\/wp-content\/uploads\/2024\/08\/20240807-DespedidaManuTrigueros-006-scaled.jpg","width":2560,"height":1707},{"url":"https:\/\/villarrealcf.es\/wp-content\/uploads\/2024\/08\/20240807-DespedidaManuTrigueros-028-scaled.jpg","title":"","thumbnail":"https:\/\/villarrealcf.es\/wp-content\/uploads\/2024\/08\/20240807-DespedidaManuTrigueros-028-scaled.jpg","width":2560,"height":1707},{"url":"https:\/\/villarrealcf.es\/wp-content\/uploads\/2024\/08\/20240807-DespedidaManuTrigueros-021-scaled.jpg","title":"","thumbnail":"https:\/\/villarrealcf.es\/wp-content\/uploads\/2024\/08\/20240807-DespedidaManuTrigueros-021-scaled.jpg","width":2560,"height":1707}]}],"children":[]}],"hero":{"id":"618944a5","type":"container","classes":["elementor-section","elementor-top-section","elementor-element","elementor-element-618944a5","elementor-section-boxed","elementor-section-height-default"],"title":"","text":"El futbolista talaver\u00e0 diu adeu al Villarreal CF sent el jugador amb m\u00e9s partits de la hist\u00f2ria del club","headings":[],"texts":[{"type":"text","widget":"text-editor","text":"El futbolista talaver\u00e0 diu adeu al Villarreal CF sent el jugador amb m\u00e9s partits de la hist\u00f2ria del club","paragraphs":[]}],"buttons":[],"images":[],"widgets":["text-editor"],"blocks":[{"type":"text","widget":"text-editor","text":"El futbolista talaver\u00e0 diu adeu al Villarreal CF sent el jugador amb m\u00e9s partits de la hist\u00f2ria del club","paragraphs":[]}],"children":[]}},"sections":[{"id":"618944a5","title":"El futbolista talaver\u00e0 diu adeu al Villarreal CF sent el jugador amb m\u00e9s partits de la hist\u00f2ria del club","text":"El futbolista talaver\u00e0 diu adeu al Villarreal CF sent el jugador amb m\u00e9s partits de la hist\u00f2ria del club","url":"","background_image":"","images":[],"videos":[],"links":[]},{"id":"46f8134","title":"","text":"","url":"https:\/\/villarrealcf.es\/wp-content\/uploads\/2024\/08\/20240807-DespedidaManuTrigueros-032-scaled.jpg","background_image":"","images":[],"videos":[],"links":[{"url":"https:\/\/villarrealcf.es\/wp-content\/uploads\/2024\/08\/20240807-DespedidaManuTrigueros-032-scaled.jpg","text":"","target":""},{"url":"https:\/\/villarrealcf.es\/wp-content\/uploads\/2024\/08\/20240807-DespedidaManuTrigueros-037-scaled.jpg","text":"","target":""},{"url":"https:\/\/villarrealcf.es\/wp-content\/uploads\/2024\/08\/20240807-DespedidaManuTrigueros-031-scaled.jpg","text":"","target":""},{"url":"https:\/\/villarrealcf.es\/wp-content\/uploads\/2024\/08\/20240807-DespedidaManuTrigueros-047-scaled.jpg","text":"","target":""},{"url":"https:\/\/villarrealcf.es\/wp-content\/uploads\/2024\/08\/20240807-DespedidaManuTrigueros-018-scaled.jpg","text":"","target":""},{"url":"https:\/\/villarrealcf.es\/wp-content\/uploads\/2024\/08\/20240807-DespedidaManuTrigueros-006-scaled.jpg","text":"","target":""},{"url":"https:\/\/villarrealcf.es\/wp-content\/uploads\/2024\/08\/20240807-DespedidaManuTrigueros-028-scaled.jpg","text":"","target":""},{"url":"https:\/\/villarrealcf.es\/wp-content\/uploads\/2024\/08\/20240807-DespedidaManuTrigueros-021-scaled.jpg","text":"","target":""}]}]},"excerpt":{"rendered":"El futbolista talaver\u00e0 diu adeu al Villarreal CF sent el jugador amb m\u00e9s partits de la hist\u00f2ria del club","protected":false},"author":25,"featured_media":316390,"comment_status":"closed","ping_status":"closed","sticky":false,"template":"","format":"standard","meta":{"_acf_changed":false,"footnotes":""},"categories":[13493],"tags":[15770,717,9270,13411,9565,716,9205,9627,9203],"acf":null,"lang":"val","translations":{"es":316385,"val":316422,"en":316511},"essential_grid":{"has_grid":false},"formatted_date":"August 8, 2024","modified_date":"August 8, 2024","permalink":"https:\/\/villarrealcf.es\/val\/les-fotos-de-lemotiu-comiat-del-ja-llegendari-manu-trigueros\/","reading_time":1,"featured_media_data":{"id":316390,"title":"mtrigueros_galeria","caption":"","alt_text":"","description":"","mime_type":"image\/jpeg","source_url":"https:\/\/villarrealcf.es\/wp-content\/uploads\/2024\/08\/mtrigueros_galeria.jpg","sizes":{"thumbnail":{"url":"https:\/\/villarrealcf.es\/wp-content\/uploads\/2024\/08\/mtrigueros_galeria.jpg","width":1920,"height":1080},"medium":{"url":"https:\/\/villarrealcf.es\/wp-content\/uploads\/2024\/08\/mtrigueros_galeria.jpg","width":1920,"height":1080},"medium_large":{"url":"https:\/\/villarrealcf.es\/wp-content\/uploads\/2024\/08\/mtrigueros_galeria-768x432.jpg","width":768,"height":432},"large":{"url":"https:\/\/villarrealcf.es\/wp-content\/uploads\/2024\/08\/mtrigueros_galeria.jpg","width":788,"height":443},"1536x1536":{"url":"https:\/\/villarrealcf.es\/wp-content\/uploads\/2024\/08\/mtrigueros_galeria-1536x864.jpg","width":1536,"height":864},"2048x2048":{"url":"https:\/\/villarrealcf.es\/wp-content\/uploads\/2024\/08\/mtrigueros_galeria.jpg","width":1920,"height":1080},"tp-image-grid":{"url":"https:\/\/villarrealcf.es\/wp-content\/uploads\/2024\/08\/mtrigueros_galeria-700x700.jpg","width":700,"height":700},"size-bunyad-medium":{"url":"https:\/\/villarrealcf.es\/wp-content\/uploads\/2024\/08\/mtrigueros_galeria.jpg","width":1920,"height":1080},"sportspress-crop-medium":{"url":"https:\/\/villarrealcf.es\/wp-content\/uploads\/2024\/08\/mtrigueros_galeria-300x300.jpg","width":300,"height":300},"sportspress-fit-medium":{"url":"https:\/\/villarrealcf.es\/wp-content\/uploads\/2024\/08\/mtrigueros_galeria-300x169.jpg","width":300,"height":169},"sportspress-fit-icon":{"url":"https:\/\/villarrealcf.es\/wp-content\/uploads\/2024\/08\/mtrigueros_galeria-128x72.jpg","width":128,"height":72},"sportspress-fit-mini":{"url":"https:\/\/villarrealcf.es\/wp-content\/uploads\/2024\/08\/mtrigueros_galeria-32x18.jpg","width":32,"height":18},"bunyad-small":{"url":"https:\/\/villarrealcf.es\/wp-content\/uploads\/2024\/08\/mtrigueros_galeria-150x84.jpg","width":150,"height":84},"bunyad-medium":{"url":"https:\/\/villarrealcf.es\/wp-content\/uploads\/2024\/08\/mtrigueros_galeria-450x253.jpg","width":450,"height":253},"bunyad-full":{"url":"https:\/\/villarrealcf.es\/wp-content\/uploads\/2024\/08\/mtrigueros_galeria-1200x675.jpg","width":1200,"height":675},"bunyad-viewport":{"url":"https:\/\/villarrealcf.es\/wp-content\/uploads\/2024\/08\/mtrigueros_galeria.jpg","width":1920,"height":1080},"bunyad-768":{"url":"https:\/\/villarrealcf.es\/wp-content\/uploads\/2024\/08\/mtrigueros_galeria-768x432.jpg","width":768,"height":432},"full":{"url":"https:\/\/villarrealcf.es\/wp-content\/uploads\/2024\/08\/mtrigueros_galeria.jpg","width":1920,"height":1080}}},"author_data":{"id":"25","name":"Javier Ayuso","first_name":"Javier","last_name":"Ayuso","description":"","avatar_url":"https:\/\/secure.gravatar.com\/avatar\/fcf8894be45988fcce5bbff0efe1790d2a7f4ba57e2c7c898f5068154e696495?s=96&d=mm&r=g","acf":null},"taxonomies_data":{"category":[{"id":13493,"name":"Primer equip","slug":"primer-equip","acf":null}],"post_tag":[{"id":15770,"name":"Despedida","slug":"despedida-2-val","acf":null},{"id":717,"name":"Football","slug":"football-d34","acf":null},{"id":9270,"name":"Futbol","slug":"futbol-val","acf":null},{"id":13411,"name":"Galer\u00eda Primer Equipo","slug":"galeria-primer-equipo-val","acf":null},{"id":9565,"name":"Manu Trigueros","slug":"manu-trigueros-val","acf":null},{"id":716,"name":"Soccer","slug":"soccer-d105","acf":null},{"id":9205,"name":"Submarino","slug":"submarino-val","acf":null},{"id":9627,"name":"Submarino Amarillo","slug":"submarino-amarillo-val","acf":null},{"id":9203,"name":"Villarreal CF","slug":"villarreal-cf-val","acf":null}],"translation_priority":[{"id":735,"name":"Optional","slug":"optional-val","acf":null}]},"seo_full":{"native":{"title":"Les fotos de l&#8217;emotiu comiat del ja llegendari Manu Trigueros - Web Oficial del Villarreal CF","description":"El futbolista talaver\u00e0 diu adeu al Villarreal CF sent el jugador amb m\u00e9s partits de la hist\u00f2ria del club","canonical":"https:\/\/villarrealcf.es\/val\/les-fotos-de-lemotiu-comiat-del-ja-llegendari-manu-trigueros\/"}},"_links":{"self":[{"href":"https:\/\/villarrealcf.es\/val\/wp-json\/wp\/v2\/posts\/316422","targetHints":{"allow":["GET"]}}],"collection":[{"href":"https:\/\/villarrealcf.es\/val\/wp-json\/wp\/v2\/posts"}],"about":[{"href":"https:\/\/villarrealcf.es\/val\/wp-json\/wp\/v2\/types\/post"}],"author":[{"embeddable":true,"href":"https:\/\/villarrealcf.es\/val\/wp-json\/wp\/v2\/users\/25"}],"replies":[{"embeddable":true,"href":"https:\/\/villarrealcf.es\/val\/wp-json\/wp\/v2\/comments?post=316422"}],"version-history":[{"count":0,"href":"https:\/\/villarrealcf.es\/val\/wp-json\/wp\/v2\/posts\/316422\/revisions"}],"wp:featuredmedia":[{"embeddable":true,"href":"https:\/\/villarrealcf.es\/val\/wp-json\/wp\/v2\/media\/316390"}],"wp:attachment":[{"href":"https:\/\/villarrealcf.es\/val\/wp-json\/wp\/v2\/media?parent=316422"}],"wp:term":[{"taxonomy":"category","embeddable":true,"href":"https:\/\/villarrealcf.es\/val\/wp-json\/wp\/v2\/categories?post=316422"},{"taxonomy":"post_tag","embeddable":true,"href":"https:\/\/villarrealcf.es\/val\/wp-json\/wp\/v2\/tags?post=316422"}],"curies":[{"name":"wp","href":"https:\/\/api.w.org\/{rel}","templated":true}]}}