{"id":316309,"date":"2024-08-08T12:58:07","date_gmt":"2024-08-08T10:58:07","guid":{"rendered":"https:\/\/villarrealcf.es\/venta-de-entradas-contra-el-atletico-de-madrid\/"},"modified":"2024-08-08T13:02:04","modified_gmt":"2024-08-08T11:02:04","slug":"venda-dentrades-contra-latletico-de-madrid","status":"publish","type":"post","link":"https:\/\/villarrealcf.es\/val\/venda-dentrades-contra-latletico-de-madrid\/","title":{"rendered":"Venda d&#8217;entrades contra l&#8217;Atl\u00e9tico de Madrid"},"content":{"protected":false,"blocks":[{"type":"heading","level":2,"text":"Els aficionats ja poden comprar localitats per a gaudir del primer partit en l\u2019Estadio de la Cer\u00e1mica"},{"type":"paragraph","text":"El Villarreal CF ha activat la venda d\u2019entrades per al partit contra l\u2019Atl\u00e9tico de Madrid, corresponent a la primera jornada del campionat de LALIGA EA Sports 2023\/24, que se celebrar\u00e0 el dilluns 19 d\u2019agost, a les 21.30 hores, en l\u2019Estadio de la Cer\u00e1mica."},{"type":"paragraph","text":"Els seguidors grocs poden adquirir les entrades per a la trobada en l\u00ednia, a trav\u00e9s de la p\u00e0gina web del Villarreal CF, o a les Tendes Oficials del club groc."},{"type":"paragraph","text":"El preu de les entrades per al Villarreal-Atl\u00e9tico per zones \u00e9s el seg\u00fcent:"},{"type":"list","style":"ul","items":["Graderia Alta Nord: 60 euros (+2,5\u20ac gastos de gesti\u00f3)","Super Tribuna: 225 euros (+2,5\u20ac gastos de gesti\u00f3)"]},{"type":"link","url":"https:\/\/proticketing.com\/villarrealcf_entradas\/es_ES\/entradas\/evento\/39206\/session\/2233022\/select?viewCode=V_EstadiodelaCermica","text":"compra ja la teua entrada","target":"_blank"}],"structured":{"summary":{"text":"Els aficionats ja poden comprar localitats per a gaudir del primer partit en l\u2019Estadio de la Cer\u00e1mica El Villarreal CF ha activat la venda d\u2019entrades per al partit contra l\u2019Atl\u00e9tico de Madrid, corresponent a la primera jornada del campionat de LALIGA EA Sports 2023\/24, que se celebrar\u00e0 el dilluns 19 d\u2019agost, a les 21.30 hores, en l\u2019Estadio de la Cer\u00e1mica. Els seguidors grocs poden adquirir les entrades per a la trobada en l\u00ednia, a trav\u00e9s de la p\u00e0gina web del Villarreal CF, o a les Tendes Oficials del club groc. El preu de les entrades per al Villarreal-Atl\u00e9tico per zones \u00e9s el seg\u00fcent: Graderia Alta Nord: 60 euros (+2,5\u20ac gastos de gesti\u00f3) Super Tribuna: 225 euros (+2,5\u20ac gastos de gesti\u00f3) compra ja la teua entrada","headings":[{"type":"heading","level":2,"text":"Els aficionats ja poden comprar localitats per a gaudir del primer partit en l\u2019Estadio de la Cer\u00e1mica"}],"buttons":[],"images":[],"counts":{"blocks":6,"headings":1,"texts":3,"buttons":0,"images":0}},"sections":[{"id":"section-1","title":"Els aficionats ja poden comprar localitats per a gaudir del primer partit en l\u2019Estadio de la Cer\u00e1mica","text":"Els aficionats ja poden comprar localitats per a gaudir del primer partit en l\u2019Estadio de la Cer\u00e1mica El Villarreal CF ha activat la venda d\u2019entrades per al partit contra l\u2019Atl\u00e9tico de Madrid, corresponent a la primera jornada del campionat de LALIGA EA Sports 2023\/24, que se celebrar\u00e0 el dilluns 19 d\u2019agost, a les 21.30 hores, en l\u2019Estadio de la Cer\u00e1mica. Els seguidors grocs poden adquirir les entrades per a la trobada en l\u00ednia, a trav\u00e9s de la p\u00e0gina web del Villarreal CF, o a les Tendes Oficials del club groc. El preu de les entrades per al Villarreal-Atl\u00e9tico per zones \u00e9s el seg\u00fcent:","headings":[{"type":"heading","level":2,"text":"Els aficionats ja poden comprar localitats per a gaudir del primer partit en l\u2019Estadio de la Cer\u00e1mica"}],"texts":[{"type":"paragraph","text":"El Villarreal CF ha activat la venda d\u2019entrades per al partit contra l\u2019Atl\u00e9tico de Madrid, corresponent a la primera jornada del campionat de LALIGA EA Sports 2023\/24, que se celebrar\u00e0 el dilluns 19 d\u2019agost, a les 21.30 hores, en l\u2019Estadio de la Cer\u00e1mica."},{"type":"paragraph","text":"Els seguidors grocs poden adquirir les entrades per a la trobada en l\u00ednia, a trav\u00e9s de la p\u00e0gina web del Villarreal CF, o a les Tendes Oficials del club groc."},{"type":"paragraph","text":"El preu de les entrades per al Villarreal-Atl\u00e9tico per zones \u00e9s el seg\u00fcent:"}],"buttons":[],"images":[],"widgets":[],"blocks":[{"type":"heading","level":2,"text":"Els aficionats ja poden comprar localitats per a gaudir del primer partit en l\u2019Estadio de la Cer\u00e1mica"},{"type":"paragraph","text":"El Villarreal CF ha activat la venda d\u2019entrades per al partit contra l\u2019Atl\u00e9tico de Madrid, corresponent a la primera jornada del campionat de LALIGA EA Sports 2023\/24, que se celebrar\u00e0 el dilluns 19 d\u2019agost, a les 21.30 hores, en l\u2019Estadio de la Cer\u00e1mica."},{"type":"paragraph","text":"Els seguidors grocs poden adquirir les entrades per a la trobada en l\u00ednia, a trav\u00e9s de la p\u00e0gina web del Villarreal CF, o a les Tendes Oficials del club groc."},{"type":"paragraph","text":"El preu de les entrades per al Villarreal-Atl\u00e9tico per zones \u00e9s el seg\u00fcent:"},{"type":"list","style":"ul","items":["Graderia Alta Nord: 60 euros (+2,5\u20ac gastos de gesti\u00f3)","Super Tribuna: 225 euros (+2,5\u20ac gastos de gesti\u00f3)"]},{"type":"link","url":"https:\/\/proticketing.com\/villarrealcf_entradas\/es_ES\/entradas\/evento\/39206\/session\/2233022\/select?viewCode=V_EstadiodelaCermica","text":"compra ja la teua entrada","target":"_blank"}]}],"hero":{"id":"section-1","title":"Els aficionats ja poden comprar localitats per a gaudir del primer partit en l\u2019Estadio de la Cer\u00e1mica","text":"Els aficionats ja poden comprar localitats per a gaudir del primer partit en l\u2019Estadio de la Cer\u00e1mica El Villarreal CF ha activat la venda d\u2019entrades per al partit contra l\u2019Atl\u00e9tico de Madrid, corresponent a la primera jornada del campionat de LALIGA EA Sports 2023\/24, que se celebrar\u00e0 el dilluns 19 d\u2019agost, a les 21.30 hores, en l\u2019Estadio de la Cer\u00e1mica. Els seguidors grocs poden adquirir les entrades per a la trobada en l\u00ednia, a trav\u00e9s de la p\u00e0gina web del Villarreal CF, o a les Tendes Oficials del club groc. El preu de les entrades per al Villarreal-Atl\u00e9tico per zones \u00e9s el seg\u00fcent:","headings":[{"type":"heading","level":2,"text":"Els aficionats ja poden comprar localitats per a gaudir del primer partit en l\u2019Estadio de la Cer\u00e1mica"}],"texts":[{"type":"paragraph","text":"El Villarreal CF ha activat la venda d\u2019entrades per al partit contra l\u2019Atl\u00e9tico de Madrid, corresponent a la primera jornada del campionat de LALIGA EA Sports 2023\/24, que se celebrar\u00e0 el dilluns 19 d\u2019agost, a les 21.30 hores, en l\u2019Estadio de la Cer\u00e1mica."},{"type":"paragraph","text":"Els seguidors grocs poden adquirir les entrades per a la trobada en l\u00ednia, a trav\u00e9s de la p\u00e0gina web del Villarreal CF, o a les Tendes Oficials del club groc."},{"type":"paragraph","text":"El preu de les entrades per al Villarreal-Atl\u00e9tico per zones \u00e9s el seg\u00fcent:"}],"buttons":[],"images":[],"widgets":[],"blocks":[{"type":"heading","level":2,"text":"Els aficionats ja poden comprar localitats per a gaudir del primer partit en l\u2019Estadio de la Cer\u00e1mica"},{"type":"paragraph","text":"El Villarreal CF ha activat la venda d\u2019entrades per al partit contra l\u2019Atl\u00e9tico de Madrid, corresponent a la primera jornada del campionat de LALIGA EA Sports 2023\/24, que se celebrar\u00e0 el dilluns 19 d\u2019agost, a les 21.30 hores, en l\u2019Estadio de la Cer\u00e1mica."},{"type":"paragraph","text":"Els seguidors grocs poden adquirir les entrades per a la trobada en l\u00ednia, a trav\u00e9s de la p\u00e0gina web del Villarreal CF, o a les Tendes Oficials del club groc."},{"type":"paragraph","text":"El preu de les entrades per al Villarreal-Atl\u00e9tico per zones \u00e9s el seg\u00fcent:"},{"type":"list","style":"ul","items":["Graderia Alta Nord: 60 euros (+2,5\u20ac gastos de gesti\u00f3)","Super Tribuna: 225 euros (+2,5\u20ac gastos de gesti\u00f3)"]},{"type":"link","url":"https:\/\/proticketing.com\/villarrealcf_entradas\/es_ES\/entradas\/evento\/39206\/session\/2233022\/select?viewCode=V_EstadiodelaCermica","text":"compra ja la teua entrada","target":"_blank"}]}},"sections":[{"id":"section-1","title":"Els aficionats ja poden comprar localitats per a gaudir del primer partit en l\u2019Estadio de la Cer\u00e1mica","text":"Els aficionats ja poden comprar localitats per a gaudir del primer partit en l\u2019Estadio de la Cer\u00e1mica El Villarreal CF ha activat la venda d\u2019entrades per al partit contra l\u2019Atl\u00e9tico de Madrid, corresponent a la primera jornada del campionat de LALIGA EA Sports 2023\/24, que se celebrar\u00e0 el dilluns 19 d\u2019agost, a les 21.30 hores, en l\u2019Estadio de la Cer\u00e1mica. Els seguidors grocs poden adquirir les entrades per a la trobada en l\u00ednia, a trav\u00e9s de la p\u00e0gina web del Villarreal CF, o a les Tendes Oficials del club groc. El preu de les entrades per al Villarreal-Atl\u00e9tico per zones \u00e9s el seg\u00fcent:","url":"https:\/\/proticketing.com\/villarrealcf_entradas\/es_ES\/entradas\/evento\/39206\/session\/2233022\/select?viewCode=V_EstadiodelaCermica","background_image":"","images":[],"videos":[],"links":[{"type":"link","url":"https:\/\/proticketing.com\/villarrealcf_entradas\/es_ES\/entradas\/evento\/39206\/session\/2233022\/select?viewCode=V_EstadiodelaCermica","text":"compra ja la teua entrada","target":"_blank"}]}]},"excerpt":{"rendered":"Els aficionats ja poden comprar localitats per a gaudir del primer partit en l&#8217;Estadio de la Cer\u00e1mica","protected":false},"author":25,"featured_media":316305,"comment_status":"closed","ping_status":"closed","sticky":false,"template":"","format":"standard","meta":{"_acf_changed":false,"footnotes":""},"categories":[13493],"tags":[9529,11429,717,13555,14765,716,9205,13556,14194,13557],"acf":null,"lang":"val","translations":{"es":316299,"val":316309,"en":316334},"essential_grid":{"has_grid":false},"formatted_date":"August 8, 2024","modified_date":"August 8, 2024","permalink":"https:\/\/villarrealcf.es\/val\/venda-dentrades-contra-latletico-de-madrid\/","reading_time":1,"featured_media_data":{"id":316305,"title":"DENIS SUAREZ\rNOTTINGHAM FOREST\rVILLARREAL","caption":"DENIS SUAREZ\rNOTTINGHAM FOREST\rVILLARREAL","alt_text":"","description":"","mime_type":"image\/jpeg","source_url":"https:\/\/villarrealcf.es\/wp-content\/uploads\/2024\/08\/venta_entradas_atletico.jpg","sizes":{"thumbnail":{"url":"https:\/\/villarrealcf.es\/wp-content\/uploads\/2024\/08\/venta_entradas_atletico.jpg","width":1920,"height":1080},"medium":{"url":"https:\/\/villarrealcf.es\/wp-content\/uploads\/2024\/08\/venta_entradas_atletico.jpg","width":1920,"height":1080},"medium_large":{"url":"https:\/\/villarrealcf.es\/wp-content\/uploads\/2024\/08\/venta_entradas_atletico-768x432.jpg","width":768,"height":432},"large":{"url":"https:\/\/villarrealcf.es\/wp-content\/uploads\/2024\/08\/venta_entradas_atletico.jpg","width":788,"height":443},"1536x1536":{"url":"https:\/\/villarrealcf.es\/wp-content\/uploads\/2024\/08\/venta_entradas_atletico-1536x864.jpg","width":1536,"height":864},"2048x2048":{"url":"https:\/\/villarrealcf.es\/wp-content\/uploads\/2024\/08\/venta_entradas_atletico.jpg","width":1920,"height":1080},"tp-image-grid":{"url":"https:\/\/villarrealcf.es\/wp-content\/uploads\/2024\/08\/venta_entradas_atletico-700x700.jpg","width":700,"height":700},"size-bunyad-medium":{"url":"https:\/\/villarrealcf.es\/wp-content\/uploads\/2024\/08\/venta_entradas_atletico.jpg","width":1920,"height":1080},"sportspress-crop-medium":{"url":"https:\/\/villarrealcf.es\/wp-content\/uploads\/2024\/08\/venta_entradas_atletico-300x300.jpg","width":300,"height":300},"sportspress-fit-medium":{"url":"https:\/\/villarrealcf.es\/wp-content\/uploads\/2024\/08\/venta_entradas_atletico-300x169.jpg","width":300,"height":169},"sportspress-fit-icon":{"url":"https:\/\/villarrealcf.es\/wp-content\/uploads\/2024\/08\/venta_entradas_atletico-128x72.jpg","width":128,"height":72},"sportspress-fit-mini":{"url":"https:\/\/villarrealcf.es\/wp-content\/uploads\/2024\/08\/venta_entradas_atletico-32x18.jpg","width":32,"height":18},"bunyad-small":{"url":"https:\/\/villarrealcf.es\/wp-content\/uploads\/2024\/08\/venta_entradas_atletico-150x84.jpg","width":150,"height":84},"bunyad-medium":{"url":"https:\/\/villarrealcf.es\/wp-content\/uploads\/2024\/08\/venta_entradas_atletico-450x253.jpg","width":450,"height":253},"bunyad-full":{"url":"https:\/\/villarrealcf.es\/wp-content\/uploads\/2024\/08\/venta_entradas_atletico-1200x675.jpg","width":1200,"height":675},"bunyad-viewport":{"url":"https:\/\/villarrealcf.es\/wp-content\/uploads\/2024\/08\/venta_entradas_atletico.jpg","width":1920,"height":1080},"bunyad-768":{"url":"https:\/\/villarrealcf.es\/wp-content\/uploads\/2024\/08\/venta_entradas_atletico-768x432.jpg","width":768,"height":432},"full":{"url":"https:\/\/villarrealcf.es\/wp-content\/uploads\/2024\/08\/venta_entradas_atletico.jpg","width":1920,"height":1080}}},"author_data":{"id":"25","name":"Javier Ayuso","first_name":"Javier","last_name":"Ayuso","description":"","avatar_url":"https:\/\/secure.gravatar.com\/avatar\/fcf8894be45988fcce5bbff0efe1790d2a7f4ba57e2c7c898f5068154e696495?s=96&d=mm&r=g","acf":null},"taxonomies_data":{"category":[{"id":13493,"name":"Primer equip","slug":"primer-equip","acf":null}],"post_tag":[{"id":9529,"name":"Atl\u00e9tico de Madrid","slug":"atletico-de-madrid-val","acf":null},{"id":11429,"name":"Estadio de la Cer\u00e1mica","slug":"estadio-de-la-ceramica-val","acf":null},{"id":717,"name":"Football","slug":"football-d34","acf":null},{"id":13555,"name":"Futbol","slug":"futbol-val-2","acf":null},{"id":14765,"name":"LaLiga EA Sports","slug":"laliga-ea-sports-val","acf":null},{"id":716,"name":"Soccer","slug":"soccer-d105","acf":null},{"id":9205,"name":"Submarino","slug":"submarino-val","acf":null},{"id":13556,"name":"Submarino Amarillo","slug":"submarino-amarillo-val-2","acf":null},{"id":14194,"name":"Venta de entradas","slug":"venta-de-entradas-2-val","acf":null},{"id":13557,"name":"Villarreal CF","slug":"villarreal-cf-val-2","acf":null}],"translation_priority":[{"id":735,"name":"Optional","slug":"optional-val","acf":null}]},"seo_full":{"native":{"title":"Venda d&#8217;entrades contra l&#8217;Atl\u00e9tico de Madrid - Web Oficial del Villarreal CF","description":"Els aficionats ja poden comprar localitats per a gaudir del primer partit en l'Estadio de la Cer\u00e1mica","canonical":"https:\/\/villarrealcf.es\/val\/venda-dentrades-contra-latletico-de-madrid\/"}},"_links":{"self":[{"href":"https:\/\/villarrealcf.es\/val\/wp-json\/wp\/v2\/posts\/316309","targetHints":{"allow":["GET"]}}],"collection":[{"href":"https:\/\/villarrealcf.es\/val\/wp-json\/wp\/v2\/posts"}],"about":[{"href":"https:\/\/villarrealcf.es\/val\/wp-json\/wp\/v2\/types\/post"}],"author":[{"embeddable":true,"href":"https:\/\/villarrealcf.es\/val\/wp-json\/wp\/v2\/users\/25"}],"replies":[{"embeddable":true,"href":"https:\/\/villarrealcf.es\/val\/wp-json\/wp\/v2\/comments?post=316309"}],"version-history":[{"count":0,"href":"https:\/\/villarrealcf.es\/val\/wp-json\/wp\/v2\/posts\/316309\/revisions"}],"wp:featuredmedia":[{"embeddable":true,"href":"https:\/\/villarrealcf.es\/val\/wp-json\/wp\/v2\/media\/316305"}],"wp:attachment":[{"href":"https:\/\/villarrealcf.es\/val\/wp-json\/wp\/v2\/media?parent=316309"}],"wp:term":[{"taxonomy":"category","embeddable":true,"href":"https:\/\/villarrealcf.es\/val\/wp-json\/wp\/v2\/categories?post=316309"},{"taxonomy":"post_tag","embeddable":true,"href":"https:\/\/villarrealcf.es\/val\/wp-json\/wp\/v2\/tags?post=316309"}],"curies":[{"name":"wp","href":"https:\/\/api.w.org\/{rel}","templated":true}]}}