{"id":315653,"date":"2024-08-03T10:19:00","date_gmt":"2024-08-03T08:19:00","guid":{"rendered":"https:\/\/villarrealcf.es\/comunicado-oficial-jorge-cuenca\/"},"modified":"2024-08-03T18:31:07","modified_gmt":"2024-08-03T16:31:07","slug":"comunicado-oficial-jorge-cuenca","status":"publish","type":"post","link":"https:\/\/villarrealcf.es\/val\/comunicado-oficial-jorge-cuenca\/","title":{"rendered":"Comunicat oficial: Jorge Cuenca"},"content":{"protected":false,"blocks":[{"type":"heading","level":2,"text":"El Villarreal CF ha acordat amb el Fulham FC el trasp\u00e0s del defensa madrileny"},{"type":"paragraph","text":"El Villarreal CF i el Fulham FC han aconseguit un acord de trasp\u00e0s per Jorge Cuenca, que jugar\u00e0 en el combinat angl\u00e9s a partir de la present temporada 2024\/25."},{"type":"paragraph","text":"Amb la seua arribada a la Premier League, el defensa madrileny tanca la seua etapa com a futbolista del Villarreal CF despr\u00e9s de quatre temporades vinculat a l\u2019entitat i dues d\u2019elles formant part del primer equip, amb el qual ha jugat un total de 60 partits."},{"type":"paragraph","text":"El Villarreal CF agraeix el seu comprom\u00eds i professionalitat durant la seua etapa com a futbolista groc i li desitja la major de les sorts en la seua nova aventura professional."}],"structured":{"summary":{"text":"El Villarreal CF ha acordat amb el Fulham FC el trasp\u00e0s del defensa madrileny El Villarreal CF i el Fulham FC han aconseguit un acord de trasp\u00e0s per Jorge Cuenca, que jugar\u00e0 en el combinat angl\u00e9s a partir de la present temporada 2024\/25. Amb la seua arribada a la Premier League, el defensa madrileny tanca la seua etapa com a futbolista del Villarreal CF despr\u00e9s de quatre temporades vinculat a l\u2019entitat i dues d\u2019elles formant part del primer equip, amb el qual ha jugat un total de 60 partits. El Villarreal CF agraeix el seu comprom\u00eds i professionalitat durant la seua etapa com a futbolista groc i li desitja la major de les sorts en la seua nova aventura professional.","headings":[{"type":"heading","level":2,"text":"El Villarreal CF ha acordat amb el Fulham FC el trasp\u00e0s del defensa madrileny"}],"buttons":[],"images":[],"counts":{"blocks":4,"headings":1,"texts":3,"buttons":0,"images":0}},"sections":[{"id":"section-1","title":"El Villarreal CF ha acordat amb el Fulham FC el trasp\u00e0s del defensa madrileny","text":"El Villarreal CF ha acordat amb el Fulham FC el trasp\u00e0s del defensa madrileny El Villarreal CF i el Fulham FC han aconseguit un acord de trasp\u00e0s per Jorge Cuenca, que jugar\u00e0 en el combinat angl\u00e9s a partir de la present temporada 2024\/25. Amb la seua arribada a la Premier League, el defensa madrileny tanca la seua etapa com a futbolista del Villarreal CF despr\u00e9s de quatre temporades vinculat a l\u2019entitat i dues d\u2019elles formant part del primer equip, amb el qual ha jugat un total de 60 partits. El Villarreal CF agraeix el seu comprom\u00eds i professionalitat durant la seua etapa com a futbolista groc i li desitja la major de les sorts en la seua nova aventura professional.","headings":[{"type":"heading","level":2,"text":"El Villarreal CF ha acordat amb el Fulham FC el trasp\u00e0s del defensa madrileny"}],"texts":[{"type":"paragraph","text":"El Villarreal CF i el Fulham FC han aconseguit un acord de trasp\u00e0s per Jorge Cuenca, que jugar\u00e0 en el combinat angl\u00e9s a partir de la present temporada 2024\/25."},{"type":"paragraph","text":"Amb la seua arribada a la Premier League, el defensa madrileny tanca la seua etapa com a futbolista del Villarreal CF despr\u00e9s de quatre temporades vinculat a l\u2019entitat i dues d\u2019elles formant part del primer equip, amb el qual ha jugat un total de 60 partits."},{"type":"paragraph","text":"El Villarreal CF agraeix el seu comprom\u00eds i professionalitat durant la seua etapa com a futbolista groc i li desitja la major de les sorts en la seua nova aventura professional."}],"buttons":[],"images":[],"widgets":[],"blocks":[{"type":"heading","level":2,"text":"El Villarreal CF ha acordat amb el Fulham FC el trasp\u00e0s del defensa madrileny"},{"type":"paragraph","text":"El Villarreal CF i el Fulham FC han aconseguit un acord de trasp\u00e0s per Jorge Cuenca, que jugar\u00e0 en el combinat angl\u00e9s a partir de la present temporada 2024\/25."},{"type":"paragraph","text":"Amb la seua arribada a la Premier League, el defensa madrileny tanca la seua etapa com a futbolista del Villarreal CF despr\u00e9s de quatre temporades vinculat a l\u2019entitat i dues d\u2019elles formant part del primer equip, amb el qual ha jugat un total de 60 partits."},{"type":"paragraph","text":"El Villarreal CF agraeix el seu comprom\u00eds i professionalitat durant la seua etapa com a futbolista groc i li desitja la major de les sorts en la seua nova aventura professional."}]}],"hero":{"id":"section-1","title":"El Villarreal CF ha acordat amb el Fulham FC el trasp\u00e0s del defensa madrileny","text":"El Villarreal CF ha acordat amb el Fulham FC el trasp\u00e0s del defensa madrileny El Villarreal CF i el Fulham FC han aconseguit un acord de trasp\u00e0s per Jorge Cuenca, que jugar\u00e0 en el combinat angl\u00e9s a partir de la present temporada 2024\/25. Amb la seua arribada a la Premier League, el defensa madrileny tanca la seua etapa com a futbolista del Villarreal CF despr\u00e9s de quatre temporades vinculat a l\u2019entitat i dues d\u2019elles formant part del primer equip, amb el qual ha jugat un total de 60 partits. El Villarreal CF agraeix el seu comprom\u00eds i professionalitat durant la seua etapa com a futbolista groc i li desitja la major de les sorts en la seua nova aventura professional.","headings":[{"type":"heading","level":2,"text":"El Villarreal CF ha acordat amb el Fulham FC el trasp\u00e0s del defensa madrileny"}],"texts":[{"type":"paragraph","text":"El Villarreal CF i el Fulham FC han aconseguit un acord de trasp\u00e0s per Jorge Cuenca, que jugar\u00e0 en el combinat angl\u00e9s a partir de la present temporada 2024\/25."},{"type":"paragraph","text":"Amb la seua arribada a la Premier League, el defensa madrileny tanca la seua etapa com a futbolista del Villarreal CF despr\u00e9s de quatre temporades vinculat a l\u2019entitat i dues d\u2019elles formant part del primer equip, amb el qual ha jugat un total de 60 partits."},{"type":"paragraph","text":"El Villarreal CF agraeix el seu comprom\u00eds i professionalitat durant la seua etapa com a futbolista groc i li desitja la major de les sorts en la seua nova aventura professional."}],"buttons":[],"images":[],"widgets":[],"blocks":[{"type":"heading","level":2,"text":"El Villarreal CF ha acordat amb el Fulham FC el trasp\u00e0s del defensa madrileny"},{"type":"paragraph","text":"El Villarreal CF i el Fulham FC han aconseguit un acord de trasp\u00e0s per Jorge Cuenca, que jugar\u00e0 en el combinat angl\u00e9s a partir de la present temporada 2024\/25."},{"type":"paragraph","text":"Amb la seua arribada a la Premier League, el defensa madrileny tanca la seua etapa com a futbolista del Villarreal CF despr\u00e9s de quatre temporades vinculat a l\u2019entitat i dues d\u2019elles formant part del primer equip, amb el qual ha jugat un total de 60 partits."},{"type":"paragraph","text":"El Villarreal CF agraeix el seu comprom\u00eds i professionalitat durant la seua etapa com a futbolista groc i li desitja la major de les sorts en la seua nova aventura professional."}]}},"sections":[{"id":"section-1","title":"El Villarreal CF ha acordat amb el Fulham FC el trasp\u00e0s del defensa madrileny","text":"El Villarreal CF ha acordat amb el Fulham FC el trasp\u00e0s del defensa madrileny El Villarreal CF i el Fulham FC han aconseguit un acord de trasp\u00e0s per Jorge Cuenca, que jugar\u00e0 en el combinat angl\u00e9s a partir de la present temporada 2024\/25. Amb la seua arribada a la Premier League, el defensa madrileny tanca la seua etapa com a futbolista del Villarreal CF despr\u00e9s de quatre temporades vinculat a l\u2019entitat i dues d\u2019elles formant part del primer equip, amb el qual ha jugat un total de 60 partits. El Villarreal CF agraeix el seu comprom\u00eds i professionalitat durant la seua etapa com a futbolista groc i li desitja la major de les sorts en la seua nova aventura professional.","url":"","background_image":"","images":[],"videos":[],"links":[]}]},"excerpt":{"rendered":"El Villarreal CF ha acordat amb el Fulham FC el trasp\u00e0s del defensa madrileny","protected":false},"author":23,"featured_media":315652,"comment_status":"closed","ping_status":"closed","sticky":false,"template":"","format":"standard","meta":{"_acf_changed":false,"footnotes":""},"categories":[13493],"tags":[717,9270,14832,9278,716,9205,9627,9787,9203],"acf":null,"lang":"val","translations":{"es":315647,"val":315653,"en":315656},"essential_grid":{"has_grid":false},"formatted_date":"August 3, 2024","modified_date":"August 3, 2024","permalink":"https:\/\/villarrealcf.es\/val\/comunicado-oficial-jorge-cuenca\/","reading_time":1,"featured_media_data":{"id":315652,"title":"ASSaintEtienne-VillarrealCF-032","caption":"","alt_text":"","description":"","mime_type":"image\/jpeg","source_url":"https:\/\/villarrealcf.es\/wp-content\/uploads\/2024\/08\/ASSaintEtienne-VillarrealCF-032-scaled.jpg","sizes":{"thumbnail":{"url":"https:\/\/villarrealcf.es\/wp-content\/uploads\/2024\/08\/ASSaintEtienne-VillarrealCF-032-1920x1080.jpg","width":1920,"height":1080},"medium":{"url":"https:\/\/villarrealcf.es\/wp-content\/uploads\/2024\/08\/ASSaintEtienne-VillarrealCF-032-1920x1080.jpg","width":1920,"height":1080},"medium_large":{"url":"https:\/\/villarrealcf.es\/wp-content\/uploads\/2024\/08\/ASSaintEtienne-VillarrealCF-032-768x432.jpg","width":768,"height":432},"large":{"url":"https:\/\/villarrealcf.es\/wp-content\/uploads\/2024\/08\/ASSaintEtienne-VillarrealCF-032-1920x1080.jpg","width":788,"height":443},"1536x1536":{"url":"https:\/\/villarrealcf.es\/wp-content\/uploads\/2024\/08\/ASSaintEtienne-VillarrealCF-032-1536x864.jpg","width":1536,"height":864},"2048x2048":{"url":"https:\/\/villarrealcf.es\/wp-content\/uploads\/2024\/08\/ASSaintEtienne-VillarrealCF-032-2048x1152.jpg","width":2048,"height":1152},"tp-image-grid":{"url":"https:\/\/villarrealcf.es\/wp-content\/uploads\/2024\/08\/ASSaintEtienne-VillarrealCF-032-700x700.jpg","width":700,"height":700},"size-bunyad-medium":{"url":"https:\/\/villarrealcf.es\/wp-content\/uploads\/2024\/08\/ASSaintEtienne-VillarrealCF-032-1920x1080.jpg","width":1920,"height":1080},"sportspress-crop-medium":{"url":"https:\/\/villarrealcf.es\/wp-content\/uploads\/2024\/08\/ASSaintEtienne-VillarrealCF-032-300x300.jpg","width":300,"height":300},"sportspress-fit-medium":{"url":"https:\/\/villarrealcf.es\/wp-content\/uploads\/2024\/08\/ASSaintEtienne-VillarrealCF-032-300x169.jpg","width":300,"height":169},"sportspress-fit-icon":{"url":"https:\/\/villarrealcf.es\/wp-content\/uploads\/2024\/08\/ASSaintEtienne-VillarrealCF-032-128x72.jpg","width":128,"height":72},"sportspress-fit-mini":{"url":"https:\/\/villarrealcf.es\/wp-content\/uploads\/2024\/08\/ASSaintEtienne-VillarrealCF-032-32x18.jpg","width":32,"height":18},"bunyad-small":{"url":"https:\/\/villarrealcf.es\/wp-content\/uploads\/2024\/08\/ASSaintEtienne-VillarrealCF-032-150x84.jpg","width":150,"height":84},"bunyad-medium":{"url":"https:\/\/villarrealcf.es\/wp-content\/uploads\/2024\/08\/ASSaintEtienne-VillarrealCF-032-450x253.jpg","width":450,"height":253},"bunyad-full":{"url":"https:\/\/villarrealcf.es\/wp-content\/uploads\/2024\/08\/ASSaintEtienne-VillarrealCF-032-1200x675.jpg","width":1200,"height":675},"bunyad-viewport":{"url":"https:\/\/villarrealcf.es\/wp-content\/uploads\/2024\/08\/ASSaintEtienne-VillarrealCF-032-2048x1152.jpg","width":2048,"height":1152},"bunyad-768":{"url":"https:\/\/villarrealcf.es\/wp-content\/uploads\/2024\/08\/ASSaintEtienne-VillarrealCF-032-768x432.jpg","width":768,"height":432},"full":{"url":"https:\/\/villarrealcf.es\/wp-content\/uploads\/2024\/08\/ASSaintEtienne-VillarrealCF-032-scaled.jpg","width":2560,"height":1440}}},"author_data":{"id":"23","name":"Fran Segovia","first_name":"Fran","last_name":"Segovia","description":"","avatar_url":"https:\/\/secure.gravatar.com\/avatar\/9ec849b3b9cb451091f0a96d7943b1c6be26a8d6fd3b94d5b5bfd496b2536c42?s=96&d=mm&r=g","acf":null},"taxonomies_data":{"category":[{"id":13493,"name":"Primer equip","slug":"primer-equip","acf":null}],"post_tag":[{"id":717,"name":"Football","slug":"football-d34","acf":null},{"id":9270,"name":"Futbol","slug":"futbol-val","acf":null},{"id":14832,"name":"Jorge Cuenca","slug":"jorge-cuenca-2-val","acf":null},{"id":9278,"name":"primera division","slug":"primera-division-val","acf":null},{"id":716,"name":"Soccer","slug":"soccer-d105","acf":null},{"id":9205,"name":"Submarino","slug":"submarino-val","acf":null},{"id":9627,"name":"Submarino Amarillo","slug":"submarino-amarillo-val","acf":null},{"id":9787,"name":"Traspaso","slug":"traspaso-val","acf":null},{"id":9203,"name":"Villarreal CF","slug":"villarreal-cf-val","acf":null}],"translation_priority":[{"id":735,"name":"Optional","slug":"optional-val","acf":null}]},"seo_full":{"native":{"title":"Comunicat oficial: Jorge Cuenca - Web Oficial del Villarreal CF","description":"El Villarreal CF ha acordat amb el Fulham FC el trasp\u00e0s del defensa madrileny","canonical":"https:\/\/villarrealcf.es\/val\/comunicado-oficial-jorge-cuenca\/"}},"_links":{"self":[{"href":"https:\/\/villarrealcf.es\/val\/wp-json\/wp\/v2\/posts\/315653","targetHints":{"allow":["GET"]}}],"collection":[{"href":"https:\/\/villarrealcf.es\/val\/wp-json\/wp\/v2\/posts"}],"about":[{"href":"https:\/\/villarrealcf.es\/val\/wp-json\/wp\/v2\/types\/post"}],"author":[{"embeddable":true,"href":"https:\/\/villarrealcf.es\/val\/wp-json\/wp\/v2\/users\/23"}],"replies":[{"embeddable":true,"href":"https:\/\/villarrealcf.es\/val\/wp-json\/wp\/v2\/comments?post=315653"}],"version-history":[{"count":0,"href":"https:\/\/villarrealcf.es\/val\/wp-json\/wp\/v2\/posts\/315653\/revisions"}],"wp:featuredmedia":[{"embeddable":true,"href":"https:\/\/villarrealcf.es\/val\/wp-json\/wp\/v2\/media\/315652"}],"wp:attachment":[{"href":"https:\/\/villarrealcf.es\/val\/wp-json\/wp\/v2\/media?parent=315653"}],"wp:term":[{"taxonomy":"category","embeddable":true,"href":"https:\/\/villarrealcf.es\/val\/wp-json\/wp\/v2\/categories?post=315653"},{"taxonomy":"post_tag","embeddable":true,"href":"https:\/\/villarrealcf.es\/val\/wp-json\/wp\/v2\/tags?post=315653"}],"curies":[{"name":"wp","href":"https:\/\/api.w.org\/{rel}","templated":true}]}}