{"id":315599,"date":"2024-07-17T10:34:00","date_gmt":"2024-07-17T08:34:00","guid":{"rendered":"https:\/\/villarrealcf.es\/claudia-ensenat-refuerzo-para-el-filial-del-villarreal-femenino\/"},"modified":"2024-08-02T10:51:21","modified_gmt":"2024-08-02T08:51:21","slug":"claudia-ensenat-reforc-per-al-filial-del-villarreal-femeni","status":"publish","type":"post","link":"https:\/\/villarrealcf.es\/val\/claudia-ensenat-reforc-per-al-filial-del-villarreal-femeni\/","title":{"rendered":"Claudia Ense\u00f1at, refor\u00e7 per al filial del Villarreal Femen\u00ed"},"content":{"protected":false,"blocks":[{"type":"heading","level":2,"text":"La futbolista balear aterra en la Cantera de l\u2019entitat groga"},{"type":"paragraph","text":"El Villarreal CF ha aconseguit un acord amb la futbolista Claudia Ense\u00f1at, qui aterra en el filial del Villarreal Femen\u00ed, encara que formar\u00e0 part de la din\u00e0mica del primer equip."},{"type":"paragraph","text":"Joventut i talent en la defensa"},{"type":"paragraph","text":"Claudia Ense\u00f1at Galindo (11\/02\/2007, Andratx, Mallorca) \u00e9s una jove futbolista que actua com a defensa. La balear es va formar en les categories inferiors del CE Andratx i del Platges de Calvi\u00e0, sent habitual de la Selecci\u00f3 Balear. La passada temporada militava en les files de l\u2019Atl\u00e9tico Baleares B."},{"type":"paragraph","text":"Claudia ja ha rebut la trucada de la Selecci\u00f3 Espanyola Sub-15 per a participar en diversos entrenaments i, recentment, va participar en el Torneig de Desenvolupament UEFA amb la Sub-16."}],"structured":{"summary":{"text":"La futbolista balear aterra en la Cantera de l\u2019entitat groga El Villarreal CF ha aconseguit un acord amb la futbolista Claudia Ense\u00f1at, qui aterra en el filial del Villarreal Femen\u00ed, encara que formar\u00e0 part de la din\u00e0mica del primer equip. Joventut i talent en la defensa Claudia Ense\u00f1at Galindo (11\/02\/2007, Andratx, Mallorca) \u00e9s una jove futbolista que actua com a defensa. La balear es va formar en les categories inferiors del CE Andratx i del Platges de Calvi\u00e0, sent habitual de la Selecci\u00f3 Balear. La passada temporada militava en les files de l\u2019Atl\u00e9tico Baleares B. Claudia ja ha rebut la trucada de la Selecci\u00f3 Espanyola Sub-15 per a participar en diversos entrenaments i, recentment, va participar en el Torneig de Desenvolupament UEFA amb la Sub-16.","headings":[{"type":"heading","level":2,"text":"La futbolista balear aterra en la Cantera de l\u2019entitat groga"}],"buttons":[],"images":[],"counts":{"blocks":5,"headings":1,"texts":4,"buttons":0,"images":0}},"sections":[{"id":"section-1","title":"La futbolista balear aterra en la Cantera de l\u2019entitat groga","text":"La futbolista balear aterra en la Cantera de l\u2019entitat groga El Villarreal CF ha aconseguit un acord amb la futbolista Claudia Ense\u00f1at, qui aterra en el filial del Villarreal Femen\u00ed, encara que formar\u00e0 part de la din\u00e0mica del primer equip. Joventut i talent en la defensa Claudia Ense\u00f1at Galindo (11\/02\/2007, Andratx, Mallorca) \u00e9s una jove futbolista que actua com a defensa. La balear es va formar en les categories inferiors del CE Andratx i del Platges de Calvi\u00e0, sent habitual de la Selecci\u00f3 Balear. La passada temporada militava en les files de l\u2019Atl\u00e9tico Baleares B. Claudia ja ha rebut la trucada de la Selecci\u00f3 Espanyola Sub-15 per a participar en diversos entrenaments i, recentment, va participar en el Torneig de Desenvolupament UEFA amb la Sub-16.","headings":[{"type":"heading","level":2,"text":"La futbolista balear aterra en la Cantera de l\u2019entitat groga"}],"texts":[{"type":"paragraph","text":"El Villarreal CF ha aconseguit un acord amb la futbolista Claudia Ense\u00f1at, qui aterra en el filial del Villarreal Femen\u00ed, encara que formar\u00e0 part de la din\u00e0mica del primer equip."},{"type":"paragraph","text":"Joventut i talent en la defensa"},{"type":"paragraph","text":"Claudia Ense\u00f1at Galindo (11\/02\/2007, Andratx, Mallorca) \u00e9s una jove futbolista que actua com a defensa. La balear es va formar en les categories inferiors del CE Andratx i del Platges de Calvi\u00e0, sent habitual de la Selecci\u00f3 Balear. La passada temporada militava en les files de l\u2019Atl\u00e9tico Baleares B."},{"type":"paragraph","text":"Claudia ja ha rebut la trucada de la Selecci\u00f3 Espanyola Sub-15 per a participar en diversos entrenaments i, recentment, va participar en el Torneig de Desenvolupament UEFA amb la Sub-16."}],"buttons":[],"images":[],"widgets":[],"blocks":[{"type":"heading","level":2,"text":"La futbolista balear aterra en la Cantera de l\u2019entitat groga"},{"type":"paragraph","text":"El Villarreal CF ha aconseguit un acord amb la futbolista Claudia Ense\u00f1at, qui aterra en el filial del Villarreal Femen\u00ed, encara que formar\u00e0 part de la din\u00e0mica del primer equip."},{"type":"paragraph","text":"Joventut i talent en la defensa"},{"type":"paragraph","text":"Claudia Ense\u00f1at Galindo (11\/02\/2007, Andratx, Mallorca) \u00e9s una jove futbolista que actua com a defensa. La balear es va formar en les categories inferiors del CE Andratx i del Platges de Calvi\u00e0, sent habitual de la Selecci\u00f3 Balear. La passada temporada militava en les files de l\u2019Atl\u00e9tico Baleares B."},{"type":"paragraph","text":"Claudia ja ha rebut la trucada de la Selecci\u00f3 Espanyola Sub-15 per a participar en diversos entrenaments i, recentment, va participar en el Torneig de Desenvolupament UEFA amb la Sub-16."}]}],"hero":{"id":"section-1","title":"La futbolista balear aterra en la Cantera de l\u2019entitat groga","text":"La futbolista balear aterra en la Cantera de l\u2019entitat groga El Villarreal CF ha aconseguit un acord amb la futbolista Claudia Ense\u00f1at, qui aterra en el filial del Villarreal Femen\u00ed, encara que formar\u00e0 part de la din\u00e0mica del primer equip. Joventut i talent en la defensa Claudia Ense\u00f1at Galindo (11\/02\/2007, Andratx, Mallorca) \u00e9s una jove futbolista que actua com a defensa. La balear es va formar en les categories inferiors del CE Andratx i del Platges de Calvi\u00e0, sent habitual de la Selecci\u00f3 Balear. La passada temporada militava en les files de l\u2019Atl\u00e9tico Baleares B. Claudia ja ha rebut la trucada de la Selecci\u00f3 Espanyola Sub-15 per a participar en diversos entrenaments i, recentment, va participar en el Torneig de Desenvolupament UEFA amb la Sub-16.","headings":[{"type":"heading","level":2,"text":"La futbolista balear aterra en la Cantera de l\u2019entitat groga"}],"texts":[{"type":"paragraph","text":"El Villarreal CF ha aconseguit un acord amb la futbolista Claudia Ense\u00f1at, qui aterra en el filial del Villarreal Femen\u00ed, encara que formar\u00e0 part de la din\u00e0mica del primer equip."},{"type":"paragraph","text":"Joventut i talent en la defensa"},{"type":"paragraph","text":"Claudia Ense\u00f1at Galindo (11\/02\/2007, Andratx, Mallorca) \u00e9s una jove futbolista que actua com a defensa. La balear es va formar en les categories inferiors del CE Andratx i del Platges de Calvi\u00e0, sent habitual de la Selecci\u00f3 Balear. La passada temporada militava en les files de l\u2019Atl\u00e9tico Baleares B."},{"type":"paragraph","text":"Claudia ja ha rebut la trucada de la Selecci\u00f3 Espanyola Sub-15 per a participar en diversos entrenaments i, recentment, va participar en el Torneig de Desenvolupament UEFA amb la Sub-16."}],"buttons":[],"images":[],"widgets":[],"blocks":[{"type":"heading","level":2,"text":"La futbolista balear aterra en la Cantera de l\u2019entitat groga"},{"type":"paragraph","text":"El Villarreal CF ha aconseguit un acord amb la futbolista Claudia Ense\u00f1at, qui aterra en el filial del Villarreal Femen\u00ed, encara que formar\u00e0 part de la din\u00e0mica del primer equip."},{"type":"paragraph","text":"Joventut i talent en la defensa"},{"type":"paragraph","text":"Claudia Ense\u00f1at Galindo (11\/02\/2007, Andratx, Mallorca) \u00e9s una jove futbolista que actua com a defensa. La balear es va formar en les categories inferiors del CE Andratx i del Platges de Calvi\u00e0, sent habitual de la Selecci\u00f3 Balear. La passada temporada militava en les files de l\u2019Atl\u00e9tico Baleares B."},{"type":"paragraph","text":"Claudia ja ha rebut la trucada de la Selecci\u00f3 Espanyola Sub-15 per a participar en diversos entrenaments i, recentment, va participar en el Torneig de Desenvolupament UEFA amb la Sub-16."}]}},"sections":[{"id":"section-1","title":"La futbolista balear aterra en la Cantera de l\u2019entitat groga","text":"La futbolista balear aterra en la Cantera de l\u2019entitat groga El Villarreal CF ha aconseguit un acord amb la futbolista Claudia Ense\u00f1at, qui aterra en el filial del Villarreal Femen\u00ed, encara que formar\u00e0 part de la din\u00e0mica del primer equip. Joventut i talent en la defensa Claudia Ense\u00f1at Galindo (11\/02\/2007, Andratx, Mallorca) \u00e9s una jove futbolista que actua com a defensa. La balear es va formar en les categories inferiors del CE Andratx i del Platges de Calvi\u00e0, sent habitual de la Selecci\u00f3 Balear. La passada temporada militava en les files de l\u2019Atl\u00e9tico Baleares B. Claudia ja ha rebut la trucada de la Selecci\u00f3 Espanyola Sub-15 per a participar en diversos entrenaments i, recentment, va participar en el Torneig de Desenvolupament UEFA amb la Sub-16.","url":"","background_image":"","images":[],"videos":[],"links":[]}]},"excerpt":{"rendered":"La futbolista balear aterra en la Cantera de l&#8217;entitat groga","protected":false},"author":29,"featured_media":315597,"comment_status":"closed","ping_status":"closed","sticky":false,"template":"","format":"standard","meta":{"_acf_changed":false,"footnotes":""},"categories":[13785],"tags":[717,9270,9684,716,9205,9203,12685],"acf":null,"lang":"val","translations":{"es":315594,"val":315599},"essential_grid":{"has_grid":false},"formatted_date":"July 17, 2024","modified_date":"August 2, 2024","permalink":"https:\/\/villarrealcf.es\/val\/claudia-ensenat-reforc-per-al-filial-del-villarreal-femeni\/","reading_time":1,"featured_media_data":{"id":315597,"title":"20240711-ClaudiaFichajeFem-004 web","caption":"","alt_text":"","description":"","mime_type":"image\/jpeg","source_url":"https:\/\/villarrealcf.es\/wp-content\/uploads\/2024\/08\/20240711-ClaudiaFichajeFem-004-web.jpg","sizes":{"thumbnail":{"url":"https:\/\/villarrealcf.es\/wp-content\/uploads\/2024\/08\/20240711-ClaudiaFichajeFem-004-web.jpg","width":1920,"height":1080},"medium":{"url":"https:\/\/villarrealcf.es\/wp-content\/uploads\/2024\/08\/20240711-ClaudiaFichajeFem-004-web.jpg","width":1920,"height":1080},"medium_large":{"url":"https:\/\/villarrealcf.es\/wp-content\/uploads\/2024\/08\/20240711-ClaudiaFichajeFem-004-web-768x432.jpg","width":768,"height":432},"large":{"url":"https:\/\/villarrealcf.es\/wp-content\/uploads\/2024\/08\/20240711-ClaudiaFichajeFem-004-web.jpg","width":788,"height":443},"1536x1536":{"url":"https:\/\/villarrealcf.es\/wp-content\/uploads\/2024\/08\/20240711-ClaudiaFichajeFem-004-web-1536x864.jpg","width":1536,"height":864},"2048x2048":{"url":"https:\/\/villarrealcf.es\/wp-content\/uploads\/2024\/08\/20240711-ClaudiaFichajeFem-004-web.jpg","width":1920,"height":1080},"tp-image-grid":{"url":"https:\/\/villarrealcf.es\/wp-content\/uploads\/2024\/08\/20240711-ClaudiaFichajeFem-004-web-700x700.jpg","width":700,"height":700},"size-bunyad-medium":{"url":"https:\/\/villarrealcf.es\/wp-content\/uploads\/2024\/08\/20240711-ClaudiaFichajeFem-004-web.jpg","width":1920,"height":1080},"sportspress-crop-medium":{"url":"https:\/\/villarrealcf.es\/wp-content\/uploads\/2024\/08\/20240711-ClaudiaFichajeFem-004-web-300x300.jpg","width":300,"height":300},"sportspress-fit-medium":{"url":"https:\/\/villarrealcf.es\/wp-content\/uploads\/2024\/08\/20240711-ClaudiaFichajeFem-004-web-300x169.jpg","width":300,"height":169},"sportspress-fit-icon":{"url":"https:\/\/villarrealcf.es\/wp-content\/uploads\/2024\/08\/20240711-ClaudiaFichajeFem-004-web-128x72.jpg","width":128,"height":72},"sportspress-fit-mini":{"url":"https:\/\/villarrealcf.es\/wp-content\/uploads\/2024\/08\/20240711-ClaudiaFichajeFem-004-web-32x18.jpg","width":32,"height":18},"bunyad-small":{"url":"https:\/\/villarrealcf.es\/wp-content\/uploads\/2024\/08\/20240711-ClaudiaFichajeFem-004-web-150x84.jpg","width":150,"height":84},"bunyad-medium":{"url":"https:\/\/villarrealcf.es\/wp-content\/uploads\/2024\/08\/20240711-ClaudiaFichajeFem-004-web-450x253.jpg","width":450,"height":253},"bunyad-full":{"url":"https:\/\/villarrealcf.es\/wp-content\/uploads\/2024\/08\/20240711-ClaudiaFichajeFem-004-web-1200x675.jpg","width":1200,"height":675},"bunyad-viewport":{"url":"https:\/\/villarrealcf.es\/wp-content\/uploads\/2024\/08\/20240711-ClaudiaFichajeFem-004-web.jpg","width":1920,"height":1080},"bunyad-768":{"url":"https:\/\/villarrealcf.es\/wp-content\/uploads\/2024\/08\/20240711-ClaudiaFichajeFem-004-web-768x432.jpg","width":768,"height":432},"full":{"url":"https:\/\/villarrealcf.es\/wp-content\/uploads\/2024\/08\/20240711-ClaudiaFichajeFem-004-web.jpg","width":1920,"height":1080}}},"author_data":{"id":"29","name":"Azahara Beroy","first_name":"Azahara","last_name":"Beroy","description":"","avatar_url":"https:\/\/secure.gravatar.com\/avatar\/91b979a91a1925e60814719244bbf7824af58ced5a6e2130c2611bde24439aa7?s=96&d=mm&r=g","acf":null},"taxonomies_data":{"category":[{"id":13785,"name":"Futbol Femen\u00ed","slug":"futbol-femenino-val","acf":null}],"post_tag":[{"id":717,"name":"Football","slug":"football-d34","acf":null},{"id":9270,"name":"Futbol","slug":"futbol-val","acf":null},{"id":9684,"name":"F\u00fatbol Femenino","slug":"futbol-femenino-val-2","acf":null},{"id":716,"name":"Soccer","slug":"soccer-d105","acf":null},{"id":9205,"name":"Submarino","slug":"submarino-val","acf":null},{"id":9203,"name":"Villarreal CF","slug":"villarreal-cf-val","acf":null},{"id":12685,"name":"Villarreal Femenino","slug":"villarreal-femenino-val","acf":null}],"translation_priority":[{"id":735,"name":"Optional","slug":"optional-val","acf":null}]},"seo_full":{"native":{"title":"Claudia Ense\u00f1at, refor\u00e7 per al filial del Villarreal Femen\u00ed - Web Oficial del Villarreal CF","description":"La futbolista balear aterra en la Cantera de l'entitat groga","canonical":"https:\/\/villarrealcf.es\/val\/claudia-ensenat-reforc-per-al-filial-del-villarreal-femeni\/"}},"_links":{"self":[{"href":"https:\/\/villarrealcf.es\/val\/wp-json\/wp\/v2\/posts\/315599","targetHints":{"allow":["GET"]}}],"collection":[{"href":"https:\/\/villarrealcf.es\/val\/wp-json\/wp\/v2\/posts"}],"about":[{"href":"https:\/\/villarrealcf.es\/val\/wp-json\/wp\/v2\/types\/post"}],"author":[{"embeddable":true,"href":"https:\/\/villarrealcf.es\/val\/wp-json\/wp\/v2\/users\/29"}],"replies":[{"embeddable":true,"href":"https:\/\/villarrealcf.es\/val\/wp-json\/wp\/v2\/comments?post=315599"}],"version-history":[{"count":0,"href":"https:\/\/villarrealcf.es\/val\/wp-json\/wp\/v2\/posts\/315599\/revisions"}],"wp:featuredmedia":[{"embeddable":true,"href":"https:\/\/villarrealcf.es\/val\/wp-json\/wp\/v2\/media\/315597"}],"wp:attachment":[{"href":"https:\/\/villarrealcf.es\/val\/wp-json\/wp\/v2\/media?parent=315599"}],"wp:term":[{"taxonomy":"category","embeddable":true,"href":"https:\/\/villarrealcf.es\/val\/wp-json\/wp\/v2\/categories?post=315599"},{"taxonomy":"post_tag","embeddable":true,"href":"https:\/\/villarrealcf.es\/val\/wp-json\/wp\/v2\/tags?post=315599"}],"curies":[{"name":"wp","href":"https:\/\/api.w.org\/{rel}","templated":true}]}}