{"id":315295,"date":"2024-07-30T14:59:07","date_gmt":"2024-07-30T12:59:07","guid":{"rendered":"https:\/\/villarrealcf.es\/ben-brereton-traspasado-al-southampton-fc\/"},"modified":"2024-07-30T13:31:37","modified_gmt":"2024-07-30T11:31:37","slug":"ben-brereton-traspassat-al-southampton-fc","status":"publish","type":"post","link":"https:\/\/villarrealcf.es\/val\/ben-brereton-traspassat-al-southampton-fc\/","title":{"rendered":"Ben Brereton, traspassat al Southampton FC"},"content":{"protected":false,"blocks":[{"type":"heading","level":2,"text":"El Villarreal CF ha arribat un acord de trasp\u00e0s pel futbolista anglochileno"},{"type":"paragraph","text":"El Villarreal CF i el Southampton FC han acordat el trasp\u00e0s de Ben Brereton D\u00edaz. El davanter anglochileno finalitza la seua etapa en el Submar\u00ed Groc i posa rumb a la Premier League, on jugar\u00e0 la pr\u00f2xima campanya."},{"type":"paragraph","text":"Com groguet, va disputar 20 partits en la primera mitat de la temporada 2023-24 i en el mercat hivernal va marxar cedit al Sheffield United."},{"type":"paragraph","text":"El Villarreal CF li agra\u00efx la professionalitat durant la seua etapa com com groguet i li desitja molta sort en el seu futur professional."}],"structured":{"summary":{"text":"El Villarreal CF ha arribat un acord de trasp\u00e0s pel futbolista anglochileno El Villarreal CF i el Southampton FC han acordat el trasp\u00e0s de Ben Brereton D\u00edaz. El davanter anglochileno finalitza la seua etapa en el Submar\u00ed Groc i posa rumb a la Premier League, on jugar\u00e0 la pr\u00f2xima campanya. Com groguet, va disputar 20 partits en la primera mitat de la temporada 2023-24 i en el mercat hivernal va marxar cedit al Sheffield United. El Villarreal CF li agra\u00efx la professionalitat durant la seua etapa com com groguet i li desitja molta sort en el seu futur professional.","headings":[{"type":"heading","level":2,"text":"El Villarreal CF ha arribat un acord de trasp\u00e0s pel futbolista anglochileno"}],"buttons":[],"images":[],"counts":{"blocks":4,"headings":1,"texts":3,"buttons":0,"images":0}},"sections":[{"id":"section-1","title":"El Villarreal CF ha arribat un acord de trasp\u00e0s pel futbolista anglochileno","text":"El Villarreal CF ha arribat un acord de trasp\u00e0s pel futbolista anglochileno El Villarreal CF i el Southampton FC han acordat el trasp\u00e0s de Ben Brereton D\u00edaz. El davanter anglochileno finalitza la seua etapa en el Submar\u00ed Groc i posa rumb a la Premier League, on jugar\u00e0 la pr\u00f2xima campanya. Com groguet, va disputar 20 partits en la primera mitat de la temporada 2023-24 i en el mercat hivernal va marxar cedit al Sheffield United. El Villarreal CF li agra\u00efx la professionalitat durant la seua etapa com com groguet i li desitja molta sort en el seu futur professional.","headings":[{"type":"heading","level":2,"text":"El Villarreal CF ha arribat un acord de trasp\u00e0s pel futbolista anglochileno"}],"texts":[{"type":"paragraph","text":"El Villarreal CF i el Southampton FC han acordat el trasp\u00e0s de Ben Brereton D\u00edaz. El davanter anglochileno finalitza la seua etapa en el Submar\u00ed Groc i posa rumb a la Premier League, on jugar\u00e0 la pr\u00f2xima campanya."},{"type":"paragraph","text":"Com groguet, va disputar 20 partits en la primera mitat de la temporada 2023-24 i en el mercat hivernal va marxar cedit al Sheffield United."},{"type":"paragraph","text":"El Villarreal CF li agra\u00efx la professionalitat durant la seua etapa com com groguet i li desitja molta sort en el seu futur professional."}],"buttons":[],"images":[],"widgets":[],"blocks":[{"type":"heading","level":2,"text":"El Villarreal CF ha arribat un acord de trasp\u00e0s pel futbolista anglochileno"},{"type":"paragraph","text":"El Villarreal CF i el Southampton FC han acordat el trasp\u00e0s de Ben Brereton D\u00edaz. El davanter anglochileno finalitza la seua etapa en el Submar\u00ed Groc i posa rumb a la Premier League, on jugar\u00e0 la pr\u00f2xima campanya."},{"type":"paragraph","text":"Com groguet, va disputar 20 partits en la primera mitat de la temporada 2023-24 i en el mercat hivernal va marxar cedit al Sheffield United."},{"type":"paragraph","text":"El Villarreal CF li agra\u00efx la professionalitat durant la seua etapa com com groguet i li desitja molta sort en el seu futur professional."}]}],"hero":{"id":"section-1","title":"El Villarreal CF ha arribat un acord de trasp\u00e0s pel futbolista anglochileno","text":"El Villarreal CF ha arribat un acord de trasp\u00e0s pel futbolista anglochileno El Villarreal CF i el Southampton FC han acordat el trasp\u00e0s de Ben Brereton D\u00edaz. El davanter anglochileno finalitza la seua etapa en el Submar\u00ed Groc i posa rumb a la Premier League, on jugar\u00e0 la pr\u00f2xima campanya. Com groguet, va disputar 20 partits en la primera mitat de la temporada 2023-24 i en el mercat hivernal va marxar cedit al Sheffield United. El Villarreal CF li agra\u00efx la professionalitat durant la seua etapa com com groguet i li desitja molta sort en el seu futur professional.","headings":[{"type":"heading","level":2,"text":"El Villarreal CF ha arribat un acord de trasp\u00e0s pel futbolista anglochileno"}],"texts":[{"type":"paragraph","text":"El Villarreal CF i el Southampton FC han acordat el trasp\u00e0s de Ben Brereton D\u00edaz. El davanter anglochileno finalitza la seua etapa en el Submar\u00ed Groc i posa rumb a la Premier League, on jugar\u00e0 la pr\u00f2xima campanya."},{"type":"paragraph","text":"Com groguet, va disputar 20 partits en la primera mitat de la temporada 2023-24 i en el mercat hivernal va marxar cedit al Sheffield United."},{"type":"paragraph","text":"El Villarreal CF li agra\u00efx la professionalitat durant la seua etapa com com groguet i li desitja molta sort en el seu futur professional."}],"buttons":[],"images":[],"widgets":[],"blocks":[{"type":"heading","level":2,"text":"El Villarreal CF ha arribat un acord de trasp\u00e0s pel futbolista anglochileno"},{"type":"paragraph","text":"El Villarreal CF i el Southampton FC han acordat el trasp\u00e0s de Ben Brereton D\u00edaz. El davanter anglochileno finalitza la seua etapa en el Submar\u00ed Groc i posa rumb a la Premier League, on jugar\u00e0 la pr\u00f2xima campanya."},{"type":"paragraph","text":"Com groguet, va disputar 20 partits en la primera mitat de la temporada 2023-24 i en el mercat hivernal va marxar cedit al Sheffield United."},{"type":"paragraph","text":"El Villarreal CF li agra\u00efx la professionalitat durant la seua etapa com com groguet i li desitja molta sort en el seu futur professional."}]}},"sections":[{"id":"section-1","title":"El Villarreal CF ha arribat un acord de trasp\u00e0s pel futbolista anglochileno","text":"El Villarreal CF ha arribat un acord de trasp\u00e0s pel futbolista anglochileno El Villarreal CF i el Southampton FC han acordat el trasp\u00e0s de Ben Brereton D\u00edaz. El davanter anglochileno finalitza la seua etapa en el Submar\u00ed Groc i posa rumb a la Premier League, on jugar\u00e0 la pr\u00f2xima campanya. Com groguet, va disputar 20 partits en la primera mitat de la temporada 2023-24 i en el mercat hivernal va marxar cedit al Sheffield United. El Villarreal CF li agra\u00efx la professionalitat durant la seua etapa com com groguet i li desitja molta sort en el seu futur professional.","url":"","background_image":"","images":[],"videos":[],"links":[]}]},"excerpt":{"rendered":"El Villarreal CF ha arribat un acord de trasp\u00e0s pel futbolista anglochileno","protected":false},"author":25,"featured_media":315293,"comment_status":"closed","ping_status":"closed","sticky":false,"template":"","format":"standard","meta":{"_acf_changed":false,"footnotes":""},"categories":[13493],"tags":[14804,717,9270,9278,716,9205,9627,9203],"acf":null,"lang":"val","translations":{"es":315286,"val":315295,"en":315303},"essential_grid":{"has_grid":false},"formatted_date":"July 30, 2024","modified_date":"July 30, 2024","permalink":"https:\/\/villarrealcf.es\/val\/ben-brereton-traspassat-al-southampton-fc\/","reading_time":1,"featured_media_data":{"id":315293,"title":"BEN BRERETON DIAZ","caption":"BEN BRERETON DIAZ","alt_text":"","description":"","mime_type":"image\/jpeg","source_url":"https:\/\/villarrealcf.es\/wp-content\/uploads\/2024\/07\/benbrereton.jpg","sizes":{"thumbnail":{"url":"https:\/\/villarrealcf.es\/wp-content\/uploads\/2024\/07\/benbrereton.jpg","width":1920,"height":1080},"medium":{"url":"https:\/\/villarrealcf.es\/wp-content\/uploads\/2024\/07\/benbrereton.jpg","width":1920,"height":1080},"medium_large":{"url":"https:\/\/villarrealcf.es\/wp-content\/uploads\/2024\/07\/benbrereton-768x432.jpg","width":768,"height":432},"large":{"url":"https:\/\/villarrealcf.es\/wp-content\/uploads\/2024\/07\/benbrereton.jpg","width":788,"height":443},"1536x1536":{"url":"https:\/\/villarrealcf.es\/wp-content\/uploads\/2024\/07\/benbrereton-1536x864.jpg","width":1536,"height":864},"2048x2048":{"url":"https:\/\/villarrealcf.es\/wp-content\/uploads\/2024\/07\/benbrereton.jpg","width":1920,"height":1080},"tp-image-grid":{"url":"https:\/\/villarrealcf.es\/wp-content\/uploads\/2024\/07\/benbrereton-700x700.jpg","width":700,"height":700},"size-bunyad-medium":{"url":"https:\/\/villarrealcf.es\/wp-content\/uploads\/2024\/07\/benbrereton.jpg","width":1920,"height":1080},"sportspress-crop-medium":{"url":"https:\/\/villarrealcf.es\/wp-content\/uploads\/2024\/07\/benbrereton-300x300.jpg","width":300,"height":300},"sportspress-fit-medium":{"url":"https:\/\/villarrealcf.es\/wp-content\/uploads\/2024\/07\/benbrereton-300x169.jpg","width":300,"height":169},"sportspress-fit-icon":{"url":"https:\/\/villarrealcf.es\/wp-content\/uploads\/2024\/07\/benbrereton-128x72.jpg","width":128,"height":72},"sportspress-fit-mini":{"url":"https:\/\/villarrealcf.es\/wp-content\/uploads\/2024\/07\/benbrereton-32x18.jpg","width":32,"height":18},"bunyad-small":{"url":"https:\/\/villarrealcf.es\/wp-content\/uploads\/2024\/07\/benbrereton-150x84.jpg","width":150,"height":84},"bunyad-medium":{"url":"https:\/\/villarrealcf.es\/wp-content\/uploads\/2024\/07\/benbrereton-450x253.jpg","width":450,"height":253},"bunyad-full":{"url":"https:\/\/villarrealcf.es\/wp-content\/uploads\/2024\/07\/benbrereton-1200x675.jpg","width":1200,"height":675},"bunyad-viewport":{"url":"https:\/\/villarrealcf.es\/wp-content\/uploads\/2024\/07\/benbrereton.jpg","width":1920,"height":1080},"bunyad-768":{"url":"https:\/\/villarrealcf.es\/wp-content\/uploads\/2024\/07\/benbrereton-768x432.jpg","width":768,"height":432},"full":{"url":"https:\/\/villarrealcf.es\/wp-content\/uploads\/2024\/07\/benbrereton.jpg","width":1920,"height":1080}}},"author_data":{"id":"25","name":"Javier Ayuso","first_name":"Javier","last_name":"Ayuso","description":"","avatar_url":"https:\/\/secure.gravatar.com\/avatar\/fcf8894be45988fcce5bbff0efe1790d2a7f4ba57e2c7c898f5068154e696495?s=96&d=mm&r=g","acf":null},"taxonomies_data":{"category":[{"id":13493,"name":"Primer equip","slug":"primer-equip","acf":null}],"post_tag":[{"id":14804,"name":"Ben Brereton","slug":"ben-brereton-val","acf":null},{"id":717,"name":"Football","slug":"football-d34","acf":null},{"id":9270,"name":"Futbol","slug":"futbol-val","acf":null},{"id":9278,"name":"primera division","slug":"primera-division-val","acf":null},{"id":716,"name":"Soccer","slug":"soccer-d105","acf":null},{"id":9205,"name":"Submarino","slug":"submarino-val","acf":null},{"id":9627,"name":"Submarino Amarillo","slug":"submarino-amarillo-val","acf":null},{"id":9203,"name":"Villarreal CF","slug":"villarreal-cf-val","acf":null}],"translation_priority":[{"id":735,"name":"Optional","slug":"optional-val","acf":null}]},"seo_full":{"native":{"title":"Ben Brereton, traspassat al Southampton FC - Web Oficial del Villarreal CF","description":"El Villarreal CF ha arribat un acord de trasp\u00e0s pel futbolista anglochileno","canonical":"https:\/\/villarrealcf.es\/val\/ben-brereton-traspassat-al-southampton-fc\/"}},"_links":{"self":[{"href":"https:\/\/villarrealcf.es\/val\/wp-json\/wp\/v2\/posts\/315295","targetHints":{"allow":["GET"]}}],"collection":[{"href":"https:\/\/villarrealcf.es\/val\/wp-json\/wp\/v2\/posts"}],"about":[{"href":"https:\/\/villarrealcf.es\/val\/wp-json\/wp\/v2\/types\/post"}],"author":[{"embeddable":true,"href":"https:\/\/villarrealcf.es\/val\/wp-json\/wp\/v2\/users\/25"}],"replies":[{"embeddable":true,"href":"https:\/\/villarrealcf.es\/val\/wp-json\/wp\/v2\/comments?post=315295"}],"version-history":[{"count":0,"href":"https:\/\/villarrealcf.es\/val\/wp-json\/wp\/v2\/posts\/315295\/revisions"}],"wp:featuredmedia":[{"embeddable":true,"href":"https:\/\/villarrealcf.es\/val\/wp-json\/wp\/v2\/media\/315293"}],"wp:attachment":[{"href":"https:\/\/villarrealcf.es\/val\/wp-json\/wp\/v2\/media?parent=315295"}],"wp:term":[{"taxonomy":"category","embeddable":true,"href":"https:\/\/villarrealcf.es\/val\/wp-json\/wp\/v2\/categories?post=315295"},{"taxonomy":"post_tag","embeddable":true,"href":"https:\/\/villarrealcf.es\/val\/wp-json\/wp\/v2\/tags?post=315295"}],"curies":[{"name":"wp","href":"https:\/\/api.w.org\/{rel}","templated":true}]}}