{"id":314454,"date":"2024-07-19T14:00:38","date_gmt":"2024-07-19T12:00:38","guid":{"rendered":"https:\/\/villarrealcf.es\/ultimas-horas-para-renovar-tu-abono-del-villarreal-cf\/"},"modified":"2024-07-19T15:05:30","modified_gmt":"2024-07-19T13:05:30","slug":"ultimas-horas-para-renovar-tu-abono-del-villarreal-cf","status":"publish","type":"post","link":"https:\/\/villarrealcf.es\/val\/ultimas-horas-para-renovar-tu-abono-del-villarreal-cf\/","title":{"rendered":"\u00daltimes hores per a renovar el teu abonament del Villarreal CF!"},"content":{"protected":false,"blocks":[{"type":"heading","level":2,"text":"Els abonats groguets tenen fins dem\u00e0 dissabte 20 de juliol per a renovar el seu abonament amb reserva de seient"},{"type":"paragraph","text":"No oblides renovar el teu abonament per a no perdre els teus seients! Els abonats del Villarreal CF tenen nom\u00e9s fins dem\u00e0 dissabte 20 de juliol per a renovar el seu abonament i mantindre aix\u00ed la seua localitat en l\u2019Estadio de la Cer\u00e1mica."},{"type":"paragraph","text":"Este dilluns 22 de juliol es gestionaran els canvis d\u2019ubicaci\u00f3 i a partir del dimarts comen\u00e7ar\u00e0 l\u2019\u00faltima fase de la campanya d\u2019abonaments, en la qual es tramitaran noves altes, renovacions (sense reserva de seient) i canvis d\u2019ubicaci\u00f3."},{"type":"paragraph","text":"Sota el mateix lema del nou equipament de la temporada, \u2018Nascuts de la terra\u2019, l\u2019entitat apel\u00b7la al sentit d\u2019arrelament i pertinen\u00e7a per a enfortir la uni\u00f3 en aquesta nova temporada il\u00b7lusionant en un Estadio de la Cer\u00e1mica ja totalment renovat, en la qual el club espera rellan\u00e7ar-se i tornar a comptar amb el suport dels seus aficionats."},{"type":"paragraph","text":"Aquests s\u00f3n els punts clau de la campanya d\u2019abonaments 24-25:"},{"type":"list","style":"ul","items":["L\u2019abonament inclou: tots els partits de LaLiga EA Sports del Villarreal CF en l\u2019Estadio de la Cer\u00e1mica i tots els partits de la Cantera Grogueta i del Femen\u00ed en la Ciutat Esportiva Jos\u00e9 Manuel Llaneza.","Es mantenen els preus dels abonaments de la 23-24: si b\u00e9 el club va anunciar en la passada campanya que anava a haver-hi un increment en el preu de l\u2019abonament per a la 24-25, finalment s\u2019ha desestimat i els preus seran exactament els mateixos.","Premi a l\u2019assist\u00e8ncia: els abonats que en la temporada 23-24 han fallat a un m\u00e0xim de 4 partits s\u00f3n Very Yellow People Or en la 2024-2025 i pagaran el seu abonament amb el descompte corresponent al \u2018VYP Or\u2019. Aix\u00ed mateix, i com ja \u00e9s habitual, la mateixa pol\u00edtica aplica per a la nova campanya: aquells abonats que falten fins a un m\u00e0xim de 4 partits en la 24-25 obtindran un important descompte i seran \u2018VYP Or\u2019 en la 25-26.","Continua l\u2019aposta pel Carnet Jove: els menors de 26 anys (nascuts a partir del 01-01-1999) pagaran nom\u00e9s el 50% del preu de l\u2019abonament corresponent en totes les zones de l\u2019estadi, excepte S\u00fapertribuna. Aquells que entren dins d\u2019aquesta franja d\u2019edat i que a m\u00e9s siguen \u2018VYP Or\u2019, obtindran tots dos descomptes.","Un any m\u00e9s, es mant\u00e9 el descompte de 30 euros per a jubilats i pensionistes.","Tots els abonats podran disposar del carnet f\u00edsic i digital. Per a sol\u00b7licitar el digital hauran d\u2019accedir al portal d\u2019abonat de la web oficial 3 dies h\u00e0bils despr\u00e9s de la renovaci\u00f3. Per a obtindre el carnet f\u00edsic hauran de sol\u00b7licitar-lo en qualsevol punt de venda. Enguany els carnets f\u00edsics seran contactless perqu\u00e8 l\u2019acc\u00e9s siga m\u00e9s \u00e0gil.","Seient lliure: si algun abonat no pot assistir a algun partit durant la temporada, pot cedir el seu seient al club i, en cas que es venga eixa entrada, tindr\u00e0 un descompte en la renovaci\u00f3 de l\u2019abonament per a la temporada 25-26. Els abonats que van cedir l\u2019abonament durant la 23-24 rebran el mes de setembre instruccions per a cobrar aquest descompte. Cal aclarir que en cap dels casos el descompte aplicat final -per m\u00e9s cessions que hi haja- ser\u00e0 superior al carnet OR, ja que la pol\u00edtica del club sempre premiar\u00e0 m\u00e9s l\u2019assist\u00e8ncia al camp que la cessi\u00f3 de l\u2019abonament.","Es mant\u00e9 la Graderia Animaci\u00f3.","Es podr\u00e0 reservar una localitat fixa per 50\u20ac per a tots els partits del Villarreal B en el Mini Estadi.","El club i CaixaBank ofereixen facilitats de finan\u00e7ament en el teu punt de renovaci\u00f3.","Yellow Club: continuen els avantatges amb empreses col\u00b7laboradores per ser abonat del Villarreal CF."]},{"type":"paragraph","text":"Terminis de la campanya 24-25:"},{"type":"paragraph","text":"Del 28 de juny al 20 de juliol: \u00fanicament renovacions. En aquesta fase es bloquegen els seients dels abonats."},{"type":"paragraph","text":"El 22 de juliol: s\u2019alliberen els seients no renovats i es procedeix a canvis d\u2019ubicaci\u00f3 dels abonats de la temporada 23-24."},{"type":"paragraph","text":"A partir del 23 de juliol: altes noves, renovacions i canvis d\u2019ubicaci\u00f3."},{"type":"paragraph","text":"Punts de venda:"},{"type":"paragraph","text":"Renovaci\u00f3 en l\u00ednia: del 28 de juny (10.00h) al 20 de juliol (10.00h)."},{"type":"paragraph","text":"Taquilles de l\u2019Estadio de la Cer\u00e1mica (fins al 24 de juliol): de dilluns a divendres de 10.00 a 20:00h. Dissabtes de 10.00 a 13:00h."},{"type":"paragraph","text":"Tenda Oficial Pla\u00e7a Major (fins al 24 de juliol): de dilluns a divendres de 10:00h a 14:00h. i de 16.00 a 19:00h. A partir del 25 de juliol, en horari comercial habitual."},{"type":"paragraph","text":"Tenda Oficial Estadio de la Cer\u00e1mica. Nom\u00e9s a partir del 25 de juliol en horari comercial habitual."},{"type":"paragraph","text":"Els preus dels abonaments per zona s\u00f3n els seg\u00fcents:"},{"type":"image","url":"https:\/\/villarrealcf.es\/wp-content\/uploads\/2024\/06\/ilustracion-estadio_Mesa-de-trabajo-1-copia.png","alt":"ilustracion estadio Mesa de trabajo 1 copia","width":672,"height":596,"srcset":"https:\/\/villarrealcf.es\/wp-content\/uploads\/2024\/06\/ilustracion-estadio_Mesa-de-trabajo-1-copia.png 672w, https:\/\/villarrealcf.es\/wp-content\/uploads\/2024\/06\/ilustracion-estadio_Mesa-de-trabajo-1-copia.png 1920w, https:\/\/villarrealcf.es\/wp-content\/uploads\/2024\/06\/ilustracion-estadio_Mesa-de-trabajo-1-copia.png 1920w, https:\/\/villarrealcf.es\/wp-content\/uploads\/2024\/06\/ilustracion-estadio_Mesa-de-trabajo-1-copia-32x28.png 32w, https:\/\/villarrealcf.es\/wp-content\/uploads\/2024\/06\/ilustracion-estadio_Mesa-de-trabajo-1-copia-150x133.png 150w, https:\/\/villarrealcf.es\/wp-content\/uploads\/2024\/06\/ilustracion-estadio_Mesa-de-trabajo-1-copia.png 1920w, https:\/\/villarrealcf.es\/wp-content\/uploads\/2024\/06\/ilustracion-estadio_Mesa-de-trabajo-1-copia.png 1920w","sizes":"auto, (max-width: 672px) 100vw, 672px"},{"type":"image","url":"https:\/\/villarrealcf.es\/wp-content\/uploads\/2024\/06\/ilustracion-estadio_Mesa-de-trabajo-1.png","alt":"ilustracion estadio Mesa de trabajo 1","width":842,"height":596,"srcset":"https:\/\/villarrealcf.es\/wp-content\/uploads\/2024\/06\/ilustracion-estadio_Mesa-de-trabajo-1.png 842w, https:\/\/villarrealcf.es\/wp-content\/uploads\/2024\/06\/ilustracion-estadio_Mesa-de-trabajo-1.png 1920w, https:\/\/villarrealcf.es\/wp-content\/uploads\/2024\/06\/ilustracion-estadio_Mesa-de-trabajo-1.png 1920w, https:\/\/villarrealcf.es\/wp-content\/uploads\/2024\/06\/ilustracion-estadio_Mesa-de-trabajo-1.png 1920w, https:\/\/villarrealcf.es\/wp-content\/uploads\/2024\/06\/ilustracion-estadio_Mesa-de-trabajo-1-32x23.png 32w, https:\/\/villarrealcf.es\/wp-content\/uploads\/2024\/06\/ilustracion-estadio_Mesa-de-trabajo-1-150x106.png 150w, https:\/\/villarrealcf.es\/wp-content\/uploads\/2024\/06\/ilustracion-estadio_Mesa-de-trabajo-1.png 1920w","sizes":"auto, (max-width: 842px) 100vw, 842px"},{"type":"heading","level":2,"text":"*El termini de renovaci\u00f3 en l\u00ednia finalitza el dissabte 20 de juliol a les 10.00h"}],"structured":{"summary":{"text":"Els abonats groguets tenen fins dem\u00e0 dissabte 20 de juliol per a renovar el seu abonament amb reserva de seient No oblides renovar el teu abonament per a no perdre els teus seients! Els abonats del Villarreal CF tenen nom\u00e9s fins dem\u00e0 dissabte 20 de juliol per a renovar el seu abonament i mantindre aix\u00ed la seua localitat en l\u2019Estadio de la Cer\u00e1mica. Este dilluns 22 de juliol es gestionaran els canvis d\u2019ubicaci\u00f3 i a partir del dimarts comen\u00e7ar\u00e0 l\u2019\u00faltima fase de la campanya d\u2019abonaments, en la qual es tramitaran noves altes, renovacions (sense reserva de seient) i canvis d\u2019ubicaci\u00f3. Sota el mateix lema del nou equipament de la temporada, \u2018Nascuts de la terra\u2019, l\u2019entitat apel\u00b7la al sentit d\u2019arrelament i pertinen\u00e7a per a enfortir la uni\u00f3 en aquesta nova temporada il\u00b7lusionant en un Estadio de la Cer\u00e1mica ja totalment renovat, en la qual el club espera rellan\u00e7ar-se i tornar a comptar amb el suport dels seus aficionats. Aquests s\u00f3n els punts clau de la campanya d\u2019abonaments 24-25: L\u2019abonament inclou: tots els partits de LaLiga EA Sports del Villarreal CF en l\u2019Estadio de la Cer\u00e1mica i tots els partits de la Cantera Grogueta i del Femen\u00ed en la Ciutat Esportiva Jos\u00e9 Manuel Llaneza. Es mantenen els preus dels abonaments de la 23-24: si b\u00e9 el club va anunciar en la passada campanya que anava a haver-hi un increment en el preu de l\u2019abonament per a la 24-25, finalment s\u2019ha desestimat i els preus seran exactament els mateixos. Premi a l\u2019assist\u00e8ncia: els abonats que en la temporada 23-24 han fallat a un m\u00e0xim de 4 partits s\u00f3n Very Yellow People Or en la 2024-2025 i pagaran el seu abonament amb el descompte corresponent al \u2018VYP Or\u2019. Aix\u00ed mateix, i com ja \u00e9s habitual, la mateixa pol\u00edtica aplica per a la nova campanya: aquells abonats que falten fins a un m\u00e0xim de 4 partits en la 24-25 obtindran un important descompte i seran \u2018VYP Or\u2019 en la 25-26. Continua l\u2019aposta pel Carnet Jove: els menors de 26 anys (nascuts a partir del 01-01-1999) pagaran nom\u00e9s el 50% del preu de l\u2019abonament corresponent en totes les zones de l\u2019estadi, excepte S\u00fapertribuna. Aquells que entren dins d\u2019aquesta franja d\u2019edat i que a m\u00e9s siguen \u2018VYP Or\u2019, obtindran tots dos descomptes. Un any m\u00e9s, es mant\u00e9 el descompte de 30 euros per a jubilats i pensionistes. Tots els abonats podran disposar del carnet f\u00edsic i digital. Per a sol\u00b7licitar el digital hauran d\u2019accedir al portal d\u2019abonat de la web oficial 3 dies h\u00e0bils despr\u00e9s de la renovaci\u00f3. Per a obtindre el carnet f\u00edsic hauran de sol\u00b7licitar-lo en qualsevol punt de venda. Enguany els carnets f\u00edsics seran contactless perqu\u00e8 l\u2019acc\u00e9s siga m\u00e9s \u00e0gil. Seient lliure: si algun abonat no pot assistir a algun partit durant la temporada, pot cedir el seu seient al club i, en cas que es venga eixa entrada, tindr\u00e0 un descompte en la renovaci\u00f3 de l\u2019abonament per a la temporada 25-26. Els abonats que van cedir l\u2019abonament durant la 23-24 rebran el mes de setembre instruccions per a cobrar aquest descompte. Cal aclarir que en cap dels casos el descompte aplicat final -per m\u00e9s cessions que hi haja- ser\u00e0 superior al carnet OR, ja que la pol\u00edtica del club sempre premiar\u00e0 m\u00e9s l\u2019assist\u00e8ncia al camp que la cessi\u00f3 de l\u2019abonament. Es mant\u00e9 la Graderia Animaci\u00f3. Es podr\u00e0 reservar una localitat fixa per 50\u20ac per a tots els partits del Villarreal B en el Mini Estadi. El club i CaixaBank ofereixen facilitats de finan\u00e7ament en el teu punt de renovaci\u00f3. Yellow Club: continuen els avantatges amb empreses col\u00b7laboradores per ser abonat del Villarreal CF. Terminis de la campanya 24-25: Del 28 de juny al 20 de juliol: \u00fanicament renovacions. En aquesta fase es bloquegen els seients dels abonats. El 22 de juliol: s\u2019alliberen els seients no renovats i es procedeix a canvis d\u2019ubicaci\u00f3 dels abonats de la temporada 23-24. A partir del 23 de juliol: altes noves, renovacions i canvis d\u2019ubicaci\u00f3. Punts de venda: Renovaci\u00f3 en l\u00ednia: del 28 de juny (10.00h) al 20 de juliol (10.00h). Taquilles de l\u2019Estadio de la Cer\u00e1mica (fins al 24 de juliol): de dilluns a divendres de 10.00 a 20:00h. Dissabtes de 10.00 a 13:00h. Tenda Oficial Pla\u00e7a Major (fins al 24 de juliol): de dilluns a divendres de 10:00h a 14:00h. i de 16.00 a 19:00h. A partir del 25 de juliol, en horari comercial habitual. Tenda Oficial Estadio de la Cer\u00e1mica. Nom\u00e9s a partir del 25 de juliol en horari comercial habitual. Els preus dels abonaments per zona s\u00f3n els seg\u00fcents: *El termini de renovaci\u00f3 en l\u00ednia finalitza el dissabte 20 de juliol a les 10.00h","headings":[{"type":"heading","level":2,"text":"Els abonats groguets tenen fins dem\u00e0 dissabte 20 de juliol per a renovar el seu abonament amb reserva de seient"},{"type":"heading","level":2,"text":"*El termini de renovaci\u00f3 en l\u00ednia finalitza el dissabte 20 de juliol a les 10.00h"}],"buttons":[],"images":[{"type":"image","url":"https:\/\/villarrealcf.es\/wp-content\/uploads\/2024\/06\/ilustracion-estadio_Mesa-de-trabajo-1-copia.png","alt":"ilustracion estadio Mesa de trabajo 1 copia","width":672,"height":596,"srcset":"https:\/\/villarrealcf.es\/wp-content\/uploads\/2024\/06\/ilustracion-estadio_Mesa-de-trabajo-1-copia.png 672w, https:\/\/villarrealcf.es\/wp-content\/uploads\/2024\/06\/ilustracion-estadio_Mesa-de-trabajo-1-copia.png 1920w, https:\/\/villarrealcf.es\/wp-content\/uploads\/2024\/06\/ilustracion-estadio_Mesa-de-trabajo-1-copia.png 1920w, https:\/\/villarrealcf.es\/wp-content\/uploads\/2024\/06\/ilustracion-estadio_Mesa-de-trabajo-1-copia-32x28.png 32w, https:\/\/villarrealcf.es\/wp-content\/uploads\/2024\/06\/ilustracion-estadio_Mesa-de-trabajo-1-copia-150x133.png 150w, https:\/\/villarrealcf.es\/wp-content\/uploads\/2024\/06\/ilustracion-estadio_Mesa-de-trabajo-1-copia.png 1920w, https:\/\/villarrealcf.es\/wp-content\/uploads\/2024\/06\/ilustracion-estadio_Mesa-de-trabajo-1-copia.png 1920w","sizes":"auto, (max-width: 672px) 100vw, 672px"},{"type":"image","url":"https:\/\/villarrealcf.es\/wp-content\/uploads\/2024\/06\/ilustracion-estadio_Mesa-de-trabajo-1.png","alt":"ilustracion estadio Mesa de trabajo 1","width":842,"height":596,"srcset":"https:\/\/villarrealcf.es\/wp-content\/uploads\/2024\/06\/ilustracion-estadio_Mesa-de-trabajo-1.png 842w, https:\/\/villarrealcf.es\/wp-content\/uploads\/2024\/06\/ilustracion-estadio_Mesa-de-trabajo-1.png 1920w, https:\/\/villarrealcf.es\/wp-content\/uploads\/2024\/06\/ilustracion-estadio_Mesa-de-trabajo-1.png 1920w, https:\/\/villarrealcf.es\/wp-content\/uploads\/2024\/06\/ilustracion-estadio_Mesa-de-trabajo-1.png 1920w, https:\/\/villarrealcf.es\/wp-content\/uploads\/2024\/06\/ilustracion-estadio_Mesa-de-trabajo-1-32x23.png 32w, https:\/\/villarrealcf.es\/wp-content\/uploads\/2024\/06\/ilustracion-estadio_Mesa-de-trabajo-1-150x106.png 150w, https:\/\/villarrealcf.es\/wp-content\/uploads\/2024\/06\/ilustracion-estadio_Mesa-de-trabajo-1.png 1920w","sizes":"auto, (max-width: 842px) 100vw, 842px"}],"counts":{"blocks":19,"headings":2,"texts":14,"buttons":0,"images":2}},"sections":[{"id":"section-1","title":"Els abonats groguets tenen fins dem\u00e0 dissabte 20 de juliol per a renovar el seu abonament amb reserva de seient","text":"Els abonats groguets tenen fins dem\u00e0 dissabte 20 de juliol per a renovar el seu abonament amb reserva de seient No oblides renovar el teu abonament per a no perdre els teus seients! Els abonats del Villarreal CF tenen nom\u00e9s fins dem\u00e0 dissabte 20 de juliol per a renovar el seu abonament i mantindre aix\u00ed la seua localitat en l\u2019Estadio de la Cer\u00e1mica. Este dilluns 22 de juliol es gestionaran els canvis d\u2019ubicaci\u00f3 i a partir del dimarts comen\u00e7ar\u00e0 l\u2019\u00faltima fase de la campanya d\u2019abonaments, en la qual es tramitaran noves altes, renovacions (sense reserva de seient) i canvis d\u2019ubicaci\u00f3. Sota el mateix lema del nou equipament de la temporada, \u2018Nascuts de la terra\u2019, l\u2019entitat apel\u00b7la al sentit d\u2019arrelament i pertinen\u00e7a per a enfortir la uni\u00f3 en aquesta nova temporada il\u00b7lusionant en un Estadio de la Cer\u00e1mica ja totalment renovat, en la qual el club espera rellan\u00e7ar-se i tornar a comptar amb el suport dels seus aficionats. Aquests s\u00f3n els punts clau de la campanya d\u2019abonaments 24-25: Terminis de la campanya 24-25: Del 28 de juny al 20 de juliol: \u00fanicament renovacions. En aquesta fase es bloquegen els seients dels abonats. El 22 de juliol: s\u2019alliberen els seients no renovats i es procedeix a canvis d\u2019ubicaci\u00f3 dels abonats de la temporada 23-24. A partir del 23 de juliol: altes noves, renovacions i canvis d\u2019ubicaci\u00f3. Punts de venda: Renovaci\u00f3 en l\u00ednia: del 28 de juny (10.00h) al 20 de juliol (10.00h). Taquilles de l\u2019Estadio de la Cer\u00e1mica (fins al 24 de juliol): de dilluns a divendres de 10.00 a 20:00h. Dissabtes de 10.00 a 13:00h. Tenda Oficial Pla\u00e7a Major (fins al 24 de juliol): de dilluns a divendres de 10:00h a 14:00h. i de 16.00 a 19:00h. A partir del 25 de juliol, en horari comercial habitual. Tenda Oficial Estadio de la Cer\u00e1mica. Nom\u00e9s a partir del 25 de juliol en horari comercial habitual. Els preus dels abonaments per zona s\u00f3n els seg\u00fcents:","headings":[{"type":"heading","level":2,"text":"Els abonats groguets tenen fins dem\u00e0 dissabte 20 de juliol per a renovar el seu abonament amb reserva de seient"}],"texts":[{"type":"paragraph","text":"No oblides renovar el teu abonament per a no perdre els teus seients! Els abonats del Villarreal CF tenen nom\u00e9s fins dem\u00e0 dissabte 20 de juliol per a renovar el seu abonament i mantindre aix\u00ed la seua localitat en l\u2019Estadio de la Cer\u00e1mica."},{"type":"paragraph","text":"Este dilluns 22 de juliol es gestionaran els canvis d\u2019ubicaci\u00f3 i a partir del dimarts comen\u00e7ar\u00e0 l\u2019\u00faltima fase de la campanya d\u2019abonaments, en la qual es tramitaran noves altes, renovacions (sense reserva de seient) i canvis d\u2019ubicaci\u00f3."},{"type":"paragraph","text":"Sota el mateix lema del nou equipament de la temporada, \u2018Nascuts de la terra\u2019, l\u2019entitat apel\u00b7la al sentit d\u2019arrelament i pertinen\u00e7a per a enfortir la uni\u00f3 en aquesta nova temporada il\u00b7lusionant en un Estadio de la Cer\u00e1mica ja totalment renovat, en la qual el club espera rellan\u00e7ar-se i tornar a comptar amb el suport dels seus aficionats."},{"type":"paragraph","text":"Aquests s\u00f3n els punts clau de la campanya d\u2019abonaments 24-25:"},{"type":"paragraph","text":"Terminis de la campanya 24-25:"},{"type":"paragraph","text":"Del 28 de juny al 20 de juliol: \u00fanicament renovacions. En aquesta fase es bloquegen els seients dels abonats."},{"type":"paragraph","text":"El 22 de juliol: s\u2019alliberen els seients no renovats i es procedeix a canvis d\u2019ubicaci\u00f3 dels abonats de la temporada 23-24."},{"type":"paragraph","text":"A partir del 23 de juliol: altes noves, renovacions i canvis d\u2019ubicaci\u00f3."},{"type":"paragraph","text":"Punts de venda:"},{"type":"paragraph","text":"Renovaci\u00f3 en l\u00ednia: del 28 de juny (10.00h) al 20 de juliol (10.00h)."},{"type":"paragraph","text":"Taquilles de l\u2019Estadio de la Cer\u00e1mica (fins al 24 de juliol): de dilluns a divendres de 10.00 a 20:00h. Dissabtes de 10.00 a 13:00h."},{"type":"paragraph","text":"Tenda Oficial Pla\u00e7a Major (fins al 24 de juliol): de dilluns a divendres de 10:00h a 14:00h. i de 16.00 a 19:00h. A partir del 25 de juliol, en horari comercial habitual."},{"type":"paragraph","text":"Tenda Oficial Estadio de la Cer\u00e1mica. Nom\u00e9s a partir del 25 de juliol en horari comercial habitual."},{"type":"paragraph","text":"Els preus dels abonaments per zona s\u00f3n els seg\u00fcents:"}],"buttons":[],"images":[{"type":"image","url":"https:\/\/villarrealcf.es\/wp-content\/uploads\/2024\/06\/ilustracion-estadio_Mesa-de-trabajo-1-copia.png","alt":"ilustracion estadio Mesa de trabajo 1 copia","width":672,"height":596,"srcset":"https:\/\/villarrealcf.es\/wp-content\/uploads\/2024\/06\/ilustracion-estadio_Mesa-de-trabajo-1-copia.png 672w, https:\/\/villarrealcf.es\/wp-content\/uploads\/2024\/06\/ilustracion-estadio_Mesa-de-trabajo-1-copia.png 1920w, https:\/\/villarrealcf.es\/wp-content\/uploads\/2024\/06\/ilustracion-estadio_Mesa-de-trabajo-1-copia.png 1920w, https:\/\/villarrealcf.es\/wp-content\/uploads\/2024\/06\/ilustracion-estadio_Mesa-de-trabajo-1-copia-32x28.png 32w, https:\/\/villarrealcf.es\/wp-content\/uploads\/2024\/06\/ilustracion-estadio_Mesa-de-trabajo-1-copia-150x133.png 150w, https:\/\/villarrealcf.es\/wp-content\/uploads\/2024\/06\/ilustracion-estadio_Mesa-de-trabajo-1-copia.png 1920w, https:\/\/villarrealcf.es\/wp-content\/uploads\/2024\/06\/ilustracion-estadio_Mesa-de-trabajo-1-copia.png 1920w","sizes":"auto, (max-width: 672px) 100vw, 672px"},{"type":"image","url":"https:\/\/villarrealcf.es\/wp-content\/uploads\/2024\/06\/ilustracion-estadio_Mesa-de-trabajo-1.png","alt":"ilustracion estadio Mesa de trabajo 1","width":842,"height":596,"srcset":"https:\/\/villarrealcf.es\/wp-content\/uploads\/2024\/06\/ilustracion-estadio_Mesa-de-trabajo-1.png 842w, https:\/\/villarrealcf.es\/wp-content\/uploads\/2024\/06\/ilustracion-estadio_Mesa-de-trabajo-1.png 1920w, https:\/\/villarrealcf.es\/wp-content\/uploads\/2024\/06\/ilustracion-estadio_Mesa-de-trabajo-1.png 1920w, https:\/\/villarrealcf.es\/wp-content\/uploads\/2024\/06\/ilustracion-estadio_Mesa-de-trabajo-1.png 1920w, https:\/\/villarrealcf.es\/wp-content\/uploads\/2024\/06\/ilustracion-estadio_Mesa-de-trabajo-1-32x23.png 32w, https:\/\/villarrealcf.es\/wp-content\/uploads\/2024\/06\/ilustracion-estadio_Mesa-de-trabajo-1-150x106.png 150w, https:\/\/villarrealcf.es\/wp-content\/uploads\/2024\/06\/ilustracion-estadio_Mesa-de-trabajo-1.png 1920w","sizes":"auto, (max-width: 842px) 100vw, 842px"}],"widgets":[],"blocks":[{"type":"heading","level":2,"text":"Els abonats groguets tenen fins dem\u00e0 dissabte 20 de juliol per a renovar el seu abonament amb reserva de seient"},{"type":"paragraph","text":"No oblides renovar el teu abonament per a no perdre els teus seients! Els abonats del Villarreal CF tenen nom\u00e9s fins dem\u00e0 dissabte 20 de juliol per a renovar el seu abonament i mantindre aix\u00ed la seua localitat en l\u2019Estadio de la Cer\u00e1mica."},{"type":"paragraph","text":"Este dilluns 22 de juliol es gestionaran els canvis d\u2019ubicaci\u00f3 i a partir del dimarts comen\u00e7ar\u00e0 l\u2019\u00faltima fase de la campanya d\u2019abonaments, en la qual es tramitaran noves altes, renovacions (sense reserva de seient) i canvis d\u2019ubicaci\u00f3."},{"type":"paragraph","text":"Sota el mateix lema del nou equipament de la temporada, \u2018Nascuts de la terra\u2019, l\u2019entitat apel\u00b7la al sentit d\u2019arrelament i pertinen\u00e7a per a enfortir la uni\u00f3 en aquesta nova temporada il\u00b7lusionant en un Estadio de la Cer\u00e1mica ja totalment renovat, en la qual el club espera rellan\u00e7ar-se i tornar a comptar amb el suport dels seus aficionats."},{"type":"paragraph","text":"Aquests s\u00f3n els punts clau de la campanya d\u2019abonaments 24-25:"},{"type":"list","style":"ul","items":["L\u2019abonament inclou: tots els partits de LaLiga EA Sports del Villarreal CF en l\u2019Estadio de la Cer\u00e1mica i tots els partits de la Cantera Grogueta i del Femen\u00ed en la Ciutat Esportiva Jos\u00e9 Manuel Llaneza.","Es mantenen els preus dels abonaments de la 23-24: si b\u00e9 el club va anunciar en la passada campanya que anava a haver-hi un increment en el preu de l\u2019abonament per a la 24-25, finalment s\u2019ha desestimat i els preus seran exactament els mateixos.","Premi a l\u2019assist\u00e8ncia: els abonats que en la temporada 23-24 han fallat a un m\u00e0xim de 4 partits s\u00f3n Very Yellow People Or en la 2024-2025 i pagaran el seu abonament amb el descompte corresponent al \u2018VYP Or\u2019. Aix\u00ed mateix, i com ja \u00e9s habitual, la mateixa pol\u00edtica aplica per a la nova campanya: aquells abonats que falten fins a un m\u00e0xim de 4 partits en la 24-25 obtindran un important descompte i seran \u2018VYP Or\u2019 en la 25-26.","Continua l\u2019aposta pel Carnet Jove: els menors de 26 anys (nascuts a partir del 01-01-1999) pagaran nom\u00e9s el 50% del preu de l\u2019abonament corresponent en totes les zones de l\u2019estadi, excepte S\u00fapertribuna. Aquells que entren dins d\u2019aquesta franja d\u2019edat i que a m\u00e9s siguen \u2018VYP Or\u2019, obtindran tots dos descomptes.","Un any m\u00e9s, es mant\u00e9 el descompte de 30 euros per a jubilats i pensionistes.","Tots els abonats podran disposar del carnet f\u00edsic i digital. Per a sol\u00b7licitar el digital hauran d\u2019accedir al portal d\u2019abonat de la web oficial 3 dies h\u00e0bils despr\u00e9s de la renovaci\u00f3. Per a obtindre el carnet f\u00edsic hauran de sol\u00b7licitar-lo en qualsevol punt de venda. Enguany els carnets f\u00edsics seran contactless perqu\u00e8 l\u2019acc\u00e9s siga m\u00e9s \u00e0gil.","Seient lliure: si algun abonat no pot assistir a algun partit durant la temporada, pot cedir el seu seient al club i, en cas que es venga eixa entrada, tindr\u00e0 un descompte en la renovaci\u00f3 de l\u2019abonament per a la temporada 25-26. Els abonats que van cedir l\u2019abonament durant la 23-24 rebran el mes de setembre instruccions per a cobrar aquest descompte. Cal aclarir que en cap dels casos el descompte aplicat final -per m\u00e9s cessions que hi haja- ser\u00e0 superior al carnet OR, ja que la pol\u00edtica del club sempre premiar\u00e0 m\u00e9s l\u2019assist\u00e8ncia al camp que la cessi\u00f3 de l\u2019abonament.","Es mant\u00e9 la Graderia Animaci\u00f3.","Es podr\u00e0 reservar una localitat fixa per 50\u20ac per a tots els partits del Villarreal B en el Mini Estadi.","El club i CaixaBank ofereixen facilitats de finan\u00e7ament en el teu punt de renovaci\u00f3.","Yellow Club: continuen els avantatges amb empreses col\u00b7laboradores per ser abonat del Villarreal CF."]},{"type":"paragraph","text":"Terminis de la campanya 24-25:"},{"type":"paragraph","text":"Del 28 de juny al 20 de juliol: \u00fanicament renovacions. En aquesta fase es bloquegen els seients dels abonats."},{"type":"paragraph","text":"El 22 de juliol: s\u2019alliberen els seients no renovats i es procedeix a canvis d\u2019ubicaci\u00f3 dels abonats de la temporada 23-24."},{"type":"paragraph","text":"A partir del 23 de juliol: altes noves, renovacions i canvis d\u2019ubicaci\u00f3."},{"type":"paragraph","text":"Punts de venda:"},{"type":"paragraph","text":"Renovaci\u00f3 en l\u00ednia: del 28 de juny (10.00h) al 20 de juliol (10.00h)."},{"type":"paragraph","text":"Taquilles de l\u2019Estadio de la Cer\u00e1mica (fins al 24 de juliol): de dilluns a divendres de 10.00 a 20:00h. Dissabtes de 10.00 a 13:00h."},{"type":"paragraph","text":"Tenda Oficial Pla\u00e7a Major (fins al 24 de juliol): de dilluns a divendres de 10:00h a 14:00h. i de 16.00 a 19:00h. A partir del 25 de juliol, en horari comercial habitual."},{"type":"paragraph","text":"Tenda Oficial Estadio de la Cer\u00e1mica. Nom\u00e9s a partir del 25 de juliol en horari comercial habitual."},{"type":"paragraph","text":"Els preus dels abonaments per zona s\u00f3n els seg\u00fcents:"},{"type":"image","url":"https:\/\/villarrealcf.es\/wp-content\/uploads\/2024\/06\/ilustracion-estadio_Mesa-de-trabajo-1-copia.png","alt":"ilustracion estadio Mesa de trabajo 1 copia","width":672,"height":596,"srcset":"https:\/\/villarrealcf.es\/wp-content\/uploads\/2024\/06\/ilustracion-estadio_Mesa-de-trabajo-1-copia.png 672w, https:\/\/villarrealcf.es\/wp-content\/uploads\/2024\/06\/ilustracion-estadio_Mesa-de-trabajo-1-copia.png 1920w, https:\/\/villarrealcf.es\/wp-content\/uploads\/2024\/06\/ilustracion-estadio_Mesa-de-trabajo-1-copia.png 1920w, https:\/\/villarrealcf.es\/wp-content\/uploads\/2024\/06\/ilustracion-estadio_Mesa-de-trabajo-1-copia-32x28.png 32w, https:\/\/villarrealcf.es\/wp-content\/uploads\/2024\/06\/ilustracion-estadio_Mesa-de-trabajo-1-copia-150x133.png 150w, https:\/\/villarrealcf.es\/wp-content\/uploads\/2024\/06\/ilustracion-estadio_Mesa-de-trabajo-1-copia.png 1920w, https:\/\/villarrealcf.es\/wp-content\/uploads\/2024\/06\/ilustracion-estadio_Mesa-de-trabajo-1-copia.png 1920w","sizes":"auto, (max-width: 672px) 100vw, 672px"},{"type":"image","url":"https:\/\/villarrealcf.es\/wp-content\/uploads\/2024\/06\/ilustracion-estadio_Mesa-de-trabajo-1.png","alt":"ilustracion estadio Mesa de trabajo 1","width":842,"height":596,"srcset":"https:\/\/villarrealcf.es\/wp-content\/uploads\/2024\/06\/ilustracion-estadio_Mesa-de-trabajo-1.png 842w, https:\/\/villarrealcf.es\/wp-content\/uploads\/2024\/06\/ilustracion-estadio_Mesa-de-trabajo-1.png 1920w, https:\/\/villarrealcf.es\/wp-content\/uploads\/2024\/06\/ilustracion-estadio_Mesa-de-trabajo-1.png 1920w, https:\/\/villarrealcf.es\/wp-content\/uploads\/2024\/06\/ilustracion-estadio_Mesa-de-trabajo-1.png 1920w, https:\/\/villarrealcf.es\/wp-content\/uploads\/2024\/06\/ilustracion-estadio_Mesa-de-trabajo-1-32x23.png 32w, https:\/\/villarrealcf.es\/wp-content\/uploads\/2024\/06\/ilustracion-estadio_Mesa-de-trabajo-1-150x106.png 150w, https:\/\/villarrealcf.es\/wp-content\/uploads\/2024\/06\/ilustracion-estadio_Mesa-de-trabajo-1.png 1920w","sizes":"auto, (max-width: 842px) 100vw, 842px"}]},{"id":"section-2","title":"*El termini de renovaci\u00f3 en l\u00ednia finalitza el dissabte 20 de juliol a les 10.00h","text":"*El termini de renovaci\u00f3 en l\u00ednia finalitza el dissabte 20 de juliol a les 10.00h","headings":[{"type":"heading","level":2,"text":"*El termini de renovaci\u00f3 en l\u00ednia finalitza el dissabte 20 de juliol a les 10.00h"}],"texts":[],"buttons":[],"images":[],"widgets":[],"blocks":[{"type":"heading","level":2,"text":"*El termini de renovaci\u00f3 en l\u00ednia finalitza el dissabte 20 de juliol a les 10.00h"}]}],"hero":{"id":"section-1","title":"Els abonats groguets tenen fins dem\u00e0 dissabte 20 de juliol per a renovar el seu abonament amb reserva de seient","text":"Els abonats groguets tenen fins dem\u00e0 dissabte 20 de juliol per a renovar el seu abonament amb reserva de seient No oblides renovar el teu abonament per a no perdre els teus seients! Els abonats del Villarreal CF tenen nom\u00e9s fins dem\u00e0 dissabte 20 de juliol per a renovar el seu abonament i mantindre aix\u00ed la seua localitat en l\u2019Estadio de la Cer\u00e1mica. Este dilluns 22 de juliol es gestionaran els canvis d\u2019ubicaci\u00f3 i a partir del dimarts comen\u00e7ar\u00e0 l\u2019\u00faltima fase de la campanya d\u2019abonaments, en la qual es tramitaran noves altes, renovacions (sense reserva de seient) i canvis d\u2019ubicaci\u00f3. Sota el mateix lema del nou equipament de la temporada, \u2018Nascuts de la terra\u2019, l\u2019entitat apel\u00b7la al sentit d\u2019arrelament i pertinen\u00e7a per a enfortir la uni\u00f3 en aquesta nova temporada il\u00b7lusionant en un Estadio de la Cer\u00e1mica ja totalment renovat, en la qual el club espera rellan\u00e7ar-se i tornar a comptar amb el suport dels seus aficionats. Aquests s\u00f3n els punts clau de la campanya d\u2019abonaments 24-25: Terminis de la campanya 24-25: Del 28 de juny al 20 de juliol: \u00fanicament renovacions. En aquesta fase es bloquegen els seients dels abonats. El 22 de juliol: s\u2019alliberen els seients no renovats i es procedeix a canvis d\u2019ubicaci\u00f3 dels abonats de la temporada 23-24. A partir del 23 de juliol: altes noves, renovacions i canvis d\u2019ubicaci\u00f3. Punts de venda: Renovaci\u00f3 en l\u00ednia: del 28 de juny (10.00h) al 20 de juliol (10.00h). Taquilles de l\u2019Estadio de la Cer\u00e1mica (fins al 24 de juliol): de dilluns a divendres de 10.00 a 20:00h. Dissabtes de 10.00 a 13:00h. Tenda Oficial Pla\u00e7a Major (fins al 24 de juliol): de dilluns a divendres de 10:00h a 14:00h. i de 16.00 a 19:00h. A partir del 25 de juliol, en horari comercial habitual. Tenda Oficial Estadio de la Cer\u00e1mica. Nom\u00e9s a partir del 25 de juliol en horari comercial habitual. Els preus dels abonaments per zona s\u00f3n els seg\u00fcents:","headings":[{"type":"heading","level":2,"text":"Els abonats groguets tenen fins dem\u00e0 dissabte 20 de juliol per a renovar el seu abonament amb reserva de seient"}],"texts":[{"type":"paragraph","text":"No oblides renovar el teu abonament per a no perdre els teus seients! Els abonats del Villarreal CF tenen nom\u00e9s fins dem\u00e0 dissabte 20 de juliol per a renovar el seu abonament i mantindre aix\u00ed la seua localitat en l\u2019Estadio de la Cer\u00e1mica."},{"type":"paragraph","text":"Este dilluns 22 de juliol es gestionaran els canvis d\u2019ubicaci\u00f3 i a partir del dimarts comen\u00e7ar\u00e0 l\u2019\u00faltima fase de la campanya d\u2019abonaments, en la qual es tramitaran noves altes, renovacions (sense reserva de seient) i canvis d\u2019ubicaci\u00f3."},{"type":"paragraph","text":"Sota el mateix lema del nou equipament de la temporada, \u2018Nascuts de la terra\u2019, l\u2019entitat apel\u00b7la al sentit d\u2019arrelament i pertinen\u00e7a per a enfortir la uni\u00f3 en aquesta nova temporada il\u00b7lusionant en un Estadio de la Cer\u00e1mica ja totalment renovat, en la qual el club espera rellan\u00e7ar-se i tornar a comptar amb el suport dels seus aficionats."},{"type":"paragraph","text":"Aquests s\u00f3n els punts clau de la campanya d\u2019abonaments 24-25:"},{"type":"paragraph","text":"Terminis de la campanya 24-25:"},{"type":"paragraph","text":"Del 28 de juny al 20 de juliol: \u00fanicament renovacions. En aquesta fase es bloquegen els seients dels abonats."},{"type":"paragraph","text":"El 22 de juliol: s\u2019alliberen els seients no renovats i es procedeix a canvis d\u2019ubicaci\u00f3 dels abonats de la temporada 23-24."},{"type":"paragraph","text":"A partir del 23 de juliol: altes noves, renovacions i canvis d\u2019ubicaci\u00f3."},{"type":"paragraph","text":"Punts de venda:"},{"type":"paragraph","text":"Renovaci\u00f3 en l\u00ednia: del 28 de juny (10.00h) al 20 de juliol (10.00h)."},{"type":"paragraph","text":"Taquilles de l\u2019Estadio de la Cer\u00e1mica (fins al 24 de juliol): de dilluns a divendres de 10.00 a 20:00h. Dissabtes de 10.00 a 13:00h."},{"type":"paragraph","text":"Tenda Oficial Pla\u00e7a Major (fins al 24 de juliol): de dilluns a divendres de 10:00h a 14:00h. i de 16.00 a 19:00h. A partir del 25 de juliol, en horari comercial habitual."},{"type":"paragraph","text":"Tenda Oficial Estadio de la Cer\u00e1mica. Nom\u00e9s a partir del 25 de juliol en horari comercial habitual."},{"type":"paragraph","text":"Els preus dels abonaments per zona s\u00f3n els seg\u00fcents:"}],"buttons":[],"images":[{"type":"image","url":"https:\/\/villarrealcf.es\/wp-content\/uploads\/2024\/06\/ilustracion-estadio_Mesa-de-trabajo-1-copia.png","alt":"ilustracion estadio Mesa de trabajo 1 copia","width":672,"height":596,"srcset":"https:\/\/villarrealcf.es\/wp-content\/uploads\/2024\/06\/ilustracion-estadio_Mesa-de-trabajo-1-copia.png 672w, https:\/\/villarrealcf.es\/wp-content\/uploads\/2024\/06\/ilustracion-estadio_Mesa-de-trabajo-1-copia.png 1920w, https:\/\/villarrealcf.es\/wp-content\/uploads\/2024\/06\/ilustracion-estadio_Mesa-de-trabajo-1-copia.png 1920w, https:\/\/villarrealcf.es\/wp-content\/uploads\/2024\/06\/ilustracion-estadio_Mesa-de-trabajo-1-copia-32x28.png 32w, https:\/\/villarrealcf.es\/wp-content\/uploads\/2024\/06\/ilustracion-estadio_Mesa-de-trabajo-1-copia-150x133.png 150w, https:\/\/villarrealcf.es\/wp-content\/uploads\/2024\/06\/ilustracion-estadio_Mesa-de-trabajo-1-copia.png 1920w, https:\/\/villarrealcf.es\/wp-content\/uploads\/2024\/06\/ilustracion-estadio_Mesa-de-trabajo-1-copia.png 1920w","sizes":"auto, (max-width: 672px) 100vw, 672px"},{"type":"image","url":"https:\/\/villarrealcf.es\/wp-content\/uploads\/2024\/06\/ilustracion-estadio_Mesa-de-trabajo-1.png","alt":"ilustracion estadio Mesa de trabajo 1","width":842,"height":596,"srcset":"https:\/\/villarrealcf.es\/wp-content\/uploads\/2024\/06\/ilustracion-estadio_Mesa-de-trabajo-1.png 842w, https:\/\/villarrealcf.es\/wp-content\/uploads\/2024\/06\/ilustracion-estadio_Mesa-de-trabajo-1.png 1920w, https:\/\/villarrealcf.es\/wp-content\/uploads\/2024\/06\/ilustracion-estadio_Mesa-de-trabajo-1.png 1920w, https:\/\/villarrealcf.es\/wp-content\/uploads\/2024\/06\/ilustracion-estadio_Mesa-de-trabajo-1.png 1920w, https:\/\/villarrealcf.es\/wp-content\/uploads\/2024\/06\/ilustracion-estadio_Mesa-de-trabajo-1-32x23.png 32w, https:\/\/villarrealcf.es\/wp-content\/uploads\/2024\/06\/ilustracion-estadio_Mesa-de-trabajo-1-150x106.png 150w, https:\/\/villarrealcf.es\/wp-content\/uploads\/2024\/06\/ilustracion-estadio_Mesa-de-trabajo-1.png 1920w","sizes":"auto, (max-width: 842px) 100vw, 842px"}],"widgets":[],"blocks":[{"type":"heading","level":2,"text":"Els abonats groguets tenen fins dem\u00e0 dissabte 20 de juliol per a renovar el seu abonament amb reserva de seient"},{"type":"paragraph","text":"No oblides renovar el teu abonament per a no perdre els teus seients! Els abonats del Villarreal CF tenen nom\u00e9s fins dem\u00e0 dissabte 20 de juliol per a renovar el seu abonament i mantindre aix\u00ed la seua localitat en l\u2019Estadio de la Cer\u00e1mica."},{"type":"paragraph","text":"Este dilluns 22 de juliol es gestionaran els canvis d\u2019ubicaci\u00f3 i a partir del dimarts comen\u00e7ar\u00e0 l\u2019\u00faltima fase de la campanya d\u2019abonaments, en la qual es tramitaran noves altes, renovacions (sense reserva de seient) i canvis d\u2019ubicaci\u00f3."},{"type":"paragraph","text":"Sota el mateix lema del nou equipament de la temporada, \u2018Nascuts de la terra\u2019, l\u2019entitat apel\u00b7la al sentit d\u2019arrelament i pertinen\u00e7a per a enfortir la uni\u00f3 en aquesta nova temporada il\u00b7lusionant en un Estadio de la Cer\u00e1mica ja totalment renovat, en la qual el club espera rellan\u00e7ar-se i tornar a comptar amb el suport dels seus aficionats."},{"type":"paragraph","text":"Aquests s\u00f3n els punts clau de la campanya d\u2019abonaments 24-25:"},{"type":"list","style":"ul","items":["L\u2019abonament inclou: tots els partits de LaLiga EA Sports del Villarreal CF en l\u2019Estadio de la Cer\u00e1mica i tots els partits de la Cantera Grogueta i del Femen\u00ed en la Ciutat Esportiva Jos\u00e9 Manuel Llaneza.","Es mantenen els preus dels abonaments de la 23-24: si b\u00e9 el club va anunciar en la passada campanya que anava a haver-hi un increment en el preu de l\u2019abonament per a la 24-25, finalment s\u2019ha desestimat i els preus seran exactament els mateixos.","Premi a l\u2019assist\u00e8ncia: els abonats que en la temporada 23-24 han fallat a un m\u00e0xim de 4 partits s\u00f3n Very Yellow People Or en la 2024-2025 i pagaran el seu abonament amb el descompte corresponent al \u2018VYP Or\u2019. Aix\u00ed mateix, i com ja \u00e9s habitual, la mateixa pol\u00edtica aplica per a la nova campanya: aquells abonats que falten fins a un m\u00e0xim de 4 partits en la 24-25 obtindran un important descompte i seran \u2018VYP Or\u2019 en la 25-26.","Continua l\u2019aposta pel Carnet Jove: els menors de 26 anys (nascuts a partir del 01-01-1999) pagaran nom\u00e9s el 50% del preu de l\u2019abonament corresponent en totes les zones de l\u2019estadi, excepte S\u00fapertribuna. Aquells que entren dins d\u2019aquesta franja d\u2019edat i que a m\u00e9s siguen \u2018VYP Or\u2019, obtindran tots dos descomptes.","Un any m\u00e9s, es mant\u00e9 el descompte de 30 euros per a jubilats i pensionistes.","Tots els abonats podran disposar del carnet f\u00edsic i digital. Per a sol\u00b7licitar el digital hauran d\u2019accedir al portal d\u2019abonat de la web oficial 3 dies h\u00e0bils despr\u00e9s de la renovaci\u00f3. Per a obtindre el carnet f\u00edsic hauran de sol\u00b7licitar-lo en qualsevol punt de venda. Enguany els carnets f\u00edsics seran contactless perqu\u00e8 l\u2019acc\u00e9s siga m\u00e9s \u00e0gil.","Seient lliure: si algun abonat no pot assistir a algun partit durant la temporada, pot cedir el seu seient al club i, en cas que es venga eixa entrada, tindr\u00e0 un descompte en la renovaci\u00f3 de l\u2019abonament per a la temporada 25-26. Els abonats que van cedir l\u2019abonament durant la 23-24 rebran el mes de setembre instruccions per a cobrar aquest descompte. Cal aclarir que en cap dels casos el descompte aplicat final -per m\u00e9s cessions que hi haja- ser\u00e0 superior al carnet OR, ja que la pol\u00edtica del club sempre premiar\u00e0 m\u00e9s l\u2019assist\u00e8ncia al camp que la cessi\u00f3 de l\u2019abonament.","Es mant\u00e9 la Graderia Animaci\u00f3.","Es podr\u00e0 reservar una localitat fixa per 50\u20ac per a tots els partits del Villarreal B en el Mini Estadi.","El club i CaixaBank ofereixen facilitats de finan\u00e7ament en el teu punt de renovaci\u00f3.","Yellow Club: continuen els avantatges amb empreses col\u00b7laboradores per ser abonat del Villarreal CF."]},{"type":"paragraph","text":"Terminis de la campanya 24-25:"},{"type":"paragraph","text":"Del 28 de juny al 20 de juliol: \u00fanicament renovacions. En aquesta fase es bloquegen els seients dels abonats."},{"type":"paragraph","text":"El 22 de juliol: s\u2019alliberen els seients no renovats i es procedeix a canvis d\u2019ubicaci\u00f3 dels abonats de la temporada 23-24."},{"type":"paragraph","text":"A partir del 23 de juliol: altes noves, renovacions i canvis d\u2019ubicaci\u00f3."},{"type":"paragraph","text":"Punts de venda:"},{"type":"paragraph","text":"Renovaci\u00f3 en l\u00ednia: del 28 de juny (10.00h) al 20 de juliol (10.00h)."},{"type":"paragraph","text":"Taquilles de l\u2019Estadio de la Cer\u00e1mica (fins al 24 de juliol): de dilluns a divendres de 10.00 a 20:00h. Dissabtes de 10.00 a 13:00h."},{"type":"paragraph","text":"Tenda Oficial Pla\u00e7a Major (fins al 24 de juliol): de dilluns a divendres de 10:00h a 14:00h. i de 16.00 a 19:00h. A partir del 25 de juliol, en horari comercial habitual."},{"type":"paragraph","text":"Tenda Oficial Estadio de la Cer\u00e1mica. Nom\u00e9s a partir del 25 de juliol en horari comercial habitual."},{"type":"paragraph","text":"Els preus dels abonaments per zona s\u00f3n els seg\u00fcents:"},{"type":"image","url":"https:\/\/villarrealcf.es\/wp-content\/uploads\/2024\/06\/ilustracion-estadio_Mesa-de-trabajo-1-copia.png","alt":"ilustracion estadio Mesa de trabajo 1 copia","width":672,"height":596,"srcset":"https:\/\/villarrealcf.es\/wp-content\/uploads\/2024\/06\/ilustracion-estadio_Mesa-de-trabajo-1-copia.png 672w, https:\/\/villarrealcf.es\/wp-content\/uploads\/2024\/06\/ilustracion-estadio_Mesa-de-trabajo-1-copia.png 1920w, https:\/\/villarrealcf.es\/wp-content\/uploads\/2024\/06\/ilustracion-estadio_Mesa-de-trabajo-1-copia.png 1920w, https:\/\/villarrealcf.es\/wp-content\/uploads\/2024\/06\/ilustracion-estadio_Mesa-de-trabajo-1-copia-32x28.png 32w, https:\/\/villarrealcf.es\/wp-content\/uploads\/2024\/06\/ilustracion-estadio_Mesa-de-trabajo-1-copia-150x133.png 150w, https:\/\/villarrealcf.es\/wp-content\/uploads\/2024\/06\/ilustracion-estadio_Mesa-de-trabajo-1-copia.png 1920w, https:\/\/villarrealcf.es\/wp-content\/uploads\/2024\/06\/ilustracion-estadio_Mesa-de-trabajo-1-copia.png 1920w","sizes":"auto, (max-width: 672px) 100vw, 672px"},{"type":"image","url":"https:\/\/villarrealcf.es\/wp-content\/uploads\/2024\/06\/ilustracion-estadio_Mesa-de-trabajo-1.png","alt":"ilustracion estadio Mesa de trabajo 1","width":842,"height":596,"srcset":"https:\/\/villarrealcf.es\/wp-content\/uploads\/2024\/06\/ilustracion-estadio_Mesa-de-trabajo-1.png 842w, https:\/\/villarrealcf.es\/wp-content\/uploads\/2024\/06\/ilustracion-estadio_Mesa-de-trabajo-1.png 1920w, https:\/\/villarrealcf.es\/wp-content\/uploads\/2024\/06\/ilustracion-estadio_Mesa-de-trabajo-1.png 1920w, https:\/\/villarrealcf.es\/wp-content\/uploads\/2024\/06\/ilustracion-estadio_Mesa-de-trabajo-1.png 1920w, https:\/\/villarrealcf.es\/wp-content\/uploads\/2024\/06\/ilustracion-estadio_Mesa-de-trabajo-1-32x23.png 32w, https:\/\/villarrealcf.es\/wp-content\/uploads\/2024\/06\/ilustracion-estadio_Mesa-de-trabajo-1-150x106.png 150w, https:\/\/villarrealcf.es\/wp-content\/uploads\/2024\/06\/ilustracion-estadio_Mesa-de-trabajo-1.png 1920w","sizes":"auto, (max-width: 842px) 100vw, 842px"}]}},"sections":[{"id":"section-1","title":"Els abonats groguets tenen fins dem\u00e0 dissabte 20 de juliol per a renovar el seu abonament amb reserva de seient","text":"Els abonats groguets tenen fins dem\u00e0 dissabte 20 de juliol per a renovar el seu abonament amb reserva de seient No oblides renovar el teu abonament per a no perdre els teus seients! Els abonats del Villarreal CF tenen nom\u00e9s fins dem\u00e0 dissabte 20 de juliol per a renovar el seu abonament i mantindre aix\u00ed la seua localitat en l\u2019Estadio de la Cer\u00e1mica. Este dilluns 22 de juliol es gestionaran els canvis d\u2019ubicaci\u00f3 i a partir del dimarts comen\u00e7ar\u00e0 l\u2019\u00faltima fase de la campanya d\u2019abonaments, en la qual es tramitaran noves altes, renovacions (sense reserva de seient) i canvis d\u2019ubicaci\u00f3. Sota el mateix lema del nou equipament de la temporada, \u2018Nascuts de la terra\u2019, l\u2019entitat apel\u00b7la al sentit d\u2019arrelament i pertinen\u00e7a per a enfortir la uni\u00f3 en aquesta nova temporada il\u00b7lusionant en un Estadio de la Cer\u00e1mica ja totalment renovat, en la qual el club espera rellan\u00e7ar-se i tornar a comptar amb el suport dels seus aficionats. Aquests s\u00f3n els punts clau de la campanya d\u2019abonaments 24-25: Terminis de la campanya 24-25: Del 28 de juny al 20 de juliol: \u00fanicament renovacions. En aquesta fase es bloquegen els seients dels abonats. El 22 de juliol: s\u2019alliberen els seients no renovats i es procedeix a canvis d\u2019ubicaci\u00f3 dels abonats de la temporada 23-24. A partir del 23 de juliol: altes noves, renovacions i canvis d\u2019ubicaci\u00f3. Punts de venda: Renovaci\u00f3 en l\u00ednia: del 28 de juny (10.00h) al 20 de juliol (10.00h). Taquilles de l\u2019Estadio de la Cer\u00e1mica (fins al 24 de juliol): de dilluns a divendres de 10.00 a 20:00h. Dissabtes de 10.00 a 13:00h. Tenda Oficial Pla\u00e7a Major (fins al 24 de juliol): de dilluns a divendres de 10:00h a 14:00h. i de 16.00 a 19:00h. A partir del 25 de juliol, en horari comercial habitual. Tenda Oficial Estadio de la Cer\u00e1mica. Nom\u00e9s a partir del 25 de juliol en horari comercial habitual. Els preus dels abonaments per zona s\u00f3n els seg\u00fcents:","url":"","background_image":"","images":[{"type":"image","url":"https:\/\/villarrealcf.es\/wp-content\/uploads\/2024\/06\/ilustracion-estadio_Mesa-de-trabajo-1-copia.png","alt":"ilustracion estadio Mesa de trabajo 1 copia","width":672,"height":596,"srcset":"https:\/\/villarrealcf.es\/wp-content\/uploads\/2024\/06\/ilustracion-estadio_Mesa-de-trabajo-1-copia.png 672w, https:\/\/villarrealcf.es\/wp-content\/uploads\/2024\/06\/ilustracion-estadio_Mesa-de-trabajo-1-copia.png 1920w, https:\/\/villarrealcf.es\/wp-content\/uploads\/2024\/06\/ilustracion-estadio_Mesa-de-trabajo-1-copia.png 1920w, https:\/\/villarrealcf.es\/wp-content\/uploads\/2024\/06\/ilustracion-estadio_Mesa-de-trabajo-1-copia-32x28.png 32w, https:\/\/villarrealcf.es\/wp-content\/uploads\/2024\/06\/ilustracion-estadio_Mesa-de-trabajo-1-copia-150x133.png 150w, https:\/\/villarrealcf.es\/wp-content\/uploads\/2024\/06\/ilustracion-estadio_Mesa-de-trabajo-1-copia.png 1920w, https:\/\/villarrealcf.es\/wp-content\/uploads\/2024\/06\/ilustracion-estadio_Mesa-de-trabajo-1-copia.png 1920w","sizes":"auto, (max-width: 672px) 100vw, 672px"},{"type":"image","url":"https:\/\/villarrealcf.es\/wp-content\/uploads\/2024\/06\/ilustracion-estadio_Mesa-de-trabajo-1.png","alt":"ilustracion estadio Mesa de trabajo 1","width":842,"height":596,"srcset":"https:\/\/villarrealcf.es\/wp-content\/uploads\/2024\/06\/ilustracion-estadio_Mesa-de-trabajo-1.png 842w, https:\/\/villarrealcf.es\/wp-content\/uploads\/2024\/06\/ilustracion-estadio_Mesa-de-trabajo-1.png 1920w, https:\/\/villarrealcf.es\/wp-content\/uploads\/2024\/06\/ilustracion-estadio_Mesa-de-trabajo-1.png 1920w, https:\/\/villarrealcf.es\/wp-content\/uploads\/2024\/06\/ilustracion-estadio_Mesa-de-trabajo-1.png 1920w, https:\/\/villarrealcf.es\/wp-content\/uploads\/2024\/06\/ilustracion-estadio_Mesa-de-trabajo-1-32x23.png 32w, https:\/\/villarrealcf.es\/wp-content\/uploads\/2024\/06\/ilustracion-estadio_Mesa-de-trabajo-1-150x106.png 150w, https:\/\/villarrealcf.es\/wp-content\/uploads\/2024\/06\/ilustracion-estadio_Mesa-de-trabajo-1.png 1920w","sizes":"auto, (max-width: 842px) 100vw, 842px"}],"videos":[],"links":[]},{"id":"section-2","title":"*El termini de renovaci\u00f3 en l\u00ednia finalitza el dissabte 20 de juliol a les 10.00h","text":"*El termini de renovaci\u00f3 en l\u00ednia finalitza el dissabte 20 de juliol a les 10.00h","url":"","background_image":"","images":[],"videos":[],"links":[]}]},"excerpt":{"rendered":"Els abonats groguets tenen fins dem\u00e0 dissabte 20 de juliol per a renovar el seu abonament amb reserva de seient","protected":false},"author":25,"featured_media":314452,"comment_status":"closed","ping_status":"closed","sticky":false,"template":"","format":"standard","meta":{"_acf_changed":false,"footnotes":""},"categories":[13493],"tags":[10017,717,9270,10042,716,9205,9627,9203],"acf":null,"lang":"val","translations":{"es":314438,"val":314454,"en":314469},"essential_grid":{"has_grid":false},"formatted_date":"July 19, 2024","modified_date":"July 19, 2024","permalink":"https:\/\/villarrealcf.es\/val\/ultimas-horas-para-renovar-tu-abono-del-villarreal-cf\/","reading_time":5,"featured_media_data":{"id":314452,"title":"campa\u00f1abonos","caption":"","alt_text":"","description":"","mime_type":"image\/jpeg","source_url":"https:\/\/villarrealcf.es\/wp-content\/uploads\/2024\/07\/campanabonos.jpg","sizes":{"thumbnail":{"url":"https:\/\/villarrealcf.es\/wp-content\/uploads\/2024\/07\/campanabonos.jpg","width":1920,"height":1080},"medium":{"url":"https:\/\/villarrealcf.es\/wp-content\/uploads\/2024\/07\/campanabonos.jpg","width":1920,"height":1080},"medium_large":{"url":"https:\/\/villarrealcf.es\/wp-content\/uploads\/2024\/07\/campanabonos-768x432.jpg","width":768,"height":432},"large":{"url":"https:\/\/villarrealcf.es\/wp-content\/uploads\/2024\/07\/campanabonos.jpg","width":788,"height":443},"1536x1536":{"url":"https:\/\/villarrealcf.es\/wp-content\/uploads\/2024\/07\/campanabonos-1536x864.jpg","width":1536,"height":864},"2048x2048":{"url":"https:\/\/villarrealcf.es\/wp-content\/uploads\/2024\/07\/campanabonos.jpg","width":1920,"height":1080},"tp-image-grid":{"url":"https:\/\/villarrealcf.es\/wp-content\/uploads\/2024\/07\/campanabonos-700x700.jpg","width":700,"height":700},"size-bunyad-medium":{"url":"https:\/\/villarrealcf.es\/wp-content\/uploads\/2024\/07\/campanabonos.jpg","width":1920,"height":1080},"sportspress-crop-medium":{"url":"https:\/\/villarrealcf.es\/wp-content\/uploads\/2024\/07\/campanabonos-300x300.jpg","width":300,"height":300},"sportspress-fit-medium":{"url":"https:\/\/villarrealcf.es\/wp-content\/uploads\/2024\/07\/campanabonos-300x169.jpg","width":300,"height":169},"sportspress-fit-icon":{"url":"https:\/\/villarrealcf.es\/wp-content\/uploads\/2024\/07\/campanabonos-128x72.jpg","width":128,"height":72},"sportspress-fit-mini":{"url":"https:\/\/villarrealcf.es\/wp-content\/uploads\/2024\/07\/campanabonos-32x18.jpg","width":32,"height":18},"bunyad-small":{"url":"https:\/\/villarrealcf.es\/wp-content\/uploads\/2024\/07\/campanabonos-150x84.jpg","width":150,"height":84},"bunyad-medium":{"url":"https:\/\/villarrealcf.es\/wp-content\/uploads\/2024\/07\/campanabonos-450x253.jpg","width":450,"height":253},"bunyad-full":{"url":"https:\/\/villarrealcf.es\/wp-content\/uploads\/2024\/07\/campanabonos-1200x675.jpg","width":1200,"height":675},"bunyad-viewport":{"url":"https:\/\/villarrealcf.es\/wp-content\/uploads\/2024\/07\/campanabonos.jpg","width":1920,"height":1080},"bunyad-768":{"url":"https:\/\/villarrealcf.es\/wp-content\/uploads\/2024\/07\/campanabonos-768x432.jpg","width":768,"height":432},"full":{"url":"https:\/\/villarrealcf.es\/wp-content\/uploads\/2024\/07\/campanabonos.jpg","width":1920,"height":1080}}},"author_data":{"id":"25","name":"Javier Ayuso","first_name":"Javier","last_name":"Ayuso","description":"","avatar_url":"https:\/\/secure.gravatar.com\/avatar\/fcf8894be45988fcce5bbff0efe1790d2a7f4ba57e2c7c898f5068154e696495?s=96&d=mm&r=g","acf":null},"taxonomies_data":{"category":[{"id":13493,"name":"Primer equip","slug":"primer-equip","acf":null}],"post_tag":[{"id":10017,"name":"Campa\u00f1a de Abonos","slug":"campana-de-abonos-val","acf":null},{"id":717,"name":"Football","slug":"football-d34","acf":null},{"id":9270,"name":"Futbol","slug":"futbol-val","acf":null},{"id":10042,"name":"Renovaci\u00f3n","slug":"renovacion-val","acf":null},{"id":716,"name":"Soccer","slug":"soccer-d105","acf":null},{"id":9205,"name":"Submarino","slug":"submarino-val","acf":null},{"id":9627,"name":"Submarino Amarillo","slug":"submarino-amarillo-val","acf":null},{"id":9203,"name":"Villarreal CF","slug":"villarreal-cf-val","acf":null}],"translation_priority":[{"id":735,"name":"Optional","slug":"optional-val","acf":null}]},"seo_full":{"native":{"title":"\u00daltimes hores per a renovar el teu abonament del Villarreal CF! - Web Oficial del Villarreal CF","description":"Els abonats groguets tenen fins dem\u00e0 dissabte 20 de juliol per a renovar el seu abonament amb reserva de seient","canonical":"https:\/\/villarrealcf.es\/val\/ultimas-horas-para-renovar-tu-abono-del-villarreal-cf\/"}},"_links":{"self":[{"href":"https:\/\/villarrealcf.es\/val\/wp-json\/wp\/v2\/posts\/314454","targetHints":{"allow":["GET"]}}],"collection":[{"href":"https:\/\/villarrealcf.es\/val\/wp-json\/wp\/v2\/posts"}],"about":[{"href":"https:\/\/villarrealcf.es\/val\/wp-json\/wp\/v2\/types\/post"}],"author":[{"embeddable":true,"href":"https:\/\/villarrealcf.es\/val\/wp-json\/wp\/v2\/users\/25"}],"replies":[{"embeddable":true,"href":"https:\/\/villarrealcf.es\/val\/wp-json\/wp\/v2\/comments?post=314454"}],"version-history":[{"count":0,"href":"https:\/\/villarrealcf.es\/val\/wp-json\/wp\/v2\/posts\/314454\/revisions"}],"wp:featuredmedia":[{"embeddable":true,"href":"https:\/\/villarrealcf.es\/val\/wp-json\/wp\/v2\/media\/314452"}],"wp:attachment":[{"href":"https:\/\/villarrealcf.es\/val\/wp-json\/wp\/v2\/media?parent=314454"}],"wp:term":[{"taxonomy":"category","embeddable":true,"href":"https:\/\/villarrealcf.es\/val\/wp-json\/wp\/v2\/categories?post=314454"},{"taxonomy":"post_tag","embeddable":true,"href":"https:\/\/villarrealcf.es\/val\/wp-json\/wp\/v2\/tags?post=314454"}],"curies":[{"name":"wp","href":"https:\/\/api.w.org\/{rel}","templated":true}]}}