{"id":313685,"date":"2024-07-12T11:06:34","date_gmt":"2024-07-12T09:06:34","guid":{"rendered":"https:\/\/villarrealcf.es\/los-ninos-del-campus-de-verano-dan-la-bienvenida-a-diego-conde-y-pape-gueye\/"},"modified":"2024-07-12T15:52:54","modified_gmt":"2024-07-12T13:52:54","slug":"els-xiquets-del-campus-destiu-donen-la-benvinguda-a-diego-conde-i-pape-gueye","status":"publish","type":"post","link":"https:\/\/villarrealcf.es\/val\/els-xiquets-del-campus-destiu-donen-la-benvinguda-a-diego-conde-i-pape-gueye\/","title":{"rendered":"Els xiquets del Campus d&#8217;estiu donen la benvinguda a Diego Conde i Pape Gueye"},"content":{"protected":false,"blocks":[{"type":"heading","level":2,"text":"M\u00e9s de 150 jugadors del Campus Estadio de la Cer\u00e1mica han pogut fer-se fotos amb els nous fitxatges del Submar\u00ed"},{"type":"paragraph","text":"M\u00e9s de 150 xiquets del Campus Estadio de la Cer\u00e1mica, organitzat pel Villarreal CF, han donat la benvinguda als nous fitxatges groguets, Diego Conde i Pape Gueye, en la presentaci\u00f3 oficial que ha tingut lloc este migdia en el feu groc."},{"type":"paragraph","text":"A m\u00e9s de l\u2019acte de presentaci\u00f3 a la sala de premsa de l\u2019Estadio de la Cer\u00e1mica, les noves incorporacions del Villarreal per a la temporada 2024-25 han rebut un calor\u00f3s acolliment dels xiquets i xiquetes entre 6 i 17 anys inscrits al campus que organitza l\u2019entitat groga cada estiu. Al seu torn, tots ells han tingut la possibilitat si es fes fotos amb el portera espanyol i el migcampista senegal\u00e9s."},{"type":"paragraph","text":"Estes s\u00f3n les millors imatges dels xiquets del Campus d\u2019estiu en l\u2019Estadio de la Cer\u00e1mica amb Diego Conde i Pape Gueye:"},{"type":"link","url":"https:\/\/villarrealcf.es\/wp-content\/uploads\/2024\/07\/20240712-ActoPresentacionCondeGueye-028.jpg","text":"","target":""},{"type":"image","url":"https:\/\/villarrealcf.es\/wp-content\/uploads\/2024\/07\/20240712-ActoPresentacionCondeGueye-028.jpg","alt":"","width":0,"height":0,"srcset":"","sizes":""},{"type":"link","url":"https:\/\/villarrealcf.es\/wp-content\/uploads\/2024\/07\/20240712-ActoPresentacionCondeGueye-029.jpg","text":"","target":""},{"type":"image","url":"https:\/\/villarrealcf.es\/wp-content\/uploads\/2024\/07\/20240712-ActoPresentacionCondeGueye-029.jpg","alt":"","width":0,"height":0,"srcset":"","sizes":""},{"type":"link","url":"https:\/\/villarrealcf.es\/wp-content\/uploads\/2024\/07\/20240712-ActoPresentacionCondeGueye-032.jpg","text":"","target":""},{"type":"image","url":"https:\/\/villarrealcf.es\/wp-content\/uploads\/2024\/07\/20240712-ActoPresentacionCondeGueye-032.jpg","alt":"","width":0,"height":0,"srcset":"","sizes":""},{"type":"link","url":"https:\/\/villarrealcf.es\/wp-content\/uploads\/2024\/07\/20240712-ActoPresentacionCondeGueye-031.jpg","text":"","target":""},{"type":"image","url":"https:\/\/villarrealcf.es\/wp-content\/uploads\/2024\/07\/20240712-ActoPresentacionCondeGueye-031.jpg","alt":"","width":0,"height":0,"srcset":"","sizes":""},{"type":"link","url":"https:\/\/villarrealcf.es\/wp-content\/uploads\/2024\/07\/20240712-ActoPresentacionCondeGueye-037.jpg","text":"","target":""},{"type":"image","url":"https:\/\/villarrealcf.es\/wp-content\/uploads\/2024\/07\/20240712-ActoPresentacionCondeGueye-037.jpg","alt":"","width":0,"height":0,"srcset":"","sizes":""},{"type":"link","url":"https:\/\/villarrealcf.es\/wp-content\/uploads\/2024\/07\/20240712-ActoPresentacionCondeGueye-036.jpg","text":"","target":""},{"type":"image","url":"https:\/\/villarrealcf.es\/wp-content\/uploads\/2024\/07\/20240712-ActoPresentacionCondeGueye-036.jpg","alt":"","width":0,"height":0,"srcset":"","sizes":""},{"type":"link","url":"https:\/\/villarrealcf.es\/wp-content\/uploads\/2024\/07\/20240712-ActoPresentacionCondeGueye-038.jpg","text":"","target":""},{"type":"image","url":"https:\/\/villarrealcf.es\/wp-content\/uploads\/2024\/07\/20240712-ActoPresentacionCondeGueye-038.jpg","alt":"","width":0,"height":0,"srcset":"","sizes":""},{"type":"heading","level":2,"text":""}],"structured":{"summary":{"text":"M\u00e9s de 150 jugadors del Campus Estadio de la Cer\u00e1mica han pogut fer-se fotos amb els nous fitxatges del Submar\u00ed M\u00e9s de 150 xiquets del Campus Estadio de la Cer\u00e1mica, organitzat pel Villarreal CF, han donat la benvinguda als nous fitxatges groguets, Diego Conde i Pape Gueye, en la presentaci\u00f3 oficial que ha tingut lloc este migdia en el feu groc. A m\u00e9s de l\u2019acte de presentaci\u00f3 a la sala de premsa de l\u2019Estadio de la Cer\u00e1mica, les noves incorporacions del Villarreal per a la temporada 2024-25 han rebut un calor\u00f3s acolliment dels xiquets i xiquetes entre 6 i 17 anys inscrits al campus que organitza l\u2019entitat groga cada estiu. Al seu torn, tots ells han tingut la possibilitat si es fes fotos amb el portera espanyol i el migcampista senegal\u00e9s. Estes s\u00f3n les millors imatges dels xiquets del Campus d\u2019estiu en l\u2019Estadio de la Cer\u00e1mica amb Diego Conde i Pape Gueye:","headings":[{"type":"heading","level":2,"text":"M\u00e9s de 150 jugadors del Campus Estadio de la Cer\u00e1mica han pogut fer-se fotos amb els nous fitxatges del Submar\u00ed"},{"type":"heading","level":2,"text":""}],"buttons":[],"images":[{"type":"image","url":"https:\/\/villarrealcf.es\/wp-content\/uploads\/2024\/07\/20240712-ActoPresentacionCondeGueye-028.jpg","alt":"","width":0,"height":0,"srcset":"","sizes":""},{"type":"image","url":"https:\/\/villarrealcf.es\/wp-content\/uploads\/2024\/07\/20240712-ActoPresentacionCondeGueye-029.jpg","alt":"","width":0,"height":0,"srcset":"","sizes":""},{"type":"image","url":"https:\/\/villarrealcf.es\/wp-content\/uploads\/2024\/07\/20240712-ActoPresentacionCondeGueye-032.jpg","alt":"","width":0,"height":0,"srcset":"","sizes":""},{"type":"image","url":"https:\/\/villarrealcf.es\/wp-content\/uploads\/2024\/07\/20240712-ActoPresentacionCondeGueye-031.jpg","alt":"","width":0,"height":0,"srcset":"","sizes":""},{"type":"image","url":"https:\/\/villarrealcf.es\/wp-content\/uploads\/2024\/07\/20240712-ActoPresentacionCondeGueye-037.jpg","alt":"","width":0,"height":0,"srcset":"","sizes":""},{"type":"image","url":"https:\/\/villarrealcf.es\/wp-content\/uploads\/2024\/07\/20240712-ActoPresentacionCondeGueye-036.jpg","alt":"","width":0,"height":0,"srcset":"","sizes":""},{"type":"image","url":"https:\/\/villarrealcf.es\/wp-content\/uploads\/2024\/07\/20240712-ActoPresentacionCondeGueye-038.jpg","alt":"","width":0,"height":0,"srcset":"","sizes":""}],"counts":{"blocks":19,"headings":2,"texts":3,"buttons":0,"images":7}},"sections":[{"id":"section-1","title":"M\u00e9s de 150 jugadors del Campus Estadio de la Cer\u00e1mica han pogut fer-se fotos amb els nous fitxatges del Submar\u00ed","text":"M\u00e9s de 150 jugadors del Campus Estadio de la Cer\u00e1mica han pogut fer-se fotos amb els nous fitxatges del Submar\u00ed M\u00e9s de 150 xiquets del Campus Estadio de la Cer\u00e1mica, organitzat pel Villarreal CF, han donat la benvinguda als nous fitxatges groguets, Diego Conde i Pape Gueye, en la presentaci\u00f3 oficial que ha tingut lloc este migdia en el feu groc. A m\u00e9s de l\u2019acte de presentaci\u00f3 a la sala de premsa de l\u2019Estadio de la Cer\u00e1mica, les noves incorporacions del Villarreal per a la temporada 2024-25 han rebut un calor\u00f3s acolliment dels xiquets i xiquetes entre 6 i 17 anys inscrits al campus que organitza l\u2019entitat groga cada estiu. Al seu torn, tots ells han tingut la possibilitat si es fes fotos amb el portera espanyol i el migcampista senegal\u00e9s. Estes s\u00f3n les millors imatges dels xiquets del Campus d\u2019estiu en l\u2019Estadio de la Cer\u00e1mica amb Diego Conde i Pape Gueye:","headings":[{"type":"heading","level":2,"text":"M\u00e9s de 150 jugadors del Campus Estadio de la Cer\u00e1mica han pogut fer-se fotos amb els nous fitxatges del Submar\u00ed"}],"texts":[{"type":"paragraph","text":"M\u00e9s de 150 xiquets del Campus Estadio de la Cer\u00e1mica, organitzat pel Villarreal CF, han donat la benvinguda als nous fitxatges groguets, Diego Conde i Pape Gueye, en la presentaci\u00f3 oficial que ha tingut lloc este migdia en el feu groc."},{"type":"paragraph","text":"A m\u00e9s de l\u2019acte de presentaci\u00f3 a la sala de premsa de l\u2019Estadio de la Cer\u00e1mica, les noves incorporacions del Villarreal per a la temporada 2024-25 han rebut un calor\u00f3s acolliment dels xiquets i xiquetes entre 6 i 17 anys inscrits al campus que organitza l\u2019entitat groga cada estiu. Al seu torn, tots ells han tingut la possibilitat si es fes fotos amb el portera espanyol i el migcampista senegal\u00e9s."},{"type":"paragraph","text":"Estes s\u00f3n les millors imatges dels xiquets del Campus d\u2019estiu en l\u2019Estadio de la Cer\u00e1mica amb Diego Conde i Pape Gueye:"}],"buttons":[],"images":[{"type":"image","url":"https:\/\/villarrealcf.es\/wp-content\/uploads\/2024\/07\/20240712-ActoPresentacionCondeGueye-028.jpg","alt":"","width":0,"height":0,"srcset":"","sizes":""},{"type":"image","url":"https:\/\/villarrealcf.es\/wp-content\/uploads\/2024\/07\/20240712-ActoPresentacionCondeGueye-029.jpg","alt":"","width":0,"height":0,"srcset":"","sizes":""},{"type":"image","url":"https:\/\/villarrealcf.es\/wp-content\/uploads\/2024\/07\/20240712-ActoPresentacionCondeGueye-032.jpg","alt":"","width":0,"height":0,"srcset":"","sizes":""},{"type":"image","url":"https:\/\/villarrealcf.es\/wp-content\/uploads\/2024\/07\/20240712-ActoPresentacionCondeGueye-031.jpg","alt":"","width":0,"height":0,"srcset":"","sizes":""},{"type":"image","url":"https:\/\/villarrealcf.es\/wp-content\/uploads\/2024\/07\/20240712-ActoPresentacionCondeGueye-037.jpg","alt":"","width":0,"height":0,"srcset":"","sizes":""},{"type":"image","url":"https:\/\/villarrealcf.es\/wp-content\/uploads\/2024\/07\/20240712-ActoPresentacionCondeGueye-036.jpg","alt":"","width":0,"height":0,"srcset":"","sizes":""},{"type":"image","url":"https:\/\/villarrealcf.es\/wp-content\/uploads\/2024\/07\/20240712-ActoPresentacionCondeGueye-038.jpg","alt":"","width":0,"height":0,"srcset":"","sizes":""}],"widgets":[],"blocks":[{"type":"heading","level":2,"text":"M\u00e9s de 150 jugadors del Campus Estadio de la Cer\u00e1mica han pogut fer-se fotos amb els nous fitxatges del Submar\u00ed"},{"type":"paragraph","text":"M\u00e9s de 150 xiquets del Campus Estadio de la Cer\u00e1mica, organitzat pel Villarreal CF, han donat la benvinguda als nous fitxatges groguets, Diego Conde i Pape Gueye, en la presentaci\u00f3 oficial que ha tingut lloc este migdia en el feu groc."},{"type":"paragraph","text":"A m\u00e9s de l\u2019acte de presentaci\u00f3 a la sala de premsa de l\u2019Estadio de la Cer\u00e1mica, les noves incorporacions del Villarreal per a la temporada 2024-25 han rebut un calor\u00f3s acolliment dels xiquets i xiquetes entre 6 i 17 anys inscrits al campus que organitza l\u2019entitat groga cada estiu. Al seu torn, tots ells han tingut la possibilitat si es fes fotos amb el portera espanyol i el migcampista senegal\u00e9s."},{"type":"paragraph","text":"Estes s\u00f3n les millors imatges dels xiquets del Campus d\u2019estiu en l\u2019Estadio de la Cer\u00e1mica amb Diego Conde i Pape Gueye:"},{"type":"link","url":"https:\/\/villarrealcf.es\/wp-content\/uploads\/2024\/07\/20240712-ActoPresentacionCondeGueye-028.jpg","text":"","target":""},{"type":"image","url":"https:\/\/villarrealcf.es\/wp-content\/uploads\/2024\/07\/20240712-ActoPresentacionCondeGueye-028.jpg","alt":"","width":0,"height":0,"srcset":"","sizes":""},{"type":"link","url":"https:\/\/villarrealcf.es\/wp-content\/uploads\/2024\/07\/20240712-ActoPresentacionCondeGueye-029.jpg","text":"","target":""},{"type":"image","url":"https:\/\/villarrealcf.es\/wp-content\/uploads\/2024\/07\/20240712-ActoPresentacionCondeGueye-029.jpg","alt":"","width":0,"height":0,"srcset":"","sizes":""},{"type":"link","url":"https:\/\/villarrealcf.es\/wp-content\/uploads\/2024\/07\/20240712-ActoPresentacionCondeGueye-032.jpg","text":"","target":""},{"type":"image","url":"https:\/\/villarrealcf.es\/wp-content\/uploads\/2024\/07\/20240712-ActoPresentacionCondeGueye-032.jpg","alt":"","width":0,"height":0,"srcset":"","sizes":""},{"type":"link","url":"https:\/\/villarrealcf.es\/wp-content\/uploads\/2024\/07\/20240712-ActoPresentacionCondeGueye-031.jpg","text":"","target":""},{"type":"image","url":"https:\/\/villarrealcf.es\/wp-content\/uploads\/2024\/07\/20240712-ActoPresentacionCondeGueye-031.jpg","alt":"","width":0,"height":0,"srcset":"","sizes":""},{"type":"link","url":"https:\/\/villarrealcf.es\/wp-content\/uploads\/2024\/07\/20240712-ActoPresentacionCondeGueye-037.jpg","text":"","target":""},{"type":"image","url":"https:\/\/villarrealcf.es\/wp-content\/uploads\/2024\/07\/20240712-ActoPresentacionCondeGueye-037.jpg","alt":"","width":0,"height":0,"srcset":"","sizes":""},{"type":"link","url":"https:\/\/villarrealcf.es\/wp-content\/uploads\/2024\/07\/20240712-ActoPresentacionCondeGueye-036.jpg","text":"","target":""},{"type":"image","url":"https:\/\/villarrealcf.es\/wp-content\/uploads\/2024\/07\/20240712-ActoPresentacionCondeGueye-036.jpg","alt":"","width":0,"height":0,"srcset":"","sizes":""},{"type":"link","url":"https:\/\/villarrealcf.es\/wp-content\/uploads\/2024\/07\/20240712-ActoPresentacionCondeGueye-038.jpg","text":"","target":""},{"type":"image","url":"https:\/\/villarrealcf.es\/wp-content\/uploads\/2024\/07\/20240712-ActoPresentacionCondeGueye-038.jpg","alt":"","width":0,"height":0,"srcset":"","sizes":""}]},{"id":"section-2","title":"","text":"","headings":[{"type":"heading","level":2,"text":""}],"texts":[],"buttons":[],"images":[],"widgets":[],"blocks":[{"type":"heading","level":2,"text":""}]}],"hero":{"id":"section-1","title":"M\u00e9s de 150 jugadors del Campus Estadio de la Cer\u00e1mica han pogut fer-se fotos amb els nous fitxatges del Submar\u00ed","text":"M\u00e9s de 150 jugadors del Campus Estadio de la Cer\u00e1mica han pogut fer-se fotos amb els nous fitxatges del Submar\u00ed M\u00e9s de 150 xiquets del Campus Estadio de la Cer\u00e1mica, organitzat pel Villarreal CF, han donat la benvinguda als nous fitxatges groguets, Diego Conde i Pape Gueye, en la presentaci\u00f3 oficial que ha tingut lloc este migdia en el feu groc. A m\u00e9s de l\u2019acte de presentaci\u00f3 a la sala de premsa de l\u2019Estadio de la Cer\u00e1mica, les noves incorporacions del Villarreal per a la temporada 2024-25 han rebut un calor\u00f3s acolliment dels xiquets i xiquetes entre 6 i 17 anys inscrits al campus que organitza l\u2019entitat groga cada estiu. Al seu torn, tots ells han tingut la possibilitat si es fes fotos amb el portera espanyol i el migcampista senegal\u00e9s. Estes s\u00f3n les millors imatges dels xiquets del Campus d\u2019estiu en l\u2019Estadio de la Cer\u00e1mica amb Diego Conde i Pape Gueye:","headings":[{"type":"heading","level":2,"text":"M\u00e9s de 150 jugadors del Campus Estadio de la Cer\u00e1mica han pogut fer-se fotos amb els nous fitxatges del Submar\u00ed"}],"texts":[{"type":"paragraph","text":"M\u00e9s de 150 xiquets del Campus Estadio de la Cer\u00e1mica, organitzat pel Villarreal CF, han donat la benvinguda als nous fitxatges groguets, Diego Conde i Pape Gueye, en la presentaci\u00f3 oficial que ha tingut lloc este migdia en el feu groc."},{"type":"paragraph","text":"A m\u00e9s de l\u2019acte de presentaci\u00f3 a la sala de premsa de l\u2019Estadio de la Cer\u00e1mica, les noves incorporacions del Villarreal per a la temporada 2024-25 han rebut un calor\u00f3s acolliment dels xiquets i xiquetes entre 6 i 17 anys inscrits al campus que organitza l\u2019entitat groga cada estiu. Al seu torn, tots ells han tingut la possibilitat si es fes fotos amb el portera espanyol i el migcampista senegal\u00e9s."},{"type":"paragraph","text":"Estes s\u00f3n les millors imatges dels xiquets del Campus d\u2019estiu en l\u2019Estadio de la Cer\u00e1mica amb Diego Conde i Pape Gueye:"}],"buttons":[],"images":[{"type":"image","url":"https:\/\/villarrealcf.es\/wp-content\/uploads\/2024\/07\/20240712-ActoPresentacionCondeGueye-028.jpg","alt":"","width":0,"height":0,"srcset":"","sizes":""},{"type":"image","url":"https:\/\/villarrealcf.es\/wp-content\/uploads\/2024\/07\/20240712-ActoPresentacionCondeGueye-029.jpg","alt":"","width":0,"height":0,"srcset":"","sizes":""},{"type":"image","url":"https:\/\/villarrealcf.es\/wp-content\/uploads\/2024\/07\/20240712-ActoPresentacionCondeGueye-032.jpg","alt":"","width":0,"height":0,"srcset":"","sizes":""},{"type":"image","url":"https:\/\/villarrealcf.es\/wp-content\/uploads\/2024\/07\/20240712-ActoPresentacionCondeGueye-031.jpg","alt":"","width":0,"height":0,"srcset":"","sizes":""},{"type":"image","url":"https:\/\/villarrealcf.es\/wp-content\/uploads\/2024\/07\/20240712-ActoPresentacionCondeGueye-037.jpg","alt":"","width":0,"height":0,"srcset":"","sizes":""},{"type":"image","url":"https:\/\/villarrealcf.es\/wp-content\/uploads\/2024\/07\/20240712-ActoPresentacionCondeGueye-036.jpg","alt":"","width":0,"height":0,"srcset":"","sizes":""},{"type":"image","url":"https:\/\/villarrealcf.es\/wp-content\/uploads\/2024\/07\/20240712-ActoPresentacionCondeGueye-038.jpg","alt":"","width":0,"height":0,"srcset":"","sizes":""}],"widgets":[],"blocks":[{"type":"heading","level":2,"text":"M\u00e9s de 150 jugadors del Campus Estadio de la Cer\u00e1mica han pogut fer-se fotos amb els nous fitxatges del Submar\u00ed"},{"type":"paragraph","text":"M\u00e9s de 150 xiquets del Campus Estadio de la Cer\u00e1mica, organitzat pel Villarreal CF, han donat la benvinguda als nous fitxatges groguets, Diego Conde i Pape Gueye, en la presentaci\u00f3 oficial que ha tingut lloc este migdia en el feu groc."},{"type":"paragraph","text":"A m\u00e9s de l\u2019acte de presentaci\u00f3 a la sala de premsa de l\u2019Estadio de la Cer\u00e1mica, les noves incorporacions del Villarreal per a la temporada 2024-25 han rebut un calor\u00f3s acolliment dels xiquets i xiquetes entre 6 i 17 anys inscrits al campus que organitza l\u2019entitat groga cada estiu. Al seu torn, tots ells han tingut la possibilitat si es fes fotos amb el portera espanyol i el migcampista senegal\u00e9s."},{"type":"paragraph","text":"Estes s\u00f3n les millors imatges dels xiquets del Campus d\u2019estiu en l\u2019Estadio de la Cer\u00e1mica amb Diego Conde i Pape Gueye:"},{"type":"link","url":"https:\/\/villarrealcf.es\/wp-content\/uploads\/2024\/07\/20240712-ActoPresentacionCondeGueye-028.jpg","text":"","target":""},{"type":"image","url":"https:\/\/villarrealcf.es\/wp-content\/uploads\/2024\/07\/20240712-ActoPresentacionCondeGueye-028.jpg","alt":"","width":0,"height":0,"srcset":"","sizes":""},{"type":"link","url":"https:\/\/villarrealcf.es\/wp-content\/uploads\/2024\/07\/20240712-ActoPresentacionCondeGueye-029.jpg","text":"","target":""},{"type":"image","url":"https:\/\/villarrealcf.es\/wp-content\/uploads\/2024\/07\/20240712-ActoPresentacionCondeGueye-029.jpg","alt":"","width":0,"height":0,"srcset":"","sizes":""},{"type":"link","url":"https:\/\/villarrealcf.es\/wp-content\/uploads\/2024\/07\/20240712-ActoPresentacionCondeGueye-032.jpg","text":"","target":""},{"type":"image","url":"https:\/\/villarrealcf.es\/wp-content\/uploads\/2024\/07\/20240712-ActoPresentacionCondeGueye-032.jpg","alt":"","width":0,"height":0,"srcset":"","sizes":""},{"type":"link","url":"https:\/\/villarrealcf.es\/wp-content\/uploads\/2024\/07\/20240712-ActoPresentacionCondeGueye-031.jpg","text":"","target":""},{"type":"image","url":"https:\/\/villarrealcf.es\/wp-content\/uploads\/2024\/07\/20240712-ActoPresentacionCondeGueye-031.jpg","alt":"","width":0,"height":0,"srcset":"","sizes":""},{"type":"link","url":"https:\/\/villarrealcf.es\/wp-content\/uploads\/2024\/07\/20240712-ActoPresentacionCondeGueye-037.jpg","text":"","target":""},{"type":"image","url":"https:\/\/villarrealcf.es\/wp-content\/uploads\/2024\/07\/20240712-ActoPresentacionCondeGueye-037.jpg","alt":"","width":0,"height":0,"srcset":"","sizes":""},{"type":"link","url":"https:\/\/villarrealcf.es\/wp-content\/uploads\/2024\/07\/20240712-ActoPresentacionCondeGueye-036.jpg","text":"","target":""},{"type":"image","url":"https:\/\/villarrealcf.es\/wp-content\/uploads\/2024\/07\/20240712-ActoPresentacionCondeGueye-036.jpg","alt":"","width":0,"height":0,"srcset":"","sizes":""},{"type":"link","url":"https:\/\/villarrealcf.es\/wp-content\/uploads\/2024\/07\/20240712-ActoPresentacionCondeGueye-038.jpg","text":"","target":""},{"type":"image","url":"https:\/\/villarrealcf.es\/wp-content\/uploads\/2024\/07\/20240712-ActoPresentacionCondeGueye-038.jpg","alt":"","width":0,"height":0,"srcset":"","sizes":""}]}},"sections":[{"id":"section-1","title":"M\u00e9s de 150 jugadors del Campus Estadio de la Cer\u00e1mica han pogut fer-se fotos amb els nous fitxatges del Submar\u00ed","text":"M\u00e9s de 150 jugadors del Campus Estadio de la Cer\u00e1mica han pogut fer-se fotos amb els nous fitxatges del Submar\u00ed M\u00e9s de 150 xiquets del Campus Estadio de la Cer\u00e1mica, organitzat pel Villarreal CF, han donat la benvinguda als nous fitxatges groguets, Diego Conde i Pape Gueye, en la presentaci\u00f3 oficial que ha tingut lloc este migdia en el feu groc. A m\u00e9s de l\u2019acte de presentaci\u00f3 a la sala de premsa de l\u2019Estadio de la Cer\u00e1mica, les noves incorporacions del Villarreal per a la temporada 2024-25 han rebut un calor\u00f3s acolliment dels xiquets i xiquetes entre 6 i 17 anys inscrits al campus que organitza l\u2019entitat groga cada estiu. Al seu torn, tots ells han tingut la possibilitat si es fes fotos amb el portera espanyol i el migcampista senegal\u00e9s. Estes s\u00f3n les millors imatges dels xiquets del Campus d\u2019estiu en l\u2019Estadio de la Cer\u00e1mica amb Diego Conde i Pape Gueye:","url":"https:\/\/villarrealcf.es\/wp-content\/uploads\/2024\/07\/20240712-ActoPresentacionCondeGueye-028.jpg","background_image":"","images":[{"type":"image","url":"https:\/\/villarrealcf.es\/wp-content\/uploads\/2024\/07\/20240712-ActoPresentacionCondeGueye-028.jpg","alt":"","width":0,"height":0,"srcset":"","sizes":""},{"type":"image","url":"https:\/\/villarrealcf.es\/wp-content\/uploads\/2024\/07\/20240712-ActoPresentacionCondeGueye-029.jpg","alt":"","width":0,"height":0,"srcset":"","sizes":""},{"type":"image","url":"https:\/\/villarrealcf.es\/wp-content\/uploads\/2024\/07\/20240712-ActoPresentacionCondeGueye-032.jpg","alt":"","width":0,"height":0,"srcset":"","sizes":""},{"type":"image","url":"https:\/\/villarrealcf.es\/wp-content\/uploads\/2024\/07\/20240712-ActoPresentacionCondeGueye-031.jpg","alt":"","width":0,"height":0,"srcset":"","sizes":""},{"type":"image","url":"https:\/\/villarrealcf.es\/wp-content\/uploads\/2024\/07\/20240712-ActoPresentacionCondeGueye-037.jpg","alt":"","width":0,"height":0,"srcset":"","sizes":""},{"type":"image","url":"https:\/\/villarrealcf.es\/wp-content\/uploads\/2024\/07\/20240712-ActoPresentacionCondeGueye-036.jpg","alt":"","width":0,"height":0,"srcset":"","sizes":""},{"type":"image","url":"https:\/\/villarrealcf.es\/wp-content\/uploads\/2024\/07\/20240712-ActoPresentacionCondeGueye-038.jpg","alt":"","width":0,"height":0,"srcset":"","sizes":""}],"videos":[],"links":[{"type":"link","url":"https:\/\/villarrealcf.es\/wp-content\/uploads\/2024\/07\/20240712-ActoPresentacionCondeGueye-028.jpg","text":"","target":""},{"type":"link","url":"https:\/\/villarrealcf.es\/wp-content\/uploads\/2024\/07\/20240712-ActoPresentacionCondeGueye-029.jpg","text":"","target":""},{"type":"link","url":"https:\/\/villarrealcf.es\/wp-content\/uploads\/2024\/07\/20240712-ActoPresentacionCondeGueye-032.jpg","text":"","target":""},{"type":"link","url":"https:\/\/villarrealcf.es\/wp-content\/uploads\/2024\/07\/20240712-ActoPresentacionCondeGueye-031.jpg","text":"","target":""},{"type":"link","url":"https:\/\/villarrealcf.es\/wp-content\/uploads\/2024\/07\/20240712-ActoPresentacionCondeGueye-037.jpg","text":"","target":""},{"type":"link","url":"https:\/\/villarrealcf.es\/wp-content\/uploads\/2024\/07\/20240712-ActoPresentacionCondeGueye-036.jpg","text":"","target":""},{"type":"link","url":"https:\/\/villarrealcf.es\/wp-content\/uploads\/2024\/07\/20240712-ActoPresentacionCondeGueye-038.jpg","text":"","target":""}]},{"id":"section-2","title":"","text":"","url":"","background_image":"","images":[],"videos":[],"links":[]}]},"excerpt":{"rendered":"M\u00e9s de 150 jugadors del Campus Estadio de la Cer\u00e1mica han pogut fer-se fotos amb els nous fitxatges del Submar\u00ed","protected":false},"author":1,"featured_media":313662,"comment_status":"closed","ping_status":"closed","sticky":false,"template":"","format":"standard","meta":{"_acf_changed":false,"footnotes":""},"categories":[13493],"tags":[5115,15804,11429,717,9270,13411,15773,15805,13427,716,9205,9627,9203],"acf":null,"lang":"val","translations":{"es":313549,"val":313685,"en":313789},"essential_grid":{"has_grid":false},"formatted_date":"July 12, 2024","modified_date":"July 12, 2024","permalink":"https:\/\/villarrealcf.es\/val\/els-xiquets-del-campus-destiu-donen-la-benvinguda-a-diego-conde-i-pape-gueye\/","reading_time":1,"featured_media_data":{"id":313662,"title":"condeypape_Campus","caption":"","alt_text":"","description":"","mime_type":"image\/jpeg","source_url":"https:\/\/villarrealcf.es\/wp-content\/uploads\/2024\/07\/condeypape_Campus.jpg","sizes":{"thumbnail":{"url":"https:\/\/villarrealcf.es\/wp-content\/uploads\/2024\/07\/condeypape_Campus.jpg","width":1920,"height":1080},"medium":{"url":"https:\/\/villarrealcf.es\/wp-content\/uploads\/2024\/07\/condeypape_Campus.jpg","width":1920,"height":1080},"medium_large":{"url":"https:\/\/villarrealcf.es\/wp-content\/uploads\/2024\/07\/condeypape_Campus-768x432.jpg","width":768,"height":432},"large":{"url":"https:\/\/villarrealcf.es\/wp-content\/uploads\/2024\/07\/condeypape_Campus.jpg","width":788,"height":443},"1536x1536":{"url":"https:\/\/villarrealcf.es\/wp-content\/uploads\/2024\/07\/condeypape_Campus-1536x864.jpg","width":1536,"height":864},"2048x2048":{"url":"https:\/\/villarrealcf.es\/wp-content\/uploads\/2024\/07\/condeypape_Campus.jpg","width":1920,"height":1080},"tp-image-grid":{"url":"https:\/\/villarrealcf.es\/wp-content\/uploads\/2024\/07\/condeypape_Campus-700x700.jpg","width":700,"height":700},"size-bunyad-medium":{"url":"https:\/\/villarrealcf.es\/wp-content\/uploads\/2024\/07\/condeypape_Campus.jpg","width":1920,"height":1080},"sportspress-crop-medium":{"url":"https:\/\/villarrealcf.es\/wp-content\/uploads\/2024\/07\/condeypape_Campus-300x300.jpg","width":300,"height":300},"sportspress-fit-medium":{"url":"https:\/\/villarrealcf.es\/wp-content\/uploads\/2024\/07\/condeypape_Campus-300x169.jpg","width":300,"height":169},"sportspress-fit-icon":{"url":"https:\/\/villarrealcf.es\/wp-content\/uploads\/2024\/07\/condeypape_Campus-128x72.jpg","width":128,"height":72},"sportspress-fit-mini":{"url":"https:\/\/villarrealcf.es\/wp-content\/uploads\/2024\/07\/condeypape_Campus-32x18.jpg","width":32,"height":18},"bunyad-small":{"url":"https:\/\/villarrealcf.es\/wp-content\/uploads\/2024\/07\/condeypape_Campus-150x84.jpg","width":150,"height":84},"bunyad-medium":{"url":"https:\/\/villarrealcf.es\/wp-content\/uploads\/2024\/07\/condeypape_Campus-450x253.jpg","width":450,"height":253},"bunyad-full":{"url":"https:\/\/villarrealcf.es\/wp-content\/uploads\/2024\/07\/condeypape_Campus-1200x675.jpg","width":1200,"height":675},"bunyad-viewport":{"url":"https:\/\/villarrealcf.es\/wp-content\/uploads\/2024\/07\/condeypape_Campus.jpg","width":1920,"height":1080},"bunyad-768":{"url":"https:\/\/villarrealcf.es\/wp-content\/uploads\/2024\/07\/condeypape_Campus-768x432.jpg","width":768,"height":432},"full":{"url":"https:\/\/villarrealcf.es\/wp-content\/uploads\/2024\/07\/condeypape_Campus.jpg","width":1920,"height":1080}}},"author_data":{"id":"1","name":"root_envidea","first_name":"Villarreal CF","last_name":"","description":"","avatar_url":"https:\/\/secure.gravatar.com\/avatar\/48f95f42a3ccc324f3a3458e4b9e6fb070b083e99d388e170c1afb061fa99b63?s=96&d=mm&r=g","acf":null},"taxonomies_data":{"category":[{"id":13493,"name":"Primer equip","slug":"primer-equip","acf":null}],"post_tag":[{"id":5115,"name":"Campus de Verano","slug":"campus-de-verano","acf":null},{"id":15804,"name":"Diego Conde","slug":"diego-conde-val","acf":null},{"id":11429,"name":"Estadio de la Cer\u00e1mica","slug":"estadio-de-la-ceramica-val","acf":null},{"id":717,"name":"Football","slug":"football-d34","acf":null},{"id":9270,"name":"Futbol","slug":"futbol-val","acf":null},{"id":13411,"name":"Galer\u00eda Primer Equipo","slug":"galeria-primer-equipo-val","acf":null},{"id":15773,"name":"Pape Gueye","slug":"pape-gueye-val","acf":null},{"id":15805,"name":"Presentaci\u00f3n oficial","slug":"presentacion-oficial-val","acf":null},{"id":13427,"name":"Primer Equipo","slug":"primer-equipo-val","acf":null},{"id":716,"name":"Soccer","slug":"soccer-d105","acf":null},{"id":9205,"name":"Submarino","slug":"submarino-val","acf":null},{"id":9627,"name":"Submarino Amarillo","slug":"submarino-amarillo-val","acf":null},{"id":9203,"name":"Villarreal CF","slug":"villarreal-cf-val","acf":null}],"translation_priority":[{"id":735,"name":"Optional","slug":"optional-val","acf":null}]},"seo_full":{"native":{"title":"Els xiquets del Campus d&#8217;estiu donen la benvinguda a Diego Conde i Pape Gueye - Web Oficial del Villarreal CF","description":"M\u00e9s de 150 jugadors del Campus Estadio de la Cer\u00e1mica han pogut fer-se fotos amb els nous fitxatges del Submar\u00ed","canonical":"https:\/\/villarrealcf.es\/val\/els-xiquets-del-campus-destiu-donen-la-benvinguda-a-diego-conde-i-pape-gueye\/"}},"_links":{"self":[{"href":"https:\/\/villarrealcf.es\/val\/wp-json\/wp\/v2\/posts\/313685","targetHints":{"allow":["GET"]}}],"collection":[{"href":"https:\/\/villarrealcf.es\/val\/wp-json\/wp\/v2\/posts"}],"about":[{"href":"https:\/\/villarrealcf.es\/val\/wp-json\/wp\/v2\/types\/post"}],"author":[{"embeddable":true,"href":"https:\/\/villarrealcf.es\/val\/wp-json\/wp\/v2\/users\/1"}],"replies":[{"embeddable":true,"href":"https:\/\/villarrealcf.es\/val\/wp-json\/wp\/v2\/comments?post=313685"}],"version-history":[{"count":0,"href":"https:\/\/villarrealcf.es\/val\/wp-json\/wp\/v2\/posts\/313685\/revisions"}],"wp:featuredmedia":[{"embeddable":true,"href":"https:\/\/villarrealcf.es\/val\/wp-json\/wp\/v2\/media\/313662"}],"wp:attachment":[{"href":"https:\/\/villarrealcf.es\/val\/wp-json\/wp\/v2\/media?parent=313685"}],"wp:term":[{"taxonomy":"category","embeddable":true,"href":"https:\/\/villarrealcf.es\/val\/wp-json\/wp\/v2\/categories?post=313685"},{"taxonomy":"post_tag","embeddable":true,"href":"https:\/\/villarrealcf.es\/val\/wp-json\/wp\/v2\/tags?post=313685"}],"curies":[{"name":"wp","href":"https:\/\/api.w.org\/{rel}","templated":true}]}}