{"id":313561,"date":"2024-07-12T11:29:03","date_gmt":"2024-07-12T09:29:03","guid":{"rendered":"https:\/\/villarrealcf.es\/el-filial-jugara-ante-el-ibiza-en-pretemporada\/"},"modified":"2024-07-17T15:56:15","modified_gmt":"2024-07-17T13:56:15","slug":"el-filial-jugara-ante-el-ibiza-en-pretemporada","status":"publish","type":"post","link":"https:\/\/villarrealcf.es\/val\/el-filial-jugara-ante-el-ibiza-en-pretemporada\/","title":{"rendered":"El filial jugar\u00e0 davant el Ibiza en pretemporada"},"content":{"protected":false,"blocks":[{"type":"heading","level":2,"text":"Ja est\u00e0 confirmat l\u2019\u00faltim amist\u00f3s de preparaci\u00f3 del Villarreal B"},{"type":"paragraph","text":"El Villarreal B ja t\u00e9 tancada tota la seua pretemporada. Aix\u00ed, el filial groc ha confirmat hui el seu \u00faltim amist\u00f3s de preparaci\u00f3 que li enfrontar\u00e0 a la UD Ibiza dissabte que ve 17 d\u2019agost en el Mini Estadi de la Ciutat Esportiva Jos\u00e9 Manuel Llaneza."},{"type":"paragraph","text":"Cal destacar que el filial groc, que estar\u00e0 dirigit de nou per Miguel \u00c1lvarez, realitzar\u00e0 un \u2018stage\u2019 de preparaci\u00f3 en Campoamor, un barri de la ciutat d\u2019Alacant, des del 29 de juliol fins al 4 d\u2019agost."},{"type":"paragraph","text":"Calendari de la pretemporada del Villarreal B:"},{"type":"paragraph","text":"Villarreal B \u2013 Lleida: dimarts 23 de juliol, a les 19.00h, (Camp 9 de la Ciutat Esportiva Jos\u00e9 Manuel Llaneza)."},{"type":"paragraph","text":"Villarreal B \u2013 H\u00e8rcules: divendres 26 de juliol, a les 19.00h, (Camp 9 de la Ciutat Esportiva Jos\u00e9 Manuel Llaneza)."},{"type":"paragraph","text":"La Uni\u00f3n Atl\u00e9tico \u2013 Villarreal B: dimecres 31 de juliol (Campoamor)."},{"type":"paragraph","text":"Levante UD-Villarreal B: dissabte 3 d\u2019agost (El Saler)."},{"type":"paragraph","text":"Villarreal B \u2013 CD Eldense: divendres 9 d\u2019agost (Mini Estadi)."},{"type":"paragraph","text":"Villarreal B \u2013 Andorra: diumenge 11 d\u2019agost (Mini Estadi)."},{"type":"paragraph","text":"Villarreal B \u2013 Espanyol B: dijous 15 d\u2019agost (Camp 9 de la Ciutat Esportiva Jos\u00e9 Manuel Llaneza)."},{"type":"paragraph","text":"Villarreal B \u2013 Ibiza: dissabte 17 d\u2019agost (Mini Estadi)."}],"structured":{"summary":{"text":"Ja est\u00e0 confirmat l\u2019\u00faltim amist\u00f3s de preparaci\u00f3 del Villarreal B El Villarreal B ja t\u00e9 tancada tota la seua pretemporada. Aix\u00ed, el filial groc ha confirmat hui el seu \u00faltim amist\u00f3s de preparaci\u00f3 que li enfrontar\u00e0 a la UD Ibiza dissabte que ve 17 d\u2019agost en el Mini Estadi de la Ciutat Esportiva Jos\u00e9 Manuel Llaneza. Cal destacar que el filial groc, que estar\u00e0 dirigit de nou per Miguel \u00c1lvarez, realitzar\u00e0 un \u2018stage\u2019 de preparaci\u00f3 en Campoamor, un barri de la ciutat d\u2019Alacant, des del 29 de juliol fins al 4 d\u2019agost. Calendari de la pretemporada del Villarreal B: Villarreal B \u2013 Lleida: dimarts 23 de juliol, a les 19.00h, (Camp 9 de la Ciutat Esportiva Jos\u00e9 Manuel Llaneza). Villarreal B \u2013 H\u00e8rcules: divendres 26 de juliol, a les 19.00h, (Camp 9 de la Ciutat Esportiva Jos\u00e9 Manuel Llaneza). La Uni\u00f3n Atl\u00e9tico \u2013 Villarreal B: dimecres 31 de juliol (Campoamor). Levante UD-Villarreal B: dissabte 3 d\u2019agost (El Saler). Villarreal B \u2013 CD Eldense: divendres 9 d\u2019agost (Mini Estadi). Villarreal B \u2013 Andorra: diumenge 11 d\u2019agost (Mini Estadi). Villarreal B \u2013 Espanyol B: dijous 15 d\u2019agost (Camp 9 de la Ciutat Esportiva Jos\u00e9 Manuel Llaneza). Villarreal B \u2013 Ibiza: dissabte 17 d\u2019agost (Mini Estadi).","headings":[{"type":"heading","level":2,"text":"Ja est\u00e0 confirmat l\u2019\u00faltim amist\u00f3s de preparaci\u00f3 del Villarreal B"}],"buttons":[],"images":[],"counts":{"blocks":12,"headings":1,"texts":11,"buttons":0,"images":0}},"sections":[{"id":"section-1","title":"Ja est\u00e0 confirmat l\u2019\u00faltim amist\u00f3s de preparaci\u00f3 del Villarreal B","text":"Ja est\u00e0 confirmat l\u2019\u00faltim amist\u00f3s de preparaci\u00f3 del Villarreal B El Villarreal B ja t\u00e9 tancada tota la seua pretemporada. Aix\u00ed, el filial groc ha confirmat hui el seu \u00faltim amist\u00f3s de preparaci\u00f3 que li enfrontar\u00e0 a la UD Ibiza dissabte que ve 17 d\u2019agost en el Mini Estadi de la Ciutat Esportiva Jos\u00e9 Manuel Llaneza. Cal destacar que el filial groc, que estar\u00e0 dirigit de nou per Miguel \u00c1lvarez, realitzar\u00e0 un \u2018stage\u2019 de preparaci\u00f3 en Campoamor, un barri de la ciutat d\u2019Alacant, des del 29 de juliol fins al 4 d\u2019agost. Calendari de la pretemporada del Villarreal B: Villarreal B \u2013 Lleida: dimarts 23 de juliol, a les 19.00h, (Camp 9 de la Ciutat Esportiva Jos\u00e9 Manuel Llaneza). Villarreal B \u2013 H\u00e8rcules: divendres 26 de juliol, a les 19.00h, (Camp 9 de la Ciutat Esportiva Jos\u00e9 Manuel Llaneza). La Uni\u00f3n Atl\u00e9tico \u2013 Villarreal B: dimecres 31 de juliol (Campoamor). Levante UD-Villarreal B: dissabte 3 d\u2019agost (El Saler). Villarreal B \u2013 CD Eldense: divendres 9 d\u2019agost (Mini Estadi). Villarreal B \u2013 Andorra: diumenge 11 d\u2019agost (Mini Estadi). Villarreal B \u2013 Espanyol B: dijous 15 d\u2019agost (Camp 9 de la Ciutat Esportiva Jos\u00e9 Manuel Llaneza). Villarreal B \u2013 Ibiza: dissabte 17 d\u2019agost (Mini Estadi).","headings":[{"type":"heading","level":2,"text":"Ja est\u00e0 confirmat l\u2019\u00faltim amist\u00f3s de preparaci\u00f3 del Villarreal B"}],"texts":[{"type":"paragraph","text":"El Villarreal B ja t\u00e9 tancada tota la seua pretemporada. Aix\u00ed, el filial groc ha confirmat hui el seu \u00faltim amist\u00f3s de preparaci\u00f3 que li enfrontar\u00e0 a la UD Ibiza dissabte que ve 17 d\u2019agost en el Mini Estadi de la Ciutat Esportiva Jos\u00e9 Manuel Llaneza."},{"type":"paragraph","text":"Cal destacar que el filial groc, que estar\u00e0 dirigit de nou per Miguel \u00c1lvarez, realitzar\u00e0 un \u2018stage\u2019 de preparaci\u00f3 en Campoamor, un barri de la ciutat d\u2019Alacant, des del 29 de juliol fins al 4 d\u2019agost."},{"type":"paragraph","text":"Calendari de la pretemporada del Villarreal B:"},{"type":"paragraph","text":"Villarreal B \u2013 Lleida: dimarts 23 de juliol, a les 19.00h, (Camp 9 de la Ciutat Esportiva Jos\u00e9 Manuel Llaneza)."},{"type":"paragraph","text":"Villarreal B \u2013 H\u00e8rcules: divendres 26 de juliol, a les 19.00h, (Camp 9 de la Ciutat Esportiva Jos\u00e9 Manuel Llaneza)."},{"type":"paragraph","text":"La Uni\u00f3n Atl\u00e9tico \u2013 Villarreal B: dimecres 31 de juliol (Campoamor)."},{"type":"paragraph","text":"Levante UD-Villarreal B: dissabte 3 d\u2019agost (El Saler)."},{"type":"paragraph","text":"Villarreal B \u2013 CD Eldense: divendres 9 d\u2019agost (Mini Estadi)."},{"type":"paragraph","text":"Villarreal B \u2013 Andorra: diumenge 11 d\u2019agost (Mini Estadi)."},{"type":"paragraph","text":"Villarreal B \u2013 Espanyol B: dijous 15 d\u2019agost (Camp 9 de la Ciutat Esportiva Jos\u00e9 Manuel Llaneza)."},{"type":"paragraph","text":"Villarreal B \u2013 Ibiza: dissabte 17 d\u2019agost (Mini Estadi)."}],"buttons":[],"images":[],"widgets":[],"blocks":[{"type":"heading","level":2,"text":"Ja est\u00e0 confirmat l\u2019\u00faltim amist\u00f3s de preparaci\u00f3 del Villarreal B"},{"type":"paragraph","text":"El Villarreal B ja t\u00e9 tancada tota la seua pretemporada. Aix\u00ed, el filial groc ha confirmat hui el seu \u00faltim amist\u00f3s de preparaci\u00f3 que li enfrontar\u00e0 a la UD Ibiza dissabte que ve 17 d\u2019agost en el Mini Estadi de la Ciutat Esportiva Jos\u00e9 Manuel Llaneza."},{"type":"paragraph","text":"Cal destacar que el filial groc, que estar\u00e0 dirigit de nou per Miguel \u00c1lvarez, realitzar\u00e0 un \u2018stage\u2019 de preparaci\u00f3 en Campoamor, un barri de la ciutat d\u2019Alacant, des del 29 de juliol fins al 4 d\u2019agost."},{"type":"paragraph","text":"Calendari de la pretemporada del Villarreal B:"},{"type":"paragraph","text":"Villarreal B \u2013 Lleida: dimarts 23 de juliol, a les 19.00h, (Camp 9 de la Ciutat Esportiva Jos\u00e9 Manuel Llaneza)."},{"type":"paragraph","text":"Villarreal B \u2013 H\u00e8rcules: divendres 26 de juliol, a les 19.00h, (Camp 9 de la Ciutat Esportiva Jos\u00e9 Manuel Llaneza)."},{"type":"paragraph","text":"La Uni\u00f3n Atl\u00e9tico \u2013 Villarreal B: dimecres 31 de juliol (Campoamor)."},{"type":"paragraph","text":"Levante UD-Villarreal B: dissabte 3 d\u2019agost (El Saler)."},{"type":"paragraph","text":"Villarreal B \u2013 CD Eldense: divendres 9 d\u2019agost (Mini Estadi)."},{"type":"paragraph","text":"Villarreal B \u2013 Andorra: diumenge 11 d\u2019agost (Mini Estadi)."},{"type":"paragraph","text":"Villarreal B \u2013 Espanyol B: dijous 15 d\u2019agost (Camp 9 de la Ciutat Esportiva Jos\u00e9 Manuel Llaneza)."},{"type":"paragraph","text":"Villarreal B \u2013 Ibiza: dissabte 17 d\u2019agost (Mini Estadi)."}]}],"hero":{"id":"section-1","title":"Ja est\u00e0 confirmat l\u2019\u00faltim amist\u00f3s de preparaci\u00f3 del Villarreal B","text":"Ja est\u00e0 confirmat l\u2019\u00faltim amist\u00f3s de preparaci\u00f3 del Villarreal B El Villarreal B ja t\u00e9 tancada tota la seua pretemporada. Aix\u00ed, el filial groc ha confirmat hui el seu \u00faltim amist\u00f3s de preparaci\u00f3 que li enfrontar\u00e0 a la UD Ibiza dissabte que ve 17 d\u2019agost en el Mini Estadi de la Ciutat Esportiva Jos\u00e9 Manuel Llaneza. Cal destacar que el filial groc, que estar\u00e0 dirigit de nou per Miguel \u00c1lvarez, realitzar\u00e0 un \u2018stage\u2019 de preparaci\u00f3 en Campoamor, un barri de la ciutat d\u2019Alacant, des del 29 de juliol fins al 4 d\u2019agost. Calendari de la pretemporada del Villarreal B: Villarreal B \u2013 Lleida: dimarts 23 de juliol, a les 19.00h, (Camp 9 de la Ciutat Esportiva Jos\u00e9 Manuel Llaneza). Villarreal B \u2013 H\u00e8rcules: divendres 26 de juliol, a les 19.00h, (Camp 9 de la Ciutat Esportiva Jos\u00e9 Manuel Llaneza). La Uni\u00f3n Atl\u00e9tico \u2013 Villarreal B: dimecres 31 de juliol (Campoamor). Levante UD-Villarreal B: dissabte 3 d\u2019agost (El Saler). Villarreal B \u2013 CD Eldense: divendres 9 d\u2019agost (Mini Estadi). Villarreal B \u2013 Andorra: diumenge 11 d\u2019agost (Mini Estadi). Villarreal B \u2013 Espanyol B: dijous 15 d\u2019agost (Camp 9 de la Ciutat Esportiva Jos\u00e9 Manuel Llaneza). Villarreal B \u2013 Ibiza: dissabte 17 d\u2019agost (Mini Estadi).","headings":[{"type":"heading","level":2,"text":"Ja est\u00e0 confirmat l\u2019\u00faltim amist\u00f3s de preparaci\u00f3 del Villarreal B"}],"texts":[{"type":"paragraph","text":"El Villarreal B ja t\u00e9 tancada tota la seua pretemporada. Aix\u00ed, el filial groc ha confirmat hui el seu \u00faltim amist\u00f3s de preparaci\u00f3 que li enfrontar\u00e0 a la UD Ibiza dissabte que ve 17 d\u2019agost en el Mini Estadi de la Ciutat Esportiva Jos\u00e9 Manuel Llaneza."},{"type":"paragraph","text":"Cal destacar que el filial groc, que estar\u00e0 dirigit de nou per Miguel \u00c1lvarez, realitzar\u00e0 un \u2018stage\u2019 de preparaci\u00f3 en Campoamor, un barri de la ciutat d\u2019Alacant, des del 29 de juliol fins al 4 d\u2019agost."},{"type":"paragraph","text":"Calendari de la pretemporada del Villarreal B:"},{"type":"paragraph","text":"Villarreal B \u2013 Lleida: dimarts 23 de juliol, a les 19.00h, (Camp 9 de la Ciutat Esportiva Jos\u00e9 Manuel Llaneza)."},{"type":"paragraph","text":"Villarreal B \u2013 H\u00e8rcules: divendres 26 de juliol, a les 19.00h, (Camp 9 de la Ciutat Esportiva Jos\u00e9 Manuel Llaneza)."},{"type":"paragraph","text":"La Uni\u00f3n Atl\u00e9tico \u2013 Villarreal B: dimecres 31 de juliol (Campoamor)."},{"type":"paragraph","text":"Levante UD-Villarreal B: dissabte 3 d\u2019agost (El Saler)."},{"type":"paragraph","text":"Villarreal B \u2013 CD Eldense: divendres 9 d\u2019agost (Mini Estadi)."},{"type":"paragraph","text":"Villarreal B \u2013 Andorra: diumenge 11 d\u2019agost (Mini Estadi)."},{"type":"paragraph","text":"Villarreal B \u2013 Espanyol B: dijous 15 d\u2019agost (Camp 9 de la Ciutat Esportiva Jos\u00e9 Manuel Llaneza)."},{"type":"paragraph","text":"Villarreal B \u2013 Ibiza: dissabte 17 d\u2019agost (Mini Estadi)."}],"buttons":[],"images":[],"widgets":[],"blocks":[{"type":"heading","level":2,"text":"Ja est\u00e0 confirmat l\u2019\u00faltim amist\u00f3s de preparaci\u00f3 del Villarreal B"},{"type":"paragraph","text":"El Villarreal B ja t\u00e9 tancada tota la seua pretemporada. Aix\u00ed, el filial groc ha confirmat hui el seu \u00faltim amist\u00f3s de preparaci\u00f3 que li enfrontar\u00e0 a la UD Ibiza dissabte que ve 17 d\u2019agost en el Mini Estadi de la Ciutat Esportiva Jos\u00e9 Manuel Llaneza."},{"type":"paragraph","text":"Cal destacar que el filial groc, que estar\u00e0 dirigit de nou per Miguel \u00c1lvarez, realitzar\u00e0 un \u2018stage\u2019 de preparaci\u00f3 en Campoamor, un barri de la ciutat d\u2019Alacant, des del 29 de juliol fins al 4 d\u2019agost."},{"type":"paragraph","text":"Calendari de la pretemporada del Villarreal B:"},{"type":"paragraph","text":"Villarreal B \u2013 Lleida: dimarts 23 de juliol, a les 19.00h, (Camp 9 de la Ciutat Esportiva Jos\u00e9 Manuel Llaneza)."},{"type":"paragraph","text":"Villarreal B \u2013 H\u00e8rcules: divendres 26 de juliol, a les 19.00h, (Camp 9 de la Ciutat Esportiva Jos\u00e9 Manuel Llaneza)."},{"type":"paragraph","text":"La Uni\u00f3n Atl\u00e9tico \u2013 Villarreal B: dimecres 31 de juliol (Campoamor)."},{"type":"paragraph","text":"Levante UD-Villarreal B: dissabte 3 d\u2019agost (El Saler)."},{"type":"paragraph","text":"Villarreal B \u2013 CD Eldense: divendres 9 d\u2019agost (Mini Estadi)."},{"type":"paragraph","text":"Villarreal B \u2013 Andorra: diumenge 11 d\u2019agost (Mini Estadi)."},{"type":"paragraph","text":"Villarreal B \u2013 Espanyol B: dijous 15 d\u2019agost (Camp 9 de la Ciutat Esportiva Jos\u00e9 Manuel Llaneza)."},{"type":"paragraph","text":"Villarreal B \u2013 Ibiza: dissabte 17 d\u2019agost (Mini Estadi)."}]}},"sections":[{"id":"section-1","title":"Ja est\u00e0 confirmat l\u2019\u00faltim amist\u00f3s de preparaci\u00f3 del Villarreal B","text":"Ja est\u00e0 confirmat l\u2019\u00faltim amist\u00f3s de preparaci\u00f3 del Villarreal B El Villarreal B ja t\u00e9 tancada tota la seua pretemporada. Aix\u00ed, el filial groc ha confirmat hui el seu \u00faltim amist\u00f3s de preparaci\u00f3 que li enfrontar\u00e0 a la UD Ibiza dissabte que ve 17 d\u2019agost en el Mini Estadi de la Ciutat Esportiva Jos\u00e9 Manuel Llaneza. Cal destacar que el filial groc, que estar\u00e0 dirigit de nou per Miguel \u00c1lvarez, realitzar\u00e0 un \u2018stage\u2019 de preparaci\u00f3 en Campoamor, un barri de la ciutat d\u2019Alacant, des del 29 de juliol fins al 4 d\u2019agost. Calendari de la pretemporada del Villarreal B: Villarreal B \u2013 Lleida: dimarts 23 de juliol, a les 19.00h, (Camp 9 de la Ciutat Esportiva Jos\u00e9 Manuel Llaneza). Villarreal B \u2013 H\u00e8rcules: divendres 26 de juliol, a les 19.00h, (Camp 9 de la Ciutat Esportiva Jos\u00e9 Manuel Llaneza). La Uni\u00f3n Atl\u00e9tico \u2013 Villarreal B: dimecres 31 de juliol (Campoamor). Levante UD-Villarreal B: dissabte 3 d\u2019agost (El Saler). Villarreal B \u2013 CD Eldense: divendres 9 d\u2019agost (Mini Estadi). Villarreal B \u2013 Andorra: diumenge 11 d\u2019agost (Mini Estadi). Villarreal B \u2013 Espanyol B: dijous 15 d\u2019agost (Camp 9 de la Ciutat Esportiva Jos\u00e9 Manuel Llaneza). Villarreal B \u2013 Ibiza: dissabte 17 d\u2019agost (Mini Estadi).","url":"","background_image":"","images":[],"videos":[],"links":[]}]},"excerpt":{"rendered":"Ja est\u00e0 confirmat l&#8217;\u00faltim amist\u00f3s de preparaci\u00f3 del Villarreal B","protected":false},"author":23,"featured_media":313708,"comment_status":"closed","ping_status":"closed","sticky":false,"template":"","format":"standard","meta":{"_acf_changed":false,"footnotes":""},"categories":[13803],"tags":[9402,9366,10325,717,9270,9227,9428,13781,716,9205,9627,14263,9203],"acf":null,"lang":"val","translations":{"es":313554,"val":313561,"en":313784},"essential_grid":{"has_grid":false},"formatted_date":"July 12, 2024","modified_date":"July 17, 2024","permalink":"https:\/\/villarrealcf.es\/val\/el-filial-jugara-ante-el-ibiza-en-pretemporada\/","reading_time":1,"featured_media_data":{"id":313708,"title":"20240712-Entrenamiento-008","caption":"","alt_text":"","description":"","mime_type":"image\/jpeg","source_url":"https:\/\/villarrealcf.es\/wp-content\/uploads\/2024\/07\/20240712-Entrenamiento-008.jpg","sizes":{"thumbnail":{"url":"https:\/\/villarrealcf.es\/wp-content\/uploads\/2024\/07\/20240712-Entrenamiento-008-1920x1080.jpg","width":1920,"height":1080},"medium":{"url":"https:\/\/villarrealcf.es\/wp-content\/uploads\/2024\/07\/20240712-Entrenamiento-008-1920x1080.jpg","width":1920,"height":1080},"medium_large":{"url":"https:\/\/villarrealcf.es\/wp-content\/uploads\/2024\/07\/20240712-Entrenamiento-008-768x432.jpg","width":768,"height":432},"large":{"url":"https:\/\/villarrealcf.es\/wp-content\/uploads\/2024\/07\/20240712-Entrenamiento-008-1920x1080.jpg","width":788,"height":443},"1536x1536":{"url":"https:\/\/villarrealcf.es\/wp-content\/uploads\/2024\/07\/20240712-Entrenamiento-008-1536x865.jpg","width":1536,"height":865},"2048x2048":{"url":"https:\/\/villarrealcf.es\/wp-content\/uploads\/2024\/07\/20240712-Entrenamiento-008.jpg","width":1972,"height":1110},"tp-image-grid":{"url":"https:\/\/villarrealcf.es\/wp-content\/uploads\/2024\/07\/20240712-Entrenamiento-008-700x700.jpg","width":700,"height":700},"size-bunyad-medium":{"url":"https:\/\/villarrealcf.es\/wp-content\/uploads\/2024\/07\/20240712-Entrenamiento-008-1920x1080.jpg","width":1920,"height":1080},"sportspress-crop-medium":{"url":"https:\/\/villarrealcf.es\/wp-content\/uploads\/2024\/07\/20240712-Entrenamiento-008-300x300.jpg","width":300,"height":300},"sportspress-fit-medium":{"url":"https:\/\/villarrealcf.es\/wp-content\/uploads\/2024\/07\/20240712-Entrenamiento-008-300x169.jpg","width":300,"height":169},"sportspress-fit-icon":{"url":"https:\/\/villarrealcf.es\/wp-content\/uploads\/2024\/07\/20240712-Entrenamiento-008-128x72.jpg","width":128,"height":72},"sportspress-fit-mini":{"url":"https:\/\/villarrealcf.es\/wp-content\/uploads\/2024\/07\/20240712-Entrenamiento-008-32x18.jpg","width":32,"height":18},"bunyad-small":{"url":"https:\/\/villarrealcf.es\/wp-content\/uploads\/2024\/07\/20240712-Entrenamiento-008-150x84.jpg","width":150,"height":84},"bunyad-medium":{"url":"https:\/\/villarrealcf.es\/wp-content\/uploads\/2024\/07\/20240712-Entrenamiento-008-450x253.jpg","width":450,"height":253},"bunyad-full":{"url":"https:\/\/villarrealcf.es\/wp-content\/uploads\/2024\/07\/20240712-Entrenamiento-008-1200x675.jpg","width":1200,"height":675},"bunyad-viewport":{"url":"https:\/\/villarrealcf.es\/wp-content\/uploads\/2024\/07\/20240712-Entrenamiento-008.jpg","width":1972,"height":1110},"bunyad-768":{"url":"https:\/\/villarrealcf.es\/wp-content\/uploads\/2024\/07\/20240712-Entrenamiento-008-768x432.jpg","width":768,"height":432},"full":{"url":"https:\/\/villarrealcf.es\/wp-content\/uploads\/2024\/07\/20240712-Entrenamiento-008.jpg","width":1972,"height":1110}}},"author_data":{"id":"23","name":"Fran Segovia","first_name":"Fran","last_name":"Segovia","description":"","avatar_url":"https:\/\/secure.gravatar.com\/avatar\/9ec849b3b9cb451091f0a96d7943b1c6be26a8d6fd3b94d5b5bfd496b2536c42?s=96&d=mm&r=g","acf":null},"taxonomies_data":{"category":[{"id":13803,"name":"Futbol base","slug":"futbol-base-val-2","acf":null}],"post_tag":[{"id":9402,"name":"Amistoso","slug":"amistoso-val","acf":null},{"id":9366,"name":"Cantera","slug":"cantera-val","acf":null},{"id":10325,"name":"Cantera Grogueta","slug":"cantera-grogueta-val","acf":null},{"id":717,"name":"Football","slug":"football-d34","acf":null},{"id":9270,"name":"Futbol","slug":"futbol-val","acf":null},{"id":9227,"name":"F\u00fatbol Base","slug":"futbol-base-val","acf":null},{"id":9428,"name":"Mini Estadi","slug":"mini-estadi-val","acf":null},{"id":13781,"name":"Sin categorizar","slug":"sin-categorizar-val","acf":null},{"id":716,"name":"Soccer","slug":"soccer-d105","acf":null},{"id":9205,"name":"Submarino","slug":"submarino-val","acf":null},{"id":9627,"name":"Submarino Amarillo","slug":"submarino-amarillo-val","acf":null},{"id":14263,"name":"UD Ibiza","slug":"ud-ibiza-2-val","acf":null},{"id":9203,"name":"Villarreal CF","slug":"villarreal-cf-val","acf":null}],"translation_priority":[{"id":735,"name":"Optional","slug":"optional-val","acf":null}]},"seo_full":{"native":{"title":"El filial jugar\u00e0 davant el Ibiza en pretemporada - Web Oficial del Villarreal CF","description":"Ja est\u00e0 confirmat l'\u00faltim amist\u00f3s de preparaci\u00f3 del Villarreal B","canonical":"https:\/\/villarrealcf.es\/val\/el-filial-jugara-ante-el-ibiza-en-pretemporada\/"}},"_links":{"self":[{"href":"https:\/\/villarrealcf.es\/val\/wp-json\/wp\/v2\/posts\/313561","targetHints":{"allow":["GET"]}}],"collection":[{"href":"https:\/\/villarrealcf.es\/val\/wp-json\/wp\/v2\/posts"}],"about":[{"href":"https:\/\/villarrealcf.es\/val\/wp-json\/wp\/v2\/types\/post"}],"author":[{"embeddable":true,"href":"https:\/\/villarrealcf.es\/val\/wp-json\/wp\/v2\/users\/23"}],"replies":[{"embeddable":true,"href":"https:\/\/villarrealcf.es\/val\/wp-json\/wp\/v2\/comments?post=313561"}],"version-history":[{"count":0,"href":"https:\/\/villarrealcf.es\/val\/wp-json\/wp\/v2\/posts\/313561\/revisions"}],"wp:featuredmedia":[{"embeddable":true,"href":"https:\/\/villarrealcf.es\/val\/wp-json\/wp\/v2\/media\/313708"}],"wp:attachment":[{"href":"https:\/\/villarrealcf.es\/val\/wp-json\/wp\/v2\/media?parent=313561"}],"wp:term":[{"taxonomy":"category","embeddable":true,"href":"https:\/\/villarrealcf.es\/val\/wp-json\/wp\/v2\/categories?post=313561"},{"taxonomy":"post_tag","embeddable":true,"href":"https:\/\/villarrealcf.es\/val\/wp-json\/wp\/v2\/tags?post=313561"}],"curies":[{"name":"wp","href":"https:\/\/api.w.org\/{rel}","templated":true}]}}