{"id":313536,"date":"2024-07-11T20:25:34","date_gmt":"2024-07-11T18:25:34","guid":{"rendered":"https:\/\/villarrealcf.es\/?p=313536"},"modified":"2024-07-11T22:43:01","modified_gmt":"2024-07-11T20:43:01","slug":"una-sessio-de-portes-obertes-per-a-iniciar-la-24-25","status":"publish","type":"post","link":"https:\/\/villarrealcf.es\/val\/una-sessio-de-portes-obertes-per-a-iniciar-la-24-25\/","title":{"rendered":"Una sessi\u00f3 de portes obertes per a iniciar la 24-25"},"content":{"protected":false,"blocks":[{"type":"text","widget":"text-editor","text":"El Villarreal duu a terme el seu primer entrenament de la temporada despr\u00e9s de les proves m\u00e8diques i f\u00edsiques","paragraphs":[]},{"type":"text","widget":"text-editor","text":"El Villareal CF ha obert les seues portes als aficionats groguets per al primer entrenament de la temporada, que ha tingut lloc aquesta vesprada en el Camp 9 de la Ciutat Esportiva Jos\u00e9 Manuel Llaneza. Despr\u00e9s de tres dies de proves m\u00e8diques i d\u2019esfor\u00e7, el Submar\u00ed Groc ha tornat als entrenaments sota els ordes de Marcelino Garc\u00eda Toral per a comen\u00e7ar a preparar l\u2019inici de curs 2024\/25. Aix\u00ed, els seguidors grocs han pogut gaudir del retorn al treball de la plantilla del primer equip, aix\u00ed com de les noves incorporacions de Diego Conde i Pape Gueye.","paragraphs":["El Villareal CF ha obert les seues portes als aficionats groguets per al primer entrenament de la temporada, que ha tingut lloc aquesta vesprada en el Camp 9 de la Ciutat Esportiva Jos\u00e9 Manuel Llaneza.","Despr\u00e9s de tres dies de proves m\u00e8diques i d\u2019esfor\u00e7, el Submar\u00ed Groc ha tornat als entrenaments sota els ordes de Marcelino Garc\u00eda Toral per a comen\u00e7ar a preparar l\u2019inici de curs 2024\/25.","Aix\u00ed, els seguidors grocs han pogut gaudir del retorn al treball de la plantilla del primer equip, aix\u00ed com de les noves incorporacions de Diego Conde i Pape Gueye."]},{"type":"gallery","widget":"gallery","items":[{"url":"https:\/\/villarrealcf.es\/wp-content\/uploads\/2024\/07\/20240711-Entrenamiento-003-scaled.jpg","title":"20240711-Entrenamiento-003","thumbnail":"https:\/\/villarrealcf.es\/wp-content\/uploads\/2024\/07\/20240711-Entrenamiento-003-scaled.jpg","width":2560,"height":1707},{"url":"https:\/\/villarrealcf.es\/wp-content\/uploads\/2024\/07\/20240711-Entrenamiento-004-scaled.jpg","title":"20240711-Entrenamiento-004","thumbnail":"https:\/\/villarrealcf.es\/wp-content\/uploads\/2024\/07\/20240711-Entrenamiento-004-scaled.jpg","width":2560,"height":1707},{"url":"https:\/\/villarrealcf.es\/wp-content\/uploads\/2024\/07\/20240711-Entrenamiento-005-scaled.jpg","title":"20240711-Entrenamiento-005","thumbnail":"https:\/\/villarrealcf.es\/wp-content\/uploads\/2024\/07\/20240711-Entrenamiento-005-scaled.jpg","width":2560,"height":1707},{"url":"https:\/\/villarrealcf.es\/wp-content\/uploads\/2024\/07\/20240711-Entrenamiento-010-scaled.jpg","title":"20240711-Entrenamiento-010","thumbnail":"https:\/\/villarrealcf.es\/wp-content\/uploads\/2024\/07\/20240711-Entrenamiento-010-scaled.jpg","width":2560,"height":1707},{"url":"https:\/\/villarrealcf.es\/wp-content\/uploads\/2024\/07\/20240711-Entrenamiento-014-scaled.jpg","title":"20240711-Entrenamiento-014","thumbnail":"https:\/\/villarrealcf.es\/wp-content\/uploads\/2024\/07\/20240711-Entrenamiento-014-scaled.jpg","width":2560,"height":1707},{"url":"https:\/\/villarrealcf.es\/wp-content\/uploads\/2024\/07\/20240711-Entrenamiento-036-scaled.jpg","title":"20240711-Entrenamiento-036","thumbnail":"https:\/\/villarrealcf.es\/wp-content\/uploads\/2024\/07\/20240711-Entrenamiento-036-scaled.jpg","width":2560,"height":1707},{"url":"https:\/\/villarrealcf.es\/wp-content\/uploads\/2024\/07\/20240711-Entrenamiento-017-scaled.jpg","title":"20240711-Entrenamiento-017","thumbnail":"https:\/\/villarrealcf.es\/wp-content\/uploads\/2024\/07\/20240711-Entrenamiento-017-scaled.jpg","width":2560,"height":1707},{"url":"https:\/\/villarrealcf.es\/wp-content\/uploads\/2024\/07\/20240711-Entrenamiento-030-scaled.jpg","title":"20240711-Entrenamiento-030","thumbnail":"https:\/\/villarrealcf.es\/wp-content\/uploads\/2024\/07\/20240711-Entrenamiento-030-scaled.jpg","width":2560,"height":1707},{"url":"https:\/\/villarrealcf.es\/wp-content\/uploads\/2024\/07\/20240711-Entrenamiento-024-scaled.jpg","title":"20240711-Entrenamiento-024","thumbnail":"https:\/\/villarrealcf.es\/wp-content\/uploads\/2024\/07\/20240711-Entrenamiento-024-scaled.jpg","width":2560,"height":1707},{"url":"https:\/\/villarrealcf.es\/wp-content\/uploads\/2024\/07\/20240711-Entrenamiento-022-scaled.jpg","title":"20240711-Entrenamiento-022","thumbnail":"https:\/\/villarrealcf.es\/wp-content\/uploads\/2024\/07\/20240711-Entrenamiento-022-scaled.jpg","width":2560,"height":1707},{"url":"https:\/\/villarrealcf.es\/wp-content\/uploads\/2024\/07\/20240711-Entrenamiento-021-scaled.jpg","title":"20240711-Entrenamiento-021","thumbnail":"https:\/\/villarrealcf.es\/wp-content\/uploads\/2024\/07\/20240711-Entrenamiento-021-scaled.jpg","width":2560,"height":1707},{"url":"https:\/\/villarrealcf.es\/wp-content\/uploads\/2024\/07\/20240711-Entrenamiento-008-scaled.jpg","title":"20240711-Entrenamiento-008","thumbnail":"https:\/\/villarrealcf.es\/wp-content\/uploads\/2024\/07\/20240711-Entrenamiento-008-scaled.jpg","width":2560,"height":1707}]}],"structured":{"summary":{"text":"El Villarreal duu a terme el seu primer entrenament de la temporada despr\u00e9s de les proves m\u00e8diques i f\u00edsiques El Villareal CF ha obert les seues portes als aficionats groguets per al primer entrenament de la temporada, que ha tingut lloc aquesta vesprada en el Camp 9 de la Ciutat Esportiva Jos\u00e9 Manuel Llaneza. Despr\u00e9s de tres dies de proves m\u00e8diques i d\u2019esfor\u00e7, el Submar\u00ed Groc ha tornat als entrenaments sota els ordes de Marcelino Garc\u00eda Toral per a comen\u00e7ar a preparar l\u2019inici de curs 2024\/25. Aix\u00ed, els seguidors grocs han pogut gaudir del retorn al treball de la plantilla del primer equip, aix\u00ed com de les noves incorporacions de Diego Conde i Pape Gueye.","headings":[],"buttons":[],"images":[],"counts":{"blocks":3,"headings":0,"texts":2,"buttons":0,"images":0},"containers":2},"sections":[{"id":"29b72e26","type":"container","classes":["elementor-section","elementor-top-section","elementor-element","elementor-element-29b72e26","elementor-section-boxed","elementor-section-height-default"],"title":"","text":"El Villarreal duu a terme el seu primer entrenament de la temporada despr\u00e9s de les proves m\u00e8diques i f\u00edsiques","headings":[],"texts":[{"type":"text","widget":"text-editor","text":"El Villarreal duu a terme el seu primer entrenament de la temporada despr\u00e9s de les proves m\u00e8diques i f\u00edsiques","paragraphs":[]}],"buttons":[],"images":[],"widgets":["text-editor"],"blocks":[{"type":"text","widget":"text-editor","text":"El Villarreal duu a terme el seu primer entrenament de la temporada despr\u00e9s de les proves m\u00e8diques i f\u00edsiques","paragraphs":[]}],"children":[]},{"id":"1209dc5","type":"container","classes":["elementor-section","elementor-top-section","elementor-element","elementor-element-1209dc5","elementor-section-boxed","elementor-section-height-default"],"title":"","text":"El Villareal CF ha obert les seues portes als aficionats groguets per al primer entrenament de la temporada, que ha tingut lloc aquesta vesprada en el Camp 9 de la Ciutat Esportiva Jos\u00e9 Manuel Llaneza. Despr\u00e9s de tres dies de proves m\u00e8diques i d\u2019esfor\u00e7, el Submar\u00ed Groc ha tornat als entrenaments sota els ordes de Marcelino Garc\u00eda Toral per a comen\u00e7ar a preparar l\u2019inici de curs 2024\/25. Aix\u00ed, els seguidors grocs han pogut gaudir del retorn al treball de la plantilla del primer equip, aix\u00ed com de les noves incorporacions de Diego Conde i Pape Gueye.","headings":[],"texts":[{"type":"text","widget":"text-editor","text":"El Villareal CF ha obert les seues portes als aficionats groguets per al primer entrenament de la temporada, que ha tingut lloc aquesta vesprada en el Camp 9 de la Ciutat Esportiva Jos\u00e9 Manuel Llaneza. Despr\u00e9s de tres dies de proves m\u00e8diques i d\u2019esfor\u00e7, el Submar\u00ed Groc ha tornat als entrenaments sota els ordes de Marcelino Garc\u00eda Toral per a comen\u00e7ar a preparar l\u2019inici de curs 2024\/25. Aix\u00ed, els seguidors grocs han pogut gaudir del retorn al treball de la plantilla del primer equip, aix\u00ed com de les noves incorporacions de Diego Conde i Pape Gueye.","paragraphs":["El Villareal CF ha obert les seues portes als aficionats groguets per al primer entrenament de la temporada, que ha tingut lloc aquesta vesprada en el Camp 9 de la Ciutat Esportiva Jos\u00e9 Manuel Llaneza.","Despr\u00e9s de tres dies de proves m\u00e8diques i d\u2019esfor\u00e7, el Submar\u00ed Groc ha tornat als entrenaments sota els ordes de Marcelino Garc\u00eda Toral per a comen\u00e7ar a preparar l\u2019inici de curs 2024\/25.","Aix\u00ed, els seguidors grocs han pogut gaudir del retorn al treball de la plantilla del primer equip, aix\u00ed com de les noves incorporacions de Diego Conde i Pape Gueye."]}],"buttons":[],"images":[],"widgets":["text-editor","gallery"],"blocks":[{"type":"text","widget":"text-editor","text":"El Villareal CF ha obert les seues portes als aficionats groguets per al primer entrenament de la temporada, que ha tingut lloc aquesta vesprada en el Camp 9 de la Ciutat Esportiva Jos\u00e9 Manuel Llaneza. Despr\u00e9s de tres dies de proves m\u00e8diques i d\u2019esfor\u00e7, el Submar\u00ed Groc ha tornat als entrenaments sota els ordes de Marcelino Garc\u00eda Toral per a comen\u00e7ar a preparar l\u2019inici de curs 2024\/25. Aix\u00ed, els seguidors grocs han pogut gaudir del retorn al treball de la plantilla del primer equip, aix\u00ed com de les noves incorporacions de Diego Conde i Pape Gueye.","paragraphs":["El Villareal CF ha obert les seues portes als aficionats groguets per al primer entrenament de la temporada, que ha tingut lloc aquesta vesprada en el Camp 9 de la Ciutat Esportiva Jos\u00e9 Manuel Llaneza.","Despr\u00e9s de tres dies de proves m\u00e8diques i d\u2019esfor\u00e7, el Submar\u00ed Groc ha tornat als entrenaments sota els ordes de Marcelino Garc\u00eda Toral per a comen\u00e7ar a preparar l\u2019inici de curs 2024\/25.","Aix\u00ed, els seguidors grocs han pogut gaudir del retorn al treball de la plantilla del primer equip, aix\u00ed com de les noves incorporacions de Diego Conde i Pape Gueye."]},{"type":"gallery","widget":"gallery","items":[{"url":"https:\/\/villarrealcf.es\/wp-content\/uploads\/2024\/07\/20240711-Entrenamiento-003-scaled.jpg","title":"20240711-Entrenamiento-003","thumbnail":"https:\/\/villarrealcf.es\/wp-content\/uploads\/2024\/07\/20240711-Entrenamiento-003-scaled.jpg","width":2560,"height":1707},{"url":"https:\/\/villarrealcf.es\/wp-content\/uploads\/2024\/07\/20240711-Entrenamiento-004-scaled.jpg","title":"20240711-Entrenamiento-004","thumbnail":"https:\/\/villarrealcf.es\/wp-content\/uploads\/2024\/07\/20240711-Entrenamiento-004-scaled.jpg","width":2560,"height":1707},{"url":"https:\/\/villarrealcf.es\/wp-content\/uploads\/2024\/07\/20240711-Entrenamiento-005-scaled.jpg","title":"20240711-Entrenamiento-005","thumbnail":"https:\/\/villarrealcf.es\/wp-content\/uploads\/2024\/07\/20240711-Entrenamiento-005-scaled.jpg","width":2560,"height":1707},{"url":"https:\/\/villarrealcf.es\/wp-content\/uploads\/2024\/07\/20240711-Entrenamiento-010-scaled.jpg","title":"20240711-Entrenamiento-010","thumbnail":"https:\/\/villarrealcf.es\/wp-content\/uploads\/2024\/07\/20240711-Entrenamiento-010-scaled.jpg","width":2560,"height":1707},{"url":"https:\/\/villarrealcf.es\/wp-content\/uploads\/2024\/07\/20240711-Entrenamiento-014-scaled.jpg","title":"20240711-Entrenamiento-014","thumbnail":"https:\/\/villarrealcf.es\/wp-content\/uploads\/2024\/07\/20240711-Entrenamiento-014-scaled.jpg","width":2560,"height":1707},{"url":"https:\/\/villarrealcf.es\/wp-content\/uploads\/2024\/07\/20240711-Entrenamiento-036-scaled.jpg","title":"20240711-Entrenamiento-036","thumbnail":"https:\/\/villarrealcf.es\/wp-content\/uploads\/2024\/07\/20240711-Entrenamiento-036-scaled.jpg","width":2560,"height":1707},{"url":"https:\/\/villarrealcf.es\/wp-content\/uploads\/2024\/07\/20240711-Entrenamiento-017-scaled.jpg","title":"20240711-Entrenamiento-017","thumbnail":"https:\/\/villarrealcf.es\/wp-content\/uploads\/2024\/07\/20240711-Entrenamiento-017-scaled.jpg","width":2560,"height":1707},{"url":"https:\/\/villarrealcf.es\/wp-content\/uploads\/2024\/07\/20240711-Entrenamiento-030-scaled.jpg","title":"20240711-Entrenamiento-030","thumbnail":"https:\/\/villarrealcf.es\/wp-content\/uploads\/2024\/07\/20240711-Entrenamiento-030-scaled.jpg","width":2560,"height":1707},{"url":"https:\/\/villarrealcf.es\/wp-content\/uploads\/2024\/07\/20240711-Entrenamiento-024-scaled.jpg","title":"20240711-Entrenamiento-024","thumbnail":"https:\/\/villarrealcf.es\/wp-content\/uploads\/2024\/07\/20240711-Entrenamiento-024-scaled.jpg","width":2560,"height":1707},{"url":"https:\/\/villarrealcf.es\/wp-content\/uploads\/2024\/07\/20240711-Entrenamiento-022-scaled.jpg","title":"20240711-Entrenamiento-022","thumbnail":"https:\/\/villarrealcf.es\/wp-content\/uploads\/2024\/07\/20240711-Entrenamiento-022-scaled.jpg","width":2560,"height":1707},{"url":"https:\/\/villarrealcf.es\/wp-content\/uploads\/2024\/07\/20240711-Entrenamiento-021-scaled.jpg","title":"20240711-Entrenamiento-021","thumbnail":"https:\/\/villarrealcf.es\/wp-content\/uploads\/2024\/07\/20240711-Entrenamiento-021-scaled.jpg","width":2560,"height":1707},{"url":"https:\/\/villarrealcf.es\/wp-content\/uploads\/2024\/07\/20240711-Entrenamiento-008-scaled.jpg","title":"20240711-Entrenamiento-008","thumbnail":"https:\/\/villarrealcf.es\/wp-content\/uploads\/2024\/07\/20240711-Entrenamiento-008-scaled.jpg","width":2560,"height":1707}]}],"children":[]}],"hero":{"id":"29b72e26","type":"container","classes":["elementor-section","elementor-top-section","elementor-element","elementor-element-29b72e26","elementor-section-boxed","elementor-section-height-default"],"title":"","text":"El Villarreal duu a terme el seu primer entrenament de la temporada despr\u00e9s de les proves m\u00e8diques i f\u00edsiques","headings":[],"texts":[{"type":"text","widget":"text-editor","text":"El Villarreal duu a terme el seu primer entrenament de la temporada despr\u00e9s de les proves m\u00e8diques i f\u00edsiques","paragraphs":[]}],"buttons":[],"images":[],"widgets":["text-editor"],"blocks":[{"type":"text","widget":"text-editor","text":"El Villarreal duu a terme el seu primer entrenament de la temporada despr\u00e9s de les proves m\u00e8diques i f\u00edsiques","paragraphs":[]}],"children":[]}},"sections":[{"id":"29b72e26","title":"El Villarreal duu a terme el seu primer entrenament de la temporada despr\u00e9s de les proves m\u00e8diques i f\u00edsiques","text":"El Villarreal duu a terme el seu primer entrenament de la temporada despr\u00e9s de les proves m\u00e8diques i f\u00edsiques","url":"","background_image":"","images":[],"videos":[],"links":[]},{"id":"1209dc5","title":"El Villareal CF ha obert les seues portes als aficionats groguets per al primer entrenament de la temporada, que ha tingut lloc aquesta vesprada en el Camp 9 de la Ciutat Esportiva Jos\u00e9 Manuel Llaneza. Despr\u00e9s de tres dies de proves m\u00e8diques i d\u2019esfor\u00e7, el Submar\u00ed Groc ha tornat als entrenaments sota els ordes de Marcelino Garc\u00eda Toral per a comen\u00e7ar a preparar l\u2019inici de curs 2024\/25. Aix\u00ed, els seguidors grocs han pogut gaudir del retorn al treball de la plantilla del primer equip, aix\u00ed com de les noves incorporacions de Diego Conde i Pape Gueye.","text":"El Villareal CF ha obert les seues portes als aficionats groguets per al primer entrenament de la temporada, que ha tingut lloc aquesta vesprada en el Camp 9 de la Ciutat Esportiva Jos\u00e9 Manuel Llaneza. Despr\u00e9s de tres dies de proves m\u00e8diques i d\u2019esfor\u00e7, el Submar\u00ed Groc ha tornat als entrenaments sota els ordes de Marcelino Garc\u00eda Toral per a comen\u00e7ar a preparar l\u2019inici de curs 2024\/25. Aix\u00ed, els seguidors grocs han pogut gaudir del retorn al treball de la plantilla del primer equip, aix\u00ed com de les noves incorporacions de Diego Conde i Pape Gueye.","url":"https:\/\/villarrealcf.es\/wp-content\/uploads\/2024\/07\/20240711-Entrenamiento-003-scaled.jpg","background_image":"","images":[],"videos":[],"links":[{"url":"https:\/\/villarrealcf.es\/wp-content\/uploads\/2024\/07\/20240711-Entrenamiento-003-scaled.jpg","text":"","target":""},{"url":"https:\/\/villarrealcf.es\/wp-content\/uploads\/2024\/07\/20240711-Entrenamiento-004-scaled.jpg","text":"","target":""},{"url":"https:\/\/villarrealcf.es\/wp-content\/uploads\/2024\/07\/20240711-Entrenamiento-005-scaled.jpg","text":"","target":""},{"url":"https:\/\/villarrealcf.es\/wp-content\/uploads\/2024\/07\/20240711-Entrenamiento-010-scaled.jpg","text":"","target":""},{"url":"https:\/\/villarrealcf.es\/wp-content\/uploads\/2024\/07\/20240711-Entrenamiento-014-scaled.jpg","text":"","target":""},{"url":"https:\/\/villarrealcf.es\/wp-content\/uploads\/2024\/07\/20240711-Entrenamiento-036-scaled.jpg","text":"","target":""},{"url":"https:\/\/villarrealcf.es\/wp-content\/uploads\/2024\/07\/20240711-Entrenamiento-017-scaled.jpg","text":"","target":""},{"url":"https:\/\/villarrealcf.es\/wp-content\/uploads\/2024\/07\/20240711-Entrenamiento-030-scaled.jpg","text":"","target":""},{"url":"https:\/\/villarrealcf.es\/wp-content\/uploads\/2024\/07\/20240711-Entrenamiento-024-scaled.jpg","text":"","target":""},{"url":"https:\/\/villarrealcf.es\/wp-content\/uploads\/2024\/07\/20240711-Entrenamiento-022-scaled.jpg","text":"","target":""},{"url":"https:\/\/villarrealcf.es\/wp-content\/uploads\/2024\/07\/20240711-Entrenamiento-021-scaled.jpg","text":"","target":""},{"url":"https:\/\/villarrealcf.es\/wp-content\/uploads\/2024\/07\/20240711-Entrenamiento-008-scaled.jpg","text":"","target":""}]}]},"excerpt":{"rendered":"El Vila-real duu a terme el seu primer entrenament de la temporada despr\u00e9s de les proves m\u00e8diques i f\u00edsiques","protected":false},"author":22,"featured_media":313531,"comment_status":"closed","ping_status":"closed","sticky":false,"template":"","format":"standard","meta":{"_acf_changed":false,"footnotes":""},"categories":[13493],"tags":[717,9270,9227,15808,9278,716,9205,9627,9203],"acf":null,"lang":"val","translations":{"es":313474,"val":313536,"en":313762},"essential_grid":{"has_grid":false},"formatted_date":"July 11, 2024","modified_date":"July 11, 2024","permalink":"https:\/\/villarrealcf.es\/val\/una-sessio-de-portes-obertes-per-a-iniciar-la-24-25\/","reading_time":1,"featured_media_data":{"id":313531,"title":"20240711-Entrenamiento-032 (1)","caption":"","alt_text":"","description":"","mime_type":"image\/jpeg","source_url":"https:\/\/villarrealcf.es\/wp-content\/uploads\/2024\/07\/20240711-Entrenamiento-032-1-scaled.jpg","sizes":{"thumbnail":{"url":"https:\/\/villarrealcf.es\/wp-content\/uploads\/2024\/07\/20240711-Entrenamiento-032-1-1920x1080.jpg","width":1920,"height":1080},"medium":{"url":"https:\/\/villarrealcf.es\/wp-content\/uploads\/2024\/07\/20240711-Entrenamiento-032-1-1920x1080.jpg","width":1920,"height":1080},"medium_large":{"url":"https:\/\/villarrealcf.es\/wp-content\/uploads\/2024\/07\/20240711-Entrenamiento-032-1-768x432.jpg","width":768,"height":432},"large":{"url":"https:\/\/villarrealcf.es\/wp-content\/uploads\/2024\/07\/20240711-Entrenamiento-032-1-1920x1080.jpg","width":788,"height":443},"1536x1536":{"url":"https:\/\/villarrealcf.es\/wp-content\/uploads\/2024\/07\/20240711-Entrenamiento-032-1-1536x864.jpg","width":1536,"height":864},"2048x2048":{"url":"https:\/\/villarrealcf.es\/wp-content\/uploads\/2024\/07\/20240711-Entrenamiento-032-1-2048x1152.jpg","width":2048,"height":1152},"tp-image-grid":{"url":"https:\/\/villarrealcf.es\/wp-content\/uploads\/2024\/07\/20240711-Entrenamiento-032-1-700x700.jpg","width":700,"height":700},"size-bunyad-medium":{"url":"https:\/\/villarrealcf.es\/wp-content\/uploads\/2024\/07\/20240711-Entrenamiento-032-1-1920x1080.jpg","width":1920,"height":1080},"sportspress-crop-medium":{"url":"https:\/\/villarrealcf.es\/wp-content\/uploads\/2024\/07\/20240711-Entrenamiento-032-1-300x300.jpg","width":300,"height":300},"sportspress-fit-medium":{"url":"https:\/\/villarrealcf.es\/wp-content\/uploads\/2024\/07\/20240711-Entrenamiento-032-1-300x169.jpg","width":300,"height":169},"sportspress-fit-icon":{"url":"https:\/\/villarrealcf.es\/wp-content\/uploads\/2024\/07\/20240711-Entrenamiento-032-1-128x72.jpg","width":128,"height":72},"sportspress-fit-mini":{"url":"https:\/\/villarrealcf.es\/wp-content\/uploads\/2024\/07\/20240711-Entrenamiento-032-1-32x18.jpg","width":32,"height":18},"bunyad-small":{"url":"https:\/\/villarrealcf.es\/wp-content\/uploads\/2024\/07\/20240711-Entrenamiento-032-1-150x84.jpg","width":150,"height":84},"bunyad-medium":{"url":"https:\/\/villarrealcf.es\/wp-content\/uploads\/2024\/07\/20240711-Entrenamiento-032-1-450x253.jpg","width":450,"height":253},"bunyad-full":{"url":"https:\/\/villarrealcf.es\/wp-content\/uploads\/2024\/07\/20240711-Entrenamiento-032-1-1200x675.jpg","width":1200,"height":675},"bunyad-viewport":{"url":"https:\/\/villarrealcf.es\/wp-content\/uploads\/2024\/07\/20240711-Entrenamiento-032-1-2048x1152.jpg","width":2048,"height":1152},"bunyad-768":{"url":"https:\/\/villarrealcf.es\/wp-content\/uploads\/2024\/07\/20240711-Entrenamiento-032-1-768x432.jpg","width":768,"height":432},"full":{"url":"https:\/\/villarrealcf.es\/wp-content\/uploads\/2024\/07\/20240711-Entrenamiento-032-1-scaled.jpg","width":2560,"height":1440}}},"author_data":{"id":"22","name":"David Calder\u00f3n","first_name":"David","last_name":"Calder\u00f3n","description":"","avatar_url":"https:\/\/secure.gravatar.com\/avatar\/ca3914b05e6ff912415bb0b95a9fd87c2bbaf349c1fcd08d38cd4e6c56646e58?s=96&d=mm&r=g","acf":null},"taxonomies_data":{"category":[{"id":13493,"name":"Primer equip","slug":"primer-equip","acf":null}],"post_tag":[{"id":717,"name":"Football","slug":"football-d34","acf":null},{"id":9270,"name":"Futbol","slug":"futbol-val","acf":null},{"id":9227,"name":"F\u00fatbol Base","slug":"futbol-base-val","acf":null},{"id":15808,"name":"Galer\u00eda Entrenamiento","slug":"galeria-entrenamiento-val","acf":null},{"id":9278,"name":"primera division","slug":"primera-division-val","acf":null},{"id":716,"name":"Soccer","slug":"soccer-d105","acf":null},{"id":9205,"name":"Submarino","slug":"submarino-val","acf":null},{"id":9627,"name":"Submarino Amarillo","slug":"submarino-amarillo-val","acf":null},{"id":9203,"name":"Villarreal CF","slug":"villarreal-cf-val","acf":null}],"translation_priority":[{"id":735,"name":"Optional","slug":"optional-val","acf":null}]},"seo_full":{"native":{"title":"Una sessi\u00f3 de portes obertes per a iniciar la 24-25 - Web Oficial del Villarreal CF","description":"El Vila-real duu a terme el seu primer entrenament de la temporada despr\u00e9s de les proves m\u00e8diques i f\u00edsiques","canonical":"https:\/\/villarrealcf.es\/val\/una-sessio-de-portes-obertes-per-a-iniciar-la-24-25\/"}},"_links":{"self":[{"href":"https:\/\/villarrealcf.es\/val\/wp-json\/wp\/v2\/posts\/313536","targetHints":{"allow":["GET"]}}],"collection":[{"href":"https:\/\/villarrealcf.es\/val\/wp-json\/wp\/v2\/posts"}],"about":[{"href":"https:\/\/villarrealcf.es\/val\/wp-json\/wp\/v2\/types\/post"}],"author":[{"embeddable":true,"href":"https:\/\/villarrealcf.es\/val\/wp-json\/wp\/v2\/users\/22"}],"replies":[{"embeddable":true,"href":"https:\/\/villarrealcf.es\/val\/wp-json\/wp\/v2\/comments?post=313536"}],"version-history":[{"count":0,"href":"https:\/\/villarrealcf.es\/val\/wp-json\/wp\/v2\/posts\/313536\/revisions"}],"wp:featuredmedia":[{"embeddable":true,"href":"https:\/\/villarrealcf.es\/val\/wp-json\/wp\/v2\/media\/313531"}],"wp:attachment":[{"href":"https:\/\/villarrealcf.es\/val\/wp-json\/wp\/v2\/media?parent=313536"}],"wp:term":[{"taxonomy":"category","embeddable":true,"href":"https:\/\/villarrealcf.es\/val\/wp-json\/wp\/v2\/categories?post=313536"},{"taxonomy":"post_tag","embeddable":true,"href":"https:\/\/villarrealcf.es\/val\/wp-json\/wp\/v2\/tags?post=313536"}],"curies":[{"name":"wp","href":"https:\/\/api.w.org\/{rel}","templated":true}]}}