{"id":313272,"date":"2024-07-12T15:50:11","date_gmt":"2024-07-12T13:50:11","guid":{"rendered":"https:\/\/villarrealcf.es\/asi-sera-la-pretemporada-del-villarreal-cf\/"},"modified":"2024-07-12T16:04:38","modified_gmt":"2024-07-12T14:04:38","slug":"aixi-sera-la-pretemporada-del-villarreal-cf-01","status":"publish","type":"post","link":"https:\/\/villarrealcf.es\/val\/aixi-sera-la-pretemporada-del-villarreal-cf-01\/","title":{"rendered":"Aix\u00ed ser\u00e0 la pretemporada del Villarreal CF"},"content":{"protected":false,"blocks":[{"type":"heading","level":2,"text":"L\u2019equip de Marcelino confirma dos partits m\u00e9s davant Leicester (20 de juliol) i Nottingham Forest (2 d\u2019agost)"},{"type":"paragraph","text":"El Villarreal CF ha definit la pretemporada que realitzar\u00e0 de cara a preparar amb garanties la pr\u00f2xima campanya 24\/25. Els grocs, que completaran hui el primer entrenament a les ordres de Marcelino, jugaran sis partits amistosos durant la pretemporada i realitzaran un stage del 19 al 27 de juliol a l\u2019Hotel Best of Both de Divonne-els-Bains (Fran\u00e7a)."},{"type":"paragraph","text":"Fins al moment, el Villarreal CF ha confirmat les seg\u00fcents dates i rivals de pretemporada:"},{"type":"list","style":"ul","items":["11 de juliol: primer entrenament a la Ciutat Esportiva.","19 al 27 de juliol: stage de pretemporada en Divonne-els-Bains (Fran\u00e7a).","20 de juliol: partit d\u2019entrenament a porta tancada (no hi haur\u00e0 venda d\u2019entrades) davant el Leicester City FC, a les 16.00 hores a l\u2019Estadi d\u2019Evian-els-Bains.","24 de juliol: segon amist\u00f3s contra l\u2019FC Sion, a les 19.30 hores, en l\u2019Eug\u00e8ne Parlier de Montreux (Su\u00efssa).","27 de juliol: tercer amist\u00f3s contra el Saint-\u00c9tienne, a les 16.30 hores, en el Joseph Moynat de Thonon els Bains (Fran\u00e7a). COMPRAR ENTRADES","2 d\u2019agost: quart amist\u00f3s contra el Nottingham Forest FC, a les 21.00 hores, en el City Ground (Anglaterra).","6 d\u2019agost: cinqu\u00e9 amist\u00f3s contra el Borussia Dortmund, a les 18.30 hores, en el Cashpoint Arena de Altach (\u00c0ustria).","10 d\u2019agost: sis\u00e9 amist\u00f3s contra el Brighton & Hove Albion, a les 16.00 hores, en el Amex Stadium (Anglaterra)."]}],"structured":{"summary":{"text":"L\u2019equip de Marcelino confirma dos partits m\u00e9s davant Leicester (20 de juliol) i Nottingham Forest (2 d\u2019agost) El Villarreal CF ha definit la pretemporada que realitzar\u00e0 de cara a preparar amb garanties la pr\u00f2xima campanya 24\/25. Els grocs, que completaran hui el primer entrenament a les ordres de Marcelino, jugaran sis partits amistosos durant la pretemporada i realitzaran un stage del 19 al 27 de juliol a l\u2019Hotel Best of Both de Divonne-els-Bains (Fran\u00e7a). Fins al moment, el Villarreal CF ha confirmat les seg\u00fcents dates i rivals de pretemporada: 11 de juliol: primer entrenament a la Ciutat Esportiva. 19 al 27 de juliol: stage de pretemporada en Divonne-els-Bains (Fran\u00e7a). 20 de juliol: partit d\u2019entrenament a porta tancada (no hi haur\u00e0 venda d\u2019entrades) davant el Leicester City FC, a les 16.00 hores a l\u2019Estadi d\u2019Evian-els-Bains. 24 de juliol: segon amist\u00f3s contra l\u2019FC Sion, a les 19.30 hores, en l\u2019Eug\u00e8ne Parlier de Montreux (Su\u00efssa). 27 de juliol: tercer amist\u00f3s contra el Saint-\u00c9tienne, a les 16.30 hores, en el Joseph Moynat de Thonon els Bains (Fran\u00e7a). COMPRAR ENTRADES 2 d\u2019agost: quart amist\u00f3s contra el Nottingham Forest FC, a les 21.00 hores, en el City Ground (Anglaterra). 6 d\u2019agost: cinqu\u00e9 amist\u00f3s contra el Borussia Dortmund, a les 18.30 hores, en el Cashpoint Arena de Altach (\u00c0ustria). 10 d\u2019agost: sis\u00e9 amist\u00f3s contra el Brighton & Hove Albion, a les 16.00 hores, en el Amex Stadium (Anglaterra).","headings":[{"type":"heading","level":2,"text":"L\u2019equip de Marcelino confirma dos partits m\u00e9s davant Leicester (20 de juliol) i Nottingham Forest (2 d\u2019agost)"}],"buttons":[],"images":[],"counts":{"blocks":4,"headings":1,"texts":2,"buttons":0,"images":0}},"sections":[{"id":"section-1","title":"L\u2019equip de Marcelino confirma dos partits m\u00e9s davant Leicester (20 de juliol) i Nottingham Forest (2 d\u2019agost)","text":"L\u2019equip de Marcelino confirma dos partits m\u00e9s davant Leicester (20 de juliol) i Nottingham Forest (2 d\u2019agost) El Villarreal CF ha definit la pretemporada que realitzar\u00e0 de cara a preparar amb garanties la pr\u00f2xima campanya 24\/25. Els grocs, que completaran hui el primer entrenament a les ordres de Marcelino, jugaran sis partits amistosos durant la pretemporada i realitzaran un stage del 19 al 27 de juliol a l\u2019Hotel Best of Both de Divonne-els-Bains (Fran\u00e7a). Fins al moment, el Villarreal CF ha confirmat les seg\u00fcents dates i rivals de pretemporada:","headings":[{"type":"heading","level":2,"text":"L\u2019equip de Marcelino confirma dos partits m\u00e9s davant Leicester (20 de juliol) i Nottingham Forest (2 d\u2019agost)"}],"texts":[{"type":"paragraph","text":"El Villarreal CF ha definit la pretemporada que realitzar\u00e0 de cara a preparar amb garanties la pr\u00f2xima campanya 24\/25. Els grocs, que completaran hui el primer entrenament a les ordres de Marcelino, jugaran sis partits amistosos durant la pretemporada i realitzaran un stage del 19 al 27 de juliol a l\u2019Hotel Best of Both de Divonne-els-Bains (Fran\u00e7a)."},{"type":"paragraph","text":"Fins al moment, el Villarreal CF ha confirmat les seg\u00fcents dates i rivals de pretemporada:"}],"buttons":[],"images":[],"widgets":[],"blocks":[{"type":"heading","level":2,"text":"L\u2019equip de Marcelino confirma dos partits m\u00e9s davant Leicester (20 de juliol) i Nottingham Forest (2 d\u2019agost)"},{"type":"paragraph","text":"El Villarreal CF ha definit la pretemporada que realitzar\u00e0 de cara a preparar amb garanties la pr\u00f2xima campanya 24\/25. Els grocs, que completaran hui el primer entrenament a les ordres de Marcelino, jugaran sis partits amistosos durant la pretemporada i realitzaran un stage del 19 al 27 de juliol a l\u2019Hotel Best of Both de Divonne-els-Bains (Fran\u00e7a)."},{"type":"paragraph","text":"Fins al moment, el Villarreal CF ha confirmat les seg\u00fcents dates i rivals de pretemporada:"},{"type":"list","style":"ul","items":["11 de juliol: primer entrenament a la Ciutat Esportiva.","19 al 27 de juliol: stage de pretemporada en Divonne-els-Bains (Fran\u00e7a).","20 de juliol: partit d\u2019entrenament a porta tancada (no hi haur\u00e0 venda d\u2019entrades) davant el Leicester City FC, a les 16.00 hores a l\u2019Estadi d\u2019Evian-els-Bains.","24 de juliol: segon amist\u00f3s contra l\u2019FC Sion, a les 19.30 hores, en l\u2019Eug\u00e8ne Parlier de Montreux (Su\u00efssa).","27 de juliol: tercer amist\u00f3s contra el Saint-\u00c9tienne, a les 16.30 hores, en el Joseph Moynat de Thonon els Bains (Fran\u00e7a). COMPRAR ENTRADES","2 d\u2019agost: quart amist\u00f3s contra el Nottingham Forest FC, a les 21.00 hores, en el City Ground (Anglaterra).","6 d\u2019agost: cinqu\u00e9 amist\u00f3s contra el Borussia Dortmund, a les 18.30 hores, en el Cashpoint Arena de Altach (\u00c0ustria).","10 d\u2019agost: sis\u00e9 amist\u00f3s contra el Brighton & Hove Albion, a les 16.00 hores, en el Amex Stadium (Anglaterra)."]}]}],"hero":{"id":"section-1","title":"L\u2019equip de Marcelino confirma dos partits m\u00e9s davant Leicester (20 de juliol) i Nottingham Forest (2 d\u2019agost)","text":"L\u2019equip de Marcelino confirma dos partits m\u00e9s davant Leicester (20 de juliol) i Nottingham Forest (2 d\u2019agost) El Villarreal CF ha definit la pretemporada que realitzar\u00e0 de cara a preparar amb garanties la pr\u00f2xima campanya 24\/25. Els grocs, que completaran hui el primer entrenament a les ordres de Marcelino, jugaran sis partits amistosos durant la pretemporada i realitzaran un stage del 19 al 27 de juliol a l\u2019Hotel Best of Both de Divonne-els-Bains (Fran\u00e7a). Fins al moment, el Villarreal CF ha confirmat les seg\u00fcents dates i rivals de pretemporada:","headings":[{"type":"heading","level":2,"text":"L\u2019equip de Marcelino confirma dos partits m\u00e9s davant Leicester (20 de juliol) i Nottingham Forest (2 d\u2019agost)"}],"texts":[{"type":"paragraph","text":"El Villarreal CF ha definit la pretemporada que realitzar\u00e0 de cara a preparar amb garanties la pr\u00f2xima campanya 24\/25. Els grocs, que completaran hui el primer entrenament a les ordres de Marcelino, jugaran sis partits amistosos durant la pretemporada i realitzaran un stage del 19 al 27 de juliol a l\u2019Hotel Best of Both de Divonne-els-Bains (Fran\u00e7a)."},{"type":"paragraph","text":"Fins al moment, el Villarreal CF ha confirmat les seg\u00fcents dates i rivals de pretemporada:"}],"buttons":[],"images":[],"widgets":[],"blocks":[{"type":"heading","level":2,"text":"L\u2019equip de Marcelino confirma dos partits m\u00e9s davant Leicester (20 de juliol) i Nottingham Forest (2 d\u2019agost)"},{"type":"paragraph","text":"El Villarreal CF ha definit la pretemporada que realitzar\u00e0 de cara a preparar amb garanties la pr\u00f2xima campanya 24\/25. Els grocs, que completaran hui el primer entrenament a les ordres de Marcelino, jugaran sis partits amistosos durant la pretemporada i realitzaran un stage del 19 al 27 de juliol a l\u2019Hotel Best of Both de Divonne-els-Bains (Fran\u00e7a)."},{"type":"paragraph","text":"Fins al moment, el Villarreal CF ha confirmat les seg\u00fcents dates i rivals de pretemporada:"},{"type":"list","style":"ul","items":["11 de juliol: primer entrenament a la Ciutat Esportiva.","19 al 27 de juliol: stage de pretemporada en Divonne-els-Bains (Fran\u00e7a).","20 de juliol: partit d\u2019entrenament a porta tancada (no hi haur\u00e0 venda d\u2019entrades) davant el Leicester City FC, a les 16.00 hores a l\u2019Estadi d\u2019Evian-els-Bains.","24 de juliol: segon amist\u00f3s contra l\u2019FC Sion, a les 19.30 hores, en l\u2019Eug\u00e8ne Parlier de Montreux (Su\u00efssa).","27 de juliol: tercer amist\u00f3s contra el Saint-\u00c9tienne, a les 16.30 hores, en el Joseph Moynat de Thonon els Bains (Fran\u00e7a). COMPRAR ENTRADES","2 d\u2019agost: quart amist\u00f3s contra el Nottingham Forest FC, a les 21.00 hores, en el City Ground (Anglaterra).","6 d\u2019agost: cinqu\u00e9 amist\u00f3s contra el Borussia Dortmund, a les 18.30 hores, en el Cashpoint Arena de Altach (\u00c0ustria).","10 d\u2019agost: sis\u00e9 amist\u00f3s contra el Brighton & Hove Albion, a les 16.00 hores, en el Amex Stadium (Anglaterra)."]}]}},"sections":[{"id":"section-1","title":"L\u2019equip de Marcelino confirma dos partits m\u00e9s davant Leicester (20 de juliol) i Nottingham Forest (2 d\u2019agost)","text":"L\u2019equip de Marcelino confirma dos partits m\u00e9s davant Leicester (20 de juliol) i Nottingham Forest (2 d\u2019agost) El Villarreal CF ha definit la pretemporada que realitzar\u00e0 de cara a preparar amb garanties la pr\u00f2xima campanya 24\/25. Els grocs, que completaran hui el primer entrenament a les ordres de Marcelino, jugaran sis partits amistosos durant la pretemporada i realitzaran un stage del 19 al 27 de juliol a l\u2019Hotel Best of Both de Divonne-els-Bains (Fran\u00e7a). Fins al moment, el Villarreal CF ha confirmat les seg\u00fcents dates i rivals de pretemporada:","url":"","background_image":"","images":[],"videos":[],"links":[]}]},"excerpt":{"rendered":"L&#8217;equip de Marcelino jugar\u00e0 sis amistosos i far\u00e0 un stage de pretemporada en Divonne-les-Bains (Fran\u00e7a)","protected":false},"author":25,"featured_media":313441,"comment_status":"closed","ping_status":"closed","sticky":false,"template":"","format":"standard","meta":{"_acf_changed":false,"footnotes":""},"categories":[13493],"tags":[9402,7117,717,9270,13427,13781,716,9205,9627,9203],"acf":null,"lang":"val","translations":{"es":313267,"val":313272,"en":313391},"essential_grid":{"has_grid":false},"formatted_date":"July 12, 2024","modified_date":"July 12, 2024","permalink":"https:\/\/villarrealcf.es\/val\/aixi-sera-la-pretemporada-del-villarreal-cf-01\/","reading_time":2,"featured_media_data":{"id":313441,"title":"20240710-Entrenamiento-006","caption":"","alt_text":"","description":"","mime_type":"image\/jpeg","source_url":"https:\/\/villarrealcf.es\/wp-content\/uploads\/2024\/07\/20240710-Entrenamiento-006-scaled.jpg","sizes":{"thumbnail":{"url":"https:\/\/villarrealcf.es\/wp-content\/uploads\/2024\/07\/20240710-Entrenamiento-006-1920x1080.jpg","width":1920,"height":1080},"medium":{"url":"https:\/\/villarrealcf.es\/wp-content\/uploads\/2024\/07\/20240710-Entrenamiento-006-1920x1080.jpg","width":1920,"height":1080},"medium_large":{"url":"https:\/\/villarrealcf.es\/wp-content\/uploads\/2024\/07\/20240710-Entrenamiento-006-768x432.jpg","width":768,"height":432},"large":{"url":"https:\/\/villarrealcf.es\/wp-content\/uploads\/2024\/07\/20240710-Entrenamiento-006-1920x1080.jpg","width":788,"height":443},"1536x1536":{"url":"https:\/\/villarrealcf.es\/wp-content\/uploads\/2024\/07\/20240710-Entrenamiento-006-1536x864.jpg","width":1536,"height":864},"2048x2048":{"url":"https:\/\/villarrealcf.es\/wp-content\/uploads\/2024\/07\/20240710-Entrenamiento-006-2048x1153.jpg","width":2048,"height":1153},"tp-image-grid":{"url":"https:\/\/villarrealcf.es\/wp-content\/uploads\/2024\/07\/20240710-Entrenamiento-006-700x700.jpg","width":700,"height":700},"size-bunyad-medium":{"url":"https:\/\/villarrealcf.es\/wp-content\/uploads\/2024\/07\/20240710-Entrenamiento-006-1920x1080.jpg","width":1920,"height":1080},"sportspress-crop-medium":{"url":"https:\/\/villarrealcf.es\/wp-content\/uploads\/2024\/07\/20240710-Entrenamiento-006-300x300.jpg","width":300,"height":300},"sportspress-fit-medium":{"url":"https:\/\/villarrealcf.es\/wp-content\/uploads\/2024\/07\/20240710-Entrenamiento-006-300x169.jpg","width":300,"height":169},"sportspress-fit-icon":{"url":"https:\/\/villarrealcf.es\/wp-content\/uploads\/2024\/07\/20240710-Entrenamiento-006-128x72.jpg","width":128,"height":72},"sportspress-fit-mini":{"url":"https:\/\/villarrealcf.es\/wp-content\/uploads\/2024\/07\/20240710-Entrenamiento-006-32x18.jpg","width":32,"height":18},"bunyad-small":{"url":"https:\/\/villarrealcf.es\/wp-content\/uploads\/2024\/07\/20240710-Entrenamiento-006-150x84.jpg","width":150,"height":84},"bunyad-medium":{"url":"https:\/\/villarrealcf.es\/wp-content\/uploads\/2024\/07\/20240710-Entrenamiento-006-450x253.jpg","width":450,"height":253},"bunyad-full":{"url":"https:\/\/villarrealcf.es\/wp-content\/uploads\/2024\/07\/20240710-Entrenamiento-006-1200x675.jpg","width":1200,"height":675},"bunyad-viewport":{"url":"https:\/\/villarrealcf.es\/wp-content\/uploads\/2024\/07\/20240710-Entrenamiento-006-2048x1153.jpg","width":2048,"height":1153},"bunyad-768":{"url":"https:\/\/villarrealcf.es\/wp-content\/uploads\/2024\/07\/20240710-Entrenamiento-006-768x432.jpg","width":768,"height":432},"full":{"url":"https:\/\/villarrealcf.es\/wp-content\/uploads\/2024\/07\/20240710-Entrenamiento-006-scaled.jpg","width":2560,"height":1441}}},"author_data":{"id":"25","name":"Javier Ayuso","first_name":"Javier","last_name":"Ayuso","description":"","avatar_url":"https:\/\/secure.gravatar.com\/avatar\/fcf8894be45988fcce5bbff0efe1790d2a7f4ba57e2c7c898f5068154e696495?s=96&d=mm&r=g","acf":null},"taxonomies_data":{"category":[{"id":13493,"name":"Primer equip","slug":"primer-equip","acf":null}],"post_tag":[{"id":9402,"name":"Amistoso","slug":"amistoso-val","acf":null},{"id":7117,"name":"Amistosos","slug":"amistosos","acf":null},{"id":717,"name":"Football","slug":"football-d34","acf":null},{"id":9270,"name":"Futbol","slug":"futbol-val","acf":null},{"id":13427,"name":"Primer Equipo","slug":"primer-equipo-val","acf":null},{"id":13781,"name":"Sin categorizar","slug":"sin-categorizar-val","acf":null},{"id":716,"name":"Soccer","slug":"soccer-d105","acf":null},{"id":9205,"name":"Submarino","slug":"submarino-val","acf":null},{"id":9627,"name":"Submarino Amarillo","slug":"submarino-amarillo-val","acf":null},{"id":9203,"name":"Villarreal CF","slug":"villarreal-cf-val","acf":null}],"translation_priority":[{"id":735,"name":"Optional","slug":"optional-val","acf":null}]},"seo_full":{"native":{"title":"Aix\u00ed ser\u00e0 la pretemporada del Villarreal CF - Web Oficial del Villarreal CF","description":"L'equip de Marcelino jugar\u00e0 sis amistosos i far\u00e0 un stage de pretemporada en Divonne-les-Bains (Fran\u00e7a)","canonical":"https:\/\/villarrealcf.es\/val\/aixi-sera-la-pretemporada-del-villarreal-cf-01\/"}},"_links":{"self":[{"href":"https:\/\/villarrealcf.es\/val\/wp-json\/wp\/v2\/posts\/313272","targetHints":{"allow":["GET"]}}],"collection":[{"href":"https:\/\/villarrealcf.es\/val\/wp-json\/wp\/v2\/posts"}],"about":[{"href":"https:\/\/villarrealcf.es\/val\/wp-json\/wp\/v2\/types\/post"}],"author":[{"embeddable":true,"href":"https:\/\/villarrealcf.es\/val\/wp-json\/wp\/v2\/users\/25"}],"replies":[{"embeddable":true,"href":"https:\/\/villarrealcf.es\/val\/wp-json\/wp\/v2\/comments?post=313272"}],"version-history":[{"count":0,"href":"https:\/\/villarrealcf.es\/val\/wp-json\/wp\/v2\/posts\/313272\/revisions"}],"wp:featuredmedia":[{"embeddable":true,"href":"https:\/\/villarrealcf.es\/val\/wp-json\/wp\/v2\/media\/313441"}],"wp:attachment":[{"href":"https:\/\/villarrealcf.es\/val\/wp-json\/wp\/v2\/media?parent=313272"}],"wp:term":[{"taxonomy":"category","embeddable":true,"href":"https:\/\/villarrealcf.es\/val\/wp-json\/wp\/v2\/categories?post=313272"},{"taxonomy":"post_tag","embeddable":true,"href":"https:\/\/villarrealcf.es\/val\/wp-json\/wp\/v2\/tags?post=313272"}],"curies":[{"name":"wp","href":"https:\/\/api.w.org\/{rel}","templated":true}]}}