{"id":313125,"date":"2024-07-16T11:12:48","date_gmt":"2024-07-16T09:12:48","guid":{"rendered":"https:\/\/villarrealcf.es\/la-ropa-de-entrenamiento-24-25-ya-a-la-venta-online\/"},"modified":"2024-07-09T13:20:10","modified_gmt":"2024-07-09T11:20:10","slug":"la-ropa-de-entrenamiento-24-25-ya-a-la-venta-online","status":"publish","type":"post","link":"https:\/\/villarrealcf.es\/val\/la-ropa-de-entrenamiento-24-25-ya-a-la-venta-online\/","title":{"rendered":"La roba d&#8217;entrenament 24-25, ja a la venda en l\u00ednia"},"content":{"protected":false,"blocks":[{"type":"heading","level":2,"text":"Els aficionats groguets ja poden adquirir la nova indument\u00e0ria d\u2019entrenament a la tende en l\u00ednia oficial"},{"type":"paragraph","text":"Els aficionats grocs ja poden comprar, a partir d\u2019este dijous, la nova roba d\u2019entrenament Joma del Submar\u00ed Groc per a la temporada 2024-25 a la tenda en l\u00ednia oficial del Villarreal CF."},{"type":"paragraph","text":"Esta indument\u00e0ria tamb\u00e9 est\u00e0 disponible a la tenda oficial de l\u2019Estadio de la Cer\u00e1mica i en la del centre de Vila-real (Plaza Mayor)."},{"type":"paragraph","text":"Compra-la ja a les Tendes Oficials del club o en la Tienda Online!"}],"structured":{"summary":{"text":"Els aficionats groguets ja poden adquirir la nova indument\u00e0ria d\u2019entrenament a la tende en l\u00ednia oficial Els aficionats grocs ja poden comprar, a partir d\u2019este dijous, la nova roba d\u2019entrenament Joma del Submar\u00ed Groc per a la temporada 2024-25 a la tenda en l\u00ednia oficial del Villarreal CF. Esta indument\u00e0ria tamb\u00e9 est\u00e0 disponible a la tenda oficial de l\u2019Estadio de la Cer\u00e1mica i en la del centre de Vila-real (Plaza Mayor). Compra-la ja a les Tendes Oficials del club o en la Tienda Online!","headings":[{"type":"heading","level":2,"text":"Els aficionats groguets ja poden adquirir la nova indument\u00e0ria d\u2019entrenament a la tende en l\u00ednia oficial"}],"buttons":[],"images":[],"counts":{"blocks":4,"headings":1,"texts":3,"buttons":0,"images":0}},"sections":[{"id":"section-1","title":"Els aficionats groguets ja poden adquirir la nova indument\u00e0ria d\u2019entrenament a la tende en l\u00ednia oficial","text":"Els aficionats groguets ja poden adquirir la nova indument\u00e0ria d\u2019entrenament a la tende en l\u00ednia oficial Els aficionats grocs ja poden comprar, a partir d\u2019este dijous, la nova roba d\u2019entrenament Joma del Submar\u00ed Groc per a la temporada 2024-25 a la tenda en l\u00ednia oficial del Villarreal CF. Esta indument\u00e0ria tamb\u00e9 est\u00e0 disponible a la tenda oficial de l\u2019Estadio de la Cer\u00e1mica i en la del centre de Vila-real (Plaza Mayor). Compra-la ja a les Tendes Oficials del club o en la Tienda Online!","headings":[{"type":"heading","level":2,"text":"Els aficionats groguets ja poden adquirir la nova indument\u00e0ria d\u2019entrenament a la tende en l\u00ednia oficial"}],"texts":[{"type":"paragraph","text":"Els aficionats grocs ja poden comprar, a partir d\u2019este dijous, la nova roba d\u2019entrenament Joma del Submar\u00ed Groc per a la temporada 2024-25 a la tenda en l\u00ednia oficial del Villarreal CF."},{"type":"paragraph","text":"Esta indument\u00e0ria tamb\u00e9 est\u00e0 disponible a la tenda oficial de l\u2019Estadio de la Cer\u00e1mica i en la del centre de Vila-real (Plaza Mayor)."},{"type":"paragraph","text":"Compra-la ja a les Tendes Oficials del club o en la Tienda Online!"}],"buttons":[],"images":[],"widgets":[],"blocks":[{"type":"heading","level":2,"text":"Els aficionats groguets ja poden adquirir la nova indument\u00e0ria d\u2019entrenament a la tende en l\u00ednia oficial"},{"type":"paragraph","text":"Els aficionats grocs ja poden comprar, a partir d\u2019este dijous, la nova roba d\u2019entrenament Joma del Submar\u00ed Groc per a la temporada 2024-25 a la tenda en l\u00ednia oficial del Villarreal CF."},{"type":"paragraph","text":"Esta indument\u00e0ria tamb\u00e9 est\u00e0 disponible a la tenda oficial de l\u2019Estadio de la Cer\u00e1mica i en la del centre de Vila-real (Plaza Mayor)."},{"type":"paragraph","text":"Compra-la ja a les Tendes Oficials del club o en la Tienda Online!"}]}],"hero":{"id":"section-1","title":"Els aficionats groguets ja poden adquirir la nova indument\u00e0ria d\u2019entrenament a la tende en l\u00ednia oficial","text":"Els aficionats groguets ja poden adquirir la nova indument\u00e0ria d\u2019entrenament a la tende en l\u00ednia oficial Els aficionats grocs ja poden comprar, a partir d\u2019este dijous, la nova roba d\u2019entrenament Joma del Submar\u00ed Groc per a la temporada 2024-25 a la tenda en l\u00ednia oficial del Villarreal CF. Esta indument\u00e0ria tamb\u00e9 est\u00e0 disponible a la tenda oficial de l\u2019Estadio de la Cer\u00e1mica i en la del centre de Vila-real (Plaza Mayor). Compra-la ja a les Tendes Oficials del club o en la Tienda Online!","headings":[{"type":"heading","level":2,"text":"Els aficionats groguets ja poden adquirir la nova indument\u00e0ria d\u2019entrenament a la tende en l\u00ednia oficial"}],"texts":[{"type":"paragraph","text":"Els aficionats grocs ja poden comprar, a partir d\u2019este dijous, la nova roba d\u2019entrenament Joma del Submar\u00ed Groc per a la temporada 2024-25 a la tenda en l\u00ednia oficial del Villarreal CF."},{"type":"paragraph","text":"Esta indument\u00e0ria tamb\u00e9 est\u00e0 disponible a la tenda oficial de l\u2019Estadio de la Cer\u00e1mica i en la del centre de Vila-real (Plaza Mayor)."},{"type":"paragraph","text":"Compra-la ja a les Tendes Oficials del club o en la Tienda Online!"}],"buttons":[],"images":[],"widgets":[],"blocks":[{"type":"heading","level":2,"text":"Els aficionats groguets ja poden adquirir la nova indument\u00e0ria d\u2019entrenament a la tende en l\u00ednia oficial"},{"type":"paragraph","text":"Els aficionats grocs ja poden comprar, a partir d\u2019este dijous, la nova roba d\u2019entrenament Joma del Submar\u00ed Groc per a la temporada 2024-25 a la tenda en l\u00ednia oficial del Villarreal CF."},{"type":"paragraph","text":"Esta indument\u00e0ria tamb\u00e9 est\u00e0 disponible a la tenda oficial de l\u2019Estadio de la Cer\u00e1mica i en la del centre de Vila-real (Plaza Mayor)."},{"type":"paragraph","text":"Compra-la ja a les Tendes Oficials del club o en la Tienda Online!"}]}},"sections":[{"id":"section-1","title":"Els aficionats groguets ja poden adquirir la nova indument\u00e0ria d\u2019entrenament a la tende en l\u00ednia oficial","text":"Els aficionats groguets ja poden adquirir la nova indument\u00e0ria d\u2019entrenament a la tende en l\u00ednia oficial Els aficionats grocs ja poden comprar, a partir d\u2019este dijous, la nova roba d\u2019entrenament Joma del Submar\u00ed Groc per a la temporada 2024-25 a la tenda en l\u00ednia oficial del Villarreal CF. Esta indument\u00e0ria tamb\u00e9 est\u00e0 disponible a la tenda oficial de l\u2019Estadio de la Cer\u00e1mica i en la del centre de Vila-real (Plaza Mayor). Compra-la ja a les Tendes Oficials del club o en la Tienda Online!","url":"","background_image":"","images":[],"videos":[],"links":[]}]},"excerpt":{"rendered":"Els aficionats groguets ja poden adquirir la nova indument\u00e0ria d&#8217;entrenament a la tende en l\u00ednia oficial","protected":false},"author":1,"featured_media":313931,"comment_status":"closed","ping_status":"closed","sticky":false,"template":"","format":"standard","meta":{"_acf_changed":false,"footnotes":""},"categories":[13484],"tags":[13994,14653,15777,717,9270,11107,716,9205,9627,9748,9203],"acf":null,"lang":"val","translations":{"es":313110,"val":313125,"en":313943},"essential_grid":{"has_grid":false},"formatted_date":"July 16, 2024","modified_date":"July 9, 2024","permalink":"https:\/\/villarrealcf.es\/val\/la-ropa-de-entrenamiento-24-25-ya-a-la-venta-online\/","reading_time":1,"featured_media_data":{"id":313931,"title":"20240711-SesionEquipacionesEntrenamiento-038","caption":"","alt_text":"","description":"","mime_type":"image\/png","source_url":"https:\/\/villarrealcf.es\/wp-content\/uploads\/2024\/07\/20240711-SesionEquipacionesEntrenamiento-038.png","sizes":{"thumbnail":{"url":"https:\/\/villarrealcf.es\/wp-content\/uploads\/2024\/07\/20240711-SesionEquipacionesEntrenamiento-038-1920x1080.png","width":1920,"height":1080},"medium":{"url":"https:\/\/villarrealcf.es\/wp-content\/uploads\/2024\/07\/20240711-SesionEquipacionesEntrenamiento-038-1920x1080.png","width":1920,"height":1080},"medium_large":{"url":"https:\/\/villarrealcf.es\/wp-content\/uploads\/2024\/07\/20240711-SesionEquipacionesEntrenamiento-038-768x432.png","width":768,"height":432},"large":{"url":"https:\/\/villarrealcf.es\/wp-content\/uploads\/2024\/07\/20240711-SesionEquipacionesEntrenamiento-038-1920x1080.png","width":788,"height":443},"1536x1536":{"url":"https:\/\/villarrealcf.es\/wp-content\/uploads\/2024\/07\/20240711-SesionEquipacionesEntrenamiento-038-1536x864.png","width":1536,"height":864},"2048x2048":{"url":"https:\/\/villarrealcf.es\/wp-content\/uploads\/2024\/07\/20240711-SesionEquipacionesEntrenamiento-038-2048x1152.png","width":2048,"height":1152},"tp-image-grid":{"url":"https:\/\/villarrealcf.es\/wp-content\/uploads\/2024\/07\/20240711-SesionEquipacionesEntrenamiento-038-700x700.png","width":700,"height":700},"size-bunyad-medium":{"url":"https:\/\/villarrealcf.es\/wp-content\/uploads\/2024\/07\/20240711-SesionEquipacionesEntrenamiento-038-1920x1080.png","width":1920,"height":1080},"sportspress-crop-medium":{"url":"https:\/\/villarrealcf.es\/wp-content\/uploads\/2024\/07\/20240711-SesionEquipacionesEntrenamiento-038-300x300.png","width":300,"height":300},"sportspress-fit-medium":{"url":"https:\/\/villarrealcf.es\/wp-content\/uploads\/2024\/07\/20240711-SesionEquipacionesEntrenamiento-038-300x169.png","width":300,"height":169},"sportspress-fit-icon":{"url":"https:\/\/villarrealcf.es\/wp-content\/uploads\/2024\/07\/20240711-SesionEquipacionesEntrenamiento-038-128x72.png","width":128,"height":72},"sportspress-fit-mini":{"url":"https:\/\/villarrealcf.es\/wp-content\/uploads\/2024\/07\/20240711-SesionEquipacionesEntrenamiento-038-32x18.png","width":32,"height":18},"bunyad-small":{"url":"https:\/\/villarrealcf.es\/wp-content\/uploads\/2024\/07\/20240711-SesionEquipacionesEntrenamiento-038-150x84.png","width":150,"height":84},"bunyad-medium":{"url":"https:\/\/villarrealcf.es\/wp-content\/uploads\/2024\/07\/20240711-SesionEquipacionesEntrenamiento-038-450x253.png","width":450,"height":253},"bunyad-full":{"url":"https:\/\/villarrealcf.es\/wp-content\/uploads\/2024\/07\/20240711-SesionEquipacionesEntrenamiento-038-1200x675.png","width":1200,"height":675},"bunyad-viewport":{"url":"https:\/\/villarrealcf.es\/wp-content\/uploads\/2024\/07\/20240711-SesionEquipacionesEntrenamiento-038-2048x1152.png","width":2048,"height":1152},"bunyad-768":{"url":"https:\/\/villarrealcf.es\/wp-content\/uploads\/2024\/07\/20240711-SesionEquipacionesEntrenamiento-038-768x432.png","width":768,"height":432},"full":{"url":"https:\/\/villarrealcf.es\/wp-content\/uploads\/2024\/07\/20240711-SesionEquipacionesEntrenamiento-038.png","width":2835,"height":1595}}},"author_data":{"id":"1","name":"root_envidea","first_name":"Villarreal CF","last_name":"","description":"","avatar_url":"https:\/\/secure.gravatar.com\/avatar\/48f95f42a3ccc324f3a3458e4b9e6fb070b083e99d388e170c1afb061fa99b63?s=96&d=mm&r=g","acf":null},"taxonomies_data":{"category":[{"id":13484,"name":"Club","slug":"club","acf":null}],"post_tag":[{"id":13994,"name":"Club","slug":"club-2-val","acf":null},{"id":14653,"name":"Equipaciones","slug":"equipaciones-2-val","acf":null},{"id":15777,"name":"Equipaciones 24-25","slug":"equipaciones-24-25-val","acf":null},{"id":717,"name":"Football","slug":"football-d34","acf":null},{"id":9270,"name":"Futbol","slug":"futbol-val","acf":null},{"id":11107,"name":"JOMA","slug":"joma-val","acf":null},{"id":716,"name":"Soccer","slug":"soccer-d105","acf":null},{"id":9205,"name":"Submarino","slug":"submarino-val","acf":null},{"id":9627,"name":"Submarino Amarillo","slug":"submarino-amarillo-val","acf":null},{"id":9748,"name":"Tienda Online","slug":"tienda-online-val","acf":null},{"id":9203,"name":"Villarreal CF","slug":"villarreal-cf-val","acf":null}],"translation_priority":[{"id":735,"name":"Optional","slug":"optional-val","acf":null}]},"seo_full":{"native":{"title":"La roba d&#8217;entrenament 24-25, ja a la venda en l\u00ednia - Web Oficial del Villarreal CF","description":"Els aficionats groguets ja poden adquirir la nova indument\u00e0ria d'entrenament a la tende en l\u00ednia oficial","canonical":"https:\/\/villarrealcf.es\/val\/la-ropa-de-entrenamiento-24-25-ya-a-la-venta-online\/"}},"_links":{"self":[{"href":"https:\/\/villarrealcf.es\/val\/wp-json\/wp\/v2\/posts\/313125","targetHints":{"allow":["GET"]}}],"collection":[{"href":"https:\/\/villarrealcf.es\/val\/wp-json\/wp\/v2\/posts"}],"about":[{"href":"https:\/\/villarrealcf.es\/val\/wp-json\/wp\/v2\/types\/post"}],"author":[{"embeddable":true,"href":"https:\/\/villarrealcf.es\/val\/wp-json\/wp\/v2\/users\/1"}],"replies":[{"embeddable":true,"href":"https:\/\/villarrealcf.es\/val\/wp-json\/wp\/v2\/comments?post=313125"}],"version-history":[{"count":0,"href":"https:\/\/villarrealcf.es\/val\/wp-json\/wp\/v2\/posts\/313125\/revisions"}],"wp:featuredmedia":[{"embeddable":true,"href":"https:\/\/villarrealcf.es\/val\/wp-json\/wp\/v2\/media\/313931"}],"wp:attachment":[{"href":"https:\/\/villarrealcf.es\/val\/wp-json\/wp\/v2\/media?parent=313125"}],"wp:term":[{"taxonomy":"category","embeddable":true,"href":"https:\/\/villarrealcf.es\/val\/wp-json\/wp\/v2\/categories?post=313125"},{"taxonomy":"post_tag","embeddable":true,"href":"https:\/\/villarrealcf.es\/val\/wp-json\/wp\/v2\/tags?post=313125"}],"curies":[{"name":"wp","href":"https:\/\/api.w.org\/{rel}","templated":true}]}}