{"id":313021,"date":"2024-07-08T17:30:00","date_gmt":"2024-07-08T15:30:00","guid":{"rendered":"https:\/\/villarrealcf.es\/confirmados-los-primeros-amistosos-del-villarreal-b\/"},"modified":"2024-07-08T17:53:15","modified_gmt":"2024-07-08T15:53:15","slug":"confirmados-los-primeros-amistosos-del-villarreal-b","status":"publish","type":"post","link":"https:\/\/villarrealcf.es\/val\/confirmados-los-primeros-amistosos-del-villarreal-b\/","title":{"rendered":"El Villarreal B confirma els seus primers amistosos"},"content":{"protected":false,"blocks":[{"type":"heading","level":2,"text":"El filial groc ja coneix a alguns dels seus rivals de la fase de preparaci\u00f3"},{"type":"paragraph","text":"El Villarreal B ja coneix quins equips seran els seus primers rivals en pretemporada de cara a preparar l\u2019inici de temporada 2024-25 en Primera RFEF, la tercera categoria del futbol espanyol."},{"type":"paragraph","text":"Fins al moment s\u2019han confirmat sis partits de preparaci\u00f3, encara que pr\u00f2ximament es donaran a con\u00e9ixer la resta."},{"type":"paragraph","text":"Cal destacar que el filial groc, que estar\u00e0 dirigit de nou per Miguel \u00c1lvarez, realitzar\u00e0 un \u2018stage\u2019 de preparaci\u00f3 en Campoamor, un barri de la ciutat d\u2019Alacant, des del 29 de juliol fins al 4 d\u2019agost."},{"type":"paragraph","text":"Calendari de la pretemporada del Villarreal B:"},{"type":"list","style":"ul","items":["Villarreal B \u2013 Lleida: dimarts 23 de juliol (Camp 9 de la Ciutat Esportiva Jos\u00e9 Manuel Llaneza).","Villarreal B \u2013 H\u00e8rcules: divendres 26 de juliol (Camp 9 de la Ciutat Esportiva Jos\u00e9 Manuel Llaneza).","La Uni\u00f3n Atl\u00e9tico \u2013 Villarreal B: dimecres 31 de juliol (Campoamor).","Levante UD-Vilarreal B: dissabte 3 d\u2019agost (El Saler).","Villarreal B \u2013 Andorra: diumenge 11 d\u2019agost (Mini Estadi de la Ciutat Esportiva Jos\u00e9 Manuel Llaneza).","Villarreal B \u2013 Espanyol B: dijous 15 d\u2019agost (Camp 9 de la Ciutat Esportiva Jos\u00e9 Manuel Llaneza)"]}],"structured":{"summary":{"text":"El filial groc ja coneix a alguns dels seus rivals de la fase de preparaci\u00f3 El Villarreal B ja coneix quins equips seran els seus primers rivals en pretemporada de cara a preparar l\u2019inici de temporada 2024-25 en Primera RFEF, la tercera categoria del futbol espanyol. Fins al moment s\u2019han confirmat sis partits de preparaci\u00f3, encara que pr\u00f2ximament es donaran a con\u00e9ixer la resta. Cal destacar que el filial groc, que estar\u00e0 dirigit de nou per Miguel \u00c1lvarez, realitzar\u00e0 un \u2018stage\u2019 de preparaci\u00f3 en Campoamor, un barri de la ciutat d\u2019Alacant, des del 29 de juliol fins al 4 d\u2019agost. Calendari de la pretemporada del Villarreal B: Villarreal B \u2013 Lleida: dimarts 23 de juliol (Camp 9 de la Ciutat Esportiva Jos\u00e9 Manuel Llaneza). Villarreal B \u2013 H\u00e8rcules: divendres 26 de juliol (Camp 9 de la Ciutat Esportiva Jos\u00e9 Manuel Llaneza). La Uni\u00f3n Atl\u00e9tico \u2013 Villarreal B: dimecres 31 de juliol (Campoamor). Levante UD-Vilarreal B: dissabte 3 d\u2019agost (El Saler). Villarreal B \u2013 Andorra: diumenge 11 d\u2019agost (Mini Estadi de la Ciutat Esportiva Jos\u00e9 Manuel Llaneza). Villarreal B \u2013 Espanyol B: dijous 15 d\u2019agost (Camp 9 de la Ciutat Esportiva Jos\u00e9 Manuel Llaneza)","headings":[{"type":"heading","level":2,"text":"El filial groc ja coneix a alguns dels seus rivals de la fase de preparaci\u00f3"}],"buttons":[],"images":[],"counts":{"blocks":6,"headings":1,"texts":4,"buttons":0,"images":0}},"sections":[{"id":"section-1","title":"El filial groc ja coneix a alguns dels seus rivals de la fase de preparaci\u00f3","text":"El filial groc ja coneix a alguns dels seus rivals de la fase de preparaci\u00f3 El Villarreal B ja coneix quins equips seran els seus primers rivals en pretemporada de cara a preparar l\u2019inici de temporada 2024-25 en Primera RFEF, la tercera categoria del futbol espanyol. Fins al moment s\u2019han confirmat sis partits de preparaci\u00f3, encara que pr\u00f2ximament es donaran a con\u00e9ixer la resta. Cal destacar que el filial groc, que estar\u00e0 dirigit de nou per Miguel \u00c1lvarez, realitzar\u00e0 un \u2018stage\u2019 de preparaci\u00f3 en Campoamor, un barri de la ciutat d\u2019Alacant, des del 29 de juliol fins al 4 d\u2019agost. Calendari de la pretemporada del Villarreal B:","headings":[{"type":"heading","level":2,"text":"El filial groc ja coneix a alguns dels seus rivals de la fase de preparaci\u00f3"}],"texts":[{"type":"paragraph","text":"El Villarreal B ja coneix quins equips seran els seus primers rivals en pretemporada de cara a preparar l\u2019inici de temporada 2024-25 en Primera RFEF, la tercera categoria del futbol espanyol."},{"type":"paragraph","text":"Fins al moment s\u2019han confirmat sis partits de preparaci\u00f3, encara que pr\u00f2ximament es donaran a con\u00e9ixer la resta."},{"type":"paragraph","text":"Cal destacar que el filial groc, que estar\u00e0 dirigit de nou per Miguel \u00c1lvarez, realitzar\u00e0 un \u2018stage\u2019 de preparaci\u00f3 en Campoamor, un barri de la ciutat d\u2019Alacant, des del 29 de juliol fins al 4 d\u2019agost."},{"type":"paragraph","text":"Calendari de la pretemporada del Villarreal B:"}],"buttons":[],"images":[],"widgets":[],"blocks":[{"type":"heading","level":2,"text":"El filial groc ja coneix a alguns dels seus rivals de la fase de preparaci\u00f3"},{"type":"paragraph","text":"El Villarreal B ja coneix quins equips seran els seus primers rivals en pretemporada de cara a preparar l\u2019inici de temporada 2024-25 en Primera RFEF, la tercera categoria del futbol espanyol."},{"type":"paragraph","text":"Fins al moment s\u2019han confirmat sis partits de preparaci\u00f3, encara que pr\u00f2ximament es donaran a con\u00e9ixer la resta."},{"type":"paragraph","text":"Cal destacar que el filial groc, que estar\u00e0 dirigit de nou per Miguel \u00c1lvarez, realitzar\u00e0 un \u2018stage\u2019 de preparaci\u00f3 en Campoamor, un barri de la ciutat d\u2019Alacant, des del 29 de juliol fins al 4 d\u2019agost."},{"type":"paragraph","text":"Calendari de la pretemporada del Villarreal B:"},{"type":"list","style":"ul","items":["Villarreal B \u2013 Lleida: dimarts 23 de juliol (Camp 9 de la Ciutat Esportiva Jos\u00e9 Manuel Llaneza).","Villarreal B \u2013 H\u00e8rcules: divendres 26 de juliol (Camp 9 de la Ciutat Esportiva Jos\u00e9 Manuel Llaneza).","La Uni\u00f3n Atl\u00e9tico \u2013 Villarreal B: dimecres 31 de juliol (Campoamor).","Levante UD-Vilarreal B: dissabte 3 d\u2019agost (El Saler).","Villarreal B \u2013 Andorra: diumenge 11 d\u2019agost (Mini Estadi de la Ciutat Esportiva Jos\u00e9 Manuel Llaneza).","Villarreal B \u2013 Espanyol B: dijous 15 d\u2019agost (Camp 9 de la Ciutat Esportiva Jos\u00e9 Manuel Llaneza)"]}]}],"hero":{"id":"section-1","title":"El filial groc ja coneix a alguns dels seus rivals de la fase de preparaci\u00f3","text":"El filial groc ja coneix a alguns dels seus rivals de la fase de preparaci\u00f3 El Villarreal B ja coneix quins equips seran els seus primers rivals en pretemporada de cara a preparar l\u2019inici de temporada 2024-25 en Primera RFEF, la tercera categoria del futbol espanyol. Fins al moment s\u2019han confirmat sis partits de preparaci\u00f3, encara que pr\u00f2ximament es donaran a con\u00e9ixer la resta. Cal destacar que el filial groc, que estar\u00e0 dirigit de nou per Miguel \u00c1lvarez, realitzar\u00e0 un \u2018stage\u2019 de preparaci\u00f3 en Campoamor, un barri de la ciutat d\u2019Alacant, des del 29 de juliol fins al 4 d\u2019agost. Calendari de la pretemporada del Villarreal B:","headings":[{"type":"heading","level":2,"text":"El filial groc ja coneix a alguns dels seus rivals de la fase de preparaci\u00f3"}],"texts":[{"type":"paragraph","text":"El Villarreal B ja coneix quins equips seran els seus primers rivals en pretemporada de cara a preparar l\u2019inici de temporada 2024-25 en Primera RFEF, la tercera categoria del futbol espanyol."},{"type":"paragraph","text":"Fins al moment s\u2019han confirmat sis partits de preparaci\u00f3, encara que pr\u00f2ximament es donaran a con\u00e9ixer la resta."},{"type":"paragraph","text":"Cal destacar que el filial groc, que estar\u00e0 dirigit de nou per Miguel \u00c1lvarez, realitzar\u00e0 un \u2018stage\u2019 de preparaci\u00f3 en Campoamor, un barri de la ciutat d\u2019Alacant, des del 29 de juliol fins al 4 d\u2019agost."},{"type":"paragraph","text":"Calendari de la pretemporada del Villarreal B:"}],"buttons":[],"images":[],"widgets":[],"blocks":[{"type":"heading","level":2,"text":"El filial groc ja coneix a alguns dels seus rivals de la fase de preparaci\u00f3"},{"type":"paragraph","text":"El Villarreal B ja coneix quins equips seran els seus primers rivals en pretemporada de cara a preparar l\u2019inici de temporada 2024-25 en Primera RFEF, la tercera categoria del futbol espanyol."},{"type":"paragraph","text":"Fins al moment s\u2019han confirmat sis partits de preparaci\u00f3, encara que pr\u00f2ximament es donaran a con\u00e9ixer la resta."},{"type":"paragraph","text":"Cal destacar que el filial groc, que estar\u00e0 dirigit de nou per Miguel \u00c1lvarez, realitzar\u00e0 un \u2018stage\u2019 de preparaci\u00f3 en Campoamor, un barri de la ciutat d\u2019Alacant, des del 29 de juliol fins al 4 d\u2019agost."},{"type":"paragraph","text":"Calendari de la pretemporada del Villarreal B:"},{"type":"list","style":"ul","items":["Villarreal B \u2013 Lleida: dimarts 23 de juliol (Camp 9 de la Ciutat Esportiva Jos\u00e9 Manuel Llaneza).","Villarreal B \u2013 H\u00e8rcules: divendres 26 de juliol (Camp 9 de la Ciutat Esportiva Jos\u00e9 Manuel Llaneza).","La Uni\u00f3n Atl\u00e9tico \u2013 Villarreal B: dimecres 31 de juliol (Campoamor).","Levante UD-Vilarreal B: dissabte 3 d\u2019agost (El Saler).","Villarreal B \u2013 Andorra: diumenge 11 d\u2019agost (Mini Estadi de la Ciutat Esportiva Jos\u00e9 Manuel Llaneza).","Villarreal B \u2013 Espanyol B: dijous 15 d\u2019agost (Camp 9 de la Ciutat Esportiva Jos\u00e9 Manuel Llaneza)"]}]}},"sections":[{"id":"section-1","title":"El filial groc ja coneix a alguns dels seus rivals de la fase de preparaci\u00f3","text":"El filial groc ja coneix a alguns dels seus rivals de la fase de preparaci\u00f3 El Villarreal B ja coneix quins equips seran els seus primers rivals en pretemporada de cara a preparar l\u2019inici de temporada 2024-25 en Primera RFEF, la tercera categoria del futbol espanyol. Fins al moment s\u2019han confirmat sis partits de preparaci\u00f3, encara que pr\u00f2ximament es donaran a con\u00e9ixer la resta. Cal destacar que el filial groc, que estar\u00e0 dirigit de nou per Miguel \u00c1lvarez, realitzar\u00e0 un \u2018stage\u2019 de preparaci\u00f3 en Campoamor, un barri de la ciutat d\u2019Alacant, des del 29 de juliol fins al 4 d\u2019agost. Calendari de la pretemporada del Villarreal B:","url":"","background_image":"","images":[],"videos":[],"links":[]}]},"excerpt":{"rendered":"El filial groc ja coneix a alguns dels seus rivals de la fase de preparaci\u00f3","protected":false},"author":23,"featured_media":313018,"comment_status":"closed","ping_status":"closed","sticky":false,"template":"","format":"standard","meta":{"_acf_changed":false,"footnotes":""},"categories":[13803],"tags":[9366,10325,717,9270,9227,13781,716,9205,9627,10634,9203],"acf":null,"lang":"val","translations":{"es":312979,"val":313021,"en":313027},"essential_grid":{"has_grid":false},"formatted_date":"July 8, 2024","modified_date":"July 8, 2024","permalink":"https:\/\/villarrealcf.es\/val\/confirmados-los-primeros-amistosos-del-villarreal-b\/","reading_time":1,"featured_media_data":{"id":313018,"title":"DANI REQUENA","caption":"DANI REQUENA","alt_text":"","description":"","mime_type":"image\/jpeg","source_url":"https:\/\/villarrealcf.es\/wp-content\/uploads\/2024\/07\/pretemporada-villarrealb.jpg","sizes":{"thumbnail":{"url":"https:\/\/villarrealcf.es\/wp-content\/uploads\/2024\/07\/pretemporada-villarrealb.jpg","width":1920,"height":1080},"medium":{"url":"https:\/\/villarrealcf.es\/wp-content\/uploads\/2024\/07\/pretemporada-villarrealb.jpg","width":1920,"height":1080},"medium_large":{"url":"https:\/\/villarrealcf.es\/wp-content\/uploads\/2024\/07\/pretemporada-villarrealb-768x432.jpg","width":768,"height":432},"large":{"url":"https:\/\/villarrealcf.es\/wp-content\/uploads\/2024\/07\/pretemporada-villarrealb.jpg","width":788,"height":443},"1536x1536":{"url":"https:\/\/villarrealcf.es\/wp-content\/uploads\/2024\/07\/pretemporada-villarrealb-1536x864.jpg","width":1536,"height":864},"2048x2048":{"url":"https:\/\/villarrealcf.es\/wp-content\/uploads\/2024\/07\/pretemporada-villarrealb.jpg","width":1920,"height":1080},"tp-image-grid":{"url":"https:\/\/villarrealcf.es\/wp-content\/uploads\/2024\/07\/pretemporada-villarrealb-700x700.jpg","width":700,"height":700},"size-bunyad-medium":{"url":"https:\/\/villarrealcf.es\/wp-content\/uploads\/2024\/07\/pretemporada-villarrealb.jpg","width":1920,"height":1080},"sportspress-crop-medium":{"url":"https:\/\/villarrealcf.es\/wp-content\/uploads\/2024\/07\/pretemporada-villarrealb-300x300.jpg","width":300,"height":300},"sportspress-fit-medium":{"url":"https:\/\/villarrealcf.es\/wp-content\/uploads\/2024\/07\/pretemporada-villarrealb-300x169.jpg","width":300,"height":169},"sportspress-fit-icon":{"url":"https:\/\/villarrealcf.es\/wp-content\/uploads\/2024\/07\/pretemporada-villarrealb-128x72.jpg","width":128,"height":72},"sportspress-fit-mini":{"url":"https:\/\/villarrealcf.es\/wp-content\/uploads\/2024\/07\/pretemporada-villarrealb-32x18.jpg","width":32,"height":18},"bunyad-small":{"url":"https:\/\/villarrealcf.es\/wp-content\/uploads\/2024\/07\/pretemporada-villarrealb-150x84.jpg","width":150,"height":84},"bunyad-medium":{"url":"https:\/\/villarrealcf.es\/wp-content\/uploads\/2024\/07\/pretemporada-villarrealb-450x253.jpg","width":450,"height":253},"bunyad-full":{"url":"https:\/\/villarrealcf.es\/wp-content\/uploads\/2024\/07\/pretemporada-villarrealb-1200x675.jpg","width":1200,"height":675},"bunyad-viewport":{"url":"https:\/\/villarrealcf.es\/wp-content\/uploads\/2024\/07\/pretemporada-villarrealb.jpg","width":1920,"height":1080},"bunyad-768":{"url":"https:\/\/villarrealcf.es\/wp-content\/uploads\/2024\/07\/pretemporada-villarrealb-768x432.jpg","width":768,"height":432},"full":{"url":"https:\/\/villarrealcf.es\/wp-content\/uploads\/2024\/07\/pretemporada-villarrealb.jpg","width":1920,"height":1080}}},"author_data":{"id":"23","name":"Fran Segovia","first_name":"Fran","last_name":"Segovia","description":"","avatar_url":"https:\/\/secure.gravatar.com\/avatar\/9ec849b3b9cb451091f0a96d7943b1c6be26a8d6fd3b94d5b5bfd496b2536c42?s=96&d=mm&r=g","acf":null},"taxonomies_data":{"category":[{"id":13803,"name":"Futbol base","slug":"futbol-base-val-2","acf":null}],"post_tag":[{"id":9366,"name":"Cantera","slug":"cantera-val","acf":null},{"id":10325,"name":"Cantera Grogueta","slug":"cantera-grogueta-val","acf":null},{"id":717,"name":"Football","slug":"football-d34","acf":null},{"id":9270,"name":"Futbol","slug":"futbol-val","acf":null},{"id":9227,"name":"F\u00fatbol Base","slug":"futbol-base-val","acf":null},{"id":13781,"name":"Sin categorizar","slug":"sin-categorizar-val","acf":null},{"id":716,"name":"Soccer","slug":"soccer-d105","acf":null},{"id":9205,"name":"Submarino","slug":"submarino-val","acf":null},{"id":9627,"name":"Submarino Amarillo","slug":"submarino-amarillo-val","acf":null},{"id":10634,"name":"Villarreal B","slug":"villarreal-b-val","acf":null},{"id":9203,"name":"Villarreal CF","slug":"villarreal-cf-val","acf":null}],"translation_priority":[{"id":735,"name":"Optional","slug":"optional-val","acf":null}]},"seo_full":{"native":{"title":"El Villarreal B confirma els seus primers amistosos - Web Oficial del Villarreal CF","description":"El filial groc ja coneix a alguns dels seus rivals de la fase de preparaci\u00f3","canonical":"https:\/\/villarrealcf.es\/val\/confirmados-los-primeros-amistosos-del-villarreal-b\/"}},"_links":{"self":[{"href":"https:\/\/villarrealcf.es\/val\/wp-json\/wp\/v2\/posts\/313021","targetHints":{"allow":["GET"]}}],"collection":[{"href":"https:\/\/villarrealcf.es\/val\/wp-json\/wp\/v2\/posts"}],"about":[{"href":"https:\/\/villarrealcf.es\/val\/wp-json\/wp\/v2\/types\/post"}],"author":[{"embeddable":true,"href":"https:\/\/villarrealcf.es\/val\/wp-json\/wp\/v2\/users\/23"}],"replies":[{"embeddable":true,"href":"https:\/\/villarrealcf.es\/val\/wp-json\/wp\/v2\/comments?post=313021"}],"version-history":[{"count":0,"href":"https:\/\/villarrealcf.es\/val\/wp-json\/wp\/v2\/posts\/313021\/revisions"}],"wp:featuredmedia":[{"embeddable":true,"href":"https:\/\/villarrealcf.es\/val\/wp-json\/wp\/v2\/media\/313018"}],"wp:attachment":[{"href":"https:\/\/villarrealcf.es\/val\/wp-json\/wp\/v2\/media?parent=313021"}],"wp:term":[{"taxonomy":"category","embeddable":true,"href":"https:\/\/villarrealcf.es\/val\/wp-json\/wp\/v2\/categories?post=313021"},{"taxonomy":"post_tag","embeddable":true,"href":"https:\/\/villarrealcf.es\/val\/wp-json\/wp\/v2\/tags?post=313021"}],"curies":[{"name":"wp","href":"https:\/\/api.w.org\/{rel}","templated":true}]}}