{"id":312921,"date":"2024-07-08T20:37:22","date_gmt":"2024-07-08T18:37:22","guid":{"rendered":"https:\/\/villarrealcf.es\/el-villarreal-regresa-este-lunes-con-las-pruebas-medicas\/"},"modified":"2024-07-08T21:19:09","modified_gmt":"2024-07-08T19:19:09","slug":"el-villarreal-comenca-les-proves-mediques-i-desforc","status":"publish","type":"post","link":"https:\/\/villarrealcf.es\/val\/el-villarreal-comenca-les-proves-mediques-i-desforc\/","title":{"rendered":"El Villarreal comen\u00e7a les proves m\u00e8diques i d&#8217;esfor\u00e7"},"content":{"protected":false,"blocks":[{"type":"heading","level":2,"text":"La plantilla del primer equip se sotmet als controls m\u00e8dics del 8 al 10 de juliol"},{"type":"paragraph","text":"El Villarreal CF torna al treball. Els futbolistes grocs han deixat arrere les seues vacacions i se sotmeten a partir d\u2019este dilluns 8 de juliol i fins al dimecres 10 de juliol a les proves m\u00e8diques i d\u2019esfor\u00e7, corresponents a l\u2019inici de la pretemporada."},{"type":"paragraph","text":"El primer entrenament sobre el terreny de joc de la Ciutat Esportiva se celebrar\u00e0 el dijous 11 de juliol a la vesprada als ordes de Marcelino Garc\u00eda Toral."}],"structured":{"summary":{"text":"La plantilla del primer equip se sotmet als controls m\u00e8dics del 8 al 10 de juliol El Villarreal CF torna al treball. Els futbolistes grocs han deixat arrere les seues vacacions i se sotmeten a partir d\u2019este dilluns 8 de juliol i fins al dimecres 10 de juliol a les proves m\u00e8diques i d\u2019esfor\u00e7, corresponents a l\u2019inici de la pretemporada. El primer entrenament sobre el terreny de joc de la Ciutat Esportiva se celebrar\u00e0 el dijous 11 de juliol a la vesprada als ordes de Marcelino Garc\u00eda Toral.","headings":[{"type":"heading","level":2,"text":"La plantilla del primer equip se sotmet als controls m\u00e8dics del 8 al 10 de juliol"}],"buttons":[],"images":[],"counts":{"blocks":3,"headings":1,"texts":2,"buttons":0,"images":0}},"sections":[{"id":"section-1","title":"La plantilla del primer equip se sotmet als controls m\u00e8dics del 8 al 10 de juliol","text":"La plantilla del primer equip se sotmet als controls m\u00e8dics del 8 al 10 de juliol El Villarreal CF torna al treball. Els futbolistes grocs han deixat arrere les seues vacacions i se sotmeten a partir d\u2019este dilluns 8 de juliol i fins al dimecres 10 de juliol a les proves m\u00e8diques i d\u2019esfor\u00e7, corresponents a l\u2019inici de la pretemporada. El primer entrenament sobre el terreny de joc de la Ciutat Esportiva se celebrar\u00e0 el dijous 11 de juliol a la vesprada als ordes de Marcelino Garc\u00eda Toral.","headings":[{"type":"heading","level":2,"text":"La plantilla del primer equip se sotmet als controls m\u00e8dics del 8 al 10 de juliol"}],"texts":[{"type":"paragraph","text":"El Villarreal CF torna al treball. Els futbolistes grocs han deixat arrere les seues vacacions i se sotmeten a partir d\u2019este dilluns 8 de juliol i fins al dimecres 10 de juliol a les proves m\u00e8diques i d\u2019esfor\u00e7, corresponents a l\u2019inici de la pretemporada."},{"type":"paragraph","text":"El primer entrenament sobre el terreny de joc de la Ciutat Esportiva se celebrar\u00e0 el dijous 11 de juliol a la vesprada als ordes de Marcelino Garc\u00eda Toral."}],"buttons":[],"images":[],"widgets":[],"blocks":[{"type":"heading","level":2,"text":"La plantilla del primer equip se sotmet als controls m\u00e8dics del 8 al 10 de juliol"},{"type":"paragraph","text":"El Villarreal CF torna al treball. Els futbolistes grocs han deixat arrere les seues vacacions i se sotmeten a partir d\u2019este dilluns 8 de juliol i fins al dimecres 10 de juliol a les proves m\u00e8diques i d\u2019esfor\u00e7, corresponents a l\u2019inici de la pretemporada."},{"type":"paragraph","text":"El primer entrenament sobre el terreny de joc de la Ciutat Esportiva se celebrar\u00e0 el dijous 11 de juliol a la vesprada als ordes de Marcelino Garc\u00eda Toral."}]}],"hero":{"id":"section-1","title":"La plantilla del primer equip se sotmet als controls m\u00e8dics del 8 al 10 de juliol","text":"La plantilla del primer equip se sotmet als controls m\u00e8dics del 8 al 10 de juliol El Villarreal CF torna al treball. Els futbolistes grocs han deixat arrere les seues vacacions i se sotmeten a partir d\u2019este dilluns 8 de juliol i fins al dimecres 10 de juliol a les proves m\u00e8diques i d\u2019esfor\u00e7, corresponents a l\u2019inici de la pretemporada. El primer entrenament sobre el terreny de joc de la Ciutat Esportiva se celebrar\u00e0 el dijous 11 de juliol a la vesprada als ordes de Marcelino Garc\u00eda Toral.","headings":[{"type":"heading","level":2,"text":"La plantilla del primer equip se sotmet als controls m\u00e8dics del 8 al 10 de juliol"}],"texts":[{"type":"paragraph","text":"El Villarreal CF torna al treball. Els futbolistes grocs han deixat arrere les seues vacacions i se sotmeten a partir d\u2019este dilluns 8 de juliol i fins al dimecres 10 de juliol a les proves m\u00e8diques i d\u2019esfor\u00e7, corresponents a l\u2019inici de la pretemporada."},{"type":"paragraph","text":"El primer entrenament sobre el terreny de joc de la Ciutat Esportiva se celebrar\u00e0 el dijous 11 de juliol a la vesprada als ordes de Marcelino Garc\u00eda Toral."}],"buttons":[],"images":[],"widgets":[],"blocks":[{"type":"heading","level":2,"text":"La plantilla del primer equip se sotmet als controls m\u00e8dics del 8 al 10 de juliol"},{"type":"paragraph","text":"El Villarreal CF torna al treball. Els futbolistes grocs han deixat arrere les seues vacacions i se sotmeten a partir d\u2019este dilluns 8 de juliol i fins al dimecres 10 de juliol a les proves m\u00e8diques i d\u2019esfor\u00e7, corresponents a l\u2019inici de la pretemporada."},{"type":"paragraph","text":"El primer entrenament sobre el terreny de joc de la Ciutat Esportiva se celebrar\u00e0 el dijous 11 de juliol a la vesprada als ordes de Marcelino Garc\u00eda Toral."}]}},"sections":[{"id":"section-1","title":"La plantilla del primer equip se sotmet als controls m\u00e8dics del 8 al 10 de juliol","text":"La plantilla del primer equip se sotmet als controls m\u00e8dics del 8 al 10 de juliol El Villarreal CF torna al treball. Els futbolistes grocs han deixat arrere les seues vacacions i se sotmeten a partir d\u2019este dilluns 8 de juliol i fins al dimecres 10 de juliol a les proves m\u00e8diques i d\u2019esfor\u00e7, corresponents a l\u2019inici de la pretemporada. El primer entrenament sobre el terreny de joc de la Ciutat Esportiva se celebrar\u00e0 el dijous 11 de juliol a la vesprada als ordes de Marcelino Garc\u00eda Toral.","url":"","background_image":"","images":[],"videos":[],"links":[]}]},"excerpt":{"rendered":"La plantilla del primer equip se sotmet als controls m\u00e8dics del 8 al 10 de juliol","protected":false},"author":25,"featured_media":313034,"comment_status":"closed","ping_status":"closed","sticky":false,"template":"","format":"standard","meta":{"_acf_changed":false,"footnotes":""},"categories":[13493],"tags":[11486,717,9270,13427,5574,13781,716,9205,9627,9203],"acf":null,"lang":"val","translations":{"es":312916,"val":312921,"en":312992},"essential_grid":{"has_grid":false},"formatted_date":"July 8, 2024","modified_date":"July 8, 2024","permalink":"https:\/\/villarrealcf.es\/val\/el-villarreal-comenca-les-proves-mediques-i-desforc\/","reading_time":1,"featured_media_data":{"id":313034,"title":"20240708-Entrenamiento-001","caption":"","alt_text":"","description":"","mime_type":"image\/png","source_url":"https:\/\/villarrealcf.es\/wp-content\/uploads\/2024\/07\/20240708-Entrenamiento-001.png","sizes":{"thumbnail":{"url":"https:\/\/villarrealcf.es\/wp-content\/uploads\/2024\/07\/20240708-Entrenamiento-001-1920x1080.png","width":1920,"height":1080},"medium":{"url":"https:\/\/villarrealcf.es\/wp-content\/uploads\/2024\/07\/20240708-Entrenamiento-001-1920x1080.png","width":1920,"height":1080},"medium_large":{"url":"https:\/\/villarrealcf.es\/wp-content\/uploads\/2024\/07\/20240708-Entrenamiento-001-768x432.png","width":768,"height":432},"large":{"url":"https:\/\/villarrealcf.es\/wp-content\/uploads\/2024\/07\/20240708-Entrenamiento-001-1920x1080.png","width":788,"height":443},"1536x1536":{"url":"https:\/\/villarrealcf.es\/wp-content\/uploads\/2024\/07\/20240708-Entrenamiento-001-1536x864.png","width":1536,"height":864},"2048x2048":{"url":"https:\/\/villarrealcf.es\/wp-content\/uploads\/2024\/07\/20240708-Entrenamiento-001-2048x1152.png","width":2048,"height":1152},"tp-image-grid":{"url":"https:\/\/villarrealcf.es\/wp-content\/uploads\/2024\/07\/20240708-Entrenamiento-001-700x700.png","width":700,"height":700},"size-bunyad-medium":{"url":"https:\/\/villarrealcf.es\/wp-content\/uploads\/2024\/07\/20240708-Entrenamiento-001-1920x1080.png","width":1920,"height":1080},"sportspress-crop-medium":{"url":"https:\/\/villarrealcf.es\/wp-content\/uploads\/2024\/07\/20240708-Entrenamiento-001-300x300.png","width":300,"height":300},"sportspress-fit-medium":{"url":"https:\/\/villarrealcf.es\/wp-content\/uploads\/2024\/07\/20240708-Entrenamiento-001-300x169.png","width":300,"height":169},"sportspress-fit-icon":{"url":"https:\/\/villarrealcf.es\/wp-content\/uploads\/2024\/07\/20240708-Entrenamiento-001-128x72.png","width":128,"height":72},"sportspress-fit-mini":{"url":"https:\/\/villarrealcf.es\/wp-content\/uploads\/2024\/07\/20240708-Entrenamiento-001-32x18.png","width":32,"height":18},"bunyad-small":{"url":"https:\/\/villarrealcf.es\/wp-content\/uploads\/2024\/07\/20240708-Entrenamiento-001-150x84.png","width":150,"height":84},"bunyad-medium":{"url":"https:\/\/villarrealcf.es\/wp-content\/uploads\/2024\/07\/20240708-Entrenamiento-001-450x253.png","width":450,"height":253},"bunyad-full":{"url":"https:\/\/villarrealcf.es\/wp-content\/uploads\/2024\/07\/20240708-Entrenamiento-001-1200x675.png","width":1200,"height":675},"bunyad-viewport":{"url":"https:\/\/villarrealcf.es\/wp-content\/uploads\/2024\/07\/20240708-Entrenamiento-001-2048x1152.png","width":2048,"height":1152},"bunyad-768":{"url":"https:\/\/villarrealcf.es\/wp-content\/uploads\/2024\/07\/20240708-Entrenamiento-001-768x432.png","width":768,"height":432},"full":{"url":"https:\/\/villarrealcf.es\/wp-content\/uploads\/2024\/07\/20240708-Entrenamiento-001.png","width":2835,"height":1595}}},"author_data":{"id":"25","name":"Javier Ayuso","first_name":"Javier","last_name":"Ayuso","description":"","avatar_url":"https:\/\/secure.gravatar.com\/avatar\/fcf8894be45988fcce5bbff0efe1790d2a7f4ba57e2c7c898f5068154e696495?s=96&d=mm&r=g","acf":null},"taxonomies_data":{"category":[{"id":13493,"name":"Primer equip","slug":"primer-equip","acf":null}],"post_tag":[{"id":11486,"name":"Entrenamiento","slug":"entrenamiento-val","acf":null},{"id":717,"name":"Football","slug":"football-d34","acf":null},{"id":9270,"name":"Futbol","slug":"futbol-val","acf":null},{"id":13427,"name":"Primer Equipo","slug":"primer-equipo-val","acf":null},{"id":5574,"name":"Pruebas M\u00e9dicas","slug":"pruebas-medicas","acf":null},{"id":13781,"name":"Sin categorizar","slug":"sin-categorizar-val","acf":null},{"id":716,"name":"Soccer","slug":"soccer-d105","acf":null},{"id":9205,"name":"Submarino","slug":"submarino-val","acf":null},{"id":9627,"name":"Submarino Amarillo","slug":"submarino-amarillo-val","acf":null},{"id":9203,"name":"Villarreal CF","slug":"villarreal-cf-val","acf":null}],"translation_priority":[{"id":735,"name":"Optional","slug":"optional-val","acf":null}]},"seo_full":{"native":{"title":"El Villarreal comen\u00e7a les proves m\u00e8diques i d&#8217;esfor\u00e7 - Web Oficial del Villarreal CF","description":"La plantilla del primer equip se sotmet als controls m\u00e8dics del 8 al 10 de juliol","canonical":"https:\/\/villarrealcf.es\/val\/el-villarreal-comenca-les-proves-mediques-i-desforc\/"}},"_links":{"self":[{"href":"https:\/\/villarrealcf.es\/val\/wp-json\/wp\/v2\/posts\/312921","targetHints":{"allow":["GET"]}}],"collection":[{"href":"https:\/\/villarrealcf.es\/val\/wp-json\/wp\/v2\/posts"}],"about":[{"href":"https:\/\/villarrealcf.es\/val\/wp-json\/wp\/v2\/types\/post"}],"author":[{"embeddable":true,"href":"https:\/\/villarrealcf.es\/val\/wp-json\/wp\/v2\/users\/25"}],"replies":[{"embeddable":true,"href":"https:\/\/villarrealcf.es\/val\/wp-json\/wp\/v2\/comments?post=312921"}],"version-history":[{"count":0,"href":"https:\/\/villarrealcf.es\/val\/wp-json\/wp\/v2\/posts\/312921\/revisions"}],"wp:featuredmedia":[{"embeddable":true,"href":"https:\/\/villarrealcf.es\/val\/wp-json\/wp\/v2\/media\/313034"}],"wp:attachment":[{"href":"https:\/\/villarrealcf.es\/val\/wp-json\/wp\/v2\/media?parent=312921"}],"wp:term":[{"taxonomy":"category","embeddable":true,"href":"https:\/\/villarrealcf.es\/val\/wp-json\/wp\/v2\/categories?post=312921"},{"taxonomy":"post_tag","embeddable":true,"href":"https:\/\/villarrealcf.es\/val\/wp-json\/wp\/v2\/tags?post=312921"}],"curies":[{"name":"wp","href":"https:\/\/api.w.org\/{rel}","templated":true}]}}