{"id":312718,"date":"2024-07-23T17:10:01","date_gmt":"2024-07-23T15:10:01","guid":{"rendered":"https:\/\/villarrealcf.es\/johan-mojica-traspasado-al-rcd-mallorca\/"},"modified":"2024-07-23T17:09:25","modified_gmt":"2024-07-23T15:09:25","slug":"johan-mojica-traspassat-al-rcd-mallorca","status":"publish","type":"post","link":"https:\/\/villarrealcf.es\/val\/johan-mojica-traspassat-al-rcd-mallorca\/","title":{"rendered":"Johan Mojica, traspassat al RCD Mallorca"},"content":{"protected":false,"blocks":[{"type":"heading","level":2,"text":"El lateral colombi\u00e0 jugar\u00e0 en el conjunt balear la pr\u00f2xima temporada"},{"type":"paragraph","text":"El Villarreal CF ha arribat a un acord de trasp\u00e0s amb el RCD Mallorca per Johan Mojica, que jugar\u00e0 com a jugador bermell\u00f3 a partir de la present temporada 2024\/25. Aix\u00ed, el lateral colombi\u00e0 posa fi a la seua etapa al Villarreal CF despr\u00e9s de dos anys vinculat al club groc, un d\u2019ells com cedit al CA Osasuna."},{"type":"paragraph","text":"El Villarreal CF li agra\u00efx la professionalitat durant la seua etapa com groguet i li desitja molta sort en el seu futur professional."}],"structured":{"summary":{"text":"El lateral colombi\u00e0 jugar\u00e0 en el conjunt balear la pr\u00f2xima temporada El Villarreal CF ha arribat a un acord de trasp\u00e0s amb el RCD Mallorca per Johan Mojica, que jugar\u00e0 com a jugador bermell\u00f3 a partir de la present temporada 2024\/25. Aix\u00ed, el lateral colombi\u00e0 posa fi a la seua etapa al Villarreal CF despr\u00e9s de dos anys vinculat al club groc, un d\u2019ells com cedit al CA Osasuna. El Villarreal CF li agra\u00efx la professionalitat durant la seua etapa com groguet i li desitja molta sort en el seu futur professional.","headings":[{"type":"heading","level":2,"text":"El lateral colombi\u00e0 jugar\u00e0 en el conjunt balear la pr\u00f2xima temporada"}],"buttons":[],"images":[],"counts":{"blocks":3,"headings":1,"texts":2,"buttons":0,"images":0}},"sections":[{"id":"section-1","title":"El lateral colombi\u00e0 jugar\u00e0 en el conjunt balear la pr\u00f2xima temporada","text":"El lateral colombi\u00e0 jugar\u00e0 en el conjunt balear la pr\u00f2xima temporada El Villarreal CF ha arribat a un acord de trasp\u00e0s amb el RCD Mallorca per Johan Mojica, que jugar\u00e0 com a jugador bermell\u00f3 a partir de la present temporada 2024\/25. Aix\u00ed, el lateral colombi\u00e0 posa fi a la seua etapa al Villarreal CF despr\u00e9s de dos anys vinculat al club groc, un d\u2019ells com cedit al CA Osasuna. El Villarreal CF li agra\u00efx la professionalitat durant la seua etapa com groguet i li desitja molta sort en el seu futur professional.","headings":[{"type":"heading","level":2,"text":"El lateral colombi\u00e0 jugar\u00e0 en el conjunt balear la pr\u00f2xima temporada"}],"texts":[{"type":"paragraph","text":"El Villarreal CF ha arribat a un acord de trasp\u00e0s amb el RCD Mallorca per Johan Mojica, que jugar\u00e0 com a jugador bermell\u00f3 a partir de la present temporada 2024\/25. Aix\u00ed, el lateral colombi\u00e0 posa fi a la seua etapa al Villarreal CF despr\u00e9s de dos anys vinculat al club groc, un d\u2019ells com cedit al CA Osasuna."},{"type":"paragraph","text":"El Villarreal CF li agra\u00efx la professionalitat durant la seua etapa com groguet i li desitja molta sort en el seu futur professional."}],"buttons":[],"images":[],"widgets":[],"blocks":[{"type":"heading","level":2,"text":"El lateral colombi\u00e0 jugar\u00e0 en el conjunt balear la pr\u00f2xima temporada"},{"type":"paragraph","text":"El Villarreal CF ha arribat a un acord de trasp\u00e0s amb el RCD Mallorca per Johan Mojica, que jugar\u00e0 com a jugador bermell\u00f3 a partir de la present temporada 2024\/25. Aix\u00ed, el lateral colombi\u00e0 posa fi a la seua etapa al Villarreal CF despr\u00e9s de dos anys vinculat al club groc, un d\u2019ells com cedit al CA Osasuna."},{"type":"paragraph","text":"El Villarreal CF li agra\u00efx la professionalitat durant la seua etapa com groguet i li desitja molta sort en el seu futur professional."}]}],"hero":{"id":"section-1","title":"El lateral colombi\u00e0 jugar\u00e0 en el conjunt balear la pr\u00f2xima temporada","text":"El lateral colombi\u00e0 jugar\u00e0 en el conjunt balear la pr\u00f2xima temporada El Villarreal CF ha arribat a un acord de trasp\u00e0s amb el RCD Mallorca per Johan Mojica, que jugar\u00e0 com a jugador bermell\u00f3 a partir de la present temporada 2024\/25. Aix\u00ed, el lateral colombi\u00e0 posa fi a la seua etapa al Villarreal CF despr\u00e9s de dos anys vinculat al club groc, un d\u2019ells com cedit al CA Osasuna. El Villarreal CF li agra\u00efx la professionalitat durant la seua etapa com groguet i li desitja molta sort en el seu futur professional.","headings":[{"type":"heading","level":2,"text":"El lateral colombi\u00e0 jugar\u00e0 en el conjunt balear la pr\u00f2xima temporada"}],"texts":[{"type":"paragraph","text":"El Villarreal CF ha arribat a un acord de trasp\u00e0s amb el RCD Mallorca per Johan Mojica, que jugar\u00e0 com a jugador bermell\u00f3 a partir de la present temporada 2024\/25. Aix\u00ed, el lateral colombi\u00e0 posa fi a la seua etapa al Villarreal CF despr\u00e9s de dos anys vinculat al club groc, un d\u2019ells com cedit al CA Osasuna."},{"type":"paragraph","text":"El Villarreal CF li agra\u00efx la professionalitat durant la seua etapa com groguet i li desitja molta sort en el seu futur professional."}],"buttons":[],"images":[],"widgets":[],"blocks":[{"type":"heading","level":2,"text":"El lateral colombi\u00e0 jugar\u00e0 en el conjunt balear la pr\u00f2xima temporada"},{"type":"paragraph","text":"El Villarreal CF ha arribat a un acord de trasp\u00e0s amb el RCD Mallorca per Johan Mojica, que jugar\u00e0 com a jugador bermell\u00f3 a partir de la present temporada 2024\/25. Aix\u00ed, el lateral colombi\u00e0 posa fi a la seua etapa al Villarreal CF despr\u00e9s de dos anys vinculat al club groc, un d\u2019ells com cedit al CA Osasuna."},{"type":"paragraph","text":"El Villarreal CF li agra\u00efx la professionalitat durant la seua etapa com groguet i li desitja molta sort en el seu futur professional."}]}},"sections":[{"id":"section-1","title":"El lateral colombi\u00e0 jugar\u00e0 en el conjunt balear la pr\u00f2xima temporada","text":"El lateral colombi\u00e0 jugar\u00e0 en el conjunt balear la pr\u00f2xima temporada El Villarreal CF ha arribat a un acord de trasp\u00e0s amb el RCD Mallorca per Johan Mojica, que jugar\u00e0 com a jugador bermell\u00f3 a partir de la present temporada 2024\/25. Aix\u00ed, el lateral colombi\u00e0 posa fi a la seua etapa al Villarreal CF despr\u00e9s de dos anys vinculat al club groc, un d\u2019ells com cedit al CA Osasuna. El Villarreal CF li agra\u00efx la professionalitat durant la seua etapa com groguet i li desitja molta sort en el seu futur professional.","url":"","background_image":"","images":[],"videos":[],"links":[]}]},"excerpt":{"rendered":"El lateral colombi\u00e0 jugar\u00e0 en el conjunt balear la pr\u00f2xima temporada","protected":false},"author":1,"featured_media":312690,"comment_status":"closed","ping_status":"closed","sticky":false,"template":"","format":"standard","meta":{"_acf_changed":false,"footnotes":""},"categories":[13493],"tags":[15770,717,9270,14172,716,9205,9627,9203],"acf":null,"lang":"val","translations":{"es":312673,"val":312718,"en":312723},"essential_grid":{"has_grid":false},"formatted_date":"July 23, 2024","modified_date":"July 23, 2024","permalink":"https:\/\/villarrealcf.es\/val\/johan-mojica-traspassat-al-rcd-mallorca\/","reading_time":1,"featured_media_data":{"id":312690,"title":"mojica","caption":"mojica","alt_text":"","description":"","mime_type":"image\/jpeg","source_url":"https:\/\/villarrealcf.es\/wp-content\/uploads\/2024\/07\/VillarrealCF-UDAlmeria-MOJICA.jpg","sizes":{"thumbnail":{"url":"https:\/\/villarrealcf.es\/wp-content\/uploads\/2024\/07\/VillarrealCF-UDAlmeria-MOJICA.jpg","width":1920,"height":1079},"medium":{"url":"https:\/\/villarrealcf.es\/wp-content\/uploads\/2024\/07\/VillarrealCF-UDAlmeria-MOJICA.jpg","width":1920,"height":1079},"medium_large":{"url":"https:\/\/villarrealcf.es\/wp-content\/uploads\/2024\/07\/VillarrealCF-UDAlmeria-MOJICA-768x432.jpg","width":768,"height":432},"large":{"url":"https:\/\/villarrealcf.es\/wp-content\/uploads\/2024\/07\/VillarrealCF-UDAlmeria-MOJICA.jpg","width":788,"height":443},"1536x1536":{"url":"https:\/\/villarrealcf.es\/wp-content\/uploads\/2024\/07\/VillarrealCF-UDAlmeria-MOJICA-1536x863.jpg","width":1536,"height":863},"2048x2048":{"url":"https:\/\/villarrealcf.es\/wp-content\/uploads\/2024\/07\/VillarrealCF-UDAlmeria-MOJICA.jpg","width":1920,"height":1079},"tp-image-grid":{"url":"https:\/\/villarrealcf.es\/wp-content\/uploads\/2024\/07\/VillarrealCF-UDAlmeria-MOJICA-700x700.jpg","width":700,"height":700},"size-bunyad-medium":{"url":"https:\/\/villarrealcf.es\/wp-content\/uploads\/2024\/07\/VillarrealCF-UDAlmeria-MOJICA.jpg","width":1920,"height":1079},"sportspress-crop-medium":{"url":"https:\/\/villarrealcf.es\/wp-content\/uploads\/2024\/07\/VillarrealCF-UDAlmeria-MOJICA-300x300.jpg","width":300,"height":300},"sportspress-fit-medium":{"url":"https:\/\/villarrealcf.es\/wp-content\/uploads\/2024\/07\/VillarrealCF-UDAlmeria-MOJICA-300x169.jpg","width":300,"height":169},"sportspress-fit-icon":{"url":"https:\/\/villarrealcf.es\/wp-content\/uploads\/2024\/07\/VillarrealCF-UDAlmeria-MOJICA-128x72.jpg","width":128,"height":72},"sportspress-fit-mini":{"url":"https:\/\/villarrealcf.es\/wp-content\/uploads\/2024\/07\/VillarrealCF-UDAlmeria-MOJICA-32x18.jpg","width":32,"height":18},"bunyad-small":{"url":"https:\/\/villarrealcf.es\/wp-content\/uploads\/2024\/07\/VillarrealCF-UDAlmeria-MOJICA-150x84.jpg","width":150,"height":84},"bunyad-medium":{"url":"https:\/\/villarrealcf.es\/wp-content\/uploads\/2024\/07\/VillarrealCF-UDAlmeria-MOJICA-450x253.jpg","width":450,"height":253},"bunyad-full":{"url":"https:\/\/villarrealcf.es\/wp-content\/uploads\/2024\/07\/VillarrealCF-UDAlmeria-MOJICA-1200x674.jpg","width":1200,"height":674},"bunyad-viewport":{"url":"https:\/\/villarrealcf.es\/wp-content\/uploads\/2024\/07\/VillarrealCF-UDAlmeria-MOJICA.jpg","width":1920,"height":1079},"bunyad-768":{"url":"https:\/\/villarrealcf.es\/wp-content\/uploads\/2024\/07\/VillarrealCF-UDAlmeria-MOJICA-768x432.jpg","width":768,"height":432},"full":{"url":"https:\/\/villarrealcf.es\/wp-content\/uploads\/2024\/07\/VillarrealCF-UDAlmeria-MOJICA.jpg","width":1920,"height":1079}}},"author_data":{"id":"1","name":"root_envidea","first_name":"Villarreal CF","last_name":"","description":"","avatar_url":"https:\/\/secure.gravatar.com\/avatar\/48f95f42a3ccc324f3a3458e4b9e6fb070b083e99d388e170c1afb061fa99b63?s=96&d=mm&r=g","acf":null},"taxonomies_data":{"category":[{"id":13493,"name":"Primer equip","slug":"primer-equip","acf":null}],"post_tag":[{"id":15770,"name":"Despedida","slug":"despedida-2-val","acf":null},{"id":717,"name":"Football","slug":"football-d34","acf":null},{"id":9270,"name":"Futbol","slug":"futbol-val","acf":null},{"id":14172,"name":"Johan Mojica","slug":"johan-mojica-2-val","acf":null},{"id":716,"name":"Soccer","slug":"soccer-d105","acf":null},{"id":9205,"name":"Submarino","slug":"submarino-val","acf":null},{"id":9627,"name":"Submarino Amarillo","slug":"submarino-amarillo-val","acf":null},{"id":9203,"name":"Villarreal CF","slug":"villarreal-cf-val","acf":null}],"translation_priority":[{"id":735,"name":"Optional","slug":"optional-val","acf":null}]},"seo_full":{"native":{"title":"Johan Mojica, traspassat al RCD Mallorca - Web Oficial del Villarreal CF","description":"El lateral colombi\u00e0 jugar\u00e0 en el conjunt balear la pr\u00f2xima temporada","canonical":"https:\/\/villarrealcf.es\/val\/johan-mojica-traspassat-al-rcd-mallorca\/"}},"_links":{"self":[{"href":"https:\/\/villarrealcf.es\/val\/wp-json\/wp\/v2\/posts\/312718","targetHints":{"allow":["GET"]}}],"collection":[{"href":"https:\/\/villarrealcf.es\/val\/wp-json\/wp\/v2\/posts"}],"about":[{"href":"https:\/\/villarrealcf.es\/val\/wp-json\/wp\/v2\/types\/post"}],"author":[{"embeddable":true,"href":"https:\/\/villarrealcf.es\/val\/wp-json\/wp\/v2\/users\/1"}],"replies":[{"embeddable":true,"href":"https:\/\/villarrealcf.es\/val\/wp-json\/wp\/v2\/comments?post=312718"}],"version-history":[{"count":0,"href":"https:\/\/villarrealcf.es\/val\/wp-json\/wp\/v2\/posts\/312718\/revisions"}],"wp:featuredmedia":[{"embeddable":true,"href":"https:\/\/villarrealcf.es\/val\/wp-json\/wp\/v2\/media\/312690"}],"wp:attachment":[{"href":"https:\/\/villarrealcf.es\/val\/wp-json\/wp\/v2\/media?parent=312718"}],"wp:term":[{"taxonomy":"category","embeddable":true,"href":"https:\/\/villarrealcf.es\/val\/wp-json\/wp\/v2\/categories?post=312718"},{"taxonomy":"post_tag","embeddable":true,"href":"https:\/\/villarrealcf.es\/val\/wp-json\/wp\/v2\/tags?post=312718"}],"curies":[{"name":"wp","href":"https:\/\/api.w.org\/{rel}","templated":true}]}}