{"id":312647,"date":"2024-07-04T19:30:19","date_gmt":"2024-07-04T17:30:19","guid":{"rendered":"https:\/\/villarrealcf.es\/alberto-moreno-y-el-villarreal-cf-separan-sus-caminos\/"},"modified":"2024-07-04T19:36:23","modified_gmt":"2024-07-04T17:36:23","slug":"alberto-moreno-i-el-villarreal-cf-separen-els-seus-camins","status":"publish","type":"post","link":"https:\/\/villarrealcf.es\/val\/alberto-moreno-i-el-villarreal-cf-separen-els-seus-camins\/","title":{"rendered":"Alberto Moreno i el Villarreal CF separen els seus camins"},"content":{"protected":false,"blocks":[{"type":"heading","level":2,"text":"El futbolista sevill\u00e0 \u00e9s un dels herois que va al\u00e7ar la UEFA Europa League 2020\/21"},{"type":"paragraph","text":"Alberto Moreno conclou la seua etapa amb el Villarreal CF despr\u00e9s de cinc temporades defenent l\u2019el\u00e0stica groga. El defensa sevill\u00e0 ha sigut un futbolista important durant periple en el Submar\u00ed, amb el qual va al\u00e7ar el t\u00edtol de la UEFA Europa League en 2021, va disputar la UEFA Supercup i va aconseguir les semifinals de la UEFA Champions League en 2022."},{"type":"paragraph","text":"El futbolista andal\u00fas va arribar en l\u2019estiu de 2019 com a agent lliure despr\u00e9s de jugar al Liverpool FC. En el seu pas pel quadre groc, ha def\u00e9s l\u2019el\u00e0stica de l\u2019equip en 124 partits oficials i ha anotat un total de huit dianes."},{"type":"paragraph","text":"Despr\u00e9s de la seua brillant etapa al Villarreal, el club li agra\u00efx la seua professionalitat i els desitja sort en els seus nous desafiaments professionals."}],"structured":{"summary":{"text":"El futbolista sevill\u00e0 \u00e9s un dels herois que va al\u00e7ar la UEFA Europa League 2020\/21 Alberto Moreno conclou la seua etapa amb el Villarreal CF despr\u00e9s de cinc temporades defenent l\u2019el\u00e0stica groga. El defensa sevill\u00e0 ha sigut un futbolista important durant periple en el Submar\u00ed, amb el qual va al\u00e7ar el t\u00edtol de la UEFA Europa League en 2021, va disputar la UEFA Supercup i va aconseguir les semifinals de la UEFA Champions League en 2022. El futbolista andal\u00fas va arribar en l\u2019estiu de 2019 com a agent lliure despr\u00e9s de jugar al Liverpool FC. En el seu pas pel quadre groc, ha def\u00e9s l\u2019el\u00e0stica de l\u2019equip en 124 partits oficials i ha anotat un total de huit dianes. Despr\u00e9s de la seua brillant etapa al Villarreal, el club li agra\u00efx la seua professionalitat i els desitja sort en els seus nous desafiaments professionals.","headings":[{"type":"heading","level":2,"text":"El futbolista sevill\u00e0 \u00e9s un dels herois que va al\u00e7ar la UEFA Europa League 2020\/21"}],"buttons":[],"images":[],"counts":{"blocks":4,"headings":1,"texts":3,"buttons":0,"images":0}},"sections":[{"id":"section-1","title":"El futbolista sevill\u00e0 \u00e9s un dels herois que va al\u00e7ar la UEFA Europa League 2020\/21","text":"El futbolista sevill\u00e0 \u00e9s un dels herois que va al\u00e7ar la UEFA Europa League 2020\/21 Alberto Moreno conclou la seua etapa amb el Villarreal CF despr\u00e9s de cinc temporades defenent l\u2019el\u00e0stica groga. El defensa sevill\u00e0 ha sigut un futbolista important durant periple en el Submar\u00ed, amb el qual va al\u00e7ar el t\u00edtol de la UEFA Europa League en 2021, va disputar la UEFA Supercup i va aconseguir les semifinals de la UEFA Champions League en 2022. El futbolista andal\u00fas va arribar en l\u2019estiu de 2019 com a agent lliure despr\u00e9s de jugar al Liverpool FC. En el seu pas pel quadre groc, ha def\u00e9s l\u2019el\u00e0stica de l\u2019equip en 124 partits oficials i ha anotat un total de huit dianes. Despr\u00e9s de la seua brillant etapa al Villarreal, el club li agra\u00efx la seua professionalitat i els desitja sort en els seus nous desafiaments professionals.","headings":[{"type":"heading","level":2,"text":"El futbolista sevill\u00e0 \u00e9s un dels herois que va al\u00e7ar la UEFA Europa League 2020\/21"}],"texts":[{"type":"paragraph","text":"Alberto Moreno conclou la seua etapa amb el Villarreal CF despr\u00e9s de cinc temporades defenent l\u2019el\u00e0stica groga. El defensa sevill\u00e0 ha sigut un futbolista important durant periple en el Submar\u00ed, amb el qual va al\u00e7ar el t\u00edtol de la UEFA Europa League en 2021, va disputar la UEFA Supercup i va aconseguir les semifinals de la UEFA Champions League en 2022."},{"type":"paragraph","text":"El futbolista andal\u00fas va arribar en l\u2019estiu de 2019 com a agent lliure despr\u00e9s de jugar al Liverpool FC. En el seu pas pel quadre groc, ha def\u00e9s l\u2019el\u00e0stica de l\u2019equip en 124 partits oficials i ha anotat un total de huit dianes."},{"type":"paragraph","text":"Despr\u00e9s de la seua brillant etapa al Villarreal, el club li agra\u00efx la seua professionalitat i els desitja sort en els seus nous desafiaments professionals."}],"buttons":[],"images":[],"widgets":[],"blocks":[{"type":"heading","level":2,"text":"El futbolista sevill\u00e0 \u00e9s un dels herois que va al\u00e7ar la UEFA Europa League 2020\/21"},{"type":"paragraph","text":"Alberto Moreno conclou la seua etapa amb el Villarreal CF despr\u00e9s de cinc temporades defenent l\u2019el\u00e0stica groga. El defensa sevill\u00e0 ha sigut un futbolista important durant periple en el Submar\u00ed, amb el qual va al\u00e7ar el t\u00edtol de la UEFA Europa League en 2021, va disputar la UEFA Supercup i va aconseguir les semifinals de la UEFA Champions League en 2022."},{"type":"paragraph","text":"El futbolista andal\u00fas va arribar en l\u2019estiu de 2019 com a agent lliure despr\u00e9s de jugar al Liverpool FC. En el seu pas pel quadre groc, ha def\u00e9s l\u2019el\u00e0stica de l\u2019equip en 124 partits oficials i ha anotat un total de huit dianes."},{"type":"paragraph","text":"Despr\u00e9s de la seua brillant etapa al Villarreal, el club li agra\u00efx la seua professionalitat i els desitja sort en els seus nous desafiaments professionals."}]}],"hero":{"id":"section-1","title":"El futbolista sevill\u00e0 \u00e9s un dels herois que va al\u00e7ar la UEFA Europa League 2020\/21","text":"El futbolista sevill\u00e0 \u00e9s un dels herois que va al\u00e7ar la UEFA Europa League 2020\/21 Alberto Moreno conclou la seua etapa amb el Villarreal CF despr\u00e9s de cinc temporades defenent l\u2019el\u00e0stica groga. El defensa sevill\u00e0 ha sigut un futbolista important durant periple en el Submar\u00ed, amb el qual va al\u00e7ar el t\u00edtol de la UEFA Europa League en 2021, va disputar la UEFA Supercup i va aconseguir les semifinals de la UEFA Champions League en 2022. El futbolista andal\u00fas va arribar en l\u2019estiu de 2019 com a agent lliure despr\u00e9s de jugar al Liverpool FC. En el seu pas pel quadre groc, ha def\u00e9s l\u2019el\u00e0stica de l\u2019equip en 124 partits oficials i ha anotat un total de huit dianes. Despr\u00e9s de la seua brillant etapa al Villarreal, el club li agra\u00efx la seua professionalitat i els desitja sort en els seus nous desafiaments professionals.","headings":[{"type":"heading","level":2,"text":"El futbolista sevill\u00e0 \u00e9s un dels herois que va al\u00e7ar la UEFA Europa League 2020\/21"}],"texts":[{"type":"paragraph","text":"Alberto Moreno conclou la seua etapa amb el Villarreal CF despr\u00e9s de cinc temporades defenent l\u2019el\u00e0stica groga. El defensa sevill\u00e0 ha sigut un futbolista important durant periple en el Submar\u00ed, amb el qual va al\u00e7ar el t\u00edtol de la UEFA Europa League en 2021, va disputar la UEFA Supercup i va aconseguir les semifinals de la UEFA Champions League en 2022."},{"type":"paragraph","text":"El futbolista andal\u00fas va arribar en l\u2019estiu de 2019 com a agent lliure despr\u00e9s de jugar al Liverpool FC. En el seu pas pel quadre groc, ha def\u00e9s l\u2019el\u00e0stica de l\u2019equip en 124 partits oficials i ha anotat un total de huit dianes."},{"type":"paragraph","text":"Despr\u00e9s de la seua brillant etapa al Villarreal, el club li agra\u00efx la seua professionalitat i els desitja sort en els seus nous desafiaments professionals."}],"buttons":[],"images":[],"widgets":[],"blocks":[{"type":"heading","level":2,"text":"El futbolista sevill\u00e0 \u00e9s un dels herois que va al\u00e7ar la UEFA Europa League 2020\/21"},{"type":"paragraph","text":"Alberto Moreno conclou la seua etapa amb el Villarreal CF despr\u00e9s de cinc temporades defenent l\u2019el\u00e0stica groga. El defensa sevill\u00e0 ha sigut un futbolista important durant periple en el Submar\u00ed, amb el qual va al\u00e7ar el t\u00edtol de la UEFA Europa League en 2021, va disputar la UEFA Supercup i va aconseguir les semifinals de la UEFA Champions League en 2022."},{"type":"paragraph","text":"El futbolista andal\u00fas va arribar en l\u2019estiu de 2019 com a agent lliure despr\u00e9s de jugar al Liverpool FC. En el seu pas pel quadre groc, ha def\u00e9s l\u2019el\u00e0stica de l\u2019equip en 124 partits oficials i ha anotat un total de huit dianes."},{"type":"paragraph","text":"Despr\u00e9s de la seua brillant etapa al Villarreal, el club li agra\u00efx la seua professionalitat i els desitja sort en els seus nous desafiaments professionals."}]}},"sections":[{"id":"section-1","title":"El futbolista sevill\u00e0 \u00e9s un dels herois que va al\u00e7ar la UEFA Europa League 2020\/21","text":"El futbolista sevill\u00e0 \u00e9s un dels herois que va al\u00e7ar la UEFA Europa League 2020\/21 Alberto Moreno conclou la seua etapa amb el Villarreal CF despr\u00e9s de cinc temporades defenent l\u2019el\u00e0stica groga. El defensa sevill\u00e0 ha sigut un futbolista important durant periple en el Submar\u00ed, amb el qual va al\u00e7ar el t\u00edtol de la UEFA Europa League en 2021, va disputar la UEFA Supercup i va aconseguir les semifinals de la UEFA Champions League en 2022. El futbolista andal\u00fas va arribar en l\u2019estiu de 2019 com a agent lliure despr\u00e9s de jugar al Liverpool FC. En el seu pas pel quadre groc, ha def\u00e9s l\u2019el\u00e0stica de l\u2019equip en 124 partits oficials i ha anotat un total de huit dianes. Despr\u00e9s de la seua brillant etapa al Villarreal, el club li agra\u00efx la seua professionalitat i els desitja sort en els seus nous desafiaments professionals.","url":"","background_image":"","images":[],"videos":[],"links":[]}]},"excerpt":{"rendered":"El futbolista sevill\u00e0 \u00e9s un dels herois que va al\u00e7ar la UEFA Europa League 2020\/21","protected":false},"author":33,"featured_media":312645,"comment_status":"closed","ping_status":"closed","sticky":false,"template":"","format":"standard","meta":{"_acf_changed":false,"footnotes":""},"categories":[13493],"tags":[12120,15770,717,9270,9278,716,9205,9627,9203],"acf":null,"lang":"val","translations":{"es":312641,"val":312647,"en":312650},"essential_grid":{"has_grid":false},"formatted_date":"July 4, 2024","modified_date":"July 4, 2024","permalink":"https:\/\/villarrealcf.es\/val\/alberto-moreno-i-el-villarreal-cf-separen-els-seus-camins\/","reading_time":1,"featured_media_data":{"id":312645,"title":"alberto","caption":"","alt_text":"","description":"","mime_type":"image\/png","source_url":"https:\/\/villarrealcf.es\/wp-content\/uploads\/2024\/07\/alberto.png","sizes":{"thumbnail":{"url":"https:\/\/villarrealcf.es\/wp-content\/uploads\/2024\/07\/alberto-1920x1080.png","width":1920,"height":1080},"medium":{"url":"https:\/\/villarrealcf.es\/wp-content\/uploads\/2024\/07\/alberto-1920x1080.png","width":1920,"height":1080},"medium_large":{"url":"https:\/\/villarrealcf.es\/wp-content\/uploads\/2024\/07\/alberto-768x432.png","width":768,"height":432},"large":{"url":"https:\/\/villarrealcf.es\/wp-content\/uploads\/2024\/07\/alberto-1920x1080.png","width":788,"height":443},"1536x1536":{"url":"https:\/\/villarrealcf.es\/wp-content\/uploads\/2024\/07\/alberto-1536x864.png","width":1536,"height":864},"2048x2048":{"url":"https:\/\/villarrealcf.es\/wp-content\/uploads\/2024\/07\/alberto-2048x1152.png","width":2048,"height":1152},"tp-image-grid":{"url":"https:\/\/villarrealcf.es\/wp-content\/uploads\/2024\/07\/alberto-700x700.png","width":700,"height":700},"size-bunyad-medium":{"url":"https:\/\/villarrealcf.es\/wp-content\/uploads\/2024\/07\/alberto-1920x1080.png","width":1920,"height":1080},"sportspress-crop-medium":{"url":"https:\/\/villarrealcf.es\/wp-content\/uploads\/2024\/07\/alberto-300x300.png","width":300,"height":300},"sportspress-fit-medium":{"url":"https:\/\/villarrealcf.es\/wp-content\/uploads\/2024\/07\/alberto-300x169.png","width":300,"height":169},"sportspress-fit-icon":{"url":"https:\/\/villarrealcf.es\/wp-content\/uploads\/2024\/07\/alberto-128x72.png","width":128,"height":72},"sportspress-fit-mini":{"url":"https:\/\/villarrealcf.es\/wp-content\/uploads\/2024\/07\/alberto-32x18.png","width":32,"height":18},"bunyad-small":{"url":"https:\/\/villarrealcf.es\/wp-content\/uploads\/2024\/07\/alberto-150x84.png","width":150,"height":84},"bunyad-medium":{"url":"https:\/\/villarrealcf.es\/wp-content\/uploads\/2024\/07\/alberto-450x253.png","width":450,"height":253},"bunyad-full":{"url":"https:\/\/villarrealcf.es\/wp-content\/uploads\/2024\/07\/alberto-1200x675.png","width":1200,"height":675},"bunyad-viewport":{"url":"https:\/\/villarrealcf.es\/wp-content\/uploads\/2024\/07\/alberto-2048x1152.png","width":2048,"height":1152},"bunyad-768":{"url":"https:\/\/villarrealcf.es\/wp-content\/uploads\/2024\/07\/alberto-768x432.png","width":768,"height":432},"full":{"url":"https:\/\/villarrealcf.es\/wp-content\/uploads\/2024\/07\/alberto.png","width":2362,"height":1329}}},"author_data":{"id":"33","name":"Nacho Tejada","first_name":"Nacho","last_name":"Tejada","description":"","avatar_url":"https:\/\/secure.gravatar.com\/avatar\/b1580534b2fcd93e031504756165758941290488df5c88966a26f84344931fd1?s=96&d=mm&r=g","acf":null},"taxonomies_data":{"category":[{"id":13493,"name":"Primer equip","slug":"primer-equip","acf":null}],"post_tag":[{"id":12120,"name":"Alberto Moreno","slug":"alberto-moreno-val","acf":null},{"id":15770,"name":"Despedida","slug":"despedida-2-val","acf":null},{"id":717,"name":"Football","slug":"football-d34","acf":null},{"id":9270,"name":"Futbol","slug":"futbol-val","acf":null},{"id":9278,"name":"primera division","slug":"primera-division-val","acf":null},{"id":716,"name":"Soccer","slug":"soccer-d105","acf":null},{"id":9205,"name":"Submarino","slug":"submarino-val","acf":null},{"id":9627,"name":"Submarino Amarillo","slug":"submarino-amarillo-val","acf":null},{"id":9203,"name":"Villarreal CF","slug":"villarreal-cf-val","acf":null}],"translation_priority":[{"id":735,"name":"Optional","slug":"optional-val","acf":null}]},"seo_full":{"native":{"title":"Alberto Moreno i el Villarreal CF separen els seus camins - Web Oficial del Villarreal CF","description":"El futbolista sevill\u00e0 \u00e9s un dels herois que va al\u00e7ar la UEFA Europa League 2020\/21","canonical":"https:\/\/villarrealcf.es\/val\/alberto-moreno-i-el-villarreal-cf-separen-els-seus-camins\/"}},"_links":{"self":[{"href":"https:\/\/villarrealcf.es\/val\/wp-json\/wp\/v2\/posts\/312647","targetHints":{"allow":["GET"]}}],"collection":[{"href":"https:\/\/villarrealcf.es\/val\/wp-json\/wp\/v2\/posts"}],"about":[{"href":"https:\/\/villarrealcf.es\/val\/wp-json\/wp\/v2\/types\/post"}],"author":[{"embeddable":true,"href":"https:\/\/villarrealcf.es\/val\/wp-json\/wp\/v2\/users\/33"}],"replies":[{"embeddable":true,"href":"https:\/\/villarrealcf.es\/val\/wp-json\/wp\/v2\/comments?post=312647"}],"version-history":[{"count":0,"href":"https:\/\/villarrealcf.es\/val\/wp-json\/wp\/v2\/posts\/312647\/revisions"}],"wp:featuredmedia":[{"embeddable":true,"href":"https:\/\/villarrealcf.es\/val\/wp-json\/wp\/v2\/media\/312645"}],"wp:attachment":[{"href":"https:\/\/villarrealcf.es\/val\/wp-json\/wp\/v2\/media?parent=312647"}],"wp:term":[{"taxonomy":"category","embeddable":true,"href":"https:\/\/villarrealcf.es\/val\/wp-json\/wp\/v2\/categories?post=312647"},{"taxonomy":"post_tag","embeddable":true,"href":"https:\/\/villarrealcf.es\/val\/wp-json\/wp\/v2\/tags?post=312647"}],"curies":[{"name":"wp","href":"https:\/\/api.w.org\/{rel}","templated":true}]}}