{"id":311412,"date":"2024-06-15T16:56:40","date_gmt":"2024-06-15T14:56:40","guid":{"rendered":"https:\/\/villarrealcf.es\/?p=311412"},"modified":"2024-06-15T16:57:56","modified_gmt":"2024-06-15T14:57:56","slug":"el-villarreal-subcampio-en-laliga-fc-futures-internacional","status":"publish","type":"post","link":"https:\/\/villarrealcf.es\/val\/el-villarreal-subcampio-en-laliga-fc-futures-internacional\/","title":{"rendered":"El Villarreal, subcampi\u00f3 en LaLiga FC Futures Internacional"},"content":{"protected":false,"blocks":[{"type":"heading","level":2,"text":"Els grocs es queden a les portes del t\u00edtol despr\u00e9s de caure en la final davant l\u2019Atl\u00e9tico"},{"type":"paragraph","text":"L\u2019Alev\u00ed A del Villarreal es va quedar a les portes del t\u00edtol en la VIII edici\u00f3 del Torneig Internacional LaLiga FC Futures celebrat a Orlando (els EUA) despr\u00e9s de caure en la final davant l\u2019Atl\u00e9tico de Madrid (4-3)."},{"type":"paragraph","text":"Els grocs, malgrat la derrota, han quallat un torneig excel\u00b7lent. L\u2019inici va ser una impecable fase de grups amb dues vict\u00f2ries (davant Real Madrid -3-0- i Hassania Agadir -9-0-), a la qual van seguir els triomfs en quarts de final davant la Real Sociedad (2-0) i semifinals de nou davant el Real Madrid (1-1 i 3-1 en penals)."},{"type":"paragraph","text":"En la final, pese al gran partit dels grocs, la reacci\u00f3 final dels matalassers va acabar per deixar sense premi al Submar\u00ed."}],"structured":{"summary":{"text":"Els grocs es queden a les portes del t\u00edtol despr\u00e9s de caure en la final davant l\u2019Atl\u00e9tico L\u2019Alev\u00ed A del Villarreal es va quedar a les portes del t\u00edtol en la VIII edici\u00f3 del Torneig Internacional LaLiga FC Futures celebrat a Orlando (els EUA) despr\u00e9s de caure en la final davant l\u2019Atl\u00e9tico de Madrid (4-3). Els grocs, malgrat la derrota, han quallat un torneig excel\u00b7lent. L\u2019inici va ser una impecable fase de grups amb dues vict\u00f2ries (davant Real Madrid -3-0- i Hassania Agadir -9-0-), a la qual van seguir els triomfs en quarts de final davant la Real Sociedad (2-0) i semifinals de nou davant el Real Madrid (1-1 i 3-1 en penals). En la final, pese al gran partit dels grocs, la reacci\u00f3 final dels matalassers va acabar per deixar sense premi al Submar\u00ed.","headings":[{"type":"heading","level":2,"text":"Els grocs es queden a les portes del t\u00edtol despr\u00e9s de caure en la final davant l\u2019Atl\u00e9tico"}],"buttons":[],"images":[],"counts":{"blocks":4,"headings":1,"texts":3,"buttons":0,"images":0}},"sections":[{"id":"section-1","title":"Els grocs es queden a les portes del t\u00edtol despr\u00e9s de caure en la final davant l\u2019Atl\u00e9tico","text":"Els grocs es queden a les portes del t\u00edtol despr\u00e9s de caure en la final davant l\u2019Atl\u00e9tico L\u2019Alev\u00ed A del Villarreal es va quedar a les portes del t\u00edtol en la VIII edici\u00f3 del Torneig Internacional LaLiga FC Futures celebrat a Orlando (els EUA) despr\u00e9s de caure en la final davant l\u2019Atl\u00e9tico de Madrid (4-3). Els grocs, malgrat la derrota, han quallat un torneig excel\u00b7lent. L\u2019inici va ser una impecable fase de grups amb dues vict\u00f2ries (davant Real Madrid -3-0- i Hassania Agadir -9-0-), a la qual van seguir els triomfs en quarts de final davant la Real Sociedad (2-0) i semifinals de nou davant el Real Madrid (1-1 i 3-1 en penals). En la final, pese al gran partit dels grocs, la reacci\u00f3 final dels matalassers va acabar per deixar sense premi al Submar\u00ed.","headings":[{"type":"heading","level":2,"text":"Els grocs es queden a les portes del t\u00edtol despr\u00e9s de caure en la final davant l\u2019Atl\u00e9tico"}],"texts":[{"type":"paragraph","text":"L\u2019Alev\u00ed A del Villarreal es va quedar a les portes del t\u00edtol en la VIII edici\u00f3 del Torneig Internacional LaLiga FC Futures celebrat a Orlando (els EUA) despr\u00e9s de caure en la final davant l\u2019Atl\u00e9tico de Madrid (4-3)."},{"type":"paragraph","text":"Els grocs, malgrat la derrota, han quallat un torneig excel\u00b7lent. L\u2019inici va ser una impecable fase de grups amb dues vict\u00f2ries (davant Real Madrid -3-0- i Hassania Agadir -9-0-), a la qual van seguir els triomfs en quarts de final davant la Real Sociedad (2-0) i semifinals de nou davant el Real Madrid (1-1 i 3-1 en penals)."},{"type":"paragraph","text":"En la final, pese al gran partit dels grocs, la reacci\u00f3 final dels matalassers va acabar per deixar sense premi al Submar\u00ed."}],"buttons":[],"images":[],"widgets":[],"blocks":[{"type":"heading","level":2,"text":"Els grocs es queden a les portes del t\u00edtol despr\u00e9s de caure en la final davant l\u2019Atl\u00e9tico"},{"type":"paragraph","text":"L\u2019Alev\u00ed A del Villarreal es va quedar a les portes del t\u00edtol en la VIII edici\u00f3 del Torneig Internacional LaLiga FC Futures celebrat a Orlando (els EUA) despr\u00e9s de caure en la final davant l\u2019Atl\u00e9tico de Madrid (4-3)."},{"type":"paragraph","text":"Els grocs, malgrat la derrota, han quallat un torneig excel\u00b7lent. L\u2019inici va ser una impecable fase de grups amb dues vict\u00f2ries (davant Real Madrid -3-0- i Hassania Agadir -9-0-), a la qual van seguir els triomfs en quarts de final davant la Real Sociedad (2-0) i semifinals de nou davant el Real Madrid (1-1 i 3-1 en penals)."},{"type":"paragraph","text":"En la final, pese al gran partit dels grocs, la reacci\u00f3 final dels matalassers va acabar per deixar sense premi al Submar\u00ed."}]}],"hero":{"id":"section-1","title":"Els grocs es queden a les portes del t\u00edtol despr\u00e9s de caure en la final davant l\u2019Atl\u00e9tico","text":"Els grocs es queden a les portes del t\u00edtol despr\u00e9s de caure en la final davant l\u2019Atl\u00e9tico L\u2019Alev\u00ed A del Villarreal es va quedar a les portes del t\u00edtol en la VIII edici\u00f3 del Torneig Internacional LaLiga FC Futures celebrat a Orlando (els EUA) despr\u00e9s de caure en la final davant l\u2019Atl\u00e9tico de Madrid (4-3). Els grocs, malgrat la derrota, han quallat un torneig excel\u00b7lent. L\u2019inici va ser una impecable fase de grups amb dues vict\u00f2ries (davant Real Madrid -3-0- i Hassania Agadir -9-0-), a la qual van seguir els triomfs en quarts de final davant la Real Sociedad (2-0) i semifinals de nou davant el Real Madrid (1-1 i 3-1 en penals). En la final, pese al gran partit dels grocs, la reacci\u00f3 final dels matalassers va acabar per deixar sense premi al Submar\u00ed.","headings":[{"type":"heading","level":2,"text":"Els grocs es queden a les portes del t\u00edtol despr\u00e9s de caure en la final davant l\u2019Atl\u00e9tico"}],"texts":[{"type":"paragraph","text":"L\u2019Alev\u00ed A del Villarreal es va quedar a les portes del t\u00edtol en la VIII edici\u00f3 del Torneig Internacional LaLiga FC Futures celebrat a Orlando (els EUA) despr\u00e9s de caure en la final davant l\u2019Atl\u00e9tico de Madrid (4-3)."},{"type":"paragraph","text":"Els grocs, malgrat la derrota, han quallat un torneig excel\u00b7lent. L\u2019inici va ser una impecable fase de grups amb dues vict\u00f2ries (davant Real Madrid -3-0- i Hassania Agadir -9-0-), a la qual van seguir els triomfs en quarts de final davant la Real Sociedad (2-0) i semifinals de nou davant el Real Madrid (1-1 i 3-1 en penals)."},{"type":"paragraph","text":"En la final, pese al gran partit dels grocs, la reacci\u00f3 final dels matalassers va acabar per deixar sense premi al Submar\u00ed."}],"buttons":[],"images":[],"widgets":[],"blocks":[{"type":"heading","level":2,"text":"Els grocs es queden a les portes del t\u00edtol despr\u00e9s de caure en la final davant l\u2019Atl\u00e9tico"},{"type":"paragraph","text":"L\u2019Alev\u00ed A del Villarreal es va quedar a les portes del t\u00edtol en la VIII edici\u00f3 del Torneig Internacional LaLiga FC Futures celebrat a Orlando (els EUA) despr\u00e9s de caure en la final davant l\u2019Atl\u00e9tico de Madrid (4-3)."},{"type":"paragraph","text":"Els grocs, malgrat la derrota, han quallat un torneig excel\u00b7lent. L\u2019inici va ser una impecable fase de grups amb dues vict\u00f2ries (davant Real Madrid -3-0- i Hassania Agadir -9-0-), a la qual van seguir els triomfs en quarts de final davant la Real Sociedad (2-0) i semifinals de nou davant el Real Madrid (1-1 i 3-1 en penals)."},{"type":"paragraph","text":"En la final, pese al gran partit dels grocs, la reacci\u00f3 final dels matalassers va acabar per deixar sense premi al Submar\u00ed."}]}},"sections":[{"id":"section-1","title":"Els grocs es queden a les portes del t\u00edtol despr\u00e9s de caure en la final davant l\u2019Atl\u00e9tico","text":"Els grocs es queden a les portes del t\u00edtol despr\u00e9s de caure en la final davant l\u2019Atl\u00e9tico L\u2019Alev\u00ed A del Villarreal es va quedar a les portes del t\u00edtol en la VIII edici\u00f3 del Torneig Internacional LaLiga FC Futures celebrat a Orlando (els EUA) despr\u00e9s de caure en la final davant l\u2019Atl\u00e9tico de Madrid (4-3). Els grocs, malgrat la derrota, han quallat un torneig excel\u00b7lent. L\u2019inici va ser una impecable fase de grups amb dues vict\u00f2ries (davant Real Madrid -3-0- i Hassania Agadir -9-0-), a la qual van seguir els triomfs en quarts de final davant la Real Sociedad (2-0) i semifinals de nou davant el Real Madrid (1-1 i 3-1 en penals). En la final, pese al gran partit dels grocs, la reacci\u00f3 final dels matalassers va acabar per deixar sense premi al Submar\u00ed.","url":"","background_image":"","images":[],"videos":[],"links":[]}]},"excerpt":{"rendered":"Els grocs es queden a les portes del t\u00edtol despr\u00e9s de caure en la final davant l&#8217;Atl\u00e9tico L&#8217;Alev\u00ed A del Villarreal es va quedar a les portes del t\u00edtol en la VIII edici\u00f3 del Torneig Internacional LaLiga FC Futures celebrat a Orlando (els EUA) despr\u00e9s de caure en la final davant l&#8217;Atl\u00e9tico de Madrid (4-3).","protected":false},"author":22,"featured_media":311410,"comment_status":"closed","ping_status":"closed","sticky":false,"template":"","format":"standard","meta":{"_acf_changed":false,"footnotes":""},"categories":[13803],"tags":[9366,10325,717,13555,9227,11532,9278,716,9205,13556,15727,13557],"acf":null,"lang":"val","translations":{"es":311407,"val":311412,"en":312293},"essential_grid":{"has_grid":false},"formatted_date":"June 15, 2024","modified_date":"June 15, 2024","permalink":"https:\/\/villarrealcf.es\/val\/el-villarreal-subcampio-en-laliga-fc-futures-internacional\/","reading_time":1,"featured_media_data":{"id":311410,"title":"666d9e8ee766a514738698 (1)","caption":"","alt_text":"","description":"","mime_type":"image\/jpeg","source_url":"https:\/\/villarrealcf.es\/wp-content\/uploads\/2024\/06\/666d9e8ee766a514738698-1.jpg","sizes":{"thumbnail":{"url":"https:\/\/villarrealcf.es\/wp-content\/uploads\/2024\/06\/666d9e8ee766a514738698-1-1920x1080.jpg","width":1920,"height":1080},"medium":{"url":"https:\/\/villarrealcf.es\/wp-content\/uploads\/2024\/06\/666d9e8ee766a514738698-1-1920x1080.jpg","width":1920,"height":1080},"medium_large":{"url":"https:\/\/villarrealcf.es\/wp-content\/uploads\/2024\/06\/666d9e8ee766a514738698-1-768x432.jpg","width":768,"height":432},"large":{"url":"https:\/\/villarrealcf.es\/wp-content\/uploads\/2024\/06\/666d9e8ee766a514738698-1-1920x1080.jpg","width":788,"height":443},"1536x1536":{"url":"https:\/\/villarrealcf.es\/wp-content\/uploads\/2024\/06\/666d9e8ee766a514738698-1-1536x864.jpg","width":1536,"height":864},"2048x2048":{"url":"https:\/\/villarrealcf.es\/wp-content\/uploads\/2024\/06\/666d9e8ee766a514738698-1.jpg","width":2000,"height":1125},"tp-image-grid":{"url":"https:\/\/villarrealcf.es\/wp-content\/uploads\/2024\/06\/666d9e8ee766a514738698-1-700x700.jpg","width":700,"height":700},"size-bunyad-medium":{"url":"https:\/\/villarrealcf.es\/wp-content\/uploads\/2024\/06\/666d9e8ee766a514738698-1-1920x1080.jpg","width":1920,"height":1080},"sportspress-crop-medium":{"url":"https:\/\/villarrealcf.es\/wp-content\/uploads\/2024\/06\/666d9e8ee766a514738698-1-300x300.jpg","width":300,"height":300},"sportspress-fit-medium":{"url":"https:\/\/villarrealcf.es\/wp-content\/uploads\/2024\/06\/666d9e8ee766a514738698-1-300x169.jpg","width":300,"height":169},"sportspress-fit-icon":{"url":"https:\/\/villarrealcf.es\/wp-content\/uploads\/2024\/06\/666d9e8ee766a514738698-1-128x72.jpg","width":128,"height":72},"sportspress-fit-mini":{"url":"https:\/\/villarrealcf.es\/wp-content\/uploads\/2024\/06\/666d9e8ee766a514738698-1-32x18.jpg","width":32,"height":18},"bunyad-small":{"url":"https:\/\/villarrealcf.es\/wp-content\/uploads\/2024\/06\/666d9e8ee766a514738698-1-150x84.jpg","width":150,"height":84},"bunyad-medium":{"url":"https:\/\/villarrealcf.es\/wp-content\/uploads\/2024\/06\/666d9e8ee766a514738698-1-450x253.jpg","width":450,"height":253},"bunyad-full":{"url":"https:\/\/villarrealcf.es\/wp-content\/uploads\/2024\/06\/666d9e8ee766a514738698-1-1200x675.jpg","width":1200,"height":675},"bunyad-viewport":{"url":"https:\/\/villarrealcf.es\/wp-content\/uploads\/2024\/06\/666d9e8ee766a514738698-1.jpg","width":2000,"height":1125},"bunyad-768":{"url":"https:\/\/villarrealcf.es\/wp-content\/uploads\/2024\/06\/666d9e8ee766a514738698-1-768x432.jpg","width":768,"height":432},"full":{"url":"https:\/\/villarrealcf.es\/wp-content\/uploads\/2024\/06\/666d9e8ee766a514738698-1.jpg","width":2000,"height":1125}}},"author_data":{"id":"22","name":"David Calder\u00f3n","first_name":"David","last_name":"Calder\u00f3n","description":"","avatar_url":"https:\/\/secure.gravatar.com\/avatar\/ca3914b05e6ff912415bb0b95a9fd87c2bbaf349c1fcd08d38cd4e6c56646e58?s=96&d=mm&r=g","acf":null},"taxonomies_data":{"category":[{"id":13803,"name":"Futbol base","slug":"futbol-base-val-2","acf":null}],"post_tag":[{"id":9366,"name":"Cantera","slug":"cantera-val","acf":null},{"id":10325,"name":"Cantera Grogueta","slug":"cantera-grogueta-val","acf":null},{"id":717,"name":"Football","slug":"football-d34","acf":null},{"id":13555,"name":"Futbol","slug":"futbol-val-2","acf":null},{"id":9227,"name":"F\u00fatbol Base","slug":"futbol-base-val","acf":null},{"id":11532,"name":"LaLiga Promises","slug":"laliga-promises-val","acf":null},{"id":9278,"name":"primera division","slug":"primera-division-val","acf":null},{"id":716,"name":"Soccer","slug":"soccer-d105","acf":null},{"id":9205,"name":"Submarino","slug":"submarino-val","acf":null},{"id":13556,"name":"Submarino Amarillo","slug":"submarino-amarillo-val-2","acf":null},{"id":15727,"name":"VIII Torneo Internacional LALIGA FC FUTURES","slug":"viii-torneo-internacional-laliga-fc-futures-val","acf":null},{"id":13557,"name":"Villarreal CF","slug":"villarreal-cf-val-2","acf":null}],"translation_priority":[{"id":735,"name":"Optional","slug":"optional-val","acf":null}]},"seo_full":{"native":{"title":"El Villarreal, subcampi\u00f3 en LaLiga FC Futures Internacional - Web Oficial del Villarreal CF","description":"Els grocs es queden a les portes del t\u00edtol despr\u00e9s de caure en la final davant l'Atl\u00e9tico L'Alev\u00ed A del&hellip;","canonical":"https:\/\/villarrealcf.es\/val\/el-villarreal-subcampio-en-laliga-fc-futures-internacional\/"}},"_links":{"self":[{"href":"https:\/\/villarrealcf.es\/val\/wp-json\/wp\/v2\/posts\/311412","targetHints":{"allow":["GET"]}}],"collection":[{"href":"https:\/\/villarrealcf.es\/val\/wp-json\/wp\/v2\/posts"}],"about":[{"href":"https:\/\/villarrealcf.es\/val\/wp-json\/wp\/v2\/types\/post"}],"author":[{"embeddable":true,"href":"https:\/\/villarrealcf.es\/val\/wp-json\/wp\/v2\/users\/22"}],"replies":[{"embeddable":true,"href":"https:\/\/villarrealcf.es\/val\/wp-json\/wp\/v2\/comments?post=311412"}],"version-history":[{"count":0,"href":"https:\/\/villarrealcf.es\/val\/wp-json\/wp\/v2\/posts\/311412\/revisions"}],"wp:featuredmedia":[{"embeddable":true,"href":"https:\/\/villarrealcf.es\/val\/wp-json\/wp\/v2\/media\/311410"}],"wp:attachment":[{"href":"https:\/\/villarrealcf.es\/val\/wp-json\/wp\/v2\/media?parent=311412"}],"wp:term":[{"taxonomy":"category","embeddable":true,"href":"https:\/\/villarrealcf.es\/val\/wp-json\/wp\/v2\/categories?post=311412"},{"taxonomy":"post_tag","embeddable":true,"href":"https:\/\/villarrealcf.es\/val\/wp-json\/wp\/v2\/tags?post=311412"}],"curies":[{"name":"wp","href":"https:\/\/api.w.org\/{rel}","templated":true}]}}