{"id":310715,"date":"2024-06-04T16:57:41","date_gmt":"2024-06-04T14:57:41","guid":{"rendered":"https:\/\/villarrealcf.es\/los-mejores-momentos-de-pepe-reina-en-el-villarreal\/"},"modified":"2024-06-04T18:12:47","modified_gmt":"2024-06-04T16:12:47","slug":"els-millors-moments-de-pepe-reina-al-villarreal","status":"publish","type":"post","link":"https:\/\/villarrealcf.es\/val\/els-millors-moments-de-pepe-reina-al-villarreal\/","title":{"rendered":"Els millors moments de Pepe Reina al Villarreal"},"content":{"protected":false,"blocks":[{"type":"heading","level":2,"text":"El llegendari porter s\u2019acomiada del club quasi 200 partits despr\u00e9s"},{"type":"paragraph","text":"El Villarreal CF i Pepe Reina separen els seus camins despr\u00e9s de 191 partits disputats en les quasi cinc temporades que el llegendari porter va jugar durant les seues dos etapes en el club. La primera d\u2019elles, compresa entre les temporades 2002\/03 i 2004\/05, va estar repleta de grans \u00e8xits com la consecuci\u00f3 de dos Copes Intertoto i la hist\u00f2rica classificaci\u00f3 a la UEFA Champions League. La segona i m\u00e9s recent, constitu\u00efda per les temporades 2022\/23 i 2023\/24, marcada pel retorn a la seua casa, Vila-real, on sempre ser\u00e0 recordat com una llegenda."},{"type":"paragraph","text":"A continuaci\u00f3, els millors moments de Pepe Reina al Villarreal:"},{"type":"list","style":"ul","items":["Fitxatge pel Villarreal"]},{"type":"paragraph","text":"Pepe Reina va fitxar pel Villarreal als seus 20 anys procedent del FC Barcelona. Malgrat la seua poca experi\u00e8ncia en la m\u00e0xima categoria del futbol espanyol, el porter cordov\u00e9s r\u00e0pid es convertiria en una pe\u00e7a fonamental del Submar\u00ed Groc, que en aquells dies plantava els seus primers primers passos en Primera Divisi\u00f3 i en el panorama europeu."},{"type":"image","url":"https:\/\/villarrealcf.es\/wp-content\/uploads\/2024\/06\/25-REINA-810x1080.jpg","alt":"","width":810,"height":1080,"srcset":"https:\/\/villarrealcf.es\/wp-content\/uploads\/2024\/06\/25-REINA-810x1080.jpg 810w, https:\/\/villarrealcf.es\/wp-content\/uploads\/2024\/06\/25-REINA-810x1080.jpg 1920w, https:\/\/villarrealcf.es\/wp-content\/uploads\/2024\/06\/25-REINA-1152x1536.jpg 1152w, https:\/\/villarrealcf.es\/wp-content\/uploads\/2024\/06\/25-REINA-1536x2048.jpg 1536w, https:\/\/villarrealcf.es\/wp-content\/uploads\/2024\/06\/25-REINA-225x300.jpg 225w, https:\/\/villarrealcf.es\/wp-content\/uploads\/2024\/06\/25-REINA-96x128.jpg 96w, https:\/\/villarrealcf.es\/wp-content\/uploads\/2024\/06\/25-REINA-24x32.jpg 24w, https:\/\/villarrealcf.es\/wp-content\/uploads\/2024\/06\/25-REINA-150x200.jpg 150w, https:\/\/villarrealcf.es\/wp-content\/uploads\/2024\/06\/25-REINA-810x1080.jpg 1920w, https:\/\/villarrealcf.es\/wp-content\/uploads\/2024\/06\/25-REINA-1200x1600.jpg 1200w, https:\/\/villarrealcf.es\/wp-content\/uploads\/2024\/06\/25-REINA.jpg 1772w, https:\/\/villarrealcf.es\/wp-content\/uploads\/2024\/06\/25-REINA-810x1080.jpg 1920w, https:\/\/villarrealcf.es\/wp-content\/uploads\/2024\/06\/25-REINA-810x1080.jpg 1920w","sizes":"auto, (max-width: 810px) 100vw, 810px"},{"type":"list","style":"ul","items":["Les dos Copes Intertoto"]},{"type":"paragraph","text":"Reina va ser part\u00edcip dels primers \u00e8xits europeus del club: la consecuci\u00f3 de dos Copes Intertoto. La primera d\u2019elles en la temporada 2002\/03, despr\u00e9s de superar a l\u2019Heerenveen en la final i la segona, una campanya m\u00e9s tard, despr\u00e9s de derrotar a l\u2019Atl\u00e9tico de Madrid en El Calder\u00f3n."},{"type":"image","url":"https:\/\/villarrealcf.es\/wp-content\/uploads\/2024\/06\/image.png","alt":"","width":885,"height":400,"srcset":"https:\/\/villarrealcf.es\/wp-content\/uploads\/2024\/06\/image.png 885w, https:\/\/villarrealcf.es\/wp-content\/uploads\/2024\/06\/image.png 1920w, https:\/\/villarrealcf.es\/wp-content\/uploads\/2024\/06\/image.png 1920w, https:\/\/villarrealcf.es\/wp-content\/uploads\/2024\/06\/image.png 1920w, https:\/\/villarrealcf.es\/wp-content\/uploads\/2024\/06\/image-32x14.png 32w, https:\/\/villarrealcf.es\/wp-content\/uploads\/2024\/06\/image-150x68.png 150w, https:\/\/villarrealcf.es\/wp-content\/uploads\/2024\/06\/image.png 1920w","sizes":"auto, (max-width: 885px) 100vw, 885px"},{"type":"list","style":"ul","items":["Hist\u00f2rica classificaci\u00f3 a la UEFA Champions League"]},{"type":"paragraph","text":"A m\u00e9s de guanyar dos Copes Intertoto amb el Villarreal CF, Pepe Reina va ser un pilar fonamental de l\u2019equip que, en la temporada 2004\/05, es classificava per primera vegada en la hist\u00f2ria del club a la UEFA Champions League. L\u2019equip entrenat per Manuel Pellegrini va finalitzar el campionat dom\u00e8stic en tercera posici\u00f3. A t\u00edtol personal, Pepe Reina va detindre fins a set penals dels nou que li van llan\u00e7ar aquella temporada."},{"type":"image","url":"https:\/\/villarrealcf.es\/wp-content\/uploads\/2024\/06\/PEPE-1-1618x1080.jpg","alt":"","width":1618,"height":1080,"srcset":"https:\/\/villarrealcf.es\/wp-content\/uploads\/2024\/06\/PEPE-1-1618x1080.jpg 1618w, https:\/\/villarrealcf.es\/wp-content\/uploads\/2024\/06\/PEPE-1-1618x1080.jpg 1920w, https:\/\/villarrealcf.es\/wp-content\/uploads\/2024\/06\/PEPE-1-1536x1025.jpg 1536w, https:\/\/villarrealcf.es\/wp-content\/uploads\/2024\/06\/PEPE-1-2048x1367.jpg 2048w, https:\/\/villarrealcf.es\/wp-content\/uploads\/2024\/06\/PEPE-1-1618x1080.jpg 1920w, https:\/\/villarrealcf.es\/wp-content\/uploads\/2024\/06\/PEPE-1-1618x1080.jpg 1920w, https:\/\/villarrealcf.es\/wp-content\/uploads\/2024\/06\/PEPE-1-32x21.jpg 32w, https:\/\/villarrealcf.es\/wp-content\/uploads\/2024\/06\/PEPE-1-150x100.jpg 150w, https:\/\/villarrealcf.es\/wp-content\/uploads\/2024\/06\/PEPE-1-1618x1080.jpg 1920w, https:\/\/villarrealcf.es\/wp-content\/uploads\/2024\/06\/PEPE-1-1200x801.jpg 1200w","sizes":"auto, (max-width: 1618px) 100vw, 1618px"},{"type":"list","style":"ul","items":["Tornada a casa 17 anys despr\u00e9s"]},{"type":"paragraph","text":"Despr\u00e9s d\u2019una extensa i exitosa carrera per alguns dels clubs m\u00e9s prestigiosos del continent com Liverpool, Bayern o Napoli, a inicis de la temporada 2022\/23, el Villarreal oficialitzava la tornada de Pepe Reina 17 anys despr\u00e9s. Eixa mateixa campanya, Reina va haver d\u2019adquirir un paper protagonista despr\u00e9s de la marxa de Gero Rulli. L\u2019internacional espanyol va complir amb escreix despr\u00e9s d\u2019enfundar-se l\u2019el\u00e0stica groga en 32 ocasions."},{"type":"image","url":"https:\/\/villarrealcf.es\/wp-content\/uploads\/2024\/06\/20220711-PresentacionPepeReina-018-1620x1080.jpg","alt":"","width":1620,"height":1080,"srcset":"https:\/\/villarrealcf.es\/wp-content\/uploads\/2024\/06\/20220711-PresentacionPepeReina-018-1620x1080.jpg 1620w, https:\/\/villarrealcf.es\/wp-content\/uploads\/2024\/06\/20220711-PresentacionPepeReina-018-1620x1080.jpg 1920w, https:\/\/villarrealcf.es\/wp-content\/uploads\/2024\/06\/20220711-PresentacionPepeReina-018-1536x1024.jpg 1536w, https:\/\/villarrealcf.es\/wp-content\/uploads\/2024\/06\/20220711-PresentacionPepeReina-018-2048x1366.jpg 2048w, https:\/\/villarrealcf.es\/wp-content\/uploads\/2024\/06\/20220711-PresentacionPepeReina-018-1620x1080.jpg 1920w, https:\/\/villarrealcf.es\/wp-content\/uploads\/2024\/06\/20220711-PresentacionPepeReina-018-1620x1080.jpg 1920w, https:\/\/villarrealcf.es\/wp-content\/uploads\/2024\/06\/20220711-PresentacionPepeReina-018-32x21.jpg 32w, https:\/\/villarrealcf.es\/wp-content\/uploads\/2024\/06\/20220711-PresentacionPepeReina-018-150x100.jpg 150w, https:\/\/villarrealcf.es\/wp-content\/uploads\/2024\/06\/20220711-PresentacionPepeReina-018-1620x1080.jpg 1920w, https:\/\/villarrealcf.es\/wp-content\/uploads\/2024\/06\/20220711-PresentacionPepeReina-018-1200x800.jpg 1200w, https:\/\/villarrealcf.es\/wp-content\/uploads\/2024\/06\/20220711-PresentacionPepeReina-018.jpg 2362w","sizes":"auto, (max-width: 1620px) 100vw, 1620px"},{"type":"list","style":"ul","items":["Els 1000 partits en la seua carrera"]},{"type":"paragraph","text":"El porter va sumar el seu partit n\u00famero 1000 com a professional al Villarreal-C\u00e1diz del curs 2022\/23. El club va mostrar el seu carinyo al porter en els proleg\u00f2mens del partit desplegant una espectacular lona en la prefer\u00e8ncia de l\u2019estadi en la qual s\u2019apreciava, al costat d\u2019una foto seua, la xifra de partits disputats en la seua exitosa carrera."},{"type":"image","url":"https:\/\/villarrealcf.es\/wp-content\/uploads\/2024\/06\/VillarrealCF-CadizCF-048-1620x1080.jpg","alt":"","width":1620,"height":1080,"srcset":"https:\/\/villarrealcf.es\/wp-content\/uploads\/2024\/06\/VillarrealCF-CadizCF-048-1620x1080.jpg 1620w, https:\/\/villarrealcf.es\/wp-content\/uploads\/2024\/06\/VillarrealCF-CadizCF-048-1620x1080.jpg 1920w, https:\/\/villarrealcf.es\/wp-content\/uploads\/2024\/06\/VillarrealCF-CadizCF-048-1536x1024.jpg 1536w, https:\/\/villarrealcf.es\/wp-content\/uploads\/2024\/06\/VillarrealCF-CadizCF-048-2048x1366.jpg 2048w, https:\/\/villarrealcf.es\/wp-content\/uploads\/2024\/06\/VillarrealCF-CadizCF-048-1620x1080.jpg 1920w, https:\/\/villarrealcf.es\/wp-content\/uploads\/2024\/06\/VillarrealCF-CadizCF-048-1620x1080.jpg 1920w, https:\/\/villarrealcf.es\/wp-content\/uploads\/2024\/06\/VillarrealCF-CadizCF-048-32x21.jpg 32w, https:\/\/villarrealcf.es\/wp-content\/uploads\/2024\/06\/VillarrealCF-CadizCF-048-150x100.jpg 150w, https:\/\/villarrealcf.es\/wp-content\/uploads\/2024\/06\/VillarrealCF-CadizCF-048-1620x1080.jpg 1920w, https:\/\/villarrealcf.es\/wp-content\/uploads\/2024\/06\/VillarrealCF-CadizCF-048-1200x800.jpg 1200w, https:\/\/villarrealcf.es\/wp-content\/uploads\/2024\/06\/VillarrealCF-CadizCF-048.jpg 2362w","sizes":"auto, (max-width: 1620px) 100vw, 1620px"},{"type":"list","style":"ul","items":["Heroica actuaci\u00f3 davant l\u2019Stade de Rennes"]},{"type":"paragraph","text":"Un dels moments m\u00e9s recordats de Reina durant la seua segona etapa en el club va ser, sens dubte, el penal que va detindre davant l\u2019Stade de Rennes en la segona jornada de la fase de grups de la UEFA Europa League. Esta acci\u00f3, decisiva per a sumar els tres punts, va coincidir amb el partit en el qual batia el r\u00e8cord de m\u00e9s partits d\u2019un jugador espanyol a Europa."},{"type":"image","url":"https:\/\/villarrealcf.es\/wp-content\/uploads\/2024\/06\/VillarrealCF-StadeRennesFC-180-1620x1080.jpg","alt":"","width":1620,"height":1080,"srcset":"https:\/\/villarrealcf.es\/wp-content\/uploads\/2024\/06\/VillarrealCF-StadeRennesFC-180-1620x1080.jpg 1620w, https:\/\/villarrealcf.es\/wp-content\/uploads\/2024\/06\/VillarrealCF-StadeRennesFC-180-1620x1080.jpg 1920w, https:\/\/villarrealcf.es\/wp-content\/uploads\/2024\/06\/VillarrealCF-StadeRennesFC-180-1536x1024.jpg 1536w, https:\/\/villarrealcf.es\/wp-content\/uploads\/2024\/06\/VillarrealCF-StadeRennesFC-180-2048x1365.jpg 2048w, https:\/\/villarrealcf.es\/wp-content\/uploads\/2024\/06\/VillarrealCF-StadeRennesFC-180-1620x1080.jpg 1920w, https:\/\/villarrealcf.es\/wp-content\/uploads\/2024\/06\/VillarrealCF-StadeRennesFC-180-1620x1080.jpg 1920w, https:\/\/villarrealcf.es\/wp-content\/uploads\/2024\/06\/VillarrealCF-StadeRennesFC-180-32x21.jpg 32w, https:\/\/villarrealcf.es\/wp-content\/uploads\/2024\/06\/VillarrealCF-StadeRennesFC-180-150x100.jpg 150w, https:\/\/villarrealcf.es\/wp-content\/uploads\/2024\/06\/VillarrealCF-StadeRennesFC-180-1620x1080.jpg 1920w, https:\/\/villarrealcf.es\/wp-content\/uploads\/2024\/06\/VillarrealCF-StadeRennesFC-180-1200x800.jpg 1200w","sizes":"auto, (max-width: 1620px) 100vw, 1620px"}],"structured":{"summary":{"text":"El llegendari porter s\u2019acomiada del club quasi 200 partits despr\u00e9s El Villarreal CF i Pepe Reina separen els seus camins despr\u00e9s de 191 partits disputats en les quasi cinc temporades que el llegendari porter va jugar durant les seues dos etapes en el club. La primera d\u2019elles, compresa entre les temporades 2002\/03 i 2004\/05, va estar repleta de grans \u00e8xits com la consecuci\u00f3 de dos Copes Intertoto i la hist\u00f2rica classificaci\u00f3 a la UEFA Champions League. La segona i m\u00e9s recent, constitu\u00efda per les temporades 2022\/23 i 2023\/24, marcada pel retorn a la seua casa, Vila-real, on sempre ser\u00e0 recordat com una llegenda. A continuaci\u00f3, els millors moments de Pepe Reina al Villarreal: Fitxatge pel Villarreal Pepe Reina va fitxar pel Villarreal als seus 20 anys procedent del FC Barcelona. Malgrat la seua poca experi\u00e8ncia en la m\u00e0xima categoria del futbol espanyol, el porter cordov\u00e9s r\u00e0pid es convertiria en una pe\u00e7a fonamental del Submar\u00ed Groc, que en aquells dies plantava els seus primers primers passos en Primera Divisi\u00f3 i en el panorama europeu. Les dos Copes Intertoto Reina va ser part\u00edcip dels primers \u00e8xits europeus del club: la consecuci\u00f3 de dos Copes Intertoto. La primera d\u2019elles en la temporada 2002\/03, despr\u00e9s de superar a l\u2019Heerenveen en la final i la segona, una campanya m\u00e9s tard, despr\u00e9s de derrotar a l\u2019Atl\u00e9tico de Madrid en El Calder\u00f3n. Hist\u00f2rica classificaci\u00f3 a la UEFA Champions League A m\u00e9s de guanyar dos Copes Intertoto amb el Villarreal CF, Pepe Reina va ser un pilar fonamental de l\u2019equip que, en la temporada 2004\/05, es classificava per primera vegada en la hist\u00f2ria del club a la UEFA Champions League. L\u2019equip entrenat per Manuel Pellegrini va finalitzar el campionat dom\u00e8stic en tercera posici\u00f3. A t\u00edtol personal, Pepe Reina va detindre fins a set penals dels nou que li van llan\u00e7ar aquella temporada. Tornada a casa 17 anys despr\u00e9s Despr\u00e9s d\u2019una extensa i exitosa carrera per alguns dels clubs m\u00e9s prestigiosos del continent com Liverpool, Bayern o Napoli, a inicis de la temporada 2022\/23, el Villarreal oficialitzava la tornada de Pepe Reina 17 anys despr\u00e9s. Eixa mateixa campanya, Reina va haver d\u2019adquirir un paper protagonista despr\u00e9s de la marxa de Gero Rulli. L\u2019internacional espanyol va complir amb escreix despr\u00e9s d\u2019enfundar-se l\u2019el\u00e0stica groga en 32 ocasions. Els 1000 partits en la seua carrera El porter va sumar el seu partit n\u00famero 1000 com a professional al Villarreal-C\u00e1diz del curs 2022\/23. El club va mostrar el seu carinyo al porter en els proleg\u00f2mens del partit desplegant una espectacular lona en la prefer\u00e8ncia de l\u2019estadi en la qual s\u2019apreciava, al costat d\u2019una foto seua, la xifra de partits disputats en la seua exitosa carrera. Heroica actuaci\u00f3 davant l\u2019Stade de Rennes Un dels moments m\u00e9s recordats de Reina durant la seua segona etapa en el club va ser, sens dubte, el penal que va detindre davant l\u2019Stade de Rennes en la segona jornada de la fase de grups de la UEFA Europa League. Esta acci\u00f3, decisiva per a sumar els tres punts, va coincidir amb el partit en el qual batia el r\u00e8cord de m\u00e9s partits d\u2019un jugador espanyol a Europa.","headings":[{"type":"heading","level":2,"text":"El llegendari porter s\u2019acomiada del club quasi 200 partits despr\u00e9s"}],"buttons":[],"images":[{"type":"image","url":"https:\/\/villarrealcf.es\/wp-content\/uploads\/2024\/06\/25-REINA-810x1080.jpg","alt":"","width":810,"height":1080,"srcset":"https:\/\/villarrealcf.es\/wp-content\/uploads\/2024\/06\/25-REINA-810x1080.jpg 810w, https:\/\/villarrealcf.es\/wp-content\/uploads\/2024\/06\/25-REINA-810x1080.jpg 1920w, https:\/\/villarrealcf.es\/wp-content\/uploads\/2024\/06\/25-REINA-1152x1536.jpg 1152w, https:\/\/villarrealcf.es\/wp-content\/uploads\/2024\/06\/25-REINA-1536x2048.jpg 1536w, https:\/\/villarrealcf.es\/wp-content\/uploads\/2024\/06\/25-REINA-225x300.jpg 225w, https:\/\/villarrealcf.es\/wp-content\/uploads\/2024\/06\/25-REINA-96x128.jpg 96w, https:\/\/villarrealcf.es\/wp-content\/uploads\/2024\/06\/25-REINA-24x32.jpg 24w, https:\/\/villarrealcf.es\/wp-content\/uploads\/2024\/06\/25-REINA-150x200.jpg 150w, https:\/\/villarrealcf.es\/wp-content\/uploads\/2024\/06\/25-REINA-810x1080.jpg 1920w, https:\/\/villarrealcf.es\/wp-content\/uploads\/2024\/06\/25-REINA-1200x1600.jpg 1200w, https:\/\/villarrealcf.es\/wp-content\/uploads\/2024\/06\/25-REINA.jpg 1772w, https:\/\/villarrealcf.es\/wp-content\/uploads\/2024\/06\/25-REINA-810x1080.jpg 1920w, https:\/\/villarrealcf.es\/wp-content\/uploads\/2024\/06\/25-REINA-810x1080.jpg 1920w","sizes":"auto, (max-width: 810px) 100vw, 810px"},{"type":"image","url":"https:\/\/villarrealcf.es\/wp-content\/uploads\/2024\/06\/image.png","alt":"","width":885,"height":400,"srcset":"https:\/\/villarrealcf.es\/wp-content\/uploads\/2024\/06\/image.png 885w, https:\/\/villarrealcf.es\/wp-content\/uploads\/2024\/06\/image.png 1920w, https:\/\/villarrealcf.es\/wp-content\/uploads\/2024\/06\/image.png 1920w, https:\/\/villarrealcf.es\/wp-content\/uploads\/2024\/06\/image.png 1920w, https:\/\/villarrealcf.es\/wp-content\/uploads\/2024\/06\/image-32x14.png 32w, https:\/\/villarrealcf.es\/wp-content\/uploads\/2024\/06\/image-150x68.png 150w, https:\/\/villarrealcf.es\/wp-content\/uploads\/2024\/06\/image.png 1920w","sizes":"auto, (max-width: 885px) 100vw, 885px"},{"type":"image","url":"https:\/\/villarrealcf.es\/wp-content\/uploads\/2024\/06\/PEPE-1-1618x1080.jpg","alt":"","width":1618,"height":1080,"srcset":"https:\/\/villarrealcf.es\/wp-content\/uploads\/2024\/06\/PEPE-1-1618x1080.jpg 1618w, https:\/\/villarrealcf.es\/wp-content\/uploads\/2024\/06\/PEPE-1-1618x1080.jpg 1920w, https:\/\/villarrealcf.es\/wp-content\/uploads\/2024\/06\/PEPE-1-1536x1025.jpg 1536w, https:\/\/villarrealcf.es\/wp-content\/uploads\/2024\/06\/PEPE-1-2048x1367.jpg 2048w, https:\/\/villarrealcf.es\/wp-content\/uploads\/2024\/06\/PEPE-1-1618x1080.jpg 1920w, https:\/\/villarrealcf.es\/wp-content\/uploads\/2024\/06\/PEPE-1-1618x1080.jpg 1920w, https:\/\/villarrealcf.es\/wp-content\/uploads\/2024\/06\/PEPE-1-32x21.jpg 32w, https:\/\/villarrealcf.es\/wp-content\/uploads\/2024\/06\/PEPE-1-150x100.jpg 150w, https:\/\/villarrealcf.es\/wp-content\/uploads\/2024\/06\/PEPE-1-1618x1080.jpg 1920w, https:\/\/villarrealcf.es\/wp-content\/uploads\/2024\/06\/PEPE-1-1200x801.jpg 1200w","sizes":"auto, (max-width: 1618px) 100vw, 1618px"},{"type":"image","url":"https:\/\/villarrealcf.es\/wp-content\/uploads\/2024\/06\/20220711-PresentacionPepeReina-018-1620x1080.jpg","alt":"","width":1620,"height":1080,"srcset":"https:\/\/villarrealcf.es\/wp-content\/uploads\/2024\/06\/20220711-PresentacionPepeReina-018-1620x1080.jpg 1620w, https:\/\/villarrealcf.es\/wp-content\/uploads\/2024\/06\/20220711-PresentacionPepeReina-018-1620x1080.jpg 1920w, https:\/\/villarrealcf.es\/wp-content\/uploads\/2024\/06\/20220711-PresentacionPepeReina-018-1536x1024.jpg 1536w, https:\/\/villarrealcf.es\/wp-content\/uploads\/2024\/06\/20220711-PresentacionPepeReina-018-2048x1366.jpg 2048w, https:\/\/villarrealcf.es\/wp-content\/uploads\/2024\/06\/20220711-PresentacionPepeReina-018-1620x1080.jpg 1920w, https:\/\/villarrealcf.es\/wp-content\/uploads\/2024\/06\/20220711-PresentacionPepeReina-018-1620x1080.jpg 1920w, https:\/\/villarrealcf.es\/wp-content\/uploads\/2024\/06\/20220711-PresentacionPepeReina-018-32x21.jpg 32w, https:\/\/villarrealcf.es\/wp-content\/uploads\/2024\/06\/20220711-PresentacionPepeReina-018-150x100.jpg 150w, https:\/\/villarrealcf.es\/wp-content\/uploads\/2024\/06\/20220711-PresentacionPepeReina-018-1620x1080.jpg 1920w, https:\/\/villarrealcf.es\/wp-content\/uploads\/2024\/06\/20220711-PresentacionPepeReina-018-1200x800.jpg 1200w, https:\/\/villarrealcf.es\/wp-content\/uploads\/2024\/06\/20220711-PresentacionPepeReina-018.jpg 2362w","sizes":"auto, (max-width: 1620px) 100vw, 1620px"},{"type":"image","url":"https:\/\/villarrealcf.es\/wp-content\/uploads\/2024\/06\/VillarrealCF-CadizCF-048-1620x1080.jpg","alt":"","width":1620,"height":1080,"srcset":"https:\/\/villarrealcf.es\/wp-content\/uploads\/2024\/06\/VillarrealCF-CadizCF-048-1620x1080.jpg 1620w, https:\/\/villarrealcf.es\/wp-content\/uploads\/2024\/06\/VillarrealCF-CadizCF-048-1620x1080.jpg 1920w, https:\/\/villarrealcf.es\/wp-content\/uploads\/2024\/06\/VillarrealCF-CadizCF-048-1536x1024.jpg 1536w, https:\/\/villarrealcf.es\/wp-content\/uploads\/2024\/06\/VillarrealCF-CadizCF-048-2048x1366.jpg 2048w, https:\/\/villarrealcf.es\/wp-content\/uploads\/2024\/06\/VillarrealCF-CadizCF-048-1620x1080.jpg 1920w, https:\/\/villarrealcf.es\/wp-content\/uploads\/2024\/06\/VillarrealCF-CadizCF-048-1620x1080.jpg 1920w, https:\/\/villarrealcf.es\/wp-content\/uploads\/2024\/06\/VillarrealCF-CadizCF-048-32x21.jpg 32w, https:\/\/villarrealcf.es\/wp-content\/uploads\/2024\/06\/VillarrealCF-CadizCF-048-150x100.jpg 150w, https:\/\/villarrealcf.es\/wp-content\/uploads\/2024\/06\/VillarrealCF-CadizCF-048-1620x1080.jpg 1920w, https:\/\/villarrealcf.es\/wp-content\/uploads\/2024\/06\/VillarrealCF-CadizCF-048-1200x800.jpg 1200w, https:\/\/villarrealcf.es\/wp-content\/uploads\/2024\/06\/VillarrealCF-CadizCF-048.jpg 2362w","sizes":"auto, (max-width: 1620px) 100vw, 1620px"},{"type":"image","url":"https:\/\/villarrealcf.es\/wp-content\/uploads\/2024\/06\/VillarrealCF-StadeRennesFC-180-1620x1080.jpg","alt":"","width":1620,"height":1080,"srcset":"https:\/\/villarrealcf.es\/wp-content\/uploads\/2024\/06\/VillarrealCF-StadeRennesFC-180-1620x1080.jpg 1620w, https:\/\/villarrealcf.es\/wp-content\/uploads\/2024\/06\/VillarrealCF-StadeRennesFC-180-1620x1080.jpg 1920w, https:\/\/villarrealcf.es\/wp-content\/uploads\/2024\/06\/VillarrealCF-StadeRennesFC-180-1536x1024.jpg 1536w, https:\/\/villarrealcf.es\/wp-content\/uploads\/2024\/06\/VillarrealCF-StadeRennesFC-180-2048x1365.jpg 2048w, https:\/\/villarrealcf.es\/wp-content\/uploads\/2024\/06\/VillarrealCF-StadeRennesFC-180-1620x1080.jpg 1920w, https:\/\/villarrealcf.es\/wp-content\/uploads\/2024\/06\/VillarrealCF-StadeRennesFC-180-1620x1080.jpg 1920w, https:\/\/villarrealcf.es\/wp-content\/uploads\/2024\/06\/VillarrealCF-StadeRennesFC-180-32x21.jpg 32w, https:\/\/villarrealcf.es\/wp-content\/uploads\/2024\/06\/VillarrealCF-StadeRennesFC-180-150x100.jpg 150w, https:\/\/villarrealcf.es\/wp-content\/uploads\/2024\/06\/VillarrealCF-StadeRennesFC-180-1620x1080.jpg 1920w, https:\/\/villarrealcf.es\/wp-content\/uploads\/2024\/06\/VillarrealCF-StadeRennesFC-180-1200x800.jpg 1200w","sizes":"auto, (max-width: 1620px) 100vw, 1620px"}],"counts":{"blocks":21,"headings":1,"texts":8,"buttons":0,"images":6}},"sections":[{"id":"section-1","title":"El llegendari porter s\u2019acomiada del club quasi 200 partits despr\u00e9s","text":"El llegendari porter s\u2019acomiada del club quasi 200 partits despr\u00e9s El Villarreal CF i Pepe Reina separen els seus camins despr\u00e9s de 191 partits disputats en les quasi cinc temporades que el llegendari porter va jugar durant les seues dos etapes en el club. La primera d\u2019elles, compresa entre les temporades 2002\/03 i 2004\/05, va estar repleta de grans \u00e8xits com la consecuci\u00f3 de dos Copes Intertoto i la hist\u00f2rica classificaci\u00f3 a la UEFA Champions League. La segona i m\u00e9s recent, constitu\u00efda per les temporades 2022\/23 i 2023\/24, marcada pel retorn a la seua casa, Vila-real, on sempre ser\u00e0 recordat com una llegenda. A continuaci\u00f3, els millors moments de Pepe Reina al Villarreal: Pepe Reina va fitxar pel Villarreal als seus 20 anys procedent del FC Barcelona. Malgrat la seua poca experi\u00e8ncia en la m\u00e0xima categoria del futbol espanyol, el porter cordov\u00e9s r\u00e0pid es convertiria en una pe\u00e7a fonamental del Submar\u00ed Groc, que en aquells dies plantava els seus primers primers passos en Primera Divisi\u00f3 i en el panorama europeu. Reina va ser part\u00edcip dels primers \u00e8xits europeus del club: la consecuci\u00f3 de dos Copes Intertoto. La primera d\u2019elles en la temporada 2002\/03, despr\u00e9s de superar a l\u2019Heerenveen en la final i la segona, una campanya m\u00e9s tard, despr\u00e9s de derrotar a l\u2019Atl\u00e9tico de Madrid en El Calder\u00f3n. A m\u00e9s de guanyar dos Copes Intertoto amb el Villarreal CF, Pepe Reina va ser un pilar fonamental de l\u2019equip que, en la temporada 2004\/05, es classificava per primera vegada en la hist\u00f2ria del club a la UEFA Champions League. L\u2019equip entrenat per Manuel Pellegrini va finalitzar el campionat dom\u00e8stic en tercera posici\u00f3. A t\u00edtol personal, Pepe Reina va detindre fins a set penals dels nou que li van llan\u00e7ar aquella temporada. Despr\u00e9s d\u2019una extensa i exitosa carrera per alguns dels clubs m\u00e9s prestigiosos del continent com Liverpool, Bayern o Napoli, a inicis de la temporada 2022\/23, el Villarreal oficialitzava la tornada de Pepe Reina 17 anys despr\u00e9s. Eixa mateixa campanya, Reina va haver d\u2019adquirir un paper protagonista despr\u00e9s de la marxa de Gero Rulli. L\u2019internacional espanyol va complir amb escreix despr\u00e9s d\u2019enfundar-se l\u2019el\u00e0stica groga en 32 ocasions. El porter va sumar el seu partit n\u00famero 1000 com a professional al Villarreal-C\u00e1diz del curs 2022\/23. El club va mostrar el seu carinyo al porter en els proleg\u00f2mens del partit desplegant una espectacular lona en la prefer\u00e8ncia de l\u2019estadi en la qual s\u2019apreciava, al costat d\u2019una foto seua, la xifra de partits disputats en la seua exitosa carrera. Un dels moments m\u00e9s recordats de Reina durant la seua segona etapa en el club va ser, sens dubte, el penal que va detindre davant l\u2019Stade de Rennes en la segona jornada de la fase de grups de la UEFA Europa League. Esta acci\u00f3, decisiva per a sumar els tres punts, va coincidir amb el partit en el qual batia el r\u00e8cord de m\u00e9s partits d\u2019un jugador espanyol a Europa.","headings":[{"type":"heading","level":2,"text":"El llegendari porter s\u2019acomiada del club quasi 200 partits despr\u00e9s"}],"texts":[{"type":"paragraph","text":"El Villarreal CF i Pepe Reina separen els seus camins despr\u00e9s de 191 partits disputats en les quasi cinc temporades que el llegendari porter va jugar durant les seues dos etapes en el club. La primera d\u2019elles, compresa entre les temporades 2002\/03 i 2004\/05, va estar repleta de grans \u00e8xits com la consecuci\u00f3 de dos Copes Intertoto i la hist\u00f2rica classificaci\u00f3 a la UEFA Champions League. La segona i m\u00e9s recent, constitu\u00efda per les temporades 2022\/23 i 2023\/24, marcada pel retorn a la seua casa, Vila-real, on sempre ser\u00e0 recordat com una llegenda."},{"type":"paragraph","text":"A continuaci\u00f3, els millors moments de Pepe Reina al Villarreal:"},{"type":"paragraph","text":"Pepe Reina va fitxar pel Villarreal als seus 20 anys procedent del FC Barcelona. Malgrat la seua poca experi\u00e8ncia en la m\u00e0xima categoria del futbol espanyol, el porter cordov\u00e9s r\u00e0pid es convertiria en una pe\u00e7a fonamental del Submar\u00ed Groc, que en aquells dies plantava els seus primers primers passos en Primera Divisi\u00f3 i en el panorama europeu."},{"type":"paragraph","text":"Reina va ser part\u00edcip dels primers \u00e8xits europeus del club: la consecuci\u00f3 de dos Copes Intertoto. La primera d\u2019elles en la temporada 2002\/03, despr\u00e9s de superar a l\u2019Heerenveen en la final i la segona, una campanya m\u00e9s tard, despr\u00e9s de derrotar a l\u2019Atl\u00e9tico de Madrid en El Calder\u00f3n."},{"type":"paragraph","text":"A m\u00e9s de guanyar dos Copes Intertoto amb el Villarreal CF, Pepe Reina va ser un pilar fonamental de l\u2019equip que, en la temporada 2004\/05, es classificava per primera vegada en la hist\u00f2ria del club a la UEFA Champions League. L\u2019equip entrenat per Manuel Pellegrini va finalitzar el campionat dom\u00e8stic en tercera posici\u00f3. A t\u00edtol personal, Pepe Reina va detindre fins a set penals dels nou que li van llan\u00e7ar aquella temporada."},{"type":"paragraph","text":"Despr\u00e9s d\u2019una extensa i exitosa carrera per alguns dels clubs m\u00e9s prestigiosos del continent com Liverpool, Bayern o Napoli, a inicis de la temporada 2022\/23, el Villarreal oficialitzava la tornada de Pepe Reina 17 anys despr\u00e9s. Eixa mateixa campanya, Reina va haver d\u2019adquirir un paper protagonista despr\u00e9s de la marxa de Gero Rulli. L\u2019internacional espanyol va complir amb escreix despr\u00e9s d\u2019enfundar-se l\u2019el\u00e0stica groga en 32 ocasions."},{"type":"paragraph","text":"El porter va sumar el seu partit n\u00famero 1000 com a professional al Villarreal-C\u00e1diz del curs 2022\/23. El club va mostrar el seu carinyo al porter en els proleg\u00f2mens del partit desplegant una espectacular lona en la prefer\u00e8ncia de l\u2019estadi en la qual s\u2019apreciava, al costat d\u2019una foto seua, la xifra de partits disputats en la seua exitosa carrera."},{"type":"paragraph","text":"Un dels moments m\u00e9s recordats de Reina durant la seua segona etapa en el club va ser, sens dubte, el penal que va detindre davant l\u2019Stade de Rennes en la segona jornada de la fase de grups de la UEFA Europa League. Esta acci\u00f3, decisiva per a sumar els tres punts, va coincidir amb el partit en el qual batia el r\u00e8cord de m\u00e9s partits d\u2019un jugador espanyol a Europa."}],"buttons":[],"images":[{"type":"image","url":"https:\/\/villarrealcf.es\/wp-content\/uploads\/2024\/06\/25-REINA-810x1080.jpg","alt":"","width":810,"height":1080,"srcset":"https:\/\/villarrealcf.es\/wp-content\/uploads\/2024\/06\/25-REINA-810x1080.jpg 810w, https:\/\/villarrealcf.es\/wp-content\/uploads\/2024\/06\/25-REINA-810x1080.jpg 1920w, https:\/\/villarrealcf.es\/wp-content\/uploads\/2024\/06\/25-REINA-1152x1536.jpg 1152w, https:\/\/villarrealcf.es\/wp-content\/uploads\/2024\/06\/25-REINA-1536x2048.jpg 1536w, https:\/\/villarrealcf.es\/wp-content\/uploads\/2024\/06\/25-REINA-225x300.jpg 225w, https:\/\/villarrealcf.es\/wp-content\/uploads\/2024\/06\/25-REINA-96x128.jpg 96w, https:\/\/villarrealcf.es\/wp-content\/uploads\/2024\/06\/25-REINA-24x32.jpg 24w, https:\/\/villarrealcf.es\/wp-content\/uploads\/2024\/06\/25-REINA-150x200.jpg 150w, https:\/\/villarrealcf.es\/wp-content\/uploads\/2024\/06\/25-REINA-810x1080.jpg 1920w, https:\/\/villarrealcf.es\/wp-content\/uploads\/2024\/06\/25-REINA-1200x1600.jpg 1200w, https:\/\/villarrealcf.es\/wp-content\/uploads\/2024\/06\/25-REINA.jpg 1772w, https:\/\/villarrealcf.es\/wp-content\/uploads\/2024\/06\/25-REINA-810x1080.jpg 1920w, https:\/\/villarrealcf.es\/wp-content\/uploads\/2024\/06\/25-REINA-810x1080.jpg 1920w","sizes":"auto, (max-width: 810px) 100vw, 810px"},{"type":"image","url":"https:\/\/villarrealcf.es\/wp-content\/uploads\/2024\/06\/image.png","alt":"","width":885,"height":400,"srcset":"https:\/\/villarrealcf.es\/wp-content\/uploads\/2024\/06\/image.png 885w, https:\/\/villarrealcf.es\/wp-content\/uploads\/2024\/06\/image.png 1920w, https:\/\/villarrealcf.es\/wp-content\/uploads\/2024\/06\/image.png 1920w, https:\/\/villarrealcf.es\/wp-content\/uploads\/2024\/06\/image.png 1920w, https:\/\/villarrealcf.es\/wp-content\/uploads\/2024\/06\/image-32x14.png 32w, https:\/\/villarrealcf.es\/wp-content\/uploads\/2024\/06\/image-150x68.png 150w, https:\/\/villarrealcf.es\/wp-content\/uploads\/2024\/06\/image.png 1920w","sizes":"auto, (max-width: 885px) 100vw, 885px"},{"type":"image","url":"https:\/\/villarrealcf.es\/wp-content\/uploads\/2024\/06\/PEPE-1-1618x1080.jpg","alt":"","width":1618,"height":1080,"srcset":"https:\/\/villarrealcf.es\/wp-content\/uploads\/2024\/06\/PEPE-1-1618x1080.jpg 1618w, https:\/\/villarrealcf.es\/wp-content\/uploads\/2024\/06\/PEPE-1-1618x1080.jpg 1920w, https:\/\/villarrealcf.es\/wp-content\/uploads\/2024\/06\/PEPE-1-1536x1025.jpg 1536w, https:\/\/villarrealcf.es\/wp-content\/uploads\/2024\/06\/PEPE-1-2048x1367.jpg 2048w, https:\/\/villarrealcf.es\/wp-content\/uploads\/2024\/06\/PEPE-1-1618x1080.jpg 1920w, https:\/\/villarrealcf.es\/wp-content\/uploads\/2024\/06\/PEPE-1-1618x1080.jpg 1920w, https:\/\/villarrealcf.es\/wp-content\/uploads\/2024\/06\/PEPE-1-32x21.jpg 32w, https:\/\/villarrealcf.es\/wp-content\/uploads\/2024\/06\/PEPE-1-150x100.jpg 150w, https:\/\/villarrealcf.es\/wp-content\/uploads\/2024\/06\/PEPE-1-1618x1080.jpg 1920w, https:\/\/villarrealcf.es\/wp-content\/uploads\/2024\/06\/PEPE-1-1200x801.jpg 1200w","sizes":"auto, (max-width: 1618px) 100vw, 1618px"},{"type":"image","url":"https:\/\/villarrealcf.es\/wp-content\/uploads\/2024\/06\/20220711-PresentacionPepeReina-018-1620x1080.jpg","alt":"","width":1620,"height":1080,"srcset":"https:\/\/villarrealcf.es\/wp-content\/uploads\/2024\/06\/20220711-PresentacionPepeReina-018-1620x1080.jpg 1620w, https:\/\/villarrealcf.es\/wp-content\/uploads\/2024\/06\/20220711-PresentacionPepeReina-018-1620x1080.jpg 1920w, https:\/\/villarrealcf.es\/wp-content\/uploads\/2024\/06\/20220711-PresentacionPepeReina-018-1536x1024.jpg 1536w, https:\/\/villarrealcf.es\/wp-content\/uploads\/2024\/06\/20220711-PresentacionPepeReina-018-2048x1366.jpg 2048w, https:\/\/villarrealcf.es\/wp-content\/uploads\/2024\/06\/20220711-PresentacionPepeReina-018-1620x1080.jpg 1920w, https:\/\/villarrealcf.es\/wp-content\/uploads\/2024\/06\/20220711-PresentacionPepeReina-018-1620x1080.jpg 1920w, https:\/\/villarrealcf.es\/wp-content\/uploads\/2024\/06\/20220711-PresentacionPepeReina-018-32x21.jpg 32w, https:\/\/villarrealcf.es\/wp-content\/uploads\/2024\/06\/20220711-PresentacionPepeReina-018-150x100.jpg 150w, https:\/\/villarrealcf.es\/wp-content\/uploads\/2024\/06\/20220711-PresentacionPepeReina-018-1620x1080.jpg 1920w, https:\/\/villarrealcf.es\/wp-content\/uploads\/2024\/06\/20220711-PresentacionPepeReina-018-1200x800.jpg 1200w, https:\/\/villarrealcf.es\/wp-content\/uploads\/2024\/06\/20220711-PresentacionPepeReina-018.jpg 2362w","sizes":"auto, (max-width: 1620px) 100vw, 1620px"},{"type":"image","url":"https:\/\/villarrealcf.es\/wp-content\/uploads\/2024\/06\/VillarrealCF-CadizCF-048-1620x1080.jpg","alt":"","width":1620,"height":1080,"srcset":"https:\/\/villarrealcf.es\/wp-content\/uploads\/2024\/06\/VillarrealCF-CadizCF-048-1620x1080.jpg 1620w, https:\/\/villarrealcf.es\/wp-content\/uploads\/2024\/06\/VillarrealCF-CadizCF-048-1620x1080.jpg 1920w, https:\/\/villarrealcf.es\/wp-content\/uploads\/2024\/06\/VillarrealCF-CadizCF-048-1536x1024.jpg 1536w, https:\/\/villarrealcf.es\/wp-content\/uploads\/2024\/06\/VillarrealCF-CadizCF-048-2048x1366.jpg 2048w, https:\/\/villarrealcf.es\/wp-content\/uploads\/2024\/06\/VillarrealCF-CadizCF-048-1620x1080.jpg 1920w, https:\/\/villarrealcf.es\/wp-content\/uploads\/2024\/06\/VillarrealCF-CadizCF-048-1620x1080.jpg 1920w, https:\/\/villarrealcf.es\/wp-content\/uploads\/2024\/06\/VillarrealCF-CadizCF-048-32x21.jpg 32w, https:\/\/villarrealcf.es\/wp-content\/uploads\/2024\/06\/VillarrealCF-CadizCF-048-150x100.jpg 150w, https:\/\/villarrealcf.es\/wp-content\/uploads\/2024\/06\/VillarrealCF-CadizCF-048-1620x1080.jpg 1920w, https:\/\/villarrealcf.es\/wp-content\/uploads\/2024\/06\/VillarrealCF-CadizCF-048-1200x800.jpg 1200w, https:\/\/villarrealcf.es\/wp-content\/uploads\/2024\/06\/VillarrealCF-CadizCF-048.jpg 2362w","sizes":"auto, (max-width: 1620px) 100vw, 1620px"},{"type":"image","url":"https:\/\/villarrealcf.es\/wp-content\/uploads\/2024\/06\/VillarrealCF-StadeRennesFC-180-1620x1080.jpg","alt":"","width":1620,"height":1080,"srcset":"https:\/\/villarrealcf.es\/wp-content\/uploads\/2024\/06\/VillarrealCF-StadeRennesFC-180-1620x1080.jpg 1620w, https:\/\/villarrealcf.es\/wp-content\/uploads\/2024\/06\/VillarrealCF-StadeRennesFC-180-1620x1080.jpg 1920w, https:\/\/villarrealcf.es\/wp-content\/uploads\/2024\/06\/VillarrealCF-StadeRennesFC-180-1536x1024.jpg 1536w, https:\/\/villarrealcf.es\/wp-content\/uploads\/2024\/06\/VillarrealCF-StadeRennesFC-180-2048x1365.jpg 2048w, https:\/\/villarrealcf.es\/wp-content\/uploads\/2024\/06\/VillarrealCF-StadeRennesFC-180-1620x1080.jpg 1920w, https:\/\/villarrealcf.es\/wp-content\/uploads\/2024\/06\/VillarrealCF-StadeRennesFC-180-1620x1080.jpg 1920w, https:\/\/villarrealcf.es\/wp-content\/uploads\/2024\/06\/VillarrealCF-StadeRennesFC-180-32x21.jpg 32w, https:\/\/villarrealcf.es\/wp-content\/uploads\/2024\/06\/VillarrealCF-StadeRennesFC-180-150x100.jpg 150w, https:\/\/villarrealcf.es\/wp-content\/uploads\/2024\/06\/VillarrealCF-StadeRennesFC-180-1620x1080.jpg 1920w, https:\/\/villarrealcf.es\/wp-content\/uploads\/2024\/06\/VillarrealCF-StadeRennesFC-180-1200x800.jpg 1200w","sizes":"auto, (max-width: 1620px) 100vw, 1620px"}],"widgets":[],"blocks":[{"type":"heading","level":2,"text":"El llegendari porter s\u2019acomiada del club quasi 200 partits despr\u00e9s"},{"type":"paragraph","text":"El Villarreal CF i Pepe Reina separen els seus camins despr\u00e9s de 191 partits disputats en les quasi cinc temporades que el llegendari porter va jugar durant les seues dos etapes en el club. La primera d\u2019elles, compresa entre les temporades 2002\/03 i 2004\/05, va estar repleta de grans \u00e8xits com la consecuci\u00f3 de dos Copes Intertoto i la hist\u00f2rica classificaci\u00f3 a la UEFA Champions League. La segona i m\u00e9s recent, constitu\u00efda per les temporades 2022\/23 i 2023\/24, marcada pel retorn a la seua casa, Vila-real, on sempre ser\u00e0 recordat com una llegenda."},{"type":"paragraph","text":"A continuaci\u00f3, els millors moments de Pepe Reina al Villarreal:"},{"type":"list","style":"ul","items":["Fitxatge pel Villarreal"]},{"type":"paragraph","text":"Pepe Reina va fitxar pel Villarreal als seus 20 anys procedent del FC Barcelona. Malgrat la seua poca experi\u00e8ncia en la m\u00e0xima categoria del futbol espanyol, el porter cordov\u00e9s r\u00e0pid es convertiria en una pe\u00e7a fonamental del Submar\u00ed Groc, que en aquells dies plantava els seus primers primers passos en Primera Divisi\u00f3 i en el panorama europeu."},{"type":"image","url":"https:\/\/villarrealcf.es\/wp-content\/uploads\/2024\/06\/25-REINA-810x1080.jpg","alt":"","width":810,"height":1080,"srcset":"https:\/\/villarrealcf.es\/wp-content\/uploads\/2024\/06\/25-REINA-810x1080.jpg 810w, https:\/\/villarrealcf.es\/wp-content\/uploads\/2024\/06\/25-REINA-810x1080.jpg 1920w, https:\/\/villarrealcf.es\/wp-content\/uploads\/2024\/06\/25-REINA-1152x1536.jpg 1152w, https:\/\/villarrealcf.es\/wp-content\/uploads\/2024\/06\/25-REINA-1536x2048.jpg 1536w, https:\/\/villarrealcf.es\/wp-content\/uploads\/2024\/06\/25-REINA-225x300.jpg 225w, https:\/\/villarrealcf.es\/wp-content\/uploads\/2024\/06\/25-REINA-96x128.jpg 96w, https:\/\/villarrealcf.es\/wp-content\/uploads\/2024\/06\/25-REINA-24x32.jpg 24w, https:\/\/villarrealcf.es\/wp-content\/uploads\/2024\/06\/25-REINA-150x200.jpg 150w, https:\/\/villarrealcf.es\/wp-content\/uploads\/2024\/06\/25-REINA-810x1080.jpg 1920w, https:\/\/villarrealcf.es\/wp-content\/uploads\/2024\/06\/25-REINA-1200x1600.jpg 1200w, https:\/\/villarrealcf.es\/wp-content\/uploads\/2024\/06\/25-REINA.jpg 1772w, https:\/\/villarrealcf.es\/wp-content\/uploads\/2024\/06\/25-REINA-810x1080.jpg 1920w, https:\/\/villarrealcf.es\/wp-content\/uploads\/2024\/06\/25-REINA-810x1080.jpg 1920w","sizes":"auto, (max-width: 810px) 100vw, 810px"},{"type":"list","style":"ul","items":["Les dos Copes Intertoto"]},{"type":"paragraph","text":"Reina va ser part\u00edcip dels primers \u00e8xits europeus del club: la consecuci\u00f3 de dos Copes Intertoto. La primera d\u2019elles en la temporada 2002\/03, despr\u00e9s de superar a l\u2019Heerenveen en la final i la segona, una campanya m\u00e9s tard, despr\u00e9s de derrotar a l\u2019Atl\u00e9tico de Madrid en El Calder\u00f3n."},{"type":"image","url":"https:\/\/villarrealcf.es\/wp-content\/uploads\/2024\/06\/image.png","alt":"","width":885,"height":400,"srcset":"https:\/\/villarrealcf.es\/wp-content\/uploads\/2024\/06\/image.png 885w, https:\/\/villarrealcf.es\/wp-content\/uploads\/2024\/06\/image.png 1920w, https:\/\/villarrealcf.es\/wp-content\/uploads\/2024\/06\/image.png 1920w, https:\/\/villarrealcf.es\/wp-content\/uploads\/2024\/06\/image.png 1920w, https:\/\/villarrealcf.es\/wp-content\/uploads\/2024\/06\/image-32x14.png 32w, https:\/\/villarrealcf.es\/wp-content\/uploads\/2024\/06\/image-150x68.png 150w, https:\/\/villarrealcf.es\/wp-content\/uploads\/2024\/06\/image.png 1920w","sizes":"auto, (max-width: 885px) 100vw, 885px"},{"type":"list","style":"ul","items":["Hist\u00f2rica classificaci\u00f3 a la UEFA Champions League"]},{"type":"paragraph","text":"A m\u00e9s de guanyar dos Copes Intertoto amb el Villarreal CF, Pepe Reina va ser un pilar fonamental de l\u2019equip que, en la temporada 2004\/05, es classificava per primera vegada en la hist\u00f2ria del club a la UEFA Champions League. L\u2019equip entrenat per Manuel Pellegrini va finalitzar el campionat dom\u00e8stic en tercera posici\u00f3. A t\u00edtol personal, Pepe Reina va detindre fins a set penals dels nou que li van llan\u00e7ar aquella temporada."},{"type":"image","url":"https:\/\/villarrealcf.es\/wp-content\/uploads\/2024\/06\/PEPE-1-1618x1080.jpg","alt":"","width":1618,"height":1080,"srcset":"https:\/\/villarrealcf.es\/wp-content\/uploads\/2024\/06\/PEPE-1-1618x1080.jpg 1618w, https:\/\/villarrealcf.es\/wp-content\/uploads\/2024\/06\/PEPE-1-1618x1080.jpg 1920w, https:\/\/villarrealcf.es\/wp-content\/uploads\/2024\/06\/PEPE-1-1536x1025.jpg 1536w, https:\/\/villarrealcf.es\/wp-content\/uploads\/2024\/06\/PEPE-1-2048x1367.jpg 2048w, https:\/\/villarrealcf.es\/wp-content\/uploads\/2024\/06\/PEPE-1-1618x1080.jpg 1920w, https:\/\/villarrealcf.es\/wp-content\/uploads\/2024\/06\/PEPE-1-1618x1080.jpg 1920w, https:\/\/villarrealcf.es\/wp-content\/uploads\/2024\/06\/PEPE-1-32x21.jpg 32w, https:\/\/villarrealcf.es\/wp-content\/uploads\/2024\/06\/PEPE-1-150x100.jpg 150w, https:\/\/villarrealcf.es\/wp-content\/uploads\/2024\/06\/PEPE-1-1618x1080.jpg 1920w, https:\/\/villarrealcf.es\/wp-content\/uploads\/2024\/06\/PEPE-1-1200x801.jpg 1200w","sizes":"auto, (max-width: 1618px) 100vw, 1618px"},{"type":"list","style":"ul","items":["Tornada a casa 17 anys despr\u00e9s"]},{"type":"paragraph","text":"Despr\u00e9s d\u2019una extensa i exitosa carrera per alguns dels clubs m\u00e9s prestigiosos del continent com Liverpool, Bayern o Napoli, a inicis de la temporada 2022\/23, el Villarreal oficialitzava la tornada de Pepe Reina 17 anys despr\u00e9s. Eixa mateixa campanya, Reina va haver d\u2019adquirir un paper protagonista despr\u00e9s de la marxa de Gero Rulli. L\u2019internacional espanyol va complir amb escreix despr\u00e9s d\u2019enfundar-se l\u2019el\u00e0stica groga en 32 ocasions."},{"type":"image","url":"https:\/\/villarrealcf.es\/wp-content\/uploads\/2024\/06\/20220711-PresentacionPepeReina-018-1620x1080.jpg","alt":"","width":1620,"height":1080,"srcset":"https:\/\/villarrealcf.es\/wp-content\/uploads\/2024\/06\/20220711-PresentacionPepeReina-018-1620x1080.jpg 1620w, https:\/\/villarrealcf.es\/wp-content\/uploads\/2024\/06\/20220711-PresentacionPepeReina-018-1620x1080.jpg 1920w, https:\/\/villarrealcf.es\/wp-content\/uploads\/2024\/06\/20220711-PresentacionPepeReina-018-1536x1024.jpg 1536w, https:\/\/villarrealcf.es\/wp-content\/uploads\/2024\/06\/20220711-PresentacionPepeReina-018-2048x1366.jpg 2048w, https:\/\/villarrealcf.es\/wp-content\/uploads\/2024\/06\/20220711-PresentacionPepeReina-018-1620x1080.jpg 1920w, https:\/\/villarrealcf.es\/wp-content\/uploads\/2024\/06\/20220711-PresentacionPepeReina-018-1620x1080.jpg 1920w, https:\/\/villarrealcf.es\/wp-content\/uploads\/2024\/06\/20220711-PresentacionPepeReina-018-32x21.jpg 32w, https:\/\/villarrealcf.es\/wp-content\/uploads\/2024\/06\/20220711-PresentacionPepeReina-018-150x100.jpg 150w, https:\/\/villarrealcf.es\/wp-content\/uploads\/2024\/06\/20220711-PresentacionPepeReina-018-1620x1080.jpg 1920w, https:\/\/villarrealcf.es\/wp-content\/uploads\/2024\/06\/20220711-PresentacionPepeReina-018-1200x800.jpg 1200w, https:\/\/villarrealcf.es\/wp-content\/uploads\/2024\/06\/20220711-PresentacionPepeReina-018.jpg 2362w","sizes":"auto, (max-width: 1620px) 100vw, 1620px"},{"type":"list","style":"ul","items":["Els 1000 partits en la seua carrera"]},{"type":"paragraph","text":"El porter va sumar el seu partit n\u00famero 1000 com a professional al Villarreal-C\u00e1diz del curs 2022\/23. El club va mostrar el seu carinyo al porter en els proleg\u00f2mens del partit desplegant una espectacular lona en la prefer\u00e8ncia de l\u2019estadi en la qual s\u2019apreciava, al costat d\u2019una foto seua, la xifra de partits disputats en la seua exitosa carrera."},{"type":"image","url":"https:\/\/villarrealcf.es\/wp-content\/uploads\/2024\/06\/VillarrealCF-CadizCF-048-1620x1080.jpg","alt":"","width":1620,"height":1080,"srcset":"https:\/\/villarrealcf.es\/wp-content\/uploads\/2024\/06\/VillarrealCF-CadizCF-048-1620x1080.jpg 1620w, https:\/\/villarrealcf.es\/wp-content\/uploads\/2024\/06\/VillarrealCF-CadizCF-048-1620x1080.jpg 1920w, https:\/\/villarrealcf.es\/wp-content\/uploads\/2024\/06\/VillarrealCF-CadizCF-048-1536x1024.jpg 1536w, https:\/\/villarrealcf.es\/wp-content\/uploads\/2024\/06\/VillarrealCF-CadizCF-048-2048x1366.jpg 2048w, https:\/\/villarrealcf.es\/wp-content\/uploads\/2024\/06\/VillarrealCF-CadizCF-048-1620x1080.jpg 1920w, https:\/\/villarrealcf.es\/wp-content\/uploads\/2024\/06\/VillarrealCF-CadizCF-048-1620x1080.jpg 1920w, https:\/\/villarrealcf.es\/wp-content\/uploads\/2024\/06\/VillarrealCF-CadizCF-048-32x21.jpg 32w, https:\/\/villarrealcf.es\/wp-content\/uploads\/2024\/06\/VillarrealCF-CadizCF-048-150x100.jpg 150w, https:\/\/villarrealcf.es\/wp-content\/uploads\/2024\/06\/VillarrealCF-CadizCF-048-1620x1080.jpg 1920w, https:\/\/villarrealcf.es\/wp-content\/uploads\/2024\/06\/VillarrealCF-CadizCF-048-1200x800.jpg 1200w, https:\/\/villarrealcf.es\/wp-content\/uploads\/2024\/06\/VillarrealCF-CadizCF-048.jpg 2362w","sizes":"auto, (max-width: 1620px) 100vw, 1620px"},{"type":"list","style":"ul","items":["Heroica actuaci\u00f3 davant l\u2019Stade de Rennes"]},{"type":"paragraph","text":"Un dels moments m\u00e9s recordats de Reina durant la seua segona etapa en el club va ser, sens dubte, el penal que va detindre davant l\u2019Stade de Rennes en la segona jornada de la fase de grups de la UEFA Europa League. Esta acci\u00f3, decisiva per a sumar els tres punts, va coincidir amb el partit en el qual batia el r\u00e8cord de m\u00e9s partits d\u2019un jugador espanyol a Europa."},{"type":"image","url":"https:\/\/villarrealcf.es\/wp-content\/uploads\/2024\/06\/VillarrealCF-StadeRennesFC-180-1620x1080.jpg","alt":"","width":1620,"height":1080,"srcset":"https:\/\/villarrealcf.es\/wp-content\/uploads\/2024\/06\/VillarrealCF-StadeRennesFC-180-1620x1080.jpg 1620w, https:\/\/villarrealcf.es\/wp-content\/uploads\/2024\/06\/VillarrealCF-StadeRennesFC-180-1620x1080.jpg 1920w, https:\/\/villarrealcf.es\/wp-content\/uploads\/2024\/06\/VillarrealCF-StadeRennesFC-180-1536x1024.jpg 1536w, https:\/\/villarrealcf.es\/wp-content\/uploads\/2024\/06\/VillarrealCF-StadeRennesFC-180-2048x1365.jpg 2048w, https:\/\/villarrealcf.es\/wp-content\/uploads\/2024\/06\/VillarrealCF-StadeRennesFC-180-1620x1080.jpg 1920w, https:\/\/villarrealcf.es\/wp-content\/uploads\/2024\/06\/VillarrealCF-StadeRennesFC-180-1620x1080.jpg 1920w, https:\/\/villarrealcf.es\/wp-content\/uploads\/2024\/06\/VillarrealCF-StadeRennesFC-180-32x21.jpg 32w, https:\/\/villarrealcf.es\/wp-content\/uploads\/2024\/06\/VillarrealCF-StadeRennesFC-180-150x100.jpg 150w, https:\/\/villarrealcf.es\/wp-content\/uploads\/2024\/06\/VillarrealCF-StadeRennesFC-180-1620x1080.jpg 1920w, https:\/\/villarrealcf.es\/wp-content\/uploads\/2024\/06\/VillarrealCF-StadeRennesFC-180-1200x800.jpg 1200w","sizes":"auto, (max-width: 1620px) 100vw, 1620px"}]}],"hero":{"id":"section-1","title":"El llegendari porter s\u2019acomiada del club quasi 200 partits despr\u00e9s","text":"El llegendari porter s\u2019acomiada del club quasi 200 partits despr\u00e9s El Villarreal CF i Pepe Reina separen els seus camins despr\u00e9s de 191 partits disputats en les quasi cinc temporades que el llegendari porter va jugar durant les seues dos etapes en el club. La primera d\u2019elles, compresa entre les temporades 2002\/03 i 2004\/05, va estar repleta de grans \u00e8xits com la consecuci\u00f3 de dos Copes Intertoto i la hist\u00f2rica classificaci\u00f3 a la UEFA Champions League. La segona i m\u00e9s recent, constitu\u00efda per les temporades 2022\/23 i 2023\/24, marcada pel retorn a la seua casa, Vila-real, on sempre ser\u00e0 recordat com una llegenda. A continuaci\u00f3, els millors moments de Pepe Reina al Villarreal: Pepe Reina va fitxar pel Villarreal als seus 20 anys procedent del FC Barcelona. Malgrat la seua poca experi\u00e8ncia en la m\u00e0xima categoria del futbol espanyol, el porter cordov\u00e9s r\u00e0pid es convertiria en una pe\u00e7a fonamental del Submar\u00ed Groc, que en aquells dies plantava els seus primers primers passos en Primera Divisi\u00f3 i en el panorama europeu. Reina va ser part\u00edcip dels primers \u00e8xits europeus del club: la consecuci\u00f3 de dos Copes Intertoto. La primera d\u2019elles en la temporada 2002\/03, despr\u00e9s de superar a l\u2019Heerenveen en la final i la segona, una campanya m\u00e9s tard, despr\u00e9s de derrotar a l\u2019Atl\u00e9tico de Madrid en El Calder\u00f3n. A m\u00e9s de guanyar dos Copes Intertoto amb el Villarreal CF, Pepe Reina va ser un pilar fonamental de l\u2019equip que, en la temporada 2004\/05, es classificava per primera vegada en la hist\u00f2ria del club a la UEFA Champions League. L\u2019equip entrenat per Manuel Pellegrini va finalitzar el campionat dom\u00e8stic en tercera posici\u00f3. A t\u00edtol personal, Pepe Reina va detindre fins a set penals dels nou que li van llan\u00e7ar aquella temporada. Despr\u00e9s d\u2019una extensa i exitosa carrera per alguns dels clubs m\u00e9s prestigiosos del continent com Liverpool, Bayern o Napoli, a inicis de la temporada 2022\/23, el Villarreal oficialitzava la tornada de Pepe Reina 17 anys despr\u00e9s. Eixa mateixa campanya, Reina va haver d\u2019adquirir un paper protagonista despr\u00e9s de la marxa de Gero Rulli. L\u2019internacional espanyol va complir amb escreix despr\u00e9s d\u2019enfundar-se l\u2019el\u00e0stica groga en 32 ocasions. El porter va sumar el seu partit n\u00famero 1000 com a professional al Villarreal-C\u00e1diz del curs 2022\/23. El club va mostrar el seu carinyo al porter en els proleg\u00f2mens del partit desplegant una espectacular lona en la prefer\u00e8ncia de l\u2019estadi en la qual s\u2019apreciava, al costat d\u2019una foto seua, la xifra de partits disputats en la seua exitosa carrera. Un dels moments m\u00e9s recordats de Reina durant la seua segona etapa en el club va ser, sens dubte, el penal que va detindre davant l\u2019Stade de Rennes en la segona jornada de la fase de grups de la UEFA Europa League. Esta acci\u00f3, decisiva per a sumar els tres punts, va coincidir amb el partit en el qual batia el r\u00e8cord de m\u00e9s partits d\u2019un jugador espanyol a Europa.","headings":[{"type":"heading","level":2,"text":"El llegendari porter s\u2019acomiada del club quasi 200 partits despr\u00e9s"}],"texts":[{"type":"paragraph","text":"El Villarreal CF i Pepe Reina separen els seus camins despr\u00e9s de 191 partits disputats en les quasi cinc temporades que el llegendari porter va jugar durant les seues dos etapes en el club. La primera d\u2019elles, compresa entre les temporades 2002\/03 i 2004\/05, va estar repleta de grans \u00e8xits com la consecuci\u00f3 de dos Copes Intertoto i la hist\u00f2rica classificaci\u00f3 a la UEFA Champions League. La segona i m\u00e9s recent, constitu\u00efda per les temporades 2022\/23 i 2023\/24, marcada pel retorn a la seua casa, Vila-real, on sempre ser\u00e0 recordat com una llegenda."},{"type":"paragraph","text":"A continuaci\u00f3, els millors moments de Pepe Reina al Villarreal:"},{"type":"paragraph","text":"Pepe Reina va fitxar pel Villarreal als seus 20 anys procedent del FC Barcelona. Malgrat la seua poca experi\u00e8ncia en la m\u00e0xima categoria del futbol espanyol, el porter cordov\u00e9s r\u00e0pid es convertiria en una pe\u00e7a fonamental del Submar\u00ed Groc, que en aquells dies plantava els seus primers primers passos en Primera Divisi\u00f3 i en el panorama europeu."},{"type":"paragraph","text":"Reina va ser part\u00edcip dels primers \u00e8xits europeus del club: la consecuci\u00f3 de dos Copes Intertoto. La primera d\u2019elles en la temporada 2002\/03, despr\u00e9s de superar a l\u2019Heerenveen en la final i la segona, una campanya m\u00e9s tard, despr\u00e9s de derrotar a l\u2019Atl\u00e9tico de Madrid en El Calder\u00f3n."},{"type":"paragraph","text":"A m\u00e9s de guanyar dos Copes Intertoto amb el Villarreal CF, Pepe Reina va ser un pilar fonamental de l\u2019equip que, en la temporada 2004\/05, es classificava per primera vegada en la hist\u00f2ria del club a la UEFA Champions League. L\u2019equip entrenat per Manuel Pellegrini va finalitzar el campionat dom\u00e8stic en tercera posici\u00f3. A t\u00edtol personal, Pepe Reina va detindre fins a set penals dels nou que li van llan\u00e7ar aquella temporada."},{"type":"paragraph","text":"Despr\u00e9s d\u2019una extensa i exitosa carrera per alguns dels clubs m\u00e9s prestigiosos del continent com Liverpool, Bayern o Napoli, a inicis de la temporada 2022\/23, el Villarreal oficialitzava la tornada de Pepe Reina 17 anys despr\u00e9s. Eixa mateixa campanya, Reina va haver d\u2019adquirir un paper protagonista despr\u00e9s de la marxa de Gero Rulli. L\u2019internacional espanyol va complir amb escreix despr\u00e9s d\u2019enfundar-se l\u2019el\u00e0stica groga en 32 ocasions."},{"type":"paragraph","text":"El porter va sumar el seu partit n\u00famero 1000 com a professional al Villarreal-C\u00e1diz del curs 2022\/23. El club va mostrar el seu carinyo al porter en els proleg\u00f2mens del partit desplegant una espectacular lona en la prefer\u00e8ncia de l\u2019estadi en la qual s\u2019apreciava, al costat d\u2019una foto seua, la xifra de partits disputats en la seua exitosa carrera."},{"type":"paragraph","text":"Un dels moments m\u00e9s recordats de Reina durant la seua segona etapa en el club va ser, sens dubte, el penal que va detindre davant l\u2019Stade de Rennes en la segona jornada de la fase de grups de la UEFA Europa League. Esta acci\u00f3, decisiva per a sumar els tres punts, va coincidir amb el partit en el qual batia el r\u00e8cord de m\u00e9s partits d\u2019un jugador espanyol a Europa."}],"buttons":[],"images":[{"type":"image","url":"https:\/\/villarrealcf.es\/wp-content\/uploads\/2024\/06\/25-REINA-810x1080.jpg","alt":"","width":810,"height":1080,"srcset":"https:\/\/villarrealcf.es\/wp-content\/uploads\/2024\/06\/25-REINA-810x1080.jpg 810w, https:\/\/villarrealcf.es\/wp-content\/uploads\/2024\/06\/25-REINA-810x1080.jpg 1920w, https:\/\/villarrealcf.es\/wp-content\/uploads\/2024\/06\/25-REINA-1152x1536.jpg 1152w, https:\/\/villarrealcf.es\/wp-content\/uploads\/2024\/06\/25-REINA-1536x2048.jpg 1536w, https:\/\/villarrealcf.es\/wp-content\/uploads\/2024\/06\/25-REINA-225x300.jpg 225w, https:\/\/villarrealcf.es\/wp-content\/uploads\/2024\/06\/25-REINA-96x128.jpg 96w, https:\/\/villarrealcf.es\/wp-content\/uploads\/2024\/06\/25-REINA-24x32.jpg 24w, https:\/\/villarrealcf.es\/wp-content\/uploads\/2024\/06\/25-REINA-150x200.jpg 150w, https:\/\/villarrealcf.es\/wp-content\/uploads\/2024\/06\/25-REINA-810x1080.jpg 1920w, https:\/\/villarrealcf.es\/wp-content\/uploads\/2024\/06\/25-REINA-1200x1600.jpg 1200w, https:\/\/villarrealcf.es\/wp-content\/uploads\/2024\/06\/25-REINA.jpg 1772w, https:\/\/villarrealcf.es\/wp-content\/uploads\/2024\/06\/25-REINA-810x1080.jpg 1920w, https:\/\/villarrealcf.es\/wp-content\/uploads\/2024\/06\/25-REINA-810x1080.jpg 1920w","sizes":"auto, (max-width: 810px) 100vw, 810px"},{"type":"image","url":"https:\/\/villarrealcf.es\/wp-content\/uploads\/2024\/06\/image.png","alt":"","width":885,"height":400,"srcset":"https:\/\/villarrealcf.es\/wp-content\/uploads\/2024\/06\/image.png 885w, https:\/\/villarrealcf.es\/wp-content\/uploads\/2024\/06\/image.png 1920w, https:\/\/villarrealcf.es\/wp-content\/uploads\/2024\/06\/image.png 1920w, https:\/\/villarrealcf.es\/wp-content\/uploads\/2024\/06\/image.png 1920w, https:\/\/villarrealcf.es\/wp-content\/uploads\/2024\/06\/image-32x14.png 32w, https:\/\/villarrealcf.es\/wp-content\/uploads\/2024\/06\/image-150x68.png 150w, https:\/\/villarrealcf.es\/wp-content\/uploads\/2024\/06\/image.png 1920w","sizes":"auto, (max-width: 885px) 100vw, 885px"},{"type":"image","url":"https:\/\/villarrealcf.es\/wp-content\/uploads\/2024\/06\/PEPE-1-1618x1080.jpg","alt":"","width":1618,"height":1080,"srcset":"https:\/\/villarrealcf.es\/wp-content\/uploads\/2024\/06\/PEPE-1-1618x1080.jpg 1618w, https:\/\/villarrealcf.es\/wp-content\/uploads\/2024\/06\/PEPE-1-1618x1080.jpg 1920w, https:\/\/villarrealcf.es\/wp-content\/uploads\/2024\/06\/PEPE-1-1536x1025.jpg 1536w, https:\/\/villarrealcf.es\/wp-content\/uploads\/2024\/06\/PEPE-1-2048x1367.jpg 2048w, https:\/\/villarrealcf.es\/wp-content\/uploads\/2024\/06\/PEPE-1-1618x1080.jpg 1920w, https:\/\/villarrealcf.es\/wp-content\/uploads\/2024\/06\/PEPE-1-1618x1080.jpg 1920w, https:\/\/villarrealcf.es\/wp-content\/uploads\/2024\/06\/PEPE-1-32x21.jpg 32w, https:\/\/villarrealcf.es\/wp-content\/uploads\/2024\/06\/PEPE-1-150x100.jpg 150w, https:\/\/villarrealcf.es\/wp-content\/uploads\/2024\/06\/PEPE-1-1618x1080.jpg 1920w, https:\/\/villarrealcf.es\/wp-content\/uploads\/2024\/06\/PEPE-1-1200x801.jpg 1200w","sizes":"auto, (max-width: 1618px) 100vw, 1618px"},{"type":"image","url":"https:\/\/villarrealcf.es\/wp-content\/uploads\/2024\/06\/20220711-PresentacionPepeReina-018-1620x1080.jpg","alt":"","width":1620,"height":1080,"srcset":"https:\/\/villarrealcf.es\/wp-content\/uploads\/2024\/06\/20220711-PresentacionPepeReina-018-1620x1080.jpg 1620w, https:\/\/villarrealcf.es\/wp-content\/uploads\/2024\/06\/20220711-PresentacionPepeReina-018-1620x1080.jpg 1920w, https:\/\/villarrealcf.es\/wp-content\/uploads\/2024\/06\/20220711-PresentacionPepeReina-018-1536x1024.jpg 1536w, https:\/\/villarrealcf.es\/wp-content\/uploads\/2024\/06\/20220711-PresentacionPepeReina-018-2048x1366.jpg 2048w, https:\/\/villarrealcf.es\/wp-content\/uploads\/2024\/06\/20220711-PresentacionPepeReina-018-1620x1080.jpg 1920w, https:\/\/villarrealcf.es\/wp-content\/uploads\/2024\/06\/20220711-PresentacionPepeReina-018-1620x1080.jpg 1920w, https:\/\/villarrealcf.es\/wp-content\/uploads\/2024\/06\/20220711-PresentacionPepeReina-018-32x21.jpg 32w, https:\/\/villarrealcf.es\/wp-content\/uploads\/2024\/06\/20220711-PresentacionPepeReina-018-150x100.jpg 150w, https:\/\/villarrealcf.es\/wp-content\/uploads\/2024\/06\/20220711-PresentacionPepeReina-018-1620x1080.jpg 1920w, https:\/\/villarrealcf.es\/wp-content\/uploads\/2024\/06\/20220711-PresentacionPepeReina-018-1200x800.jpg 1200w, https:\/\/villarrealcf.es\/wp-content\/uploads\/2024\/06\/20220711-PresentacionPepeReina-018.jpg 2362w","sizes":"auto, (max-width: 1620px) 100vw, 1620px"},{"type":"image","url":"https:\/\/villarrealcf.es\/wp-content\/uploads\/2024\/06\/VillarrealCF-CadizCF-048-1620x1080.jpg","alt":"","width":1620,"height":1080,"srcset":"https:\/\/villarrealcf.es\/wp-content\/uploads\/2024\/06\/VillarrealCF-CadizCF-048-1620x1080.jpg 1620w, https:\/\/villarrealcf.es\/wp-content\/uploads\/2024\/06\/VillarrealCF-CadizCF-048-1620x1080.jpg 1920w, https:\/\/villarrealcf.es\/wp-content\/uploads\/2024\/06\/VillarrealCF-CadizCF-048-1536x1024.jpg 1536w, https:\/\/villarrealcf.es\/wp-content\/uploads\/2024\/06\/VillarrealCF-CadizCF-048-2048x1366.jpg 2048w, https:\/\/villarrealcf.es\/wp-content\/uploads\/2024\/06\/VillarrealCF-CadizCF-048-1620x1080.jpg 1920w, https:\/\/villarrealcf.es\/wp-content\/uploads\/2024\/06\/VillarrealCF-CadizCF-048-1620x1080.jpg 1920w, https:\/\/villarrealcf.es\/wp-content\/uploads\/2024\/06\/VillarrealCF-CadizCF-048-32x21.jpg 32w, https:\/\/villarrealcf.es\/wp-content\/uploads\/2024\/06\/VillarrealCF-CadizCF-048-150x100.jpg 150w, https:\/\/villarrealcf.es\/wp-content\/uploads\/2024\/06\/VillarrealCF-CadizCF-048-1620x1080.jpg 1920w, https:\/\/villarrealcf.es\/wp-content\/uploads\/2024\/06\/VillarrealCF-CadizCF-048-1200x800.jpg 1200w, https:\/\/villarrealcf.es\/wp-content\/uploads\/2024\/06\/VillarrealCF-CadizCF-048.jpg 2362w","sizes":"auto, (max-width: 1620px) 100vw, 1620px"},{"type":"image","url":"https:\/\/villarrealcf.es\/wp-content\/uploads\/2024\/06\/VillarrealCF-StadeRennesFC-180-1620x1080.jpg","alt":"","width":1620,"height":1080,"srcset":"https:\/\/villarrealcf.es\/wp-content\/uploads\/2024\/06\/VillarrealCF-StadeRennesFC-180-1620x1080.jpg 1620w, https:\/\/villarrealcf.es\/wp-content\/uploads\/2024\/06\/VillarrealCF-StadeRennesFC-180-1620x1080.jpg 1920w, https:\/\/villarrealcf.es\/wp-content\/uploads\/2024\/06\/VillarrealCF-StadeRennesFC-180-1536x1024.jpg 1536w, https:\/\/villarrealcf.es\/wp-content\/uploads\/2024\/06\/VillarrealCF-StadeRennesFC-180-2048x1365.jpg 2048w, https:\/\/villarrealcf.es\/wp-content\/uploads\/2024\/06\/VillarrealCF-StadeRennesFC-180-1620x1080.jpg 1920w, https:\/\/villarrealcf.es\/wp-content\/uploads\/2024\/06\/VillarrealCF-StadeRennesFC-180-1620x1080.jpg 1920w, https:\/\/villarrealcf.es\/wp-content\/uploads\/2024\/06\/VillarrealCF-StadeRennesFC-180-32x21.jpg 32w, https:\/\/villarrealcf.es\/wp-content\/uploads\/2024\/06\/VillarrealCF-StadeRennesFC-180-150x100.jpg 150w, https:\/\/villarrealcf.es\/wp-content\/uploads\/2024\/06\/VillarrealCF-StadeRennesFC-180-1620x1080.jpg 1920w, https:\/\/villarrealcf.es\/wp-content\/uploads\/2024\/06\/VillarrealCF-StadeRennesFC-180-1200x800.jpg 1200w","sizes":"auto, (max-width: 1620px) 100vw, 1620px"}],"widgets":[],"blocks":[{"type":"heading","level":2,"text":"El llegendari porter s\u2019acomiada del club quasi 200 partits despr\u00e9s"},{"type":"paragraph","text":"El Villarreal CF i Pepe Reina separen els seus camins despr\u00e9s de 191 partits disputats en les quasi cinc temporades que el llegendari porter va jugar durant les seues dos etapes en el club. La primera d\u2019elles, compresa entre les temporades 2002\/03 i 2004\/05, va estar repleta de grans \u00e8xits com la consecuci\u00f3 de dos Copes Intertoto i la hist\u00f2rica classificaci\u00f3 a la UEFA Champions League. La segona i m\u00e9s recent, constitu\u00efda per les temporades 2022\/23 i 2023\/24, marcada pel retorn a la seua casa, Vila-real, on sempre ser\u00e0 recordat com una llegenda."},{"type":"paragraph","text":"A continuaci\u00f3, els millors moments de Pepe Reina al Villarreal:"},{"type":"list","style":"ul","items":["Fitxatge pel Villarreal"]},{"type":"paragraph","text":"Pepe Reina va fitxar pel Villarreal als seus 20 anys procedent del FC Barcelona. Malgrat la seua poca experi\u00e8ncia en la m\u00e0xima categoria del futbol espanyol, el porter cordov\u00e9s r\u00e0pid es convertiria en una pe\u00e7a fonamental del Submar\u00ed Groc, que en aquells dies plantava els seus primers primers passos en Primera Divisi\u00f3 i en el panorama europeu."},{"type":"image","url":"https:\/\/villarrealcf.es\/wp-content\/uploads\/2024\/06\/25-REINA-810x1080.jpg","alt":"","width":810,"height":1080,"srcset":"https:\/\/villarrealcf.es\/wp-content\/uploads\/2024\/06\/25-REINA-810x1080.jpg 810w, https:\/\/villarrealcf.es\/wp-content\/uploads\/2024\/06\/25-REINA-810x1080.jpg 1920w, https:\/\/villarrealcf.es\/wp-content\/uploads\/2024\/06\/25-REINA-1152x1536.jpg 1152w, https:\/\/villarrealcf.es\/wp-content\/uploads\/2024\/06\/25-REINA-1536x2048.jpg 1536w, https:\/\/villarrealcf.es\/wp-content\/uploads\/2024\/06\/25-REINA-225x300.jpg 225w, https:\/\/villarrealcf.es\/wp-content\/uploads\/2024\/06\/25-REINA-96x128.jpg 96w, https:\/\/villarrealcf.es\/wp-content\/uploads\/2024\/06\/25-REINA-24x32.jpg 24w, https:\/\/villarrealcf.es\/wp-content\/uploads\/2024\/06\/25-REINA-150x200.jpg 150w, https:\/\/villarrealcf.es\/wp-content\/uploads\/2024\/06\/25-REINA-810x1080.jpg 1920w, https:\/\/villarrealcf.es\/wp-content\/uploads\/2024\/06\/25-REINA-1200x1600.jpg 1200w, https:\/\/villarrealcf.es\/wp-content\/uploads\/2024\/06\/25-REINA.jpg 1772w, https:\/\/villarrealcf.es\/wp-content\/uploads\/2024\/06\/25-REINA-810x1080.jpg 1920w, https:\/\/villarrealcf.es\/wp-content\/uploads\/2024\/06\/25-REINA-810x1080.jpg 1920w","sizes":"auto, (max-width: 810px) 100vw, 810px"},{"type":"list","style":"ul","items":["Les dos Copes Intertoto"]},{"type":"paragraph","text":"Reina va ser part\u00edcip dels primers \u00e8xits europeus del club: la consecuci\u00f3 de dos Copes Intertoto. La primera d\u2019elles en la temporada 2002\/03, despr\u00e9s de superar a l\u2019Heerenveen en la final i la segona, una campanya m\u00e9s tard, despr\u00e9s de derrotar a l\u2019Atl\u00e9tico de Madrid en El Calder\u00f3n."},{"type":"image","url":"https:\/\/villarrealcf.es\/wp-content\/uploads\/2024\/06\/image.png","alt":"","width":885,"height":400,"srcset":"https:\/\/villarrealcf.es\/wp-content\/uploads\/2024\/06\/image.png 885w, https:\/\/villarrealcf.es\/wp-content\/uploads\/2024\/06\/image.png 1920w, https:\/\/villarrealcf.es\/wp-content\/uploads\/2024\/06\/image.png 1920w, https:\/\/villarrealcf.es\/wp-content\/uploads\/2024\/06\/image.png 1920w, https:\/\/villarrealcf.es\/wp-content\/uploads\/2024\/06\/image-32x14.png 32w, https:\/\/villarrealcf.es\/wp-content\/uploads\/2024\/06\/image-150x68.png 150w, https:\/\/villarrealcf.es\/wp-content\/uploads\/2024\/06\/image.png 1920w","sizes":"auto, (max-width: 885px) 100vw, 885px"},{"type":"list","style":"ul","items":["Hist\u00f2rica classificaci\u00f3 a la UEFA Champions League"]},{"type":"paragraph","text":"A m\u00e9s de guanyar dos Copes Intertoto amb el Villarreal CF, Pepe Reina va ser un pilar fonamental de l\u2019equip que, en la temporada 2004\/05, es classificava per primera vegada en la hist\u00f2ria del club a la UEFA Champions League. L\u2019equip entrenat per Manuel Pellegrini va finalitzar el campionat dom\u00e8stic en tercera posici\u00f3. A t\u00edtol personal, Pepe Reina va detindre fins a set penals dels nou que li van llan\u00e7ar aquella temporada."},{"type":"image","url":"https:\/\/villarrealcf.es\/wp-content\/uploads\/2024\/06\/PEPE-1-1618x1080.jpg","alt":"","width":1618,"height":1080,"srcset":"https:\/\/villarrealcf.es\/wp-content\/uploads\/2024\/06\/PEPE-1-1618x1080.jpg 1618w, https:\/\/villarrealcf.es\/wp-content\/uploads\/2024\/06\/PEPE-1-1618x1080.jpg 1920w, https:\/\/villarrealcf.es\/wp-content\/uploads\/2024\/06\/PEPE-1-1536x1025.jpg 1536w, https:\/\/villarrealcf.es\/wp-content\/uploads\/2024\/06\/PEPE-1-2048x1367.jpg 2048w, https:\/\/villarrealcf.es\/wp-content\/uploads\/2024\/06\/PEPE-1-1618x1080.jpg 1920w, https:\/\/villarrealcf.es\/wp-content\/uploads\/2024\/06\/PEPE-1-1618x1080.jpg 1920w, https:\/\/villarrealcf.es\/wp-content\/uploads\/2024\/06\/PEPE-1-32x21.jpg 32w, https:\/\/villarrealcf.es\/wp-content\/uploads\/2024\/06\/PEPE-1-150x100.jpg 150w, https:\/\/villarrealcf.es\/wp-content\/uploads\/2024\/06\/PEPE-1-1618x1080.jpg 1920w, https:\/\/villarrealcf.es\/wp-content\/uploads\/2024\/06\/PEPE-1-1200x801.jpg 1200w","sizes":"auto, (max-width: 1618px) 100vw, 1618px"},{"type":"list","style":"ul","items":["Tornada a casa 17 anys despr\u00e9s"]},{"type":"paragraph","text":"Despr\u00e9s d\u2019una extensa i exitosa carrera per alguns dels clubs m\u00e9s prestigiosos del continent com Liverpool, Bayern o Napoli, a inicis de la temporada 2022\/23, el Villarreal oficialitzava la tornada de Pepe Reina 17 anys despr\u00e9s. Eixa mateixa campanya, Reina va haver d\u2019adquirir un paper protagonista despr\u00e9s de la marxa de Gero Rulli. L\u2019internacional espanyol va complir amb escreix despr\u00e9s d\u2019enfundar-se l\u2019el\u00e0stica groga en 32 ocasions."},{"type":"image","url":"https:\/\/villarrealcf.es\/wp-content\/uploads\/2024\/06\/20220711-PresentacionPepeReina-018-1620x1080.jpg","alt":"","width":1620,"height":1080,"srcset":"https:\/\/villarrealcf.es\/wp-content\/uploads\/2024\/06\/20220711-PresentacionPepeReina-018-1620x1080.jpg 1620w, https:\/\/villarrealcf.es\/wp-content\/uploads\/2024\/06\/20220711-PresentacionPepeReina-018-1620x1080.jpg 1920w, https:\/\/villarrealcf.es\/wp-content\/uploads\/2024\/06\/20220711-PresentacionPepeReina-018-1536x1024.jpg 1536w, https:\/\/villarrealcf.es\/wp-content\/uploads\/2024\/06\/20220711-PresentacionPepeReina-018-2048x1366.jpg 2048w, https:\/\/villarrealcf.es\/wp-content\/uploads\/2024\/06\/20220711-PresentacionPepeReina-018-1620x1080.jpg 1920w, https:\/\/villarrealcf.es\/wp-content\/uploads\/2024\/06\/20220711-PresentacionPepeReina-018-1620x1080.jpg 1920w, https:\/\/villarrealcf.es\/wp-content\/uploads\/2024\/06\/20220711-PresentacionPepeReina-018-32x21.jpg 32w, https:\/\/villarrealcf.es\/wp-content\/uploads\/2024\/06\/20220711-PresentacionPepeReina-018-150x100.jpg 150w, https:\/\/villarrealcf.es\/wp-content\/uploads\/2024\/06\/20220711-PresentacionPepeReina-018-1620x1080.jpg 1920w, https:\/\/villarrealcf.es\/wp-content\/uploads\/2024\/06\/20220711-PresentacionPepeReina-018-1200x800.jpg 1200w, https:\/\/villarrealcf.es\/wp-content\/uploads\/2024\/06\/20220711-PresentacionPepeReina-018.jpg 2362w","sizes":"auto, (max-width: 1620px) 100vw, 1620px"},{"type":"list","style":"ul","items":["Els 1000 partits en la seua carrera"]},{"type":"paragraph","text":"El porter va sumar el seu partit n\u00famero 1000 com a professional al Villarreal-C\u00e1diz del curs 2022\/23. El club va mostrar el seu carinyo al porter en els proleg\u00f2mens del partit desplegant una espectacular lona en la prefer\u00e8ncia de l\u2019estadi en la qual s\u2019apreciava, al costat d\u2019una foto seua, la xifra de partits disputats en la seua exitosa carrera."},{"type":"image","url":"https:\/\/villarrealcf.es\/wp-content\/uploads\/2024\/06\/VillarrealCF-CadizCF-048-1620x1080.jpg","alt":"","width":1620,"height":1080,"srcset":"https:\/\/villarrealcf.es\/wp-content\/uploads\/2024\/06\/VillarrealCF-CadizCF-048-1620x1080.jpg 1620w, https:\/\/villarrealcf.es\/wp-content\/uploads\/2024\/06\/VillarrealCF-CadizCF-048-1620x1080.jpg 1920w, https:\/\/villarrealcf.es\/wp-content\/uploads\/2024\/06\/VillarrealCF-CadizCF-048-1536x1024.jpg 1536w, https:\/\/villarrealcf.es\/wp-content\/uploads\/2024\/06\/VillarrealCF-CadizCF-048-2048x1366.jpg 2048w, https:\/\/villarrealcf.es\/wp-content\/uploads\/2024\/06\/VillarrealCF-CadizCF-048-1620x1080.jpg 1920w, https:\/\/villarrealcf.es\/wp-content\/uploads\/2024\/06\/VillarrealCF-CadizCF-048-1620x1080.jpg 1920w, https:\/\/villarrealcf.es\/wp-content\/uploads\/2024\/06\/VillarrealCF-CadizCF-048-32x21.jpg 32w, https:\/\/villarrealcf.es\/wp-content\/uploads\/2024\/06\/VillarrealCF-CadizCF-048-150x100.jpg 150w, https:\/\/villarrealcf.es\/wp-content\/uploads\/2024\/06\/VillarrealCF-CadizCF-048-1620x1080.jpg 1920w, https:\/\/villarrealcf.es\/wp-content\/uploads\/2024\/06\/VillarrealCF-CadizCF-048-1200x800.jpg 1200w, https:\/\/villarrealcf.es\/wp-content\/uploads\/2024\/06\/VillarrealCF-CadizCF-048.jpg 2362w","sizes":"auto, (max-width: 1620px) 100vw, 1620px"},{"type":"list","style":"ul","items":["Heroica actuaci\u00f3 davant l\u2019Stade de Rennes"]},{"type":"paragraph","text":"Un dels moments m\u00e9s recordats de Reina durant la seua segona etapa en el club va ser, sens dubte, el penal que va detindre davant l\u2019Stade de Rennes en la segona jornada de la fase de grups de la UEFA Europa League. Esta acci\u00f3, decisiva per a sumar els tres punts, va coincidir amb el partit en el qual batia el r\u00e8cord de m\u00e9s partits d\u2019un jugador espanyol a Europa."},{"type":"image","url":"https:\/\/villarrealcf.es\/wp-content\/uploads\/2024\/06\/VillarrealCF-StadeRennesFC-180-1620x1080.jpg","alt":"","width":1620,"height":1080,"srcset":"https:\/\/villarrealcf.es\/wp-content\/uploads\/2024\/06\/VillarrealCF-StadeRennesFC-180-1620x1080.jpg 1620w, https:\/\/villarrealcf.es\/wp-content\/uploads\/2024\/06\/VillarrealCF-StadeRennesFC-180-1620x1080.jpg 1920w, https:\/\/villarrealcf.es\/wp-content\/uploads\/2024\/06\/VillarrealCF-StadeRennesFC-180-1536x1024.jpg 1536w, https:\/\/villarrealcf.es\/wp-content\/uploads\/2024\/06\/VillarrealCF-StadeRennesFC-180-2048x1365.jpg 2048w, https:\/\/villarrealcf.es\/wp-content\/uploads\/2024\/06\/VillarrealCF-StadeRennesFC-180-1620x1080.jpg 1920w, https:\/\/villarrealcf.es\/wp-content\/uploads\/2024\/06\/VillarrealCF-StadeRennesFC-180-1620x1080.jpg 1920w, https:\/\/villarrealcf.es\/wp-content\/uploads\/2024\/06\/VillarrealCF-StadeRennesFC-180-32x21.jpg 32w, https:\/\/villarrealcf.es\/wp-content\/uploads\/2024\/06\/VillarrealCF-StadeRennesFC-180-150x100.jpg 150w, https:\/\/villarrealcf.es\/wp-content\/uploads\/2024\/06\/VillarrealCF-StadeRennesFC-180-1620x1080.jpg 1920w, https:\/\/villarrealcf.es\/wp-content\/uploads\/2024\/06\/VillarrealCF-StadeRennesFC-180-1200x800.jpg 1200w","sizes":"auto, (max-width: 1620px) 100vw, 1620px"}]}},"sections":[{"id":"section-1","title":"El llegendari porter s\u2019acomiada del club quasi 200 partits despr\u00e9s","text":"El llegendari porter s\u2019acomiada del club quasi 200 partits despr\u00e9s El Villarreal CF i Pepe Reina separen els seus camins despr\u00e9s de 191 partits disputats en les quasi cinc temporades que el llegendari porter va jugar durant les seues dos etapes en el club. La primera d\u2019elles, compresa entre les temporades 2002\/03 i 2004\/05, va estar repleta de grans \u00e8xits com la consecuci\u00f3 de dos Copes Intertoto i la hist\u00f2rica classificaci\u00f3 a la UEFA Champions League. La segona i m\u00e9s recent, constitu\u00efda per les temporades 2022\/23 i 2023\/24, marcada pel retorn a la seua casa, Vila-real, on sempre ser\u00e0 recordat com una llegenda. A continuaci\u00f3, els millors moments de Pepe Reina al Villarreal: Pepe Reina va fitxar pel Villarreal als seus 20 anys procedent del FC Barcelona. Malgrat la seua poca experi\u00e8ncia en la m\u00e0xima categoria del futbol espanyol, el porter cordov\u00e9s r\u00e0pid es convertiria en una pe\u00e7a fonamental del Submar\u00ed Groc, que en aquells dies plantava els seus primers primers passos en Primera Divisi\u00f3 i en el panorama europeu. Reina va ser part\u00edcip dels primers \u00e8xits europeus del club: la consecuci\u00f3 de dos Copes Intertoto. La primera d\u2019elles en la temporada 2002\/03, despr\u00e9s de superar a l\u2019Heerenveen en la final i la segona, una campanya m\u00e9s tard, despr\u00e9s de derrotar a l\u2019Atl\u00e9tico de Madrid en El Calder\u00f3n. A m\u00e9s de guanyar dos Copes Intertoto amb el Villarreal CF, Pepe Reina va ser un pilar fonamental de l\u2019equip que, en la temporada 2004\/05, es classificava per primera vegada en la hist\u00f2ria del club a la UEFA Champions League. L\u2019equip entrenat per Manuel Pellegrini va finalitzar el campionat dom\u00e8stic en tercera posici\u00f3. A t\u00edtol personal, Pepe Reina va detindre fins a set penals dels nou que li van llan\u00e7ar aquella temporada. Despr\u00e9s d\u2019una extensa i exitosa carrera per alguns dels clubs m\u00e9s prestigiosos del continent com Liverpool, Bayern o Napoli, a inicis de la temporada 2022\/23, el Villarreal oficialitzava la tornada de Pepe Reina 17 anys despr\u00e9s. Eixa mateixa campanya, Reina va haver d\u2019adquirir un paper protagonista despr\u00e9s de la marxa de Gero Rulli. L\u2019internacional espanyol va complir amb escreix despr\u00e9s d\u2019enfundar-se l\u2019el\u00e0stica groga en 32 ocasions. El porter va sumar el seu partit n\u00famero 1000 com a professional al Villarreal-C\u00e1diz del curs 2022\/23. El club va mostrar el seu carinyo al porter en els proleg\u00f2mens del partit desplegant una espectacular lona en la prefer\u00e8ncia de l\u2019estadi en la qual s\u2019apreciava, al costat d\u2019una foto seua, la xifra de partits disputats en la seua exitosa carrera. Un dels moments m\u00e9s recordats de Reina durant la seua segona etapa en el club va ser, sens dubte, el penal que va detindre davant l\u2019Stade de Rennes en la segona jornada de la fase de grups de la UEFA Europa League. Esta acci\u00f3, decisiva per a sumar els tres punts, va coincidir amb el partit en el qual batia el r\u00e8cord de m\u00e9s partits d\u2019un jugador espanyol a Europa.","url":"","background_image":"","images":[{"type":"image","url":"https:\/\/villarrealcf.es\/wp-content\/uploads\/2024\/06\/25-REINA-810x1080.jpg","alt":"","width":810,"height":1080,"srcset":"https:\/\/villarrealcf.es\/wp-content\/uploads\/2024\/06\/25-REINA-810x1080.jpg 810w, https:\/\/villarrealcf.es\/wp-content\/uploads\/2024\/06\/25-REINA-810x1080.jpg 1920w, https:\/\/villarrealcf.es\/wp-content\/uploads\/2024\/06\/25-REINA-1152x1536.jpg 1152w, https:\/\/villarrealcf.es\/wp-content\/uploads\/2024\/06\/25-REINA-1536x2048.jpg 1536w, https:\/\/villarrealcf.es\/wp-content\/uploads\/2024\/06\/25-REINA-225x300.jpg 225w, https:\/\/villarrealcf.es\/wp-content\/uploads\/2024\/06\/25-REINA-96x128.jpg 96w, https:\/\/villarrealcf.es\/wp-content\/uploads\/2024\/06\/25-REINA-24x32.jpg 24w, https:\/\/villarrealcf.es\/wp-content\/uploads\/2024\/06\/25-REINA-150x200.jpg 150w, https:\/\/villarrealcf.es\/wp-content\/uploads\/2024\/06\/25-REINA-810x1080.jpg 1920w, https:\/\/villarrealcf.es\/wp-content\/uploads\/2024\/06\/25-REINA-1200x1600.jpg 1200w, https:\/\/villarrealcf.es\/wp-content\/uploads\/2024\/06\/25-REINA.jpg 1772w, https:\/\/villarrealcf.es\/wp-content\/uploads\/2024\/06\/25-REINA-810x1080.jpg 1920w, https:\/\/villarrealcf.es\/wp-content\/uploads\/2024\/06\/25-REINA-810x1080.jpg 1920w","sizes":"auto, (max-width: 810px) 100vw, 810px"},{"type":"image","url":"https:\/\/villarrealcf.es\/wp-content\/uploads\/2024\/06\/image.png","alt":"","width":885,"height":400,"srcset":"https:\/\/villarrealcf.es\/wp-content\/uploads\/2024\/06\/image.png 885w, https:\/\/villarrealcf.es\/wp-content\/uploads\/2024\/06\/image.png 1920w, https:\/\/villarrealcf.es\/wp-content\/uploads\/2024\/06\/image.png 1920w, https:\/\/villarrealcf.es\/wp-content\/uploads\/2024\/06\/image.png 1920w, https:\/\/villarrealcf.es\/wp-content\/uploads\/2024\/06\/image-32x14.png 32w, https:\/\/villarrealcf.es\/wp-content\/uploads\/2024\/06\/image-150x68.png 150w, https:\/\/villarrealcf.es\/wp-content\/uploads\/2024\/06\/image.png 1920w","sizes":"auto, (max-width: 885px) 100vw, 885px"},{"type":"image","url":"https:\/\/villarrealcf.es\/wp-content\/uploads\/2024\/06\/PEPE-1-1618x1080.jpg","alt":"","width":1618,"height":1080,"srcset":"https:\/\/villarrealcf.es\/wp-content\/uploads\/2024\/06\/PEPE-1-1618x1080.jpg 1618w, https:\/\/villarrealcf.es\/wp-content\/uploads\/2024\/06\/PEPE-1-1618x1080.jpg 1920w, https:\/\/villarrealcf.es\/wp-content\/uploads\/2024\/06\/PEPE-1-1536x1025.jpg 1536w, https:\/\/villarrealcf.es\/wp-content\/uploads\/2024\/06\/PEPE-1-2048x1367.jpg 2048w, https:\/\/villarrealcf.es\/wp-content\/uploads\/2024\/06\/PEPE-1-1618x1080.jpg 1920w, https:\/\/villarrealcf.es\/wp-content\/uploads\/2024\/06\/PEPE-1-1618x1080.jpg 1920w, https:\/\/villarrealcf.es\/wp-content\/uploads\/2024\/06\/PEPE-1-32x21.jpg 32w, https:\/\/villarrealcf.es\/wp-content\/uploads\/2024\/06\/PEPE-1-150x100.jpg 150w, https:\/\/villarrealcf.es\/wp-content\/uploads\/2024\/06\/PEPE-1-1618x1080.jpg 1920w, https:\/\/villarrealcf.es\/wp-content\/uploads\/2024\/06\/PEPE-1-1200x801.jpg 1200w","sizes":"auto, (max-width: 1618px) 100vw, 1618px"},{"type":"image","url":"https:\/\/villarrealcf.es\/wp-content\/uploads\/2024\/06\/20220711-PresentacionPepeReina-018-1620x1080.jpg","alt":"","width":1620,"height":1080,"srcset":"https:\/\/villarrealcf.es\/wp-content\/uploads\/2024\/06\/20220711-PresentacionPepeReina-018-1620x1080.jpg 1620w, https:\/\/villarrealcf.es\/wp-content\/uploads\/2024\/06\/20220711-PresentacionPepeReina-018-1620x1080.jpg 1920w, https:\/\/villarrealcf.es\/wp-content\/uploads\/2024\/06\/20220711-PresentacionPepeReina-018-1536x1024.jpg 1536w, https:\/\/villarrealcf.es\/wp-content\/uploads\/2024\/06\/20220711-PresentacionPepeReina-018-2048x1366.jpg 2048w, https:\/\/villarrealcf.es\/wp-content\/uploads\/2024\/06\/20220711-PresentacionPepeReina-018-1620x1080.jpg 1920w, https:\/\/villarrealcf.es\/wp-content\/uploads\/2024\/06\/20220711-PresentacionPepeReina-018-1620x1080.jpg 1920w, https:\/\/villarrealcf.es\/wp-content\/uploads\/2024\/06\/20220711-PresentacionPepeReina-018-32x21.jpg 32w, https:\/\/villarrealcf.es\/wp-content\/uploads\/2024\/06\/20220711-PresentacionPepeReina-018-150x100.jpg 150w, https:\/\/villarrealcf.es\/wp-content\/uploads\/2024\/06\/20220711-PresentacionPepeReina-018-1620x1080.jpg 1920w, https:\/\/villarrealcf.es\/wp-content\/uploads\/2024\/06\/20220711-PresentacionPepeReina-018-1200x800.jpg 1200w, https:\/\/villarrealcf.es\/wp-content\/uploads\/2024\/06\/20220711-PresentacionPepeReina-018.jpg 2362w","sizes":"auto, (max-width: 1620px) 100vw, 1620px"},{"type":"image","url":"https:\/\/villarrealcf.es\/wp-content\/uploads\/2024\/06\/VillarrealCF-CadizCF-048-1620x1080.jpg","alt":"","width":1620,"height":1080,"srcset":"https:\/\/villarrealcf.es\/wp-content\/uploads\/2024\/06\/VillarrealCF-CadizCF-048-1620x1080.jpg 1620w, https:\/\/villarrealcf.es\/wp-content\/uploads\/2024\/06\/VillarrealCF-CadizCF-048-1620x1080.jpg 1920w, https:\/\/villarrealcf.es\/wp-content\/uploads\/2024\/06\/VillarrealCF-CadizCF-048-1536x1024.jpg 1536w, https:\/\/villarrealcf.es\/wp-content\/uploads\/2024\/06\/VillarrealCF-CadizCF-048-2048x1366.jpg 2048w, https:\/\/villarrealcf.es\/wp-content\/uploads\/2024\/06\/VillarrealCF-CadizCF-048-1620x1080.jpg 1920w, https:\/\/villarrealcf.es\/wp-content\/uploads\/2024\/06\/VillarrealCF-CadizCF-048-1620x1080.jpg 1920w, https:\/\/villarrealcf.es\/wp-content\/uploads\/2024\/06\/VillarrealCF-CadizCF-048-32x21.jpg 32w, https:\/\/villarrealcf.es\/wp-content\/uploads\/2024\/06\/VillarrealCF-CadizCF-048-150x100.jpg 150w, https:\/\/villarrealcf.es\/wp-content\/uploads\/2024\/06\/VillarrealCF-CadizCF-048-1620x1080.jpg 1920w, https:\/\/villarrealcf.es\/wp-content\/uploads\/2024\/06\/VillarrealCF-CadizCF-048-1200x800.jpg 1200w, https:\/\/villarrealcf.es\/wp-content\/uploads\/2024\/06\/VillarrealCF-CadizCF-048.jpg 2362w","sizes":"auto, (max-width: 1620px) 100vw, 1620px"},{"type":"image","url":"https:\/\/villarrealcf.es\/wp-content\/uploads\/2024\/06\/VillarrealCF-StadeRennesFC-180-1620x1080.jpg","alt":"","width":1620,"height":1080,"srcset":"https:\/\/villarrealcf.es\/wp-content\/uploads\/2024\/06\/VillarrealCF-StadeRennesFC-180-1620x1080.jpg 1620w, https:\/\/villarrealcf.es\/wp-content\/uploads\/2024\/06\/VillarrealCF-StadeRennesFC-180-1620x1080.jpg 1920w, https:\/\/villarrealcf.es\/wp-content\/uploads\/2024\/06\/VillarrealCF-StadeRennesFC-180-1536x1024.jpg 1536w, https:\/\/villarrealcf.es\/wp-content\/uploads\/2024\/06\/VillarrealCF-StadeRennesFC-180-2048x1365.jpg 2048w, https:\/\/villarrealcf.es\/wp-content\/uploads\/2024\/06\/VillarrealCF-StadeRennesFC-180-1620x1080.jpg 1920w, https:\/\/villarrealcf.es\/wp-content\/uploads\/2024\/06\/VillarrealCF-StadeRennesFC-180-1620x1080.jpg 1920w, https:\/\/villarrealcf.es\/wp-content\/uploads\/2024\/06\/VillarrealCF-StadeRennesFC-180-32x21.jpg 32w, https:\/\/villarrealcf.es\/wp-content\/uploads\/2024\/06\/VillarrealCF-StadeRennesFC-180-150x100.jpg 150w, https:\/\/villarrealcf.es\/wp-content\/uploads\/2024\/06\/VillarrealCF-StadeRennesFC-180-1620x1080.jpg 1920w, https:\/\/villarrealcf.es\/wp-content\/uploads\/2024\/06\/VillarrealCF-StadeRennesFC-180-1200x800.jpg 1200w","sizes":"auto, (max-width: 1620px) 100vw, 1620px"}],"videos":[],"links":[]}]},"excerpt":{"rendered":"El llegendari porter s&#8217;acomiada del club quasi 200 partits despr\u00e9s","protected":false},"author":33,"featured_media":310692,"comment_status":"closed","ping_status":"closed","sticky":false,"template":"","format":"standard","meta":{"_acf_changed":false,"footnotes":""},"categories":[13493],"tags":[717,9270,13901,716,9205,9627,9203],"acf":null,"lang":"val","translations":{"es":310677,"val":310715,"en":310745},"essential_grid":{"has_grid":false},"formatted_date":"June 4, 2024","modified_date":"June 4, 2024","permalink":"https:\/\/villarrealcf.es\/val\/els-millors-moments-de-pepe-reina-al-villarreal\/","reading_time":3,"featured_media_data":{"id":310692,"title":"REINA - Despedida Horizontal","caption":"","alt_text":"","description":"","mime_type":"image\/jpeg","source_url":"https:\/\/villarrealcf.es\/wp-content\/uploads\/2024\/06\/REINA-Despedida-Horizontal.jpg","sizes":{"thumbnail":{"url":"https:\/\/villarrealcf.es\/wp-content\/uploads\/2024\/06\/REINA-Despedida-Horizontal.jpg","width":1600,"height":900},"medium":{"url":"https:\/\/villarrealcf.es\/wp-content\/uploads\/2024\/06\/REINA-Despedida-Horizontal.jpg","width":1600,"height":900},"medium_large":{"url":"https:\/\/villarrealcf.es\/wp-content\/uploads\/2024\/06\/REINA-Despedida-Horizontal-768x432.jpg","width":768,"height":432},"large":{"url":"https:\/\/villarrealcf.es\/wp-content\/uploads\/2024\/06\/REINA-Despedida-Horizontal.jpg","width":788,"height":443},"1536x1536":{"url":"https:\/\/villarrealcf.es\/wp-content\/uploads\/2024\/06\/REINA-Despedida-Horizontal-1536x864.jpg","width":1536,"height":864},"2048x2048":{"url":"https:\/\/villarrealcf.es\/wp-content\/uploads\/2024\/06\/REINA-Despedida-Horizontal.jpg","width":1600,"height":900},"tp-image-grid":{"url":"https:\/\/villarrealcf.es\/wp-content\/uploads\/2024\/06\/REINA-Despedida-Horizontal-700x700.jpg","width":700,"height":700},"size-bunyad-medium":{"url":"https:\/\/villarrealcf.es\/wp-content\/uploads\/2024\/06\/REINA-Despedida-Horizontal.jpg","width":1600,"height":900},"sportspress-crop-medium":{"url":"https:\/\/villarrealcf.es\/wp-content\/uploads\/2024\/06\/REINA-Despedida-Horizontal-300x300.jpg","width":300,"height":300},"sportspress-fit-medium":{"url":"https:\/\/villarrealcf.es\/wp-content\/uploads\/2024\/06\/REINA-Despedida-Horizontal-300x169.jpg","width":300,"height":169},"sportspress-fit-icon":{"url":"https:\/\/villarrealcf.es\/wp-content\/uploads\/2024\/06\/REINA-Despedida-Horizontal-128x72.jpg","width":128,"height":72},"sportspress-fit-mini":{"url":"https:\/\/villarrealcf.es\/wp-content\/uploads\/2024\/06\/REINA-Despedida-Horizontal-32x18.jpg","width":32,"height":18},"bunyad-small":{"url":"https:\/\/villarrealcf.es\/wp-content\/uploads\/2024\/06\/REINA-Despedida-Horizontal-150x84.jpg","width":150,"height":84},"bunyad-medium":{"url":"https:\/\/villarrealcf.es\/wp-content\/uploads\/2024\/06\/REINA-Despedida-Horizontal-450x253.jpg","width":450,"height":253},"bunyad-full":{"url":"https:\/\/villarrealcf.es\/wp-content\/uploads\/2024\/06\/REINA-Despedida-Horizontal-1200x675.jpg","width":1200,"height":675},"bunyad-viewport":{"url":"https:\/\/villarrealcf.es\/wp-content\/uploads\/2024\/06\/REINA-Despedida-Horizontal.jpg","width":1600,"height":900},"bunyad-768":{"url":"https:\/\/villarrealcf.es\/wp-content\/uploads\/2024\/06\/REINA-Despedida-Horizontal-768x432.jpg","width":768,"height":432},"full":{"url":"https:\/\/villarrealcf.es\/wp-content\/uploads\/2024\/06\/REINA-Despedida-Horizontal.jpg","width":1600,"height":900}}},"author_data":{"id":"33","name":"Nacho Tejada","first_name":"Nacho","last_name":"Tejada","description":"","avatar_url":"https:\/\/secure.gravatar.com\/avatar\/b1580534b2fcd93e031504756165758941290488df5c88966a26f84344931fd1?s=96&d=mm&r=g","acf":null},"taxonomies_data":{"category":[{"id":13493,"name":"Primer equip","slug":"primer-equip","acf":null}],"post_tag":[{"id":717,"name":"Football","slug":"football-d34","acf":null},{"id":9270,"name":"Futbol","slug":"futbol-val","acf":null},{"id":13901,"name":"Pepe Reina","slug":"pepe-reina-2-val","acf":null},{"id":716,"name":"Soccer","slug":"soccer-d105","acf":null},{"id":9205,"name":"Submarino","slug":"submarino-val","acf":null},{"id":9627,"name":"Submarino Amarillo","slug":"submarino-amarillo-val","acf":null},{"id":9203,"name":"Villarreal CF","slug":"villarreal-cf-val","acf":null}],"translation_priority":[{"id":735,"name":"Optional","slug":"optional-val","acf":null}]},"seo_full":{"native":{"title":"Els millors moments de Pepe Reina al Villarreal - Web Oficial del Villarreal CF","description":"El llegendari porter s'acomiada del club quasi 200 partits despr\u00e9s","canonical":"https:\/\/villarrealcf.es\/val\/els-millors-moments-de-pepe-reina-al-villarreal\/"}},"_links":{"self":[{"href":"https:\/\/villarrealcf.es\/val\/wp-json\/wp\/v2\/posts\/310715","targetHints":{"allow":["GET"]}}],"collection":[{"href":"https:\/\/villarrealcf.es\/val\/wp-json\/wp\/v2\/posts"}],"about":[{"href":"https:\/\/villarrealcf.es\/val\/wp-json\/wp\/v2\/types\/post"}],"author":[{"embeddable":true,"href":"https:\/\/villarrealcf.es\/val\/wp-json\/wp\/v2\/users\/33"}],"replies":[{"embeddable":true,"href":"https:\/\/villarrealcf.es\/val\/wp-json\/wp\/v2\/comments?post=310715"}],"version-history":[{"count":0,"href":"https:\/\/villarrealcf.es\/val\/wp-json\/wp\/v2\/posts\/310715\/revisions"}],"wp:featuredmedia":[{"embeddable":true,"href":"https:\/\/villarrealcf.es\/val\/wp-json\/wp\/v2\/media\/310692"}],"wp:attachment":[{"href":"https:\/\/villarrealcf.es\/val\/wp-json\/wp\/v2\/media?parent=310715"}],"wp:term":[{"taxonomy":"category","embeddable":true,"href":"https:\/\/villarrealcf.es\/val\/wp-json\/wp\/v2\/categories?post=310715"},{"taxonomy":"post_tag","embeddable":true,"href":"https:\/\/villarrealcf.es\/val\/wp-json\/wp\/v2\/tags?post=310715"}],"curies":[{"name":"wp","href":"https:\/\/api.w.org\/{rel}","templated":true}]}}