{"id":310657,"date":"2024-06-04T14:03:53","date_gmt":"2024-06-04T12:03:53","guid":{"rendered":"https:\/\/villarrealcf.es\/?p=310657"},"modified":"2024-06-04T17:09:09","modified_gmt":"2024-06-04T15:09:09","slug":"denis-suarez-rep-lalta-medica","status":"publish","type":"post","link":"https:\/\/villarrealcf.es\/val\/denis-suarez-rep-lalta-medica\/","title":{"rendered":"Denis Su\u00e1rez rep l&#8217;alta m\u00e8dica"},"content":{"protected":false,"blocks":[{"type":"heading","level":2,"text":"El gallec s\u2019ha recuperat de la lesi\u00f3 que arrossegava en el tend\u00f3 del recte anterior del qu\u00e0driceps de la cama esquerra"},{"type":"paragraph","text":"El migcampista del Villarreal Denis Su\u00e1rez ha rebut l\u2019alta m\u00e8dica despr\u00e9s de completar el proc\u00e9s de recuperaci\u00f3 corresponent a la reparaci\u00f3 del tend\u00f3 del recte anterior del qu\u00e0driceps de la cama esquerra."},{"type":"paragraph","text":"El vistiplau definitiu ha arribat despr\u00e9s de l\u2019\u00faltima revisi\u00f3 en la cl\u00ednica del doctor finland\u00e9s Lasse Lempainen, que va intervindre al futbolista gallec el mes de febrer passat sota la supervisi\u00f3 dels serveis m\u00e8dics del Villarreal CF."},{"type":"image","url":"https:\/\/villarrealcf.es\/wp-content\/uploads\/2024\/03\/image.png","alt":"","width":760,"height":84,"srcset":"https:\/\/villarrealcf.es\/wp-content\/uploads\/2024\/03\/image.png 760w, https:\/\/villarrealcf.es\/wp-content\/uploads\/2024\/03\/image.png 1920w, https:\/\/villarrealcf.es\/wp-content\/uploads\/2024\/03\/image.png 1920w, https:\/\/villarrealcf.es\/wp-content\/uploads\/2024\/03\/image-32x4.png 32w, https:\/\/villarrealcf.es\/wp-content\/uploads\/2024\/03\/image-150x17.png 150w, https:\/\/villarrealcf.es\/wp-content\/uploads\/2024\/03\/image.png 1920w, https:\/\/villarrealcf.es\/wp-content\/uploads\/2024\/03\/image.png 1920w","sizes":"auto, (max-width: 760px) 100vw, 760px"}],"structured":{"summary":{"text":"El gallec s\u2019ha recuperat de la lesi\u00f3 que arrossegava en el tend\u00f3 del recte anterior del qu\u00e0driceps de la cama esquerra El migcampista del Villarreal Denis Su\u00e1rez ha rebut l\u2019alta m\u00e8dica despr\u00e9s de completar el proc\u00e9s de recuperaci\u00f3 corresponent a la reparaci\u00f3 del tend\u00f3 del recte anterior del qu\u00e0driceps de la cama esquerra. El vistiplau definitiu ha arribat despr\u00e9s de l\u2019\u00faltima revisi\u00f3 en la cl\u00ednica del doctor finland\u00e9s Lasse Lempainen, que va intervindre al futbolista gallec el mes de febrer passat sota la supervisi\u00f3 dels serveis m\u00e8dics del Villarreal CF.","headings":[{"type":"heading","level":2,"text":"El gallec s\u2019ha recuperat de la lesi\u00f3 que arrossegava en el tend\u00f3 del recte anterior del qu\u00e0driceps de la cama esquerra"}],"buttons":[],"images":[{"type":"image","url":"https:\/\/villarrealcf.es\/wp-content\/uploads\/2024\/03\/image.png","alt":"","width":760,"height":84,"srcset":"https:\/\/villarrealcf.es\/wp-content\/uploads\/2024\/03\/image.png 760w, https:\/\/villarrealcf.es\/wp-content\/uploads\/2024\/03\/image.png 1920w, https:\/\/villarrealcf.es\/wp-content\/uploads\/2024\/03\/image.png 1920w, https:\/\/villarrealcf.es\/wp-content\/uploads\/2024\/03\/image-32x4.png 32w, https:\/\/villarrealcf.es\/wp-content\/uploads\/2024\/03\/image-150x17.png 150w, https:\/\/villarrealcf.es\/wp-content\/uploads\/2024\/03\/image.png 1920w, https:\/\/villarrealcf.es\/wp-content\/uploads\/2024\/03\/image.png 1920w","sizes":"auto, (max-width: 760px) 100vw, 760px"}],"counts":{"blocks":4,"headings":1,"texts":2,"buttons":0,"images":1}},"sections":[{"id":"section-1","title":"El gallec s\u2019ha recuperat de la lesi\u00f3 que arrossegava en el tend\u00f3 del recte anterior del qu\u00e0driceps de la cama esquerra","text":"El gallec s\u2019ha recuperat de la lesi\u00f3 que arrossegava en el tend\u00f3 del recte anterior del qu\u00e0driceps de la cama esquerra El migcampista del Villarreal Denis Su\u00e1rez ha rebut l\u2019alta m\u00e8dica despr\u00e9s de completar el proc\u00e9s de recuperaci\u00f3 corresponent a la reparaci\u00f3 del tend\u00f3 del recte anterior del qu\u00e0driceps de la cama esquerra. El vistiplau definitiu ha arribat despr\u00e9s de l\u2019\u00faltima revisi\u00f3 en la cl\u00ednica del doctor finland\u00e9s Lasse Lempainen, que va intervindre al futbolista gallec el mes de febrer passat sota la supervisi\u00f3 dels serveis m\u00e8dics del Villarreal CF.","headings":[{"type":"heading","level":2,"text":"El gallec s\u2019ha recuperat de la lesi\u00f3 que arrossegava en el tend\u00f3 del recte anterior del qu\u00e0driceps de la cama esquerra"}],"texts":[{"type":"paragraph","text":"El migcampista del Villarreal Denis Su\u00e1rez ha rebut l\u2019alta m\u00e8dica despr\u00e9s de completar el proc\u00e9s de recuperaci\u00f3 corresponent a la reparaci\u00f3 del tend\u00f3 del recte anterior del qu\u00e0driceps de la cama esquerra."},{"type":"paragraph","text":"El vistiplau definitiu ha arribat despr\u00e9s de l\u2019\u00faltima revisi\u00f3 en la cl\u00ednica del doctor finland\u00e9s Lasse Lempainen, que va intervindre al futbolista gallec el mes de febrer passat sota la supervisi\u00f3 dels serveis m\u00e8dics del Villarreal CF."}],"buttons":[],"images":[{"type":"image","url":"https:\/\/villarrealcf.es\/wp-content\/uploads\/2024\/03\/image.png","alt":"","width":760,"height":84,"srcset":"https:\/\/villarrealcf.es\/wp-content\/uploads\/2024\/03\/image.png 760w, https:\/\/villarrealcf.es\/wp-content\/uploads\/2024\/03\/image.png 1920w, https:\/\/villarrealcf.es\/wp-content\/uploads\/2024\/03\/image.png 1920w, https:\/\/villarrealcf.es\/wp-content\/uploads\/2024\/03\/image-32x4.png 32w, https:\/\/villarrealcf.es\/wp-content\/uploads\/2024\/03\/image-150x17.png 150w, https:\/\/villarrealcf.es\/wp-content\/uploads\/2024\/03\/image.png 1920w, https:\/\/villarrealcf.es\/wp-content\/uploads\/2024\/03\/image.png 1920w","sizes":"auto, (max-width: 760px) 100vw, 760px"}],"widgets":[],"blocks":[{"type":"heading","level":2,"text":"El gallec s\u2019ha recuperat de la lesi\u00f3 que arrossegava en el tend\u00f3 del recte anterior del qu\u00e0driceps de la cama esquerra"},{"type":"paragraph","text":"El migcampista del Villarreal Denis Su\u00e1rez ha rebut l\u2019alta m\u00e8dica despr\u00e9s de completar el proc\u00e9s de recuperaci\u00f3 corresponent a la reparaci\u00f3 del tend\u00f3 del recte anterior del qu\u00e0driceps de la cama esquerra."},{"type":"paragraph","text":"El vistiplau definitiu ha arribat despr\u00e9s de l\u2019\u00faltima revisi\u00f3 en la cl\u00ednica del doctor finland\u00e9s Lasse Lempainen, que va intervindre al futbolista gallec el mes de febrer passat sota la supervisi\u00f3 dels serveis m\u00e8dics del Villarreal CF."},{"type":"image","url":"https:\/\/villarrealcf.es\/wp-content\/uploads\/2024\/03\/image.png","alt":"","width":760,"height":84,"srcset":"https:\/\/villarrealcf.es\/wp-content\/uploads\/2024\/03\/image.png 760w, https:\/\/villarrealcf.es\/wp-content\/uploads\/2024\/03\/image.png 1920w, https:\/\/villarrealcf.es\/wp-content\/uploads\/2024\/03\/image.png 1920w, https:\/\/villarrealcf.es\/wp-content\/uploads\/2024\/03\/image-32x4.png 32w, https:\/\/villarrealcf.es\/wp-content\/uploads\/2024\/03\/image-150x17.png 150w, https:\/\/villarrealcf.es\/wp-content\/uploads\/2024\/03\/image.png 1920w, https:\/\/villarrealcf.es\/wp-content\/uploads\/2024\/03\/image.png 1920w","sizes":"auto, (max-width: 760px) 100vw, 760px"}]}],"hero":{"id":"section-1","title":"El gallec s\u2019ha recuperat de la lesi\u00f3 que arrossegava en el tend\u00f3 del recte anterior del qu\u00e0driceps de la cama esquerra","text":"El gallec s\u2019ha recuperat de la lesi\u00f3 que arrossegava en el tend\u00f3 del recte anterior del qu\u00e0driceps de la cama esquerra El migcampista del Villarreal Denis Su\u00e1rez ha rebut l\u2019alta m\u00e8dica despr\u00e9s de completar el proc\u00e9s de recuperaci\u00f3 corresponent a la reparaci\u00f3 del tend\u00f3 del recte anterior del qu\u00e0driceps de la cama esquerra. El vistiplau definitiu ha arribat despr\u00e9s de l\u2019\u00faltima revisi\u00f3 en la cl\u00ednica del doctor finland\u00e9s Lasse Lempainen, que va intervindre al futbolista gallec el mes de febrer passat sota la supervisi\u00f3 dels serveis m\u00e8dics del Villarreal CF.","headings":[{"type":"heading","level":2,"text":"El gallec s\u2019ha recuperat de la lesi\u00f3 que arrossegava en el tend\u00f3 del recte anterior del qu\u00e0driceps de la cama esquerra"}],"texts":[{"type":"paragraph","text":"El migcampista del Villarreal Denis Su\u00e1rez ha rebut l\u2019alta m\u00e8dica despr\u00e9s de completar el proc\u00e9s de recuperaci\u00f3 corresponent a la reparaci\u00f3 del tend\u00f3 del recte anterior del qu\u00e0driceps de la cama esquerra."},{"type":"paragraph","text":"El vistiplau definitiu ha arribat despr\u00e9s de l\u2019\u00faltima revisi\u00f3 en la cl\u00ednica del doctor finland\u00e9s Lasse Lempainen, que va intervindre al futbolista gallec el mes de febrer passat sota la supervisi\u00f3 dels serveis m\u00e8dics del Villarreal CF."}],"buttons":[],"images":[{"type":"image","url":"https:\/\/villarrealcf.es\/wp-content\/uploads\/2024\/03\/image.png","alt":"","width":760,"height":84,"srcset":"https:\/\/villarrealcf.es\/wp-content\/uploads\/2024\/03\/image.png 760w, https:\/\/villarrealcf.es\/wp-content\/uploads\/2024\/03\/image.png 1920w, https:\/\/villarrealcf.es\/wp-content\/uploads\/2024\/03\/image.png 1920w, https:\/\/villarrealcf.es\/wp-content\/uploads\/2024\/03\/image-32x4.png 32w, https:\/\/villarrealcf.es\/wp-content\/uploads\/2024\/03\/image-150x17.png 150w, https:\/\/villarrealcf.es\/wp-content\/uploads\/2024\/03\/image.png 1920w, https:\/\/villarrealcf.es\/wp-content\/uploads\/2024\/03\/image.png 1920w","sizes":"auto, (max-width: 760px) 100vw, 760px"}],"widgets":[],"blocks":[{"type":"heading","level":2,"text":"El gallec s\u2019ha recuperat de la lesi\u00f3 que arrossegava en el tend\u00f3 del recte anterior del qu\u00e0driceps de la cama esquerra"},{"type":"paragraph","text":"El migcampista del Villarreal Denis Su\u00e1rez ha rebut l\u2019alta m\u00e8dica despr\u00e9s de completar el proc\u00e9s de recuperaci\u00f3 corresponent a la reparaci\u00f3 del tend\u00f3 del recte anterior del qu\u00e0driceps de la cama esquerra."},{"type":"paragraph","text":"El vistiplau definitiu ha arribat despr\u00e9s de l\u2019\u00faltima revisi\u00f3 en la cl\u00ednica del doctor finland\u00e9s Lasse Lempainen, que va intervindre al futbolista gallec el mes de febrer passat sota la supervisi\u00f3 dels serveis m\u00e8dics del Villarreal CF."},{"type":"image","url":"https:\/\/villarrealcf.es\/wp-content\/uploads\/2024\/03\/image.png","alt":"","width":760,"height":84,"srcset":"https:\/\/villarrealcf.es\/wp-content\/uploads\/2024\/03\/image.png 760w, https:\/\/villarrealcf.es\/wp-content\/uploads\/2024\/03\/image.png 1920w, https:\/\/villarrealcf.es\/wp-content\/uploads\/2024\/03\/image.png 1920w, https:\/\/villarrealcf.es\/wp-content\/uploads\/2024\/03\/image-32x4.png 32w, https:\/\/villarrealcf.es\/wp-content\/uploads\/2024\/03\/image-150x17.png 150w, https:\/\/villarrealcf.es\/wp-content\/uploads\/2024\/03\/image.png 1920w, https:\/\/villarrealcf.es\/wp-content\/uploads\/2024\/03\/image.png 1920w","sizes":"auto, (max-width: 760px) 100vw, 760px"}]}},"sections":[{"id":"section-1","title":"El gallec s\u2019ha recuperat de la lesi\u00f3 que arrossegava en el tend\u00f3 del recte anterior del qu\u00e0driceps de la cama esquerra","text":"El gallec s\u2019ha recuperat de la lesi\u00f3 que arrossegava en el tend\u00f3 del recte anterior del qu\u00e0driceps de la cama esquerra El migcampista del Villarreal Denis Su\u00e1rez ha rebut l\u2019alta m\u00e8dica despr\u00e9s de completar el proc\u00e9s de recuperaci\u00f3 corresponent a la reparaci\u00f3 del tend\u00f3 del recte anterior del qu\u00e0driceps de la cama esquerra. El vistiplau definitiu ha arribat despr\u00e9s de l\u2019\u00faltima revisi\u00f3 en la cl\u00ednica del doctor finland\u00e9s Lasse Lempainen, que va intervindre al futbolista gallec el mes de febrer passat sota la supervisi\u00f3 dels serveis m\u00e8dics del Villarreal CF.","url":"","background_image":"","images":[{"type":"image","url":"https:\/\/villarrealcf.es\/wp-content\/uploads\/2024\/03\/image.png","alt":"","width":760,"height":84,"srcset":"https:\/\/villarrealcf.es\/wp-content\/uploads\/2024\/03\/image.png 760w, https:\/\/villarrealcf.es\/wp-content\/uploads\/2024\/03\/image.png 1920w, https:\/\/villarrealcf.es\/wp-content\/uploads\/2024\/03\/image.png 1920w, https:\/\/villarrealcf.es\/wp-content\/uploads\/2024\/03\/image-32x4.png 32w, https:\/\/villarrealcf.es\/wp-content\/uploads\/2024\/03\/image-150x17.png 150w, https:\/\/villarrealcf.es\/wp-content\/uploads\/2024\/03\/image.png 1920w, https:\/\/villarrealcf.es\/wp-content\/uploads\/2024\/03\/image.png 1920w","sizes":"auto, (max-width: 760px) 100vw, 760px"}],"videos":[],"links":[]}]},"excerpt":{"rendered":"El gallec s&#8217;ha recuperat de la lesi\u00f3 que arrossegava en el tend\u00f3 del recte anterior del qu\u00e0driceps de la cama esquerra","protected":false},"author":22,"featured_media":310652,"comment_status":"closed","ping_status":"closed","sticky":false,"template":"","format":"standard","meta":{"_acf_changed":false,"footnotes":""},"categories":[13952],"tags":[9358,10722,717,13555,9278,716,9205,13556,13557],"acf":null,"lang":"val","translations":{"es":310648,"val":310657,"en":310666},"essential_grid":{"has_grid":false},"formatted_date":"June 4, 2024","modified_date":"June 4, 2024","permalink":"https:\/\/villarrealcf.es\/val\/denis-suarez-rep-lalta-medica\/","reading_time":1,"featured_media_data":{"id":310652,"title":"RCCeltaVigo-VillarrealCF-038 (2)","caption":"","alt_text":"","description":"","mime_type":"image\/jpeg","source_url":"https:\/\/villarrealcf.es\/wp-content\/uploads\/2024\/06\/RCCeltaVigo-VillarrealCF-038-2.jpg","sizes":{"thumbnail":{"url":"https:\/\/villarrealcf.es\/wp-content\/uploads\/2024\/06\/RCCeltaVigo-VillarrealCF-038-2-1920x1080.jpg","width":1920,"height":1080},"medium":{"url":"https:\/\/villarrealcf.es\/wp-content\/uploads\/2024\/06\/RCCeltaVigo-VillarrealCF-038-2-1920x1080.jpg","width":1920,"height":1080},"medium_large":{"url":"https:\/\/villarrealcf.es\/wp-content\/uploads\/2024\/06\/RCCeltaVigo-VillarrealCF-038-2-768x432.jpg","width":768,"height":432},"large":{"url":"https:\/\/villarrealcf.es\/wp-content\/uploads\/2024\/06\/RCCeltaVigo-VillarrealCF-038-2-1920x1080.jpg","width":788,"height":443},"1536x1536":{"url":"https:\/\/villarrealcf.es\/wp-content\/uploads\/2024\/06\/RCCeltaVigo-VillarrealCF-038-2-1536x864.jpg","width":1536,"height":864},"2048x2048":{"url":"https:\/\/villarrealcf.es\/wp-content\/uploads\/2024\/06\/RCCeltaVigo-VillarrealCF-038-2-2048x1152.jpg","width":2048,"height":1152},"tp-image-grid":{"url":"https:\/\/villarrealcf.es\/wp-content\/uploads\/2024\/06\/RCCeltaVigo-VillarrealCF-038-2-700x700.jpg","width":700,"height":700},"size-bunyad-medium":{"url":"https:\/\/villarrealcf.es\/wp-content\/uploads\/2024\/06\/RCCeltaVigo-VillarrealCF-038-2-1920x1080.jpg","width":1920,"height":1080},"sportspress-crop-medium":{"url":"https:\/\/villarrealcf.es\/wp-content\/uploads\/2024\/06\/RCCeltaVigo-VillarrealCF-038-2-300x300.jpg","width":300,"height":300},"sportspress-fit-medium":{"url":"https:\/\/villarrealcf.es\/wp-content\/uploads\/2024\/06\/RCCeltaVigo-VillarrealCF-038-2-300x169.jpg","width":300,"height":169},"sportspress-fit-icon":{"url":"https:\/\/villarrealcf.es\/wp-content\/uploads\/2024\/06\/RCCeltaVigo-VillarrealCF-038-2-128x72.jpg","width":128,"height":72},"sportspress-fit-mini":{"url":"https:\/\/villarrealcf.es\/wp-content\/uploads\/2024\/06\/RCCeltaVigo-VillarrealCF-038-2-32x18.jpg","width":32,"height":18},"bunyad-small":{"url":"https:\/\/villarrealcf.es\/wp-content\/uploads\/2024\/06\/RCCeltaVigo-VillarrealCF-038-2-150x84.jpg","width":150,"height":84},"bunyad-medium":{"url":"https:\/\/villarrealcf.es\/wp-content\/uploads\/2024\/06\/RCCeltaVigo-VillarrealCF-038-2-450x253.jpg","width":450,"height":253},"bunyad-full":{"url":"https:\/\/villarrealcf.es\/wp-content\/uploads\/2024\/06\/RCCeltaVigo-VillarrealCF-038-2-1200x675.jpg","width":1200,"height":675},"bunyad-viewport":{"url":"https:\/\/villarrealcf.es\/wp-content\/uploads\/2024\/06\/RCCeltaVigo-VillarrealCF-038-2-2048x1152.jpg","width":2048,"height":1152},"bunyad-768":{"url":"https:\/\/villarrealcf.es\/wp-content\/uploads\/2024\/06\/RCCeltaVigo-VillarrealCF-038-2-768x432.jpg","width":768,"height":432},"full":{"url":"https:\/\/villarrealcf.es\/wp-content\/uploads\/2024\/06\/RCCeltaVigo-VillarrealCF-038-2.jpg","width":2536,"height":1427}}},"author_data":{"id":"22","name":"David Calder\u00f3n","first_name":"David","last_name":"Calder\u00f3n","description":"","avatar_url":"https:\/\/secure.gravatar.com\/avatar\/ca3914b05e6ff912415bb0b95a9fd87c2bbaf349c1fcd08d38cd4e6c56646e58?s=96&d=mm&r=g","acf":null},"taxonomies_data":{"category":[{"id":13952,"name":"Comunicat m\u00e8dic","slug":"parte-medico-val","acf":null}],"post_tag":[{"id":9358,"name":"Comunitat m\u00e8dic","slug":"parte-medico-val","acf":null},{"id":10722,"name":"Denis Su\u00e1rez","slug":"denis-suarez-val","acf":null},{"id":717,"name":"Football","slug":"football-d34","acf":null},{"id":13555,"name":"Futbol","slug":"futbol-val-2","acf":null},{"id":9278,"name":"primera division","slug":"primera-division-val","acf":null},{"id":716,"name":"Soccer","slug":"soccer-d105","acf":null},{"id":9205,"name":"Submarino","slug":"submarino-val","acf":null},{"id":13556,"name":"Submarino Amarillo","slug":"submarino-amarillo-val-2","acf":null},{"id":13557,"name":"Villarreal CF","slug":"villarreal-cf-val-2","acf":null}],"translation_priority":[{"id":735,"name":"Optional","slug":"optional-val","acf":null}]},"seo_full":{"native":{"title":"Denis Su\u00e1rez rep l&#8217;alta m\u00e8dica - Web Oficial del Villarreal CF","description":"El gallec s'ha recuperat de la lesi\u00f3 que arrossegava en el tend\u00f3 del recte anterior del qu\u00e0driceps de la cama esquerra","canonical":"https:\/\/villarrealcf.es\/val\/denis-suarez-rep-lalta-medica\/"}},"_links":{"self":[{"href":"https:\/\/villarrealcf.es\/val\/wp-json\/wp\/v2\/posts\/310657","targetHints":{"allow":["GET"]}}],"collection":[{"href":"https:\/\/villarrealcf.es\/val\/wp-json\/wp\/v2\/posts"}],"about":[{"href":"https:\/\/villarrealcf.es\/val\/wp-json\/wp\/v2\/types\/post"}],"author":[{"embeddable":true,"href":"https:\/\/villarrealcf.es\/val\/wp-json\/wp\/v2\/users\/22"}],"replies":[{"embeddable":true,"href":"https:\/\/villarrealcf.es\/val\/wp-json\/wp\/v2\/comments?post=310657"}],"version-history":[{"count":0,"href":"https:\/\/villarrealcf.es\/val\/wp-json\/wp\/v2\/posts\/310657\/revisions"}],"wp:featuredmedia":[{"embeddable":true,"href":"https:\/\/villarrealcf.es\/val\/wp-json\/wp\/v2\/media\/310652"}],"wp:attachment":[{"href":"https:\/\/villarrealcf.es\/val\/wp-json\/wp\/v2\/media?parent=310657"}],"wp:term":[{"taxonomy":"category","embeddable":true,"href":"https:\/\/villarrealcf.es\/val\/wp-json\/wp\/v2\/categories?post=310657"},{"taxonomy":"post_tag","embeddable":true,"href":"https:\/\/villarrealcf.es\/val\/wp-json\/wp\/v2\/tags?post=310657"}],"curies":[{"name":"wp","href":"https:\/\/api.w.org\/{rel}","templated":true}]}}