{"id":310126,"date":"2024-05-29T12:53:58","date_gmt":"2024-05-29T10:53:58","guid":{"rendered":"https:\/\/villarrealcf.es\/horario-confirmado-para-el-atletico-de-madrid-villarreal-femenino\/"},"modified":"2024-05-29T12:58:17","modified_gmt":"2024-05-29T10:58:17","slug":"horario-confirmado-para-el-atletico-de-madrid-villarreal-femenino","status":"publish","type":"post","link":"https:\/\/villarrealcf.es\/val\/horario-confirmado-para-el-atletico-de-madrid-villarreal-femenino\/","title":{"rendered":"Horari confirmat per a l&#8217;Atl\u00e9tico de Madrid-Villarreal Femen\u00ed"},"content":{"protected":false,"blocks":[{"type":"heading","level":2,"text":"El partit entre les blanc-i-vermelles i les groguetes se celebrar\u00e0 el dissabte 15 de juny a les 12.00h"},{"type":"paragraph","text":"La Lliga Professional de Futbol Femen\u00ed ha donat a con\u00e9ixer els horaris per a la jornada 30 de Liga F 2023\/24. Les groguetes viatjaran fins a Alcal\u00e1 de Henares per a enfrontar-se a l\u2019Atl\u00e9tico de Madrid el dissabte 15 de juny, a les 12.00 hores, a la Ciutat Esportiva d\u2019Alcal\u00e1 de Henares. El partit podr\u00e0 veure\u2019s en directe a trav\u00e9s de GOL PLAY."}],"structured":{"summary":{"text":"El partit entre les blanc-i-vermelles i les groguetes se celebrar\u00e0 el dissabte 15 de juny a les 12.00h La Lliga Professional de Futbol Femen\u00ed ha donat a con\u00e9ixer els horaris per a la jornada 30 de Liga F 2023\/24. Les groguetes viatjaran fins a Alcal\u00e1 de Henares per a enfrontar-se a l\u2019Atl\u00e9tico de Madrid el dissabte 15 de juny, a les 12.00 hores, a la Ciutat Esportiva d\u2019Alcal\u00e1 de Henares. El partit podr\u00e0 veure\u2019s en directe a trav\u00e9s de GOL PLAY.","headings":[{"type":"heading","level":2,"text":"El partit entre les blanc-i-vermelles i les groguetes se celebrar\u00e0 el dissabte 15 de juny a les 12.00h"}],"buttons":[],"images":[],"counts":{"blocks":2,"headings":1,"texts":1,"buttons":0,"images":0}},"sections":[{"id":"section-1","title":"El partit entre les blanc-i-vermelles i les groguetes se celebrar\u00e0 el dissabte 15 de juny a les 12.00h","text":"El partit entre les blanc-i-vermelles i les groguetes se celebrar\u00e0 el dissabte 15 de juny a les 12.00h La Lliga Professional de Futbol Femen\u00ed ha donat a con\u00e9ixer els horaris per a la jornada 30 de Liga F 2023\/24. Les groguetes viatjaran fins a Alcal\u00e1 de Henares per a enfrontar-se a l\u2019Atl\u00e9tico de Madrid el dissabte 15 de juny, a les 12.00 hores, a la Ciutat Esportiva d\u2019Alcal\u00e1 de Henares. El partit podr\u00e0 veure\u2019s en directe a trav\u00e9s de GOL PLAY.","headings":[{"type":"heading","level":2,"text":"El partit entre les blanc-i-vermelles i les groguetes se celebrar\u00e0 el dissabte 15 de juny a les 12.00h"}],"texts":[{"type":"paragraph","text":"La Lliga Professional de Futbol Femen\u00ed ha donat a con\u00e9ixer els horaris per a la jornada 30 de Liga F 2023\/24. Les groguetes viatjaran fins a Alcal\u00e1 de Henares per a enfrontar-se a l\u2019Atl\u00e9tico de Madrid el dissabte 15 de juny, a les 12.00 hores, a la Ciutat Esportiva d\u2019Alcal\u00e1 de Henares. El partit podr\u00e0 veure\u2019s en directe a trav\u00e9s de GOL PLAY."}],"buttons":[],"images":[],"widgets":[],"blocks":[{"type":"heading","level":2,"text":"El partit entre les blanc-i-vermelles i les groguetes se celebrar\u00e0 el dissabte 15 de juny a les 12.00h"},{"type":"paragraph","text":"La Lliga Professional de Futbol Femen\u00ed ha donat a con\u00e9ixer els horaris per a la jornada 30 de Liga F 2023\/24. Les groguetes viatjaran fins a Alcal\u00e1 de Henares per a enfrontar-se a l\u2019Atl\u00e9tico de Madrid el dissabte 15 de juny, a les 12.00 hores, a la Ciutat Esportiva d\u2019Alcal\u00e1 de Henares. El partit podr\u00e0 veure\u2019s en directe a trav\u00e9s de GOL PLAY."}]}],"hero":{"id":"section-1","title":"El partit entre les blanc-i-vermelles i les groguetes se celebrar\u00e0 el dissabte 15 de juny a les 12.00h","text":"El partit entre les blanc-i-vermelles i les groguetes se celebrar\u00e0 el dissabte 15 de juny a les 12.00h La Lliga Professional de Futbol Femen\u00ed ha donat a con\u00e9ixer els horaris per a la jornada 30 de Liga F 2023\/24. Les groguetes viatjaran fins a Alcal\u00e1 de Henares per a enfrontar-se a l\u2019Atl\u00e9tico de Madrid el dissabte 15 de juny, a les 12.00 hores, a la Ciutat Esportiva d\u2019Alcal\u00e1 de Henares. El partit podr\u00e0 veure\u2019s en directe a trav\u00e9s de GOL PLAY.","headings":[{"type":"heading","level":2,"text":"El partit entre les blanc-i-vermelles i les groguetes se celebrar\u00e0 el dissabte 15 de juny a les 12.00h"}],"texts":[{"type":"paragraph","text":"La Lliga Professional de Futbol Femen\u00ed ha donat a con\u00e9ixer els horaris per a la jornada 30 de Liga F 2023\/24. Les groguetes viatjaran fins a Alcal\u00e1 de Henares per a enfrontar-se a l\u2019Atl\u00e9tico de Madrid el dissabte 15 de juny, a les 12.00 hores, a la Ciutat Esportiva d\u2019Alcal\u00e1 de Henares. El partit podr\u00e0 veure\u2019s en directe a trav\u00e9s de GOL PLAY."}],"buttons":[],"images":[],"widgets":[],"blocks":[{"type":"heading","level":2,"text":"El partit entre les blanc-i-vermelles i les groguetes se celebrar\u00e0 el dissabte 15 de juny a les 12.00h"},{"type":"paragraph","text":"La Lliga Professional de Futbol Femen\u00ed ha donat a con\u00e9ixer els horaris per a la jornada 30 de Liga F 2023\/24. Les groguetes viatjaran fins a Alcal\u00e1 de Henares per a enfrontar-se a l\u2019Atl\u00e9tico de Madrid el dissabte 15 de juny, a les 12.00 hores, a la Ciutat Esportiva d\u2019Alcal\u00e1 de Henares. El partit podr\u00e0 veure\u2019s en directe a trav\u00e9s de GOL PLAY."}]}},"sections":[{"id":"section-1","title":"El partit entre les blanc-i-vermelles i les groguetes se celebrar\u00e0 el dissabte 15 de juny a les 12.00h","text":"El partit entre les blanc-i-vermelles i les groguetes se celebrar\u00e0 el dissabte 15 de juny a les 12.00h La Lliga Professional de Futbol Femen\u00ed ha donat a con\u00e9ixer els horaris per a la jornada 30 de Liga F 2023\/24. Les groguetes viatjaran fins a Alcal\u00e1 de Henares per a enfrontar-se a l\u2019Atl\u00e9tico de Madrid el dissabte 15 de juny, a les 12.00 hores, a la Ciutat Esportiva d\u2019Alcal\u00e1 de Henares. El partit podr\u00e0 veure\u2019s en directe a trav\u00e9s de GOL PLAY.","url":"","background_image":"","images":[],"videos":[],"links":[]}]},"excerpt":{"rendered":"El partit entre les blanc-i-vermelles i les groguetes se celebrar\u00e0 el dissabte 15 de juny a les 12.00h","protected":false},"author":29,"featured_media":310094,"comment_status":"closed","ping_status":"closed","sticky":false,"template":"","format":"standard","meta":{"_acf_changed":false,"footnotes":""},"categories":[13785],"tags":[9529,717,9270,9684,14375,716,9205,9203,12685],"acf":null,"lang":"val","translations":{"es":310086,"val":310126,"en":310130},"essential_grid":{"has_grid":false},"formatted_date":"May 29, 2024","modified_date":"May 29, 2024","permalink":"https:\/\/villarrealcf.es\/val\/horario-confirmado-para-el-atletico-de-madrid-villarreal-femenino\/","reading_time":1,"featured_media_data":{"id":310094,"title":"2023-10-03 Villarreal CF - Atco Madrid 073 ok","caption":"","alt_text":"","description":"","mime_type":"image\/jpeg","source_url":"https:\/\/villarrealcf.es\/wp-content\/uploads\/2024\/05\/2023-10-03-Villarreal-CF-Atco-Madrid-073-ok.jpg","sizes":{"thumbnail":{"url":"https:\/\/villarrealcf.es\/wp-content\/uploads\/2024\/05\/2023-10-03-Villarreal-CF-Atco-Madrid-073-ok.jpg","width":1920,"height":1080},"medium":{"url":"https:\/\/villarrealcf.es\/wp-content\/uploads\/2024\/05\/2023-10-03-Villarreal-CF-Atco-Madrid-073-ok.jpg","width":1920,"height":1080},"medium_large":{"url":"https:\/\/villarrealcf.es\/wp-content\/uploads\/2024\/05\/2023-10-03-Villarreal-CF-Atco-Madrid-073-ok-768x432.jpg","width":768,"height":432},"large":{"url":"https:\/\/villarrealcf.es\/wp-content\/uploads\/2024\/05\/2023-10-03-Villarreal-CF-Atco-Madrid-073-ok.jpg","width":788,"height":443},"1536x1536":{"url":"https:\/\/villarrealcf.es\/wp-content\/uploads\/2024\/05\/2023-10-03-Villarreal-CF-Atco-Madrid-073-ok-1536x864.jpg","width":1536,"height":864},"2048x2048":{"url":"https:\/\/villarrealcf.es\/wp-content\/uploads\/2024\/05\/2023-10-03-Villarreal-CF-Atco-Madrid-073-ok.jpg","width":1920,"height":1080},"tp-image-grid":{"url":"https:\/\/villarrealcf.es\/wp-content\/uploads\/2024\/05\/2023-10-03-Villarreal-CF-Atco-Madrid-073-ok-700x700.jpg","width":700,"height":700},"size-bunyad-medium":{"url":"https:\/\/villarrealcf.es\/wp-content\/uploads\/2024\/05\/2023-10-03-Villarreal-CF-Atco-Madrid-073-ok.jpg","width":1920,"height":1080},"sportspress-crop-medium":{"url":"https:\/\/villarrealcf.es\/wp-content\/uploads\/2024\/05\/2023-10-03-Villarreal-CF-Atco-Madrid-073-ok-300x300.jpg","width":300,"height":300},"sportspress-fit-medium":{"url":"https:\/\/villarrealcf.es\/wp-content\/uploads\/2024\/05\/2023-10-03-Villarreal-CF-Atco-Madrid-073-ok-300x169.jpg","width":300,"height":169},"sportspress-fit-icon":{"url":"https:\/\/villarrealcf.es\/wp-content\/uploads\/2024\/05\/2023-10-03-Villarreal-CF-Atco-Madrid-073-ok-128x72.jpg","width":128,"height":72},"sportspress-fit-mini":{"url":"https:\/\/villarrealcf.es\/wp-content\/uploads\/2024\/05\/2023-10-03-Villarreal-CF-Atco-Madrid-073-ok-32x18.jpg","width":32,"height":18},"bunyad-small":{"url":"https:\/\/villarrealcf.es\/wp-content\/uploads\/2024\/05\/2023-10-03-Villarreal-CF-Atco-Madrid-073-ok-150x84.jpg","width":150,"height":84},"bunyad-medium":{"url":"https:\/\/villarrealcf.es\/wp-content\/uploads\/2024\/05\/2023-10-03-Villarreal-CF-Atco-Madrid-073-ok-450x253.jpg","width":450,"height":253},"bunyad-full":{"url":"https:\/\/villarrealcf.es\/wp-content\/uploads\/2024\/05\/2023-10-03-Villarreal-CF-Atco-Madrid-073-ok-1200x675.jpg","width":1200,"height":675},"bunyad-viewport":{"url":"https:\/\/villarrealcf.es\/wp-content\/uploads\/2024\/05\/2023-10-03-Villarreal-CF-Atco-Madrid-073-ok.jpg","width":1920,"height":1080},"bunyad-768":{"url":"https:\/\/villarrealcf.es\/wp-content\/uploads\/2024\/05\/2023-10-03-Villarreal-CF-Atco-Madrid-073-ok-768x432.jpg","width":768,"height":432},"full":{"url":"https:\/\/villarrealcf.es\/wp-content\/uploads\/2024\/05\/2023-10-03-Villarreal-CF-Atco-Madrid-073-ok.jpg","width":1920,"height":1080}}},"author_data":{"id":"29","name":"Azahara Beroy","first_name":"Azahara","last_name":"Beroy","description":"","avatar_url":"https:\/\/secure.gravatar.com\/avatar\/91b979a91a1925e60814719244bbf7824af58ced5a6e2130c2611bde24439aa7?s=96&d=mm&r=g","acf":null},"taxonomies_data":{"category":[{"id":13785,"name":"Futbol Femen\u00ed","slug":"futbol-femenino-val","acf":null}],"post_tag":[{"id":9529,"name":"Atl\u00e9tico de Madrid","slug":"atletico-de-madrid-val","acf":null},{"id":717,"name":"Football","slug":"football-d34","acf":null},{"id":9270,"name":"Futbol","slug":"futbol-val","acf":null},{"id":9684,"name":"F\u00fatbol Femenino","slug":"futbol-femenino-val-2","acf":null},{"id":14375,"name":"Liga F","slug":"liga-f-2-val","acf":null},{"id":716,"name":"Soccer","slug":"soccer-d105","acf":null},{"id":9205,"name":"Submarino","slug":"submarino-val","acf":null},{"id":9203,"name":"Villarreal CF","slug":"villarreal-cf-val","acf":null},{"id":12685,"name":"Villarreal Femenino","slug":"villarreal-femenino-val","acf":null}],"translation_priority":[{"id":735,"name":"Optional","slug":"optional-val","acf":null}]},"seo_full":{"native":{"title":"Horari confirmat per a l&#8217;Atl\u00e9tico de Madrid-Villarreal Femen\u00ed - Web Oficial del Villarreal CF","description":"El partit entre les blanc-i-vermelles i les groguetes se celebrar\u00e0 el dissabte 15 de juny a les 12.00h","canonical":"https:\/\/villarrealcf.es\/val\/horario-confirmado-para-el-atletico-de-madrid-villarreal-femenino\/"}},"_links":{"self":[{"href":"https:\/\/villarrealcf.es\/val\/wp-json\/wp\/v2\/posts\/310126","targetHints":{"allow":["GET"]}}],"collection":[{"href":"https:\/\/villarrealcf.es\/val\/wp-json\/wp\/v2\/posts"}],"about":[{"href":"https:\/\/villarrealcf.es\/val\/wp-json\/wp\/v2\/types\/post"}],"author":[{"embeddable":true,"href":"https:\/\/villarrealcf.es\/val\/wp-json\/wp\/v2\/users\/29"}],"replies":[{"embeddable":true,"href":"https:\/\/villarrealcf.es\/val\/wp-json\/wp\/v2\/comments?post=310126"}],"version-history":[{"count":0,"href":"https:\/\/villarrealcf.es\/val\/wp-json\/wp\/v2\/posts\/310126\/revisions"}],"wp:featuredmedia":[{"embeddable":true,"href":"https:\/\/villarrealcf.es\/val\/wp-json\/wp\/v2\/media\/310094"}],"wp:attachment":[{"href":"https:\/\/villarrealcf.es\/val\/wp-json\/wp\/v2\/media?parent=310126"}],"wp:term":[{"taxonomy":"category","embeddable":true,"href":"https:\/\/villarrealcf.es\/val\/wp-json\/wp\/v2\/categories?post=310126"},{"taxonomy":"post_tag","embeddable":true,"href":"https:\/\/villarrealcf.es\/val\/wp-json\/wp\/v2\/tags?post=310126"}],"curies":[{"name":"wp","href":"https:\/\/api.w.org\/{rel}","templated":true}]}}