{"id":309002,"date":"2024-05-22T12:25:10","date_gmt":"2024-05-22T10:25:10","guid":{"rendered":"https:\/\/villarrealcf.es\/villarreal-get-ready-for-tst\/"},"modified":"2024-05-22T13:55:55","modified_gmt":"2024-05-22T11:55:55","slug":"el-villarreal-inicia-els-entrenaments-per-al-tst","status":"publish","type":"post","link":"https:\/\/villarrealcf.es\/val\/el-villarreal-inicia-els-entrenaments-per-al-tst\/","title":{"rendered":"El Villarreal inicia els entrenaments per al TST"},"content":{"protected":false,"blocks":[{"type":"text","widget":"text-editor","text":"Alguns dels jugadors que acudiran al torneig per a representar als grocs s\u2019han entrenat en la CD Jos\u00e9 Manuel LlanezaDe cara a la participaci\u00f3 del Villarreal en el TST del pr\u00f2xim mes, diversos jugadors que viatjaran a Carolina del Nord per a representar al Submar\u00ed han sigut posats a prova pel t\u00e8cnic C\u00e9sar Arzo en el Camp d\u2019Entrenament Jos\u00e9 Manuel Llaneza.El Villarreal comen\u00e7ar\u00e0 la competici\u00f3 el dimecres 5 de juny, enfrontant-se al North Carolina FC en el Grup J. Els altres equips del grup s\u00f3n el Como 1907 i el City Soccer Society.Tots els partits dels grocs en el torneig es retransmetran gratu\u00eftament a tot el m\u00f3n a trav\u00e9s de thetournament.com.","paragraphs":["De cara a la participaci\u00f3 del Villarreal en el TST del pr\u00f2xim mes, diversos jugadors que viatjaran a Carolina del Nord per a representar al Submar\u00ed han sigut posats a prova pel t\u00e8cnic C\u00e9sar Arzo en el Camp d\u2019Entrenament Jos\u00e9 Manuel Llaneza.","El Villarreal comen\u00e7ar\u00e0 la competici\u00f3 el dimecres 5 de juny, enfrontant-se al North Carolina FC en el Grup J. Els altres equips del grup s\u00f3n el Como 1907 i el City Soccer Society.","Tots els partits dels grocs en el torneig es retransmetran gratu\u00eftament a tot el m\u00f3n a trav\u00e9s de thetournament.com."]},{"type":"gallery","widget":"gallery","items":[{"url":"https:\/\/villarrealcf.es\/wp-content\/uploads\/2024\/05\/DSC00005-scaled.jpg","title":"DSC00005","thumbnail":"https:\/\/villarrealcf.es\/wp-content\/uploads\/2024\/05\/DSC00005-1701x1080.jpg","width":1701,"height":1080},{"url":"https:\/\/villarrealcf.es\/wp-content\/uploads\/2024\/05\/DSC00027-scaled.jpg","title":"DSC00027","thumbnail":"https:\/\/villarrealcf.es\/wp-content\/uploads\/2024\/05\/DSC00027-720x1080.jpg","width":720,"height":1080},{"url":"https:\/\/villarrealcf.es\/wp-content\/uploads\/2024\/05\/DSC00069-scaled.jpg","title":"DSC00069","thumbnail":"https:\/\/villarrealcf.es\/wp-content\/uploads\/2024\/05\/DSC00069-1620x1080.jpg","width":1620,"height":1080},{"url":"https:\/\/villarrealcf.es\/wp-content\/uploads\/2024\/05\/DSC00204-scaled.jpg","title":"DSC00204","thumbnail":"https:\/\/villarrealcf.es\/wp-content\/uploads\/2024\/05\/DSC00204-1620x1080.jpg","width":1620,"height":1080},{"url":"https:\/\/villarrealcf.es\/wp-content\/uploads\/2024\/05\/DSC00190-scaled.jpg","title":"DSC00190","thumbnail":"https:\/\/villarrealcf.es\/wp-content\/uploads\/2024\/05\/DSC00190-1620x1080.jpg","width":1620,"height":1080},{"url":"https:\/\/villarrealcf.es\/wp-content\/uploads\/2024\/05\/DSC00171-scaled.jpg","title":"DSC00171","thumbnail":"https:\/\/villarrealcf.es\/wp-content\/uploads\/2024\/05\/DSC00171-1620x1080.jpg","width":1620,"height":1080},{"url":"https:\/\/villarrealcf.es\/wp-content\/uploads\/2024\/05\/DSC00162-scaled.jpg","title":"DSC00162","thumbnail":"https:\/\/villarrealcf.es\/wp-content\/uploads\/2024\/05\/DSC00162-1620x1080.jpg","width":1620,"height":1080},{"url":"https:\/\/villarrealcf.es\/wp-content\/uploads\/2024\/05\/DSC00150-scaled.jpg","title":"DSC00150","thumbnail":"https:\/\/villarrealcf.es\/wp-content\/uploads\/2024\/05\/DSC00150-1620x1080.jpg","width":1620,"height":1080},{"url":"https:\/\/villarrealcf.es\/wp-content\/uploads\/2024\/05\/DSC00142-scaled.jpg","title":"DSC00142","thumbnail":"https:\/\/villarrealcf.es\/wp-content\/uploads\/2024\/05\/DSC00142-1620x1080.jpg","width":1620,"height":1080},{"url":"https:\/\/villarrealcf.es\/wp-content\/uploads\/2024\/05\/DSC00138-scaled.jpg","title":"DSC00138","thumbnail":"https:\/\/villarrealcf.es\/wp-content\/uploads\/2024\/05\/DSC00138-1620x1080.jpg","width":1620,"height":1080},{"url":"https:\/\/villarrealcf.es\/wp-content\/uploads\/2024\/05\/DSC00131-scaled.jpg","title":"DSC00131","thumbnail":"https:\/\/villarrealcf.es\/wp-content\/uploads\/2024\/05\/DSC00131-1620x1080.jpg","width":1620,"height":1080},{"url":"https:\/\/villarrealcf.es\/wp-content\/uploads\/2024\/05\/DSC00127-scaled.jpg","title":"DSC00127","thumbnail":"https:\/\/villarrealcf.es\/wp-content\/uploads\/2024\/05\/DSC00127-1620x1080.jpg","width":1620,"height":1080},{"url":"https:\/\/villarrealcf.es\/wp-content\/uploads\/2024\/05\/DSC00116-scaled.jpg","title":"DSC00116","thumbnail":"https:\/\/villarrealcf.es\/wp-content\/uploads\/2024\/05\/DSC00116-1620x1080.jpg","width":1620,"height":1080},{"url":"https:\/\/villarrealcf.es\/wp-content\/uploads\/2024\/05\/DSC00109-scaled.jpg","title":"DSC00109","thumbnail":"https:\/\/villarrealcf.es\/wp-content\/uploads\/2024\/05\/DSC00109-1620x1080.jpg","width":1620,"height":1080},{"url":"https:\/\/villarrealcf.es\/wp-content\/uploads\/2024\/05\/DSC00098-scaled.jpg","title":"DSC00098","thumbnail":"https:\/\/villarrealcf.es\/wp-content\/uploads\/2024\/05\/DSC00098-1620x1080.jpg","width":1620,"height":1080},{"url":"https:\/\/villarrealcf.es\/wp-content\/uploads\/2024\/05\/DSC00093-scaled.jpg","title":"DSC00093","thumbnail":"https:\/\/villarrealcf.es\/wp-content\/uploads\/2024\/05\/DSC00093-1620x1080.jpg","width":1620,"height":1080},{"url":"https:\/\/villarrealcf.es\/wp-content\/uploads\/2024\/05\/DSC00083-scaled.jpg","title":"DSC00083","thumbnail":"https:\/\/villarrealcf.es\/wp-content\/uploads\/2024\/05\/DSC00083-1620x1080.jpg","width":1620,"height":1080},{"url":"https:\/\/villarrealcf.es\/wp-content\/uploads\/2024\/05\/DSC00078-scaled.jpg","title":"DSC00078","thumbnail":"https:\/\/villarrealcf.es\/wp-content\/uploads\/2024\/05\/DSC00078-1620x1080.jpg","width":1620,"height":1080},{"url":"https:\/\/villarrealcf.es\/wp-content\/uploads\/2024\/05\/DSC00067-scaled.jpg","title":"DSC00067","thumbnail":"https:\/\/villarrealcf.es\/wp-content\/uploads\/2024\/05\/DSC00067-1620x1080.jpg","width":1620,"height":1080},{"url":"https:\/\/villarrealcf.es\/wp-content\/uploads\/2024\/05\/DSC00063-scaled.jpg","title":"DSC00063","thumbnail":"https:\/\/villarrealcf.es\/wp-content\/uploads\/2024\/05\/DSC00063-1620x1080.jpg","width":1620,"height":1080},{"url":"https:\/\/villarrealcf.es\/wp-content\/uploads\/2024\/05\/DSC00062-scaled.jpg","title":"DSC00062","thumbnail":"https:\/\/villarrealcf.es\/wp-content\/uploads\/2024\/05\/DSC00062-1620x1080.jpg","width":1620,"height":1080},{"url":"https:\/\/villarrealcf.es\/wp-content\/uploads\/2024\/05\/DSC00046-scaled.jpg","title":"DSC00046","thumbnail":"https:\/\/villarrealcf.es\/wp-content\/uploads\/2024\/05\/DSC00046-1620x1080.jpg","width":1620,"height":1080},{"url":"https:\/\/villarrealcf.es\/wp-content\/uploads\/2024\/05\/DSC00037-scaled.jpg","title":"DSC00037","thumbnail":"https:\/\/villarrealcf.es\/wp-content\/uploads\/2024\/05\/DSC00037-1620x1080.jpg","width":1620,"height":1080}]}],"structured":{"summary":{"text":"Alguns dels jugadors que acudiran al torneig per a representar als grocs s\u2019han entrenat en la CD Jos\u00e9 Manuel LlanezaDe cara a la participaci\u00f3 del Villarreal en el TST del pr\u00f2xim mes, diversos jugadors que viatjaran a Carolina del Nord per a representar al Submar\u00ed han sigut posats a prova pel t\u00e8cnic C\u00e9sar Arzo en el Camp d\u2019Entrenament Jos\u00e9 Manuel Llaneza.El Villarreal comen\u00e7ar\u00e0 la competici\u00f3 el dimecres 5 de juny, enfrontant-se al North Carolina FC en el Grup J. Els altres equips del grup s\u00f3n el Como 1907 i el City Soccer Society.Tots els partits dels grocs en el torneig es retransmetran gratu\u00eftament a tot el m\u00f3n a trav\u00e9s de thetournament.com.","headings":[],"buttons":[],"images":[],"counts":{"blocks":2,"headings":0,"texts":1,"buttons":0,"images":0},"containers":2},"sections":[{"id":"2ad0b971","type":"container","classes":["elementor-section","elementor-top-section","elementor-element","elementor-element-2ad0b971","elementor-section-boxed","elementor-section-height-default"],"title":"","text":"Alguns dels jugadors que acudiran al torneig per a representar als grocs s\u2019han entrenat en la CD Jos\u00e9 Manuel LlanezaDe cara a la participaci\u00f3 del Villarreal en el TST del pr\u00f2xim mes, diversos jugadors que viatjaran a Carolina del Nord per a representar al Submar\u00ed han sigut posats a prova pel t\u00e8cnic C\u00e9sar Arzo en el Camp d\u2019Entrenament Jos\u00e9 Manuel Llaneza.El Villarreal comen\u00e7ar\u00e0 la competici\u00f3 el dimecres 5 de juny, enfrontant-se al North Carolina FC en el Grup J. Els altres equips del grup s\u00f3n el Como 1907 i el City Soccer Society.Tots els partits dels grocs en el torneig es retransmetran gratu\u00eftament a tot el m\u00f3n a trav\u00e9s de thetournament.com.","headings":[],"texts":[{"type":"text","widget":"text-editor","text":"Alguns dels jugadors que acudiran al torneig per a representar als grocs s\u2019han entrenat en la CD Jos\u00e9 Manuel LlanezaDe cara a la participaci\u00f3 del Villarreal en el TST del pr\u00f2xim mes, diversos jugadors que viatjaran a Carolina del Nord per a representar al Submar\u00ed han sigut posats a prova pel t\u00e8cnic C\u00e9sar Arzo en el Camp d\u2019Entrenament Jos\u00e9 Manuel Llaneza.El Villarreal comen\u00e7ar\u00e0 la competici\u00f3 el dimecres 5 de juny, enfrontant-se al North Carolina FC en el Grup J. Els altres equips del grup s\u00f3n el Como 1907 i el City Soccer Society.Tots els partits dels grocs en el torneig es retransmetran gratu\u00eftament a tot el m\u00f3n a trav\u00e9s de thetournament.com.","paragraphs":["De cara a la participaci\u00f3 del Villarreal en el TST del pr\u00f2xim mes, diversos jugadors que viatjaran a Carolina del Nord per a representar al Submar\u00ed han sigut posats a prova pel t\u00e8cnic C\u00e9sar Arzo en el Camp d\u2019Entrenament Jos\u00e9 Manuel Llaneza.","El Villarreal comen\u00e7ar\u00e0 la competici\u00f3 el dimecres 5 de juny, enfrontant-se al North Carolina FC en el Grup J. Els altres equips del grup s\u00f3n el Como 1907 i el City Soccer Society.","Tots els partits dels grocs en el torneig es retransmetran gratu\u00eftament a tot el m\u00f3n a trav\u00e9s de thetournament.com."]}],"buttons":[],"images":[],"widgets":["text-editor"],"blocks":[{"type":"text","widget":"text-editor","text":"Alguns dels jugadors que acudiran al torneig per a representar als grocs s\u2019han entrenat en la CD Jos\u00e9 Manuel LlanezaDe cara a la participaci\u00f3 del Villarreal en el TST del pr\u00f2xim mes, diversos jugadors que viatjaran a Carolina del Nord per a representar al Submar\u00ed han sigut posats a prova pel t\u00e8cnic C\u00e9sar Arzo en el Camp d\u2019Entrenament Jos\u00e9 Manuel Llaneza.El Villarreal comen\u00e7ar\u00e0 la competici\u00f3 el dimecres 5 de juny, enfrontant-se al North Carolina FC en el Grup J. Els altres equips del grup s\u00f3n el Como 1907 i el City Soccer Society.Tots els partits dels grocs en el torneig es retransmetran gratu\u00eftament a tot el m\u00f3n a trav\u00e9s de thetournament.com.","paragraphs":["De cara a la participaci\u00f3 del Villarreal en el TST del pr\u00f2xim mes, diversos jugadors que viatjaran a Carolina del Nord per a representar al Submar\u00ed han sigut posats a prova pel t\u00e8cnic C\u00e9sar Arzo en el Camp d\u2019Entrenament Jos\u00e9 Manuel Llaneza.","El Villarreal comen\u00e7ar\u00e0 la competici\u00f3 el dimecres 5 de juny, enfrontant-se al North Carolina FC en el Grup J. Els altres equips del grup s\u00f3n el Como 1907 i el City Soccer Society.","Tots els partits dels grocs en el torneig es retransmetran gratu\u00eftament a tot el m\u00f3n a trav\u00e9s de thetournament.com."]}],"children":[]},{"id":"df4cf95","type":"container","classes":["has-el-gap","el-gap-default","elementor-section","elementor-top-section","elementor-element","elementor-element-df4cf95","elementor-section-boxed","elementor-section-height-default"],"title":"","text":"","headings":[],"texts":[],"buttons":[],"images":[],"widgets":["gallery"],"blocks":[{"type":"gallery","widget":"gallery","items":[{"url":"https:\/\/villarrealcf.es\/wp-content\/uploads\/2024\/05\/DSC00005-scaled.jpg","title":"DSC00005","thumbnail":"https:\/\/villarrealcf.es\/wp-content\/uploads\/2024\/05\/DSC00005-1701x1080.jpg","width":1701,"height":1080},{"url":"https:\/\/villarrealcf.es\/wp-content\/uploads\/2024\/05\/DSC00027-scaled.jpg","title":"DSC00027","thumbnail":"https:\/\/villarrealcf.es\/wp-content\/uploads\/2024\/05\/DSC00027-720x1080.jpg","width":720,"height":1080},{"url":"https:\/\/villarrealcf.es\/wp-content\/uploads\/2024\/05\/DSC00069-scaled.jpg","title":"DSC00069","thumbnail":"https:\/\/villarrealcf.es\/wp-content\/uploads\/2024\/05\/DSC00069-1620x1080.jpg","width":1620,"height":1080},{"url":"https:\/\/villarrealcf.es\/wp-content\/uploads\/2024\/05\/DSC00204-scaled.jpg","title":"DSC00204","thumbnail":"https:\/\/villarrealcf.es\/wp-content\/uploads\/2024\/05\/DSC00204-1620x1080.jpg","width":1620,"height":1080},{"url":"https:\/\/villarrealcf.es\/wp-content\/uploads\/2024\/05\/DSC00190-scaled.jpg","title":"DSC00190","thumbnail":"https:\/\/villarrealcf.es\/wp-content\/uploads\/2024\/05\/DSC00190-1620x1080.jpg","width":1620,"height":1080},{"url":"https:\/\/villarrealcf.es\/wp-content\/uploads\/2024\/05\/DSC00171-scaled.jpg","title":"DSC00171","thumbnail":"https:\/\/villarrealcf.es\/wp-content\/uploads\/2024\/05\/DSC00171-1620x1080.jpg","width":1620,"height":1080},{"url":"https:\/\/villarrealcf.es\/wp-content\/uploads\/2024\/05\/DSC00162-scaled.jpg","title":"DSC00162","thumbnail":"https:\/\/villarrealcf.es\/wp-content\/uploads\/2024\/05\/DSC00162-1620x1080.jpg","width":1620,"height":1080},{"url":"https:\/\/villarrealcf.es\/wp-content\/uploads\/2024\/05\/DSC00150-scaled.jpg","title":"DSC00150","thumbnail":"https:\/\/villarrealcf.es\/wp-content\/uploads\/2024\/05\/DSC00150-1620x1080.jpg","width":1620,"height":1080},{"url":"https:\/\/villarrealcf.es\/wp-content\/uploads\/2024\/05\/DSC00142-scaled.jpg","title":"DSC00142","thumbnail":"https:\/\/villarrealcf.es\/wp-content\/uploads\/2024\/05\/DSC00142-1620x1080.jpg","width":1620,"height":1080},{"url":"https:\/\/villarrealcf.es\/wp-content\/uploads\/2024\/05\/DSC00138-scaled.jpg","title":"DSC00138","thumbnail":"https:\/\/villarrealcf.es\/wp-content\/uploads\/2024\/05\/DSC00138-1620x1080.jpg","width":1620,"height":1080},{"url":"https:\/\/villarrealcf.es\/wp-content\/uploads\/2024\/05\/DSC00131-scaled.jpg","title":"DSC00131","thumbnail":"https:\/\/villarrealcf.es\/wp-content\/uploads\/2024\/05\/DSC00131-1620x1080.jpg","width":1620,"height":1080},{"url":"https:\/\/villarrealcf.es\/wp-content\/uploads\/2024\/05\/DSC00127-scaled.jpg","title":"DSC00127","thumbnail":"https:\/\/villarrealcf.es\/wp-content\/uploads\/2024\/05\/DSC00127-1620x1080.jpg","width":1620,"height":1080},{"url":"https:\/\/villarrealcf.es\/wp-content\/uploads\/2024\/05\/DSC00116-scaled.jpg","title":"DSC00116","thumbnail":"https:\/\/villarrealcf.es\/wp-content\/uploads\/2024\/05\/DSC00116-1620x1080.jpg","width":1620,"height":1080},{"url":"https:\/\/villarrealcf.es\/wp-content\/uploads\/2024\/05\/DSC00109-scaled.jpg","title":"DSC00109","thumbnail":"https:\/\/villarrealcf.es\/wp-content\/uploads\/2024\/05\/DSC00109-1620x1080.jpg","width":1620,"height":1080},{"url":"https:\/\/villarrealcf.es\/wp-content\/uploads\/2024\/05\/DSC00098-scaled.jpg","title":"DSC00098","thumbnail":"https:\/\/villarrealcf.es\/wp-content\/uploads\/2024\/05\/DSC00098-1620x1080.jpg","width":1620,"height":1080},{"url":"https:\/\/villarrealcf.es\/wp-content\/uploads\/2024\/05\/DSC00093-scaled.jpg","title":"DSC00093","thumbnail":"https:\/\/villarrealcf.es\/wp-content\/uploads\/2024\/05\/DSC00093-1620x1080.jpg","width":1620,"height":1080},{"url":"https:\/\/villarrealcf.es\/wp-content\/uploads\/2024\/05\/DSC00083-scaled.jpg","title":"DSC00083","thumbnail":"https:\/\/villarrealcf.es\/wp-content\/uploads\/2024\/05\/DSC00083-1620x1080.jpg","width":1620,"height":1080},{"url":"https:\/\/villarrealcf.es\/wp-content\/uploads\/2024\/05\/DSC00078-scaled.jpg","title":"DSC00078","thumbnail":"https:\/\/villarrealcf.es\/wp-content\/uploads\/2024\/05\/DSC00078-1620x1080.jpg","width":1620,"height":1080},{"url":"https:\/\/villarrealcf.es\/wp-content\/uploads\/2024\/05\/DSC00067-scaled.jpg","title":"DSC00067","thumbnail":"https:\/\/villarrealcf.es\/wp-content\/uploads\/2024\/05\/DSC00067-1620x1080.jpg","width":1620,"height":1080},{"url":"https:\/\/villarrealcf.es\/wp-content\/uploads\/2024\/05\/DSC00063-scaled.jpg","title":"DSC00063","thumbnail":"https:\/\/villarrealcf.es\/wp-content\/uploads\/2024\/05\/DSC00063-1620x1080.jpg","width":1620,"height":1080},{"url":"https:\/\/villarrealcf.es\/wp-content\/uploads\/2024\/05\/DSC00062-scaled.jpg","title":"DSC00062","thumbnail":"https:\/\/villarrealcf.es\/wp-content\/uploads\/2024\/05\/DSC00062-1620x1080.jpg","width":1620,"height":1080},{"url":"https:\/\/villarrealcf.es\/wp-content\/uploads\/2024\/05\/DSC00046-scaled.jpg","title":"DSC00046","thumbnail":"https:\/\/villarrealcf.es\/wp-content\/uploads\/2024\/05\/DSC00046-1620x1080.jpg","width":1620,"height":1080},{"url":"https:\/\/villarrealcf.es\/wp-content\/uploads\/2024\/05\/DSC00037-scaled.jpg","title":"DSC00037","thumbnail":"https:\/\/villarrealcf.es\/wp-content\/uploads\/2024\/05\/DSC00037-1620x1080.jpg","width":1620,"height":1080}]}],"children":[]}],"hero":{"id":"2ad0b971","type":"container","classes":["elementor-section","elementor-top-section","elementor-element","elementor-element-2ad0b971","elementor-section-boxed","elementor-section-height-default"],"title":"","text":"Alguns dels jugadors que acudiran al torneig per a representar als grocs s\u2019han entrenat en la CD Jos\u00e9 Manuel LlanezaDe cara a la participaci\u00f3 del Villarreal en el TST del pr\u00f2xim mes, diversos jugadors que viatjaran a Carolina del Nord per a representar al Submar\u00ed han sigut posats a prova pel t\u00e8cnic C\u00e9sar Arzo en el Camp d\u2019Entrenament Jos\u00e9 Manuel Llaneza.El Villarreal comen\u00e7ar\u00e0 la competici\u00f3 el dimecres 5 de juny, enfrontant-se al North Carolina FC en el Grup J. Els altres equips del grup s\u00f3n el Como 1907 i el City Soccer Society.Tots els partits dels grocs en el torneig es retransmetran gratu\u00eftament a tot el m\u00f3n a trav\u00e9s de thetournament.com.","headings":[],"texts":[{"type":"text","widget":"text-editor","text":"Alguns dels jugadors que acudiran al torneig per a representar als grocs s\u2019han entrenat en la CD Jos\u00e9 Manuel LlanezaDe cara a la participaci\u00f3 del Villarreal en el TST del pr\u00f2xim mes, diversos jugadors que viatjaran a Carolina del Nord per a representar al Submar\u00ed han sigut posats a prova pel t\u00e8cnic C\u00e9sar Arzo en el Camp d\u2019Entrenament Jos\u00e9 Manuel Llaneza.El Villarreal comen\u00e7ar\u00e0 la competici\u00f3 el dimecres 5 de juny, enfrontant-se al North Carolina FC en el Grup J. Els altres equips del grup s\u00f3n el Como 1907 i el City Soccer Society.Tots els partits dels grocs en el torneig es retransmetran gratu\u00eftament a tot el m\u00f3n a trav\u00e9s de thetournament.com.","paragraphs":["De cara a la participaci\u00f3 del Villarreal en el TST del pr\u00f2xim mes, diversos jugadors que viatjaran a Carolina del Nord per a representar al Submar\u00ed han sigut posats a prova pel t\u00e8cnic C\u00e9sar Arzo en el Camp d\u2019Entrenament Jos\u00e9 Manuel Llaneza.","El Villarreal comen\u00e7ar\u00e0 la competici\u00f3 el dimecres 5 de juny, enfrontant-se al North Carolina FC en el Grup J. Els altres equips del grup s\u00f3n el Como 1907 i el City Soccer Society.","Tots els partits dels grocs en el torneig es retransmetran gratu\u00eftament a tot el m\u00f3n a trav\u00e9s de thetournament.com."]}],"buttons":[],"images":[],"widgets":["text-editor"],"blocks":[{"type":"text","widget":"text-editor","text":"Alguns dels jugadors que acudiran al torneig per a representar als grocs s\u2019han entrenat en la CD Jos\u00e9 Manuel LlanezaDe cara a la participaci\u00f3 del Villarreal en el TST del pr\u00f2xim mes, diversos jugadors que viatjaran a Carolina del Nord per a representar al Submar\u00ed han sigut posats a prova pel t\u00e8cnic C\u00e9sar Arzo en el Camp d\u2019Entrenament Jos\u00e9 Manuel Llaneza.El Villarreal comen\u00e7ar\u00e0 la competici\u00f3 el dimecres 5 de juny, enfrontant-se al North Carolina FC en el Grup J. Els altres equips del grup s\u00f3n el Como 1907 i el City Soccer Society.Tots els partits dels grocs en el torneig es retransmetran gratu\u00eftament a tot el m\u00f3n a trav\u00e9s de thetournament.com.","paragraphs":["De cara a la participaci\u00f3 del Villarreal en el TST del pr\u00f2xim mes, diversos jugadors que viatjaran a Carolina del Nord per a representar al Submar\u00ed han sigut posats a prova pel t\u00e8cnic C\u00e9sar Arzo en el Camp d\u2019Entrenament Jos\u00e9 Manuel Llaneza.","El Villarreal comen\u00e7ar\u00e0 la competici\u00f3 el dimecres 5 de juny, enfrontant-se al North Carolina FC en el Grup J. Els altres equips del grup s\u00f3n el Como 1907 i el City Soccer Society.","Tots els partits dels grocs en el torneig es retransmetran gratu\u00eftament a tot el m\u00f3n a trav\u00e9s de thetournament.com."]}],"children":[]}},"sections":[{"id":"2ad0b971","title":"Alguns dels jugadors que acudiran al torneig per a representar als grocs s\u2019han entrenat en la CD Jos\u00e9 Manuel LlanezaDe cara a la participaci\u00f3 del Villarreal en el TST del pr\u00f2xim mes, diversos jugadors que viatjaran a Carolina del Nord per a representar al Submar\u00ed han sigut posats a prova pel t\u00e8cnic C\u00e9sar Arzo en el Camp d\u2019Entrenament Jos\u00e9 Manuel Llaneza.El Villarreal comen\u00e7ar\u00e0 la competici\u00f3 el dimecres 5 de juny, enfrontant-se al North Carolina FC en el Grup J. Els altres equips del grup s\u00f3n el Como 1907 i el City Soccer Society.Tots els partits dels grocs en el torneig es retransmetran gratu\u00eftament a tot el m\u00f3n a trav\u00e9s de thetournament.com.","text":"Alguns dels jugadors que acudiran al torneig per a representar als grocs s\u2019han entrenat en la CD Jos\u00e9 Manuel LlanezaDe cara a la participaci\u00f3 del Villarreal en el TST del pr\u00f2xim mes, diversos jugadors que viatjaran a Carolina del Nord per a representar al Submar\u00ed han sigut posats a prova pel t\u00e8cnic C\u00e9sar Arzo en el Camp d\u2019Entrenament Jos\u00e9 Manuel Llaneza.El Villarreal comen\u00e7ar\u00e0 la competici\u00f3 el dimecres 5 de juny, enfrontant-se al North Carolina FC en el Grup J. Els altres equips del grup s\u00f3n el Como 1907 i el City Soccer Society.Tots els partits dels grocs en el torneig es retransmetran gratu\u00eftament a tot el m\u00f3n a trav\u00e9s de thetournament.com.","url":"","background_image":"","images":[],"videos":[],"links":[]},{"id":"df4cf95","title":"","text":"","url":"https:\/\/villarrealcf.es\/wp-content\/uploads\/2024\/05\/DSC00005-scaled.jpg","background_image":"","images":[],"videos":[],"links":[{"url":"https:\/\/villarrealcf.es\/wp-content\/uploads\/2024\/05\/DSC00005-scaled.jpg","text":"","target":""},{"url":"https:\/\/villarrealcf.es\/wp-content\/uploads\/2024\/05\/DSC00027-scaled.jpg","text":"","target":""},{"url":"https:\/\/villarrealcf.es\/wp-content\/uploads\/2024\/05\/DSC00069-scaled.jpg","text":"","target":""},{"url":"https:\/\/villarrealcf.es\/wp-content\/uploads\/2024\/05\/DSC00204-scaled.jpg","text":"","target":""},{"url":"https:\/\/villarrealcf.es\/wp-content\/uploads\/2024\/05\/DSC00190-scaled.jpg","text":"","target":""},{"url":"https:\/\/villarrealcf.es\/wp-content\/uploads\/2024\/05\/DSC00171-scaled.jpg","text":"","target":""},{"url":"https:\/\/villarrealcf.es\/wp-content\/uploads\/2024\/05\/DSC00162-scaled.jpg","text":"","target":""},{"url":"https:\/\/villarrealcf.es\/wp-content\/uploads\/2024\/05\/DSC00150-scaled.jpg","text":"","target":""},{"url":"https:\/\/villarrealcf.es\/wp-content\/uploads\/2024\/05\/DSC00142-scaled.jpg","text":"","target":""},{"url":"https:\/\/villarrealcf.es\/wp-content\/uploads\/2024\/05\/DSC00138-scaled.jpg","text":"","target":""},{"url":"https:\/\/villarrealcf.es\/wp-content\/uploads\/2024\/05\/DSC00131-scaled.jpg","text":"","target":""},{"url":"https:\/\/villarrealcf.es\/wp-content\/uploads\/2024\/05\/DSC00127-scaled.jpg","text":"","target":""},{"url":"https:\/\/villarrealcf.es\/wp-content\/uploads\/2024\/05\/DSC00116-scaled.jpg","text":"","target":""},{"url":"https:\/\/villarrealcf.es\/wp-content\/uploads\/2024\/05\/DSC00109-scaled.jpg","text":"","target":""},{"url":"https:\/\/villarrealcf.es\/wp-content\/uploads\/2024\/05\/DSC00098-scaled.jpg","text":"","target":""},{"url":"https:\/\/villarrealcf.es\/wp-content\/uploads\/2024\/05\/DSC00093-scaled.jpg","text":"","target":""},{"url":"https:\/\/villarrealcf.es\/wp-content\/uploads\/2024\/05\/DSC00083-scaled.jpg","text":"","target":""},{"url":"https:\/\/villarrealcf.es\/wp-content\/uploads\/2024\/05\/DSC00078-scaled.jpg","text":"","target":""},{"url":"https:\/\/villarrealcf.es\/wp-content\/uploads\/2024\/05\/DSC00067-scaled.jpg","text":"","target":""},{"url":"https:\/\/villarrealcf.es\/wp-content\/uploads\/2024\/05\/DSC00063-scaled.jpg","text":"","target":""},{"url":"https:\/\/villarrealcf.es\/wp-content\/uploads\/2024\/05\/DSC00062-scaled.jpg","text":"","target":""},{"url":"https:\/\/villarrealcf.es\/wp-content\/uploads\/2024\/05\/DSC00046-scaled.jpg","text":"","target":""},{"url":"https:\/\/villarrealcf.es\/wp-content\/uploads\/2024\/05\/DSC00037-scaled.jpg","text":"","target":""}]}]},"excerpt":{"rendered":"Alguns dels jugadors que acudiran al torneig per a representar als grocs s&#8217;han entrenat en la CD Jos\u00e9 Manuel Llaneza","protected":false},"author":27,"featured_media":308943,"comment_status":"closed","ping_status":"closed","sticky":false,"template":"","format":"standard","meta":{"_acf_changed":false,"footnotes":""},"categories":[13484],"tags":[13555,9270,13474,13409,716,15042,13556,15591,13557,9553],"acf":null,"lang":"val","translations":{"en":308749,"es":308976,"val":309002},"essential_grid":{"has_grid":false},"formatted_date":"May 22, 2024","modified_date":"May 22, 2024","permalink":"https:\/\/villarrealcf.es\/val\/el-villarreal-inicia-els-entrenaments-per-al-tst\/","reading_time":1,"featured_media_data":{"id":308943,"title":"entrenamiento tst","caption":"","alt_text":"","description":"","mime_type":"image\/jpeg","source_url":"https:\/\/villarrealcf.es\/wp-content\/uploads\/2024\/05\/entrenamiento-tst.jpg","sizes":{"thumbnail":{"url":"https:\/\/villarrealcf.es\/wp-content\/uploads\/2024\/05\/entrenamiento-tst.jpg","width":1920,"height":1080},"medium":{"url":"https:\/\/villarrealcf.es\/wp-content\/uploads\/2024\/05\/entrenamiento-tst.jpg","width":1920,"height":1080},"medium_large":{"url":"https:\/\/villarrealcf.es\/wp-content\/uploads\/2024\/05\/entrenamiento-tst-768x432.jpg","width":768,"height":432},"large":{"url":"https:\/\/villarrealcf.es\/wp-content\/uploads\/2024\/05\/entrenamiento-tst.jpg","width":788,"height":443},"1536x1536":{"url":"https:\/\/villarrealcf.es\/wp-content\/uploads\/2024\/05\/entrenamiento-tst-1536x864.jpg","width":1536,"height":864},"2048x2048":{"url":"https:\/\/villarrealcf.es\/wp-content\/uploads\/2024\/05\/entrenamiento-tst.jpg","width":1920,"height":1080},"tp-image-grid":{"url":"https:\/\/villarrealcf.es\/wp-content\/uploads\/2024\/05\/entrenamiento-tst-700x700.jpg","width":700,"height":700},"size-bunyad-medium":{"url":"https:\/\/villarrealcf.es\/wp-content\/uploads\/2024\/05\/entrenamiento-tst.jpg","width":1920,"height":1080},"sportspress-crop-medium":{"url":"https:\/\/villarrealcf.es\/wp-content\/uploads\/2024\/05\/entrenamiento-tst-300x300.jpg","width":300,"height":300},"sportspress-fit-medium":{"url":"https:\/\/villarrealcf.es\/wp-content\/uploads\/2024\/05\/entrenamiento-tst-300x169.jpg","width":300,"height":169},"sportspress-fit-icon":{"url":"https:\/\/villarrealcf.es\/wp-content\/uploads\/2024\/05\/entrenamiento-tst-128x72.jpg","width":128,"height":72},"sportspress-fit-mini":{"url":"https:\/\/villarrealcf.es\/wp-content\/uploads\/2024\/05\/entrenamiento-tst-32x18.jpg","width":32,"height":18},"bunyad-small":{"url":"https:\/\/villarrealcf.es\/wp-content\/uploads\/2024\/05\/entrenamiento-tst-150x84.jpg","width":150,"height":84},"bunyad-medium":{"url":"https:\/\/villarrealcf.es\/wp-content\/uploads\/2024\/05\/entrenamiento-tst-450x253.jpg","width":450,"height":253},"bunyad-full":{"url":"https:\/\/villarrealcf.es\/wp-content\/uploads\/2024\/05\/entrenamiento-tst-1200x675.jpg","width":1200,"height":675},"bunyad-viewport":{"url":"https:\/\/villarrealcf.es\/wp-content\/uploads\/2024\/05\/entrenamiento-tst.jpg","width":1920,"height":1080},"bunyad-768":{"url":"https:\/\/villarrealcf.es\/wp-content\/uploads\/2024\/05\/entrenamiento-tst-768x432.jpg","width":768,"height":432},"full":{"url":"https:\/\/villarrealcf.es\/wp-content\/uploads\/2024\/05\/entrenamiento-tst.jpg","width":1920,"height":1080}}},"author_data":{"id":"27","name":"Thomas","first_name":"Thomas","last_name":"","description":"","avatar_url":"https:\/\/secure.gravatar.com\/avatar\/f27b876d516a629168836d6b70d446262fcd871b2a892b9a28d6748d72172913?s=96&d=mm&r=g","acf":null},"taxonomies_data":{"category":[{"id":13484,"name":"Club","slug":"club","acf":null}],"post_tag":[{"id":13555,"name":"Futbol","slug":"futbol-val-2","acf":null},{"id":9270,"name":"Futbol","slug":"futbol-val","acf":null},{"id":13474,"name":"Galer\u00eda","slug":"galeria-val","acf":null},{"id":13409,"name":"Galer\u00eda Club","slug":"galeria-club-val","acf":null},{"id":716,"name":"Soccer","slug":"soccer-d105","acf":null},{"id":15042,"name":"Submarino","slug":"submarino-val-2","acf":null},{"id":13556,"name":"Submarino Amarillo","slug":"submarino-amarillo-val-2","acf":null},{"id":15591,"name":"TST","slug":"tst-val","acf":null},{"id":13557,"name":"Villarreal CF","slug":"villarreal-cf-val-2","acf":null},{"id":9553,"name":"Yellow Submarine","slug":"yellow-submarine-val","acf":null}],"translation_priority":[{"id":735,"name":"Optional","slug":"optional-val","acf":null}]},"seo_full":{"native":{"title":"El Villarreal inicia els entrenaments per al TST - Web Oficial del Villarreal CF","description":"Alguns dels jugadors que acudiran al torneig per a representar als grocs s'han entrenat en la CD Jos\u00e9 Manuel Llaneza","canonical":"https:\/\/villarrealcf.es\/val\/el-villarreal-inicia-els-entrenaments-per-al-tst\/"}},"_links":{"self":[{"href":"https:\/\/villarrealcf.es\/val\/wp-json\/wp\/v2\/posts\/309002","targetHints":{"allow":["GET"]}}],"collection":[{"href":"https:\/\/villarrealcf.es\/val\/wp-json\/wp\/v2\/posts"}],"about":[{"href":"https:\/\/villarrealcf.es\/val\/wp-json\/wp\/v2\/types\/post"}],"author":[{"embeddable":true,"href":"https:\/\/villarrealcf.es\/val\/wp-json\/wp\/v2\/users\/27"}],"replies":[{"embeddable":true,"href":"https:\/\/villarrealcf.es\/val\/wp-json\/wp\/v2\/comments?post=309002"}],"version-history":[{"count":0,"href":"https:\/\/villarrealcf.es\/val\/wp-json\/wp\/v2\/posts\/309002\/revisions"}],"wp:featuredmedia":[{"embeddable":true,"href":"https:\/\/villarrealcf.es\/val\/wp-json\/wp\/v2\/media\/308943"}],"wp:attachment":[{"href":"https:\/\/villarrealcf.es\/val\/wp-json\/wp\/v2\/media?parent=309002"}],"wp:term":[{"taxonomy":"category","embeddable":true,"href":"https:\/\/villarrealcf.es\/val\/wp-json\/wp\/v2\/categories?post=309002"},{"taxonomy":"post_tag","embeddable":true,"href":"https:\/\/villarrealcf.es\/val\/wp-json\/wp\/v2\/tags?post=309002"}],"curies":[{"name":"wp","href":"https:\/\/api.w.org\/{rel}","templated":true}]}}