{"id":308618,"date":"2024-05-22T10:02:26","date_gmt":"2024-05-22T08:02:26","guid":{"rendered":"https:\/\/villarrealcf.es\/descubre-el-novedoso-espacio-inmersion-villarreal\/"},"modified":"2024-05-22T11:17:43","modified_gmt":"2024-05-22T09:17:43","slug":"descobrix-el-nou-espai-inmersion-villareal","status":"publish","type":"post","link":"https:\/\/villarrealcf.es\/val\/descobrix-el-nou-espai-inmersion-villareal\/","title":{"rendered":"Descobrix el nou espai Inmersi\u00f3n Villareal"},"content":{"protected":false,"blocks":[{"type":"text","widget":"text-editor","text":"El Museu&Tour, ubicat en La Cer\u00e1mica, \u00e9s una experi\u00e8ncia interactiva amb sales tematitzades del submar\u00ed grocEl Villareal CF va presentar este dimarts Inmersi\u00f3n Villareal, la nova experi\u00e8ncia de Museu&Tour situada en el cor del Estadio de la Cer\u00e1mica.A continuaci\u00f3, pots gaudir d\u2019algunes de les millors fotografies d\u2019este singular museu:","paragraphs":["El Villareal CF va presentar este dimarts Inmersi\u00f3n Villareal, la nova experi\u00e8ncia de Museu&Tour situada en el cor del Estadio de la Cer\u00e1mica.","A continuaci\u00f3, pots gaudir d\u2019algunes de les millors fotografies d\u2019este singular museu:"]},{"type":"gallery","widget":"gallery","items":[{"url":"https:\/\/villarrealcf.es\/wp-content\/uploads\/2024\/05\/20240521-MuseoInmersionVillarreal-043-scaled.jpg","title":"20240521-MuseoInmersionVillarreal-043","thumbnail":"https:\/\/villarrealcf.es\/wp-content\/uploads\/2024\/05\/20240521-MuseoInmersionVillarreal-043-scaled.jpg","width":2560,"height":1707},{"url":"https:\/\/villarrealcf.es\/wp-content\/uploads\/2024\/05\/20240521-MuseoInmersionVillarreal-041-scaled.jpg","title":"20240521-MuseoInmersionVillarreal-041","thumbnail":"https:\/\/villarrealcf.es\/wp-content\/uploads\/2024\/05\/20240521-MuseoInmersionVillarreal-041-scaled.jpg","width":2560,"height":1707},{"url":"https:\/\/villarrealcf.es\/wp-content\/uploads\/2024\/05\/20240521-MuseoInmersionVillarreal-037-scaled.jpg","title":"20240521-MuseoInmersionVillarreal-037","thumbnail":"https:\/\/villarrealcf.es\/wp-content\/uploads\/2024\/05\/20240521-MuseoInmersionVillarreal-037-scaled.jpg","width":2560,"height":1707},{"url":"https:\/\/villarrealcf.es\/wp-content\/uploads\/2024\/05\/20240521-MuseoInmersionVillarreal-029-scaled.jpg","title":"20240521-MuseoInmersionVillarreal-029","thumbnail":"https:\/\/villarrealcf.es\/wp-content\/uploads\/2024\/05\/20240521-MuseoInmersionVillarreal-029-scaled.jpg","width":2560,"height":1707},{"url":"https:\/\/villarrealcf.es\/wp-content\/uploads\/2024\/05\/20240521-MuseoInmersionVillarreal-034-scaled.jpg","title":"20240521-MuseoInmersionVillarreal-034","thumbnail":"https:\/\/villarrealcf.es\/wp-content\/uploads\/2024\/05\/20240521-MuseoInmersionVillarreal-034-scaled.jpg","width":2560,"height":1707},{"url":"https:\/\/villarrealcf.es\/wp-content\/uploads\/2024\/05\/20240521-MuseoInmersionVillarreal-021-scaled.jpg","title":"20240521-MuseoInmersionVillarreal-021","thumbnail":"https:\/\/villarrealcf.es\/wp-content\/uploads\/2024\/05\/20240521-MuseoInmersionVillarreal-021-scaled.jpg","width":2560,"height":1707},{"url":"https:\/\/villarrealcf.es\/wp-content\/uploads\/2024\/05\/20240521-MuseoInmersionVillarreal-023-scaled.jpg","title":"20240521-MuseoInmersionVillarreal-023","thumbnail":"https:\/\/villarrealcf.es\/wp-content\/uploads\/2024\/05\/20240521-MuseoInmersionVillarreal-023-scaled.jpg","width":2560,"height":1707},{"url":"https:\/\/villarrealcf.es\/wp-content\/uploads\/2024\/05\/20240521-MuseoInmersionVillarreal-019-scaled.jpg","title":"20240521-MuseoInmersionVillarreal-019","thumbnail":"https:\/\/villarrealcf.es\/wp-content\/uploads\/2024\/05\/20240521-MuseoInmersionVillarreal-019-scaled.jpg","width":2560,"height":1707},{"url":"https:\/\/villarrealcf.es\/wp-content\/uploads\/2024\/05\/20240521-MuseoInmersionVillarreal-018-scaled.jpg","title":"20240521-MuseoInmersionVillarreal-018","thumbnail":"https:\/\/villarrealcf.es\/wp-content\/uploads\/2024\/05\/20240521-MuseoInmersionVillarreal-018-scaled.jpg","width":2560,"height":1707},{"url":"https:\/\/villarrealcf.es\/wp-content\/uploads\/2024\/05\/20240521-MuseoInmersionVillarreal-014-scaled.jpg","title":"20240521-MuseoInmersionVillarreal-014","thumbnail":"https:\/\/villarrealcf.es\/wp-content\/uploads\/2024\/05\/20240521-MuseoInmersionVillarreal-014-scaled.jpg","width":2560,"height":1707}]}],"structured":{"summary":{"text":"El Museu&Tour, ubicat en La Cer\u00e1mica, \u00e9s una experi\u00e8ncia interactiva amb sales tematitzades del submar\u00ed grocEl Villareal CF va presentar este dimarts Inmersi\u00f3n Villareal, la nova experi\u00e8ncia de Museu&Tour situada en el cor del Estadio de la Cer\u00e1mica.A continuaci\u00f3, pots gaudir d\u2019algunes de les millors fotografies d\u2019este singular museu:","headings":[],"buttons":[],"images":[],"counts":{"blocks":2,"headings":0,"texts":1,"buttons":0,"images":0},"containers":1},"sections":[{"id":"d55568c","type":"container","classes":["elementor-section","elementor-top-section","elementor-element","elementor-element-d55568c","elementor-section-boxed","elementor-section-height-default"],"title":"","text":"El Museu&Tour, ubicat en La Cer\u00e1mica, \u00e9s una experi\u00e8ncia interactiva amb sales tematitzades del submar\u00ed grocEl Villareal CF va presentar este dimarts Inmersi\u00f3n Villareal, la nova experi\u00e8ncia de Museu&Tour situada en el cor del Estadio de la Cer\u00e1mica.A continuaci\u00f3, pots gaudir d\u2019algunes de les millors fotografies d\u2019este singular museu:","headings":[],"texts":[{"type":"text","widget":"text-editor","text":"El Museu&Tour, ubicat en La Cer\u00e1mica, \u00e9s una experi\u00e8ncia interactiva amb sales tematitzades del submar\u00ed grocEl Villareal CF va presentar este dimarts Inmersi\u00f3n Villareal, la nova experi\u00e8ncia de Museu&Tour situada en el cor del Estadio de la Cer\u00e1mica.A continuaci\u00f3, pots gaudir d\u2019algunes de les millors fotografies d\u2019este singular museu:","paragraphs":["El Villareal CF va presentar este dimarts Inmersi\u00f3n Villareal, la nova experi\u00e8ncia de Museu&Tour situada en el cor del Estadio de la Cer\u00e1mica.","A continuaci\u00f3, pots gaudir d\u2019algunes de les millors fotografies d\u2019este singular museu:"]}],"buttons":[],"images":[],"widgets":["text-editor","gallery"],"blocks":[{"type":"text","widget":"text-editor","text":"El Museu&Tour, ubicat en La Cer\u00e1mica, \u00e9s una experi\u00e8ncia interactiva amb sales tematitzades del submar\u00ed grocEl Villareal CF va presentar este dimarts Inmersi\u00f3n Villareal, la nova experi\u00e8ncia de Museu&Tour situada en el cor del Estadio de la Cer\u00e1mica.A continuaci\u00f3, pots gaudir d\u2019algunes de les millors fotografies d\u2019este singular museu:","paragraphs":["El Villareal CF va presentar este dimarts Inmersi\u00f3n Villareal, la nova experi\u00e8ncia de Museu&Tour situada en el cor del Estadio de la Cer\u00e1mica.","A continuaci\u00f3, pots gaudir d\u2019algunes de les millors fotografies d\u2019este singular museu:"]},{"type":"gallery","widget":"gallery","items":[{"url":"https:\/\/villarrealcf.es\/wp-content\/uploads\/2024\/05\/20240521-MuseoInmersionVillarreal-043-scaled.jpg","title":"20240521-MuseoInmersionVillarreal-043","thumbnail":"https:\/\/villarrealcf.es\/wp-content\/uploads\/2024\/05\/20240521-MuseoInmersionVillarreal-043-scaled.jpg","width":2560,"height":1707},{"url":"https:\/\/villarrealcf.es\/wp-content\/uploads\/2024\/05\/20240521-MuseoInmersionVillarreal-041-scaled.jpg","title":"20240521-MuseoInmersionVillarreal-041","thumbnail":"https:\/\/villarrealcf.es\/wp-content\/uploads\/2024\/05\/20240521-MuseoInmersionVillarreal-041-scaled.jpg","width":2560,"height":1707},{"url":"https:\/\/villarrealcf.es\/wp-content\/uploads\/2024\/05\/20240521-MuseoInmersionVillarreal-037-scaled.jpg","title":"20240521-MuseoInmersionVillarreal-037","thumbnail":"https:\/\/villarrealcf.es\/wp-content\/uploads\/2024\/05\/20240521-MuseoInmersionVillarreal-037-scaled.jpg","width":2560,"height":1707},{"url":"https:\/\/villarrealcf.es\/wp-content\/uploads\/2024\/05\/20240521-MuseoInmersionVillarreal-029-scaled.jpg","title":"20240521-MuseoInmersionVillarreal-029","thumbnail":"https:\/\/villarrealcf.es\/wp-content\/uploads\/2024\/05\/20240521-MuseoInmersionVillarreal-029-scaled.jpg","width":2560,"height":1707},{"url":"https:\/\/villarrealcf.es\/wp-content\/uploads\/2024\/05\/20240521-MuseoInmersionVillarreal-034-scaled.jpg","title":"20240521-MuseoInmersionVillarreal-034","thumbnail":"https:\/\/villarrealcf.es\/wp-content\/uploads\/2024\/05\/20240521-MuseoInmersionVillarreal-034-scaled.jpg","width":2560,"height":1707},{"url":"https:\/\/villarrealcf.es\/wp-content\/uploads\/2024\/05\/20240521-MuseoInmersionVillarreal-021-scaled.jpg","title":"20240521-MuseoInmersionVillarreal-021","thumbnail":"https:\/\/villarrealcf.es\/wp-content\/uploads\/2024\/05\/20240521-MuseoInmersionVillarreal-021-scaled.jpg","width":2560,"height":1707},{"url":"https:\/\/villarrealcf.es\/wp-content\/uploads\/2024\/05\/20240521-MuseoInmersionVillarreal-023-scaled.jpg","title":"20240521-MuseoInmersionVillarreal-023","thumbnail":"https:\/\/villarrealcf.es\/wp-content\/uploads\/2024\/05\/20240521-MuseoInmersionVillarreal-023-scaled.jpg","width":2560,"height":1707},{"url":"https:\/\/villarrealcf.es\/wp-content\/uploads\/2024\/05\/20240521-MuseoInmersionVillarreal-019-scaled.jpg","title":"20240521-MuseoInmersionVillarreal-019","thumbnail":"https:\/\/villarrealcf.es\/wp-content\/uploads\/2024\/05\/20240521-MuseoInmersionVillarreal-019-scaled.jpg","width":2560,"height":1707},{"url":"https:\/\/villarrealcf.es\/wp-content\/uploads\/2024\/05\/20240521-MuseoInmersionVillarreal-018-scaled.jpg","title":"20240521-MuseoInmersionVillarreal-018","thumbnail":"https:\/\/villarrealcf.es\/wp-content\/uploads\/2024\/05\/20240521-MuseoInmersionVillarreal-018-scaled.jpg","width":2560,"height":1707},{"url":"https:\/\/villarrealcf.es\/wp-content\/uploads\/2024\/05\/20240521-MuseoInmersionVillarreal-014-scaled.jpg","title":"20240521-MuseoInmersionVillarreal-014","thumbnail":"https:\/\/villarrealcf.es\/wp-content\/uploads\/2024\/05\/20240521-MuseoInmersionVillarreal-014-scaled.jpg","width":2560,"height":1707}]}],"children":[]}],"hero":{"id":"d55568c","type":"container","classes":["elementor-section","elementor-top-section","elementor-element","elementor-element-d55568c","elementor-section-boxed","elementor-section-height-default"],"title":"","text":"El Museu&Tour, ubicat en La Cer\u00e1mica, \u00e9s una experi\u00e8ncia interactiva amb sales tematitzades del submar\u00ed grocEl Villareal CF va presentar este dimarts Inmersi\u00f3n Villareal, la nova experi\u00e8ncia de Museu&Tour situada en el cor del Estadio de la Cer\u00e1mica.A continuaci\u00f3, pots gaudir d\u2019algunes de les millors fotografies d\u2019este singular museu:","headings":[],"texts":[{"type":"text","widget":"text-editor","text":"El Museu&Tour, ubicat en La Cer\u00e1mica, \u00e9s una experi\u00e8ncia interactiva amb sales tematitzades del submar\u00ed grocEl Villareal CF va presentar este dimarts Inmersi\u00f3n Villareal, la nova experi\u00e8ncia de Museu&Tour situada en el cor del Estadio de la Cer\u00e1mica.A continuaci\u00f3, pots gaudir d\u2019algunes de les millors fotografies d\u2019este singular museu:","paragraphs":["El Villareal CF va presentar este dimarts Inmersi\u00f3n Villareal, la nova experi\u00e8ncia de Museu&Tour situada en el cor del Estadio de la Cer\u00e1mica.","A continuaci\u00f3, pots gaudir d\u2019algunes de les millors fotografies d\u2019este singular museu:"]}],"buttons":[],"images":[],"widgets":["text-editor","gallery"],"blocks":[{"type":"text","widget":"text-editor","text":"El Museu&Tour, ubicat en La Cer\u00e1mica, \u00e9s una experi\u00e8ncia interactiva amb sales tematitzades del submar\u00ed grocEl Villareal CF va presentar este dimarts Inmersi\u00f3n Villareal, la nova experi\u00e8ncia de Museu&Tour situada en el cor del Estadio de la Cer\u00e1mica.A continuaci\u00f3, pots gaudir d\u2019algunes de les millors fotografies d\u2019este singular museu:","paragraphs":["El Villareal CF va presentar este dimarts Inmersi\u00f3n Villareal, la nova experi\u00e8ncia de Museu&Tour situada en el cor del Estadio de la Cer\u00e1mica.","A continuaci\u00f3, pots gaudir d\u2019algunes de les millors fotografies d\u2019este singular museu:"]},{"type":"gallery","widget":"gallery","items":[{"url":"https:\/\/villarrealcf.es\/wp-content\/uploads\/2024\/05\/20240521-MuseoInmersionVillarreal-043-scaled.jpg","title":"20240521-MuseoInmersionVillarreal-043","thumbnail":"https:\/\/villarrealcf.es\/wp-content\/uploads\/2024\/05\/20240521-MuseoInmersionVillarreal-043-scaled.jpg","width":2560,"height":1707},{"url":"https:\/\/villarrealcf.es\/wp-content\/uploads\/2024\/05\/20240521-MuseoInmersionVillarreal-041-scaled.jpg","title":"20240521-MuseoInmersionVillarreal-041","thumbnail":"https:\/\/villarrealcf.es\/wp-content\/uploads\/2024\/05\/20240521-MuseoInmersionVillarreal-041-scaled.jpg","width":2560,"height":1707},{"url":"https:\/\/villarrealcf.es\/wp-content\/uploads\/2024\/05\/20240521-MuseoInmersionVillarreal-037-scaled.jpg","title":"20240521-MuseoInmersionVillarreal-037","thumbnail":"https:\/\/villarrealcf.es\/wp-content\/uploads\/2024\/05\/20240521-MuseoInmersionVillarreal-037-scaled.jpg","width":2560,"height":1707},{"url":"https:\/\/villarrealcf.es\/wp-content\/uploads\/2024\/05\/20240521-MuseoInmersionVillarreal-029-scaled.jpg","title":"20240521-MuseoInmersionVillarreal-029","thumbnail":"https:\/\/villarrealcf.es\/wp-content\/uploads\/2024\/05\/20240521-MuseoInmersionVillarreal-029-scaled.jpg","width":2560,"height":1707},{"url":"https:\/\/villarrealcf.es\/wp-content\/uploads\/2024\/05\/20240521-MuseoInmersionVillarreal-034-scaled.jpg","title":"20240521-MuseoInmersionVillarreal-034","thumbnail":"https:\/\/villarrealcf.es\/wp-content\/uploads\/2024\/05\/20240521-MuseoInmersionVillarreal-034-scaled.jpg","width":2560,"height":1707},{"url":"https:\/\/villarrealcf.es\/wp-content\/uploads\/2024\/05\/20240521-MuseoInmersionVillarreal-021-scaled.jpg","title":"20240521-MuseoInmersionVillarreal-021","thumbnail":"https:\/\/villarrealcf.es\/wp-content\/uploads\/2024\/05\/20240521-MuseoInmersionVillarreal-021-scaled.jpg","width":2560,"height":1707},{"url":"https:\/\/villarrealcf.es\/wp-content\/uploads\/2024\/05\/20240521-MuseoInmersionVillarreal-023-scaled.jpg","title":"20240521-MuseoInmersionVillarreal-023","thumbnail":"https:\/\/villarrealcf.es\/wp-content\/uploads\/2024\/05\/20240521-MuseoInmersionVillarreal-023-scaled.jpg","width":2560,"height":1707},{"url":"https:\/\/villarrealcf.es\/wp-content\/uploads\/2024\/05\/20240521-MuseoInmersionVillarreal-019-scaled.jpg","title":"20240521-MuseoInmersionVillarreal-019","thumbnail":"https:\/\/villarrealcf.es\/wp-content\/uploads\/2024\/05\/20240521-MuseoInmersionVillarreal-019-scaled.jpg","width":2560,"height":1707},{"url":"https:\/\/villarrealcf.es\/wp-content\/uploads\/2024\/05\/20240521-MuseoInmersionVillarreal-018-scaled.jpg","title":"20240521-MuseoInmersionVillarreal-018","thumbnail":"https:\/\/villarrealcf.es\/wp-content\/uploads\/2024\/05\/20240521-MuseoInmersionVillarreal-018-scaled.jpg","width":2560,"height":1707},{"url":"https:\/\/villarrealcf.es\/wp-content\/uploads\/2024\/05\/20240521-MuseoInmersionVillarreal-014-scaled.jpg","title":"20240521-MuseoInmersionVillarreal-014","thumbnail":"https:\/\/villarrealcf.es\/wp-content\/uploads\/2024\/05\/20240521-MuseoInmersionVillarreal-014-scaled.jpg","width":2560,"height":1707}]}],"children":[]}},"sections":[{"id":"d55568c","title":"El Museu&Tour, ubicat en La Cer\u00e1mica, \u00e9s una experi\u00e8ncia interactiva amb sales tematitzades del submar\u00ed grocEl Villareal CF va presentar este dimarts Inmersi\u00f3n Villareal, la nova experi\u00e8ncia de Museu&Tour situada en el cor del Estadio de la Cer\u00e1mica.A continuaci\u00f3, pots gaudir d\u2019algunes de les millors fotografies d\u2019este singular museu:","text":"El Museu&Tour, ubicat en La Cer\u00e1mica, \u00e9s una experi\u00e8ncia interactiva amb sales tematitzades del submar\u00ed grocEl Villareal CF va presentar este dimarts Inmersi\u00f3n Villareal, la nova experi\u00e8ncia de Museu&Tour situada en el cor del Estadio de la Cer\u00e1mica.A continuaci\u00f3, pots gaudir d\u2019algunes de les millors fotografies d\u2019este singular museu:","url":"https:\/\/villarrealcf.es\/wp-content\/uploads\/2024\/05\/20240521-MuseoInmersionVillarreal-043-scaled.jpg","background_image":"","images":[],"videos":[],"links":[{"url":"https:\/\/villarrealcf.es\/wp-content\/uploads\/2024\/05\/20240521-MuseoInmersionVillarreal-043-scaled.jpg","text":"","target":""},{"url":"https:\/\/villarrealcf.es\/wp-content\/uploads\/2024\/05\/20240521-MuseoInmersionVillarreal-041-scaled.jpg","text":"","target":""},{"url":"https:\/\/villarrealcf.es\/wp-content\/uploads\/2024\/05\/20240521-MuseoInmersionVillarreal-037-scaled.jpg","text":"","target":""},{"url":"https:\/\/villarrealcf.es\/wp-content\/uploads\/2024\/05\/20240521-MuseoInmersionVillarreal-029-scaled.jpg","text":"","target":""},{"url":"https:\/\/villarrealcf.es\/wp-content\/uploads\/2024\/05\/20240521-MuseoInmersionVillarreal-034-scaled.jpg","text":"","target":""},{"url":"https:\/\/villarrealcf.es\/wp-content\/uploads\/2024\/05\/20240521-MuseoInmersionVillarreal-021-scaled.jpg","text":"","target":""},{"url":"https:\/\/villarrealcf.es\/wp-content\/uploads\/2024\/05\/20240521-MuseoInmersionVillarreal-023-scaled.jpg","text":"","target":""},{"url":"https:\/\/villarrealcf.es\/wp-content\/uploads\/2024\/05\/20240521-MuseoInmersionVillarreal-019-scaled.jpg","text":"","target":""},{"url":"https:\/\/villarrealcf.es\/wp-content\/uploads\/2024\/05\/20240521-MuseoInmersionVillarreal-018-scaled.jpg","text":"","target":""},{"url":"https:\/\/villarrealcf.es\/wp-content\/uploads\/2024\/05\/20240521-MuseoInmersionVillarreal-014-scaled.jpg","text":"","target":""}]}]},"excerpt":{"rendered":"El Museu&#038;Tour, situat en La Cer\u00e1mica, \u00e9s una experi\u00e8ncia interactiva amb sales tematitzades del submar\u00ed groc","protected":false},"author":25,"featured_media":308576,"comment_status":"closed","ping_status":"closed","sticky":false,"template":"","format":"standard","meta":{"_acf_changed":false,"footnotes":""},"categories":[13484,16370],"tags":[11429,717,9270,13409,15622,15623,15698,716,9205,9627,9203],"acf":null,"lang":"val","translations":{"es":308570,"val":308618,"en":308621},"essential_grid":{"has_grid":false},"formatted_date":"May 22, 2024","modified_date":"May 22, 2024","permalink":"https:\/\/villarrealcf.es\/val\/descobrix-el-nou-espai-inmersion-villareal\/","reading_time":1,"featured_media_data":{"id":308576,"title":"museoinmersionvillarreal","caption":"","alt_text":"","description":"","mime_type":"image\/jpeg","source_url":"https:\/\/villarrealcf.es\/wp-content\/uploads\/2024\/05\/museoinmersionvillarreal.jpg","sizes":{"thumbnail":{"url":"https:\/\/villarrealcf.es\/wp-content\/uploads\/2024\/05\/museoinmersionvillarreal.jpg","width":1920,"height":1080},"medium":{"url":"https:\/\/villarrealcf.es\/wp-content\/uploads\/2024\/05\/museoinmersionvillarreal.jpg","width":1920,"height":1080},"medium_large":{"url":"https:\/\/villarrealcf.es\/wp-content\/uploads\/2024\/05\/museoinmersionvillarreal-768x432.jpg","width":768,"height":432},"large":{"url":"https:\/\/villarrealcf.es\/wp-content\/uploads\/2024\/05\/museoinmersionvillarreal.jpg","width":788,"height":443},"1536x1536":{"url":"https:\/\/villarrealcf.es\/wp-content\/uploads\/2024\/05\/museoinmersionvillarreal-1536x864.jpg","width":1536,"height":864},"2048x2048":{"url":"https:\/\/villarrealcf.es\/wp-content\/uploads\/2024\/05\/museoinmersionvillarreal.jpg","width":1920,"height":1080},"tp-image-grid":{"url":"https:\/\/villarrealcf.es\/wp-content\/uploads\/2024\/05\/museoinmersionvillarreal-700x700.jpg","width":700,"height":700},"size-bunyad-medium":{"url":"https:\/\/villarrealcf.es\/wp-content\/uploads\/2024\/05\/museoinmersionvillarreal.jpg","width":1920,"height":1080},"sportspress-crop-medium":{"url":"https:\/\/villarrealcf.es\/wp-content\/uploads\/2024\/05\/museoinmersionvillarreal-300x300.jpg","width":300,"height":300},"sportspress-fit-medium":{"url":"https:\/\/villarrealcf.es\/wp-content\/uploads\/2024\/05\/museoinmersionvillarreal-300x169.jpg","width":300,"height":169},"sportspress-fit-icon":{"url":"https:\/\/villarrealcf.es\/wp-content\/uploads\/2024\/05\/museoinmersionvillarreal-128x72.jpg","width":128,"height":72},"sportspress-fit-mini":{"url":"https:\/\/villarrealcf.es\/wp-content\/uploads\/2024\/05\/museoinmersionvillarreal-32x18.jpg","width":32,"height":18},"bunyad-small":{"url":"https:\/\/villarrealcf.es\/wp-content\/uploads\/2024\/05\/museoinmersionvillarreal-150x84.jpg","width":150,"height":84},"bunyad-medium":{"url":"https:\/\/villarrealcf.es\/wp-content\/uploads\/2024\/05\/museoinmersionvillarreal-450x253.jpg","width":450,"height":253},"bunyad-full":{"url":"https:\/\/villarrealcf.es\/wp-content\/uploads\/2024\/05\/museoinmersionvillarreal-1200x675.jpg","width":1200,"height":675},"bunyad-viewport":{"url":"https:\/\/villarrealcf.es\/wp-content\/uploads\/2024\/05\/museoinmersionvillarreal.jpg","width":1920,"height":1080},"bunyad-768":{"url":"https:\/\/villarrealcf.es\/wp-content\/uploads\/2024\/05\/museoinmersionvillarreal-768x432.jpg","width":768,"height":432},"full":{"url":"https:\/\/villarrealcf.es\/wp-content\/uploads\/2024\/05\/museoinmersionvillarreal.jpg","width":1920,"height":1080}}},"author_data":{"id":"25","name":"Javier Ayuso","first_name":"Javier","last_name":"Ayuso","description":"","avatar_url":"https:\/\/secure.gravatar.com\/avatar\/fcf8894be45988fcce5bbff0efe1790d2a7f4ba57e2c7c898f5068154e696495?s=96&d=mm&r=g","acf":null},"taxonomies_data":{"category":[{"id":13484,"name":"Club","slug":"club","acf":null},{"id":16370,"name":"Estadio de la Cer\u00e1mica","slug":"estadio-de-la-ceramica-val","acf":null}],"post_tag":[{"id":11429,"name":"Estadio de la Cer\u00e1mica","slug":"estadio-de-la-ceramica-val","acf":null},{"id":717,"name":"Football","slug":"football-d34","acf":null},{"id":9270,"name":"Futbol","slug":"futbol-val","acf":null},{"id":13409,"name":"Galer\u00eda Club","slug":"galeria-club-val","acf":null},{"id":15622,"name":"Inmersi\u00f3n Villarreal","slug":"inmersion-villarreal-val","acf":null},{"id":15623,"name":"Museo","slug":"museo-val","acf":null},{"id":15698,"name":"Museo&amp;Tour","slug":"museotour-val","acf":null},{"id":716,"name":"Soccer","slug":"soccer-d105","acf":null},{"id":9205,"name":"Submarino","slug":"submarino-val","acf":null},{"id":9627,"name":"Submarino Amarillo","slug":"submarino-amarillo-val","acf":null},{"id":9203,"name":"Villarreal CF","slug":"villarreal-cf-val","acf":null}],"translation_priority":[{"id":735,"name":"Optional","slug":"optional-val","acf":null}]},"seo_full":{"native":{"title":"Descobrix el nou espai Inmersi\u00f3n Villareal - Web Oficial del Villarreal CF","description":"El Museu&Tour, situat en La Cer\u00e1mica, \u00e9s una experi\u00e8ncia interactiva amb sales tematitzades del submar\u00ed groc","canonical":"https:\/\/villarrealcf.es\/val\/descobrix-el-nou-espai-inmersion-villareal\/"}},"_links":{"self":[{"href":"https:\/\/villarrealcf.es\/val\/wp-json\/wp\/v2\/posts\/308618","targetHints":{"allow":["GET"]}}],"collection":[{"href":"https:\/\/villarrealcf.es\/val\/wp-json\/wp\/v2\/posts"}],"about":[{"href":"https:\/\/villarrealcf.es\/val\/wp-json\/wp\/v2\/types\/post"}],"author":[{"embeddable":true,"href":"https:\/\/villarrealcf.es\/val\/wp-json\/wp\/v2\/users\/25"}],"replies":[{"embeddable":true,"href":"https:\/\/villarrealcf.es\/val\/wp-json\/wp\/v2\/comments?post=308618"}],"version-history":[{"count":0,"href":"https:\/\/villarrealcf.es\/val\/wp-json\/wp\/v2\/posts\/308618\/revisions"}],"wp:featuredmedia":[{"embeddable":true,"href":"https:\/\/villarrealcf.es\/val\/wp-json\/wp\/v2\/media\/308576"}],"wp:attachment":[{"href":"https:\/\/villarrealcf.es\/val\/wp-json\/wp\/v2\/media?parent=308618"}],"wp:term":[{"taxonomy":"category","embeddable":true,"href":"https:\/\/villarrealcf.es\/val\/wp-json\/wp\/v2\/categories?post=308618"},{"taxonomy":"post_tag","embeddable":true,"href":"https:\/\/villarrealcf.es\/val\/wp-json\/wp\/v2\/tags?post=308618"}],"curies":[{"name":"wp","href":"https:\/\/api.w.org\/{rel}","templated":true}]}}